{"id":7860,"date":"2017-12-20T22:33:08","date_gmt":"2017-12-20T21:33:08","guid":{"rendered":"https:\/\/valenciasjb.salesianos.edu\/colegio\/?p=7860"},"modified":"2017-12-20T22:33:08","modified_gmt":"2017-12-20T21:33:08","slug":"el-belen-del-colegio-obtiene-el-primer-premio-del-arzobispado-de-valencia","status":"publish","type":"post","link":"https:\/\/valenciasjb.salesianos.edu\/colegio\/el-belen-del-colegio-obtiene-el-primer-premio-del-arzobispado-de-valencia\/","title":{"rendered":"El Bel\u00e9n del colegio obtiene el primer premio del Arzobispado de Valencia"},"content":{"rendered":"<div id=\"fb-root\"><\/div>\n<p>[et_pb_section bb_built=\u00bb1&#8243; admin_label=\u00bbsection\u00bb][et_pb_row admin_label=\u00bbrow\u00bb background_position=\u00bbtop_left\u00bb background_repeat=\u00bbrepeat\u00bb background_size=\u00bbinitial\u00bb][et_pb_column type=\u00bb4_4&#8243;][et_pb_text admin_label=\u00bbEntradilla (Texto)\u00bb _builder_version=\u00bb3.0.92&#8243; background_layout=\u00bblight\u00bb text_orientation=\u00bbjustified\u00bb text_font=\u00bb|on|||\u00bb module_alignment=\u00bbleft\u00bb]<\/p>\n<div id=\"resumen\"><strong>El mi\u00e9rcoles 20 de diciembre, por la ma\u00f1ana, el colegio recogi\u00f3 el primer premio concedido por el Arzobispado de Valencia al Bel\u00e9n del colegio, con una amplia representaci\u00f3n de alumnas que han colaborado en su elaboraci\u00f3n y tambi\u00e9n del director del colegio y de Fernando Urios, coordinador de este maravilloso proyecto que ha acercado a todos a la Navidad.<\/strong><\/div>\n<p>[\/et_pb_text][et_pb_text admin_label=\u00bbAutor (Texto)\u00bb _builder_version=\u00bb3.0.92&#8243; background_layout=\u00bblight\u00bb text_font=\u00bb||on||\u00bb]<\/p>\n<p>Redacci\u00f3n.<\/p>\n<p>[\/et_pb_text][et_pb_text admin_label=\u00bbDesarrollo (Texto)\u00bb _builder_version=\u00bb3.0.92&#8243; background_layout=\u00bblight\u00bb text_orientation=\u00bbjustified\u00bb module_alignment=\u00bbleft\u00bb]<\/p>\n<p><img loading=\"lazy\" decoding=\"async\" class=\"alignnone  wp-image-7861\" src=\"https:\/\/valenciasjb.salesianos.edu\/colegio\/wp-content\/uploads\/sites\/2\/2017\/12\/25446072_1639499379406594_5032640340721241484_n-300x169.jpg\" alt=\"\" width=\"751\" height=\"423\" srcset=\"https:\/\/valenciasjb.salesianos.edu\/colegio\/wp-content\/uploads\/sites\/2\/2017\/12\/25446072_1639499379406594_5032640340721241484_n-300x169.jpg 300w, https:\/\/valenciasjb.salesianos.edu\/colegio\/wp-content\/uploads\/sites\/2\/2017\/12\/25446072_1639499379406594_5032640340721241484_n-768x432.jpg 768w, https:\/\/valenciasjb.salesianos.edu\/colegio\/wp-content\/uploads\/sites\/2\/2017\/12\/25446072_1639499379406594_5032640340721241484_n.jpg 960w\" sizes=\"(max-width: 751px) 100vw, 751px\" \/><\/p>\n<p>En la Sala 80 se puede visitar el Bel\u00e9n todos los d\u00edas, desde las ocho de la ma\u00f1ana hasta las ocho de la tarde. Un magn\u00edfico Bel\u00e9n que con gran maestr\u00eda han montado miembros de esta comunidad educativa: madres, padres, alumnos y alumnas de 1\u00ba y 2\u00ba de ESO, antiguos alumnos, PAS, personal de mantenimiento y del Boscohuerto, capitaneados por Fernando Urios, artista de cabecera del colegio.<\/p>\n<p>El Bel\u00e9n consta de 8 metros cuadrados,\u00a05 bombas de agua,\u00a0200 metros de cable de luz,\u00a02000 vatios de luz,\u00a06 escenas principales y 8 de ambiente entre las cuales destacan los oficios con telares, alfarer\u00eda, mercado, tiendas, etc., un lago con agua real y\u00a08 plantas naturales con la participaci\u00f3n del Boscohuerto.<\/p>\n<p>A todos los implicados en la elaboraci\u00f3n del Bel\u00e9n, el colegio agradece profundamente el esfuerzo y todas las horas que han dedicado a la construcci\u00f3n de este magn\u00edfico \u201cnacimiento\u201d. Adem\u00e1s, invita a toda la comunidad educativa a visitarlo y disfrutar de este precioso Bel\u00e9n.<\/p>\n<p>[\/et_pb_text][et_pb_text admin_label=\u00bbT\u00edtulo: Galer\u00eda de fotos (Texto)\u00bb _builder_version=\u00bb3.0.76&#8243; background_layout=\u00bblight\u00bb text_font=\u00bb|on|||\u00bb text_text_color=\u00bb#dc001b\u00bb border_style=\u00bbsolid\u00bb disabled=\u00bboff\u00bb disabled_on=\u00bboff|on|on\u00bb]<\/p>\n<p>Galer\u00eda de im\u00e1genes<\/p>\n<p>[\/et_pb_text][et_pb_gallery _builder_version=\u00bb3.0.92&#8243; posts_number=\u00bb8&#8243; show_title_and_caption=\u00bboff\u00bb show_pagination=\u00bbon\u00bb fullwidth=\u00bboff\u00bb orientation=\u00bblandscape\u00bb zoom_icon_color=\u00bb#dc001b\u00bb hover_overlay_color=\u00bbrgba(255,255,255,0.9)\u00bb hover_icon=\u00bb%%51%%\u00bb background_layout=\u00bblight\u00bb disabled=\u00bboff\u00bb disabled_on=\u00bboff|off|off\u00bb gallery_ids=\u00bb7861,7862,6456,6455,6434,6443&#8243; pagination_font_size_tablet=\u00bb51&#8243; pagination_line_height_tablet=\u00bb2&#8243; \/][et_pb_video _builder_version=\u00bb3.0.51&#8243; disabled=\u00bbon\u00bb disabled_on=\u00bbon|on|on\u00bb \/][\/et_pb_column][\/et_pb_row][\/et_pb_section]<\/p>\n<!-- AddThis Advanced Settings generic via filter on the_content --><!-- AddThis Share Buttons generic via filter on the_content -->","protected":false},"excerpt":{"rendered":"<p>El mi\u00e9rcoles 20 de diciembre, por la ma\u00f1ana, el colegio recogi\u00f3 el primer premio concedido por el Arzobispado de Valencia al Bel\u00e9n del colegio, con una amplia representaci\u00f3n de alumnas que han colaborado en su elaboraci\u00f3n y tambi\u00e9n del director del colegio y de Fernando Urios, coordinador de este maravilloso proyecto que ha acercado a [&hellip;]<\/p>\n<p><!-- AddThis Advanced Settings generic via filter on get_the_excerpt --><!-- AddThis Share Buttons generic via filter on get_the_excerpt --><\/p>\n","protected":false},"author":6,"featured_media":7861,"comment_status":"closed","ping_status":"open","sticky":false,"template":"","format":"standard","meta":{"_et_pb_use_builder":"on","_et_pb_old_content":"","_et_gb_content_width":"","footnotes":""},"categories":[14],"tags":[],"class_list":["post-7860","post","type-post","status-publish","format-standard","has-post-thumbnail","hentry","category-noticia_colegio"],"yoast_head":"<!-- This site is optimized with the Yoast SEO plugin v28.4 - https:\/\/yoast.com\/product\/yoast-seo-wordpress\/ -->\n<title>El Bel\u00e9n del colegio obtiene el primer premio del Arzobispado de Valencia - Colegio San Juan Bosco Valencia<\/title>\n<meta name=\"robots\" content=\"index, follow, max-snippet:-1, max-image-preview:large, max-video-preview:-1\" \/>\n<link rel=\"canonical\" href=\"https:\/\/valenciasjb.salesianos.edu\/colegio\/el-belen-del-colegio-obtiene-el-primer-premio-del-arzobispado-de-valencia\/\" \/>\n<meta property=\"og:locale\" content=\"es_ES\" \/>\n<meta property=\"og:type\" content=\"article\" \/>\n<meta property=\"og:title\" content=\"El Bel\u00e9n del colegio obtiene el primer premio del Arzobispado de Valencia - Colegio San Juan Bosco Valencia\" \/>\n<meta property=\"og:description\" content=\"El mi\u00e9rcoles 20 de diciembre, por la ma\u00f1ana, el colegio recogi\u00f3 el primer premio concedido por el Arzobispado de Valencia al Bel\u00e9n del colegio, con una amplia representaci\u00f3n de alumnas que han colaborado en su elaboraci\u00f3n y tambi\u00e9n del director del colegio y de Fernando Urios, coordinador de este maravilloso proyecto que ha acercado a [&hellip;]\" \/>\n<meta property=\"og:url\" content=\"https:\/\/valenciasjb.salesianos.edu\/colegio\/el-belen-del-colegio-obtiene-el-primer-premio-del-arzobispado-de-valencia\/\" \/>\n<meta property=\"og:site_name\" content=\"Colegio San Juan Bosco Valencia\" \/>\n<meta property=\"article:publisher\" content=\"https:\/\/www.facebook.com\/ColegioSalesianoSanJuanBoscoValencia\" \/>\n<meta property=\"article:published_time\" content=\"2017-12-20T21:33:08+00:00\" \/>\n<meta property=\"og:image\" content=\"https:\/\/valenciasjb.salesianos.edu\/colegio\/wp-content\/uploads\/sites\/2\/2017\/12\/25446072_1639499379406594_5032640340721241484_n.jpg\" \/>\n\t<meta property=\"og:image:width\" content=\"960\" \/>\n\t<meta property=\"og:image:height\" content=\"540\" \/>\n\t<meta property=\"og:image:type\" content=\"image\/jpeg\" \/>\n<meta name=\"author\" content=\"veronicapastor\" \/>\n<meta name=\"twitter:card\" content=\"summary_large_image\" \/>\n<meta name=\"twitter:creator\" content=\"@SalesianosVSJB\" \/>\n<meta name=\"twitter:site\" content=\"@SalesianosVSJB\" \/>\n<meta name=\"twitter:label1\" content=\"Escrito por\" \/>\n\t<meta name=\"twitter:data1\" content=\"veronicapastor\" \/>\n\t<meta name=\"twitter:label2\" content=\"Tiempo de lectura\" \/>\n\t<meta name=\"twitter:data2\" content=\"2 minutos\" \/>\n<script type=\"application\/ld+json\" class=\"yoast-schema-graph\">{\"@context\":\"https:\\\/\\\/schema.org\",\"@graph\":[{\"@type\":\"Article\",\"@id\":\"https:\\\/\\\/valenciasjb.salesianos.edu\\\/colegio\\\/el-belen-del-colegio-obtiene-el-primer-premio-del-arzobispado-de-valencia\\\/#article\",\"isPartOf\":{\"@id\":\"https:\\\/\\\/valenciasjb.salesianos.edu\\\/colegio\\\/el-belen-del-colegio-obtiene-el-primer-premio-del-arzobispado-de-valencia\\\/\"},\"author\":{\"name\":\"veronicapastor\",\"@id\":\"https:\\\/\\\/valenciasjb.salesianos.edu\\\/colegio\\\/#\\\/schema\\\/person\\\/1f45b67e52b27da175190a574db6bed9\"},\"headline\":\"El Bel\u00e9n del colegio obtiene el primer premio del Arzobispado de Valencia\",\"datePublished\":\"2017-12-20T21:33:08+00:00\",\"mainEntityOfPage\":{\"@id\":\"https:\\\/\\\/valenciasjb.salesianos.edu\\\/colegio\\\/el-belen-del-colegio-obtiene-el-primer-premio-del-arzobispado-de-valencia\\\/\"},\"wordCount\":454,\"image\":{\"@id\":\"https:\\\/\\\/valenciasjb.salesianos.edu\\\/colegio\\\/el-belen-del-colegio-obtiene-el-primer-premio-del-arzobispado-de-valencia\\\/#primaryimage\"},\"thumbnailUrl\":\"https:\\\/\\\/valenciasjb.salesianos.edu\\\/colegio\\\/wp-content\\\/uploads\\\/sites\\\/2\\\/2017\\\/12\\\/25446072_1639499379406594_5032640340721241484_n.jpg\",\"articleSection\":[\"Noticia Colegio\"],\"inLanguage\":\"es\"},{\"@type\":\"WebPage\",\"@id\":\"https:\\\/\\\/valenciasjb.salesianos.edu\\\/colegio\\\/el-belen-del-colegio-obtiene-el-primer-premio-del-arzobispado-de-valencia\\\/\",\"url\":\"https:\\\/\\\/valenciasjb.salesianos.edu\\\/colegio\\\/el-belen-del-colegio-obtiene-el-primer-premio-del-arzobispado-de-valencia\\\/\",\"name\":\"El Bel\u00e9n del colegio obtiene el primer premio del Arzobispado de Valencia - Colegio San Juan Bosco Valencia\",\"isPartOf\":{\"@id\":\"https:\\\/\\\/valenciasjb.salesianos.edu\\\/colegio\\\/#website\"},\"primaryImageOfPage\":{\"@id\":\"https:\\\/\\\/valenciasjb.salesianos.edu\\\/colegio\\\/el-belen-del-colegio-obtiene-el-primer-premio-del-arzobispado-de-valencia\\\/#primaryimage\"},\"image\":{\"@id\":\"https:\\\/\\\/valenciasjb.salesianos.edu\\\/colegio\\\/el-belen-del-colegio-obtiene-el-primer-premio-del-arzobispado-de-valencia\\\/#primaryimage\"},\"thumbnailUrl\":\"https:\\\/\\\/valenciasjb.salesianos.edu\\\/colegio\\\/wp-content\\\/uploads\\\/sites\\\/2\\\/2017\\\/12\\\/25446072_1639499379406594_5032640340721241484_n.jpg\",\"datePublished\":\"2017-12-20T21:33:08+00:00\",\"author\":{\"@id\":\"https:\\\/\\\/valenciasjb.salesianos.edu\\\/colegio\\\/#\\\/schema\\\/person\\\/1f45b67e52b27da175190a574db6bed9\"},\"breadcrumb\":{\"@id\":\"https:\\\/\\\/valenciasjb.salesianos.edu\\\/colegio\\\/el-belen-del-colegio-obtiene-el-primer-premio-del-arzobispado-de-valencia\\\/#breadcrumb\"},\"inLanguage\":\"es\",\"potentialAction\":[{\"@type\":\"ReadAction\",\"target\":[\"https:\\\/\\\/valenciasjb.salesianos.edu\\\/colegio\\\/el-belen-del-colegio-obtiene-el-primer-premio-del-arzobispado-de-valencia\\\/\"]}]},{\"@type\":\"ImageObject\",\"inLanguage\":\"es\",\"@id\":\"https:\\\/\\\/valenciasjb.salesianos.edu\\\/colegio\\\/el-belen-del-colegio-obtiene-el-primer-premio-del-arzobispado-de-valencia\\\/#primaryimage\",\"url\":\"https:\\\/\\\/valenciasjb.salesianos.edu\\\/colegio\\\/wp-content\\\/uploads\\\/sites\\\/2\\\/2017\\\/12\\\/25446072_1639499379406594_5032640340721241484_n.jpg\",\"contentUrl\":\"https:\\\/\\\/valenciasjb.salesianos.edu\\\/colegio\\\/wp-content\\\/uploads\\\/sites\\\/2\\\/2017\\\/12\\\/25446072_1639499379406594_5032640340721241484_n.jpg\",\"width\":960,\"height\":540},{\"@type\":\"BreadcrumbList\",\"@id\":\"https:\\\/\\\/valenciasjb.salesianos.edu\\\/colegio\\\/el-belen-del-colegio-obtiene-el-primer-premio-del-arzobispado-de-valencia\\\/#breadcrumb\",\"itemListElement\":[{\"@type\":\"ListItem\",\"position\":1,\"name\":\"Portada\",\"item\":\"https:\\\/\\\/valenciasjb.salesianos.edu\\\/colegio\\\/\"},{\"@type\":\"ListItem\",\"position\":2,\"name\":\"El Bel\u00e9n del colegio obtiene el primer premio del Arzobispado de Valencia\"}]},{\"@type\":\"WebSite\",\"@id\":\"https:\\\/\\\/valenciasjb.salesianos.edu\\\/colegio\\\/#website\",\"url\":\"https:\\\/\\\/valenciasjb.salesianos.edu\\\/colegio\\\/\",\"name\":\"Colegio San Juan Bosco Valencia\",\"description\":\"P\u00e1gina oficial del Colegio Salesianos San Juan Bosco Valencia\",\"alternateName\":\"Salesianos.VSJB\",\"potentialAction\":[{\"@type\":\"SearchAction\",\"target\":{\"@type\":\"EntryPoint\",\"urlTemplate\":\"https:\\\/\\\/valenciasjb.salesianos.edu\\\/colegio\\\/?s={search_term_string}\"},\"query-input\":{\"@type\":\"PropertyValueSpecification\",\"valueRequired\":true,\"valueName\":\"search_term_string\"}}],\"inLanguage\":\"es\"},{\"@type\":\"Person\",\"@id\":\"https:\\\/\\\/valenciasjb.salesianos.edu\\\/colegio\\\/#\\\/schema\\\/person\\\/1f45b67e52b27da175190a574db6bed9\",\"name\":\"veronicapastor\",\"image\":{\"@type\":\"ImageObject\",\"inLanguage\":\"es\",\"@id\":\"https:\\\/\\\/secure.gravatar.com\\\/avatar\\\/e29bd40bace3fd935e1d6fdb7313ffc14628cc037c5e16f4c7369b20a2a6f7f0?s=96&d=mm&r=g\",\"url\":\"https:\\\/\\\/secure.gravatar.com\\\/avatar\\\/e29bd40bace3fd935e1d6fdb7313ffc14628cc037c5e16f4c7369b20a2a6f7f0?s=96&d=mm&r=g\",\"contentUrl\":\"https:\\\/\\\/secure.gravatar.com\\\/avatar\\\/e29bd40bace3fd935e1d6fdb7313ffc14628cc037c5e16f4c7369b20a2a6f7f0?s=96&d=mm&r=g\",\"caption\":\"veronicapastor\"}}]}<\/script>\n<!-- \/ Yoast SEO plugin. -->","yoast_head_json":{"title":"El Bel\u00e9n del colegio obtiene el primer premio del Arzobispado de Valencia - Colegio San Juan Bosco Valencia","robots":{"index":"index","follow":"follow","max-snippet":"max-snippet:-1","max-image-preview":"max-image-preview:large","max-video-preview":"max-video-preview:-1"},"canonical":"https:\/\/valenciasjb.salesianos.edu\/colegio\/el-belen-del-colegio-obtiene-el-primer-premio-del-arzobispado-de-valencia\/","og_locale":"es_ES","og_type":"article","og_title":"El Bel\u00e9n del colegio obtiene el primer premio del Arzobispado de Valencia - Colegio San Juan Bosco Valencia","og_description":"El mi\u00e9rcoles 20 de diciembre, por la ma\u00f1ana, el colegio recogi\u00f3 el primer premio concedido por el Arzobispado de Valencia al Bel\u00e9n del colegio, con una amplia representaci\u00f3n de alumnas que han colaborado en su elaboraci\u00f3n y tambi\u00e9n del director del colegio y de Fernando Urios, coordinador de este maravilloso proyecto que ha acercado a [&hellip;]","og_url":"https:\/\/valenciasjb.salesianos.edu\/colegio\/el-belen-del-colegio-obtiene-el-primer-premio-del-arzobispado-de-valencia\/","og_site_name":"Colegio San Juan Bosco Valencia","article_publisher":"https:\/\/www.facebook.com\/ColegioSalesianoSanJuanBoscoValencia","article_published_time":"2017-12-20T21:33:08+00:00","og_image":[{"width":960,"height":540,"url":"https:\/\/valenciasjb.salesianos.edu\/colegio\/wp-content\/uploads\/sites\/2\/2017\/12\/25446072_1639499379406594_5032640340721241484_n.jpg","type":"image\/jpeg"}],"author":"veronicapastor","twitter_card":"summary_large_image","twitter_creator":"@SalesianosVSJB","twitter_site":"@SalesianosVSJB","twitter_misc":{"Escrito por":"veronicapastor","Tiempo de lectura":"2 minutos"},"schema":{"@context":"https:\/\/schema.org","@graph":[{"@type":"Article","@id":"https:\/\/valenciasjb.salesianos.edu\/colegio\/el-belen-del-colegio-obtiene-el-primer-premio-del-arzobispado-de-valencia\/#article","isPartOf":{"@id":"https:\/\/valenciasjb.salesianos.edu\/colegio\/el-belen-del-colegio-obtiene-el-primer-premio-del-arzobispado-de-valencia\/"},"author":{"name":"veronicapastor","@id":"https:\/\/valenciasjb.salesianos.edu\/colegio\/#\/schema\/person\/1f45b67e52b27da175190a574db6bed9"},"headline":"El Bel\u00e9n del colegio obtiene el primer premio del Arzobispado de Valencia","datePublished":"2017-12-20T21:33:08+00:00","mainEntityOfPage":{"@id":"https:\/\/valenciasjb.salesianos.edu\/colegio\/el-belen-del-colegio-obtiene-el-primer-premio-del-arzobispado-de-valencia\/"},"wordCount":454,"image":{"@id":"https:\/\/valenciasjb.salesianos.edu\/colegio\/el-belen-del-colegio-obtiene-el-primer-premio-del-arzobispado-de-valencia\/#primaryimage"},"thumbnailUrl":"https:\/\/valenciasjb.salesianos.edu\/colegio\/wp-content\/uploads\/sites\/2\/2017\/12\/25446072_1639499379406594_5032640340721241484_n.jpg","articleSection":["Noticia Colegio"],"inLanguage":"es"},{"@type":"WebPage","@id":"https:\/\/valenciasjb.salesianos.edu\/colegio\/el-belen-del-colegio-obtiene-el-primer-premio-del-arzobispado-de-valencia\/","url":"https:\/\/valenciasjb.salesianos.edu\/colegio\/el-belen-del-colegio-obtiene-el-primer-premio-del-arzobispado-de-valencia\/","name":"El Bel\u00e9n del colegio obtiene el primer premio del Arzobispado de Valencia - Colegio San Juan Bosco Valencia","isPartOf":{"@id":"https:\/\/valenciasjb.salesianos.edu\/colegio\/#website"},"primaryImageOfPage":{"@id":"https:\/\/valenciasjb.salesianos.edu\/colegio\/el-belen-del-colegio-obtiene-el-primer-premio-del-arzobispado-de-valencia\/#primaryimage"},"image":{"@id":"https:\/\/valenciasjb.salesianos.edu\/colegio\/el-belen-del-colegio-obtiene-el-primer-premio-del-arzobispado-de-valencia\/#primaryimage"},"thumbnailUrl":"https:\/\/valenciasjb.salesianos.edu\/colegio\/wp-content\/uploads\/sites\/2\/2017\/12\/25446072_1639499379406594_5032640340721241484_n.jpg","datePublished":"2017-12-20T21:33:08+00:00","author":{"@id":"https:\/\/valenciasjb.salesianos.edu\/colegio\/#\/schema\/person\/1f45b67e52b27da175190a574db6bed9"},"breadcrumb":{"@id":"https:\/\/valenciasjb.salesianos.edu\/colegio\/el-belen-del-colegio-obtiene-el-primer-premio-del-arzobispado-de-valencia\/#breadcrumb"},"inLanguage":"es","potentialAction":[{"@type":"ReadAction","target":["https:\/\/valenciasjb.salesianos.edu\/colegio\/el-belen-del-colegio-obtiene-el-primer-premio-del-arzobispado-de-valencia\/"]}]},{"@type":"ImageObject","inLanguage":"es","@id":"https:\/\/valenciasjb.salesianos.edu\/colegio\/el-belen-del-colegio-obtiene-el-primer-premio-del-arzobispado-de-valencia\/#primaryimage","url":"https:\/\/valenciasjb.salesianos.edu\/colegio\/wp-content\/uploads\/sites\/2\/2017\/12\/25446072_1639499379406594_5032640340721241484_n.jpg","contentUrl":"https:\/\/valenciasjb.salesianos.edu\/colegio\/wp-content\/uploads\/sites\/2\/2017\/12\/25446072_1639499379406594_5032640340721241484_n.jpg","width":960,"height":540},{"@type":"BreadcrumbList","@id":"https:\/\/valenciasjb.salesianos.edu\/colegio\/el-belen-del-colegio-obtiene-el-primer-premio-del-arzobispado-de-valencia\/#breadcrumb","itemListElement":[{"@type":"ListItem","position":1,"name":"Portada","item":"https:\/\/valenciasjb.salesianos.edu\/colegio\/"},{"@type":"ListItem","position":2,"name":"El Bel\u00e9n del colegio obtiene el primer premio del Arzobispado de Valencia"}]},{"@type":"WebSite","@id":"https:\/\/valenciasjb.salesianos.edu\/colegio\/#website","url":"https:\/\/valenciasjb.salesianos.edu\/colegio\/","name":"Colegio San Juan Bosco Valencia","description":"P\u00e1gina oficial del Colegio Salesianos San Juan Bosco Valencia","alternateName":"Salesianos.VSJB","potentialAction":[{"@type":"SearchAction","target":{"@type":"EntryPoint","urlTemplate":"https:\/\/valenciasjb.salesianos.edu\/colegio\/?s={search_term_string}"},"query-input":{"@type":"PropertyValueSpecification","valueRequired":true,"valueName":"search_term_string"}}],"inLanguage":"es"},{"@type":"Person","@id":"https:\/\/valenciasjb.salesianos.edu\/colegio\/#\/schema\/person\/1f45b67e52b27da175190a574db6bed9","name":"veronicapastor","image":{"@type":"ImageObject","inLanguage":"es","@id":"https:\/\/secure.gravatar.com\/avatar\/e29bd40bace3fd935e1d6fdb7313ffc14628cc037c5e16f4c7369b20a2a6f7f0?s=96&d=mm&r=g","url":"https:\/\/secure.gravatar.com\/avatar\/e29bd40bace3fd935e1d6fdb7313ffc14628cc037c5e16f4c7369b20a2a6f7f0?s=96&d=mm&r=g","contentUrl":"https:\/\/secure.gravatar.com\/avatar\/e29bd40bace3fd935e1d6fdb7313ffc14628cc037c5e16f4c7369b20a2a6f7f0?s=96&d=mm&r=g","caption":"veronicapastor"}}]}},"_links":{"self":[{"href":"https:\/\/valenciasjb.salesianos.edu\/colegio\/wp-json\/wp\/v2\/posts\/7860","targetHints":{"allow":["GET"]}}],"collection":[{"href":"https:\/\/valenciasjb.salesianos.edu\/colegio\/wp-json\/wp\/v2\/posts"}],"about":[{"href":"https:\/\/valenciasjb.salesianos.edu\/colegio\/wp-json\/wp\/v2\/types\/post"}],"author":[{"embeddable":true,"href":"https:\/\/valenciasjb.salesianos.edu\/colegio\/wp-json\/wp\/v2\/users\/6"}],"replies":[{"embeddable":true,"href":"https:\/\/valenciasjb.salesianos.edu\/colegio\/wp-json\/wp\/v2\/comments?post=7860"}],"version-history":[{"count":1,"href":"https:\/\/valenciasjb.salesianos.edu\/colegio\/wp-json\/wp\/v2\/posts\/7860\/revisions"}],"predecessor-version":[{"id":7863,"href":"https:\/\/valenciasjb.salesianos.edu\/colegio\/wp-json\/wp\/v2\/posts\/7860\/revisions\/7863"}],"wp:featuredmedia":[{"embeddable":true,"href":"https:\/\/valenciasjb.salesianos.edu\/colegio\/wp-json\/wp\/v2\/media\/7861"}],"wp:attachment":[{"href":"https:\/\/valenciasjb.salesianos.edu\/colegio\/wp-json\/wp\/v2\/media?parent=7860"}],"wp:term":[{"taxonomy":"category","embeddable":true,"href":"https:\/\/valenciasjb.salesianos.edu\/colegio\/wp-json\/wp\/v2\/categories?post=7860"},{"taxonomy":"post_tag","embeddable":true,"href":"https:\/\/valenciasjb.salesianos.edu\/colegio\/wp-json\/wp\/v2\/tags?post=7860"}],"curies":[{"name":"wp","href":"https:\/\/api.w.org\/{rel}","templated":true}]}}