{"id":7965,"date":"2017-12-28T12:09:33","date_gmt":"2017-12-28T11:09:33","guid":{"rendered":"https:\/\/valenciasjb.salesianos.edu\/colegio\/?p=7965"},"modified":"2017-12-28T13:10:13","modified_gmt":"2017-12-28T12:10:13","slug":"conferencia-ampas-conecta-tu-talento-14-febrero","status":"publish","type":"post","link":"https:\/\/valenciasjb.salesianos.edu\/colegio\/conferencia-ampas-conecta-tu-talento-14-febrero\/","title":{"rendered":"CONFERENCIA AMPAS \u00abConecta tu talento\u00bb 14 FEBRERO"},"content":{"rendered":"<div id=\"fb-root\"><\/div>\n<p>[et_pb_section bb_built=\u00bb1&#8243; admin_label=\u00bbsection\u00bb][et_pb_row admin_label=\u00bbrow\u00bb background_position=\u00bbtop_left\u00bb background_repeat=\u00bbrepeat\u00bb background_size=\u00bbinitial\u00bb][et_pb_column type=\u00bb2_3&#8243;][et_pb_text admin_label=\u00bbEntradilla (Texto)\u00bb _builder_version=\u00bb3.0.92&#8243; background_layout=\u00bblight\u00bb text_orientation=\u00bbjustified\u00bb text_font=\u00bb|on|||\u00bb]<\/p>\n<div id=\"resumen\"><b>Organizada por AMPAS, el 14 de Febrero a las 17.30 horas tendremos una interesant\u00edsima conferencia por parte de D. Antonio \u00c1ngel P\u00e9rez Ballester con el t\u00edtulo \u00abConecta tu talento\u00bb. El autor de \u00abEncender las estrellas\u00bb y ex directivo de grandes empresas, nos guiar\u00e1 en el descubrimiento de los talentos innatos de nuestros hijos y alumnos. Una magn\u00edfica oportunidad para conocer una metodolog\u00eda \u00fanica que aplica en organizaciones y centros docentes incluso de otros pa\u00edses de habla hispana. <\/b><\/div>\n<div><b>Al finalizar la conferencia, aquellos que lo deseen, podr\u00e1n adquirir un ejemplar su libro al precio de 20 euros.<\/b><\/div>\n<div><\/div>\n<p>[\/et_pb_text][et_pb_text admin_label=\u00bbDesarrollo (Texto)\u00bb _builder_version=\u00bb3.0.92&#8243; background_layout=\u00bblight\u00bb text_orientation=\u00bbjustified\u00bb]<\/p>\n<h2 style=\"text-align: center\"><b>CONFERENCIA<\/b><b> 14 de Febrero de 2018<\/b><\/h2>\n<h4 style=\"text-align: center\"><strong>En el teatro del Colegio de 17,30 a 18,30 horas<\/strong><\/h4>\n<h5 style=\"text-align: center\"><b>Dirigida a todos los padres y abuelos de alumnos, educadores y miembros de la comunidad educativa.<\/b><\/h5>\n<h1 style=\"text-align: center\"><b>\u201cConecta tu talento\u201d<\/b><\/h1>\n<h1 style=\"text-align: center\"><b>D. Antonio \u00c1ngel P\u00e9rez Ballester<\/b><\/h1>\n<p>Es facilitador en procesos de cambio con personas y organizaciones. Licenciado en Derecho y coach, docente e investigador. Ha trabajado en el \u00e1rea de relaciones humanas en empresas como Continente (hoy Carrefour) e Inditex, como director para Zara Espa\u00f1a.<\/p>\n<p>En 2005 funda su propia empresa<b>: <a href=\"http:\/\/www.influye.es\">INFLUYE Talento y Desarrollo<\/a><\/b>, trabajando como formador para empresas y organizaciones y creando tambi\u00e9n una metodolog\u00eda innovadora que ayude a las personas a identificar sus talentos, adapt\u00e1ndola despu\u00e9s al \u00e1mbito educativo para j\u00f3venes, docentes y padres: <b>CONECTA TU TALENTO<\/b>, impartiendo talleres tambi\u00e9n en pa\u00edses de habla hispana como Guatemala, Argentina y Colombia.<\/p>\n<p>Socio fundador de <b>Regenera Consciencia de Cambio<\/b> y presidente de la Cooperativa de energ\u00eda el\u00e9ctrica de energ\u00eda renovable <b>La Solar<\/b>.<\/p>\n<p>Autor del libro: <b><i>ENCENDER LAS ESTRELLAS<\/i><\/b><i>, <\/i>una invitaci\u00f3n a tomar conciencia de quien eres, de aquello que viene innato contigo, de tus inclinaciones naturales y decidir \u2013si quieres- cre\u00e9rtelo y ponerlo en acci\u00f3n.<\/p>\n<div id=\"attachment_7967\" style=\"width: 228px\" class=\"wp-caption aligncenter\"><img loading=\"lazy\" decoding=\"async\" aria-describedby=\"caption-attachment-7967\" class=\"size-medium wp-image-7967\" src=\"https:\/\/valenciasjb.salesianos.edu\/colegio\/wp-content\/uploads\/sites\/2\/2017\/12\/Imagen1-1-218x300.jpg\" alt=\"\" width=\"218\" height=\"300\" srcset=\"https:\/\/valenciasjb.salesianos.edu\/colegio\/wp-content\/uploads\/sites\/2\/2017\/12\/Imagen1-1-218x300.jpg 218w, https:\/\/valenciasjb.salesianos.edu\/colegio\/wp-content\/uploads\/sites\/2\/2017\/12\/Imagen1-1.jpg 272w\" sizes=\"(max-width: 218px) 100vw, 218px\" \/><p id=\"caption-attachment-7967\" class=\"wp-caption-text\">Encender las estrellas<\/p><\/div>\n<p><b>\u201cCreo en la Responsabilidad Social desde dentro, primero con las personas y despu\u00e9s con los grupos de inter\u00e9s. De esta manera las organizaciones, contribuyen con su aportaci\u00f3n a un mundo m\u00e1s justo, y asumiendo su papel de l\u00edderes sociales\u201d<\/b><\/p>\n<p><b>\u201cAcompa\u00f1o a las personas en el descubrimiento de sus talentos, para que consigan sus metas y sean libres disfrutando de su vida\u201d. Antonio \u00c1ngel P\u00e9rez Ballester.<\/b><\/p>\n<h3><b>Confirma asistencia enviando un correo a: <a href=\"mailto:apas.valencia.sjb@salesianos.edu\">apas.valencia.sjb@salesianos.edu<\/a><\/b><\/h3>\n<p>#ampassjb<\/p>\n<p>[\/et_pb_text][\/et_pb_column][et_pb_column type=\u00bb1_3&#8243;][et_pb_image _builder_version=\u00bb3.0.92&#8243; src=\u00bbhttps:\/\/valenciasjb.salesianos.edu\/colegio\/wp-content\/uploads\/sites\/2\/2017\/12\/Imagen2-1.jpg\u00bb show_in_lightbox=\u00bboff\u00bb url_new_window=\u00bboff\u00bb use_overlay=\u00bboff\u00bb always_center_on_mobile=\u00bbon\u00bb force_fullwidth=\u00bboff\u00bb show_bottom_space=\u00bbon\u00bb \/][\/et_pb_column][\/et_pb_row][\/et_pb_section]<\/p>\n<!-- AddThis Advanced Settings generic via filter on the_content --><!-- AddThis Share Buttons generic via filter on the_content -->","protected":false},"excerpt":{"rendered":"<p>Organizada por AMPAS, el 14 de Febrero a las 17.30 horas tendremos una interesant\u00edsima conferencia por parte de D. Antonio \u00c1ngel P\u00e9rez Ballester con el t\u00edtulo \u00abConecta tu talento\u00bb. El autor de \u00abEncender las estrellas\u00bb y ex directivo de grandes empresas, nos guiar\u00e1 en el descubrimiento de los talentos innatos de nuestros hijos y alumnos. [&hellip;]<\/p>\n<p><!-- AddThis Advanced Settings generic via filter on get_the_excerpt --><!-- AddThis Share Buttons generic via filter on get_the_excerpt --><\/p>\n","protected":false},"author":8,"featured_media":7966,"comment_status":"closed","ping_status":"open","sticky":false,"template":"","format":"standard","meta":{"_et_pb_use_builder":"on","_et_pb_old_content":"","_et_gb_content_width":"","footnotes":""},"categories":[30,14,9,32],"tags":[33,34,36,37],"class_list":["post-7965","post","type-post","status-publish","format-standard","has-post-thumbnail","hentry","category-ampas_actividades","category-noticia_colegio","category-noticias","category-noticias-ampas","tag-ampassjb","tag-ampas","tag-conferencia","tag-talento"],"yoast_head":"<!-- This site is optimized with the Yoast SEO plugin v28.4 - https:\/\/yoast.com\/product\/yoast-seo-wordpress\/ -->\n<title>CONFERENCIA AMPAS &quot;Conecta tu talento&quot; 14 FEBRERO - Colegio San Juan Bosco Valencia<\/title>\n<meta name=\"robots\" content=\"index, follow, max-snippet:-1, max-image-preview:large, max-video-preview:-1\" \/>\n<link rel=\"canonical\" href=\"https:\/\/valenciasjb.salesianos.edu\/colegio\/conferencia-ampas-conecta-tu-talento-14-febrero\/\" \/>\n<meta property=\"og:locale\" content=\"es_ES\" \/>\n<meta property=\"og:type\" content=\"article\" \/>\n<meta property=\"og:title\" content=\"CONFERENCIA AMPAS &quot;Conecta tu talento&quot; 14 FEBRERO - Colegio San Juan Bosco Valencia\" \/>\n<meta property=\"og:description\" content=\"Organizada por AMPAS, el 14 de Febrero a las 17.30 horas tendremos una interesant\u00edsima conferencia por parte de D. Antonio \u00c1ngel P\u00e9rez Ballester con el t\u00edtulo &quot;Conecta tu talento&quot;. El autor de &quot;Encender las estrellas&quot; y ex directivo de grandes empresas, nos guiar\u00e1 en el descubrimiento de los talentos innatos de nuestros hijos y alumnos. [&hellip;]\" \/>\n<meta property=\"og:url\" content=\"https:\/\/valenciasjb.salesianos.edu\/colegio\/conferencia-ampas-conecta-tu-talento-14-febrero\/\" \/>\n<meta property=\"og:site_name\" content=\"Colegio San Juan Bosco Valencia\" \/>\n<meta property=\"article:publisher\" content=\"https:\/\/www.facebook.com\/ColegioSalesianoSanJuanBoscoValencia\" \/>\n<meta property=\"article:published_time\" content=\"2017-12-28T11:09:33+00:00\" \/>\n<meta property=\"article:modified_time\" content=\"2017-12-28T12:10:13+00:00\" \/>\n<meta property=\"og:image\" content=\"https:\/\/valenciasjb.salesianos.edu\/colegio\/wp-content\/uploads\/sites\/2\/2017\/12\/Imagen2-1.jpg\" \/>\n\t<meta property=\"og:image:width\" content=\"339\" \/>\n\t<meta property=\"og:image:height\" content=\"329\" \/>\n\t<meta property=\"og:image:type\" content=\"image\/jpeg\" \/>\n<meta name=\"author\" content=\"ampasvsjb\" \/>\n<meta name=\"twitter:card\" content=\"summary_large_image\" \/>\n<meta name=\"twitter:creator\" content=\"@SalesianosVSJB\" \/>\n<meta name=\"twitter:site\" content=\"@SalesianosVSJB\" \/>\n<meta name=\"twitter:label1\" content=\"Escrito por\" \/>\n\t<meta name=\"twitter:data1\" content=\"ampasvsjb\" \/>\n\t<meta name=\"twitter:label2\" content=\"Tiempo de lectura\" \/>\n\t<meta name=\"twitter:data2\" content=\"3 minutos\" \/>\n<script type=\"application\/ld+json\" class=\"yoast-schema-graph\">{\"@context\":\"https:\\\/\\\/schema.org\",\"@graph\":[{\"@type\":\"Article\",\"@id\":\"https:\\\/\\\/valenciasjb.salesianos.edu\\\/colegio\\\/conferencia-ampas-conecta-tu-talento-14-febrero\\\/#article\",\"isPartOf\":{\"@id\":\"https:\\\/\\\/valenciasjb.salesianos.edu\\\/colegio\\\/conferencia-ampas-conecta-tu-talento-14-febrero\\\/\"},\"author\":{\"name\":\"ampasvsjb\",\"@id\":\"https:\\\/\\\/valenciasjb.salesianos.edu\\\/colegio\\\/#\\\/schema\\\/person\\\/0726ac8cfbb8c3fbd6c5e1c72693053d\"},\"headline\":\"CONFERENCIA AMPAS \u00abConecta tu talento\u00bb 14 FEBRERO\",\"datePublished\":\"2017-12-28T11:09:33+00:00\",\"dateModified\":\"2017-12-28T12:10:13+00:00\",\"mainEntityOfPage\":{\"@id\":\"https:\\\/\\\/valenciasjb.salesianos.edu\\\/colegio\\\/conferencia-ampas-conecta-tu-talento-14-febrero\\\/\"},\"wordCount\":523,\"image\":{\"@id\":\"https:\\\/\\\/valenciasjb.salesianos.edu\\\/colegio\\\/conferencia-ampas-conecta-tu-talento-14-febrero\\\/#primaryimage\"},\"thumbnailUrl\":\"https:\\\/\\\/valenciasjb.salesianos.edu\\\/colegio\\\/wp-content\\\/uploads\\\/sites\\\/2\\\/2017\\\/12\\\/Imagen2-1.jpg\",\"keywords\":[\"#ampassjb\",\"ampas\",\"conferencia\",\"talento\"],\"articleSection\":[\"AMPAS Actividades\",\"Noticia Colegio\",\"Noticias\",\"Noticias AMPAS\"],\"inLanguage\":\"es\"},{\"@type\":\"WebPage\",\"@id\":\"https:\\\/\\\/valenciasjb.salesianos.edu\\\/colegio\\\/conferencia-ampas-conecta-tu-talento-14-febrero\\\/\",\"url\":\"https:\\\/\\\/valenciasjb.salesianos.edu\\\/colegio\\\/conferencia-ampas-conecta-tu-talento-14-febrero\\\/\",\"name\":\"CONFERENCIA AMPAS \\\"Conecta tu talento\\\" 14 FEBRERO - Colegio San Juan Bosco Valencia\",\"isPartOf\":{\"@id\":\"https:\\\/\\\/valenciasjb.salesianos.edu\\\/colegio\\\/#website\"},\"primaryImageOfPage\":{\"@id\":\"https:\\\/\\\/valenciasjb.salesianos.edu\\\/colegio\\\/conferencia-ampas-conecta-tu-talento-14-febrero\\\/#primaryimage\"},\"image\":{\"@id\":\"https:\\\/\\\/valenciasjb.salesianos.edu\\\/colegio\\\/conferencia-ampas-conecta-tu-talento-14-febrero\\\/#primaryimage\"},\"thumbnailUrl\":\"https:\\\/\\\/valenciasjb.salesianos.edu\\\/colegio\\\/wp-content\\\/uploads\\\/sites\\\/2\\\/2017\\\/12\\\/Imagen2-1.jpg\",\"datePublished\":\"2017-12-28T11:09:33+00:00\",\"dateModified\":\"2017-12-28T12:10:13+00:00\",\"author\":{\"@id\":\"https:\\\/\\\/valenciasjb.salesianos.edu\\\/colegio\\\/#\\\/schema\\\/person\\\/0726ac8cfbb8c3fbd6c5e1c72693053d\"},\"breadcrumb\":{\"@id\":\"https:\\\/\\\/valenciasjb.salesianos.edu\\\/colegio\\\/conferencia-ampas-conecta-tu-talento-14-febrero\\\/#breadcrumb\"},\"inLanguage\":\"es\",\"potentialAction\":[{\"@type\":\"ReadAction\",\"target\":[\"https:\\\/\\\/valenciasjb.salesianos.edu\\\/colegio\\\/conferencia-ampas-conecta-tu-talento-14-febrero\\\/\"]}]},{\"@type\":\"ImageObject\",\"inLanguage\":\"es\",\"@id\":\"https:\\\/\\\/valenciasjb.salesianos.edu\\\/colegio\\\/conferencia-ampas-conecta-tu-talento-14-febrero\\\/#primaryimage\",\"url\":\"https:\\\/\\\/valenciasjb.salesianos.edu\\\/colegio\\\/wp-content\\\/uploads\\\/sites\\\/2\\\/2017\\\/12\\\/Imagen2-1.jpg\",\"contentUrl\":\"https:\\\/\\\/valenciasjb.salesianos.edu\\\/colegio\\\/wp-content\\\/uploads\\\/sites\\\/2\\\/2017\\\/12\\\/Imagen2-1.jpg\",\"width\":339,\"height\":329,\"caption\":\"Antonio \u00c1ngel P\u00e9rez Ballester\"},{\"@type\":\"BreadcrumbList\",\"@id\":\"https:\\\/\\\/valenciasjb.salesianos.edu\\\/colegio\\\/conferencia-ampas-conecta-tu-talento-14-febrero\\\/#breadcrumb\",\"itemListElement\":[{\"@type\":\"ListItem\",\"position\":1,\"name\":\"Portada\",\"item\":\"https:\\\/\\\/valenciasjb.salesianos.edu\\\/colegio\\\/\"},{\"@type\":\"ListItem\",\"position\":2,\"name\":\"CONFERENCIA AMPAS \u00abConecta tu talento\u00bb 14 FEBRERO\"}]},{\"@type\":\"WebSite\",\"@id\":\"https:\\\/\\\/valenciasjb.salesianos.edu\\\/colegio\\\/#website\",\"url\":\"https:\\\/\\\/valenciasjb.salesianos.edu\\\/colegio\\\/\",\"name\":\"Colegio San Juan Bosco Valencia\",\"description\":\"P\u00e1gina oficial del Colegio Salesianos San Juan Bosco Valencia\",\"alternateName\":\"Salesianos.VSJB\",\"potentialAction\":[{\"@type\":\"SearchAction\",\"target\":{\"@type\":\"EntryPoint\",\"urlTemplate\":\"https:\\\/\\\/valenciasjb.salesianos.edu\\\/colegio\\\/?s={search_term_string}\"},\"query-input\":{\"@type\":\"PropertyValueSpecification\",\"valueRequired\":true,\"valueName\":\"search_term_string\"}}],\"inLanguage\":\"es\"},{\"@type\":\"Person\",\"@id\":\"https:\\\/\\\/valenciasjb.salesianos.edu\\\/colegio\\\/#\\\/schema\\\/person\\\/0726ac8cfbb8c3fbd6c5e1c72693053d\",\"name\":\"ampasvsjb\",\"image\":{\"@type\":\"ImageObject\",\"inLanguage\":\"es\",\"@id\":\"https:\\\/\\\/secure.gravatar.com\\\/avatar\\\/be990de11bab2de567b8fb079bb13b0b2ebe2aab5258b635f6286f7a56c0c6c5?s=96&d=mm&r=g\",\"url\":\"https:\\\/\\\/secure.gravatar.com\\\/avatar\\\/be990de11bab2de567b8fb079bb13b0b2ebe2aab5258b635f6286f7a56c0c6c5?s=96&d=mm&r=g\",\"contentUrl\":\"https:\\\/\\\/secure.gravatar.com\\\/avatar\\\/be990de11bab2de567b8fb079bb13b0b2ebe2aab5258b635f6286f7a56c0c6c5?s=96&d=mm&r=g\",\"caption\":\"ampasvsjb\"}}]}<\/script>\n<!-- \/ Yoast SEO plugin. -->","yoast_head_json":{"title":"CONFERENCIA AMPAS \"Conecta tu talento\" 14 FEBRERO - Colegio San Juan Bosco Valencia","robots":{"index":"index","follow":"follow","max-snippet":"max-snippet:-1","max-image-preview":"max-image-preview:large","max-video-preview":"max-video-preview:-1"},"canonical":"https:\/\/valenciasjb.salesianos.edu\/colegio\/conferencia-ampas-conecta-tu-talento-14-febrero\/","og_locale":"es_ES","og_type":"article","og_title":"CONFERENCIA AMPAS \"Conecta tu talento\" 14 FEBRERO - Colegio San Juan Bosco Valencia","og_description":"Organizada por AMPAS, el 14 de Febrero a las 17.30 horas tendremos una interesant\u00edsima conferencia por parte de D. Antonio \u00c1ngel P\u00e9rez Ballester con el t\u00edtulo \"Conecta tu talento\". El autor de \"Encender las estrellas\" y ex directivo de grandes empresas, nos guiar\u00e1 en el descubrimiento de los talentos innatos de nuestros hijos y alumnos. [&hellip;]","og_url":"https:\/\/valenciasjb.salesianos.edu\/colegio\/conferencia-ampas-conecta-tu-talento-14-febrero\/","og_site_name":"Colegio San Juan Bosco Valencia","article_publisher":"https:\/\/www.facebook.com\/ColegioSalesianoSanJuanBoscoValencia","article_published_time":"2017-12-28T11:09:33+00:00","article_modified_time":"2017-12-28T12:10:13+00:00","og_image":[{"width":339,"height":329,"url":"https:\/\/valenciasjb.salesianos.edu\/colegio\/wp-content\/uploads\/sites\/2\/2017\/12\/Imagen2-1.jpg","type":"image\/jpeg"}],"author":"ampasvsjb","twitter_card":"summary_large_image","twitter_creator":"@SalesianosVSJB","twitter_site":"@SalesianosVSJB","twitter_misc":{"Escrito por":"ampasvsjb","Tiempo de lectura":"3 minutos"},"schema":{"@context":"https:\/\/schema.org","@graph":[{"@type":"Article","@id":"https:\/\/valenciasjb.salesianos.edu\/colegio\/conferencia-ampas-conecta-tu-talento-14-febrero\/#article","isPartOf":{"@id":"https:\/\/valenciasjb.salesianos.edu\/colegio\/conferencia-ampas-conecta-tu-talento-14-febrero\/"},"author":{"name":"ampasvsjb","@id":"https:\/\/valenciasjb.salesianos.edu\/colegio\/#\/schema\/person\/0726ac8cfbb8c3fbd6c5e1c72693053d"},"headline":"CONFERENCIA AMPAS \u00abConecta tu talento\u00bb 14 FEBRERO","datePublished":"2017-12-28T11:09:33+00:00","dateModified":"2017-12-28T12:10:13+00:00","mainEntityOfPage":{"@id":"https:\/\/valenciasjb.salesianos.edu\/colegio\/conferencia-ampas-conecta-tu-talento-14-febrero\/"},"wordCount":523,"image":{"@id":"https:\/\/valenciasjb.salesianos.edu\/colegio\/conferencia-ampas-conecta-tu-talento-14-febrero\/#primaryimage"},"thumbnailUrl":"https:\/\/valenciasjb.salesianos.edu\/colegio\/wp-content\/uploads\/sites\/2\/2017\/12\/Imagen2-1.jpg","keywords":["#ampassjb","ampas","conferencia","talento"],"articleSection":["AMPAS Actividades","Noticia Colegio","Noticias","Noticias AMPAS"],"inLanguage":"es"},{"@type":"WebPage","@id":"https:\/\/valenciasjb.salesianos.edu\/colegio\/conferencia-ampas-conecta-tu-talento-14-febrero\/","url":"https:\/\/valenciasjb.salesianos.edu\/colegio\/conferencia-ampas-conecta-tu-talento-14-febrero\/","name":"CONFERENCIA AMPAS \"Conecta tu talento\" 14 FEBRERO - Colegio San Juan Bosco Valencia","isPartOf":{"@id":"https:\/\/valenciasjb.salesianos.edu\/colegio\/#website"},"primaryImageOfPage":{"@id":"https:\/\/valenciasjb.salesianos.edu\/colegio\/conferencia-ampas-conecta-tu-talento-14-febrero\/#primaryimage"},"image":{"@id":"https:\/\/valenciasjb.salesianos.edu\/colegio\/conferencia-ampas-conecta-tu-talento-14-febrero\/#primaryimage"},"thumbnailUrl":"https:\/\/valenciasjb.salesianos.edu\/colegio\/wp-content\/uploads\/sites\/2\/2017\/12\/Imagen2-1.jpg","datePublished":"2017-12-28T11:09:33+00:00","dateModified":"2017-12-28T12:10:13+00:00","author":{"@id":"https:\/\/valenciasjb.salesianos.edu\/colegio\/#\/schema\/person\/0726ac8cfbb8c3fbd6c5e1c72693053d"},"breadcrumb":{"@id":"https:\/\/valenciasjb.salesianos.edu\/colegio\/conferencia-ampas-conecta-tu-talento-14-febrero\/#breadcrumb"},"inLanguage":"es","potentialAction":[{"@type":"ReadAction","target":["https:\/\/valenciasjb.salesianos.edu\/colegio\/conferencia-ampas-conecta-tu-talento-14-febrero\/"]}]},{"@type":"ImageObject","inLanguage":"es","@id":"https:\/\/valenciasjb.salesianos.edu\/colegio\/conferencia-ampas-conecta-tu-talento-14-febrero\/#primaryimage","url":"https:\/\/valenciasjb.salesianos.edu\/colegio\/wp-content\/uploads\/sites\/2\/2017\/12\/Imagen2-1.jpg","contentUrl":"https:\/\/valenciasjb.salesianos.edu\/colegio\/wp-content\/uploads\/sites\/2\/2017\/12\/Imagen2-1.jpg","width":339,"height":329,"caption":"Antonio \u00c1ngel P\u00e9rez Ballester"},{"@type":"BreadcrumbList","@id":"https:\/\/valenciasjb.salesianos.edu\/colegio\/conferencia-ampas-conecta-tu-talento-14-febrero\/#breadcrumb","itemListElement":[{"@type":"ListItem","position":1,"name":"Portada","item":"https:\/\/valenciasjb.salesianos.edu\/colegio\/"},{"@type":"ListItem","position":2,"name":"CONFERENCIA AMPAS \u00abConecta tu talento\u00bb 14 FEBRERO"}]},{"@type":"WebSite","@id":"https:\/\/valenciasjb.salesianos.edu\/colegio\/#website","url":"https:\/\/valenciasjb.salesianos.edu\/colegio\/","name":"Colegio San Juan Bosco Valencia","description":"P\u00e1gina oficial del Colegio Salesianos San Juan Bosco Valencia","alternateName":"Salesianos.VSJB","potentialAction":[{"@type":"SearchAction","target":{"@type":"EntryPoint","urlTemplate":"https:\/\/valenciasjb.salesianos.edu\/colegio\/?s={search_term_string}"},"query-input":{"@type":"PropertyValueSpecification","valueRequired":true,"valueName":"search_term_string"}}],"inLanguage":"es"},{"@type":"Person","@id":"https:\/\/valenciasjb.salesianos.edu\/colegio\/#\/schema\/person\/0726ac8cfbb8c3fbd6c5e1c72693053d","name":"ampasvsjb","image":{"@type":"ImageObject","inLanguage":"es","@id":"https:\/\/secure.gravatar.com\/avatar\/be990de11bab2de567b8fb079bb13b0b2ebe2aab5258b635f6286f7a56c0c6c5?s=96&d=mm&r=g","url":"https:\/\/secure.gravatar.com\/avatar\/be990de11bab2de567b8fb079bb13b0b2ebe2aab5258b635f6286f7a56c0c6c5?s=96&d=mm&r=g","contentUrl":"https:\/\/secure.gravatar.com\/avatar\/be990de11bab2de567b8fb079bb13b0b2ebe2aab5258b635f6286f7a56c0c6c5?s=96&d=mm&r=g","caption":"ampasvsjb"}}]}},"_links":{"self":[{"href":"https:\/\/valenciasjb.salesianos.edu\/colegio\/wp-json\/wp\/v2\/posts\/7965","targetHints":{"allow":["GET"]}}],"collection":[{"href":"https:\/\/valenciasjb.salesianos.edu\/colegio\/wp-json\/wp\/v2\/posts"}],"about":[{"href":"https:\/\/valenciasjb.salesianos.edu\/colegio\/wp-json\/wp\/v2\/types\/post"}],"author":[{"embeddable":true,"href":"https:\/\/valenciasjb.salesianos.edu\/colegio\/wp-json\/wp\/v2\/users\/8"}],"replies":[{"embeddable":true,"href":"https:\/\/valenciasjb.salesianos.edu\/colegio\/wp-json\/wp\/v2\/comments?post=7965"}],"version-history":[{"count":5,"href":"https:\/\/valenciasjb.salesianos.edu\/colegio\/wp-json\/wp\/v2\/posts\/7965\/revisions"}],"predecessor-version":[{"id":7972,"href":"https:\/\/valenciasjb.salesianos.edu\/colegio\/wp-json\/wp\/v2\/posts\/7965\/revisions\/7972"}],"wp:featuredmedia":[{"embeddable":true,"href":"https:\/\/valenciasjb.salesianos.edu\/colegio\/wp-json\/wp\/v2\/media\/7966"}],"wp:attachment":[{"href":"https:\/\/valenciasjb.salesianos.edu\/colegio\/wp-json\/wp\/v2\/media?parent=7965"}],"wp:term":[{"taxonomy":"category","embeddable":true,"href":"https:\/\/valenciasjb.salesianos.edu\/colegio\/wp-json\/wp\/v2\/categories?post=7965"},{"taxonomy":"post_tag","embeddable":true,"href":"https:\/\/valenciasjb.salesianos.edu\/colegio\/wp-json\/wp\/v2\/tags?post=7965"}],"curies":[{"name":"wp","href":"https:\/\/api.w.org\/{rel}","templated":true}]}}