{"id":8014,"date":"2018-01-13T16:13:55","date_gmt":"2018-01-13T15:13:55","guid":{"rendered":"https:\/\/valenciasjb.salesianos.edu\/colegio\/la-casa-salesiana-san-juan-bosco-de-valencia-acoge-las-jornadas-de-pastoral-juvenil-2\/"},"modified":"2018-01-13T16:16:35","modified_gmt":"2018-01-13T15:16:35","slug":"la-casa-salesiana-san-juan-bosco-de-valencia-acoge-las-jornadas-de-pastoral-juvenil-2","status":"publish","type":"post","link":"https:\/\/valenciasjb.salesianos.edu\/colegio\/la-casa-salesiana-san-juan-bosco-de-valencia-acoge-las-jornadas-de-pastoral-juvenil-2\/","title":{"rendered":"La casa salesiana San Juan Bosco de Valencia acoge las Jornadas de Pastoral Juvenil"},"content":{"rendered":"<div id=\"fb-root\"><\/div>\n<p>[et_pb_section bb_built=\u00bb1&#8243; admin_label=\u00bbsection\u00bb][et_pb_row admin_label=\u00bbrow\u00bb background_position=\u00bbtop_left\u00bb background_repeat=\u00bbrepeat\u00bb background_size=\u00bbinitial\u00bb][et_pb_column type=\u00bb4_4&#8243;][et_pb_text admin_label=\u00bbEntradilla (Texto)\u00bb _builder_version=\u00bb3.0.92&#8243; background_layout=\u00bblight\u00bb text_orientation=\u00bbjustified\u00bb text_font=\u00bb|on|||\u00bb border_style=\u00bbsolid\u00bb module_alignment=\u00bbleft\u00bb]<\/p>\n<p>La casa salesiana San Juan Bosco de Valencia ha acogido, en la ma\u00f1ana del s\u00e1bado 13 de enero, las Jornadas de Pastoral Juvenil, que se han realizado conjuntamente con las casas de Burriana y San Antonio Abad. La Jornada ha comenzado a las 10:30 con el teatro al completo, con un nutrido grupo de asistentes de las tres presencias salesianas.<\/p>\n<p>[\/et_pb_text][et_pb_text admin_label=\u00bbAutor (Texto)\u00bb _builder_version=\u00bb3.0.92&#8243; background_layout=\u00bblight\u00bb text_font=\u00bb||on||\u00bb border_style=\u00bbsolid\u00bb]<\/p>\n<p>Redacci\u00f3n<\/p>\n<p>[\/et_pb_text][et_pb_text admin_label=\u00bbDesarrollo (Texto)\u00bb _builder_version=\u00bb3.0.92&#8243; background_layout=\u00bblight\u00bb text_orientation=\u00bbjustified\u00bb module_alignment=\u00bbleft\u00bb]<\/p>\n<p><img loading=\"lazy\" decoding=\"async\" class=\"alignnone  wp-image-8015\" src=\"https:\/\/valenciasjb.salesianos.edu\/colegio\/wp-content\/uploads\/sites\/2\/2018\/01\/20180113_115212-300x225.jpg\" alt=\"\" width=\"776\" height=\"582\" srcset=\"https:\/\/valenciasjb.salesianos.edu\/colegio\/wp-content\/uploads\/sites\/2\/2018\/01\/20180113_115212-300x225.jpg 300w, https:\/\/valenciasjb.salesianos.edu\/colegio\/wp-content\/uploads\/sites\/2\/2018\/01\/20180113_115212-768x576.jpg 768w, https:\/\/valenciasjb.salesianos.edu\/colegio\/wp-content\/uploads\/sites\/2\/2018\/01\/20180113_115212-1024x768.jpg 1024w, https:\/\/valenciasjb.salesianos.edu\/colegio\/wp-content\/uploads\/sites\/2\/2018\/01\/20180113_115212-510x382.jpg 510w, https:\/\/valenciasjb.salesianos.edu\/colegio\/wp-content\/uploads\/sites\/2\/2018\/01\/20180113_115212-1080x810.jpg 1080w\" sizes=\"(max-width: 776px) 100vw, 776px\" \/><\/p>\n<p>Tras una oraci\u00f3n inicial conjunta, ha tenido lugar una conferencia a cargo del salesiano Jos\u00e9 Miguel N\u00fa\u00f1ez sobre \u00abj\u00f3venes y vocaci\u00f3n\u00bb y la campa\u00f1a \u00abVen y ver\u00e1s\u00bb. El ponente ha explicado que los j\u00f3venes son el centro de la reflexi\u00f3n de la Iglesia cat\u00f3lica; una reflexi\u00f3n en la que hay un sitio para todos y cada uno de los j\u00f3venes de este mundo. Asimismo, ha expresado que el proyecto de pastoral de las casas salesianas debe tratar de que cada joven descubra el proyecto de Dios en su propia vida y, en este camino, debemos dedicar tiempo a acompa\u00f1ar los procesos vitales de nuestros chicos y chicas. Por tanto, hemos de impulsar una pastoral juvenil unitaria, evangelizadora y de calidad que ayude a que los j\u00f3venes se encuentren con Jes\u00fas.<\/p>\n<p>Tras unos momentos de almuerzo y convivencia, ha tenido lugar un espect\u00e1culo de m\u00fasica y voces en directo a cargo de una representaci\u00f3n de toda la comunidad educativa de la casa de Salesianos Burriana. Con un p\u00fablico muy entregado y animado, se ha cantado por la vida y la esperanza de un mundo m\u00e1s justo y fraterno para todos, con los j\u00f3venes a la cabeza de este cambio que requiere nuestra sociedad.<\/p>\n<p>[\/et_pb_text][et_pb_text admin_label=\u00bbT\u00edtulo: Galer\u00eda de fotos (Texto)\u00bb _builder_version=\u00bb3.0.76&#8243; background_layout=\u00bblight\u00bb text_font=\u00bb|on|||\u00bb text_text_color=\u00bb#dc001b\u00bb border_style=\u00bbsolid\u00bb disabled=\u00bboff\u00bb disabled_on=\u00bboff|on|on\u00bb]<\/p>\n<p>Galer\u00eda de im\u00e1genes<\/p>\n<p>[\/et_pb_text][et_pb_gallery _builder_version=\u00bb3.0.92&#8243; posts_number=\u00bb8&#8243; show_title_and_caption=\u00bboff\u00bb show_pagination=\u00bbon\u00bb fullwidth=\u00bboff\u00bb orientation=\u00bblandscape\u00bb zoom_icon_color=\u00bb#dc001b\u00bb hover_overlay_color=\u00bbrgba(255,255,255,0.9)\u00bb hover_icon=\u00bb%%51%%\u00bb background_layout=\u00bblight\u00bb border_style=\u00bbsolid\u00bb disabled=\u00bboff\u00bb disabled_on=\u00bboff|off|off\u00bb gallery_ids=\u00bb7903,7904,7906,7907,7908,7909,7910,7912&#8243; pagination_font_size_tablet=\u00bb51&#8243; pagination_line_height_tablet=\u00bb2&#8243; \/][et_pb_video _builder_version=\u00bb3.0.51&#8243; disabled=\u00bbon\u00bb disabled_on=\u00bbon|on|on\u00bb \/][\/et_pb_column][\/et_pb_row][\/et_pb_section]<\/p>\n<!-- AddThis Advanced Settings generic via filter on the_content --><!-- AddThis Share Buttons generic via filter on the_content -->","protected":false},"excerpt":{"rendered":"<p>La casa salesiana San Juan Bosco de Valencia ha acogido, en la ma\u00f1ana del s\u00e1bado 13 de enero, las Jornadas de Pastoral Juvenil, que se han realizado conjuntamente con las casas de Burriana y San Antonio Abad. La Jornada ha comenzado a las 10:30 con el teatro al completo, con un nutrido grupo de asistentes [&hellip;]<\/p>\n<p><!-- AddThis Advanced Settings generic via filter on get_the_excerpt --><!-- AddThis Share Buttons generic via filter on get_the_excerpt --><\/p>\n","protected":false},"author":6,"featured_media":8011,"comment_status":"closed","ping_status":"open","sticky":false,"template":"","format":"standard","meta":{"_et_pb_use_builder":"on","_et_pb_old_content":"","_et_gb_content_width":"","footnotes":""},"categories":[9],"tags":[],"class_list":["post-8014","post","type-post","status-publish","format-standard","has-post-thumbnail","hentry","category-noticias"],"yoast_head":"<!-- This site is optimized with the Yoast SEO plugin v28.4 - https:\/\/yoast.com\/product\/yoast-seo-wordpress\/ -->\n<title>La casa salesiana San Juan Bosco de Valencia acoge las Jornadas de Pastoral Juvenil - Colegio San Juan Bosco Valencia<\/title>\n<meta name=\"robots\" content=\"index, follow, max-snippet:-1, max-image-preview:large, max-video-preview:-1\" \/>\n<link rel=\"canonical\" href=\"https:\/\/valenciasjb.salesianos.edu\/colegio\/la-casa-salesiana-san-juan-bosco-de-valencia-acoge-las-jornadas-de-pastoral-juvenil-2\/\" \/>\n<meta property=\"og:locale\" content=\"es_ES\" \/>\n<meta property=\"og:type\" content=\"article\" \/>\n<meta property=\"og:title\" content=\"La casa salesiana San Juan Bosco de Valencia acoge las Jornadas de Pastoral Juvenil - Colegio San Juan Bosco Valencia\" \/>\n<meta property=\"og:description\" content=\"La casa salesiana San Juan Bosco de Valencia ha acogido, en la ma\u00f1ana del s\u00e1bado 13 de enero, las Jornadas de Pastoral Juvenil, que se han realizado conjuntamente con las casas de Burriana y San Antonio Abad. La Jornada ha comenzado a las 10:30 con el teatro al completo, con un nutrido grupo de asistentes [&hellip;]\" \/>\n<meta property=\"og:url\" content=\"https:\/\/valenciasjb.salesianos.edu\/colegio\/la-casa-salesiana-san-juan-bosco-de-valencia-acoge-las-jornadas-de-pastoral-juvenil-2\/\" \/>\n<meta property=\"og:site_name\" content=\"Colegio San Juan Bosco Valencia\" \/>\n<meta property=\"article:publisher\" content=\"https:\/\/www.facebook.com\/ColegioSalesianoSanJuanBoscoValencia\" \/>\n<meta property=\"article:published_time\" content=\"2018-01-13T15:13:55+00:00\" \/>\n<meta property=\"article:modified_time\" content=\"2018-01-13T15:16:35+00:00\" \/>\n<meta property=\"og:image\" content=\"https:\/\/valenciasjb.salesianos.edu\/colegio\/wp-content\/uploads\/sites\/2\/2018\/01\/20180113_114201.jpg\" \/>\n\t<meta property=\"og:image:width\" content=\"4128\" \/>\n\t<meta property=\"og:image:height\" content=\"3096\" \/>\n\t<meta property=\"og:image:type\" content=\"image\/jpeg\" \/>\n<meta name=\"author\" content=\"veronicapastor\" \/>\n<meta name=\"twitter:card\" content=\"summary_large_image\" \/>\n<meta name=\"twitter:creator\" content=\"@SalesianosVSJB\" \/>\n<meta name=\"twitter:site\" content=\"@SalesianosVSJB\" \/>\n<meta name=\"twitter:label1\" content=\"Escrito por\" \/>\n\t<meta name=\"twitter:data1\" content=\"veronicapastor\" \/>\n\t<meta name=\"twitter:label2\" content=\"Tiempo de lectura\" \/>\n\t<meta name=\"twitter:data2\" content=\"2 minutos\" \/>\n<script type=\"application\/ld+json\" class=\"yoast-schema-graph\">{\"@context\":\"https:\\\/\\\/schema.org\",\"@graph\":[{\"@type\":\"Article\",\"@id\":\"https:\\\/\\\/valenciasjb.salesianos.edu\\\/colegio\\\/la-casa-salesiana-san-juan-bosco-de-valencia-acoge-las-jornadas-de-pastoral-juvenil-2\\\/#article\",\"isPartOf\":{\"@id\":\"https:\\\/\\\/valenciasjb.salesianos.edu\\\/colegio\\\/la-casa-salesiana-san-juan-bosco-de-valencia-acoge-las-jornadas-de-pastoral-juvenil-2\\\/\"},\"author\":{\"name\":\"veronicapastor\",\"@id\":\"https:\\\/\\\/valenciasjb.salesianos.edu\\\/colegio\\\/#\\\/schema\\\/person\\\/1f45b67e52b27da175190a574db6bed9\"},\"headline\":\"La casa salesiana San Juan Bosco de Valencia acoge las Jornadas de Pastoral Juvenil\",\"datePublished\":\"2018-01-13T15:13:55+00:00\",\"dateModified\":\"2018-01-13T15:16:35+00:00\",\"mainEntityOfPage\":{\"@id\":\"https:\\\/\\\/valenciasjb.salesianos.edu\\\/colegio\\\/la-casa-salesiana-san-juan-bosco-de-valencia-acoge-las-jornadas-de-pastoral-juvenil-2\\\/\"},\"wordCount\":512,\"image\":{\"@id\":\"https:\\\/\\\/valenciasjb.salesianos.edu\\\/colegio\\\/la-casa-salesiana-san-juan-bosco-de-valencia-acoge-las-jornadas-de-pastoral-juvenil-2\\\/#primaryimage\"},\"thumbnailUrl\":\"https:\\\/\\\/valenciasjb.salesianos.edu\\\/colegio\\\/wp-content\\\/uploads\\\/sites\\\/2\\\/2018\\\/01\\\/20180113_114201.jpg\",\"articleSection\":[\"Noticias\"],\"inLanguage\":\"es\"},{\"@type\":\"WebPage\",\"@id\":\"https:\\\/\\\/valenciasjb.salesianos.edu\\\/colegio\\\/la-casa-salesiana-san-juan-bosco-de-valencia-acoge-las-jornadas-de-pastoral-juvenil-2\\\/\",\"url\":\"https:\\\/\\\/valenciasjb.salesianos.edu\\\/colegio\\\/la-casa-salesiana-san-juan-bosco-de-valencia-acoge-las-jornadas-de-pastoral-juvenil-2\\\/\",\"name\":\"La casa salesiana San Juan Bosco de Valencia acoge las Jornadas de Pastoral Juvenil - Colegio San Juan Bosco Valencia\",\"isPartOf\":{\"@id\":\"https:\\\/\\\/valenciasjb.salesianos.edu\\\/colegio\\\/#website\"},\"primaryImageOfPage\":{\"@id\":\"https:\\\/\\\/valenciasjb.salesianos.edu\\\/colegio\\\/la-casa-salesiana-san-juan-bosco-de-valencia-acoge-las-jornadas-de-pastoral-juvenil-2\\\/#primaryimage\"},\"image\":{\"@id\":\"https:\\\/\\\/valenciasjb.salesianos.edu\\\/colegio\\\/la-casa-salesiana-san-juan-bosco-de-valencia-acoge-las-jornadas-de-pastoral-juvenil-2\\\/#primaryimage\"},\"thumbnailUrl\":\"https:\\\/\\\/valenciasjb.salesianos.edu\\\/colegio\\\/wp-content\\\/uploads\\\/sites\\\/2\\\/2018\\\/01\\\/20180113_114201.jpg\",\"datePublished\":\"2018-01-13T15:13:55+00:00\",\"dateModified\":\"2018-01-13T15:16:35+00:00\",\"author\":{\"@id\":\"https:\\\/\\\/valenciasjb.salesianos.edu\\\/colegio\\\/#\\\/schema\\\/person\\\/1f45b67e52b27da175190a574db6bed9\"},\"breadcrumb\":{\"@id\":\"https:\\\/\\\/valenciasjb.salesianos.edu\\\/colegio\\\/la-casa-salesiana-san-juan-bosco-de-valencia-acoge-las-jornadas-de-pastoral-juvenil-2\\\/#breadcrumb\"},\"inLanguage\":\"es\",\"potentialAction\":[{\"@type\":\"ReadAction\",\"target\":[\"https:\\\/\\\/valenciasjb.salesianos.edu\\\/colegio\\\/la-casa-salesiana-san-juan-bosco-de-valencia-acoge-las-jornadas-de-pastoral-juvenil-2\\\/\"]}]},{\"@type\":\"ImageObject\",\"inLanguage\":\"es\",\"@id\":\"https:\\\/\\\/valenciasjb.salesianos.edu\\\/colegio\\\/la-casa-salesiana-san-juan-bosco-de-valencia-acoge-las-jornadas-de-pastoral-juvenil-2\\\/#primaryimage\",\"url\":\"https:\\\/\\\/valenciasjb.salesianos.edu\\\/colegio\\\/wp-content\\\/uploads\\\/sites\\\/2\\\/2018\\\/01\\\/20180113_114201.jpg\",\"contentUrl\":\"https:\\\/\\\/valenciasjb.salesianos.edu\\\/colegio\\\/wp-content\\\/uploads\\\/sites\\\/2\\\/2018\\\/01\\\/20180113_114201.jpg\",\"width\":4128,\"height\":3096},{\"@type\":\"BreadcrumbList\",\"@id\":\"https:\\\/\\\/valenciasjb.salesianos.edu\\\/colegio\\\/la-casa-salesiana-san-juan-bosco-de-valencia-acoge-las-jornadas-de-pastoral-juvenil-2\\\/#breadcrumb\",\"itemListElement\":[{\"@type\":\"ListItem\",\"position\":1,\"name\":\"Portada\",\"item\":\"https:\\\/\\\/valenciasjb.salesianos.edu\\\/colegio\\\/\"},{\"@type\":\"ListItem\",\"position\":2,\"name\":\"La casa salesiana San Juan Bosco de Valencia acoge las Jornadas de Pastoral Juvenil\"}]},{\"@type\":\"WebSite\",\"@id\":\"https:\\\/\\\/valenciasjb.salesianos.edu\\\/colegio\\\/#website\",\"url\":\"https:\\\/\\\/valenciasjb.salesianos.edu\\\/colegio\\\/\",\"name\":\"Colegio San Juan Bosco Valencia\",\"description\":\"P\u00e1gina oficial del Colegio Salesianos San Juan Bosco Valencia\",\"alternateName\":\"Salesianos.VSJB\",\"potentialAction\":[{\"@type\":\"SearchAction\",\"target\":{\"@type\":\"EntryPoint\",\"urlTemplate\":\"https:\\\/\\\/valenciasjb.salesianos.edu\\\/colegio\\\/?s={search_term_string}\"},\"query-input\":{\"@type\":\"PropertyValueSpecification\",\"valueRequired\":true,\"valueName\":\"search_term_string\"}}],\"inLanguage\":\"es\"},{\"@type\":\"Person\",\"@id\":\"https:\\\/\\\/valenciasjb.salesianos.edu\\\/colegio\\\/#\\\/schema\\\/person\\\/1f45b67e52b27da175190a574db6bed9\",\"name\":\"veronicapastor\",\"image\":{\"@type\":\"ImageObject\",\"inLanguage\":\"es\",\"@id\":\"https:\\\/\\\/secure.gravatar.com\\\/avatar\\\/e29bd40bace3fd935e1d6fdb7313ffc14628cc037c5e16f4c7369b20a2a6f7f0?s=96&d=mm&r=g\",\"url\":\"https:\\\/\\\/secure.gravatar.com\\\/avatar\\\/e29bd40bace3fd935e1d6fdb7313ffc14628cc037c5e16f4c7369b20a2a6f7f0?s=96&d=mm&r=g\",\"contentUrl\":\"https:\\\/\\\/secure.gravatar.com\\\/avatar\\\/e29bd40bace3fd935e1d6fdb7313ffc14628cc037c5e16f4c7369b20a2a6f7f0?s=96&d=mm&r=g\",\"caption\":\"veronicapastor\"}}]}<\/script>\n<!-- \/ Yoast SEO plugin. -->","yoast_head_json":{"title":"La casa salesiana San Juan Bosco de Valencia acoge las Jornadas de Pastoral Juvenil - Colegio San Juan Bosco Valencia","robots":{"index":"index","follow":"follow","max-snippet":"max-snippet:-1","max-image-preview":"max-image-preview:large","max-video-preview":"max-video-preview:-1"},"canonical":"https:\/\/valenciasjb.salesianos.edu\/colegio\/la-casa-salesiana-san-juan-bosco-de-valencia-acoge-las-jornadas-de-pastoral-juvenil-2\/","og_locale":"es_ES","og_type":"article","og_title":"La casa salesiana San Juan Bosco de Valencia acoge las Jornadas de Pastoral Juvenil - Colegio San Juan Bosco Valencia","og_description":"La casa salesiana San Juan Bosco de Valencia ha acogido, en la ma\u00f1ana del s\u00e1bado 13 de enero, las Jornadas de Pastoral Juvenil, que se han realizado conjuntamente con las casas de Burriana y San Antonio Abad. La Jornada ha comenzado a las 10:30 con el teatro al completo, con un nutrido grupo de asistentes [&hellip;]","og_url":"https:\/\/valenciasjb.salesianos.edu\/colegio\/la-casa-salesiana-san-juan-bosco-de-valencia-acoge-las-jornadas-de-pastoral-juvenil-2\/","og_site_name":"Colegio San Juan Bosco Valencia","article_publisher":"https:\/\/www.facebook.com\/ColegioSalesianoSanJuanBoscoValencia","article_published_time":"2018-01-13T15:13:55+00:00","article_modified_time":"2018-01-13T15:16:35+00:00","og_image":[{"width":4128,"height":3096,"url":"https:\/\/valenciasjb.salesianos.edu\/colegio\/wp-content\/uploads\/sites\/2\/2018\/01\/20180113_114201.jpg","type":"image\/jpeg"}],"author":"veronicapastor","twitter_card":"summary_large_image","twitter_creator":"@SalesianosVSJB","twitter_site":"@SalesianosVSJB","twitter_misc":{"Escrito por":"veronicapastor","Tiempo de lectura":"2 minutos"},"schema":{"@context":"https:\/\/schema.org","@graph":[{"@type":"Article","@id":"https:\/\/valenciasjb.salesianos.edu\/colegio\/la-casa-salesiana-san-juan-bosco-de-valencia-acoge-las-jornadas-de-pastoral-juvenil-2\/#article","isPartOf":{"@id":"https:\/\/valenciasjb.salesianos.edu\/colegio\/la-casa-salesiana-san-juan-bosco-de-valencia-acoge-las-jornadas-de-pastoral-juvenil-2\/"},"author":{"name":"veronicapastor","@id":"https:\/\/valenciasjb.salesianos.edu\/colegio\/#\/schema\/person\/1f45b67e52b27da175190a574db6bed9"},"headline":"La casa salesiana San Juan Bosco de Valencia acoge las Jornadas de Pastoral Juvenil","datePublished":"2018-01-13T15:13:55+00:00","dateModified":"2018-01-13T15:16:35+00:00","mainEntityOfPage":{"@id":"https:\/\/valenciasjb.salesianos.edu\/colegio\/la-casa-salesiana-san-juan-bosco-de-valencia-acoge-las-jornadas-de-pastoral-juvenil-2\/"},"wordCount":512,"image":{"@id":"https:\/\/valenciasjb.salesianos.edu\/colegio\/la-casa-salesiana-san-juan-bosco-de-valencia-acoge-las-jornadas-de-pastoral-juvenil-2\/#primaryimage"},"thumbnailUrl":"https:\/\/valenciasjb.salesianos.edu\/colegio\/wp-content\/uploads\/sites\/2\/2018\/01\/20180113_114201.jpg","articleSection":["Noticias"],"inLanguage":"es"},{"@type":"WebPage","@id":"https:\/\/valenciasjb.salesianos.edu\/colegio\/la-casa-salesiana-san-juan-bosco-de-valencia-acoge-las-jornadas-de-pastoral-juvenil-2\/","url":"https:\/\/valenciasjb.salesianos.edu\/colegio\/la-casa-salesiana-san-juan-bosco-de-valencia-acoge-las-jornadas-de-pastoral-juvenil-2\/","name":"La casa salesiana San Juan Bosco de Valencia acoge las Jornadas de Pastoral Juvenil - Colegio San Juan Bosco Valencia","isPartOf":{"@id":"https:\/\/valenciasjb.salesianos.edu\/colegio\/#website"},"primaryImageOfPage":{"@id":"https:\/\/valenciasjb.salesianos.edu\/colegio\/la-casa-salesiana-san-juan-bosco-de-valencia-acoge-las-jornadas-de-pastoral-juvenil-2\/#primaryimage"},"image":{"@id":"https:\/\/valenciasjb.salesianos.edu\/colegio\/la-casa-salesiana-san-juan-bosco-de-valencia-acoge-las-jornadas-de-pastoral-juvenil-2\/#primaryimage"},"thumbnailUrl":"https:\/\/valenciasjb.salesianos.edu\/colegio\/wp-content\/uploads\/sites\/2\/2018\/01\/20180113_114201.jpg","datePublished":"2018-01-13T15:13:55+00:00","dateModified":"2018-01-13T15:16:35+00:00","author":{"@id":"https:\/\/valenciasjb.salesianos.edu\/colegio\/#\/schema\/person\/1f45b67e52b27da175190a574db6bed9"},"breadcrumb":{"@id":"https:\/\/valenciasjb.salesianos.edu\/colegio\/la-casa-salesiana-san-juan-bosco-de-valencia-acoge-las-jornadas-de-pastoral-juvenil-2\/#breadcrumb"},"inLanguage":"es","potentialAction":[{"@type":"ReadAction","target":["https:\/\/valenciasjb.salesianos.edu\/colegio\/la-casa-salesiana-san-juan-bosco-de-valencia-acoge-las-jornadas-de-pastoral-juvenil-2\/"]}]},{"@type":"ImageObject","inLanguage":"es","@id":"https:\/\/valenciasjb.salesianos.edu\/colegio\/la-casa-salesiana-san-juan-bosco-de-valencia-acoge-las-jornadas-de-pastoral-juvenil-2\/#primaryimage","url":"https:\/\/valenciasjb.salesianos.edu\/colegio\/wp-content\/uploads\/sites\/2\/2018\/01\/20180113_114201.jpg","contentUrl":"https:\/\/valenciasjb.salesianos.edu\/colegio\/wp-content\/uploads\/sites\/2\/2018\/01\/20180113_114201.jpg","width":4128,"height":3096},{"@type":"BreadcrumbList","@id":"https:\/\/valenciasjb.salesianos.edu\/colegio\/la-casa-salesiana-san-juan-bosco-de-valencia-acoge-las-jornadas-de-pastoral-juvenil-2\/#breadcrumb","itemListElement":[{"@type":"ListItem","position":1,"name":"Portada","item":"https:\/\/valenciasjb.salesianos.edu\/colegio\/"},{"@type":"ListItem","position":2,"name":"La casa salesiana San Juan Bosco de Valencia acoge las Jornadas de Pastoral Juvenil"}]},{"@type":"WebSite","@id":"https:\/\/valenciasjb.salesianos.edu\/colegio\/#website","url":"https:\/\/valenciasjb.salesianos.edu\/colegio\/","name":"Colegio San Juan Bosco Valencia","description":"P\u00e1gina oficial del Colegio Salesianos San Juan Bosco Valencia","alternateName":"Salesianos.VSJB","potentialAction":[{"@type":"SearchAction","target":{"@type":"EntryPoint","urlTemplate":"https:\/\/valenciasjb.salesianos.edu\/colegio\/?s={search_term_string}"},"query-input":{"@type":"PropertyValueSpecification","valueRequired":true,"valueName":"search_term_string"}}],"inLanguage":"es"},{"@type":"Person","@id":"https:\/\/valenciasjb.salesianos.edu\/colegio\/#\/schema\/person\/1f45b67e52b27da175190a574db6bed9","name":"veronicapastor","image":{"@type":"ImageObject","inLanguage":"es","@id":"https:\/\/secure.gravatar.com\/avatar\/e29bd40bace3fd935e1d6fdb7313ffc14628cc037c5e16f4c7369b20a2a6f7f0?s=96&d=mm&r=g","url":"https:\/\/secure.gravatar.com\/avatar\/e29bd40bace3fd935e1d6fdb7313ffc14628cc037c5e16f4c7369b20a2a6f7f0?s=96&d=mm&r=g","contentUrl":"https:\/\/secure.gravatar.com\/avatar\/e29bd40bace3fd935e1d6fdb7313ffc14628cc037c5e16f4c7369b20a2a6f7f0?s=96&d=mm&r=g","caption":"veronicapastor"}}]}},"_links":{"self":[{"href":"https:\/\/valenciasjb.salesianos.edu\/colegio\/wp-json\/wp\/v2\/posts\/8014","targetHints":{"allow":["GET"]}}],"collection":[{"href":"https:\/\/valenciasjb.salesianos.edu\/colegio\/wp-json\/wp\/v2\/posts"}],"about":[{"href":"https:\/\/valenciasjb.salesianos.edu\/colegio\/wp-json\/wp\/v2\/types\/post"}],"author":[{"embeddable":true,"href":"https:\/\/valenciasjb.salesianos.edu\/colegio\/wp-json\/wp\/v2\/users\/6"}],"replies":[{"embeddable":true,"href":"https:\/\/valenciasjb.salesianos.edu\/colegio\/wp-json\/wp\/v2\/comments?post=8014"}],"version-history":[{"count":3,"href":"https:\/\/valenciasjb.salesianos.edu\/colegio\/wp-json\/wp\/v2\/posts\/8014\/revisions"}],"predecessor-version":[{"id":8020,"href":"https:\/\/valenciasjb.salesianos.edu\/colegio\/wp-json\/wp\/v2\/posts\/8014\/revisions\/8020"}],"wp:featuredmedia":[{"embeddable":true,"href":"https:\/\/valenciasjb.salesianos.edu\/colegio\/wp-json\/wp\/v2\/media\/8011"}],"wp:attachment":[{"href":"https:\/\/valenciasjb.salesianos.edu\/colegio\/wp-json\/wp\/v2\/media?parent=8014"}],"wp:term":[{"taxonomy":"category","embeddable":true,"href":"https:\/\/valenciasjb.salesianos.edu\/colegio\/wp-json\/wp\/v2\/categories?post=8014"},{"taxonomy":"post_tag","embeddable":true,"href":"https:\/\/valenciasjb.salesianos.edu\/colegio\/wp-json\/wp\/v2\/tags?post=8014"}],"curies":[{"name":"wp","href":"https:\/\/api.w.org\/{rel}","templated":true}]}}