{"id":8084,"date":"2018-01-22T13:33:14","date_gmt":"2018-01-22T12:33:14","guid":{"rendered":"https:\/\/valenciasjb.salesianos.edu\/colegio\/?p=8084"},"modified":"2018-01-22T13:33:14","modified_gmt":"2018-01-22T12:33:14","slug":"los-alumnos-de-la-etapa-de-infantil-se-preparan-para-la-llegada-de-la-fiesta-de-don-bosco","status":"publish","type":"post","link":"https:\/\/valenciasjb.salesianos.edu\/colegio\/los-alumnos-de-la-etapa-de-infantil-se-preparan-para-la-llegada-de-la-fiesta-de-don-bosco\/","title":{"rendered":"Los alumnos de la etapa de Infantil se preparan para la llegada de la fiesta de Don Bosco"},"content":{"rendered":"<div id=\"fb-root\"><\/div>\n<p>[et_pb_section bb_built=\u00bb1&#8243; admin_label=\u00bbsection\u00bb][et_pb_row admin_label=\u00bbrow\u00bb background_position=\u00bbtop_left\u00bb background_repeat=\u00bbrepeat\u00bb background_size=\u00bbinitial\u00bb][et_pb_column type=\u00bb4_4&#8243;][et_pb_text admin_label=\u00bbEntradilla (Texto)\u00bb _builder_version=\u00bb3.0.95&#8243; background_layout=\u00bblight\u00bb text_orientation=\u00bbjustified\u00bb text_font=\u00bb|on|||\u00bb module_alignment=\u00bbleft\u00bb]<\/p>\n<div id=\"resumen\">\n<p><strong>Durante todo el mes de enero, el pabell\u00f3n de Infantil, se prepara para el d\u00eda grande del Colegio: la fiesta de \u201cDon\u00a0 Bosco\u201d.<\/strong><\/p>\n<p><strong><br \/>\n<\/strong><\/div>\n<div><\/div>\n<p>[\/et_pb_text][et_pb_text admin_label=\u00bbAutor (Texto)\u00bb _builder_version=\u00bb3.0.95&#8243; background_layout=\u00bblight\u00bb text_font=\u00bb||on||\u00bb]<\/p>\n<p>Carmen Ros. Profesora Ed. Infantil.<\/p>\n<p>[\/et_pb_text][et_pb_text admin_label=\u00bbDesarrollo (Texto)\u00bb _builder_version=\u00bb3.0.95&#8243; background_layout=\u00bblight\u00bb text_orientation=\u00bbjustified\u00bb module_alignment=\u00bbleft\u00bb]<\/p>\n<p><img loading=\"lazy\" decoding=\"async\" class=\"alignnone  wp-image-8092\" src=\"https:\/\/valenciasjb.salesianos.edu\/colegio\/wp-content\/uploads\/sites\/2\/2018\/01\/DECORACI\u00d3N-3-A\u00d1OS-IMG_1282-300x133.jpg\" alt=\"\" width=\"830\" height=\"368\" srcset=\"https:\/\/valenciasjb.salesianos.edu\/colegio\/wp-content\/uploads\/sites\/2\/2018\/01\/DECORACI\u00d3N-3-A\u00d1OS-IMG_1282-300x133.jpg 300w, https:\/\/valenciasjb.salesianos.edu\/colegio\/wp-content\/uploads\/sites\/2\/2018\/01\/DECORACI\u00d3N-3-A\u00d1OS-IMG_1282-768x341.jpg 768w, https:\/\/valenciasjb.salesianos.edu\/colegio\/wp-content\/uploads\/sites\/2\/2018\/01\/DECORACI\u00d3N-3-A\u00d1OS-IMG_1282-1024x455.jpg 1024w, https:\/\/valenciasjb.salesianos.edu\/colegio\/wp-content\/uploads\/sites\/2\/2018\/01\/DECORACI\u00d3N-3-A\u00d1OS-IMG_1282-1080x480.jpg 1080w\" sizes=\"(max-width: 830px) 100vw, 830px\" \/><\/p>\n<p>Engalanando las clases, pasillos y hall del edifico, realizando diversas actividades para la ocasi\u00f3n, como \u201cBuenos d\u00edas\u201d dedicados a nuestro patr\u00f3n, talleres con alumnos voluntarios de Bachillerato&#8230; Cada nivel prepara la llegada de la gran fiesta de diferente manera.<\/p>\n<p>Los alumnos m\u00e1s peque\u00f1os del colegio junto a sus maestras, preparan actividades y recuerdan con intensidad, la vida de Don Bosco, su ni\u00f1ez, su juventud, lo bueno que era, lo mucho que ayudaba y quer\u00eda a los j\u00f3venes.<\/p>\n<p>Adem\u00e1s, los alumnos de 4 a\u00f1os, recuerdan a Don Bosco llev\u00e1ndose cada d\u00eda a casa, un mu\u00f1eco de la figura de Juan Bosco para poder disfrutar junto a su familia de \u201cun d\u00eda con Don Bosco\u201d.<\/p>\n<p>Finalmente, los alumnos de 5 a\u00f1os han dedicado unas\u00a0 bonitas palabras a Don Bosco en un magn\u00edfico mural.<\/p>\n<p>Todos los alumnos esperan con ilusi\u00f3n a que llegue ese gran d\u00eda, para divertirse y disfrutar recordando a Don Bosco y jugando con todos sus compa\u00f1eros.\u00a0Es un gran mes, un mes de recuerdos, un mes de ilusi\u00f3n para vivirlo todos juntos. \u00a1Viva Don Bosco!<\/p>\n<p>[\/et_pb_text][et_pb_text admin_label=\u00bbT\u00edtulo: Galer\u00eda de fotos (Texto)\u00bb _builder_version=\u00bb3.0.76&#8243; background_layout=\u00bblight\u00bb text_font=\u00bb|on|||\u00bb text_text_color=\u00bb#dc001b\u00bb border_style=\u00bbsolid\u00bb disabled=\u00bboff\u00bb disabled_on=\u00bboff|on|on\u00bb]<\/p>\n<p>Galer\u00eda de im\u00e1genes<\/p>\n<p>[\/et_pb_text][et_pb_gallery _builder_version=\u00bb3.0.95&#8243; posts_number=\u00bb8&#8243; show_title_and_caption=\u00bboff\u00bb show_pagination=\u00bbon\u00bb fullwidth=\u00bboff\u00bb orientation=\u00bblandscape\u00bb zoom_icon_color=\u00bb#dc001b\u00bb hover_overlay_color=\u00bbrgba(255,255,255,0.9)\u00bb hover_icon=\u00bb%%51%%\u00bb background_layout=\u00bblight\u00bb disabled=\u00bboff\u00bb disabled_on=\u00bboff|off|off\u00bb gallery_ids=\u00bb8087,8086,8089,8090,8091,8096,8094,8093&#8243; pagination_font_size_tablet=\u00bb51&#8243; pagination_line_height_tablet=\u00bb2&#8243; \/][et_pb_video _builder_version=\u00bb3.0.51&#8243; disabled=\u00bbon\u00bb disabled_on=\u00bbon|on|on\u00bb \/][\/et_pb_column][\/et_pb_row][\/et_pb_section]<\/p>\n<!-- AddThis Advanced Settings generic via filter on the_content --><!-- AddThis Share Buttons generic via filter on the_content -->","protected":false},"excerpt":{"rendered":"<p>Durante todo el mes de enero, el pabell\u00f3n de Infantil, se prepara para el d\u00eda grande del Colegio: la fiesta de \u201cDon\u00a0 Bosco\u201d. Carmen Ros. Profesora Ed. Infantil. Engalanando las clases, pasillos y hall del edifico, realizando diversas actividades para la ocasi\u00f3n, como \u201cBuenos d\u00edas\u201d dedicados a nuestro patr\u00f3n, talleres con alumnos voluntarios de Bachillerato&#8230; [&hellip;]<\/p>\n<p><!-- AddThis Advanced Settings generic via filter on get_the_excerpt --><!-- AddThis Share Buttons generic via filter on get_the_excerpt --><\/p>\n","protected":false},"author":6,"featured_media":8088,"comment_status":"closed","ping_status":"open","sticky":false,"template":"","format":"standard","meta":{"_et_pb_use_builder":"on","_et_pb_old_content":"","_et_gb_content_width":"","footnotes":""},"categories":[14],"tags":[],"class_list":["post-8084","post","type-post","status-publish","format-standard","has-post-thumbnail","hentry","category-noticia_colegio"],"yoast_head":"<!-- This site is optimized with the Yoast SEO plugin v28.4 - https:\/\/yoast.com\/product\/yoast-seo-wordpress\/ -->\n<title>Los alumnos de la etapa de Infantil se preparan para la llegada de la fiesta de Don Bosco - Colegio San Juan Bosco Valencia<\/title>\n<meta name=\"robots\" content=\"index, follow, max-snippet:-1, max-image-preview:large, max-video-preview:-1\" \/>\n<link rel=\"canonical\" href=\"https:\/\/valenciasjb.salesianos.edu\/colegio\/los-alumnos-de-la-etapa-de-infantil-se-preparan-para-la-llegada-de-la-fiesta-de-don-bosco\/\" \/>\n<meta property=\"og:locale\" content=\"es_ES\" \/>\n<meta property=\"og:type\" content=\"article\" \/>\n<meta property=\"og:title\" content=\"Los alumnos de la etapa de Infantil se preparan para la llegada de la fiesta de Don Bosco - Colegio San Juan Bosco Valencia\" \/>\n<meta property=\"og:description\" content=\"Durante todo el mes de enero, el pabell\u00f3n de Infantil, se prepara para el d\u00eda grande del Colegio: la fiesta de \u201cDon\u00a0 Bosco\u201d. Carmen Ros. Profesora Ed. Infantil. Engalanando las clases, pasillos y hall del edifico, realizando diversas actividades para la ocasi\u00f3n, como \u201cBuenos d\u00edas\u201d dedicados a nuestro patr\u00f3n, talleres con alumnos voluntarios de Bachillerato... [&hellip;]\" \/>\n<meta property=\"og:url\" content=\"https:\/\/valenciasjb.salesianos.edu\/colegio\/los-alumnos-de-la-etapa-de-infantil-se-preparan-para-la-llegada-de-la-fiesta-de-don-bosco\/\" \/>\n<meta property=\"og:site_name\" content=\"Colegio San Juan Bosco Valencia\" \/>\n<meta property=\"article:publisher\" content=\"https:\/\/www.facebook.com\/ColegioSalesianoSanJuanBoscoValencia\" \/>\n<meta property=\"article:published_time\" content=\"2018-01-22T12:33:14+00:00\" \/>\n<meta property=\"og:image\" content=\"https:\/\/valenciasjb.salesianos.edu\/colegio\/wp-content\/uploads\/sites\/2\/2018\/01\/4-A\u00d1OS-IMG_1305.jpg\" \/>\n\t<meta property=\"og:image:width\" content=\"3613\" \/>\n\t<meta property=\"og:image:height\" content=\"2656\" \/>\n\t<meta property=\"og:image:type\" content=\"image\/jpeg\" \/>\n<meta name=\"author\" content=\"veronicapastor\" \/>\n<meta name=\"twitter:card\" content=\"summary_large_image\" \/>\n<meta name=\"twitter:creator\" content=\"@SalesianosVSJB\" \/>\n<meta name=\"twitter:site\" content=\"@SalesianosVSJB\" \/>\n<meta name=\"twitter:label1\" content=\"Escrito por\" \/>\n\t<meta name=\"twitter:data1\" content=\"veronicapastor\" \/>\n\t<meta name=\"twitter:label2\" content=\"Tiempo de lectura\" \/>\n\t<meta name=\"twitter:data2\" content=\"2 minutos\" \/>\n<script type=\"application\/ld+json\" class=\"yoast-schema-graph\">{\"@context\":\"https:\\\/\\\/schema.org\",\"@graph\":[{\"@type\":\"Article\",\"@id\":\"https:\\\/\\\/valenciasjb.salesianos.edu\\\/colegio\\\/los-alumnos-de-la-etapa-de-infantil-se-preparan-para-la-llegada-de-la-fiesta-de-don-bosco\\\/#article\",\"isPartOf\":{\"@id\":\"https:\\\/\\\/valenciasjb.salesianos.edu\\\/colegio\\\/los-alumnos-de-la-etapa-de-infantil-se-preparan-para-la-llegada-de-la-fiesta-de-don-bosco\\\/\"},\"author\":{\"name\":\"veronicapastor\",\"@id\":\"https:\\\/\\\/valenciasjb.salesianos.edu\\\/colegio\\\/#\\\/schema\\\/person\\\/1f45b67e52b27da175190a574db6bed9\"},\"headline\":\"Los alumnos de la etapa de Infantil se preparan para la llegada de la fiesta de Don Bosco\",\"datePublished\":\"2018-01-22T12:33:14+00:00\",\"mainEntityOfPage\":{\"@id\":\"https:\\\/\\\/valenciasjb.salesianos.edu\\\/colegio\\\/los-alumnos-de-la-etapa-de-infantil-se-preparan-para-la-llegada-de-la-fiesta-de-don-bosco\\\/\"},\"wordCount\":447,\"image\":{\"@id\":\"https:\\\/\\\/valenciasjb.salesianos.edu\\\/colegio\\\/los-alumnos-de-la-etapa-de-infantil-se-preparan-para-la-llegada-de-la-fiesta-de-don-bosco\\\/#primaryimage\"},\"thumbnailUrl\":\"https:\\\/\\\/valenciasjb.salesianos.edu\\\/colegio\\\/wp-content\\\/uploads\\\/sites\\\/2\\\/2018\\\/01\\\/4-A\u00d1OS-IMG_1305.jpg\",\"articleSection\":[\"Noticia Colegio\"],\"inLanguage\":\"es\"},{\"@type\":\"WebPage\",\"@id\":\"https:\\\/\\\/valenciasjb.salesianos.edu\\\/colegio\\\/los-alumnos-de-la-etapa-de-infantil-se-preparan-para-la-llegada-de-la-fiesta-de-don-bosco\\\/\",\"url\":\"https:\\\/\\\/valenciasjb.salesianos.edu\\\/colegio\\\/los-alumnos-de-la-etapa-de-infantil-se-preparan-para-la-llegada-de-la-fiesta-de-don-bosco\\\/\",\"name\":\"Los alumnos de la etapa de Infantil se preparan para la llegada de la fiesta de Don Bosco - Colegio San Juan Bosco Valencia\",\"isPartOf\":{\"@id\":\"https:\\\/\\\/valenciasjb.salesianos.edu\\\/colegio\\\/#website\"},\"primaryImageOfPage\":{\"@id\":\"https:\\\/\\\/valenciasjb.salesianos.edu\\\/colegio\\\/los-alumnos-de-la-etapa-de-infantil-se-preparan-para-la-llegada-de-la-fiesta-de-don-bosco\\\/#primaryimage\"},\"image\":{\"@id\":\"https:\\\/\\\/valenciasjb.salesianos.edu\\\/colegio\\\/los-alumnos-de-la-etapa-de-infantil-se-preparan-para-la-llegada-de-la-fiesta-de-don-bosco\\\/#primaryimage\"},\"thumbnailUrl\":\"https:\\\/\\\/valenciasjb.salesianos.edu\\\/colegio\\\/wp-content\\\/uploads\\\/sites\\\/2\\\/2018\\\/01\\\/4-A\u00d1OS-IMG_1305.jpg\",\"datePublished\":\"2018-01-22T12:33:14+00:00\",\"author\":{\"@id\":\"https:\\\/\\\/valenciasjb.salesianos.edu\\\/colegio\\\/#\\\/schema\\\/person\\\/1f45b67e52b27da175190a574db6bed9\"},\"breadcrumb\":{\"@id\":\"https:\\\/\\\/valenciasjb.salesianos.edu\\\/colegio\\\/los-alumnos-de-la-etapa-de-infantil-se-preparan-para-la-llegada-de-la-fiesta-de-don-bosco\\\/#breadcrumb\"},\"inLanguage\":\"es\",\"potentialAction\":[{\"@type\":\"ReadAction\",\"target\":[\"https:\\\/\\\/valenciasjb.salesianos.edu\\\/colegio\\\/los-alumnos-de-la-etapa-de-infantil-se-preparan-para-la-llegada-de-la-fiesta-de-don-bosco\\\/\"]}]},{\"@type\":\"ImageObject\",\"inLanguage\":\"es\",\"@id\":\"https:\\\/\\\/valenciasjb.salesianos.edu\\\/colegio\\\/los-alumnos-de-la-etapa-de-infantil-se-preparan-para-la-llegada-de-la-fiesta-de-don-bosco\\\/#primaryimage\",\"url\":\"https:\\\/\\\/valenciasjb.salesianos.edu\\\/colegio\\\/wp-content\\\/uploads\\\/sites\\\/2\\\/2018\\\/01\\\/4-A\u00d1OS-IMG_1305.jpg\",\"contentUrl\":\"https:\\\/\\\/valenciasjb.salesianos.edu\\\/colegio\\\/wp-content\\\/uploads\\\/sites\\\/2\\\/2018\\\/01\\\/4-A\u00d1OS-IMG_1305.jpg\",\"width\":3613,\"height\":2656},{\"@type\":\"BreadcrumbList\",\"@id\":\"https:\\\/\\\/valenciasjb.salesianos.edu\\\/colegio\\\/los-alumnos-de-la-etapa-de-infantil-se-preparan-para-la-llegada-de-la-fiesta-de-don-bosco\\\/#breadcrumb\",\"itemListElement\":[{\"@type\":\"ListItem\",\"position\":1,\"name\":\"Portada\",\"item\":\"https:\\\/\\\/valenciasjb.salesianos.edu\\\/colegio\\\/\"},{\"@type\":\"ListItem\",\"position\":2,\"name\":\"Los alumnos de la etapa de Infantil se preparan para la llegada de la fiesta de Don Bosco\"}]},{\"@type\":\"WebSite\",\"@id\":\"https:\\\/\\\/valenciasjb.salesianos.edu\\\/colegio\\\/#website\",\"url\":\"https:\\\/\\\/valenciasjb.salesianos.edu\\\/colegio\\\/\",\"name\":\"Colegio San Juan Bosco Valencia\",\"description\":\"P\u00e1gina oficial del Colegio Salesianos San Juan Bosco Valencia\",\"alternateName\":\"Salesianos.VSJB\",\"potentialAction\":[{\"@type\":\"SearchAction\",\"target\":{\"@type\":\"EntryPoint\",\"urlTemplate\":\"https:\\\/\\\/valenciasjb.salesianos.edu\\\/colegio\\\/?s={search_term_string}\"},\"query-input\":{\"@type\":\"PropertyValueSpecification\",\"valueRequired\":true,\"valueName\":\"search_term_string\"}}],\"inLanguage\":\"es\"},{\"@type\":\"Person\",\"@id\":\"https:\\\/\\\/valenciasjb.salesianos.edu\\\/colegio\\\/#\\\/schema\\\/person\\\/1f45b67e52b27da175190a574db6bed9\",\"name\":\"veronicapastor\",\"image\":{\"@type\":\"ImageObject\",\"inLanguage\":\"es\",\"@id\":\"https:\\\/\\\/secure.gravatar.com\\\/avatar\\\/e29bd40bace3fd935e1d6fdb7313ffc14628cc037c5e16f4c7369b20a2a6f7f0?s=96&d=mm&r=g\",\"url\":\"https:\\\/\\\/secure.gravatar.com\\\/avatar\\\/e29bd40bace3fd935e1d6fdb7313ffc14628cc037c5e16f4c7369b20a2a6f7f0?s=96&d=mm&r=g\",\"contentUrl\":\"https:\\\/\\\/secure.gravatar.com\\\/avatar\\\/e29bd40bace3fd935e1d6fdb7313ffc14628cc037c5e16f4c7369b20a2a6f7f0?s=96&d=mm&r=g\",\"caption\":\"veronicapastor\"}}]}<\/script>\n<!-- \/ Yoast SEO plugin. -->","yoast_head_json":{"title":"Los alumnos de la etapa de Infantil se preparan para la llegada de la fiesta de Don Bosco - Colegio San Juan Bosco Valencia","robots":{"index":"index","follow":"follow","max-snippet":"max-snippet:-1","max-image-preview":"max-image-preview:large","max-video-preview":"max-video-preview:-1"},"canonical":"https:\/\/valenciasjb.salesianos.edu\/colegio\/los-alumnos-de-la-etapa-de-infantil-se-preparan-para-la-llegada-de-la-fiesta-de-don-bosco\/","og_locale":"es_ES","og_type":"article","og_title":"Los alumnos de la etapa de Infantil se preparan para la llegada de la fiesta de Don Bosco - Colegio San Juan Bosco Valencia","og_description":"Durante todo el mes de enero, el pabell\u00f3n de Infantil, se prepara para el d\u00eda grande del Colegio: la fiesta de \u201cDon\u00a0 Bosco\u201d. Carmen Ros. Profesora Ed. Infantil. Engalanando las clases, pasillos y hall del edifico, realizando diversas actividades para la ocasi\u00f3n, como \u201cBuenos d\u00edas\u201d dedicados a nuestro patr\u00f3n, talleres con alumnos voluntarios de Bachillerato... [&hellip;]","og_url":"https:\/\/valenciasjb.salesianos.edu\/colegio\/los-alumnos-de-la-etapa-de-infantil-se-preparan-para-la-llegada-de-la-fiesta-de-don-bosco\/","og_site_name":"Colegio San Juan Bosco Valencia","article_publisher":"https:\/\/www.facebook.com\/ColegioSalesianoSanJuanBoscoValencia","article_published_time":"2018-01-22T12:33:14+00:00","og_image":[{"width":3613,"height":2656,"url":"https:\/\/valenciasjb.salesianos.edu\/colegio\/wp-content\/uploads\/sites\/2\/2018\/01\/4-A\u00d1OS-IMG_1305.jpg","type":"image\/jpeg"}],"author":"veronicapastor","twitter_card":"summary_large_image","twitter_creator":"@SalesianosVSJB","twitter_site":"@SalesianosVSJB","twitter_misc":{"Escrito por":"veronicapastor","Tiempo de lectura":"2 minutos"},"schema":{"@context":"https:\/\/schema.org","@graph":[{"@type":"Article","@id":"https:\/\/valenciasjb.salesianos.edu\/colegio\/los-alumnos-de-la-etapa-de-infantil-se-preparan-para-la-llegada-de-la-fiesta-de-don-bosco\/#article","isPartOf":{"@id":"https:\/\/valenciasjb.salesianos.edu\/colegio\/los-alumnos-de-la-etapa-de-infantil-se-preparan-para-la-llegada-de-la-fiesta-de-don-bosco\/"},"author":{"name":"veronicapastor","@id":"https:\/\/valenciasjb.salesianos.edu\/colegio\/#\/schema\/person\/1f45b67e52b27da175190a574db6bed9"},"headline":"Los alumnos de la etapa de Infantil se preparan para la llegada de la fiesta de Don Bosco","datePublished":"2018-01-22T12:33:14+00:00","mainEntityOfPage":{"@id":"https:\/\/valenciasjb.salesianos.edu\/colegio\/los-alumnos-de-la-etapa-de-infantil-se-preparan-para-la-llegada-de-la-fiesta-de-don-bosco\/"},"wordCount":447,"image":{"@id":"https:\/\/valenciasjb.salesianos.edu\/colegio\/los-alumnos-de-la-etapa-de-infantil-se-preparan-para-la-llegada-de-la-fiesta-de-don-bosco\/#primaryimage"},"thumbnailUrl":"https:\/\/valenciasjb.salesianos.edu\/colegio\/wp-content\/uploads\/sites\/2\/2018\/01\/4-A\u00d1OS-IMG_1305.jpg","articleSection":["Noticia Colegio"],"inLanguage":"es"},{"@type":"WebPage","@id":"https:\/\/valenciasjb.salesianos.edu\/colegio\/los-alumnos-de-la-etapa-de-infantil-se-preparan-para-la-llegada-de-la-fiesta-de-don-bosco\/","url":"https:\/\/valenciasjb.salesianos.edu\/colegio\/los-alumnos-de-la-etapa-de-infantil-se-preparan-para-la-llegada-de-la-fiesta-de-don-bosco\/","name":"Los alumnos de la etapa de Infantil se preparan para la llegada de la fiesta de Don Bosco - Colegio San Juan Bosco Valencia","isPartOf":{"@id":"https:\/\/valenciasjb.salesianos.edu\/colegio\/#website"},"primaryImageOfPage":{"@id":"https:\/\/valenciasjb.salesianos.edu\/colegio\/los-alumnos-de-la-etapa-de-infantil-se-preparan-para-la-llegada-de-la-fiesta-de-don-bosco\/#primaryimage"},"image":{"@id":"https:\/\/valenciasjb.salesianos.edu\/colegio\/los-alumnos-de-la-etapa-de-infantil-se-preparan-para-la-llegada-de-la-fiesta-de-don-bosco\/#primaryimage"},"thumbnailUrl":"https:\/\/valenciasjb.salesianos.edu\/colegio\/wp-content\/uploads\/sites\/2\/2018\/01\/4-A\u00d1OS-IMG_1305.jpg","datePublished":"2018-01-22T12:33:14+00:00","author":{"@id":"https:\/\/valenciasjb.salesianos.edu\/colegio\/#\/schema\/person\/1f45b67e52b27da175190a574db6bed9"},"breadcrumb":{"@id":"https:\/\/valenciasjb.salesianos.edu\/colegio\/los-alumnos-de-la-etapa-de-infantil-se-preparan-para-la-llegada-de-la-fiesta-de-don-bosco\/#breadcrumb"},"inLanguage":"es","potentialAction":[{"@type":"ReadAction","target":["https:\/\/valenciasjb.salesianos.edu\/colegio\/los-alumnos-de-la-etapa-de-infantil-se-preparan-para-la-llegada-de-la-fiesta-de-don-bosco\/"]}]},{"@type":"ImageObject","inLanguage":"es","@id":"https:\/\/valenciasjb.salesianos.edu\/colegio\/los-alumnos-de-la-etapa-de-infantil-se-preparan-para-la-llegada-de-la-fiesta-de-don-bosco\/#primaryimage","url":"https:\/\/valenciasjb.salesianos.edu\/colegio\/wp-content\/uploads\/sites\/2\/2018\/01\/4-A\u00d1OS-IMG_1305.jpg","contentUrl":"https:\/\/valenciasjb.salesianos.edu\/colegio\/wp-content\/uploads\/sites\/2\/2018\/01\/4-A\u00d1OS-IMG_1305.jpg","width":3613,"height":2656},{"@type":"BreadcrumbList","@id":"https:\/\/valenciasjb.salesianos.edu\/colegio\/los-alumnos-de-la-etapa-de-infantil-se-preparan-para-la-llegada-de-la-fiesta-de-don-bosco\/#breadcrumb","itemListElement":[{"@type":"ListItem","position":1,"name":"Portada","item":"https:\/\/valenciasjb.salesianos.edu\/colegio\/"},{"@type":"ListItem","position":2,"name":"Los alumnos de la etapa de Infantil se preparan para la llegada de la fiesta de Don Bosco"}]},{"@type":"WebSite","@id":"https:\/\/valenciasjb.salesianos.edu\/colegio\/#website","url":"https:\/\/valenciasjb.salesianos.edu\/colegio\/","name":"Colegio San Juan Bosco Valencia","description":"P\u00e1gina oficial del Colegio Salesianos San Juan Bosco Valencia","alternateName":"Salesianos.VSJB","potentialAction":[{"@type":"SearchAction","target":{"@type":"EntryPoint","urlTemplate":"https:\/\/valenciasjb.salesianos.edu\/colegio\/?s={search_term_string}"},"query-input":{"@type":"PropertyValueSpecification","valueRequired":true,"valueName":"search_term_string"}}],"inLanguage":"es"},{"@type":"Person","@id":"https:\/\/valenciasjb.salesianos.edu\/colegio\/#\/schema\/person\/1f45b67e52b27da175190a574db6bed9","name":"veronicapastor","image":{"@type":"ImageObject","inLanguage":"es","@id":"https:\/\/secure.gravatar.com\/avatar\/e29bd40bace3fd935e1d6fdb7313ffc14628cc037c5e16f4c7369b20a2a6f7f0?s=96&d=mm&r=g","url":"https:\/\/secure.gravatar.com\/avatar\/e29bd40bace3fd935e1d6fdb7313ffc14628cc037c5e16f4c7369b20a2a6f7f0?s=96&d=mm&r=g","contentUrl":"https:\/\/secure.gravatar.com\/avatar\/e29bd40bace3fd935e1d6fdb7313ffc14628cc037c5e16f4c7369b20a2a6f7f0?s=96&d=mm&r=g","caption":"veronicapastor"}}]}},"_links":{"self":[{"href":"https:\/\/valenciasjb.salesianos.edu\/colegio\/wp-json\/wp\/v2\/posts\/8084","targetHints":{"allow":["GET"]}}],"collection":[{"href":"https:\/\/valenciasjb.salesianos.edu\/colegio\/wp-json\/wp\/v2\/posts"}],"about":[{"href":"https:\/\/valenciasjb.salesianos.edu\/colegio\/wp-json\/wp\/v2\/types\/post"}],"author":[{"embeddable":true,"href":"https:\/\/valenciasjb.salesianos.edu\/colegio\/wp-json\/wp\/v2\/users\/6"}],"replies":[{"embeddable":true,"href":"https:\/\/valenciasjb.salesianos.edu\/colegio\/wp-json\/wp\/v2\/comments?post=8084"}],"version-history":[{"count":2,"href":"https:\/\/valenciasjb.salesianos.edu\/colegio\/wp-json\/wp\/v2\/posts\/8084\/revisions"}],"predecessor-version":[{"id":8098,"href":"https:\/\/valenciasjb.salesianos.edu\/colegio\/wp-json\/wp\/v2\/posts\/8084\/revisions\/8098"}],"wp:featuredmedia":[{"embeddable":true,"href":"https:\/\/valenciasjb.salesianos.edu\/colegio\/wp-json\/wp\/v2\/media\/8088"}],"wp:attachment":[{"href":"https:\/\/valenciasjb.salesianos.edu\/colegio\/wp-json\/wp\/v2\/media?parent=8084"}],"wp:term":[{"taxonomy":"category","embeddable":true,"href":"https:\/\/valenciasjb.salesianos.edu\/colegio\/wp-json\/wp\/v2\/categories?post=8084"},{"taxonomy":"post_tag","embeddable":true,"href":"https:\/\/valenciasjb.salesianos.edu\/colegio\/wp-json\/wp\/v2\/tags?post=8084"}],"curies":[{"name":"wp","href":"https:\/\/api.w.org\/{rel}","templated":true}]}}