{"id":8130,"date":"2018-01-31T22:08:42","date_gmt":"2018-01-31T21:08:42","guid":{"rendered":"https:\/\/valenciasjb.salesianos.edu\/colegio\/?p=8130"},"modified":"2018-01-31T22:08:42","modified_gmt":"2018-01-31T21:08:42","slug":"la-misa-en-familia-en-honor-a-san-juan-bosco-reune-a-gran-parte-de-la-comunidad-educativa","status":"publish","type":"post","link":"https:\/\/valenciasjb.salesianos.edu\/colegio\/la-misa-en-familia-en-honor-a-san-juan-bosco-reune-a-gran-parte-de-la-comunidad-educativa\/","title":{"rendered":"La Misa en Familia en honor a San Juan Bosco re\u00fane a gran parte de la comunidad educativa"},"content":{"rendered":"<div id=\"fb-root\"><\/div>\n<p>[et_pb_section bb_built=\u00bb1&#8243; admin_label=\u00bbsection\u00bb][et_pb_row admin_label=\u00bbrow\u00bb background_position=\u00bbtop_left\u00bb background_repeat=\u00bbrepeat\u00bb background_size=\u00bbinitial\u00bb][et_pb_column type=\u00bb4_4&#8243;][et_pb_text admin_label=\u00bbEntradilla (Texto)\u00bb _builder_version=\u00bb3.0.95&#8243; background_layout=\u00bblight\u00bb text_orientation=\u00bbjustified\u00bb text_font=\u00bb|on|||\u00bb module_alignment=\u00bbleft\u00bb]<\/p>\n<div id=\"resumen\"><b>El mi\u00e9rcoles 31 de enero, a las 19 horas, la Misa en Familia en honor a San Juan Bosco ha reunido a una nutrida representaci\u00f3n de la comunidad educativa, que ha acudido a la iglesia para una celebraci\u00f3n de la palabra donde los protagonistas, como no pod\u00eda ser de otra manera, han sido los j\u00f3venes.<\/b><\/div>\n<p>[\/et_pb_text][et_pb_text admin_label=\u00bbAutor (Texto)\u00bb _builder_version=\u00bb3.0.95&#8243; background_layout=\u00bblight\u00bb text_font=\u00bb||on||\u00bb]<\/p>\n<p>Redacci\u00f3n<\/p>\n<p>[\/et_pb_text][et_pb_text admin_label=\u00bbDesarrollo (Texto)\u00bb _builder_version=\u00bb3.0.95&#8243; background_layout=\u00bblight\u00bb text_orientation=\u00bbjustified\u00bb module_alignment=\u00bbleft\u00bb]<\/p>\n<p><img loading=\"lazy\" decoding=\"async\" class=\"alignnone  wp-image-8133\" src=\"https:\/\/valenciasjb.salesianos.edu\/colegio\/wp-content\/uploads\/sites\/2\/2018\/01\/20180131_195952-300x225.jpg\" alt=\"\" width=\"805\" height=\"604\" srcset=\"https:\/\/valenciasjb.salesianos.edu\/colegio\/wp-content\/uploads\/sites\/2\/2018\/01\/20180131_195952-300x225.jpg 300w, https:\/\/valenciasjb.salesianos.edu\/colegio\/wp-content\/uploads\/sites\/2\/2018\/01\/20180131_195952-768x576.jpg 768w, https:\/\/valenciasjb.salesianos.edu\/colegio\/wp-content\/uploads\/sites\/2\/2018\/01\/20180131_195952-1024x768.jpg 1024w, https:\/\/valenciasjb.salesianos.edu\/colegio\/wp-content\/uploads\/sites\/2\/2018\/01\/20180131_195952-510x382.jpg 510w, https:\/\/valenciasjb.salesianos.edu\/colegio\/wp-content\/uploads\/sites\/2\/2018\/01\/20180131_195952-1080x810.jpg 1080w\" sizes=\"(max-width: 805px) 100vw, 805px\" \/><\/p>\n<p>La homil\u00eda de esta especial Misa en Familia en honor a Don Bosco ha girado en torno a los ni\u00f1os y ni\u00f1as y los j\u00f3venes. Tal y como Jes\u00fas nos mostr\u00f3 con su ejemplo, debemos nosotros acoger a los j\u00f3venes de forma incondicional; quererlos y guiarlos sin esperar nada a cambio, porque ellos son el futuro y la esperanza de un mundo mejor para todos.<\/p>\n<p>Alumnos y alumnas han participado en las ofrendas, as\u00ed como en el rezo del Padre nuestro, para lo cual han subido al altar. Un coro de representantes de toda la comunidad educativa ha amenizado la celebraci\u00f3n.<\/p>\n<p>La gran sorpresa de la tarde ha sido la presentaci\u00f3n del Piso Main, o piso de emancipaci\u00f3n, que la casa salesiana San Juan Bosco ha puesto en marcha, en coordinaci\u00f3n con la Fundaci\u00f3n \u00c1ngel Tom\u00e1s, y que contar\u00e1 con la gesti\u00f3n de la educadora Anna Estell\u00e9s.<\/p>\n<p>En definitiva, unos especiales momentos para compartir en un d\u00eda tan especial como es el de Don Bosco. \u00a1Viva Don Bosco!<\/p>\n<p>[\/et_pb_text][et_pb_text admin_label=\u00bbT\u00edtulo: Galer\u00eda de fotos (Texto)\u00bb _builder_version=\u00bb3.0.76&#8243; background_layout=\u00bblight\u00bb text_font=\u00bb|on|||\u00bb text_text_color=\u00bb#dc001b\u00bb border_style=\u00bbsolid\u00bb disabled=\u00bboff\u00bb disabled_on=\u00bboff|on|on\u00bb]<\/p>\n<p>Galer\u00eda de im\u00e1genes<\/p>\n<p>[\/et_pb_text][et_pb_gallery _builder_version=\u00bb3.0.95&#8243; posts_number=\u00bb8&#8243; show_title_and_caption=\u00bboff\u00bb show_pagination=\u00bbon\u00bb fullwidth=\u00bboff\u00bb orientation=\u00bblandscape\u00bb zoom_icon_color=\u00bb#dc001b\u00bb hover_overlay_color=\u00bbrgba(255,255,255,0.9)\u00bb hover_icon=\u00bb%%51%%\u00bb background_layout=\u00bblight\u00bb disabled=\u00bboff\u00bb disabled_on=\u00bboff|off|off\u00bb gallery_ids=\u00bb8138,8137,8136,8135,8134,8133,8132,8131&#8243; pagination_font_size_tablet=\u00bb51&#8243; pagination_line_height_tablet=\u00bb2&#8243; \/][et_pb_video _builder_version=\u00bb3.0.51&#8243; disabled=\u00bbon\u00bb disabled_on=\u00bbon|on|on\u00bb \/][\/et_pb_column][\/et_pb_row][\/et_pb_section]<\/p>\n<!-- AddThis Advanced Settings generic via filter on the_content --><!-- AddThis Share Buttons generic via filter on the_content -->","protected":false},"excerpt":{"rendered":"<p>El mi\u00e9rcoles 31 de enero, a las 19 horas, la Misa en Familia en honor a San Juan Bosco ha reunido a una nutrida representaci\u00f3n de la comunidad educativa, que ha acudido a la iglesia para una celebraci\u00f3n de la palabra donde los protagonistas, como no pod\u00eda ser de otra manera, han sido los j\u00f3venes. [&hellip;]<\/p>\n<p><!-- AddThis Advanced Settings generic via filter on get_the_excerpt --><!-- AddThis Share Buttons generic via filter on get_the_excerpt --><\/p>\n","protected":false},"author":6,"featured_media":8133,"comment_status":"closed","ping_status":"open","sticky":false,"template":"","format":"standard","meta":{"_et_pb_use_builder":"on","_et_pb_old_content":"","_et_gb_content_width":"","footnotes":""},"categories":[14],"tags":[],"class_list":["post-8130","post","type-post","status-publish","format-standard","has-post-thumbnail","hentry","category-noticia_colegio"],"yoast_head":"<!-- This site is optimized with the Yoast SEO plugin v28.4 - https:\/\/yoast.com\/product\/yoast-seo-wordpress\/ -->\n<title>La Misa en Familia en honor a San Juan Bosco re\u00fane a gran parte de la comunidad educativa - Colegio San Juan Bosco Valencia<\/title>\n<meta name=\"robots\" content=\"index, follow, max-snippet:-1, max-image-preview:large, max-video-preview:-1\" \/>\n<link rel=\"canonical\" href=\"https:\/\/valenciasjb.salesianos.edu\/colegio\/la-misa-en-familia-en-honor-a-san-juan-bosco-reune-a-gran-parte-de-la-comunidad-educativa\/\" \/>\n<meta property=\"og:locale\" content=\"es_ES\" \/>\n<meta property=\"og:type\" content=\"article\" \/>\n<meta property=\"og:title\" content=\"La Misa en Familia en honor a San Juan Bosco re\u00fane a gran parte de la comunidad educativa - Colegio San Juan Bosco Valencia\" \/>\n<meta property=\"og:description\" content=\"El mi\u00e9rcoles 31 de enero, a las 19 horas, la Misa en Familia en honor a San Juan Bosco ha reunido a una nutrida representaci\u00f3n de la comunidad educativa, que ha acudido a la iglesia para una celebraci\u00f3n de la palabra donde los protagonistas, como no pod\u00eda ser de otra manera, han sido los j\u00f3venes. [&hellip;]\" \/>\n<meta property=\"og:url\" content=\"https:\/\/valenciasjb.salesianos.edu\/colegio\/la-misa-en-familia-en-honor-a-san-juan-bosco-reune-a-gran-parte-de-la-comunidad-educativa\/\" \/>\n<meta property=\"og:site_name\" content=\"Colegio San Juan Bosco Valencia\" \/>\n<meta property=\"article:publisher\" content=\"https:\/\/www.facebook.com\/ColegioSalesianoSanJuanBoscoValencia\" \/>\n<meta property=\"article:published_time\" content=\"2018-01-31T21:08:42+00:00\" \/>\n<meta property=\"og:image\" content=\"https:\/\/valenciasjb.salesianos.edu\/colegio\/wp-content\/uploads\/sites\/2\/2018\/01\/20180131_195952-1024x768.jpg\" \/>\n\t<meta property=\"og:image:width\" content=\"1024\" \/>\n\t<meta property=\"og:image:height\" content=\"768\" \/>\n\t<meta property=\"og:image:type\" content=\"image\/jpeg\" \/>\n<meta name=\"author\" content=\"veronicapastor\" \/>\n<meta name=\"twitter:card\" content=\"summary_large_image\" \/>\n<meta name=\"twitter:creator\" content=\"@SalesianosVSJB\" \/>\n<meta name=\"twitter:site\" content=\"@SalesianosVSJB\" \/>\n<meta name=\"twitter:label1\" content=\"Escrito por\" \/>\n\t<meta name=\"twitter:data1\" content=\"veronicapastor\" \/>\n\t<meta name=\"twitter:label2\" content=\"Tiempo de lectura\" \/>\n\t<meta name=\"twitter:data2\" content=\"2 minutos\" \/>\n<script type=\"application\/ld+json\" class=\"yoast-schema-graph\">{\"@context\":\"https:\\\/\\\/schema.org\",\"@graph\":[{\"@type\":\"Article\",\"@id\":\"https:\\\/\\\/valenciasjb.salesianos.edu\\\/colegio\\\/la-misa-en-familia-en-honor-a-san-juan-bosco-reune-a-gran-parte-de-la-comunidad-educativa\\\/#article\",\"isPartOf\":{\"@id\":\"https:\\\/\\\/valenciasjb.salesianos.edu\\\/colegio\\\/la-misa-en-familia-en-honor-a-san-juan-bosco-reune-a-gran-parte-de-la-comunidad-educativa\\\/\"},\"author\":{\"name\":\"veronicapastor\",\"@id\":\"https:\\\/\\\/valenciasjb.salesianos.edu\\\/colegio\\\/#\\\/schema\\\/person\\\/1f45b67e52b27da175190a574db6bed9\"},\"headline\":\"La Misa en Familia en honor a San Juan Bosco re\u00fane a gran parte de la comunidad educativa\",\"datePublished\":\"2018-01-31T21:08:42+00:00\",\"mainEntityOfPage\":{\"@id\":\"https:\\\/\\\/valenciasjb.salesianos.edu\\\/colegio\\\/la-misa-en-familia-en-honor-a-san-juan-bosco-reune-a-gran-parte-de-la-comunidad-educativa\\\/\"},\"wordCount\":467,\"image\":{\"@id\":\"https:\\\/\\\/valenciasjb.salesianos.edu\\\/colegio\\\/la-misa-en-familia-en-honor-a-san-juan-bosco-reune-a-gran-parte-de-la-comunidad-educativa\\\/#primaryimage\"},\"thumbnailUrl\":\"https:\\\/\\\/valenciasjb.salesianos.edu\\\/colegio\\\/wp-content\\\/uploads\\\/sites\\\/2\\\/2018\\\/01\\\/20180131_195952.jpg\",\"articleSection\":[\"Noticia Colegio\"],\"inLanguage\":\"es\"},{\"@type\":\"WebPage\",\"@id\":\"https:\\\/\\\/valenciasjb.salesianos.edu\\\/colegio\\\/la-misa-en-familia-en-honor-a-san-juan-bosco-reune-a-gran-parte-de-la-comunidad-educativa\\\/\",\"url\":\"https:\\\/\\\/valenciasjb.salesianos.edu\\\/colegio\\\/la-misa-en-familia-en-honor-a-san-juan-bosco-reune-a-gran-parte-de-la-comunidad-educativa\\\/\",\"name\":\"La Misa en Familia en honor a San Juan Bosco re\u00fane a gran parte de la comunidad educativa - Colegio San Juan Bosco Valencia\",\"isPartOf\":{\"@id\":\"https:\\\/\\\/valenciasjb.salesianos.edu\\\/colegio\\\/#website\"},\"primaryImageOfPage\":{\"@id\":\"https:\\\/\\\/valenciasjb.salesianos.edu\\\/colegio\\\/la-misa-en-familia-en-honor-a-san-juan-bosco-reune-a-gran-parte-de-la-comunidad-educativa\\\/#primaryimage\"},\"image\":{\"@id\":\"https:\\\/\\\/valenciasjb.salesianos.edu\\\/colegio\\\/la-misa-en-familia-en-honor-a-san-juan-bosco-reune-a-gran-parte-de-la-comunidad-educativa\\\/#primaryimage\"},\"thumbnailUrl\":\"https:\\\/\\\/valenciasjb.salesianos.edu\\\/colegio\\\/wp-content\\\/uploads\\\/sites\\\/2\\\/2018\\\/01\\\/20180131_195952.jpg\",\"datePublished\":\"2018-01-31T21:08:42+00:00\",\"author\":{\"@id\":\"https:\\\/\\\/valenciasjb.salesianos.edu\\\/colegio\\\/#\\\/schema\\\/person\\\/1f45b67e52b27da175190a574db6bed9\"},\"breadcrumb\":{\"@id\":\"https:\\\/\\\/valenciasjb.salesianos.edu\\\/colegio\\\/la-misa-en-familia-en-honor-a-san-juan-bosco-reune-a-gran-parte-de-la-comunidad-educativa\\\/#breadcrumb\"},\"inLanguage\":\"es\",\"potentialAction\":[{\"@type\":\"ReadAction\",\"target\":[\"https:\\\/\\\/valenciasjb.salesianos.edu\\\/colegio\\\/la-misa-en-familia-en-honor-a-san-juan-bosco-reune-a-gran-parte-de-la-comunidad-educativa\\\/\"]}]},{\"@type\":\"ImageObject\",\"inLanguage\":\"es\",\"@id\":\"https:\\\/\\\/valenciasjb.salesianos.edu\\\/colegio\\\/la-misa-en-familia-en-honor-a-san-juan-bosco-reune-a-gran-parte-de-la-comunidad-educativa\\\/#primaryimage\",\"url\":\"https:\\\/\\\/valenciasjb.salesianos.edu\\\/colegio\\\/wp-content\\\/uploads\\\/sites\\\/2\\\/2018\\\/01\\\/20180131_195952.jpg\",\"contentUrl\":\"https:\\\/\\\/valenciasjb.salesianos.edu\\\/colegio\\\/wp-content\\\/uploads\\\/sites\\\/2\\\/2018\\\/01\\\/20180131_195952.jpg\",\"width\":4128,\"height\":3096},{\"@type\":\"BreadcrumbList\",\"@id\":\"https:\\\/\\\/valenciasjb.salesianos.edu\\\/colegio\\\/la-misa-en-familia-en-honor-a-san-juan-bosco-reune-a-gran-parte-de-la-comunidad-educativa\\\/#breadcrumb\",\"itemListElement\":[{\"@type\":\"ListItem\",\"position\":1,\"name\":\"Portada\",\"item\":\"https:\\\/\\\/valenciasjb.salesianos.edu\\\/colegio\\\/\"},{\"@type\":\"ListItem\",\"position\":2,\"name\":\"La Misa en Familia en honor a San Juan Bosco re\u00fane a gran parte de la comunidad educativa\"}]},{\"@type\":\"WebSite\",\"@id\":\"https:\\\/\\\/valenciasjb.salesianos.edu\\\/colegio\\\/#website\",\"url\":\"https:\\\/\\\/valenciasjb.salesianos.edu\\\/colegio\\\/\",\"name\":\"Colegio San Juan Bosco Valencia\",\"description\":\"P\u00e1gina oficial del Colegio Salesianos San Juan Bosco Valencia\",\"alternateName\":\"Salesianos.VSJB\",\"potentialAction\":[{\"@type\":\"SearchAction\",\"target\":{\"@type\":\"EntryPoint\",\"urlTemplate\":\"https:\\\/\\\/valenciasjb.salesianos.edu\\\/colegio\\\/?s={search_term_string}\"},\"query-input\":{\"@type\":\"PropertyValueSpecification\",\"valueRequired\":true,\"valueName\":\"search_term_string\"}}],\"inLanguage\":\"es\"},{\"@type\":\"Person\",\"@id\":\"https:\\\/\\\/valenciasjb.salesianos.edu\\\/colegio\\\/#\\\/schema\\\/person\\\/1f45b67e52b27da175190a574db6bed9\",\"name\":\"veronicapastor\",\"image\":{\"@type\":\"ImageObject\",\"inLanguage\":\"es\",\"@id\":\"https:\\\/\\\/secure.gravatar.com\\\/avatar\\\/e29bd40bace3fd935e1d6fdb7313ffc14628cc037c5e16f4c7369b20a2a6f7f0?s=96&d=mm&r=g\",\"url\":\"https:\\\/\\\/secure.gravatar.com\\\/avatar\\\/e29bd40bace3fd935e1d6fdb7313ffc14628cc037c5e16f4c7369b20a2a6f7f0?s=96&d=mm&r=g\",\"contentUrl\":\"https:\\\/\\\/secure.gravatar.com\\\/avatar\\\/e29bd40bace3fd935e1d6fdb7313ffc14628cc037c5e16f4c7369b20a2a6f7f0?s=96&d=mm&r=g\",\"caption\":\"veronicapastor\"}}]}<\/script>\n<!-- \/ Yoast SEO plugin. -->","yoast_head_json":{"title":"La Misa en Familia en honor a San Juan Bosco re\u00fane a gran parte de la comunidad educativa - Colegio San Juan Bosco Valencia","robots":{"index":"index","follow":"follow","max-snippet":"max-snippet:-1","max-image-preview":"max-image-preview:large","max-video-preview":"max-video-preview:-1"},"canonical":"https:\/\/valenciasjb.salesianos.edu\/colegio\/la-misa-en-familia-en-honor-a-san-juan-bosco-reune-a-gran-parte-de-la-comunidad-educativa\/","og_locale":"es_ES","og_type":"article","og_title":"La Misa en Familia en honor a San Juan Bosco re\u00fane a gran parte de la comunidad educativa - Colegio San Juan Bosco Valencia","og_description":"El mi\u00e9rcoles 31 de enero, a las 19 horas, la Misa en Familia en honor a San Juan Bosco ha reunido a una nutrida representaci\u00f3n de la comunidad educativa, que ha acudido a la iglesia para una celebraci\u00f3n de la palabra donde los protagonistas, como no pod\u00eda ser de otra manera, han sido los j\u00f3venes. [&hellip;]","og_url":"https:\/\/valenciasjb.salesianos.edu\/colegio\/la-misa-en-familia-en-honor-a-san-juan-bosco-reune-a-gran-parte-de-la-comunidad-educativa\/","og_site_name":"Colegio San Juan Bosco Valencia","article_publisher":"https:\/\/www.facebook.com\/ColegioSalesianoSanJuanBoscoValencia","article_published_time":"2018-01-31T21:08:42+00:00","og_image":[{"width":1024,"height":768,"url":"https:\/\/valenciasjb.salesianos.edu\/colegio\/wp-content\/uploads\/sites\/2\/2018\/01\/20180131_195952-1024x768.jpg","type":"image\/jpeg"}],"author":"veronicapastor","twitter_card":"summary_large_image","twitter_creator":"@SalesianosVSJB","twitter_site":"@SalesianosVSJB","twitter_misc":{"Escrito por":"veronicapastor","Tiempo de lectura":"2 minutos"},"schema":{"@context":"https:\/\/schema.org","@graph":[{"@type":"Article","@id":"https:\/\/valenciasjb.salesianos.edu\/colegio\/la-misa-en-familia-en-honor-a-san-juan-bosco-reune-a-gran-parte-de-la-comunidad-educativa\/#article","isPartOf":{"@id":"https:\/\/valenciasjb.salesianos.edu\/colegio\/la-misa-en-familia-en-honor-a-san-juan-bosco-reune-a-gran-parte-de-la-comunidad-educativa\/"},"author":{"name":"veronicapastor","@id":"https:\/\/valenciasjb.salesianos.edu\/colegio\/#\/schema\/person\/1f45b67e52b27da175190a574db6bed9"},"headline":"La Misa en Familia en honor a San Juan Bosco re\u00fane a gran parte de la comunidad educativa","datePublished":"2018-01-31T21:08:42+00:00","mainEntityOfPage":{"@id":"https:\/\/valenciasjb.salesianos.edu\/colegio\/la-misa-en-familia-en-honor-a-san-juan-bosco-reune-a-gran-parte-de-la-comunidad-educativa\/"},"wordCount":467,"image":{"@id":"https:\/\/valenciasjb.salesianos.edu\/colegio\/la-misa-en-familia-en-honor-a-san-juan-bosco-reune-a-gran-parte-de-la-comunidad-educativa\/#primaryimage"},"thumbnailUrl":"https:\/\/valenciasjb.salesianos.edu\/colegio\/wp-content\/uploads\/sites\/2\/2018\/01\/20180131_195952.jpg","articleSection":["Noticia Colegio"],"inLanguage":"es"},{"@type":"WebPage","@id":"https:\/\/valenciasjb.salesianos.edu\/colegio\/la-misa-en-familia-en-honor-a-san-juan-bosco-reune-a-gran-parte-de-la-comunidad-educativa\/","url":"https:\/\/valenciasjb.salesianos.edu\/colegio\/la-misa-en-familia-en-honor-a-san-juan-bosco-reune-a-gran-parte-de-la-comunidad-educativa\/","name":"La Misa en Familia en honor a San Juan Bosco re\u00fane a gran parte de la comunidad educativa - Colegio San Juan Bosco Valencia","isPartOf":{"@id":"https:\/\/valenciasjb.salesianos.edu\/colegio\/#website"},"primaryImageOfPage":{"@id":"https:\/\/valenciasjb.salesianos.edu\/colegio\/la-misa-en-familia-en-honor-a-san-juan-bosco-reune-a-gran-parte-de-la-comunidad-educativa\/#primaryimage"},"image":{"@id":"https:\/\/valenciasjb.salesianos.edu\/colegio\/la-misa-en-familia-en-honor-a-san-juan-bosco-reune-a-gran-parte-de-la-comunidad-educativa\/#primaryimage"},"thumbnailUrl":"https:\/\/valenciasjb.salesianos.edu\/colegio\/wp-content\/uploads\/sites\/2\/2018\/01\/20180131_195952.jpg","datePublished":"2018-01-31T21:08:42+00:00","author":{"@id":"https:\/\/valenciasjb.salesianos.edu\/colegio\/#\/schema\/person\/1f45b67e52b27da175190a574db6bed9"},"breadcrumb":{"@id":"https:\/\/valenciasjb.salesianos.edu\/colegio\/la-misa-en-familia-en-honor-a-san-juan-bosco-reune-a-gran-parte-de-la-comunidad-educativa\/#breadcrumb"},"inLanguage":"es","potentialAction":[{"@type":"ReadAction","target":["https:\/\/valenciasjb.salesianos.edu\/colegio\/la-misa-en-familia-en-honor-a-san-juan-bosco-reune-a-gran-parte-de-la-comunidad-educativa\/"]}]},{"@type":"ImageObject","inLanguage":"es","@id":"https:\/\/valenciasjb.salesianos.edu\/colegio\/la-misa-en-familia-en-honor-a-san-juan-bosco-reune-a-gran-parte-de-la-comunidad-educativa\/#primaryimage","url":"https:\/\/valenciasjb.salesianos.edu\/colegio\/wp-content\/uploads\/sites\/2\/2018\/01\/20180131_195952.jpg","contentUrl":"https:\/\/valenciasjb.salesianos.edu\/colegio\/wp-content\/uploads\/sites\/2\/2018\/01\/20180131_195952.jpg","width":4128,"height":3096},{"@type":"BreadcrumbList","@id":"https:\/\/valenciasjb.salesianos.edu\/colegio\/la-misa-en-familia-en-honor-a-san-juan-bosco-reune-a-gran-parte-de-la-comunidad-educativa\/#breadcrumb","itemListElement":[{"@type":"ListItem","position":1,"name":"Portada","item":"https:\/\/valenciasjb.salesianos.edu\/colegio\/"},{"@type":"ListItem","position":2,"name":"La Misa en Familia en honor a San Juan Bosco re\u00fane a gran parte de la comunidad educativa"}]},{"@type":"WebSite","@id":"https:\/\/valenciasjb.salesianos.edu\/colegio\/#website","url":"https:\/\/valenciasjb.salesianos.edu\/colegio\/","name":"Colegio San Juan Bosco Valencia","description":"P\u00e1gina oficial del Colegio Salesianos San Juan Bosco Valencia","alternateName":"Salesianos.VSJB","potentialAction":[{"@type":"SearchAction","target":{"@type":"EntryPoint","urlTemplate":"https:\/\/valenciasjb.salesianos.edu\/colegio\/?s={search_term_string}"},"query-input":{"@type":"PropertyValueSpecification","valueRequired":true,"valueName":"search_term_string"}}],"inLanguage":"es"},{"@type":"Person","@id":"https:\/\/valenciasjb.salesianos.edu\/colegio\/#\/schema\/person\/1f45b67e52b27da175190a574db6bed9","name":"veronicapastor","image":{"@type":"ImageObject","inLanguage":"es","@id":"https:\/\/secure.gravatar.com\/avatar\/e29bd40bace3fd935e1d6fdb7313ffc14628cc037c5e16f4c7369b20a2a6f7f0?s=96&d=mm&r=g","url":"https:\/\/secure.gravatar.com\/avatar\/e29bd40bace3fd935e1d6fdb7313ffc14628cc037c5e16f4c7369b20a2a6f7f0?s=96&d=mm&r=g","contentUrl":"https:\/\/secure.gravatar.com\/avatar\/e29bd40bace3fd935e1d6fdb7313ffc14628cc037c5e16f4c7369b20a2a6f7f0?s=96&d=mm&r=g","caption":"veronicapastor"}}]}},"_links":{"self":[{"href":"https:\/\/valenciasjb.salesianos.edu\/colegio\/wp-json\/wp\/v2\/posts\/8130","targetHints":{"allow":["GET"]}}],"collection":[{"href":"https:\/\/valenciasjb.salesianos.edu\/colegio\/wp-json\/wp\/v2\/posts"}],"about":[{"href":"https:\/\/valenciasjb.salesianos.edu\/colegio\/wp-json\/wp\/v2\/types\/post"}],"author":[{"embeddable":true,"href":"https:\/\/valenciasjb.salesianos.edu\/colegio\/wp-json\/wp\/v2\/users\/6"}],"replies":[{"embeddable":true,"href":"https:\/\/valenciasjb.salesianos.edu\/colegio\/wp-json\/wp\/v2\/comments?post=8130"}],"version-history":[{"count":1,"href":"https:\/\/valenciasjb.salesianos.edu\/colegio\/wp-json\/wp\/v2\/posts\/8130\/revisions"}],"predecessor-version":[{"id":8139,"href":"https:\/\/valenciasjb.salesianos.edu\/colegio\/wp-json\/wp\/v2\/posts\/8130\/revisions\/8139"}],"wp:featuredmedia":[{"embeddable":true,"href":"https:\/\/valenciasjb.salesianos.edu\/colegio\/wp-json\/wp\/v2\/media\/8133"}],"wp:attachment":[{"href":"https:\/\/valenciasjb.salesianos.edu\/colegio\/wp-json\/wp\/v2\/media?parent=8130"}],"wp:term":[{"taxonomy":"category","embeddable":true,"href":"https:\/\/valenciasjb.salesianos.edu\/colegio\/wp-json\/wp\/v2\/categories?post=8130"},{"taxonomy":"post_tag","embeddable":true,"href":"https:\/\/valenciasjb.salesianos.edu\/colegio\/wp-json\/wp\/v2\/tags?post=8130"}],"curies":[{"name":"wp","href":"https:\/\/api.w.org\/{rel}","templated":true}]}}