{"id":8176,"date":"2018-02-02T23:58:50","date_gmt":"2018-02-02T22:58:50","guid":{"rendered":"https:\/\/valenciasjb.salesianos.edu\/colegio\/?p=8176"},"modified":"2018-02-03T00:00:36","modified_gmt":"2018-02-02T23:00:36","slug":"la-obra-mary-poppins-se-estrena-en-un-dia-supercalifragilisticoespialidoso","status":"publish","type":"post","link":"https:\/\/valenciasjb.salesianos.edu\/colegio\/la-obra-mary-poppins-se-estrena-en-un-dia-supercalifragilisticoespialidoso\/","title":{"rendered":"La obra Mary Poppins se estrena en un d\u00eda supercalifragil\u00edsticoespialidoso"},"content":{"rendered":"<div id=\"fb-root\"><\/div>\n<p>[et_pb_section bb_built=\u00bb1&#8243; admin_label=\u00bbsection\u00bb][et_pb_row admin_label=\u00bbrow\u00bb background_position=\u00bbtop_left\u00bb background_repeat=\u00bbrepeat\u00bb background_size=\u00bbinitial\u00bb][et_pb_column type=\u00bb4_4&#8243;][et_pb_text admin_label=\u00bbEntradilla (Texto)\u00bb _builder_version=\u00bb3.0.95&#8243; background_layout=\u00bblight\u00bb text_orientation=\u00bbjustified\u00bb text_font=\u00bb|on|||\u00bb module_alignment=\u00bbleft\u00bb]<\/p>\n<div id=\"resumen\"><strong>Como en cursos anteriores, en la fiesta de Don Bosco, el profesorado del colegio junto con personal de Administraci\u00f3n y Servicios han subido al escenario para representar la obra de teatro, en esta ocasi\u00f3n bajo el t\u00edtulo \u00abMary Poppins\u00bb, para el alumnado de Infantil y Primaria.<br \/>\n<\/strong><\/div>\n<div><\/div>\n<p>[\/et_pb_text][et_pb_text admin_label=\u00bbAutor (Texto)\u00bb _builder_version=\u00bb3.0.85&#8243; background_layout=\u00bblight\u00bb text_font=\u00bb||on||\u00bb]<\/p>\n<p>Redacci\u00f3n<\/p>\n<p>[\/et_pb_text][et_pb_text admin_label=\u00bbDesarrollo (Texto)\u00bb _builder_version=\u00bb3.0.95&#8243; background_layout=\u00bblight\u00bb text_orientation=\u00bbjustified\u00bb module_alignment=\u00bbleft\u00bb]<\/p>\n<p><img loading=\"lazy\" decoding=\"async\" class=\"alignnone wp-image-8187\" src=\"https:\/\/valenciasjb.salesianos.edu\/colegio\/wp-content\/uploads\/sites\/2\/2018\/02\/IMG-20180202-WA0058-300x225.jpg\" alt=\"\" width=\"836\" height=\"627\" srcset=\"https:\/\/valenciasjb.salesianos.edu\/colegio\/wp-content\/uploads\/sites\/2\/2018\/02\/IMG-20180202-WA0058-300x225.jpg 300w, https:\/\/valenciasjb.salesianos.edu\/colegio\/wp-content\/uploads\/sites\/2\/2018\/02\/IMG-20180202-WA0058-768x576.jpg 768w, https:\/\/valenciasjb.salesianos.edu\/colegio\/wp-content\/uploads\/sites\/2\/2018\/02\/IMG-20180202-WA0058-1024x768.jpg 1024w, https:\/\/valenciasjb.salesianos.edu\/colegio\/wp-content\/uploads\/sites\/2\/2018\/02\/IMG-20180202-WA0058-510x382.jpg 510w, https:\/\/valenciasjb.salesianos.edu\/colegio\/wp-content\/uploads\/sites\/2\/2018\/02\/IMG-20180202-WA0058-1080x810.jpg 1080w, https:\/\/valenciasjb.salesianos.edu\/colegio\/wp-content\/uploads\/sites\/2\/2018\/02\/IMG-20180202-WA0058.jpg 1600w\" sizes=\"(max-width: 836px) 100vw, 836px\" \/><\/p>\n<p>Un elenco de\u00a018 actores y actrices, m\u00e1s personal t\u00e9cnico y de decorados que, con gran ilusi\u00f3n y emoci\u00f3n, han tratado de dar lo mejor de ellos mismos para hacer felices a los alumnos y alumnas.<\/p>\n<p>El objetivo de esta representaci\u00f3n es fortalecer nuestra identidad para ser reflejo y modelos de referencia para nuestro alumnado y familias, utilizando el teatro, la m\u00fasica y la expresi\u00f3n como medio educativo.<\/p>\n<p>Adem\u00e1s de los dos pases de la fiesta colegial, la obra se representar\u00e1 de nuevo pr\u00f3ximamente; en esta ocasi\u00f3n para toda la Comunidad Educativa, con entrada solidaria de 3 euros. La recaudaci\u00f3n ser\u00e1 para Payasos Hospital y tendr\u00e1 lugar el pr\u00f3ximo domingo 11 de febrero a las 18.00 horas en el teatro del colegio. El colegio y todo el equipo de Mary Poppins quisiera que la comunidad educativa compartiera este momento tan especial y que con tanto cari\u00f1o se est\u00e1 preparando.<\/p>\n<p>La venta de entradas ser\u00e1 el pr\u00f3ximo mi\u00e9rcoles 7 de febrero desde las 17.30 hasta las 19.00 horas en la sala 80 (apertura de puertas desde el patio del colegio). Con la ilusi\u00f3n de que el mayor n\u00famero de personas pueda asistir a este evento, se entregar\u00e1n tres entradas por persona adulta, por orden de llegada hasta fin de existencias. Tambi\u00e9n se puede colaborar con fila 0 ese mismo d\u00eda para el fin solidario.<\/p>\n<p>[\/et_pb_text][et_pb_text admin_label=\u00bbT\u00edtulo: Galer\u00eda de fotos (Texto)\u00bb _builder_version=\u00bb3.0.76&#8243; background_layout=\u00bblight\u00bb text_font=\u00bb|on|||\u00bb text_text_color=\u00bb#dc001b\u00bb border_style=\u00bbsolid\u00bb disabled=\u00bboff\u00bb disabled_on=\u00bboff|on|on\u00bb]<\/p>\n<p>Galer\u00eda de im\u00e1genes<\/p>\n<p>[\/et_pb_text][et_pb_gallery _builder_version=\u00bb3.0.95&#8243; posts_number=\u00bb8&#8243; show_title_and_caption=\u00bboff\u00bb show_pagination=\u00bbon\u00bb fullwidth=\u00bboff\u00bb orientation=\u00bblandscape\u00bb zoom_icon_color=\u00bb#dc001b\u00bb hover_overlay_color=\u00bbrgba(255,255,255,0.9)\u00bb hover_icon=\u00bb%%51%%\u00bb background_layout=\u00bblight\u00bb disabled=\u00bboff\u00bb disabled_on=\u00bboff|off|off\u00bb gallery_ids=\u00bb8179,8180,8181,8182,8183,8184,8185,8186&#8243; pagination_font_size_tablet=\u00bb51&#8243; pagination_line_height_tablet=\u00bb2&#8243; \/][et_pb_video _builder_version=\u00bb3.0.51&#8243; disabled=\u00bbon\u00bb disabled_on=\u00bbon|on|on\u00bb \/][\/et_pb_column][\/et_pb_row][\/et_pb_section]<\/p>\n<!-- AddThis Advanced Settings generic via filter on the_content --><!-- AddThis Share Buttons generic via filter on the_content -->","protected":false},"excerpt":{"rendered":"<p>Como en cursos anteriores, en la fiesta de Don Bosco, el profesorado del colegio junto con personal de Administraci\u00f3n y Servicios han subido al escenario para representar la obra de teatro, en esta ocasi\u00f3n bajo el t\u00edtulo \u00abMary Poppins\u00bb, para el alumnado de Infantil y Primaria. Redacci\u00f3n Un elenco de\u00a018 actores y actrices, m\u00e1s personal [&hellip;]<\/p>\n<p><!-- AddThis Advanced Settings generic via filter on get_the_excerpt --><!-- AddThis Share Buttons generic via filter on get_the_excerpt --><\/p>\n","protected":false},"author":6,"featured_media":8178,"comment_status":"closed","ping_status":"open","sticky":false,"template":"","format":"standard","meta":{"_et_pb_use_builder":"on","_et_pb_old_content":"","_et_gb_content_width":"","footnotes":""},"categories":[14],"tags":[],"class_list":["post-8176","post","type-post","status-publish","format-standard","has-post-thumbnail","hentry","category-noticia_colegio"],"yoast_head":"<!-- This site is optimized with the Yoast SEO plugin v28.4 - https:\/\/yoast.com\/product\/yoast-seo-wordpress\/ -->\n<title>La obra Mary Poppins se estrena en un d\u00eda supercalifragil\u00edsticoespialidoso - Colegio San Juan Bosco Valencia<\/title>\n<meta name=\"robots\" content=\"index, follow, max-snippet:-1, max-image-preview:large, max-video-preview:-1\" \/>\n<link rel=\"canonical\" href=\"https:\/\/valenciasjb.salesianos.edu\/colegio\/la-obra-mary-poppins-se-estrena-en-un-dia-supercalifragilisticoespialidoso\/\" \/>\n<meta property=\"og:locale\" content=\"es_ES\" \/>\n<meta property=\"og:type\" content=\"article\" \/>\n<meta property=\"og:title\" content=\"La obra Mary Poppins se estrena en un d\u00eda supercalifragil\u00edsticoespialidoso - Colegio San Juan Bosco Valencia\" \/>\n<meta property=\"og:description\" content=\"Como en cursos anteriores, en la fiesta de Don Bosco, el profesorado del colegio junto con personal de Administraci\u00f3n y Servicios han subido al escenario para representar la obra de teatro, en esta ocasi\u00f3n bajo el t\u00edtulo &quot;Mary Poppins&quot;, para el alumnado de Infantil y Primaria. Redacci\u00f3n Un elenco de\u00a018 actores y actrices, m\u00e1s personal [&hellip;]\" \/>\n<meta property=\"og:url\" content=\"https:\/\/valenciasjb.salesianos.edu\/colegio\/la-obra-mary-poppins-se-estrena-en-un-dia-supercalifragilisticoespialidoso\/\" \/>\n<meta property=\"og:site_name\" content=\"Colegio San Juan Bosco Valencia\" \/>\n<meta property=\"article:publisher\" content=\"https:\/\/www.facebook.com\/ColegioSalesianoSanJuanBoscoValencia\" \/>\n<meta property=\"article:published_time\" content=\"2018-02-02T22:58:50+00:00\" \/>\n<meta property=\"article:modified_time\" content=\"2018-02-02T23:00:36+00:00\" \/>\n<meta property=\"og:image\" content=\"https:\/\/valenciasjb.salesianos.edu\/colegio\/wp-content\/uploads\/sites\/2\/2018\/02\/DSC_0736-1024x681.jpg\" \/>\n\t<meta property=\"og:image:width\" content=\"1024\" \/>\n\t<meta property=\"og:image:height\" content=\"681\" \/>\n\t<meta property=\"og:image:type\" content=\"image\/jpeg\" \/>\n<meta name=\"author\" content=\"veronicapastor\" \/>\n<meta name=\"twitter:card\" content=\"summary_large_image\" \/>\n<meta name=\"twitter:creator\" content=\"@SalesianosVSJB\" \/>\n<meta name=\"twitter:site\" content=\"@SalesianosVSJB\" \/>\n<meta name=\"twitter:label1\" content=\"Escrito por\" \/>\n\t<meta name=\"twitter:data1\" content=\"veronicapastor\" \/>\n\t<meta name=\"twitter:label2\" content=\"Tiempo de lectura\" \/>\n\t<meta name=\"twitter:data2\" content=\"2 minutos\" \/>\n<script type=\"application\/ld+json\" class=\"yoast-schema-graph\">{\"@context\":\"https:\\\/\\\/schema.org\",\"@graph\":[{\"@type\":\"Article\",\"@id\":\"https:\\\/\\\/valenciasjb.salesianos.edu\\\/colegio\\\/la-obra-mary-poppins-se-estrena-en-un-dia-supercalifragilisticoespialidoso\\\/#article\",\"isPartOf\":{\"@id\":\"https:\\\/\\\/valenciasjb.salesianos.edu\\\/colegio\\\/la-obra-mary-poppins-se-estrena-en-un-dia-supercalifragilisticoespialidoso\\\/\"},\"author\":{\"name\":\"veronicapastor\",\"@id\":\"https:\\\/\\\/valenciasjb.salesianos.edu\\\/colegio\\\/#\\\/schema\\\/person\\\/1f45b67e52b27da175190a574db6bed9\"},\"headline\":\"La obra Mary Poppins se estrena en un d\u00eda supercalifragil\u00edsticoespialidoso\",\"datePublished\":\"2018-02-02T22:58:50+00:00\",\"dateModified\":\"2018-02-02T23:00:36+00:00\",\"mainEntityOfPage\":{\"@id\":\"https:\\\/\\\/valenciasjb.salesianos.edu\\\/colegio\\\/la-obra-mary-poppins-se-estrena-en-un-dia-supercalifragilisticoespialidoso\\\/\"},\"wordCount\":502,\"image\":{\"@id\":\"https:\\\/\\\/valenciasjb.salesianos.edu\\\/colegio\\\/la-obra-mary-poppins-se-estrena-en-un-dia-supercalifragilisticoespialidoso\\\/#primaryimage\"},\"thumbnailUrl\":\"https:\\\/\\\/valenciasjb.salesianos.edu\\\/colegio\\\/wp-content\\\/uploads\\\/sites\\\/2\\\/2018\\\/02\\\/DSC_0736.jpg\",\"articleSection\":[\"Noticia Colegio\"],\"inLanguage\":\"es\"},{\"@type\":\"WebPage\",\"@id\":\"https:\\\/\\\/valenciasjb.salesianos.edu\\\/colegio\\\/la-obra-mary-poppins-se-estrena-en-un-dia-supercalifragilisticoespialidoso\\\/\",\"url\":\"https:\\\/\\\/valenciasjb.salesianos.edu\\\/colegio\\\/la-obra-mary-poppins-se-estrena-en-un-dia-supercalifragilisticoespialidoso\\\/\",\"name\":\"La obra Mary Poppins se estrena en un d\u00eda supercalifragil\u00edsticoespialidoso - Colegio San Juan Bosco Valencia\",\"isPartOf\":{\"@id\":\"https:\\\/\\\/valenciasjb.salesianos.edu\\\/colegio\\\/#website\"},\"primaryImageOfPage\":{\"@id\":\"https:\\\/\\\/valenciasjb.salesianos.edu\\\/colegio\\\/la-obra-mary-poppins-se-estrena-en-un-dia-supercalifragilisticoespialidoso\\\/#primaryimage\"},\"image\":{\"@id\":\"https:\\\/\\\/valenciasjb.salesianos.edu\\\/colegio\\\/la-obra-mary-poppins-se-estrena-en-un-dia-supercalifragilisticoespialidoso\\\/#primaryimage\"},\"thumbnailUrl\":\"https:\\\/\\\/valenciasjb.salesianos.edu\\\/colegio\\\/wp-content\\\/uploads\\\/sites\\\/2\\\/2018\\\/02\\\/DSC_0736.jpg\",\"datePublished\":\"2018-02-02T22:58:50+00:00\",\"dateModified\":\"2018-02-02T23:00:36+00:00\",\"author\":{\"@id\":\"https:\\\/\\\/valenciasjb.salesianos.edu\\\/colegio\\\/#\\\/schema\\\/person\\\/1f45b67e52b27da175190a574db6bed9\"},\"breadcrumb\":{\"@id\":\"https:\\\/\\\/valenciasjb.salesianos.edu\\\/colegio\\\/la-obra-mary-poppins-se-estrena-en-un-dia-supercalifragilisticoespialidoso\\\/#breadcrumb\"},\"inLanguage\":\"es\",\"potentialAction\":[{\"@type\":\"ReadAction\",\"target\":[\"https:\\\/\\\/valenciasjb.salesianos.edu\\\/colegio\\\/la-obra-mary-poppins-se-estrena-en-un-dia-supercalifragilisticoespialidoso\\\/\"]}]},{\"@type\":\"ImageObject\",\"inLanguage\":\"es\",\"@id\":\"https:\\\/\\\/valenciasjb.salesianos.edu\\\/colegio\\\/la-obra-mary-poppins-se-estrena-en-un-dia-supercalifragilisticoespialidoso\\\/#primaryimage\",\"url\":\"https:\\\/\\\/valenciasjb.salesianos.edu\\\/colegio\\\/wp-content\\\/uploads\\\/sites\\\/2\\\/2018\\\/02\\\/DSC_0736.jpg\",\"contentUrl\":\"https:\\\/\\\/valenciasjb.salesianos.edu\\\/colegio\\\/wp-content\\\/uploads\\\/sites\\\/2\\\/2018\\\/02\\\/DSC_0736.jpg\",\"width\":6016,\"height\":4000},{\"@type\":\"BreadcrumbList\",\"@id\":\"https:\\\/\\\/valenciasjb.salesianos.edu\\\/colegio\\\/la-obra-mary-poppins-se-estrena-en-un-dia-supercalifragilisticoespialidoso\\\/#breadcrumb\",\"itemListElement\":[{\"@type\":\"ListItem\",\"position\":1,\"name\":\"Portada\",\"item\":\"https:\\\/\\\/valenciasjb.salesianos.edu\\\/colegio\\\/\"},{\"@type\":\"ListItem\",\"position\":2,\"name\":\"La obra Mary Poppins se estrena en un d\u00eda supercalifragil\u00edsticoespialidoso\"}]},{\"@type\":\"WebSite\",\"@id\":\"https:\\\/\\\/valenciasjb.salesianos.edu\\\/colegio\\\/#website\",\"url\":\"https:\\\/\\\/valenciasjb.salesianos.edu\\\/colegio\\\/\",\"name\":\"Colegio San Juan Bosco Valencia\",\"description\":\"P\u00e1gina oficial del Colegio Salesianos San Juan Bosco Valencia\",\"alternateName\":\"Salesianos.VSJB\",\"potentialAction\":[{\"@type\":\"SearchAction\",\"target\":{\"@type\":\"EntryPoint\",\"urlTemplate\":\"https:\\\/\\\/valenciasjb.salesianos.edu\\\/colegio\\\/?s={search_term_string}\"},\"query-input\":{\"@type\":\"PropertyValueSpecification\",\"valueRequired\":true,\"valueName\":\"search_term_string\"}}],\"inLanguage\":\"es\"},{\"@type\":\"Person\",\"@id\":\"https:\\\/\\\/valenciasjb.salesianos.edu\\\/colegio\\\/#\\\/schema\\\/person\\\/1f45b67e52b27da175190a574db6bed9\",\"name\":\"veronicapastor\",\"image\":{\"@type\":\"ImageObject\",\"inLanguage\":\"es\",\"@id\":\"https:\\\/\\\/secure.gravatar.com\\\/avatar\\\/e29bd40bace3fd935e1d6fdb7313ffc14628cc037c5e16f4c7369b20a2a6f7f0?s=96&d=mm&r=g\",\"url\":\"https:\\\/\\\/secure.gravatar.com\\\/avatar\\\/e29bd40bace3fd935e1d6fdb7313ffc14628cc037c5e16f4c7369b20a2a6f7f0?s=96&d=mm&r=g\",\"contentUrl\":\"https:\\\/\\\/secure.gravatar.com\\\/avatar\\\/e29bd40bace3fd935e1d6fdb7313ffc14628cc037c5e16f4c7369b20a2a6f7f0?s=96&d=mm&r=g\",\"caption\":\"veronicapastor\"}}]}<\/script>\n<!-- \/ Yoast SEO plugin. -->","yoast_head_json":{"title":"La obra Mary Poppins se estrena en un d\u00eda supercalifragil\u00edsticoespialidoso - Colegio San Juan Bosco Valencia","robots":{"index":"index","follow":"follow","max-snippet":"max-snippet:-1","max-image-preview":"max-image-preview:large","max-video-preview":"max-video-preview:-1"},"canonical":"https:\/\/valenciasjb.salesianos.edu\/colegio\/la-obra-mary-poppins-se-estrena-en-un-dia-supercalifragilisticoespialidoso\/","og_locale":"es_ES","og_type":"article","og_title":"La obra Mary Poppins se estrena en un d\u00eda supercalifragil\u00edsticoespialidoso - Colegio San Juan Bosco Valencia","og_description":"Como en cursos anteriores, en la fiesta de Don Bosco, el profesorado del colegio junto con personal de Administraci\u00f3n y Servicios han subido al escenario para representar la obra de teatro, en esta ocasi\u00f3n bajo el t\u00edtulo \"Mary Poppins\", para el alumnado de Infantil y Primaria. Redacci\u00f3n Un elenco de\u00a018 actores y actrices, m\u00e1s personal [&hellip;]","og_url":"https:\/\/valenciasjb.salesianos.edu\/colegio\/la-obra-mary-poppins-se-estrena-en-un-dia-supercalifragilisticoespialidoso\/","og_site_name":"Colegio San Juan Bosco Valencia","article_publisher":"https:\/\/www.facebook.com\/ColegioSalesianoSanJuanBoscoValencia","article_published_time":"2018-02-02T22:58:50+00:00","article_modified_time":"2018-02-02T23:00:36+00:00","og_image":[{"width":1024,"height":681,"url":"https:\/\/valenciasjb.salesianos.edu\/colegio\/wp-content\/uploads\/sites\/2\/2018\/02\/DSC_0736-1024x681.jpg","type":"image\/jpeg"}],"author":"veronicapastor","twitter_card":"summary_large_image","twitter_creator":"@SalesianosVSJB","twitter_site":"@SalesianosVSJB","twitter_misc":{"Escrito por":"veronicapastor","Tiempo de lectura":"2 minutos"},"schema":{"@context":"https:\/\/schema.org","@graph":[{"@type":"Article","@id":"https:\/\/valenciasjb.salesianos.edu\/colegio\/la-obra-mary-poppins-se-estrena-en-un-dia-supercalifragilisticoespialidoso\/#article","isPartOf":{"@id":"https:\/\/valenciasjb.salesianos.edu\/colegio\/la-obra-mary-poppins-se-estrena-en-un-dia-supercalifragilisticoespialidoso\/"},"author":{"name":"veronicapastor","@id":"https:\/\/valenciasjb.salesianos.edu\/colegio\/#\/schema\/person\/1f45b67e52b27da175190a574db6bed9"},"headline":"La obra Mary Poppins se estrena en un d\u00eda supercalifragil\u00edsticoespialidoso","datePublished":"2018-02-02T22:58:50+00:00","dateModified":"2018-02-02T23:00:36+00:00","mainEntityOfPage":{"@id":"https:\/\/valenciasjb.salesianos.edu\/colegio\/la-obra-mary-poppins-se-estrena-en-un-dia-supercalifragilisticoespialidoso\/"},"wordCount":502,"image":{"@id":"https:\/\/valenciasjb.salesianos.edu\/colegio\/la-obra-mary-poppins-se-estrena-en-un-dia-supercalifragilisticoespialidoso\/#primaryimage"},"thumbnailUrl":"https:\/\/valenciasjb.salesianos.edu\/colegio\/wp-content\/uploads\/sites\/2\/2018\/02\/DSC_0736.jpg","articleSection":["Noticia Colegio"],"inLanguage":"es"},{"@type":"WebPage","@id":"https:\/\/valenciasjb.salesianos.edu\/colegio\/la-obra-mary-poppins-se-estrena-en-un-dia-supercalifragilisticoespialidoso\/","url":"https:\/\/valenciasjb.salesianos.edu\/colegio\/la-obra-mary-poppins-se-estrena-en-un-dia-supercalifragilisticoespialidoso\/","name":"La obra Mary Poppins se estrena en un d\u00eda supercalifragil\u00edsticoespialidoso - Colegio San Juan Bosco Valencia","isPartOf":{"@id":"https:\/\/valenciasjb.salesianos.edu\/colegio\/#website"},"primaryImageOfPage":{"@id":"https:\/\/valenciasjb.salesianos.edu\/colegio\/la-obra-mary-poppins-se-estrena-en-un-dia-supercalifragilisticoespialidoso\/#primaryimage"},"image":{"@id":"https:\/\/valenciasjb.salesianos.edu\/colegio\/la-obra-mary-poppins-se-estrena-en-un-dia-supercalifragilisticoespialidoso\/#primaryimage"},"thumbnailUrl":"https:\/\/valenciasjb.salesianos.edu\/colegio\/wp-content\/uploads\/sites\/2\/2018\/02\/DSC_0736.jpg","datePublished":"2018-02-02T22:58:50+00:00","dateModified":"2018-02-02T23:00:36+00:00","author":{"@id":"https:\/\/valenciasjb.salesianos.edu\/colegio\/#\/schema\/person\/1f45b67e52b27da175190a574db6bed9"},"breadcrumb":{"@id":"https:\/\/valenciasjb.salesianos.edu\/colegio\/la-obra-mary-poppins-se-estrena-en-un-dia-supercalifragilisticoespialidoso\/#breadcrumb"},"inLanguage":"es","potentialAction":[{"@type":"ReadAction","target":["https:\/\/valenciasjb.salesianos.edu\/colegio\/la-obra-mary-poppins-se-estrena-en-un-dia-supercalifragilisticoespialidoso\/"]}]},{"@type":"ImageObject","inLanguage":"es","@id":"https:\/\/valenciasjb.salesianos.edu\/colegio\/la-obra-mary-poppins-se-estrena-en-un-dia-supercalifragilisticoespialidoso\/#primaryimage","url":"https:\/\/valenciasjb.salesianos.edu\/colegio\/wp-content\/uploads\/sites\/2\/2018\/02\/DSC_0736.jpg","contentUrl":"https:\/\/valenciasjb.salesianos.edu\/colegio\/wp-content\/uploads\/sites\/2\/2018\/02\/DSC_0736.jpg","width":6016,"height":4000},{"@type":"BreadcrumbList","@id":"https:\/\/valenciasjb.salesianos.edu\/colegio\/la-obra-mary-poppins-se-estrena-en-un-dia-supercalifragilisticoespialidoso\/#breadcrumb","itemListElement":[{"@type":"ListItem","position":1,"name":"Portada","item":"https:\/\/valenciasjb.salesianos.edu\/colegio\/"},{"@type":"ListItem","position":2,"name":"La obra Mary Poppins se estrena en un d\u00eda supercalifragil\u00edsticoespialidoso"}]},{"@type":"WebSite","@id":"https:\/\/valenciasjb.salesianos.edu\/colegio\/#website","url":"https:\/\/valenciasjb.salesianos.edu\/colegio\/","name":"Colegio San Juan Bosco Valencia","description":"P\u00e1gina oficial del Colegio Salesianos San Juan Bosco Valencia","alternateName":"Salesianos.VSJB","potentialAction":[{"@type":"SearchAction","target":{"@type":"EntryPoint","urlTemplate":"https:\/\/valenciasjb.salesianos.edu\/colegio\/?s={search_term_string}"},"query-input":{"@type":"PropertyValueSpecification","valueRequired":true,"valueName":"search_term_string"}}],"inLanguage":"es"},{"@type":"Person","@id":"https:\/\/valenciasjb.salesianos.edu\/colegio\/#\/schema\/person\/1f45b67e52b27da175190a574db6bed9","name":"veronicapastor","image":{"@type":"ImageObject","inLanguage":"es","@id":"https:\/\/secure.gravatar.com\/avatar\/e29bd40bace3fd935e1d6fdb7313ffc14628cc037c5e16f4c7369b20a2a6f7f0?s=96&d=mm&r=g","url":"https:\/\/secure.gravatar.com\/avatar\/e29bd40bace3fd935e1d6fdb7313ffc14628cc037c5e16f4c7369b20a2a6f7f0?s=96&d=mm&r=g","contentUrl":"https:\/\/secure.gravatar.com\/avatar\/e29bd40bace3fd935e1d6fdb7313ffc14628cc037c5e16f4c7369b20a2a6f7f0?s=96&d=mm&r=g","caption":"veronicapastor"}}]}},"_links":{"self":[{"href":"https:\/\/valenciasjb.salesianos.edu\/colegio\/wp-json\/wp\/v2\/posts\/8176","targetHints":{"allow":["GET"]}}],"collection":[{"href":"https:\/\/valenciasjb.salesianos.edu\/colegio\/wp-json\/wp\/v2\/posts"}],"about":[{"href":"https:\/\/valenciasjb.salesianos.edu\/colegio\/wp-json\/wp\/v2\/types\/post"}],"author":[{"embeddable":true,"href":"https:\/\/valenciasjb.salesianos.edu\/colegio\/wp-json\/wp\/v2\/users\/6"}],"replies":[{"embeddable":true,"href":"https:\/\/valenciasjb.salesianos.edu\/colegio\/wp-json\/wp\/v2\/comments?post=8176"}],"version-history":[{"count":3,"href":"https:\/\/valenciasjb.salesianos.edu\/colegio\/wp-json\/wp\/v2\/posts\/8176\/revisions"}],"predecessor-version":[{"id":8190,"href":"https:\/\/valenciasjb.salesianos.edu\/colegio\/wp-json\/wp\/v2\/posts\/8176\/revisions\/8190"}],"wp:featuredmedia":[{"embeddable":true,"href":"https:\/\/valenciasjb.salesianos.edu\/colegio\/wp-json\/wp\/v2\/media\/8178"}],"wp:attachment":[{"href":"https:\/\/valenciasjb.salesianos.edu\/colegio\/wp-json\/wp\/v2\/media?parent=8176"}],"wp:term":[{"taxonomy":"category","embeddable":true,"href":"https:\/\/valenciasjb.salesianos.edu\/colegio\/wp-json\/wp\/v2\/categories?post=8176"},{"taxonomy":"post_tag","embeddable":true,"href":"https:\/\/valenciasjb.salesianos.edu\/colegio\/wp-json\/wp\/v2\/tags?post=8176"}],"curies":[{"name":"wp","href":"https:\/\/api.w.org\/{rel}","templated":true}]}}