{"id":8215,"date":"2018-02-06T17:00:52","date_gmt":"2018-02-06T16:00:52","guid":{"rendered":"https:\/\/valenciasjb.salesianos.edu\/colegio\/?p=8215"},"modified":"2018-02-08T16:15:22","modified_gmt":"2018-02-08T15:15:22","slug":"el-musical-solidario-godspell-anuncia-su-estreno","status":"publish","type":"post","link":"https:\/\/valenciasjb.salesianos.edu\/colegio\/el-musical-solidario-godspell-anuncia-su-estreno\/","title":{"rendered":"El Musical Solidario \u00abGodspell\u00bb en los medios de comunicaci\u00f3n"},"content":{"rendered":"<div id=\"fb-root\"><\/div>\n<p>[et_pb_section bb_built=\u00bb1&#8243; admin_label=\u00bbsection\u00bb][et_pb_row admin_label=\u00bbrow\u00bb background_position=\u00bbtop_left\u00bb background_repeat=\u00bbrepeat\u00bb background_size=\u00bbinitial\u00bb][et_pb_column type=\u00bb4_4&#8243;][et_pb_text admin_label=\u00bbEntradilla (Texto)\u00bb _builder_version=\u00bb3.0.95&#8243; background_layout=\u00bblight\u00bb text_orientation=\u00bbjustified\u00bb text_font=\u00bb|on|||\u00bb module_alignment=\u00bbleft\u00bb]<\/p>\n<div>El Musical Solidario \u00abGodspell\u00bb anuncia su estreno el pr\u00f3ximo viernes, d\u00eda 23 de febrero, a las 22 horas. Un espect\u00e1culo del que ya se est\u00e1n haciendo eco los medios de comunicaci\u00f3n. Pronto se anunciar\u00e1 la venta de entradas para las distintas representaciones.<strong><br \/>\n<\/strong><\/div>\n<div><\/div>\n<p>[\/et_pb_text][et_pb_text admin_label=\u00bbAutor (Texto)\u00bb _builder_version=\u00bb3.0.95&#8243; background_layout=\u00bblight\u00bb text_font=\u00bb||on||\u00bb]<\/p>\n<p>Redacci\u00f3n.<\/p>\n<p>[\/et_pb_text][et_pb_text admin_label=\u00bbDesarrollo (Texto)\u00bb _builder_version=\u00bb3.0.95&#8243; background_layout=\u00bblight\u00bb text_orientation=\u00bbjustified\u00bb module_alignment=\u00bbleft\u00bb]<\/p>\n<p style=\"font-weight: 400;\">Nuestro colegio se define en su \u201c<strong><em>Misi\u00f3n, Visi\u00f3n y Valores<\/em>\u201d\u00a0<\/strong>como escuela innovadora, creativa y evangelizadora. Es por ello que el\u00a0<strong><em>Colegio Salesianos San Juan Bosco<\/em><\/strong>\u00a0promueve, un a\u00f1o m\u00e1s, u<em>n proyecto con una larga trayectoria, que cuenta con premios y menciones, as\u00ed como el apoyo de importantes fundaciones y ONGs.<\/em>\u00a0Este proyecto une a toda la Comunidad Educativa a trav\u00e9s del arte y la solidaridad en forma de un musical.<\/p>\n<p style=\"font-weight: 400;\"><strong><em>\u00a0\u00a0\u00a0\u00a0\u00a0\u00a0\u00a0\u00a0\u00a0\u00a0Godspell<\/em><\/strong>\u00a0es el t\u00edtulo del Musical Solidario que estrenamos este curso. Un espect\u00e1culo,\u00a0<strong>todo en directo<\/strong>. Una adaptaci\u00f3n propia del gui\u00f3n original del musical, que se reestren\u00f3 por \u00faltima vez en Broadway en el a\u00f1o 2012. Una manera divertida de contar la historia de la Biblia, donde el espectador podr\u00e1 ver c\u00f3mo ser\u00eda la historia de Jes\u00fas si volviera en nuestros d\u00edas. Todo adaptado al contexto y situaciones del d\u00eda de hoy.<\/p>\n<p style=\"font-weight: 400;\">\u00a0\u00a0\u00a0\u00a0\u00a0\u00a0\u00a0\u00a0\u00a0\u00a0Esta iniciativa re\u00fane a 200 participantes entre padres, madres, profesorado, alumnos, ex alumnos, Personal de Administraci\u00f3n y Servicios y miembros de toda la comunidad educativa. Un proyecto que recibi\u00f3 el a\u00f1o pasado la felicitaci\u00f3n de la Casa Real por su contribuci\u00f3n a la sociedad y que fue finalista auton\u00f3mico en los Premios Nacionales de Acci\u00f3n Magistral.<\/p>\n<p style=\"font-weight: 400;\">\u00a0\u00a0\u00a0\u00a0\u00a0\u00a0\u00a0\u00a0\u00a0\u00a0Los beneficios recaudados ir\u00e1n destinados \u00edntegramente a las ONGs: ACNUR para la ayuda a refugiados, UNICEF para la defensa de los derechos de la infancia, Fundaci\u00f3n Reina Sof\u00eda por su compromiso contra el Alzh\u00e9imer y AVAPACE, la Asociaci\u00f3n Valenciana de Ayuda a la Par\u00e1lisis Cerebral.<\/p>\n<p style=\"font-weight: 400;\">\u00a0\u00a0\u00a0\u00a0\u00a0\u00a0\u00a0\u00a0\u00a0\u00a0El d\u00eda del<strong>\u00a0estreno ser\u00e1 el 23<em>\u00a0<\/em><\/strong><strong><em>de febrero a las 22.00 h<\/em><\/strong>, y se realizar\u00e1n adem\u00e1s otros pases, de los que pronto se anunciar\u00e1 la venta de las entradas solidarias.<\/p>\n<p style=\"font-weight: 400;\">\u00a0 \u00a0 \u00a0 \u00a0 \u00a0\u00a0Los medios de comunicaci\u00f3n se est\u00e1n haciendo eco de este importante evento de nuestra casa. Las Provincias publica el martes d\u00eda 6 de febrero la noticia, tanto en su edici\u00f3n impresa, p\u00e1gina 6, como en su edici\u00f3n en l\u00ednea:\u00a0http:\/\/www.lasprovincias.es\/comunitat\/godspell-solidario-juan-20180206235418-ntvo.html<\/p>\n<p>Hay un sitio para ti. Ven y ver\u00e1s.<\/p>\n<p>[\/et_pb_text][et_pb_text admin_label=\u00bbT\u00edtulo: Galer\u00eda de fotos (Texto)\u00bb _builder_version=\u00bb3.0.76&#8243; background_layout=\u00bblight\u00bb text_font=\u00bb|on|||\u00bb text_text_color=\u00bb#dc001b\u00bb border_style=\u00bbsolid\u00bb disabled=\u00bboff\u00bb disabled_on=\u00bboff|on|on\u00bb]<\/p>\n<p>Galer\u00eda de im\u00e1genes<\/p>\n<p>[\/et_pb_text][et_pb_gallery _builder_version=\u00bb3.0.95&#8243; posts_number=\u00bb8&#8243; show_title_and_caption=\u00bboff\u00bb show_pagination=\u00bbon\u00bb fullwidth=\u00bboff\u00bb orientation=\u00bblandscape\u00bb zoom_icon_color=\u00bb#dc001b\u00bb hover_overlay_color=\u00bbrgba(255,255,255,0.9)\u00bb hover_icon=\u00bb%%51%%\u00bb background_layout=\u00bblight\u00bb disabled=\u00bboff\u00bb disabled_on=\u00bboff|off|off\u00bb gallery_ids=\u00bb8222&#8243; pagination_font_size_tablet=\u00bb51&#8243; pagination_line_height_tablet=\u00bb2&#8243; \/][et_pb_video _builder_version=\u00bb3.0.95&#8243; disabled=\u00bboff\u00bb disabled_on=\u00bboff|off|off\u00bb src=\u00bbhttps:\/\/www.youtube.com\/watch?v=QxCoz6wn8PQ\u00bb \/][\/et_pb_column][\/et_pb_row][\/et_pb_section]<\/p>\n<!-- AddThis Advanced Settings generic via filter on the_content --><!-- AddThis Share Buttons generic via filter on the_content -->","protected":false},"excerpt":{"rendered":"<p>El Musical Solidario \u00abGodspell\u00bb anuncia su estreno el pr\u00f3ximo viernes, d\u00eda 23 de febrero, a las 22 horas. Un espect\u00e1culo del que ya se est\u00e1n haciendo eco los medios de comunicaci\u00f3n. Pronto se anunciar\u00e1 la venta de entradas para las distintas representaciones. Redacci\u00f3n. Nuestro colegio se define en su \u201cMisi\u00f3n, Visi\u00f3n y Valores\u201d\u00a0como escuela innovadora, [&hellip;]<\/p>\n<p><!-- AddThis Advanced Settings generic via filter on get_the_excerpt --><!-- AddThis Share Buttons generic via filter on get_the_excerpt --><\/p>\n","protected":false},"author":6,"featured_media":8216,"comment_status":"closed","ping_status":"open","sticky":false,"template":"","format":"standard","meta":{"_et_pb_use_builder":"on","_et_pb_old_content":"","_et_gb_content_width":"","footnotes":""},"categories":[14],"tags":[],"class_list":["post-8215","post","type-post","status-publish","format-standard","has-post-thumbnail","hentry","category-noticia_colegio"],"yoast_head":"<!-- This site is optimized with the Yoast SEO plugin v28.4 - https:\/\/yoast.com\/product\/yoast-seo-wordpress\/ -->\n<title>El Musical Solidario &quot;Godspell&quot; en los medios de comunicaci\u00f3n - Colegio San Juan Bosco Valencia<\/title>\n<meta name=\"robots\" content=\"index, follow, max-snippet:-1, max-image-preview:large, max-video-preview:-1\" \/>\n<link rel=\"canonical\" href=\"https:\/\/valenciasjb.salesianos.edu\/colegio\/el-musical-solidario-godspell-anuncia-su-estreno\/\" \/>\n<meta property=\"og:locale\" content=\"es_ES\" \/>\n<meta property=\"og:type\" content=\"article\" \/>\n<meta property=\"og:title\" content=\"El Musical Solidario &quot;Godspell&quot; en los medios de comunicaci\u00f3n - Colegio San Juan Bosco Valencia\" \/>\n<meta property=\"og:description\" content=\"El Musical Solidario &quot;Godspell&quot; anuncia su estreno el pr\u00f3ximo viernes, d\u00eda 23 de febrero, a las 22 horas. Un espect\u00e1culo del que ya se est\u00e1n haciendo eco los medios de comunicaci\u00f3n. Pronto se anunciar\u00e1 la venta de entradas para las distintas representaciones. Redacci\u00f3n. Nuestro colegio se define en su \u201cMisi\u00f3n, Visi\u00f3n y Valores\u201d\u00a0como escuela innovadora, [&hellip;]\" \/>\n<meta property=\"og:url\" content=\"https:\/\/valenciasjb.salesianos.edu\/colegio\/el-musical-solidario-godspell-anuncia-su-estreno\/\" \/>\n<meta property=\"og:site_name\" content=\"Colegio San Juan Bosco Valencia\" \/>\n<meta property=\"article:publisher\" content=\"https:\/\/www.facebook.com\/ColegioSalesianoSanJuanBoscoValencia\" \/>\n<meta property=\"article:published_time\" content=\"2018-02-06T16:00:52+00:00\" \/>\n<meta property=\"article:modified_time\" content=\"2018-02-08T15:15:22+00:00\" \/>\n<meta property=\"og:image\" content=\"https:\/\/valenciasjb.salesianos.edu\/colegio\/wp-content\/uploads\/sites\/2\/2018\/02\/GodspellLasProvincias.jpg\" \/>\n\t<meta property=\"og:image:width\" content=\"311\" \/>\n\t<meta property=\"og:image:height\" content=\"593\" \/>\n\t<meta property=\"og:image:type\" content=\"image\/jpeg\" \/>\n<meta name=\"author\" content=\"veronicapastor\" \/>\n<meta name=\"twitter:card\" content=\"summary_large_image\" \/>\n<meta name=\"twitter:creator\" content=\"@SalesianosVSJB\" \/>\n<meta name=\"twitter:site\" content=\"@SalesianosVSJB\" \/>\n<meta name=\"twitter:label1\" content=\"Escrito por\" \/>\n\t<meta name=\"twitter:data1\" content=\"veronicapastor\" \/>\n\t<meta name=\"twitter:label2\" content=\"Tiempo de lectura\" \/>\n\t<meta name=\"twitter:data2\" content=\"3 minutos\" \/>\n<script type=\"application\/ld+json\" class=\"yoast-schema-graph\">{\"@context\":\"https:\\\/\\\/schema.org\",\"@graph\":[{\"@type\":\"Article\",\"@id\":\"https:\\\/\\\/valenciasjb.salesianos.edu\\\/colegio\\\/el-musical-solidario-godspell-anuncia-su-estreno\\\/#article\",\"isPartOf\":{\"@id\":\"https:\\\/\\\/valenciasjb.salesianos.edu\\\/colegio\\\/el-musical-solidario-godspell-anuncia-su-estreno\\\/\"},\"author\":{\"name\":\"veronicapastor\",\"@id\":\"https:\\\/\\\/valenciasjb.salesianos.edu\\\/colegio\\\/#\\\/schema\\\/person\\\/1f45b67e52b27da175190a574db6bed9\"},\"headline\":\"El Musical Solidario \u00abGodspell\u00bb en los medios de comunicaci\u00f3n\",\"datePublished\":\"2018-02-06T16:00:52+00:00\",\"dateModified\":\"2018-02-08T15:15:22+00:00\",\"mainEntityOfPage\":{\"@id\":\"https:\\\/\\\/valenciasjb.salesianos.edu\\\/colegio\\\/el-musical-solidario-godspell-anuncia-su-estreno\\\/\"},\"wordCount\":635,\"image\":{\"@id\":\"https:\\\/\\\/valenciasjb.salesianos.edu\\\/colegio\\\/el-musical-solidario-godspell-anuncia-su-estreno\\\/#primaryimage\"},\"thumbnailUrl\":\"https:\\\/\\\/valenciasjb.salesianos.edu\\\/colegio\\\/wp-content\\\/uploads\\\/sites\\\/2\\\/2018\\\/02\\\/GodspellLasProvincias.jpg\",\"articleSection\":[\"Noticia Colegio\"],\"inLanguage\":\"es\"},{\"@type\":\"WebPage\",\"@id\":\"https:\\\/\\\/valenciasjb.salesianos.edu\\\/colegio\\\/el-musical-solidario-godspell-anuncia-su-estreno\\\/\",\"url\":\"https:\\\/\\\/valenciasjb.salesianos.edu\\\/colegio\\\/el-musical-solidario-godspell-anuncia-su-estreno\\\/\",\"name\":\"El Musical Solidario \\\"Godspell\\\" en los medios de comunicaci\u00f3n - Colegio San Juan Bosco Valencia\",\"isPartOf\":{\"@id\":\"https:\\\/\\\/valenciasjb.salesianos.edu\\\/colegio\\\/#website\"},\"primaryImageOfPage\":{\"@id\":\"https:\\\/\\\/valenciasjb.salesianos.edu\\\/colegio\\\/el-musical-solidario-godspell-anuncia-su-estreno\\\/#primaryimage\"},\"image\":{\"@id\":\"https:\\\/\\\/valenciasjb.salesianos.edu\\\/colegio\\\/el-musical-solidario-godspell-anuncia-su-estreno\\\/#primaryimage\"},\"thumbnailUrl\":\"https:\\\/\\\/valenciasjb.salesianos.edu\\\/colegio\\\/wp-content\\\/uploads\\\/sites\\\/2\\\/2018\\\/02\\\/GodspellLasProvincias.jpg\",\"datePublished\":\"2018-02-06T16:00:52+00:00\",\"dateModified\":\"2018-02-08T15:15:22+00:00\",\"author\":{\"@id\":\"https:\\\/\\\/valenciasjb.salesianos.edu\\\/colegio\\\/#\\\/schema\\\/person\\\/1f45b67e52b27da175190a574db6bed9\"},\"breadcrumb\":{\"@id\":\"https:\\\/\\\/valenciasjb.salesianos.edu\\\/colegio\\\/el-musical-solidario-godspell-anuncia-su-estreno\\\/#breadcrumb\"},\"inLanguage\":\"es\",\"potentialAction\":[{\"@type\":\"ReadAction\",\"target\":[\"https:\\\/\\\/valenciasjb.salesianos.edu\\\/colegio\\\/el-musical-solidario-godspell-anuncia-su-estreno\\\/\"]}]},{\"@type\":\"ImageObject\",\"inLanguage\":\"es\",\"@id\":\"https:\\\/\\\/valenciasjb.salesianos.edu\\\/colegio\\\/el-musical-solidario-godspell-anuncia-su-estreno\\\/#primaryimage\",\"url\":\"https:\\\/\\\/valenciasjb.salesianos.edu\\\/colegio\\\/wp-content\\\/uploads\\\/sites\\\/2\\\/2018\\\/02\\\/GodspellLasProvincias.jpg\",\"contentUrl\":\"https:\\\/\\\/valenciasjb.salesianos.edu\\\/colegio\\\/wp-content\\\/uploads\\\/sites\\\/2\\\/2018\\\/02\\\/GodspellLasProvincias.jpg\",\"width\":311,\"height\":593},{\"@type\":\"BreadcrumbList\",\"@id\":\"https:\\\/\\\/valenciasjb.salesianos.edu\\\/colegio\\\/el-musical-solidario-godspell-anuncia-su-estreno\\\/#breadcrumb\",\"itemListElement\":[{\"@type\":\"ListItem\",\"position\":1,\"name\":\"Portada\",\"item\":\"https:\\\/\\\/valenciasjb.salesianos.edu\\\/colegio\\\/\"},{\"@type\":\"ListItem\",\"position\":2,\"name\":\"El Musical Solidario \u00abGodspell\u00bb en los medios de comunicaci\u00f3n\"}]},{\"@type\":\"WebSite\",\"@id\":\"https:\\\/\\\/valenciasjb.salesianos.edu\\\/colegio\\\/#website\",\"url\":\"https:\\\/\\\/valenciasjb.salesianos.edu\\\/colegio\\\/\",\"name\":\"Colegio San Juan Bosco Valencia\",\"description\":\"P\u00e1gina oficial del Colegio Salesianos San Juan Bosco Valencia\",\"alternateName\":\"Salesianos.VSJB\",\"potentialAction\":[{\"@type\":\"SearchAction\",\"target\":{\"@type\":\"EntryPoint\",\"urlTemplate\":\"https:\\\/\\\/valenciasjb.salesianos.edu\\\/colegio\\\/?s={search_term_string}\"},\"query-input\":{\"@type\":\"PropertyValueSpecification\",\"valueRequired\":true,\"valueName\":\"search_term_string\"}}],\"inLanguage\":\"es\"},{\"@type\":\"Person\",\"@id\":\"https:\\\/\\\/valenciasjb.salesianos.edu\\\/colegio\\\/#\\\/schema\\\/person\\\/1f45b67e52b27da175190a574db6bed9\",\"name\":\"veronicapastor\",\"image\":{\"@type\":\"ImageObject\",\"inLanguage\":\"es\",\"@id\":\"https:\\\/\\\/secure.gravatar.com\\\/avatar\\\/e29bd40bace3fd935e1d6fdb7313ffc14628cc037c5e16f4c7369b20a2a6f7f0?s=96&d=mm&r=g\",\"url\":\"https:\\\/\\\/secure.gravatar.com\\\/avatar\\\/e29bd40bace3fd935e1d6fdb7313ffc14628cc037c5e16f4c7369b20a2a6f7f0?s=96&d=mm&r=g\",\"contentUrl\":\"https:\\\/\\\/secure.gravatar.com\\\/avatar\\\/e29bd40bace3fd935e1d6fdb7313ffc14628cc037c5e16f4c7369b20a2a6f7f0?s=96&d=mm&r=g\",\"caption\":\"veronicapastor\"}}]}<\/script>\n<!-- \/ Yoast SEO plugin. -->","yoast_head_json":{"title":"El Musical Solidario \"Godspell\" en los medios de comunicaci\u00f3n - Colegio San Juan Bosco Valencia","robots":{"index":"index","follow":"follow","max-snippet":"max-snippet:-1","max-image-preview":"max-image-preview:large","max-video-preview":"max-video-preview:-1"},"canonical":"https:\/\/valenciasjb.salesianos.edu\/colegio\/el-musical-solidario-godspell-anuncia-su-estreno\/","og_locale":"es_ES","og_type":"article","og_title":"El Musical Solidario \"Godspell\" en los medios de comunicaci\u00f3n - Colegio San Juan Bosco Valencia","og_description":"El Musical Solidario \"Godspell\" anuncia su estreno el pr\u00f3ximo viernes, d\u00eda 23 de febrero, a las 22 horas. Un espect\u00e1culo del que ya se est\u00e1n haciendo eco los medios de comunicaci\u00f3n. Pronto se anunciar\u00e1 la venta de entradas para las distintas representaciones. Redacci\u00f3n. Nuestro colegio se define en su \u201cMisi\u00f3n, Visi\u00f3n y Valores\u201d\u00a0como escuela innovadora, [&hellip;]","og_url":"https:\/\/valenciasjb.salesianos.edu\/colegio\/el-musical-solidario-godspell-anuncia-su-estreno\/","og_site_name":"Colegio San Juan Bosco Valencia","article_publisher":"https:\/\/www.facebook.com\/ColegioSalesianoSanJuanBoscoValencia","article_published_time":"2018-02-06T16:00:52+00:00","article_modified_time":"2018-02-08T15:15:22+00:00","og_image":[{"width":311,"height":593,"url":"https:\/\/valenciasjb.salesianos.edu\/colegio\/wp-content\/uploads\/sites\/2\/2018\/02\/GodspellLasProvincias.jpg","type":"image\/jpeg"}],"author":"veronicapastor","twitter_card":"summary_large_image","twitter_creator":"@SalesianosVSJB","twitter_site":"@SalesianosVSJB","twitter_misc":{"Escrito por":"veronicapastor","Tiempo de lectura":"3 minutos"},"schema":{"@context":"https:\/\/schema.org","@graph":[{"@type":"Article","@id":"https:\/\/valenciasjb.salesianos.edu\/colegio\/el-musical-solidario-godspell-anuncia-su-estreno\/#article","isPartOf":{"@id":"https:\/\/valenciasjb.salesianos.edu\/colegio\/el-musical-solidario-godspell-anuncia-su-estreno\/"},"author":{"name":"veronicapastor","@id":"https:\/\/valenciasjb.salesianos.edu\/colegio\/#\/schema\/person\/1f45b67e52b27da175190a574db6bed9"},"headline":"El Musical Solidario \u00abGodspell\u00bb en los medios de comunicaci\u00f3n","datePublished":"2018-02-06T16:00:52+00:00","dateModified":"2018-02-08T15:15:22+00:00","mainEntityOfPage":{"@id":"https:\/\/valenciasjb.salesianos.edu\/colegio\/el-musical-solidario-godspell-anuncia-su-estreno\/"},"wordCount":635,"image":{"@id":"https:\/\/valenciasjb.salesianos.edu\/colegio\/el-musical-solidario-godspell-anuncia-su-estreno\/#primaryimage"},"thumbnailUrl":"https:\/\/valenciasjb.salesianos.edu\/colegio\/wp-content\/uploads\/sites\/2\/2018\/02\/GodspellLasProvincias.jpg","articleSection":["Noticia Colegio"],"inLanguage":"es"},{"@type":"WebPage","@id":"https:\/\/valenciasjb.salesianos.edu\/colegio\/el-musical-solidario-godspell-anuncia-su-estreno\/","url":"https:\/\/valenciasjb.salesianos.edu\/colegio\/el-musical-solidario-godspell-anuncia-su-estreno\/","name":"El Musical Solidario \"Godspell\" en los medios de comunicaci\u00f3n - Colegio San Juan Bosco Valencia","isPartOf":{"@id":"https:\/\/valenciasjb.salesianos.edu\/colegio\/#website"},"primaryImageOfPage":{"@id":"https:\/\/valenciasjb.salesianos.edu\/colegio\/el-musical-solidario-godspell-anuncia-su-estreno\/#primaryimage"},"image":{"@id":"https:\/\/valenciasjb.salesianos.edu\/colegio\/el-musical-solidario-godspell-anuncia-su-estreno\/#primaryimage"},"thumbnailUrl":"https:\/\/valenciasjb.salesianos.edu\/colegio\/wp-content\/uploads\/sites\/2\/2018\/02\/GodspellLasProvincias.jpg","datePublished":"2018-02-06T16:00:52+00:00","dateModified":"2018-02-08T15:15:22+00:00","author":{"@id":"https:\/\/valenciasjb.salesianos.edu\/colegio\/#\/schema\/person\/1f45b67e52b27da175190a574db6bed9"},"breadcrumb":{"@id":"https:\/\/valenciasjb.salesianos.edu\/colegio\/el-musical-solidario-godspell-anuncia-su-estreno\/#breadcrumb"},"inLanguage":"es","potentialAction":[{"@type":"ReadAction","target":["https:\/\/valenciasjb.salesianos.edu\/colegio\/el-musical-solidario-godspell-anuncia-su-estreno\/"]}]},{"@type":"ImageObject","inLanguage":"es","@id":"https:\/\/valenciasjb.salesianos.edu\/colegio\/el-musical-solidario-godspell-anuncia-su-estreno\/#primaryimage","url":"https:\/\/valenciasjb.salesianos.edu\/colegio\/wp-content\/uploads\/sites\/2\/2018\/02\/GodspellLasProvincias.jpg","contentUrl":"https:\/\/valenciasjb.salesianos.edu\/colegio\/wp-content\/uploads\/sites\/2\/2018\/02\/GodspellLasProvincias.jpg","width":311,"height":593},{"@type":"BreadcrumbList","@id":"https:\/\/valenciasjb.salesianos.edu\/colegio\/el-musical-solidario-godspell-anuncia-su-estreno\/#breadcrumb","itemListElement":[{"@type":"ListItem","position":1,"name":"Portada","item":"https:\/\/valenciasjb.salesianos.edu\/colegio\/"},{"@type":"ListItem","position":2,"name":"El Musical Solidario \u00abGodspell\u00bb en los medios de comunicaci\u00f3n"}]},{"@type":"WebSite","@id":"https:\/\/valenciasjb.salesianos.edu\/colegio\/#website","url":"https:\/\/valenciasjb.salesianos.edu\/colegio\/","name":"Colegio San Juan Bosco Valencia","description":"P\u00e1gina oficial del Colegio Salesianos San Juan Bosco Valencia","alternateName":"Salesianos.VSJB","potentialAction":[{"@type":"SearchAction","target":{"@type":"EntryPoint","urlTemplate":"https:\/\/valenciasjb.salesianos.edu\/colegio\/?s={search_term_string}"},"query-input":{"@type":"PropertyValueSpecification","valueRequired":true,"valueName":"search_term_string"}}],"inLanguage":"es"},{"@type":"Person","@id":"https:\/\/valenciasjb.salesianos.edu\/colegio\/#\/schema\/person\/1f45b67e52b27da175190a574db6bed9","name":"veronicapastor","image":{"@type":"ImageObject","inLanguage":"es","@id":"https:\/\/secure.gravatar.com\/avatar\/e29bd40bace3fd935e1d6fdb7313ffc14628cc037c5e16f4c7369b20a2a6f7f0?s=96&d=mm&r=g","url":"https:\/\/secure.gravatar.com\/avatar\/e29bd40bace3fd935e1d6fdb7313ffc14628cc037c5e16f4c7369b20a2a6f7f0?s=96&d=mm&r=g","contentUrl":"https:\/\/secure.gravatar.com\/avatar\/e29bd40bace3fd935e1d6fdb7313ffc14628cc037c5e16f4c7369b20a2a6f7f0?s=96&d=mm&r=g","caption":"veronicapastor"}}]}},"_links":{"self":[{"href":"https:\/\/valenciasjb.salesianos.edu\/colegio\/wp-json\/wp\/v2\/posts\/8215","targetHints":{"allow":["GET"]}}],"collection":[{"href":"https:\/\/valenciasjb.salesianos.edu\/colegio\/wp-json\/wp\/v2\/posts"}],"about":[{"href":"https:\/\/valenciasjb.salesianos.edu\/colegio\/wp-json\/wp\/v2\/types\/post"}],"author":[{"embeddable":true,"href":"https:\/\/valenciasjb.salesianos.edu\/colegio\/wp-json\/wp\/v2\/users\/6"}],"replies":[{"embeddable":true,"href":"https:\/\/valenciasjb.salesianos.edu\/colegio\/wp-json\/wp\/v2\/comments?post=8215"}],"version-history":[{"count":5,"href":"https:\/\/valenciasjb.salesianos.edu\/colegio\/wp-json\/wp\/v2\/posts\/8215\/revisions"}],"predecessor-version":[{"id":8225,"href":"https:\/\/valenciasjb.salesianos.edu\/colegio\/wp-json\/wp\/v2\/posts\/8215\/revisions\/8225"}],"wp:featuredmedia":[{"embeddable":true,"href":"https:\/\/valenciasjb.salesianos.edu\/colegio\/wp-json\/wp\/v2\/media\/8216"}],"wp:attachment":[{"href":"https:\/\/valenciasjb.salesianos.edu\/colegio\/wp-json\/wp\/v2\/media?parent=8215"}],"wp:term":[{"taxonomy":"category","embeddable":true,"href":"https:\/\/valenciasjb.salesianos.edu\/colegio\/wp-json\/wp\/v2\/categories?post=8215"},{"taxonomy":"post_tag","embeddable":true,"href":"https:\/\/valenciasjb.salesianos.edu\/colegio\/wp-json\/wp\/v2\/tags?post=8215"}],"curies":[{"name":"wp","href":"https:\/\/api.w.org\/{rel}","templated":true}]}}