{"id":8261,"date":"2018-02-12T21:21:15","date_gmt":"2018-02-12T20:21:15","guid":{"rendered":"https:\/\/valenciasjb.salesianos.edu\/colegio\/?p=8261"},"modified":"2018-02-12T21:21:15","modified_gmt":"2018-02-12T20:21:15","slug":"una-fiesta-de-divinas-proporciones-en-el-decimo-cuarto-matebosco","status":"publish","type":"post","link":"https:\/\/valenciasjb.salesianos.edu\/colegio\/una-fiesta-de-divinas-proporciones-en-el-decimo-cuarto-matebosco\/","title":{"rendered":"Una fiesta de divinas proporciones, en el d\u00e9cimo cuarto Matebosco"},"content":{"rendered":"<div id=\"fb-root\"><\/div>\n<p>[et_pb_section bb_built=\u00bb1&#8243; admin_label=\u00bbsection\u00bb][et_pb_row admin_label=\u00bbrow\u00bb background_position=\u00bbtop_left\u00bb background_repeat=\u00bbrepeat\u00bb background_size=\u00bbinitial\u00bb][et_pb_column type=\u00bb4_4&#8243;][et_pb_text admin_label=\u00bbEntradilla (Texto)\u00bb _builder_version=\u00bb3.0.95&#8243; background_layout=\u00bblight\u00bb text_orientation=\u00bbjustified\u00bb text_font=\u00bb|on|||\u00bb module_alignment=\u00bbleft\u00bb]<\/p>\n<div id=\"resumen\">\n<p align=\"justify\"><span style=\"color: #323232\"><span style=\"font-family: Arial, Helvetica, 'Bitstream Vera Sans', sans-serif\"><span style=\"font-size: medium\"><b>La d\u00e9cimo cuarta edici\u00f3n de la olimpiada matem\u00e1tica escolar, el XIV Matebosco, tuvo lugar durante la ma\u00f1ana del s\u00e1bado 10 de febrero, en el Colegio Salesiano San Juan Bosco de Valencia, donde juegos, acertijos y el n\u00famero \u00e1ureo tomaron el protagonismo en esta ocasi\u00f3n.<\/b><\/span><\/span><\/span><\/p>\n<p><strong><br \/>\n<\/strong><\/div>\n<div><\/div>\n<p>[\/et_pb_text][et_pb_text admin_label=\u00bbAutor (Texto)\u00bb _builder_version=\u00bb3.0.85&#8243; background_layout=\u00bblight\u00bb text_font=\u00bb||on||\u00bb]<\/p>\n<p>Redacci\u00f3n<\/p>\n<p>[\/et_pb_text][et_pb_text admin_label=\u00bbDesarrollo (Texto)\u00bb _builder_version=\u00bb3.0.95&#8243; background_layout=\u00bblight\u00bb text_orientation=\u00bbjustified\u00bb module_alignment=\u00bbleft\u00bb]<\/p>\n<p align=\"justify\"><img loading=\"lazy\" decoding=\"async\" class=\"alignnone  wp-image-8269\" src=\"https:\/\/valenciasjb.salesianos.edu\/colegio\/wp-content\/uploads\/sites\/2\/2018\/02\/mb18-14-de-67-300x200.jpg\" alt=\"\" width=\"902\" height=\"601\" srcset=\"https:\/\/valenciasjb.salesianos.edu\/colegio\/wp-content\/uploads\/sites\/2\/2018\/02\/mb18-14-de-67-300x200.jpg 300w, https:\/\/valenciasjb.salesianos.edu\/colegio\/wp-content\/uploads\/sites\/2\/2018\/02\/mb18-14-de-67-768x512.jpg 768w, https:\/\/valenciasjb.salesianos.edu\/colegio\/wp-content\/uploads\/sites\/2\/2018\/02\/mb18-14-de-67-1024x683.jpg 1024w, https:\/\/valenciasjb.salesianos.edu\/colegio\/wp-content\/uploads\/sites\/2\/2018\/02\/mb18-14-de-67-1080x720.jpg 1080w\" sizes=\"(max-width: 902px) 100vw, 902px\" \/><\/p>\n<p align=\"justify\">La jornada atrajo a alumnos que cursan desde quinto de Primaria hasta cuarto de ESO. Adem\u00e1s se cont\u00f3 con la colaboraci\u00f3n de voluntarios para ejercer funciones de monitores, correctores y jueces de las distintas pruebas, la mayor\u00eda de los cuales eran alumnos de Bachillerato, aunque tambi\u00e9n profesores, padres y madres, todos ellos coordinados por la comisi\u00f3n de organizaci\u00f3n de la olimpiada, formada por el Departamento de Matem\u00e1ticas y varios profesores de tercer ciclo de Primaria.<\/p>\n<p align=\"justify\">El \u00e9xito de la olimpiada qued\u00f3 plasmada, entre otros, por el aumento en el n\u00famero de participantes y su implicaci\u00f3n, pr\u00e1cticamente dos centenares contando \u00fanicamente a alumnos.<\/p>\n<p align=\"justify\">Como es habitual, uno de los momentos m\u00e1s emocionantes de la ma\u00f1ana fue el comienzo de la prueba de relevos, la primera de las dos pruebas por equipos que se realizaron, cuando el bocinazo de salida precedido de un: \u201c\u00a1Preparados! \u00a1Listos! \u00a1Ya!\u201d, impuls\u00f3 a la primera de las parejas de cada grupo a salir corriendo hacia la mesa donde les esperaban los retos que iban a poner a prueba su ingenio y habilidad matem\u00e1tica.<\/p>\n<p align=\"justify\">A media ma\u00f1ana, en el jard\u00edn de la antigua entrada al colegio, el grupo disfrut\u00f3 de un apetitoso almuerzo, que como en anteriores ediciones lo ofreci\u00f3 AMPAS. All\u00ed, alumnos, profesores, padres y madres pudieron compartir y disfrutar de un ambiente agradable y distendido.<\/p>\n<p align=\"justify\">Finalmente se entregaron todos los premios, costeados por AMPAS, a los grupos ganadores y a los clasificados a la siguiente fase, la fase comarcal de la XXIX Olimpiada Matem\u00e1tica, organizada por la Sociedad de Educaci\u00f3n Matem\u00e1tica <em>AlKhw\u00e4rizmi <\/em>en la que alumnos del colegio podr\u00e1n participar con alumnos de muchos otros institutos y colegios de la provincia.<\/p>\n<p>[\/et_pb_text][et_pb_text admin_label=\u00bbT\u00edtulo: Galer\u00eda de fotos (Texto)\u00bb _builder_version=\u00bb3.0.76&#8243; background_layout=\u00bblight\u00bb text_font=\u00bb|on|||\u00bb text_text_color=\u00bb#dc001b\u00bb border_style=\u00bbsolid\u00bb disabled=\u00bboff\u00bb disabled_on=\u00bboff|on|on\u00bb]<\/p>\n<p>Galer\u00eda de im\u00e1genes<\/p>\n<p>[\/et_pb_text][et_pb_gallery _builder_version=\u00bb3.0.95&#8243; posts_number=\u00bb8&#8243; show_title_and_caption=\u00bboff\u00bb show_pagination=\u00bbon\u00bb fullwidth=\u00bboff\u00bb orientation=\u00bblandscape\u00bb zoom_icon_color=\u00bb#dc001b\u00bb hover_overlay_color=\u00bbrgba(255,255,255,0.9)\u00bb hover_icon=\u00bb%%51%%\u00bb background_layout=\u00bblight\u00bb disabled=\u00bboff\u00bb disabled_on=\u00bboff|off|off\u00bb gallery_ids=\u00bb8262,8263,8264,8265,8266,8267,8268&#8243; pagination_font_size_tablet=\u00bb51&#8243; pagination_line_height_tablet=\u00bb2&#8243; \/][et_pb_video _builder_version=\u00bb3.0.51&#8243; disabled=\u00bbon\u00bb disabled_on=\u00bbon|on|on\u00bb \/][\/et_pb_column][\/et_pb_row][\/et_pb_section]<\/p>\n<!-- AddThis Advanced Settings generic via filter on the_content --><!-- AddThis Share Buttons generic via filter on the_content -->","protected":false},"excerpt":{"rendered":"<p>La d\u00e9cimo cuarta edici\u00f3n de la olimpiada matem\u00e1tica escolar, el XIV Matebosco, tuvo lugar durante la ma\u00f1ana del s\u00e1bado 10 de febrero, en el Colegio Salesiano San Juan Bosco de Valencia, donde juegos, acertijos y el n\u00famero \u00e1ureo tomaron el protagonismo en esta ocasi\u00f3n. Redacci\u00f3n La jornada atrajo a alumnos que cursan desde quinto de [&hellip;]<\/p>\n<p><!-- AddThis Advanced Settings generic via filter on get_the_excerpt --><!-- AddThis Share Buttons generic via filter on get_the_excerpt --><\/p>\n","protected":false},"author":6,"featured_media":8269,"comment_status":"closed","ping_status":"open","sticky":false,"template":"","format":"standard","meta":{"_et_pb_use_builder":"on","_et_pb_old_content":"","_et_gb_content_width":"","footnotes":""},"categories":[14],"tags":[],"class_list":["post-8261","post","type-post","status-publish","format-standard","has-post-thumbnail","hentry","category-noticia_colegio"],"yoast_head":"<!-- This site is optimized with the Yoast SEO plugin v28.4 - https:\/\/yoast.com\/product\/yoast-seo-wordpress\/ -->\n<title>Una fiesta de divinas proporciones, en el d\u00e9cimo cuarto Matebosco - Colegio San Juan Bosco Valencia<\/title>\n<meta name=\"robots\" content=\"index, follow, max-snippet:-1, max-image-preview:large, max-video-preview:-1\" \/>\n<link rel=\"canonical\" href=\"https:\/\/valenciasjb.salesianos.edu\/colegio\/una-fiesta-de-divinas-proporciones-en-el-decimo-cuarto-matebosco\/\" \/>\n<meta property=\"og:locale\" content=\"es_ES\" \/>\n<meta property=\"og:type\" content=\"article\" \/>\n<meta property=\"og:title\" content=\"Una fiesta de divinas proporciones, en el d\u00e9cimo cuarto Matebosco - Colegio San Juan Bosco Valencia\" \/>\n<meta property=\"og:description\" content=\"La d\u00e9cimo cuarta edici\u00f3n de la olimpiada matem\u00e1tica escolar, el XIV Matebosco, tuvo lugar durante la ma\u00f1ana del s\u00e1bado 10 de febrero, en el Colegio Salesiano San Juan Bosco de Valencia, donde juegos, acertijos y el n\u00famero \u00e1ureo tomaron el protagonismo en esta ocasi\u00f3n. Redacci\u00f3n La jornada atrajo a alumnos que cursan desde quinto de [&hellip;]\" \/>\n<meta property=\"og:url\" content=\"https:\/\/valenciasjb.salesianos.edu\/colegio\/una-fiesta-de-divinas-proporciones-en-el-decimo-cuarto-matebosco\/\" \/>\n<meta property=\"og:site_name\" content=\"Colegio San Juan Bosco Valencia\" \/>\n<meta property=\"article:publisher\" content=\"https:\/\/www.facebook.com\/ColegioSalesianoSanJuanBoscoValencia\" \/>\n<meta property=\"article:published_time\" content=\"2018-02-12T20:21:15+00:00\" \/>\n<meta property=\"og:image\" content=\"https:\/\/valenciasjb.salesianos.edu\/colegio\/wp-content\/uploads\/sites\/2\/2018\/02\/mb18-14-de-67-1024x683.jpg\" \/>\n\t<meta property=\"og:image:width\" content=\"1024\" \/>\n\t<meta property=\"og:image:height\" content=\"683\" \/>\n\t<meta property=\"og:image:type\" content=\"image\/jpeg\" \/>\n<meta name=\"author\" content=\"veronicapastor\" \/>\n<meta name=\"twitter:card\" content=\"summary_large_image\" \/>\n<meta name=\"twitter:creator\" content=\"@SalesianosVSJB\" \/>\n<meta name=\"twitter:site\" content=\"@SalesianosVSJB\" \/>\n<meta name=\"twitter:label1\" content=\"Escrito por\" \/>\n\t<meta name=\"twitter:data1\" content=\"veronicapastor\" \/>\n\t<meta name=\"twitter:label2\" content=\"Tiempo de lectura\" \/>\n\t<meta name=\"twitter:data2\" content=\"3 minutos\" \/>\n<script type=\"application\/ld+json\" class=\"yoast-schema-graph\">{\"@context\":\"https:\\\/\\\/schema.org\",\"@graph\":[{\"@type\":\"Article\",\"@id\":\"https:\\\/\\\/valenciasjb.salesianos.edu\\\/colegio\\\/una-fiesta-de-divinas-proporciones-en-el-decimo-cuarto-matebosco\\\/#article\",\"isPartOf\":{\"@id\":\"https:\\\/\\\/valenciasjb.salesianos.edu\\\/colegio\\\/una-fiesta-de-divinas-proporciones-en-el-decimo-cuarto-matebosco\\\/\"},\"author\":{\"name\":\"veronicapastor\",\"@id\":\"https:\\\/\\\/valenciasjb.salesianos.edu\\\/colegio\\\/#\\\/schema\\\/person\\\/1f45b67e52b27da175190a574db6bed9\"},\"headline\":\"Una fiesta de divinas proporciones, en el d\u00e9cimo cuarto Matebosco\",\"datePublished\":\"2018-02-12T20:21:15+00:00\",\"mainEntityOfPage\":{\"@id\":\"https:\\\/\\\/valenciasjb.salesianos.edu\\\/colegio\\\/una-fiesta-de-divinas-proporciones-en-el-decimo-cuarto-matebosco\\\/\"},\"wordCount\":563,\"image\":{\"@id\":\"https:\\\/\\\/valenciasjb.salesianos.edu\\\/colegio\\\/una-fiesta-de-divinas-proporciones-en-el-decimo-cuarto-matebosco\\\/#primaryimage\"},\"thumbnailUrl\":\"https:\\\/\\\/valenciasjb.salesianos.edu\\\/colegio\\\/wp-content\\\/uploads\\\/sites\\\/2\\\/2018\\\/02\\\/mb18-14-de-67.jpg\",\"articleSection\":[\"Noticia Colegio\"],\"inLanguage\":\"es\"},{\"@type\":\"WebPage\",\"@id\":\"https:\\\/\\\/valenciasjb.salesianos.edu\\\/colegio\\\/una-fiesta-de-divinas-proporciones-en-el-decimo-cuarto-matebosco\\\/\",\"url\":\"https:\\\/\\\/valenciasjb.salesianos.edu\\\/colegio\\\/una-fiesta-de-divinas-proporciones-en-el-decimo-cuarto-matebosco\\\/\",\"name\":\"Una fiesta de divinas proporciones, en el d\u00e9cimo cuarto Matebosco - Colegio San Juan Bosco Valencia\",\"isPartOf\":{\"@id\":\"https:\\\/\\\/valenciasjb.salesianos.edu\\\/colegio\\\/#website\"},\"primaryImageOfPage\":{\"@id\":\"https:\\\/\\\/valenciasjb.salesianos.edu\\\/colegio\\\/una-fiesta-de-divinas-proporciones-en-el-decimo-cuarto-matebosco\\\/#primaryimage\"},\"image\":{\"@id\":\"https:\\\/\\\/valenciasjb.salesianos.edu\\\/colegio\\\/una-fiesta-de-divinas-proporciones-en-el-decimo-cuarto-matebosco\\\/#primaryimage\"},\"thumbnailUrl\":\"https:\\\/\\\/valenciasjb.salesianos.edu\\\/colegio\\\/wp-content\\\/uploads\\\/sites\\\/2\\\/2018\\\/02\\\/mb18-14-de-67.jpg\",\"datePublished\":\"2018-02-12T20:21:15+00:00\",\"author\":{\"@id\":\"https:\\\/\\\/valenciasjb.salesianos.edu\\\/colegio\\\/#\\\/schema\\\/person\\\/1f45b67e52b27da175190a574db6bed9\"},\"breadcrumb\":{\"@id\":\"https:\\\/\\\/valenciasjb.salesianos.edu\\\/colegio\\\/una-fiesta-de-divinas-proporciones-en-el-decimo-cuarto-matebosco\\\/#breadcrumb\"},\"inLanguage\":\"es\",\"potentialAction\":[{\"@type\":\"ReadAction\",\"target\":[\"https:\\\/\\\/valenciasjb.salesianos.edu\\\/colegio\\\/una-fiesta-de-divinas-proporciones-en-el-decimo-cuarto-matebosco\\\/\"]}]},{\"@type\":\"ImageObject\",\"inLanguage\":\"es\",\"@id\":\"https:\\\/\\\/valenciasjb.salesianos.edu\\\/colegio\\\/una-fiesta-de-divinas-proporciones-en-el-decimo-cuarto-matebosco\\\/#primaryimage\",\"url\":\"https:\\\/\\\/valenciasjb.salesianos.edu\\\/colegio\\\/wp-content\\\/uploads\\\/sites\\\/2\\\/2018\\\/02\\\/mb18-14-de-67.jpg\",\"contentUrl\":\"https:\\\/\\\/valenciasjb.salesianos.edu\\\/colegio\\\/wp-content\\\/uploads\\\/sites\\\/2\\\/2018\\\/02\\\/mb18-14-de-67.jpg\",\"width\":6000,\"height\":4000},{\"@type\":\"BreadcrumbList\",\"@id\":\"https:\\\/\\\/valenciasjb.salesianos.edu\\\/colegio\\\/una-fiesta-de-divinas-proporciones-en-el-decimo-cuarto-matebosco\\\/#breadcrumb\",\"itemListElement\":[{\"@type\":\"ListItem\",\"position\":1,\"name\":\"Portada\",\"item\":\"https:\\\/\\\/valenciasjb.salesianos.edu\\\/colegio\\\/\"},{\"@type\":\"ListItem\",\"position\":2,\"name\":\"Una fiesta de divinas proporciones, en el d\u00e9cimo cuarto Matebosco\"}]},{\"@type\":\"WebSite\",\"@id\":\"https:\\\/\\\/valenciasjb.salesianos.edu\\\/colegio\\\/#website\",\"url\":\"https:\\\/\\\/valenciasjb.salesianos.edu\\\/colegio\\\/\",\"name\":\"Colegio San Juan Bosco Valencia\",\"description\":\"P\u00e1gina oficial del Colegio Salesianos San Juan Bosco Valencia\",\"alternateName\":\"Salesianos.VSJB\",\"potentialAction\":[{\"@type\":\"SearchAction\",\"target\":{\"@type\":\"EntryPoint\",\"urlTemplate\":\"https:\\\/\\\/valenciasjb.salesianos.edu\\\/colegio\\\/?s={search_term_string}\"},\"query-input\":{\"@type\":\"PropertyValueSpecification\",\"valueRequired\":true,\"valueName\":\"search_term_string\"}}],\"inLanguage\":\"es\"},{\"@type\":\"Person\",\"@id\":\"https:\\\/\\\/valenciasjb.salesianos.edu\\\/colegio\\\/#\\\/schema\\\/person\\\/1f45b67e52b27da175190a574db6bed9\",\"name\":\"veronicapastor\",\"image\":{\"@type\":\"ImageObject\",\"inLanguage\":\"es\",\"@id\":\"https:\\\/\\\/secure.gravatar.com\\\/avatar\\\/e29bd40bace3fd935e1d6fdb7313ffc14628cc037c5e16f4c7369b20a2a6f7f0?s=96&d=mm&r=g\",\"url\":\"https:\\\/\\\/secure.gravatar.com\\\/avatar\\\/e29bd40bace3fd935e1d6fdb7313ffc14628cc037c5e16f4c7369b20a2a6f7f0?s=96&d=mm&r=g\",\"contentUrl\":\"https:\\\/\\\/secure.gravatar.com\\\/avatar\\\/e29bd40bace3fd935e1d6fdb7313ffc14628cc037c5e16f4c7369b20a2a6f7f0?s=96&d=mm&r=g\",\"caption\":\"veronicapastor\"}}]}<\/script>\n<!-- \/ Yoast SEO plugin. -->","yoast_head_json":{"title":"Una fiesta de divinas proporciones, en el d\u00e9cimo cuarto Matebosco - Colegio San Juan Bosco Valencia","robots":{"index":"index","follow":"follow","max-snippet":"max-snippet:-1","max-image-preview":"max-image-preview:large","max-video-preview":"max-video-preview:-1"},"canonical":"https:\/\/valenciasjb.salesianos.edu\/colegio\/una-fiesta-de-divinas-proporciones-en-el-decimo-cuarto-matebosco\/","og_locale":"es_ES","og_type":"article","og_title":"Una fiesta de divinas proporciones, en el d\u00e9cimo cuarto Matebosco - Colegio San Juan Bosco Valencia","og_description":"La d\u00e9cimo cuarta edici\u00f3n de la olimpiada matem\u00e1tica escolar, el XIV Matebosco, tuvo lugar durante la ma\u00f1ana del s\u00e1bado 10 de febrero, en el Colegio Salesiano San Juan Bosco de Valencia, donde juegos, acertijos y el n\u00famero \u00e1ureo tomaron el protagonismo en esta ocasi\u00f3n. Redacci\u00f3n La jornada atrajo a alumnos que cursan desde quinto de [&hellip;]","og_url":"https:\/\/valenciasjb.salesianos.edu\/colegio\/una-fiesta-de-divinas-proporciones-en-el-decimo-cuarto-matebosco\/","og_site_name":"Colegio San Juan Bosco Valencia","article_publisher":"https:\/\/www.facebook.com\/ColegioSalesianoSanJuanBoscoValencia","article_published_time":"2018-02-12T20:21:15+00:00","og_image":[{"width":1024,"height":683,"url":"https:\/\/valenciasjb.salesianos.edu\/colegio\/wp-content\/uploads\/sites\/2\/2018\/02\/mb18-14-de-67-1024x683.jpg","type":"image\/jpeg"}],"author":"veronicapastor","twitter_card":"summary_large_image","twitter_creator":"@SalesianosVSJB","twitter_site":"@SalesianosVSJB","twitter_misc":{"Escrito por":"veronicapastor","Tiempo de lectura":"3 minutos"},"schema":{"@context":"https:\/\/schema.org","@graph":[{"@type":"Article","@id":"https:\/\/valenciasjb.salesianos.edu\/colegio\/una-fiesta-de-divinas-proporciones-en-el-decimo-cuarto-matebosco\/#article","isPartOf":{"@id":"https:\/\/valenciasjb.salesianos.edu\/colegio\/una-fiesta-de-divinas-proporciones-en-el-decimo-cuarto-matebosco\/"},"author":{"name":"veronicapastor","@id":"https:\/\/valenciasjb.salesianos.edu\/colegio\/#\/schema\/person\/1f45b67e52b27da175190a574db6bed9"},"headline":"Una fiesta de divinas proporciones, en el d\u00e9cimo cuarto Matebosco","datePublished":"2018-02-12T20:21:15+00:00","mainEntityOfPage":{"@id":"https:\/\/valenciasjb.salesianos.edu\/colegio\/una-fiesta-de-divinas-proporciones-en-el-decimo-cuarto-matebosco\/"},"wordCount":563,"image":{"@id":"https:\/\/valenciasjb.salesianos.edu\/colegio\/una-fiesta-de-divinas-proporciones-en-el-decimo-cuarto-matebosco\/#primaryimage"},"thumbnailUrl":"https:\/\/valenciasjb.salesianos.edu\/colegio\/wp-content\/uploads\/sites\/2\/2018\/02\/mb18-14-de-67.jpg","articleSection":["Noticia Colegio"],"inLanguage":"es"},{"@type":"WebPage","@id":"https:\/\/valenciasjb.salesianos.edu\/colegio\/una-fiesta-de-divinas-proporciones-en-el-decimo-cuarto-matebosco\/","url":"https:\/\/valenciasjb.salesianos.edu\/colegio\/una-fiesta-de-divinas-proporciones-en-el-decimo-cuarto-matebosco\/","name":"Una fiesta de divinas proporciones, en el d\u00e9cimo cuarto Matebosco - Colegio San Juan Bosco Valencia","isPartOf":{"@id":"https:\/\/valenciasjb.salesianos.edu\/colegio\/#website"},"primaryImageOfPage":{"@id":"https:\/\/valenciasjb.salesianos.edu\/colegio\/una-fiesta-de-divinas-proporciones-en-el-decimo-cuarto-matebosco\/#primaryimage"},"image":{"@id":"https:\/\/valenciasjb.salesianos.edu\/colegio\/una-fiesta-de-divinas-proporciones-en-el-decimo-cuarto-matebosco\/#primaryimage"},"thumbnailUrl":"https:\/\/valenciasjb.salesianos.edu\/colegio\/wp-content\/uploads\/sites\/2\/2018\/02\/mb18-14-de-67.jpg","datePublished":"2018-02-12T20:21:15+00:00","author":{"@id":"https:\/\/valenciasjb.salesianos.edu\/colegio\/#\/schema\/person\/1f45b67e52b27da175190a574db6bed9"},"breadcrumb":{"@id":"https:\/\/valenciasjb.salesianos.edu\/colegio\/una-fiesta-de-divinas-proporciones-en-el-decimo-cuarto-matebosco\/#breadcrumb"},"inLanguage":"es","potentialAction":[{"@type":"ReadAction","target":["https:\/\/valenciasjb.salesianos.edu\/colegio\/una-fiesta-de-divinas-proporciones-en-el-decimo-cuarto-matebosco\/"]}]},{"@type":"ImageObject","inLanguage":"es","@id":"https:\/\/valenciasjb.salesianos.edu\/colegio\/una-fiesta-de-divinas-proporciones-en-el-decimo-cuarto-matebosco\/#primaryimage","url":"https:\/\/valenciasjb.salesianos.edu\/colegio\/wp-content\/uploads\/sites\/2\/2018\/02\/mb18-14-de-67.jpg","contentUrl":"https:\/\/valenciasjb.salesianos.edu\/colegio\/wp-content\/uploads\/sites\/2\/2018\/02\/mb18-14-de-67.jpg","width":6000,"height":4000},{"@type":"BreadcrumbList","@id":"https:\/\/valenciasjb.salesianos.edu\/colegio\/una-fiesta-de-divinas-proporciones-en-el-decimo-cuarto-matebosco\/#breadcrumb","itemListElement":[{"@type":"ListItem","position":1,"name":"Portada","item":"https:\/\/valenciasjb.salesianos.edu\/colegio\/"},{"@type":"ListItem","position":2,"name":"Una fiesta de divinas proporciones, en el d\u00e9cimo cuarto Matebosco"}]},{"@type":"WebSite","@id":"https:\/\/valenciasjb.salesianos.edu\/colegio\/#website","url":"https:\/\/valenciasjb.salesianos.edu\/colegio\/","name":"Colegio San Juan Bosco Valencia","description":"P\u00e1gina oficial del Colegio Salesianos San Juan Bosco Valencia","alternateName":"Salesianos.VSJB","potentialAction":[{"@type":"SearchAction","target":{"@type":"EntryPoint","urlTemplate":"https:\/\/valenciasjb.salesianos.edu\/colegio\/?s={search_term_string}"},"query-input":{"@type":"PropertyValueSpecification","valueRequired":true,"valueName":"search_term_string"}}],"inLanguage":"es"},{"@type":"Person","@id":"https:\/\/valenciasjb.salesianos.edu\/colegio\/#\/schema\/person\/1f45b67e52b27da175190a574db6bed9","name":"veronicapastor","image":{"@type":"ImageObject","inLanguage":"es","@id":"https:\/\/secure.gravatar.com\/avatar\/e29bd40bace3fd935e1d6fdb7313ffc14628cc037c5e16f4c7369b20a2a6f7f0?s=96&d=mm&r=g","url":"https:\/\/secure.gravatar.com\/avatar\/e29bd40bace3fd935e1d6fdb7313ffc14628cc037c5e16f4c7369b20a2a6f7f0?s=96&d=mm&r=g","contentUrl":"https:\/\/secure.gravatar.com\/avatar\/e29bd40bace3fd935e1d6fdb7313ffc14628cc037c5e16f4c7369b20a2a6f7f0?s=96&d=mm&r=g","caption":"veronicapastor"}}]}},"_links":{"self":[{"href":"https:\/\/valenciasjb.salesianos.edu\/colegio\/wp-json\/wp\/v2\/posts\/8261","targetHints":{"allow":["GET"]}}],"collection":[{"href":"https:\/\/valenciasjb.salesianos.edu\/colegio\/wp-json\/wp\/v2\/posts"}],"about":[{"href":"https:\/\/valenciasjb.salesianos.edu\/colegio\/wp-json\/wp\/v2\/types\/post"}],"author":[{"embeddable":true,"href":"https:\/\/valenciasjb.salesianos.edu\/colegio\/wp-json\/wp\/v2\/users\/6"}],"replies":[{"embeddable":true,"href":"https:\/\/valenciasjb.salesianos.edu\/colegio\/wp-json\/wp\/v2\/comments?post=8261"}],"version-history":[{"count":1,"href":"https:\/\/valenciasjb.salesianos.edu\/colegio\/wp-json\/wp\/v2\/posts\/8261\/revisions"}],"predecessor-version":[{"id":8270,"href":"https:\/\/valenciasjb.salesianos.edu\/colegio\/wp-json\/wp\/v2\/posts\/8261\/revisions\/8270"}],"wp:featuredmedia":[{"embeddable":true,"href":"https:\/\/valenciasjb.salesianos.edu\/colegio\/wp-json\/wp\/v2\/media\/8269"}],"wp:attachment":[{"href":"https:\/\/valenciasjb.salesianos.edu\/colegio\/wp-json\/wp\/v2\/media?parent=8261"}],"wp:term":[{"taxonomy":"category","embeddable":true,"href":"https:\/\/valenciasjb.salesianos.edu\/colegio\/wp-json\/wp\/v2\/categories?post=8261"},{"taxonomy":"post_tag","embeddable":true,"href":"https:\/\/valenciasjb.salesianos.edu\/colegio\/wp-json\/wp\/v2\/tags?post=8261"}],"curies":[{"name":"wp","href":"https:\/\/api.w.org\/{rel}","templated":true}]}}