{"id":8284,"date":"2018-02-15T00:05:26","date_gmt":"2018-02-14T23:05:26","guid":{"rendered":"https:\/\/valenciasjb.salesianos.edu\/colegio\/?p=8284"},"modified":"2018-02-15T00:05:26","modified_gmt":"2018-02-14T23:05:26","slug":"los-ninos-y-ninas-quieren-paz","status":"publish","type":"post","link":"https:\/\/valenciasjb.salesianos.edu\/colegio\/los-ninos-y-ninas-quieren-paz\/","title":{"rendered":"\u00a1Los ni\u00f1os y ni\u00f1as quieren paz!"},"content":{"rendered":"<div id=\"fb-root\"><\/div>\n<p>[et_pb_section bb_built=\u00bb1&#8243; admin_label=\u00bbsection\u00bb][et_pb_row admin_label=\u00bbrow\u00bb background_position=\u00bbtop_left\u00bb background_repeat=\u00bbrepeat\u00bb background_size=\u00bbinitial\u00bb][et_pb_column type=\u00bb4_4&#8243;][et_pb_text admin_label=\u00bbEntradilla (Texto)\u00bb _builder_version=\u00bb3.0.95&#8243; background_layout=\u00bblight\u00bb text_orientation=\u00bbjustified\u00bb text_font=\u00bb|on|||\u00bb module_alignment=\u00bbleft\u00bb]<\/p>\n<div id=\"resumen\">\n<p><span style=\"font-family: Verdana, sans-serif\"><span style=\"font-size: small\"><b>Durante la semana pasada la etapa de Educaci\u00f3n Infantil se ha unido a la celebraci\u00f3n del D\u00eda Escolar de la No Violencia y La Paz, que se celebra el 30 de enero, en memoria de Mahatma Ganghi.<\/b><\/span><\/span><\/p>\n<p><strong><br \/>\n<\/strong><\/div>\n<div><\/div>\n<p>[\/et_pb_text][et_pb_text admin_label=\u00bbAutor (Texto)\u00bb _builder_version=\u00bb3.0.95&#8243; background_layout=\u00bblight\u00bb text_font=\u00bb||on||\u00bb]<\/p>\n<p><span style=\"font-family: Verdana, sans-serif\"><span style=\"font-size: small\">Encarna Castillo. Profesora de Educaci\u00f3n Infantil.<\/span><\/span><\/p>\n<p>[\/et_pb_text][et_pb_text admin_label=\u00bbDesarrollo (Texto)\u00bb _builder_version=\u00bb3.0.95&#8243; background_layout=\u00bblight\u00bb text_orientation=\u00bbjustified\u00bb module_alignment=\u00bbleft\u00bb]<\/p>\n<p align=\"justify\"><img loading=\"lazy\" decoding=\"async\" class=\"alignnone  wp-image-8285\" src=\"https:\/\/valenciasjb.salesianos.edu\/colegio\/wp-content\/uploads\/sites\/2\/2018\/02\/IMG_20180212_163940116_HDR-3-300x252.jpg\" alt=\"\" width=\"808\" height=\"679\" srcset=\"https:\/\/valenciasjb.salesianos.edu\/colegio\/wp-content\/uploads\/sites\/2\/2018\/02\/IMG_20180212_163940116_HDR-3-300x252.jpg 300w, https:\/\/valenciasjb.salesianos.edu\/colegio\/wp-content\/uploads\/sites\/2\/2018\/02\/IMG_20180212_163940116_HDR-3-768x644.jpg 768w, https:\/\/valenciasjb.salesianos.edu\/colegio\/wp-content\/uploads\/sites\/2\/2018\/02\/IMG_20180212_163940116_HDR-3-1024x859.jpg 1024w, https:\/\/valenciasjb.salesianos.edu\/colegio\/wp-content\/uploads\/sites\/2\/2018\/02\/IMG_20180212_163940116_HDR-3-1080x906.jpg 1080w, https:\/\/valenciasjb.salesianos.edu\/colegio\/wp-content\/uploads\/sites\/2\/2018\/02\/IMG_20180212_163940116_HDR-3.jpg 2001w\" sizes=\"(max-width: 808px) 100vw, 808px\" \/><\/p>\n<p align=\"justify\"><span style=\"color: #000000\"><span style=\"font-family: Verdana, sans-serif\"><span style=\"font-size: small\">Esta fecha tiene como objetivo resaltar la necesidad de una <\/span><\/span><\/span><strong><span style=\"color: #000000\"><span style=\"font-family: Verdana, sans-serif\"><span style=\"font-size: small\">educaci\u00f3n para la paz<\/span><\/span><\/span><\/strong><span style=\"color: #000000\"><span style=\"font-family: Verdana, sans-serif\"><span style=\"font-size: small\">, es decir, educaci\u00f3n en y para la tolerancia, la solidaridad, la concordia, el <\/span><\/span><\/span><strong><span style=\"color: #000000\"><span style=\"font-family: Verdana, sans-serif\"><span style=\"font-size: small\">respeto a los Derechos Humanos<\/span><\/span><\/span><\/strong><span style=\"color: #000000\"><span style=\"font-family: Verdana, sans-serif\"><span style=\"font-size: small\">, y la<\/span><\/span><\/span><strong><span style=\"color: #000000\"><span style=\"font-family: Verdana, sans-serif\"><span style=\"font-size: small\"> No violencia.<\/span><\/span><\/span><\/strong><\/p>\n<p align=\"justify\"><span style=\"font-family: Verdana, sans-serif\"><span style=\"font-size: small\">Para ello, se han realizado diversas actividades por niveles para sensibilizar a los alumnos en estos valores, y de esta manera, construir entre todos un mundo mejor, m\u00e1s justo y m\u00e1s humano.<\/span><\/span><\/p>\n<p align=\"justify\"><span style=\"font-family: Verdana, sans-serif\"><span style=\"font-size: small\">En primer lugar, los m\u00e1s peque\u00f1os del colegio, han confeccionado un bonito mural colocado en el hall del pabell\u00f3n de Infantil, en donde la figura de una paloma conten\u00eda la foto de cada ni\u00f1o y ni\u00f1a junto con la huella de su dedo. Tambi\u00e9n realizaron una manualidad alusiva al tema para compartir con sus familias.<\/span><\/span><\/p>\n<p align=\"justify\"><span style=\"font-family: Verdana, sans-serif\"><span style=\"font-size: small\">Los ni\u00f1os de 4 a\u00f1os han trabajado un mini-proyecto, en el cual han investigado acerca de \u201cLa Paz\u201d: s\u00edmbolo, poemas, festividad&#8230;Tambi\u00e9n han conocido grandes personas que han trabajado o trabajan por la paz en el mundo y han recibido el Premio Nobel: Madre Teresa de Calcuta, Nelson Mandela, Mart\u00edn Luther King, Barack Obama,&#8230; entre otros.<\/span><\/span><\/p>\n<p align=\"justify\"><span style=\"font-family: Verdana, sans-serif\"><span style=\"font-size: small\">En el pasillo de 4 a\u00f1os, se expuso un precioso mural realizado con tulipas con la foto de cada ni\u00f1o representando el s\u00edmbolo de la Paz.<\/span><\/span><\/p>\n<p align=\"justify\"><span style=\"font-family: Verdana, sans-serif\"><span style=\"font-size: small\">Por \u00faltimo, los ni\u00f1os de 5 a\u00f1os tambi\u00e9n han reflexionado en las aulas sobre el tema, y han realizado un taller sobre \u201cLa Paz\u201d, en donde han aprendido una <\/span><\/span><span style=\"color: #000000\"><span style=\"font-family: Verdana, sans-serif\"><span style=\"font-size: small\">Poes\u00eda de la Paz de Gloria Fuertes:<\/span><\/span><\/span><span style=\"color: #000000\"><span style=\"font-family: Verdana, sans-serif\"><span style=\"font-size: small\"> \u201cSolo tres letras\u201d. Posteriormente, dicha poes\u00eda la han escrito en una cartulina, estampando adem\u00e1s sus manos simulando una paloma.<\/span><\/span><\/span><\/p>\n<p align=\"justify\"><span style=\"font-family: Verdana, sans-serif\"><span style=\"font-size: small\">Muchas fueron las frases que Madre Teresa de Calcuta dej<\/span><\/span><span style=\"font-family: Verdana, sans-serif\"><span style=\"font-size: small\">\u00f3<\/span><\/span><span style=\"font-family: Verdana, sans-serif\"><span style=\"font-size: small\"> en este mundo para la reflexi\u00f3n de la sociedad en general<\/span><\/span><span style=\"color: #333333\"><span style=\"font-family: Verdana, sans-serif\"><span style=\"font-size: small\">. Algunas de las m\u00e1s c\u00e9lebres podr\u00edan ser \u00e9stas: \u201c<\/span><\/span><\/span><span style=\"color: #222222\"><span style=\"font-family: Verdana, sans-serif\"><span style=\"font-size: small\">Cada obra de amor, llevada a cabo con todo el coraz\u00f3n, siempre lograr\u00e1 acercar a la gente a Dios\u201d, \u201d<\/span><\/span><\/span><span style=\"color: #222222\"><span style=\"font-family: Verdana, sans-serif\"><span style=\"font-size: small\">l<\/span><\/span><\/span><span style=\"color: #222222\"><span style=\"font-family: Verdana, sans-serif\"><span style=\"font-size: small\">a paz comienza con una sonrisa\u201d, \u201d<\/span><\/span><\/span><span style=\"color: #222222\"><span style=\"font-family: Verdana, sans-serif\"><span style=\"font-size: small\">a<\/span><\/span><\/span><span style=\"color: #222222\"><span style=\"font-family: Verdana, sans-serif\"><span style=\"font-size: small\"> veces sentimos que lo que hacemos es tan solo una gota en el mar, pero el mar ser\u00eda menos si le faltara una gota\u201d.<\/span><\/span><\/span><\/p>\n<p>[\/et_pb_text][et_pb_text admin_label=\u00bbT\u00edtulo: Galer\u00eda de fotos (Texto)\u00bb _builder_version=\u00bb3.0.76&#8243; background_layout=\u00bblight\u00bb text_font=\u00bb|on|||\u00bb text_text_color=\u00bb#dc001b\u00bb border_style=\u00bbsolid\u00bb disabled=\u00bboff\u00bb disabled_on=\u00bboff|on|on\u00bb]<\/p>\n<p>Galer\u00eda de im\u00e1genes<\/p>\n<p>[\/et_pb_text][et_pb_gallery _builder_version=\u00bb3.0.95&#8243; posts_number=\u00bb8&#8243; show_title_and_caption=\u00bboff\u00bb show_pagination=\u00bbon\u00bb fullwidth=\u00bboff\u00bb orientation=\u00bblandscape\u00bb zoom_icon_color=\u00bb#dc001b\u00bb hover_overlay_color=\u00bbrgba(255,255,255,0.9)\u00bb hover_icon=\u00bb%%51%%\u00bb background_layout=\u00bblight\u00bb disabled=\u00bboff\u00bb disabled_on=\u00bboff|off|off\u00bb gallery_ids=\u00bb8285,8286,8287,8288,8289,8290&#8243; pagination_font_size_tablet=\u00bb51&#8243; pagination_line_height_tablet=\u00bb2&#8243; \/][et_pb_video _builder_version=\u00bb3.0.51&#8243; disabled=\u00bbon\u00bb disabled_on=\u00bbon|on|on\u00bb \/][\/et_pb_column][\/et_pb_row][\/et_pb_section]<\/p>\n<!-- AddThis Advanced Settings generic via filter on the_content --><!-- AddThis Share Buttons generic via filter on the_content -->","protected":false},"excerpt":{"rendered":"<p>Durante la semana pasada la etapa de Educaci\u00f3n Infantil se ha unido a la celebraci\u00f3n del D\u00eda Escolar de la No Violencia y La Paz, que se celebra el 30 de enero, en memoria de Mahatma Ganghi. Encarna Castillo. Profesora de Educaci\u00f3n Infantil. Esta fecha tiene como objetivo resaltar la necesidad de una educaci\u00f3n para [&hellip;]<\/p>\n<p><!-- AddThis Advanced Settings generic via filter on get_the_excerpt --><!-- AddThis Share Buttons generic via filter on get_the_excerpt --><\/p>\n","protected":false},"author":6,"featured_media":8287,"comment_status":"closed","ping_status":"open","sticky":false,"template":"","format":"standard","meta":{"_et_pb_use_builder":"on","_et_pb_old_content":"","_et_gb_content_width":"","footnotes":""},"categories":[14],"tags":[],"class_list":["post-8284","post","type-post","status-publish","format-standard","has-post-thumbnail","hentry","category-noticia_colegio"],"yoast_head":"<!-- This site is optimized with the Yoast SEO plugin v28.4 - https:\/\/yoast.com\/product\/yoast-seo-wordpress\/ -->\n<title>\u00a1Los ni\u00f1os y ni\u00f1as quieren paz! - Colegio San Juan Bosco Valencia<\/title>\n<meta name=\"robots\" content=\"index, follow, max-snippet:-1, max-image-preview:large, max-video-preview:-1\" \/>\n<link rel=\"canonical\" href=\"https:\/\/valenciasjb.salesianos.edu\/colegio\/los-ninos-y-ninas-quieren-paz\/\" \/>\n<meta property=\"og:locale\" content=\"es_ES\" \/>\n<meta property=\"og:type\" content=\"article\" \/>\n<meta property=\"og:title\" content=\"\u00a1Los ni\u00f1os y ni\u00f1as quieren paz! - Colegio San Juan Bosco Valencia\" \/>\n<meta property=\"og:description\" content=\"Durante la semana pasada la etapa de Educaci\u00f3n Infantil se ha unido a la celebraci\u00f3n del D\u00eda Escolar de la No Violencia y La Paz, que se celebra el 30 de enero, en memoria de Mahatma Ganghi. Encarna Castillo. Profesora de Educaci\u00f3n Infantil. Esta fecha tiene como objetivo resaltar la necesidad de una educaci\u00f3n para [&hellip;]\" \/>\n<meta property=\"og:url\" content=\"https:\/\/valenciasjb.salesianos.edu\/colegio\/los-ninos-y-ninas-quieren-paz\/\" \/>\n<meta property=\"og:site_name\" content=\"Colegio San Juan Bosco Valencia\" \/>\n<meta property=\"article:publisher\" content=\"https:\/\/www.facebook.com\/ColegioSalesianoSanJuanBoscoValencia\" \/>\n<meta property=\"article:published_time\" content=\"2018-02-14T23:05:26+00:00\" \/>\n<meta property=\"og:image\" content=\"https:\/\/valenciasjb.salesianos.edu\/colegio\/wp-content\/uploads\/sites\/2\/2018\/02\/IMG_20180212_164216746.jpg\" \/>\n\t<meta property=\"og:image:width\" content=\"2375\" \/>\n\t<meta property=\"og:image:height\" content=\"1782\" \/>\n\t<meta property=\"og:image:type\" content=\"image\/jpeg\" \/>\n<meta name=\"author\" content=\"veronicapastor\" \/>\n<meta name=\"twitter:card\" content=\"summary_large_image\" \/>\n<meta name=\"twitter:creator\" content=\"@SalesianosVSJB\" \/>\n<meta name=\"twitter:site\" content=\"@SalesianosVSJB\" \/>\n<meta name=\"twitter:label1\" content=\"Escrito por\" \/>\n\t<meta name=\"twitter:data1\" content=\"veronicapastor\" \/>\n\t<meta name=\"twitter:label2\" content=\"Tiempo de lectura\" \/>\n\t<meta name=\"twitter:data2\" content=\"3 minutos\" \/>\n<script type=\"application\/ld+json\" class=\"yoast-schema-graph\">{\"@context\":\"https:\\\/\\\/schema.org\",\"@graph\":[{\"@type\":\"Article\",\"@id\":\"https:\\\/\\\/valenciasjb.salesianos.edu\\\/colegio\\\/los-ninos-y-ninas-quieren-paz\\\/#article\",\"isPartOf\":{\"@id\":\"https:\\\/\\\/valenciasjb.salesianos.edu\\\/colegio\\\/los-ninos-y-ninas-quieren-paz\\\/\"},\"author\":{\"name\":\"veronicapastor\",\"@id\":\"https:\\\/\\\/valenciasjb.salesianos.edu\\\/colegio\\\/#\\\/schema\\\/person\\\/1f45b67e52b27da175190a574db6bed9\"},\"headline\":\"\u00a1Los ni\u00f1os y ni\u00f1as quieren paz!\",\"datePublished\":\"2018-02-14T23:05:26+00:00\",\"mainEntityOfPage\":{\"@id\":\"https:\\\/\\\/valenciasjb.salesianos.edu\\\/colegio\\\/los-ninos-y-ninas-quieren-paz\\\/\"},\"wordCount\":627,\"image\":{\"@id\":\"https:\\\/\\\/valenciasjb.salesianos.edu\\\/colegio\\\/los-ninos-y-ninas-quieren-paz\\\/#primaryimage\"},\"thumbnailUrl\":\"https:\\\/\\\/valenciasjb.salesianos.edu\\\/colegio\\\/wp-content\\\/uploads\\\/sites\\\/2\\\/2018\\\/02\\\/IMG_20180212_164216746.jpg\",\"articleSection\":[\"Noticia Colegio\"],\"inLanguage\":\"es\"},{\"@type\":\"WebPage\",\"@id\":\"https:\\\/\\\/valenciasjb.salesianos.edu\\\/colegio\\\/los-ninos-y-ninas-quieren-paz\\\/\",\"url\":\"https:\\\/\\\/valenciasjb.salesianos.edu\\\/colegio\\\/los-ninos-y-ninas-quieren-paz\\\/\",\"name\":\"\u00a1Los ni\u00f1os y ni\u00f1as quieren paz! - Colegio San Juan Bosco Valencia\",\"isPartOf\":{\"@id\":\"https:\\\/\\\/valenciasjb.salesianos.edu\\\/colegio\\\/#website\"},\"primaryImageOfPage\":{\"@id\":\"https:\\\/\\\/valenciasjb.salesianos.edu\\\/colegio\\\/los-ninos-y-ninas-quieren-paz\\\/#primaryimage\"},\"image\":{\"@id\":\"https:\\\/\\\/valenciasjb.salesianos.edu\\\/colegio\\\/los-ninos-y-ninas-quieren-paz\\\/#primaryimage\"},\"thumbnailUrl\":\"https:\\\/\\\/valenciasjb.salesianos.edu\\\/colegio\\\/wp-content\\\/uploads\\\/sites\\\/2\\\/2018\\\/02\\\/IMG_20180212_164216746.jpg\",\"datePublished\":\"2018-02-14T23:05:26+00:00\",\"author\":{\"@id\":\"https:\\\/\\\/valenciasjb.salesianos.edu\\\/colegio\\\/#\\\/schema\\\/person\\\/1f45b67e52b27da175190a574db6bed9\"},\"breadcrumb\":{\"@id\":\"https:\\\/\\\/valenciasjb.salesianos.edu\\\/colegio\\\/los-ninos-y-ninas-quieren-paz\\\/#breadcrumb\"},\"inLanguage\":\"es\",\"potentialAction\":[{\"@type\":\"ReadAction\",\"target\":[\"https:\\\/\\\/valenciasjb.salesianos.edu\\\/colegio\\\/los-ninos-y-ninas-quieren-paz\\\/\"]}]},{\"@type\":\"ImageObject\",\"inLanguage\":\"es\",\"@id\":\"https:\\\/\\\/valenciasjb.salesianos.edu\\\/colegio\\\/los-ninos-y-ninas-quieren-paz\\\/#primaryimage\",\"url\":\"https:\\\/\\\/valenciasjb.salesianos.edu\\\/colegio\\\/wp-content\\\/uploads\\\/sites\\\/2\\\/2018\\\/02\\\/IMG_20180212_164216746.jpg\",\"contentUrl\":\"https:\\\/\\\/valenciasjb.salesianos.edu\\\/colegio\\\/wp-content\\\/uploads\\\/sites\\\/2\\\/2018\\\/02\\\/IMG_20180212_164216746.jpg\",\"width\":2375,\"height\":1782},{\"@type\":\"BreadcrumbList\",\"@id\":\"https:\\\/\\\/valenciasjb.salesianos.edu\\\/colegio\\\/los-ninos-y-ninas-quieren-paz\\\/#breadcrumb\",\"itemListElement\":[{\"@type\":\"ListItem\",\"position\":1,\"name\":\"Portada\",\"item\":\"https:\\\/\\\/valenciasjb.salesianos.edu\\\/colegio\\\/\"},{\"@type\":\"ListItem\",\"position\":2,\"name\":\"\u00a1Los ni\u00f1os y ni\u00f1as quieren paz!\"}]},{\"@type\":\"WebSite\",\"@id\":\"https:\\\/\\\/valenciasjb.salesianos.edu\\\/colegio\\\/#website\",\"url\":\"https:\\\/\\\/valenciasjb.salesianos.edu\\\/colegio\\\/\",\"name\":\"Colegio San Juan Bosco Valencia\",\"description\":\"P\u00e1gina oficial del Colegio Salesianos San Juan Bosco Valencia\",\"alternateName\":\"Salesianos.VSJB\",\"potentialAction\":[{\"@type\":\"SearchAction\",\"target\":{\"@type\":\"EntryPoint\",\"urlTemplate\":\"https:\\\/\\\/valenciasjb.salesianos.edu\\\/colegio\\\/?s={search_term_string}\"},\"query-input\":{\"@type\":\"PropertyValueSpecification\",\"valueRequired\":true,\"valueName\":\"search_term_string\"}}],\"inLanguage\":\"es\"},{\"@type\":\"Person\",\"@id\":\"https:\\\/\\\/valenciasjb.salesianos.edu\\\/colegio\\\/#\\\/schema\\\/person\\\/1f45b67e52b27da175190a574db6bed9\",\"name\":\"veronicapastor\",\"image\":{\"@type\":\"ImageObject\",\"inLanguage\":\"es\",\"@id\":\"https:\\\/\\\/secure.gravatar.com\\\/avatar\\\/e29bd40bace3fd935e1d6fdb7313ffc14628cc037c5e16f4c7369b20a2a6f7f0?s=96&d=mm&r=g\",\"url\":\"https:\\\/\\\/secure.gravatar.com\\\/avatar\\\/e29bd40bace3fd935e1d6fdb7313ffc14628cc037c5e16f4c7369b20a2a6f7f0?s=96&d=mm&r=g\",\"contentUrl\":\"https:\\\/\\\/secure.gravatar.com\\\/avatar\\\/e29bd40bace3fd935e1d6fdb7313ffc14628cc037c5e16f4c7369b20a2a6f7f0?s=96&d=mm&r=g\",\"caption\":\"veronicapastor\"}}]}<\/script>\n<!-- \/ Yoast SEO plugin. -->","yoast_head_json":{"title":"\u00a1Los ni\u00f1os y ni\u00f1as quieren paz! - Colegio San Juan Bosco Valencia","robots":{"index":"index","follow":"follow","max-snippet":"max-snippet:-1","max-image-preview":"max-image-preview:large","max-video-preview":"max-video-preview:-1"},"canonical":"https:\/\/valenciasjb.salesianos.edu\/colegio\/los-ninos-y-ninas-quieren-paz\/","og_locale":"es_ES","og_type":"article","og_title":"\u00a1Los ni\u00f1os y ni\u00f1as quieren paz! - Colegio San Juan Bosco Valencia","og_description":"Durante la semana pasada la etapa de Educaci\u00f3n Infantil se ha unido a la celebraci\u00f3n del D\u00eda Escolar de la No Violencia y La Paz, que se celebra el 30 de enero, en memoria de Mahatma Ganghi. Encarna Castillo. Profesora de Educaci\u00f3n Infantil. Esta fecha tiene como objetivo resaltar la necesidad de una educaci\u00f3n para [&hellip;]","og_url":"https:\/\/valenciasjb.salesianos.edu\/colegio\/los-ninos-y-ninas-quieren-paz\/","og_site_name":"Colegio San Juan Bosco Valencia","article_publisher":"https:\/\/www.facebook.com\/ColegioSalesianoSanJuanBoscoValencia","article_published_time":"2018-02-14T23:05:26+00:00","og_image":[{"width":2375,"height":1782,"url":"https:\/\/valenciasjb.salesianos.edu\/colegio\/wp-content\/uploads\/sites\/2\/2018\/02\/IMG_20180212_164216746.jpg","type":"image\/jpeg"}],"author":"veronicapastor","twitter_card":"summary_large_image","twitter_creator":"@SalesianosVSJB","twitter_site":"@SalesianosVSJB","twitter_misc":{"Escrito por":"veronicapastor","Tiempo de lectura":"3 minutos"},"schema":{"@context":"https:\/\/schema.org","@graph":[{"@type":"Article","@id":"https:\/\/valenciasjb.salesianos.edu\/colegio\/los-ninos-y-ninas-quieren-paz\/#article","isPartOf":{"@id":"https:\/\/valenciasjb.salesianos.edu\/colegio\/los-ninos-y-ninas-quieren-paz\/"},"author":{"name":"veronicapastor","@id":"https:\/\/valenciasjb.salesianos.edu\/colegio\/#\/schema\/person\/1f45b67e52b27da175190a574db6bed9"},"headline":"\u00a1Los ni\u00f1os y ni\u00f1as quieren paz!","datePublished":"2018-02-14T23:05:26+00:00","mainEntityOfPage":{"@id":"https:\/\/valenciasjb.salesianos.edu\/colegio\/los-ninos-y-ninas-quieren-paz\/"},"wordCount":627,"image":{"@id":"https:\/\/valenciasjb.salesianos.edu\/colegio\/los-ninos-y-ninas-quieren-paz\/#primaryimage"},"thumbnailUrl":"https:\/\/valenciasjb.salesianos.edu\/colegio\/wp-content\/uploads\/sites\/2\/2018\/02\/IMG_20180212_164216746.jpg","articleSection":["Noticia Colegio"],"inLanguage":"es"},{"@type":"WebPage","@id":"https:\/\/valenciasjb.salesianos.edu\/colegio\/los-ninos-y-ninas-quieren-paz\/","url":"https:\/\/valenciasjb.salesianos.edu\/colegio\/los-ninos-y-ninas-quieren-paz\/","name":"\u00a1Los ni\u00f1os y ni\u00f1as quieren paz! - Colegio San Juan Bosco Valencia","isPartOf":{"@id":"https:\/\/valenciasjb.salesianos.edu\/colegio\/#website"},"primaryImageOfPage":{"@id":"https:\/\/valenciasjb.salesianos.edu\/colegio\/los-ninos-y-ninas-quieren-paz\/#primaryimage"},"image":{"@id":"https:\/\/valenciasjb.salesianos.edu\/colegio\/los-ninos-y-ninas-quieren-paz\/#primaryimage"},"thumbnailUrl":"https:\/\/valenciasjb.salesianos.edu\/colegio\/wp-content\/uploads\/sites\/2\/2018\/02\/IMG_20180212_164216746.jpg","datePublished":"2018-02-14T23:05:26+00:00","author":{"@id":"https:\/\/valenciasjb.salesianos.edu\/colegio\/#\/schema\/person\/1f45b67e52b27da175190a574db6bed9"},"breadcrumb":{"@id":"https:\/\/valenciasjb.salesianos.edu\/colegio\/los-ninos-y-ninas-quieren-paz\/#breadcrumb"},"inLanguage":"es","potentialAction":[{"@type":"ReadAction","target":["https:\/\/valenciasjb.salesianos.edu\/colegio\/los-ninos-y-ninas-quieren-paz\/"]}]},{"@type":"ImageObject","inLanguage":"es","@id":"https:\/\/valenciasjb.salesianos.edu\/colegio\/los-ninos-y-ninas-quieren-paz\/#primaryimage","url":"https:\/\/valenciasjb.salesianos.edu\/colegio\/wp-content\/uploads\/sites\/2\/2018\/02\/IMG_20180212_164216746.jpg","contentUrl":"https:\/\/valenciasjb.salesianos.edu\/colegio\/wp-content\/uploads\/sites\/2\/2018\/02\/IMG_20180212_164216746.jpg","width":2375,"height":1782},{"@type":"BreadcrumbList","@id":"https:\/\/valenciasjb.salesianos.edu\/colegio\/los-ninos-y-ninas-quieren-paz\/#breadcrumb","itemListElement":[{"@type":"ListItem","position":1,"name":"Portada","item":"https:\/\/valenciasjb.salesianos.edu\/colegio\/"},{"@type":"ListItem","position":2,"name":"\u00a1Los ni\u00f1os y ni\u00f1as quieren paz!"}]},{"@type":"WebSite","@id":"https:\/\/valenciasjb.salesianos.edu\/colegio\/#website","url":"https:\/\/valenciasjb.salesianos.edu\/colegio\/","name":"Colegio San Juan Bosco Valencia","description":"P\u00e1gina oficial del Colegio Salesianos San Juan Bosco Valencia","alternateName":"Salesianos.VSJB","potentialAction":[{"@type":"SearchAction","target":{"@type":"EntryPoint","urlTemplate":"https:\/\/valenciasjb.salesianos.edu\/colegio\/?s={search_term_string}"},"query-input":{"@type":"PropertyValueSpecification","valueRequired":true,"valueName":"search_term_string"}}],"inLanguage":"es"},{"@type":"Person","@id":"https:\/\/valenciasjb.salesianos.edu\/colegio\/#\/schema\/person\/1f45b67e52b27da175190a574db6bed9","name":"veronicapastor","image":{"@type":"ImageObject","inLanguage":"es","@id":"https:\/\/secure.gravatar.com\/avatar\/e29bd40bace3fd935e1d6fdb7313ffc14628cc037c5e16f4c7369b20a2a6f7f0?s=96&d=mm&r=g","url":"https:\/\/secure.gravatar.com\/avatar\/e29bd40bace3fd935e1d6fdb7313ffc14628cc037c5e16f4c7369b20a2a6f7f0?s=96&d=mm&r=g","contentUrl":"https:\/\/secure.gravatar.com\/avatar\/e29bd40bace3fd935e1d6fdb7313ffc14628cc037c5e16f4c7369b20a2a6f7f0?s=96&d=mm&r=g","caption":"veronicapastor"}}]}},"_links":{"self":[{"href":"https:\/\/valenciasjb.salesianos.edu\/colegio\/wp-json\/wp\/v2\/posts\/8284","targetHints":{"allow":["GET"]}}],"collection":[{"href":"https:\/\/valenciasjb.salesianos.edu\/colegio\/wp-json\/wp\/v2\/posts"}],"about":[{"href":"https:\/\/valenciasjb.salesianos.edu\/colegio\/wp-json\/wp\/v2\/types\/post"}],"author":[{"embeddable":true,"href":"https:\/\/valenciasjb.salesianos.edu\/colegio\/wp-json\/wp\/v2\/users\/6"}],"replies":[{"embeddable":true,"href":"https:\/\/valenciasjb.salesianos.edu\/colegio\/wp-json\/wp\/v2\/comments?post=8284"}],"version-history":[{"count":2,"href":"https:\/\/valenciasjb.salesianos.edu\/colegio\/wp-json\/wp\/v2\/posts\/8284\/revisions"}],"predecessor-version":[{"id":8292,"href":"https:\/\/valenciasjb.salesianos.edu\/colegio\/wp-json\/wp\/v2\/posts\/8284\/revisions\/8292"}],"wp:featuredmedia":[{"embeddable":true,"href":"https:\/\/valenciasjb.salesianos.edu\/colegio\/wp-json\/wp\/v2\/media\/8287"}],"wp:attachment":[{"href":"https:\/\/valenciasjb.salesianos.edu\/colegio\/wp-json\/wp\/v2\/media?parent=8284"}],"wp:term":[{"taxonomy":"category","embeddable":true,"href":"https:\/\/valenciasjb.salesianos.edu\/colegio\/wp-json\/wp\/v2\/categories?post=8284"},{"taxonomy":"post_tag","embeddable":true,"href":"https:\/\/valenciasjb.salesianos.edu\/colegio\/wp-json\/wp\/v2\/tags?post=8284"}],"curies":[{"name":"wp","href":"https:\/\/api.w.org\/{rel}","templated":true}]}}