{"id":8295,"date":"2018-02-18T22:57:46","date_gmt":"2018-02-18T21:57:46","guid":{"rendered":"https:\/\/valenciasjb.salesianos.edu\/colegio\/?p=8295"},"modified":"2018-02-18T22:57:46","modified_gmt":"2018-02-18T21:57:46","slug":"els-mes-menuts-investiguen-que-coses-poden-fer-amb-les-mans","status":"publish","type":"post","link":"https:\/\/valenciasjb.salesianos.edu\/colegio\/els-mes-menuts-investiguen-que-coses-poden-fer-amb-les-mans\/","title":{"rendered":"Els m\u00e9s  menuts investiguen que coses poden fer amb les mans"},"content":{"rendered":"<div id=\"fb-root\"><\/div>\n<p>[et_pb_section bb_built=\u00bb1&#8243; admin_label=\u00bbsection\u00bb][et_pb_row admin_label=\u00bbrow\u00bb background_position=\u00bbtop_left\u00bb background_repeat=\u00bbrepeat\u00bb background_size=\u00bbinitial\u00bb][et_pb_column type=\u00bb4_4&#8243;][et_pb_text admin_label=\u00bbEntradilla (Texto)\u00bb _builder_version=\u00bb3.0.95&#8243; background_layout=\u00bblight\u00bb text_orientation=\u00bbjustified\u00bb text_font=\u00bb|on|||\u00bb module_alignment=\u00bbleft\u00bb]<\/p>\n<div id=\"resumen\">\n<p><strong>Els m\u00e9s xicotets<\/strong><strong> de<\/strong><strong> l\u2019escola<\/strong><strong> est\u00e1n<\/strong><strong> realitzant<\/strong><strong> el<\/strong><strong> projecte<\/strong> <strong>\u201cPalmells<\/strong><strong> a<\/strong><strong> Ballar<\/strong><strong>\u201d.<\/strong> <strong>Sabem<\/strong><strong> que<\/strong><strong> als xiquets<\/strong><strong> i<\/strong><strong> xiquetes<\/strong><strong> de<\/strong><strong> l\u2019escola els<\/strong><strong> encanta investigar.<\/strong><\/p>\n<p><strong><br \/>\n<\/strong><\/div>\n<div><\/div>\n<p>[\/et_pb_text][et_pb_text admin_label=\u00bbAutor (Texto)\u00bb _builder_version=\u00bb3.0.95&#8243; background_layout=\u00bblight\u00bb text_font=\u00bb||on||\u00bb]<\/p>\n<p>Mireia Fuster, mestra d\u2019Infantil.<\/p>\n<p>[\/et_pb_text][et_pb_text admin_label=\u00bbDesarrollo (Texto)\u00bb _builder_version=\u00bb3.0.95&#8243; background_layout=\u00bblight\u00bb text_orientation=\u00bbjustified\u00bb module_alignment=\u00bbleft\u00bb]<\/p>\n<p>Estan descobrint \u00a0tot el que es pot fer amb les \u00a0mans. Han apr\u00e9s que amb els sentits es pot recon\u00e8ixer el m\u00f3n.\u00a0 Amb el tacte es poden descobrir moltes coses. Es pot llegir (sistema braille), es pot recon\u00e8ixer a les persones, les persones que s\u00f3n invidents ho fan aix\u00ed, es pot parlar el llenguatge de signes i aix\u00ed comunicar-se amb les persones que no poden parlar amb la veu.<\/p>\n<p>Les fam\u00edlies poden participar del projecte i ho fan enviant materials que han sigut confeccionats a casa. \u00c9s molt divertit jugar a l\u2019escola amb els materials i jocs que s\u2019han fet a casa: mans amb diferents textures, el joc de les mans sensorials, el dau del oficis, el joc d\u2019on treballe? en el qual relacionem l\u2019ofici amb els diferents guants utilitzats (metge-guants silicona, jardiner-guants de treball,..). Jocs on relacionem els dits de la m\u00e0 amb el seu nom.<\/p>\n<p>Els murals que han enviat les fam\u00edlies s\u00f3n genials, amb ells recordem els diferents oficis que \u00a0es podem fer amb les nostres mans. Hi han molt\u00edssims. I a m\u00e9s intentem tamb\u00e9 buscar can\u00e7ons d\u2019oficis, poesies i dites per a memoritzar.<\/p>\n<p>Tamb\u00e9 les fam\u00edlies han fet murals amb diferents tipus d\u2019animals tots fets amb la silueta de la m\u00e0.<\/p>\n<p>Agra\u00efm molt la participaci\u00f3 de les fam\u00edlies a l\u2019escola. La veritat es que aix\u00ed\u00a0 fer escola \u00e9s molt m\u00e9s enriquidor. Un saludet \u00a0i un abra\u00e7 molt dol\u00e7 des d\u2019Infantil per a tots de part de totes les mestres.<\/p>\n<p>[\/et_pb_text][et_pb_text admin_label=\u00bbT\u00edtulo: Galer\u00eda de fotos (Texto)\u00bb _builder_version=\u00bb3.0.76&#8243; background_layout=\u00bblight\u00bb text_font=\u00bb|on|||\u00bb text_text_color=\u00bb#dc001b\u00bb border_style=\u00bbsolid\u00bb disabled=\u00bboff\u00bb disabled_on=\u00bboff|on|on\u00bb]<\/p>\n<p>Galer\u00eda de im\u00e1genes<\/p>\n<p>[\/et_pb_text][et_pb_gallery _builder_version=\u00bb3.0.95&#8243; posts_number=\u00bb8&#8243; show_title_and_caption=\u00bboff\u00bb show_pagination=\u00bbon\u00bb fullwidth=\u00bboff\u00bb orientation=\u00bblandscape\u00bb zoom_icon_color=\u00bb#dc001b\u00bb hover_overlay_color=\u00bbrgba(255,255,255,0.9)\u00bb hover_icon=\u00bb%%51%%\u00bb background_layout=\u00bblight\u00bb disabled=\u00bboff\u00bb disabled_on=\u00bboff|off|off\u00bb gallery_ids=\u00bb8296,8297,8298,8299,8300,8301,8302,8303,8304,8305,8306&#8243; pagination_font_size_tablet=\u00bb51&#8243; pagination_line_height_tablet=\u00bb2&#8243; \/][et_pb_video _builder_version=\u00bb3.0.51&#8243; disabled=\u00bbon\u00bb disabled_on=\u00bbon|on|on\u00bb \/][\/et_pb_column][\/et_pb_row][\/et_pb_section]<\/p>\n<!-- AddThis Advanced Settings generic via filter on the_content --><!-- AddThis Share Buttons generic via filter on the_content -->","protected":false},"excerpt":{"rendered":"<p>Els m\u00e9s xicotets de l\u2019escola est\u00e1n realitzant el projecte \u201cPalmells a Ballar\u201d. Sabem que als xiquets i xiquetes de l\u2019escola els encanta investigar. Mireia Fuster, mestra d\u2019Infantil. Estan descobrint \u00a0tot el que es pot fer amb les \u00a0mans. Han apr\u00e9s que amb els sentits es pot recon\u00e8ixer el m\u00f3n.\u00a0 Amb el tacte es poden descobrir [&hellip;]<\/p>\n<p><!-- AddThis Advanced Settings generic via filter on get_the_excerpt --><!-- AddThis Share Buttons generic via filter on get_the_excerpt --><\/p>\n","protected":false},"author":6,"featured_media":8299,"comment_status":"closed","ping_status":"open","sticky":false,"template":"","format":"standard","meta":{"_et_pb_use_builder":"on","_et_pb_old_content":"","_et_gb_content_width":"","footnotes":""},"categories":[14],"tags":[],"class_list":["post-8295","post","type-post","status-publish","format-standard","has-post-thumbnail","hentry","category-noticia_colegio"],"yoast_head":"<!-- This site is optimized with the Yoast SEO plugin v28.4 - https:\/\/yoast.com\/product\/yoast-seo-wordpress\/ -->\n<title>Els m\u00e9s menuts investiguen que coses poden fer amb les mans - Colegio San Juan Bosco Valencia<\/title>\n<meta name=\"robots\" content=\"index, follow, max-snippet:-1, max-image-preview:large, max-video-preview:-1\" \/>\n<link rel=\"canonical\" href=\"https:\/\/valenciasjb.salesianos.edu\/colegio\/els-mes-menuts-investiguen-que-coses-poden-fer-amb-les-mans\/\" \/>\n<meta property=\"og:locale\" content=\"es_ES\" \/>\n<meta property=\"og:type\" content=\"article\" \/>\n<meta property=\"og:title\" content=\"Els m\u00e9s menuts investiguen que coses poden fer amb les mans - Colegio San Juan Bosco Valencia\" \/>\n<meta property=\"og:description\" content=\"Els m\u00e9s xicotets de l\u2019escola est\u00e1n realitzant el projecte \u201cPalmells a Ballar\u201d. Sabem que als xiquets i xiquetes de l\u2019escola els encanta investigar. Mireia Fuster, mestra d\u2019Infantil. Estan descobrint \u00a0tot el que es pot fer amb les \u00a0mans. Han apr\u00e9s que amb els sentits es pot recon\u00e8ixer el m\u00f3n.\u00a0 Amb el tacte es poden descobrir [&hellip;]\" \/>\n<meta property=\"og:url\" content=\"https:\/\/valenciasjb.salesianos.edu\/colegio\/els-mes-menuts-investiguen-que-coses-poden-fer-amb-les-mans\/\" \/>\n<meta property=\"og:site_name\" content=\"Colegio San Juan Bosco Valencia\" \/>\n<meta property=\"article:publisher\" content=\"https:\/\/www.facebook.com\/ColegioSalesianoSanJuanBoscoValencia\" \/>\n<meta property=\"article:published_time\" content=\"2018-02-18T21:57:46+00:00\" \/>\n<meta property=\"og:image\" content=\"https:\/\/valenciasjb.salesianos.edu\/colegio\/wp-content\/uploads\/sites\/2\/2018\/02\/20180212_100526-m.jpg\" \/>\n\t<meta property=\"og:image:width\" content=\"2232\" \/>\n\t<meta property=\"og:image:height\" content=\"1833\" \/>\n\t<meta property=\"og:image:type\" content=\"image\/jpeg\" \/>\n<meta name=\"author\" content=\"veronicapastor\" \/>\n<meta name=\"twitter:card\" content=\"summary_large_image\" \/>\n<meta name=\"twitter:creator\" content=\"@SalesianosVSJB\" \/>\n<meta name=\"twitter:site\" content=\"@SalesianosVSJB\" \/>\n<meta name=\"twitter:label1\" content=\"Escrito por\" \/>\n\t<meta name=\"twitter:data1\" content=\"veronicapastor\" \/>\n\t<meta name=\"twitter:label2\" content=\"Tiempo de lectura\" \/>\n\t<meta name=\"twitter:data2\" content=\"3 minutos\" \/>\n<script type=\"application\/ld+json\" class=\"yoast-schema-graph\">{\"@context\":\"https:\\\/\\\/schema.org\",\"@graph\":[{\"@type\":\"Article\",\"@id\":\"https:\\\/\\\/valenciasjb.salesianos.edu\\\/colegio\\\/els-mes-menuts-investiguen-que-coses-poden-fer-amb-les-mans\\\/#article\",\"isPartOf\":{\"@id\":\"https:\\\/\\\/valenciasjb.salesianos.edu\\\/colegio\\\/els-mes-menuts-investiguen-que-coses-poden-fer-amb-les-mans\\\/\"},\"author\":{\"name\":\"veronicapastor\",\"@id\":\"https:\\\/\\\/valenciasjb.salesianos.edu\\\/colegio\\\/#\\\/schema\\\/person\\\/1f45b67e52b27da175190a574db6bed9\"},\"headline\":\"Els m\u00e9s menuts investiguen que coses poden fer amb les mans\",\"datePublished\":\"2018-02-18T21:57:46+00:00\",\"mainEntityOfPage\":{\"@id\":\"https:\\\/\\\/valenciasjb.salesianos.edu\\\/colegio\\\/els-mes-menuts-investiguen-que-coses-poden-fer-amb-les-mans\\\/\"},\"wordCount\":515,\"image\":{\"@id\":\"https:\\\/\\\/valenciasjb.salesianos.edu\\\/colegio\\\/els-mes-menuts-investiguen-que-coses-poden-fer-amb-les-mans\\\/#primaryimage\"},\"thumbnailUrl\":\"https:\\\/\\\/valenciasjb.salesianos.edu\\\/colegio\\\/wp-content\\\/uploads\\\/sites\\\/2\\\/2018\\\/02\\\/20180212_100526-m.jpg\",\"articleSection\":[\"Noticia Colegio\"],\"inLanguage\":\"es\"},{\"@type\":\"WebPage\",\"@id\":\"https:\\\/\\\/valenciasjb.salesianos.edu\\\/colegio\\\/els-mes-menuts-investiguen-que-coses-poden-fer-amb-les-mans\\\/\",\"url\":\"https:\\\/\\\/valenciasjb.salesianos.edu\\\/colegio\\\/els-mes-menuts-investiguen-que-coses-poden-fer-amb-les-mans\\\/\",\"name\":\"Els m\u00e9s menuts investiguen que coses poden fer amb les mans - Colegio San Juan Bosco Valencia\",\"isPartOf\":{\"@id\":\"https:\\\/\\\/valenciasjb.salesianos.edu\\\/colegio\\\/#website\"},\"primaryImageOfPage\":{\"@id\":\"https:\\\/\\\/valenciasjb.salesianos.edu\\\/colegio\\\/els-mes-menuts-investiguen-que-coses-poden-fer-amb-les-mans\\\/#primaryimage\"},\"image\":{\"@id\":\"https:\\\/\\\/valenciasjb.salesianos.edu\\\/colegio\\\/els-mes-menuts-investiguen-que-coses-poden-fer-amb-les-mans\\\/#primaryimage\"},\"thumbnailUrl\":\"https:\\\/\\\/valenciasjb.salesianos.edu\\\/colegio\\\/wp-content\\\/uploads\\\/sites\\\/2\\\/2018\\\/02\\\/20180212_100526-m.jpg\",\"datePublished\":\"2018-02-18T21:57:46+00:00\",\"author\":{\"@id\":\"https:\\\/\\\/valenciasjb.salesianos.edu\\\/colegio\\\/#\\\/schema\\\/person\\\/1f45b67e52b27da175190a574db6bed9\"},\"breadcrumb\":{\"@id\":\"https:\\\/\\\/valenciasjb.salesianos.edu\\\/colegio\\\/els-mes-menuts-investiguen-que-coses-poden-fer-amb-les-mans\\\/#breadcrumb\"},\"inLanguage\":\"es\",\"potentialAction\":[{\"@type\":\"ReadAction\",\"target\":[\"https:\\\/\\\/valenciasjb.salesianos.edu\\\/colegio\\\/els-mes-menuts-investiguen-que-coses-poden-fer-amb-les-mans\\\/\"]}]},{\"@type\":\"ImageObject\",\"inLanguage\":\"es\",\"@id\":\"https:\\\/\\\/valenciasjb.salesianos.edu\\\/colegio\\\/els-mes-menuts-investiguen-que-coses-poden-fer-amb-les-mans\\\/#primaryimage\",\"url\":\"https:\\\/\\\/valenciasjb.salesianos.edu\\\/colegio\\\/wp-content\\\/uploads\\\/sites\\\/2\\\/2018\\\/02\\\/20180212_100526-m.jpg\",\"contentUrl\":\"https:\\\/\\\/valenciasjb.salesianos.edu\\\/colegio\\\/wp-content\\\/uploads\\\/sites\\\/2\\\/2018\\\/02\\\/20180212_100526-m.jpg\",\"width\":2232,\"height\":1833},{\"@type\":\"BreadcrumbList\",\"@id\":\"https:\\\/\\\/valenciasjb.salesianos.edu\\\/colegio\\\/els-mes-menuts-investiguen-que-coses-poden-fer-amb-les-mans\\\/#breadcrumb\",\"itemListElement\":[{\"@type\":\"ListItem\",\"position\":1,\"name\":\"Portada\",\"item\":\"https:\\\/\\\/valenciasjb.salesianos.edu\\\/colegio\\\/\"},{\"@type\":\"ListItem\",\"position\":2,\"name\":\"Els m\u00e9s menuts investiguen que coses poden fer amb les mans\"}]},{\"@type\":\"WebSite\",\"@id\":\"https:\\\/\\\/valenciasjb.salesianos.edu\\\/colegio\\\/#website\",\"url\":\"https:\\\/\\\/valenciasjb.salesianos.edu\\\/colegio\\\/\",\"name\":\"Colegio San Juan Bosco Valencia\",\"description\":\"P\u00e1gina oficial del Colegio Salesianos San Juan Bosco Valencia\",\"alternateName\":\"Salesianos.VSJB\",\"potentialAction\":[{\"@type\":\"SearchAction\",\"target\":{\"@type\":\"EntryPoint\",\"urlTemplate\":\"https:\\\/\\\/valenciasjb.salesianos.edu\\\/colegio\\\/?s={search_term_string}\"},\"query-input\":{\"@type\":\"PropertyValueSpecification\",\"valueRequired\":true,\"valueName\":\"search_term_string\"}}],\"inLanguage\":\"es\"},{\"@type\":\"Person\",\"@id\":\"https:\\\/\\\/valenciasjb.salesianos.edu\\\/colegio\\\/#\\\/schema\\\/person\\\/1f45b67e52b27da175190a574db6bed9\",\"name\":\"veronicapastor\",\"image\":{\"@type\":\"ImageObject\",\"inLanguage\":\"es\",\"@id\":\"https:\\\/\\\/secure.gravatar.com\\\/avatar\\\/e29bd40bace3fd935e1d6fdb7313ffc14628cc037c5e16f4c7369b20a2a6f7f0?s=96&d=mm&r=g\",\"url\":\"https:\\\/\\\/secure.gravatar.com\\\/avatar\\\/e29bd40bace3fd935e1d6fdb7313ffc14628cc037c5e16f4c7369b20a2a6f7f0?s=96&d=mm&r=g\",\"contentUrl\":\"https:\\\/\\\/secure.gravatar.com\\\/avatar\\\/e29bd40bace3fd935e1d6fdb7313ffc14628cc037c5e16f4c7369b20a2a6f7f0?s=96&d=mm&r=g\",\"caption\":\"veronicapastor\"}}]}<\/script>\n<!-- \/ Yoast SEO plugin. -->","yoast_head_json":{"title":"Els m\u00e9s menuts investiguen que coses poden fer amb les mans - Colegio San Juan Bosco Valencia","robots":{"index":"index","follow":"follow","max-snippet":"max-snippet:-1","max-image-preview":"max-image-preview:large","max-video-preview":"max-video-preview:-1"},"canonical":"https:\/\/valenciasjb.salesianos.edu\/colegio\/els-mes-menuts-investiguen-que-coses-poden-fer-amb-les-mans\/","og_locale":"es_ES","og_type":"article","og_title":"Els m\u00e9s menuts investiguen que coses poden fer amb les mans - Colegio San Juan Bosco Valencia","og_description":"Els m\u00e9s xicotets de l\u2019escola est\u00e1n realitzant el projecte \u201cPalmells a Ballar\u201d. Sabem que als xiquets i xiquetes de l\u2019escola els encanta investigar. Mireia Fuster, mestra d\u2019Infantil. Estan descobrint \u00a0tot el que es pot fer amb les \u00a0mans. Han apr\u00e9s que amb els sentits es pot recon\u00e8ixer el m\u00f3n.\u00a0 Amb el tacte es poden descobrir [&hellip;]","og_url":"https:\/\/valenciasjb.salesianos.edu\/colegio\/els-mes-menuts-investiguen-que-coses-poden-fer-amb-les-mans\/","og_site_name":"Colegio San Juan Bosco Valencia","article_publisher":"https:\/\/www.facebook.com\/ColegioSalesianoSanJuanBoscoValencia","article_published_time":"2018-02-18T21:57:46+00:00","og_image":[{"width":2232,"height":1833,"url":"https:\/\/valenciasjb.salesianos.edu\/colegio\/wp-content\/uploads\/sites\/2\/2018\/02\/20180212_100526-m.jpg","type":"image\/jpeg"}],"author":"veronicapastor","twitter_card":"summary_large_image","twitter_creator":"@SalesianosVSJB","twitter_site":"@SalesianosVSJB","twitter_misc":{"Escrito por":"veronicapastor","Tiempo de lectura":"3 minutos"},"schema":{"@context":"https:\/\/schema.org","@graph":[{"@type":"Article","@id":"https:\/\/valenciasjb.salesianos.edu\/colegio\/els-mes-menuts-investiguen-que-coses-poden-fer-amb-les-mans\/#article","isPartOf":{"@id":"https:\/\/valenciasjb.salesianos.edu\/colegio\/els-mes-menuts-investiguen-que-coses-poden-fer-amb-les-mans\/"},"author":{"name":"veronicapastor","@id":"https:\/\/valenciasjb.salesianos.edu\/colegio\/#\/schema\/person\/1f45b67e52b27da175190a574db6bed9"},"headline":"Els m\u00e9s menuts investiguen que coses poden fer amb les mans","datePublished":"2018-02-18T21:57:46+00:00","mainEntityOfPage":{"@id":"https:\/\/valenciasjb.salesianos.edu\/colegio\/els-mes-menuts-investiguen-que-coses-poden-fer-amb-les-mans\/"},"wordCount":515,"image":{"@id":"https:\/\/valenciasjb.salesianos.edu\/colegio\/els-mes-menuts-investiguen-que-coses-poden-fer-amb-les-mans\/#primaryimage"},"thumbnailUrl":"https:\/\/valenciasjb.salesianos.edu\/colegio\/wp-content\/uploads\/sites\/2\/2018\/02\/20180212_100526-m.jpg","articleSection":["Noticia Colegio"],"inLanguage":"es"},{"@type":"WebPage","@id":"https:\/\/valenciasjb.salesianos.edu\/colegio\/els-mes-menuts-investiguen-que-coses-poden-fer-amb-les-mans\/","url":"https:\/\/valenciasjb.salesianos.edu\/colegio\/els-mes-menuts-investiguen-que-coses-poden-fer-amb-les-mans\/","name":"Els m\u00e9s menuts investiguen que coses poden fer amb les mans - Colegio San Juan Bosco Valencia","isPartOf":{"@id":"https:\/\/valenciasjb.salesianos.edu\/colegio\/#website"},"primaryImageOfPage":{"@id":"https:\/\/valenciasjb.salesianos.edu\/colegio\/els-mes-menuts-investiguen-que-coses-poden-fer-amb-les-mans\/#primaryimage"},"image":{"@id":"https:\/\/valenciasjb.salesianos.edu\/colegio\/els-mes-menuts-investiguen-que-coses-poden-fer-amb-les-mans\/#primaryimage"},"thumbnailUrl":"https:\/\/valenciasjb.salesianos.edu\/colegio\/wp-content\/uploads\/sites\/2\/2018\/02\/20180212_100526-m.jpg","datePublished":"2018-02-18T21:57:46+00:00","author":{"@id":"https:\/\/valenciasjb.salesianos.edu\/colegio\/#\/schema\/person\/1f45b67e52b27da175190a574db6bed9"},"breadcrumb":{"@id":"https:\/\/valenciasjb.salesianos.edu\/colegio\/els-mes-menuts-investiguen-que-coses-poden-fer-amb-les-mans\/#breadcrumb"},"inLanguage":"es","potentialAction":[{"@type":"ReadAction","target":["https:\/\/valenciasjb.salesianos.edu\/colegio\/els-mes-menuts-investiguen-que-coses-poden-fer-amb-les-mans\/"]}]},{"@type":"ImageObject","inLanguage":"es","@id":"https:\/\/valenciasjb.salesianos.edu\/colegio\/els-mes-menuts-investiguen-que-coses-poden-fer-amb-les-mans\/#primaryimage","url":"https:\/\/valenciasjb.salesianos.edu\/colegio\/wp-content\/uploads\/sites\/2\/2018\/02\/20180212_100526-m.jpg","contentUrl":"https:\/\/valenciasjb.salesianos.edu\/colegio\/wp-content\/uploads\/sites\/2\/2018\/02\/20180212_100526-m.jpg","width":2232,"height":1833},{"@type":"BreadcrumbList","@id":"https:\/\/valenciasjb.salesianos.edu\/colegio\/els-mes-menuts-investiguen-que-coses-poden-fer-amb-les-mans\/#breadcrumb","itemListElement":[{"@type":"ListItem","position":1,"name":"Portada","item":"https:\/\/valenciasjb.salesianos.edu\/colegio\/"},{"@type":"ListItem","position":2,"name":"Els m\u00e9s menuts investiguen que coses poden fer amb les mans"}]},{"@type":"WebSite","@id":"https:\/\/valenciasjb.salesianos.edu\/colegio\/#website","url":"https:\/\/valenciasjb.salesianos.edu\/colegio\/","name":"Colegio San Juan Bosco Valencia","description":"P\u00e1gina oficial del Colegio Salesianos San Juan Bosco Valencia","alternateName":"Salesianos.VSJB","potentialAction":[{"@type":"SearchAction","target":{"@type":"EntryPoint","urlTemplate":"https:\/\/valenciasjb.salesianos.edu\/colegio\/?s={search_term_string}"},"query-input":{"@type":"PropertyValueSpecification","valueRequired":true,"valueName":"search_term_string"}}],"inLanguage":"es"},{"@type":"Person","@id":"https:\/\/valenciasjb.salesianos.edu\/colegio\/#\/schema\/person\/1f45b67e52b27da175190a574db6bed9","name":"veronicapastor","image":{"@type":"ImageObject","inLanguage":"es","@id":"https:\/\/secure.gravatar.com\/avatar\/e29bd40bace3fd935e1d6fdb7313ffc14628cc037c5e16f4c7369b20a2a6f7f0?s=96&d=mm&r=g","url":"https:\/\/secure.gravatar.com\/avatar\/e29bd40bace3fd935e1d6fdb7313ffc14628cc037c5e16f4c7369b20a2a6f7f0?s=96&d=mm&r=g","contentUrl":"https:\/\/secure.gravatar.com\/avatar\/e29bd40bace3fd935e1d6fdb7313ffc14628cc037c5e16f4c7369b20a2a6f7f0?s=96&d=mm&r=g","caption":"veronicapastor"}}]}},"_links":{"self":[{"href":"https:\/\/valenciasjb.salesianos.edu\/colegio\/wp-json\/wp\/v2\/posts\/8295","targetHints":{"allow":["GET"]}}],"collection":[{"href":"https:\/\/valenciasjb.salesianos.edu\/colegio\/wp-json\/wp\/v2\/posts"}],"about":[{"href":"https:\/\/valenciasjb.salesianos.edu\/colegio\/wp-json\/wp\/v2\/types\/post"}],"author":[{"embeddable":true,"href":"https:\/\/valenciasjb.salesianos.edu\/colegio\/wp-json\/wp\/v2\/users\/6"}],"replies":[{"embeddable":true,"href":"https:\/\/valenciasjb.salesianos.edu\/colegio\/wp-json\/wp\/v2\/comments?post=8295"}],"version-history":[{"count":2,"href":"https:\/\/valenciasjb.salesianos.edu\/colegio\/wp-json\/wp\/v2\/posts\/8295\/revisions"}],"predecessor-version":[{"id":8308,"href":"https:\/\/valenciasjb.salesianos.edu\/colegio\/wp-json\/wp\/v2\/posts\/8295\/revisions\/8308"}],"wp:featuredmedia":[{"embeddable":true,"href":"https:\/\/valenciasjb.salesianos.edu\/colegio\/wp-json\/wp\/v2\/media\/8299"}],"wp:attachment":[{"href":"https:\/\/valenciasjb.salesianos.edu\/colegio\/wp-json\/wp\/v2\/media?parent=8295"}],"wp:term":[{"taxonomy":"category","embeddable":true,"href":"https:\/\/valenciasjb.salesianos.edu\/colegio\/wp-json\/wp\/v2\/categories?post=8295"},{"taxonomy":"post_tag","embeddable":true,"href":"https:\/\/valenciasjb.salesianos.edu\/colegio\/wp-json\/wp\/v2\/tags?post=8295"}],"curies":[{"name":"wp","href":"https:\/\/api.w.org\/{rel}","templated":true}]}}