{"id":8309,"date":"2018-02-18T23:14:10","date_gmt":"2018-02-18T22:14:10","guid":{"rendered":"https:\/\/valenciasjb.salesianos.edu\/colegio\/?p=8309"},"modified":"2018-02-18T23:16:58","modified_gmt":"2018-02-18T22:16:58","slug":"el-colegio-salesiano-san-juan-bosco-de-valencia-presenta-su-musical-solidario-godspell","status":"publish","type":"post","link":"https:\/\/valenciasjb.salesianos.edu\/colegio\/el-colegio-salesiano-san-juan-bosco-de-valencia-presenta-su-musical-solidario-godspell\/","title":{"rendered":"El Colegio Salesiano San Juan Bosco de Valencia presenta su Musical Solidario \u201cGodspell\u201d"},"content":{"rendered":"<div id=\"fb-root\"><\/div>\n<p>[et_pb_section bb_built=\u00bb1&#8243; admin_label=\u00bbsection\u00bb][et_pb_row admin_label=\u00bbrow\u00bb background_position=\u00bbtop_left\u00bb background_repeat=\u00bbrepeat\u00bb background_size=\u00bbinitial\u00bb][et_pb_column type=\u00bb4_4&#8243;][et_pb_text admin_label=\u00bbEntradilla (Texto)\u00bb _builder_version=\u00bb3.0.95&#8243; background_layout=\u00bblight\u00bb text_orientation=\u00bbjustified\u00bb text_font=\u00bb|on|||\u00bb module_alignment=\u00bbleft\u00bb]<\/p>\n<div id=\"resumen\"><strong>Godspell es el t\u00edtulo del Musical Solidario que estrena este curso el colegio salesiano\u00a0San Juan Bosco de Valencia. Un espect\u00e1culo, todo en directo. Una adaptaci\u00f3n propia\u00a0del gui\u00f3n original del musical Godspell, que se reestren\u00f3 por \u00faltima vez en Broadway\u00a0en el a\u00f1o 2012. Una manera divertida de contar la historia de la Biblia, donde el\u00a0espectador podr\u00e1 ver c\u00f3mo ser\u00eda la historia de Jes\u00fas si volviera en nuestros d\u00edas y\u00a0donde se transmite que la \u00fanica religi\u00f3n posible es el amor. Todo adaptado al contexto\u00a0y situaciones del d\u00eda de hoy. Un proyecto de denuncia social, que pretende ser motor\u00a0de cambio y de transformaci\u00f3n para la sociedad.<br \/>\n<\/strong><\/div>\n<div><\/div>\n<p>[\/et_pb_text][et_pb_text admin_label=\u00bbAutor (Texto)\u00bb _builder_version=\u00bb3.0.95&#8243; background_layout=\u00bblight\u00bb text_font=\u00bb||on||\u00bb]<\/p>\n<p>Redacci\u00f3n.<\/p>\n<p>[\/et_pb_text][et_pb_text admin_label=\u00bbDesarrollo (Texto)\u00bb _builder_version=\u00bb3.0.95&#8243; background_layout=\u00bblight\u00bb text_orientation=\u00bbjustified\u00bb module_alignment=\u00bbleft\u00bb]<\/p>\n<p>Una iniciativa que re\u00fane a 200 participantes entre padres, madres, profesorado,\u00a0alumnos, ex alumnos, Personal de Administraci\u00f3n y Servicios y miembros de toda la\u00a0comunidad educativa. Adem\u00e1s de Godspell kids con unos 80 ni\u00f1os y ni\u00f1as del coro del\u00a0colegio.<\/p>\n<p>Un proyecto que recibi\u00f3 el a\u00f1o pasado la felicitaci\u00f3n de la Casa Real por su\u00a0contribuci\u00f3n a la sociedad y que fue finalista auton\u00f3mico en los Premios Nacionales de\u00a0Acci\u00f3n Magistral.<\/p>\n<p>Los beneficios recaudados ir\u00e1n destinados \u00edntegramente a las ONGs: ACNUR para la\u00a0ayuda a refugiados, UNICEF para la defensa de los derechos de la infancia,\u00a0Fundaci\u00f3n Reina Sof\u00eda por su compromiso contra el Alzh\u00e9imer y AVAPACE, la\u00a0Asociaci\u00f3n Valenciana de Ayuda a la Par\u00e1lisis Cerebral.<\/p>\n<p>Venta de entradas:<br \/>\nMi\u00e9rcoles 14 de febrero, de 17 a 19 horas, en la Sala 80 del colegio. Adem\u00e1s, se puede\u00a0contribuir al fin solidario colaborando con la fila 0 en la porter\u00eda del colegio.<\/p>\n<p>Representaciones:<br \/>\n\u2022 Estreno, viernes 23 de febrero, a las 22 horas.<br \/>\n\u2022 S\u00e1bado 24 de febrero, a las 20 horas.<br \/>\n\u2022 S\u00e1bado 3 de marzo, a las 20 horas.<br \/>\n\u2022 Domingo 4 de marzo, a las 18 horas.<br \/>\n\u2022 Godspell kids con unos 80 ni\u00f1os y ni\u00f1as del coro del colegio, que cantan\u00a0canciones del musical. Actuar\u00e1n el 3 y 4 de marzo, a las 11 horas.<\/p>\n<p>Tr\u00e1iler: https:\/\/www.youtube.com\/watch?v=QxCoz6wn8PQ<\/p>\n<p>[\/et_pb_text][et_pb_text admin_label=\u00bbT\u00edtulo: Galer\u00eda de fotos (Texto)\u00bb _builder_version=\u00bb3.0.95&#8243; background_layout=\u00bblight\u00bb text_font=\u00bb|on|||\u00bb text_text_color=\u00bb#dc001b\u00bb disabled=\u00bboff\u00bb disabled_on=\u00bboff|on|on\u00bb]<\/p>\n<p>Galer\u00eda de im\u00e1genes<\/p>\n<p>[\/et_pb_text][et_pb_gallery _builder_version=\u00bb3.0.95&#8243; posts_number=\u00bb8&#8243; show_title_and_caption=\u00bboff\u00bb show_pagination=\u00bbon\u00bb fullwidth=\u00bboff\u00bb orientation=\u00bblandscape\u00bb zoom_icon_color=\u00bb#dc001b\u00bb hover_overlay_color=\u00bbrgba(255,255,255,0.9)\u00bb hover_icon=\u00bb%%51%%\u00bb background_layout=\u00bblight\u00bb disabled=\u00bboff\u00bb disabled_on=\u00bboff|off|off\u00bb gallery_ids=\u00bb8310&#8243; pagination_font_size_tablet=\u00bb51&#8243; pagination_line_height_tablet=\u00bb2&#8243; \/][et_pb_video _builder_version=\u00bb3.0.95&#8243; disabled=\u00bboff\u00bb disabled_on=\u00bboff|off|off\u00bb src=\u00bbhttps:\/\/youtu.be\/95RjbBZNTkY\u00bb \/][\/et_pb_column][\/et_pb_row][\/et_pb_section]<\/p>\n<!-- AddThis Advanced Settings generic via filter on the_content --><!-- AddThis Share Buttons generic via filter on the_content -->","protected":false},"excerpt":{"rendered":"<p>Godspell es el t\u00edtulo del Musical Solidario que estrena este curso el colegio salesiano\u00a0San Juan Bosco de Valencia. Un espect\u00e1culo, todo en directo. Una adaptaci\u00f3n propia\u00a0del gui\u00f3n original del musical Godspell, que se reestren\u00f3 por \u00faltima vez en Broadway\u00a0en el a\u00f1o 2012. Una manera divertida de contar la historia de la Biblia, donde el\u00a0espectador podr\u00e1 [&hellip;]<\/p>\n<p><!-- AddThis Advanced Settings generic via filter on get_the_excerpt --><!-- AddThis Share Buttons generic via filter on get_the_excerpt --><\/p>\n","protected":false},"author":6,"featured_media":8310,"comment_status":"closed","ping_status":"open","sticky":false,"template":"","format":"standard","meta":{"_et_pb_use_builder":"on","_et_pb_old_content":"","_et_gb_content_width":"","footnotes":""},"categories":[14],"tags":[],"class_list":["post-8309","post","type-post","status-publish","format-standard","has-post-thumbnail","hentry","category-noticia_colegio"],"yoast_head":"<!-- This site is optimized with the Yoast SEO plugin v28.4 - https:\/\/yoast.com\/product\/yoast-seo-wordpress\/ -->\n<title>El Colegio Salesiano San Juan Bosco de Valencia presenta su Musical Solidario \u201cGodspell\u201d - Colegio San Juan Bosco Valencia<\/title>\n<meta name=\"robots\" content=\"index, follow, max-snippet:-1, max-image-preview:large, max-video-preview:-1\" \/>\n<link rel=\"canonical\" href=\"https:\/\/valenciasjb.salesianos.edu\/colegio\/el-colegio-salesiano-san-juan-bosco-de-valencia-presenta-su-musical-solidario-godspell\/\" \/>\n<meta property=\"og:locale\" content=\"es_ES\" \/>\n<meta property=\"og:type\" content=\"article\" \/>\n<meta property=\"og:title\" content=\"El Colegio Salesiano San Juan Bosco de Valencia presenta su Musical Solidario \u201cGodspell\u201d - Colegio San Juan Bosco Valencia\" \/>\n<meta property=\"og:description\" content=\"Godspell es el t\u00edtulo del Musical Solidario que estrena este curso el colegio salesiano\u00a0San Juan Bosco de Valencia. Un espect\u00e1culo, todo en directo. Una adaptaci\u00f3n propia\u00a0del gui\u00f3n original del musical Godspell, que se reestren\u00f3 por \u00faltima vez en Broadway\u00a0en el a\u00f1o 2012. Una manera divertida de contar la historia de la Biblia, donde el\u00a0espectador podr\u00e1 [&hellip;]\" \/>\n<meta property=\"og:url\" content=\"https:\/\/valenciasjb.salesianos.edu\/colegio\/el-colegio-salesiano-san-juan-bosco-de-valencia-presenta-su-musical-solidario-godspell\/\" \/>\n<meta property=\"og:site_name\" content=\"Colegio San Juan Bosco Valencia\" \/>\n<meta property=\"article:publisher\" content=\"https:\/\/www.facebook.com\/ColegioSalesianoSanJuanBoscoValencia\" \/>\n<meta property=\"article:published_time\" content=\"2018-02-18T22:14:10+00:00\" \/>\n<meta property=\"article:modified_time\" content=\"2018-02-18T22:16:58+00:00\" \/>\n<meta property=\"og:image\" content=\"https:\/\/valenciasjb.salesianos.edu\/colegio\/wp-content\/uploads\/sites\/2\/2018\/02\/cartel-godspell-BUENA-CALIDAD-1-724x1024.jpg\" \/>\n\t<meta property=\"og:image:width\" content=\"724\" \/>\n\t<meta property=\"og:image:height\" content=\"1024\" \/>\n\t<meta property=\"og:image:type\" content=\"image\/jpeg\" \/>\n<meta name=\"author\" content=\"veronicapastor\" \/>\n<meta name=\"twitter:card\" content=\"summary_large_image\" \/>\n<meta name=\"twitter:creator\" content=\"@SalesianosVSJB\" \/>\n<meta name=\"twitter:site\" content=\"@SalesianosVSJB\" \/>\n<meta name=\"twitter:label1\" content=\"Escrito por\" \/>\n\t<meta name=\"twitter:data1\" content=\"veronicapastor\" \/>\n\t<meta name=\"twitter:label2\" content=\"Tiempo de lectura\" \/>\n\t<meta name=\"twitter:data2\" content=\"3 minutos\" \/>\n<script type=\"application\/ld+json\" class=\"yoast-schema-graph\">{\"@context\":\"https:\\\/\\\/schema.org\",\"@graph\":[{\"@type\":\"Article\",\"@id\":\"https:\\\/\\\/valenciasjb.salesianos.edu\\\/colegio\\\/el-colegio-salesiano-san-juan-bosco-de-valencia-presenta-su-musical-solidario-godspell\\\/#article\",\"isPartOf\":{\"@id\":\"https:\\\/\\\/valenciasjb.salesianos.edu\\\/colegio\\\/el-colegio-salesiano-san-juan-bosco-de-valencia-presenta-su-musical-solidario-godspell\\\/\"},\"author\":{\"name\":\"veronicapastor\",\"@id\":\"https:\\\/\\\/valenciasjb.salesianos.edu\\\/colegio\\\/#\\\/schema\\\/person\\\/1f45b67e52b27da175190a574db6bed9\"},\"headline\":\"El Colegio Salesiano San Juan Bosco de Valencia presenta su Musical Solidario \u201cGodspell\u201d\",\"datePublished\":\"2018-02-18T22:14:10+00:00\",\"dateModified\":\"2018-02-18T22:16:58+00:00\",\"mainEntityOfPage\":{\"@id\":\"https:\\\/\\\/valenciasjb.salesianos.edu\\\/colegio\\\/el-colegio-salesiano-san-juan-bosco-de-valencia-presenta-su-musical-solidario-godspell\\\/\"},\"wordCount\":572,\"image\":{\"@id\":\"https:\\\/\\\/valenciasjb.salesianos.edu\\\/colegio\\\/el-colegio-salesiano-san-juan-bosco-de-valencia-presenta-su-musical-solidario-godspell\\\/#primaryimage\"},\"thumbnailUrl\":\"https:\\\/\\\/valenciasjb.salesianos.edu\\\/colegio\\\/wp-content\\\/uploads\\\/sites\\\/2\\\/2018\\\/02\\\/cartel-godspell-BUENA-CALIDAD-1.jpg\",\"articleSection\":[\"Noticia Colegio\"],\"inLanguage\":\"es\"},{\"@type\":\"WebPage\",\"@id\":\"https:\\\/\\\/valenciasjb.salesianos.edu\\\/colegio\\\/el-colegio-salesiano-san-juan-bosco-de-valencia-presenta-su-musical-solidario-godspell\\\/\",\"url\":\"https:\\\/\\\/valenciasjb.salesianos.edu\\\/colegio\\\/el-colegio-salesiano-san-juan-bosco-de-valencia-presenta-su-musical-solidario-godspell\\\/\",\"name\":\"El Colegio Salesiano San Juan Bosco de Valencia presenta su Musical Solidario \u201cGodspell\u201d - Colegio San Juan Bosco Valencia\",\"isPartOf\":{\"@id\":\"https:\\\/\\\/valenciasjb.salesianos.edu\\\/colegio\\\/#website\"},\"primaryImageOfPage\":{\"@id\":\"https:\\\/\\\/valenciasjb.salesianos.edu\\\/colegio\\\/el-colegio-salesiano-san-juan-bosco-de-valencia-presenta-su-musical-solidario-godspell\\\/#primaryimage\"},\"image\":{\"@id\":\"https:\\\/\\\/valenciasjb.salesianos.edu\\\/colegio\\\/el-colegio-salesiano-san-juan-bosco-de-valencia-presenta-su-musical-solidario-godspell\\\/#primaryimage\"},\"thumbnailUrl\":\"https:\\\/\\\/valenciasjb.salesianos.edu\\\/colegio\\\/wp-content\\\/uploads\\\/sites\\\/2\\\/2018\\\/02\\\/cartel-godspell-BUENA-CALIDAD-1.jpg\",\"datePublished\":\"2018-02-18T22:14:10+00:00\",\"dateModified\":\"2018-02-18T22:16:58+00:00\",\"author\":{\"@id\":\"https:\\\/\\\/valenciasjb.salesianos.edu\\\/colegio\\\/#\\\/schema\\\/person\\\/1f45b67e52b27da175190a574db6bed9\"},\"breadcrumb\":{\"@id\":\"https:\\\/\\\/valenciasjb.salesianos.edu\\\/colegio\\\/el-colegio-salesiano-san-juan-bosco-de-valencia-presenta-su-musical-solidario-godspell\\\/#breadcrumb\"},\"inLanguage\":\"es\",\"potentialAction\":[{\"@type\":\"ReadAction\",\"target\":[\"https:\\\/\\\/valenciasjb.salesianos.edu\\\/colegio\\\/el-colegio-salesiano-san-juan-bosco-de-valencia-presenta-su-musical-solidario-godspell\\\/\"]}]},{\"@type\":\"ImageObject\",\"inLanguage\":\"es\",\"@id\":\"https:\\\/\\\/valenciasjb.salesianos.edu\\\/colegio\\\/el-colegio-salesiano-san-juan-bosco-de-valencia-presenta-su-musical-solidario-godspell\\\/#primaryimage\",\"url\":\"https:\\\/\\\/valenciasjb.salesianos.edu\\\/colegio\\\/wp-content\\\/uploads\\\/sites\\\/2\\\/2018\\\/02\\\/cartel-godspell-BUENA-CALIDAD-1.jpg\",\"contentUrl\":\"https:\\\/\\\/valenciasjb.salesianos.edu\\\/colegio\\\/wp-content\\\/uploads\\\/sites\\\/2\\\/2018\\\/02\\\/cartel-godspell-BUENA-CALIDAD-1.jpg\",\"width\":3508,\"height\":4961},{\"@type\":\"BreadcrumbList\",\"@id\":\"https:\\\/\\\/valenciasjb.salesianos.edu\\\/colegio\\\/el-colegio-salesiano-san-juan-bosco-de-valencia-presenta-su-musical-solidario-godspell\\\/#breadcrumb\",\"itemListElement\":[{\"@type\":\"ListItem\",\"position\":1,\"name\":\"Portada\",\"item\":\"https:\\\/\\\/valenciasjb.salesianos.edu\\\/colegio\\\/\"},{\"@type\":\"ListItem\",\"position\":2,\"name\":\"El Colegio Salesiano San Juan Bosco de Valencia presenta su Musical Solidario \u201cGodspell\u201d\"}]},{\"@type\":\"WebSite\",\"@id\":\"https:\\\/\\\/valenciasjb.salesianos.edu\\\/colegio\\\/#website\",\"url\":\"https:\\\/\\\/valenciasjb.salesianos.edu\\\/colegio\\\/\",\"name\":\"Colegio San Juan Bosco Valencia\",\"description\":\"P\u00e1gina oficial del Colegio Salesianos San Juan Bosco Valencia\",\"alternateName\":\"Salesianos.VSJB\",\"potentialAction\":[{\"@type\":\"SearchAction\",\"target\":{\"@type\":\"EntryPoint\",\"urlTemplate\":\"https:\\\/\\\/valenciasjb.salesianos.edu\\\/colegio\\\/?s={search_term_string}\"},\"query-input\":{\"@type\":\"PropertyValueSpecification\",\"valueRequired\":true,\"valueName\":\"search_term_string\"}}],\"inLanguage\":\"es\"},{\"@type\":\"Person\",\"@id\":\"https:\\\/\\\/valenciasjb.salesianos.edu\\\/colegio\\\/#\\\/schema\\\/person\\\/1f45b67e52b27da175190a574db6bed9\",\"name\":\"veronicapastor\",\"image\":{\"@type\":\"ImageObject\",\"inLanguage\":\"es\",\"@id\":\"https:\\\/\\\/secure.gravatar.com\\\/avatar\\\/e29bd40bace3fd935e1d6fdb7313ffc14628cc037c5e16f4c7369b20a2a6f7f0?s=96&d=mm&r=g\",\"url\":\"https:\\\/\\\/secure.gravatar.com\\\/avatar\\\/e29bd40bace3fd935e1d6fdb7313ffc14628cc037c5e16f4c7369b20a2a6f7f0?s=96&d=mm&r=g\",\"contentUrl\":\"https:\\\/\\\/secure.gravatar.com\\\/avatar\\\/e29bd40bace3fd935e1d6fdb7313ffc14628cc037c5e16f4c7369b20a2a6f7f0?s=96&d=mm&r=g\",\"caption\":\"veronicapastor\"}}]}<\/script>\n<!-- \/ Yoast SEO plugin. -->","yoast_head_json":{"title":"El Colegio Salesiano San Juan Bosco de Valencia presenta su Musical Solidario \u201cGodspell\u201d - Colegio San Juan Bosco Valencia","robots":{"index":"index","follow":"follow","max-snippet":"max-snippet:-1","max-image-preview":"max-image-preview:large","max-video-preview":"max-video-preview:-1"},"canonical":"https:\/\/valenciasjb.salesianos.edu\/colegio\/el-colegio-salesiano-san-juan-bosco-de-valencia-presenta-su-musical-solidario-godspell\/","og_locale":"es_ES","og_type":"article","og_title":"El Colegio Salesiano San Juan Bosco de Valencia presenta su Musical Solidario \u201cGodspell\u201d - Colegio San Juan Bosco Valencia","og_description":"Godspell es el t\u00edtulo del Musical Solidario que estrena este curso el colegio salesiano\u00a0San Juan Bosco de Valencia. Un espect\u00e1culo, todo en directo. Una adaptaci\u00f3n propia\u00a0del gui\u00f3n original del musical Godspell, que se reestren\u00f3 por \u00faltima vez en Broadway\u00a0en el a\u00f1o 2012. Una manera divertida de contar la historia de la Biblia, donde el\u00a0espectador podr\u00e1 [&hellip;]","og_url":"https:\/\/valenciasjb.salesianos.edu\/colegio\/el-colegio-salesiano-san-juan-bosco-de-valencia-presenta-su-musical-solidario-godspell\/","og_site_name":"Colegio San Juan Bosco Valencia","article_publisher":"https:\/\/www.facebook.com\/ColegioSalesianoSanJuanBoscoValencia","article_published_time":"2018-02-18T22:14:10+00:00","article_modified_time":"2018-02-18T22:16:58+00:00","og_image":[{"width":724,"height":1024,"url":"https:\/\/valenciasjb.salesianos.edu\/colegio\/wp-content\/uploads\/sites\/2\/2018\/02\/cartel-godspell-BUENA-CALIDAD-1-724x1024.jpg","type":"image\/jpeg"}],"author":"veronicapastor","twitter_card":"summary_large_image","twitter_creator":"@SalesianosVSJB","twitter_site":"@SalesianosVSJB","twitter_misc":{"Escrito por":"veronicapastor","Tiempo de lectura":"3 minutos"},"schema":{"@context":"https:\/\/schema.org","@graph":[{"@type":"Article","@id":"https:\/\/valenciasjb.salesianos.edu\/colegio\/el-colegio-salesiano-san-juan-bosco-de-valencia-presenta-su-musical-solidario-godspell\/#article","isPartOf":{"@id":"https:\/\/valenciasjb.salesianos.edu\/colegio\/el-colegio-salesiano-san-juan-bosco-de-valencia-presenta-su-musical-solidario-godspell\/"},"author":{"name":"veronicapastor","@id":"https:\/\/valenciasjb.salesianos.edu\/colegio\/#\/schema\/person\/1f45b67e52b27da175190a574db6bed9"},"headline":"El Colegio Salesiano San Juan Bosco de Valencia presenta su Musical Solidario \u201cGodspell\u201d","datePublished":"2018-02-18T22:14:10+00:00","dateModified":"2018-02-18T22:16:58+00:00","mainEntityOfPage":{"@id":"https:\/\/valenciasjb.salesianos.edu\/colegio\/el-colegio-salesiano-san-juan-bosco-de-valencia-presenta-su-musical-solidario-godspell\/"},"wordCount":572,"image":{"@id":"https:\/\/valenciasjb.salesianos.edu\/colegio\/el-colegio-salesiano-san-juan-bosco-de-valencia-presenta-su-musical-solidario-godspell\/#primaryimage"},"thumbnailUrl":"https:\/\/valenciasjb.salesianos.edu\/colegio\/wp-content\/uploads\/sites\/2\/2018\/02\/cartel-godspell-BUENA-CALIDAD-1.jpg","articleSection":["Noticia Colegio"],"inLanguage":"es"},{"@type":"WebPage","@id":"https:\/\/valenciasjb.salesianos.edu\/colegio\/el-colegio-salesiano-san-juan-bosco-de-valencia-presenta-su-musical-solidario-godspell\/","url":"https:\/\/valenciasjb.salesianos.edu\/colegio\/el-colegio-salesiano-san-juan-bosco-de-valencia-presenta-su-musical-solidario-godspell\/","name":"El Colegio Salesiano San Juan Bosco de Valencia presenta su Musical Solidario \u201cGodspell\u201d - Colegio San Juan Bosco Valencia","isPartOf":{"@id":"https:\/\/valenciasjb.salesianos.edu\/colegio\/#website"},"primaryImageOfPage":{"@id":"https:\/\/valenciasjb.salesianos.edu\/colegio\/el-colegio-salesiano-san-juan-bosco-de-valencia-presenta-su-musical-solidario-godspell\/#primaryimage"},"image":{"@id":"https:\/\/valenciasjb.salesianos.edu\/colegio\/el-colegio-salesiano-san-juan-bosco-de-valencia-presenta-su-musical-solidario-godspell\/#primaryimage"},"thumbnailUrl":"https:\/\/valenciasjb.salesianos.edu\/colegio\/wp-content\/uploads\/sites\/2\/2018\/02\/cartel-godspell-BUENA-CALIDAD-1.jpg","datePublished":"2018-02-18T22:14:10+00:00","dateModified":"2018-02-18T22:16:58+00:00","author":{"@id":"https:\/\/valenciasjb.salesianos.edu\/colegio\/#\/schema\/person\/1f45b67e52b27da175190a574db6bed9"},"breadcrumb":{"@id":"https:\/\/valenciasjb.salesianos.edu\/colegio\/el-colegio-salesiano-san-juan-bosco-de-valencia-presenta-su-musical-solidario-godspell\/#breadcrumb"},"inLanguage":"es","potentialAction":[{"@type":"ReadAction","target":["https:\/\/valenciasjb.salesianos.edu\/colegio\/el-colegio-salesiano-san-juan-bosco-de-valencia-presenta-su-musical-solidario-godspell\/"]}]},{"@type":"ImageObject","inLanguage":"es","@id":"https:\/\/valenciasjb.salesianos.edu\/colegio\/el-colegio-salesiano-san-juan-bosco-de-valencia-presenta-su-musical-solidario-godspell\/#primaryimage","url":"https:\/\/valenciasjb.salesianos.edu\/colegio\/wp-content\/uploads\/sites\/2\/2018\/02\/cartel-godspell-BUENA-CALIDAD-1.jpg","contentUrl":"https:\/\/valenciasjb.salesianos.edu\/colegio\/wp-content\/uploads\/sites\/2\/2018\/02\/cartel-godspell-BUENA-CALIDAD-1.jpg","width":3508,"height":4961},{"@type":"BreadcrumbList","@id":"https:\/\/valenciasjb.salesianos.edu\/colegio\/el-colegio-salesiano-san-juan-bosco-de-valencia-presenta-su-musical-solidario-godspell\/#breadcrumb","itemListElement":[{"@type":"ListItem","position":1,"name":"Portada","item":"https:\/\/valenciasjb.salesianos.edu\/colegio\/"},{"@type":"ListItem","position":2,"name":"El Colegio Salesiano San Juan Bosco de Valencia presenta su Musical Solidario \u201cGodspell\u201d"}]},{"@type":"WebSite","@id":"https:\/\/valenciasjb.salesianos.edu\/colegio\/#website","url":"https:\/\/valenciasjb.salesianos.edu\/colegio\/","name":"Colegio San Juan Bosco Valencia","description":"P\u00e1gina oficial del Colegio Salesianos San Juan Bosco Valencia","alternateName":"Salesianos.VSJB","potentialAction":[{"@type":"SearchAction","target":{"@type":"EntryPoint","urlTemplate":"https:\/\/valenciasjb.salesianos.edu\/colegio\/?s={search_term_string}"},"query-input":{"@type":"PropertyValueSpecification","valueRequired":true,"valueName":"search_term_string"}}],"inLanguage":"es"},{"@type":"Person","@id":"https:\/\/valenciasjb.salesianos.edu\/colegio\/#\/schema\/person\/1f45b67e52b27da175190a574db6bed9","name":"veronicapastor","image":{"@type":"ImageObject","inLanguage":"es","@id":"https:\/\/secure.gravatar.com\/avatar\/e29bd40bace3fd935e1d6fdb7313ffc14628cc037c5e16f4c7369b20a2a6f7f0?s=96&d=mm&r=g","url":"https:\/\/secure.gravatar.com\/avatar\/e29bd40bace3fd935e1d6fdb7313ffc14628cc037c5e16f4c7369b20a2a6f7f0?s=96&d=mm&r=g","contentUrl":"https:\/\/secure.gravatar.com\/avatar\/e29bd40bace3fd935e1d6fdb7313ffc14628cc037c5e16f4c7369b20a2a6f7f0?s=96&d=mm&r=g","caption":"veronicapastor"}}]}},"_links":{"self":[{"href":"https:\/\/valenciasjb.salesianos.edu\/colegio\/wp-json\/wp\/v2\/posts\/8309","targetHints":{"allow":["GET"]}}],"collection":[{"href":"https:\/\/valenciasjb.salesianos.edu\/colegio\/wp-json\/wp\/v2\/posts"}],"about":[{"href":"https:\/\/valenciasjb.salesianos.edu\/colegio\/wp-json\/wp\/v2\/types\/post"}],"author":[{"embeddable":true,"href":"https:\/\/valenciasjb.salesianos.edu\/colegio\/wp-json\/wp\/v2\/users\/6"}],"replies":[{"embeddable":true,"href":"https:\/\/valenciasjb.salesianos.edu\/colegio\/wp-json\/wp\/v2\/comments?post=8309"}],"version-history":[{"count":3,"href":"https:\/\/valenciasjb.salesianos.edu\/colegio\/wp-json\/wp\/v2\/posts\/8309\/revisions"}],"predecessor-version":[{"id":8313,"href":"https:\/\/valenciasjb.salesianos.edu\/colegio\/wp-json\/wp\/v2\/posts\/8309\/revisions\/8313"}],"wp:featuredmedia":[{"embeddable":true,"href":"https:\/\/valenciasjb.salesianos.edu\/colegio\/wp-json\/wp\/v2\/media\/8310"}],"wp:attachment":[{"href":"https:\/\/valenciasjb.salesianos.edu\/colegio\/wp-json\/wp\/v2\/media?parent=8309"}],"wp:term":[{"taxonomy":"category","embeddable":true,"href":"https:\/\/valenciasjb.salesianos.edu\/colegio\/wp-json\/wp\/v2\/categories?post=8309"},{"taxonomy":"post_tag","embeddable":true,"href":"https:\/\/valenciasjb.salesianos.edu\/colegio\/wp-json\/wp\/v2\/tags?post=8309"}],"curies":[{"name":"wp","href":"https:\/\/api.w.org\/{rel}","templated":true}]}}