{"id":8316,"date":"2018-02-19T15:51:09","date_gmt":"2018-02-19T14:51:09","guid":{"rendered":"https:\/\/valenciasjb.salesianos.edu\/colegio\/?p=8316"},"modified":"2018-02-19T16:09:16","modified_gmt":"2018-02-19T15:09:16","slug":"el-alumnado-de-primero-de-bachillerato-de-la-asignatura-de-economia-asiste-a-unas-jornadas-en-la-universidad-esic","status":"publish","type":"post","link":"https:\/\/valenciasjb.salesianos.edu\/colegio\/el-alumnado-de-primero-de-bachillerato-de-la-asignatura-de-economia-asiste-a-unas-jornadas-en-la-universidad-esic\/","title":{"rendered":"El alumnado de primero de Bachillerato de la asignatura de Econom\u00eda asiste a unas jornadas en la universidad ESIC"},"content":{"rendered":"<div id=\"fb-root\"><\/div>\n<p>[et_pb_section bb_built=\u00bb1&#8243; admin_label=\u00bbsection\u00bb][et_pb_row admin_label=\u00bbrow\u00bb background_position=\u00bbtop_left\u00bb background_repeat=\u00bbrepeat\u00bb background_size=\u00bbinitial\u00bb][et_pb_column type=\u00bb4_4&#8243;][et_pb_text admin_label=\u00bbEntradilla (Texto)\u00bb _builder_version=\u00bb3.0.95&#8243; background_layout=\u00bblight\u00bb text_orientation=\u00bbjustified\u00bb text_font=\u00bb|on|||\u00bb module_alignment=\u00bbleft\u00bb]<\/p>\n<div><span style=\"font-size: x-large\">Los alumnos de primero de Bachillerato que cursamos la asignatura de Econom\u00eda asistimos el pasado 8 de febrero por la ma\u00f1ana a ESIC, una universidad de <i>marketing<\/i> y negocios en Blasco Ib\u00e1\u00f1ez.<\/span><\/div>\n<p>[\/et_pb_text][et_pb_text admin_label=\u00bbAutor (Texto)\u00bb _builder_version=\u00bb3.0.95&#8243; background_layout=\u00bblight\u00bb text_font=\u00bb||on||\u00bb]<\/p>\n<p><span style=\"color: #222222\"><span style=\"font-family: arial, sans-serif\"><span style=\"font-size: small\">Cr\u00f3nica de Aitana Malvar, alumna de 1\u00ba de Bachillerato.<\/span><\/span><\/span><\/p>\n<p>[\/et_pb_text][et_pb_text admin_label=\u00bbDesarrollo (Texto)\u00bb _builder_version=\u00bb3.0.95&#8243; background_layout=\u00bblight\u00bb text_orientation=\u00bbjustified\u00bb module_alignment=\u00bbleft\u00bb]<\/p>\n<p align=\"justify\"><span style=\"font-size: x-large\">Salimos a las 9 del colegio y nos dirigimos a la universidad en autob\u00fas privado. All\u00ed nos recibieron con amabilidad y nos entregaron unas carpetas con material escolar y folletos de informaci\u00f3n acerca de la escuela. Minutos despu\u00e9s, una alumna de tercer a\u00f1o de carrera de ESIC nos explic\u00f3 su experiencia en la universidad y nos la ense\u00f1\u00f3. Nos dividieron en grupos y, m\u00e1s tarde, tuvimos una clase sobre <i>marketing<\/i> y colaboramos en grupos poniendo en pr\u00e1ctica lo que hab\u00edamos aprendido. Nos dieron de almorzar y, finalmente, acabamos la ma\u00f1ana con una charla grupal.<\/span><\/p>\n<p align=\"justify\"><span style=\"font-size: x-large\">Fue un d\u00eda muy din\u00e1mico y divertido y muchos de nosotros nos hicimos una idea sobre qu\u00e9 estudiar en un futuro y plantearnos posibles universidades.<\/span><\/p>\n<p>[\/et_pb_text][et_pb_text admin_label=\u00bbT\u00edtulo: Galer\u00eda de fotos (Texto)\u00bb _builder_version=\u00bb3.0.76&#8243; background_layout=\u00bblight\u00bb text_font=\u00bb|on|||\u00bb text_text_color=\u00bb#dc001b\u00bb border_style=\u00bbsolid\u00bb disabled=\u00bboff\u00bb disabled_on=\u00bboff|on|on\u00bb]<\/p>\n<p>Galer\u00eda de im\u00e1genes<\/p>\n<p>[\/et_pb_text][et_pb_gallery _builder_version=\u00bb3.0.95&#8243; posts_number=\u00bb8&#8243; show_title_and_caption=\u00bboff\u00bb show_pagination=\u00bbon\u00bb fullwidth=\u00bboff\u00bb orientation=\u00bblandscape\u00bb zoom_icon_color=\u00bb#dc001b\u00bb hover_overlay_color=\u00bbrgba(255,255,255,0.9)\u00bb hover_icon=\u00bb%%51%%\u00bb background_layout=\u00bblight\u00bb disabled=\u00bboff\u00bb disabled_on=\u00bboff|off|off\u00bb gallery_ids=\u00bb8317&#8243; pagination_font_size_tablet=\u00bb51&#8243; pagination_line_height_tablet=\u00bb2&#8243; \/][et_pb_video _builder_version=\u00bb3.0.51&#8243; disabled=\u00bbon\u00bb disabled_on=\u00bbon|on|on\u00bb \/][\/et_pb_column][\/et_pb_row][\/et_pb_section]<\/p>\n<!-- AddThis Advanced Settings generic via filter on the_content --><!-- AddThis Share Buttons generic via filter on the_content -->","protected":false},"excerpt":{"rendered":"<p>Los alumnos de primero de Bachillerato que cursamos la asignatura de Econom\u00eda asistimos el pasado 8 de febrero por la ma\u00f1ana a ESIC, una universidad de marketing y negocios en Blasco Ib\u00e1\u00f1ez. Cr\u00f3nica de Aitana Malvar, alumna de 1\u00ba de Bachillerato. Salimos a las 9 del colegio y nos dirigimos a la universidad en autob\u00fas [&hellip;]<\/p>\n<p><!-- AddThis Advanced Settings generic via filter on get_the_excerpt --><!-- AddThis Share Buttons generic via filter on get_the_excerpt --><\/p>\n","protected":false},"author":6,"featured_media":8317,"comment_status":"closed","ping_status":"open","sticky":false,"template":"","format":"standard","meta":{"_et_pb_use_builder":"on","_et_pb_old_content":"","_et_gb_content_width":"","footnotes":""},"categories":[14],"tags":[],"class_list":["post-8316","post","type-post","status-publish","format-standard","has-post-thumbnail","hentry","category-noticia_colegio"],"yoast_head":"<!-- This site is optimized with the Yoast SEO plugin v28.4 - https:\/\/yoast.com\/product\/yoast-seo-wordpress\/ -->\n<title>El alumnado de primero de Bachillerato de la asignatura de Econom\u00eda asiste a unas jornadas en la universidad ESIC - Colegio San Juan Bosco Valencia<\/title>\n<meta name=\"robots\" content=\"index, follow, max-snippet:-1, max-image-preview:large, max-video-preview:-1\" \/>\n<link rel=\"canonical\" href=\"https:\/\/valenciasjb.salesianos.edu\/colegio\/el-alumnado-de-primero-de-bachillerato-de-la-asignatura-de-economia-asiste-a-unas-jornadas-en-la-universidad-esic\/\" \/>\n<meta property=\"og:locale\" content=\"es_ES\" \/>\n<meta property=\"og:type\" content=\"article\" \/>\n<meta property=\"og:title\" content=\"El alumnado de primero de Bachillerato de la asignatura de Econom\u00eda asiste a unas jornadas en la universidad ESIC - Colegio San Juan Bosco Valencia\" \/>\n<meta property=\"og:description\" content=\"Los alumnos de primero de Bachillerato que cursamos la asignatura de Econom\u00eda asistimos el pasado 8 de febrero por la ma\u00f1ana a ESIC, una universidad de marketing y negocios en Blasco Ib\u00e1\u00f1ez. Cr\u00f3nica de Aitana Malvar, alumna de 1\u00ba de Bachillerato. Salimos a las 9 del colegio y nos dirigimos a la universidad en autob\u00fas [&hellip;]\" \/>\n<meta property=\"og:url\" content=\"https:\/\/valenciasjb.salesianos.edu\/colegio\/el-alumnado-de-primero-de-bachillerato-de-la-asignatura-de-economia-asiste-a-unas-jornadas-en-la-universidad-esic\/\" \/>\n<meta property=\"og:site_name\" content=\"Colegio San Juan Bosco Valencia\" \/>\n<meta property=\"article:publisher\" content=\"https:\/\/www.facebook.com\/ColegioSalesianoSanJuanBoscoValencia\" \/>\n<meta property=\"article:published_time\" content=\"2018-02-19T14:51:09+00:00\" \/>\n<meta property=\"article:modified_time\" content=\"2018-02-19T15:09:16+00:00\" \/>\n<meta property=\"og:image\" content=\"https:\/\/valenciasjb.salesianos.edu\/colegio\/wp-content\/uploads\/sites\/2\/2018\/02\/sketch-1519050911334.png\" \/>\n\t<meta property=\"og:image:width\" content=\"1280\" \/>\n\t<meta property=\"og:image:height\" content=\"720\" \/>\n\t<meta property=\"og:image:type\" content=\"image\/png\" \/>\n<meta name=\"author\" content=\"veronicapastor\" \/>\n<meta name=\"twitter:card\" content=\"summary_large_image\" \/>\n<meta name=\"twitter:creator\" content=\"@SalesianosVSJB\" \/>\n<meta name=\"twitter:site\" content=\"@SalesianosVSJB\" \/>\n<meta name=\"twitter:label1\" content=\"Escrito por\" \/>\n\t<meta name=\"twitter:data1\" content=\"veronicapastor\" \/>\n\t<meta name=\"twitter:label2\" content=\"Tiempo de lectura\" \/>\n\t<meta name=\"twitter:data2\" content=\"2 minutos\" \/>\n<script type=\"application\/ld+json\" class=\"yoast-schema-graph\">{\"@context\":\"https:\\\/\\\/schema.org\",\"@graph\":[{\"@type\":\"Article\",\"@id\":\"https:\\\/\\\/valenciasjb.salesianos.edu\\\/colegio\\\/el-alumnado-de-primero-de-bachillerato-de-la-asignatura-de-economia-asiste-a-unas-jornadas-en-la-universidad-esic\\\/#article\",\"isPartOf\":{\"@id\":\"https:\\\/\\\/valenciasjb.salesianos.edu\\\/colegio\\\/el-alumnado-de-primero-de-bachillerato-de-la-asignatura-de-economia-asiste-a-unas-jornadas-en-la-universidad-esic\\\/\"},\"author\":{\"name\":\"veronicapastor\",\"@id\":\"https:\\\/\\\/valenciasjb.salesianos.edu\\\/colegio\\\/#\\\/schema\\\/person\\\/1f45b67e52b27da175190a574db6bed9\"},\"headline\":\"El alumnado de primero de Bachillerato de la asignatura de Econom\u00eda asiste a unas jornadas en la universidad ESIC\",\"datePublished\":\"2018-02-19T14:51:09+00:00\",\"dateModified\":\"2018-02-19T15:09:16+00:00\",\"mainEntityOfPage\":{\"@id\":\"https:\\\/\\\/valenciasjb.salesianos.edu\\\/colegio\\\/el-alumnado-de-primero-de-bachillerato-de-la-asignatura-de-economia-asiste-a-unas-jornadas-en-la-universidad-esic\\\/\"},\"wordCount\":396,\"image\":{\"@id\":\"https:\\\/\\\/valenciasjb.salesianos.edu\\\/colegio\\\/el-alumnado-de-primero-de-bachillerato-de-la-asignatura-de-economia-asiste-a-unas-jornadas-en-la-universidad-esic\\\/#primaryimage\"},\"thumbnailUrl\":\"https:\\\/\\\/valenciasjb.salesianos.edu\\\/colegio\\\/wp-content\\\/uploads\\\/sites\\\/2\\\/2018\\\/02\\\/sketch-1519050911334.png\",\"articleSection\":[\"Noticia Colegio\"],\"inLanguage\":\"es\"},{\"@type\":\"WebPage\",\"@id\":\"https:\\\/\\\/valenciasjb.salesianos.edu\\\/colegio\\\/el-alumnado-de-primero-de-bachillerato-de-la-asignatura-de-economia-asiste-a-unas-jornadas-en-la-universidad-esic\\\/\",\"url\":\"https:\\\/\\\/valenciasjb.salesianos.edu\\\/colegio\\\/el-alumnado-de-primero-de-bachillerato-de-la-asignatura-de-economia-asiste-a-unas-jornadas-en-la-universidad-esic\\\/\",\"name\":\"El alumnado de primero de Bachillerato de la asignatura de Econom\u00eda asiste a unas jornadas en la universidad ESIC - Colegio San Juan Bosco Valencia\",\"isPartOf\":{\"@id\":\"https:\\\/\\\/valenciasjb.salesianos.edu\\\/colegio\\\/#website\"},\"primaryImageOfPage\":{\"@id\":\"https:\\\/\\\/valenciasjb.salesianos.edu\\\/colegio\\\/el-alumnado-de-primero-de-bachillerato-de-la-asignatura-de-economia-asiste-a-unas-jornadas-en-la-universidad-esic\\\/#primaryimage\"},\"image\":{\"@id\":\"https:\\\/\\\/valenciasjb.salesianos.edu\\\/colegio\\\/el-alumnado-de-primero-de-bachillerato-de-la-asignatura-de-economia-asiste-a-unas-jornadas-en-la-universidad-esic\\\/#primaryimage\"},\"thumbnailUrl\":\"https:\\\/\\\/valenciasjb.salesianos.edu\\\/colegio\\\/wp-content\\\/uploads\\\/sites\\\/2\\\/2018\\\/02\\\/sketch-1519050911334.png\",\"datePublished\":\"2018-02-19T14:51:09+00:00\",\"dateModified\":\"2018-02-19T15:09:16+00:00\",\"author\":{\"@id\":\"https:\\\/\\\/valenciasjb.salesianos.edu\\\/colegio\\\/#\\\/schema\\\/person\\\/1f45b67e52b27da175190a574db6bed9\"},\"breadcrumb\":{\"@id\":\"https:\\\/\\\/valenciasjb.salesianos.edu\\\/colegio\\\/el-alumnado-de-primero-de-bachillerato-de-la-asignatura-de-economia-asiste-a-unas-jornadas-en-la-universidad-esic\\\/#breadcrumb\"},\"inLanguage\":\"es\",\"potentialAction\":[{\"@type\":\"ReadAction\",\"target\":[\"https:\\\/\\\/valenciasjb.salesianos.edu\\\/colegio\\\/el-alumnado-de-primero-de-bachillerato-de-la-asignatura-de-economia-asiste-a-unas-jornadas-en-la-universidad-esic\\\/\"]}]},{\"@type\":\"ImageObject\",\"inLanguage\":\"es\",\"@id\":\"https:\\\/\\\/valenciasjb.salesianos.edu\\\/colegio\\\/el-alumnado-de-primero-de-bachillerato-de-la-asignatura-de-economia-asiste-a-unas-jornadas-en-la-universidad-esic\\\/#primaryimage\",\"url\":\"https:\\\/\\\/valenciasjb.salesianos.edu\\\/colegio\\\/wp-content\\\/uploads\\\/sites\\\/2\\\/2018\\\/02\\\/sketch-1519050911334.png\",\"contentUrl\":\"https:\\\/\\\/valenciasjb.salesianos.edu\\\/colegio\\\/wp-content\\\/uploads\\\/sites\\\/2\\\/2018\\\/02\\\/sketch-1519050911334.png\",\"width\":1280,\"height\":720},{\"@type\":\"BreadcrumbList\",\"@id\":\"https:\\\/\\\/valenciasjb.salesianos.edu\\\/colegio\\\/el-alumnado-de-primero-de-bachillerato-de-la-asignatura-de-economia-asiste-a-unas-jornadas-en-la-universidad-esic\\\/#breadcrumb\",\"itemListElement\":[{\"@type\":\"ListItem\",\"position\":1,\"name\":\"Portada\",\"item\":\"https:\\\/\\\/valenciasjb.salesianos.edu\\\/colegio\\\/\"},{\"@type\":\"ListItem\",\"position\":2,\"name\":\"El alumnado de primero de Bachillerato de la asignatura de Econom\u00eda asiste a unas jornadas en la universidad ESIC\"}]},{\"@type\":\"WebSite\",\"@id\":\"https:\\\/\\\/valenciasjb.salesianos.edu\\\/colegio\\\/#website\",\"url\":\"https:\\\/\\\/valenciasjb.salesianos.edu\\\/colegio\\\/\",\"name\":\"Colegio San Juan Bosco Valencia\",\"description\":\"P\u00e1gina oficial del Colegio Salesianos San Juan Bosco Valencia\",\"alternateName\":\"Salesianos.VSJB\",\"potentialAction\":[{\"@type\":\"SearchAction\",\"target\":{\"@type\":\"EntryPoint\",\"urlTemplate\":\"https:\\\/\\\/valenciasjb.salesianos.edu\\\/colegio\\\/?s={search_term_string}\"},\"query-input\":{\"@type\":\"PropertyValueSpecification\",\"valueRequired\":true,\"valueName\":\"search_term_string\"}}],\"inLanguage\":\"es\"},{\"@type\":\"Person\",\"@id\":\"https:\\\/\\\/valenciasjb.salesianos.edu\\\/colegio\\\/#\\\/schema\\\/person\\\/1f45b67e52b27da175190a574db6bed9\",\"name\":\"veronicapastor\",\"image\":{\"@type\":\"ImageObject\",\"inLanguage\":\"es\",\"@id\":\"https:\\\/\\\/secure.gravatar.com\\\/avatar\\\/e29bd40bace3fd935e1d6fdb7313ffc14628cc037c5e16f4c7369b20a2a6f7f0?s=96&d=mm&r=g\",\"url\":\"https:\\\/\\\/secure.gravatar.com\\\/avatar\\\/e29bd40bace3fd935e1d6fdb7313ffc14628cc037c5e16f4c7369b20a2a6f7f0?s=96&d=mm&r=g\",\"contentUrl\":\"https:\\\/\\\/secure.gravatar.com\\\/avatar\\\/e29bd40bace3fd935e1d6fdb7313ffc14628cc037c5e16f4c7369b20a2a6f7f0?s=96&d=mm&r=g\",\"caption\":\"veronicapastor\"}}]}<\/script>\n<!-- \/ Yoast SEO plugin. -->","yoast_head_json":{"title":"El alumnado de primero de Bachillerato de la asignatura de Econom\u00eda asiste a unas jornadas en la universidad ESIC - Colegio San Juan Bosco Valencia","robots":{"index":"index","follow":"follow","max-snippet":"max-snippet:-1","max-image-preview":"max-image-preview:large","max-video-preview":"max-video-preview:-1"},"canonical":"https:\/\/valenciasjb.salesianos.edu\/colegio\/el-alumnado-de-primero-de-bachillerato-de-la-asignatura-de-economia-asiste-a-unas-jornadas-en-la-universidad-esic\/","og_locale":"es_ES","og_type":"article","og_title":"El alumnado de primero de Bachillerato de la asignatura de Econom\u00eda asiste a unas jornadas en la universidad ESIC - Colegio San Juan Bosco Valencia","og_description":"Los alumnos de primero de Bachillerato que cursamos la asignatura de Econom\u00eda asistimos el pasado 8 de febrero por la ma\u00f1ana a ESIC, una universidad de marketing y negocios en Blasco Ib\u00e1\u00f1ez. Cr\u00f3nica de Aitana Malvar, alumna de 1\u00ba de Bachillerato. Salimos a las 9 del colegio y nos dirigimos a la universidad en autob\u00fas [&hellip;]","og_url":"https:\/\/valenciasjb.salesianos.edu\/colegio\/el-alumnado-de-primero-de-bachillerato-de-la-asignatura-de-economia-asiste-a-unas-jornadas-en-la-universidad-esic\/","og_site_name":"Colegio San Juan Bosco Valencia","article_publisher":"https:\/\/www.facebook.com\/ColegioSalesianoSanJuanBoscoValencia","article_published_time":"2018-02-19T14:51:09+00:00","article_modified_time":"2018-02-19T15:09:16+00:00","og_image":[{"width":1280,"height":720,"url":"https:\/\/valenciasjb.salesianos.edu\/colegio\/wp-content\/uploads\/sites\/2\/2018\/02\/sketch-1519050911334.png","type":"image\/png"}],"author":"veronicapastor","twitter_card":"summary_large_image","twitter_creator":"@SalesianosVSJB","twitter_site":"@SalesianosVSJB","twitter_misc":{"Escrito por":"veronicapastor","Tiempo de lectura":"2 minutos"},"schema":{"@context":"https:\/\/schema.org","@graph":[{"@type":"Article","@id":"https:\/\/valenciasjb.salesianos.edu\/colegio\/el-alumnado-de-primero-de-bachillerato-de-la-asignatura-de-economia-asiste-a-unas-jornadas-en-la-universidad-esic\/#article","isPartOf":{"@id":"https:\/\/valenciasjb.salesianos.edu\/colegio\/el-alumnado-de-primero-de-bachillerato-de-la-asignatura-de-economia-asiste-a-unas-jornadas-en-la-universidad-esic\/"},"author":{"name":"veronicapastor","@id":"https:\/\/valenciasjb.salesianos.edu\/colegio\/#\/schema\/person\/1f45b67e52b27da175190a574db6bed9"},"headline":"El alumnado de primero de Bachillerato de la asignatura de Econom\u00eda asiste a unas jornadas en la universidad ESIC","datePublished":"2018-02-19T14:51:09+00:00","dateModified":"2018-02-19T15:09:16+00:00","mainEntityOfPage":{"@id":"https:\/\/valenciasjb.salesianos.edu\/colegio\/el-alumnado-de-primero-de-bachillerato-de-la-asignatura-de-economia-asiste-a-unas-jornadas-en-la-universidad-esic\/"},"wordCount":396,"image":{"@id":"https:\/\/valenciasjb.salesianos.edu\/colegio\/el-alumnado-de-primero-de-bachillerato-de-la-asignatura-de-economia-asiste-a-unas-jornadas-en-la-universidad-esic\/#primaryimage"},"thumbnailUrl":"https:\/\/valenciasjb.salesianos.edu\/colegio\/wp-content\/uploads\/sites\/2\/2018\/02\/sketch-1519050911334.png","articleSection":["Noticia Colegio"],"inLanguage":"es"},{"@type":"WebPage","@id":"https:\/\/valenciasjb.salesianos.edu\/colegio\/el-alumnado-de-primero-de-bachillerato-de-la-asignatura-de-economia-asiste-a-unas-jornadas-en-la-universidad-esic\/","url":"https:\/\/valenciasjb.salesianos.edu\/colegio\/el-alumnado-de-primero-de-bachillerato-de-la-asignatura-de-economia-asiste-a-unas-jornadas-en-la-universidad-esic\/","name":"El alumnado de primero de Bachillerato de la asignatura de Econom\u00eda asiste a unas jornadas en la universidad ESIC - Colegio San Juan Bosco Valencia","isPartOf":{"@id":"https:\/\/valenciasjb.salesianos.edu\/colegio\/#website"},"primaryImageOfPage":{"@id":"https:\/\/valenciasjb.salesianos.edu\/colegio\/el-alumnado-de-primero-de-bachillerato-de-la-asignatura-de-economia-asiste-a-unas-jornadas-en-la-universidad-esic\/#primaryimage"},"image":{"@id":"https:\/\/valenciasjb.salesianos.edu\/colegio\/el-alumnado-de-primero-de-bachillerato-de-la-asignatura-de-economia-asiste-a-unas-jornadas-en-la-universidad-esic\/#primaryimage"},"thumbnailUrl":"https:\/\/valenciasjb.salesianos.edu\/colegio\/wp-content\/uploads\/sites\/2\/2018\/02\/sketch-1519050911334.png","datePublished":"2018-02-19T14:51:09+00:00","dateModified":"2018-02-19T15:09:16+00:00","author":{"@id":"https:\/\/valenciasjb.salesianos.edu\/colegio\/#\/schema\/person\/1f45b67e52b27da175190a574db6bed9"},"breadcrumb":{"@id":"https:\/\/valenciasjb.salesianos.edu\/colegio\/el-alumnado-de-primero-de-bachillerato-de-la-asignatura-de-economia-asiste-a-unas-jornadas-en-la-universidad-esic\/#breadcrumb"},"inLanguage":"es","potentialAction":[{"@type":"ReadAction","target":["https:\/\/valenciasjb.salesianos.edu\/colegio\/el-alumnado-de-primero-de-bachillerato-de-la-asignatura-de-economia-asiste-a-unas-jornadas-en-la-universidad-esic\/"]}]},{"@type":"ImageObject","inLanguage":"es","@id":"https:\/\/valenciasjb.salesianos.edu\/colegio\/el-alumnado-de-primero-de-bachillerato-de-la-asignatura-de-economia-asiste-a-unas-jornadas-en-la-universidad-esic\/#primaryimage","url":"https:\/\/valenciasjb.salesianos.edu\/colegio\/wp-content\/uploads\/sites\/2\/2018\/02\/sketch-1519050911334.png","contentUrl":"https:\/\/valenciasjb.salesianos.edu\/colegio\/wp-content\/uploads\/sites\/2\/2018\/02\/sketch-1519050911334.png","width":1280,"height":720},{"@type":"BreadcrumbList","@id":"https:\/\/valenciasjb.salesianos.edu\/colegio\/el-alumnado-de-primero-de-bachillerato-de-la-asignatura-de-economia-asiste-a-unas-jornadas-en-la-universidad-esic\/#breadcrumb","itemListElement":[{"@type":"ListItem","position":1,"name":"Portada","item":"https:\/\/valenciasjb.salesianos.edu\/colegio\/"},{"@type":"ListItem","position":2,"name":"El alumnado de primero de Bachillerato de la asignatura de Econom\u00eda asiste a unas jornadas en la universidad ESIC"}]},{"@type":"WebSite","@id":"https:\/\/valenciasjb.salesianos.edu\/colegio\/#website","url":"https:\/\/valenciasjb.salesianos.edu\/colegio\/","name":"Colegio San Juan Bosco Valencia","description":"P\u00e1gina oficial del Colegio Salesianos San Juan Bosco Valencia","alternateName":"Salesianos.VSJB","potentialAction":[{"@type":"SearchAction","target":{"@type":"EntryPoint","urlTemplate":"https:\/\/valenciasjb.salesianos.edu\/colegio\/?s={search_term_string}"},"query-input":{"@type":"PropertyValueSpecification","valueRequired":true,"valueName":"search_term_string"}}],"inLanguage":"es"},{"@type":"Person","@id":"https:\/\/valenciasjb.salesianos.edu\/colegio\/#\/schema\/person\/1f45b67e52b27da175190a574db6bed9","name":"veronicapastor","image":{"@type":"ImageObject","inLanguage":"es","@id":"https:\/\/secure.gravatar.com\/avatar\/e29bd40bace3fd935e1d6fdb7313ffc14628cc037c5e16f4c7369b20a2a6f7f0?s=96&d=mm&r=g","url":"https:\/\/secure.gravatar.com\/avatar\/e29bd40bace3fd935e1d6fdb7313ffc14628cc037c5e16f4c7369b20a2a6f7f0?s=96&d=mm&r=g","contentUrl":"https:\/\/secure.gravatar.com\/avatar\/e29bd40bace3fd935e1d6fdb7313ffc14628cc037c5e16f4c7369b20a2a6f7f0?s=96&d=mm&r=g","caption":"veronicapastor"}}]}},"_links":{"self":[{"href":"https:\/\/valenciasjb.salesianos.edu\/colegio\/wp-json\/wp\/v2\/posts\/8316","targetHints":{"allow":["GET"]}}],"collection":[{"href":"https:\/\/valenciasjb.salesianos.edu\/colegio\/wp-json\/wp\/v2\/posts"}],"about":[{"href":"https:\/\/valenciasjb.salesianos.edu\/colegio\/wp-json\/wp\/v2\/types\/post"}],"author":[{"embeddable":true,"href":"https:\/\/valenciasjb.salesianos.edu\/colegio\/wp-json\/wp\/v2\/users\/6"}],"replies":[{"embeddable":true,"href":"https:\/\/valenciasjb.salesianos.edu\/colegio\/wp-json\/wp\/v2\/comments?post=8316"}],"version-history":[{"count":3,"href":"https:\/\/valenciasjb.salesianos.edu\/colegio\/wp-json\/wp\/v2\/posts\/8316\/revisions"}],"predecessor-version":[{"id":8319,"href":"https:\/\/valenciasjb.salesianos.edu\/colegio\/wp-json\/wp\/v2\/posts\/8316\/revisions\/8319"}],"wp:featuredmedia":[{"embeddable":true,"href":"https:\/\/valenciasjb.salesianos.edu\/colegio\/wp-json\/wp\/v2\/media\/8317"}],"wp:attachment":[{"href":"https:\/\/valenciasjb.salesianos.edu\/colegio\/wp-json\/wp\/v2\/media?parent=8316"}],"wp:term":[{"taxonomy":"category","embeddable":true,"href":"https:\/\/valenciasjb.salesianos.edu\/colegio\/wp-json\/wp\/v2\/categories?post=8316"},{"taxonomy":"post_tag","embeddable":true,"href":"https:\/\/valenciasjb.salesianos.edu\/colegio\/wp-json\/wp\/v2\/tags?post=8316"}],"curies":[{"name":"wp","href":"https:\/\/api.w.org\/{rel}","templated":true}]}}