{"id":8341,"date":"2018-02-19T22:10:52","date_gmt":"2018-02-19T21:10:52","guid":{"rendered":"https:\/\/valenciasjb.salesianos.edu\/colegio\/?p=8341"},"modified":"2018-02-19T22:12:24","modified_gmt":"2018-02-19T21:12:24","slug":"profesorado-de-primaria-y-secundaria-participa-en-el-simposio-internacional-imat-2018","status":"publish","type":"post","link":"https:\/\/valenciasjb.salesianos.edu\/colegio\/profesorado-de-primaria-y-secundaria-participa-en-el-simposio-internacional-imat-2018\/","title":{"rendered":"Profesorado de Primaria y Secundaria participa en el Simposio Internacional IMAT 2018"},"content":{"rendered":"<div id=\"fb-root\"><\/div>\n<p>[et_pb_section bb_built=\u00bb1&#8243; admin_label=\u00bbsection\u00bb][et_pb_row admin_label=\u00bbrow\u00bb background_position=\u00bbtop_left\u00bb background_repeat=\u00bbrepeat\u00bb background_size=\u00bbinitial\u00bb][et_pb_column type=\u00bb4_4&#8243;][et_pb_text admin_label=\u00bbEntradilla (Texto)\u00bb _builder_version=\u00bb3.0.95&#8243; background_layout=\u00bblight\u00bb text_orientation=\u00bbjustified\u00bb text_font=\u00bb|on|||\u00bb module_alignment=\u00bbleft\u00bb]<\/p>\n<div id=\"resumen\"><strong>El\u00a0Simposio Internacional IMAT 2018, que tendr\u00e1 lugar el 1 y 2 de marzo en el Hotel Westin de Valencia,\u00a0apuesta por la innovaci\u00f3n junto con los retos y desaf\u00edos que plantea el nuevo escenario, econ\u00f3mico, social, pol\u00edtico y tecnol\u00f3gico. Poniendo como\u00a0punto de partida la innovaci\u00f3n educativa\u00a0como estrategia de la competitividad de un pa\u00eds en sus diferentes sectores productivos.<br \/>\n<\/strong><\/div>\n<div><\/div>\n<p>[\/et_pb_text][et_pb_text admin_label=\u00bbAutor (Texto)\u00bb _builder_version=\u00bb3.0.85&#8243; background_layout=\u00bblight\u00bb text_font=\u00bb||on||\u00bb]<\/p>\n<p>Redacci\u00f3n<\/p>\n<p>[\/et_pb_text][et_pb_text admin_label=\u00bbDesarrollo (Texto)\u00bb _builder_version=\u00bb3.0.95&#8243; background_layout=\u00bblight\u00bb text_orientation=\u00bbjustified\u00bb module_alignment=\u00bbleft\u00bb]<\/p>\n<p>Dos representantes del colegio participan en este Simposio con experiencias innovadoras de nuestras aulas. Carlos G\u00f3mez, como coordinador de la comisi\u00f3n de Educaci\u00f3n para la Transformaci\u00f3n Social del colegio presentar\u00e1 el\u00a0Programa AULA-MUNDO, que pretende ofrecer las claves para comprometerse por una educaci\u00f3n para la transformaci\u00f3n social.<\/p>\n<p>Partiendo del an\u00e1lisis, reflexi\u00f3n y conclusiones de la puesta en marcha de distintas experiencias de EpD en el centro escolar (especialmente el proyecto WILLKA), se inicia este Programa que desarrolla y justifica la integraci\u00f3n curricular, discursiva y metodol\u00f3gica de la EpTS a trav\u00e9s de un itinerario de implementaci\u00f3n. Un itinerario que parte de la necesaria pr\u00e1ctica reflexiva del profesorado y contin\u00faa con la implementaci\u00f3n en toda la pr\u00e1ctica docente.<\/p>\n<p>Asimismo, Ricard Soler, encargado del Boscohuerto, presentar\u00e1 el proyecto Aquaponia, un sistema creado por el ser humano en el que se optimizan los nutrientes introducidos. Su objetivo es reproducir un ecosistema natural favoreciendo los procesos biol\u00f3gicos que se dar\u00edan en medios acu\u00e1ticos como r\u00edos o lagunas con la intenci\u00f3n de reciclar los nutrientes y criar peces y otros animales, adem\u00e1s de cultivar plantas hort\u00edcolas. Consta b\u00e1sicamente de diferentes elementos vivos, espacios y m\u00e1quinas.<\/p>\n<p>Un claro ejemplo de c\u00f3mo los docentes del colegio apuestan por la innovaci\u00f3n en sus aulas y por compartir conocimientos. \u00a1Enhorabuena!<\/p>\n<p>[\/et_pb_text][et_pb_text admin_label=\u00bbT\u00edtulo: Galer\u00eda de fotos (Texto)\u00bb _builder_version=\u00bb3.0.76&#8243; background_layout=\u00bblight\u00bb text_font=\u00bb|on|||\u00bb text_text_color=\u00bb#dc001b\u00bb border_style=\u00bbsolid\u00bb disabled=\u00bboff\u00bb disabled_on=\u00bboff|on|on\u00bb]<\/p>\n<p>Galer\u00eda de im\u00e1genes<\/p>\n<p>[\/et_pb_text][et_pb_gallery _builder_version=\u00bb3.0.95&#8243; posts_number=\u00bb8&#8243; show_title_and_caption=\u00bboff\u00bb show_pagination=\u00bbon\u00bb fullwidth=\u00bboff\u00bb orientation=\u00bblandscape\u00bb zoom_icon_color=\u00bb#dc001b\u00bb hover_overlay_color=\u00bbrgba(255,255,255,0.9)\u00bb hover_icon=\u00bb%%51%%\u00bb background_layout=\u00bblight\u00bb disabled=\u00bboff\u00bb disabled_on=\u00bboff|off|off\u00bb gallery_ids=\u00bb8342&#8243; pagination_font_size_tablet=\u00bb51&#8243; pagination_line_height_tablet=\u00bb2&#8243; \/][et_pb_video _builder_version=\u00bb3.0.51&#8243; disabled=\u00bbon\u00bb disabled_on=\u00bbon|on|on\u00bb \/][\/et_pb_column][\/et_pb_row][\/et_pb_section]<\/p>\n<!-- AddThis Advanced Settings generic via filter on the_content --><!-- AddThis Share Buttons generic via filter on the_content -->","protected":false},"excerpt":{"rendered":"<p>El\u00a0Simposio Internacional IMAT 2018, que tendr\u00e1 lugar el 1 y 2 de marzo en el Hotel Westin de Valencia,\u00a0apuesta por la innovaci\u00f3n junto con los retos y desaf\u00edos que plantea el nuevo escenario, econ\u00f3mico, social, pol\u00edtico y tecnol\u00f3gico. Poniendo como\u00a0punto de partida la innovaci\u00f3n educativa\u00a0como estrategia de la competitividad de un pa\u00eds en sus diferentes [&hellip;]<\/p>\n<p><!-- AddThis Advanced Settings generic via filter on get_the_excerpt --><!-- AddThis Share Buttons generic via filter on get_the_excerpt --><\/p>\n","protected":false},"author":6,"featured_media":8342,"comment_status":"closed","ping_status":"open","sticky":false,"template":"","format":"standard","meta":{"_et_pb_use_builder":"on","_et_pb_old_content":"","_et_gb_content_width":"","footnotes":""},"categories":[14],"tags":[],"class_list":["post-8341","post","type-post","status-publish","format-standard","has-post-thumbnail","hentry","category-noticia_colegio"],"yoast_head":"<!-- This site is optimized with the Yoast SEO plugin v28.4 - https:\/\/yoast.com\/product\/yoast-seo-wordpress\/ -->\n<title>Profesorado de Primaria y Secundaria participa en el Simposio Internacional IMAT 2018 - Colegio San Juan Bosco Valencia<\/title>\n<meta name=\"robots\" content=\"index, follow, max-snippet:-1, max-image-preview:large, max-video-preview:-1\" \/>\n<link rel=\"canonical\" href=\"https:\/\/valenciasjb.salesianos.edu\/colegio\/profesorado-de-primaria-y-secundaria-participa-en-el-simposio-internacional-imat-2018\/\" \/>\n<meta property=\"og:locale\" content=\"es_ES\" \/>\n<meta property=\"og:type\" content=\"article\" \/>\n<meta property=\"og:title\" content=\"Profesorado de Primaria y Secundaria participa en el Simposio Internacional IMAT 2018 - Colegio San Juan Bosco Valencia\" \/>\n<meta property=\"og:description\" content=\"El\u00a0Simposio Internacional IMAT 2018, que tendr\u00e1 lugar el 1 y 2 de marzo en el Hotel Westin de Valencia,\u00a0apuesta por la innovaci\u00f3n junto con los retos y desaf\u00edos que plantea el nuevo escenario, econ\u00f3mico, social, pol\u00edtico y tecnol\u00f3gico. Poniendo como\u00a0punto de partida la innovaci\u00f3n educativa\u00a0como estrategia de la competitividad de un pa\u00eds en sus diferentes [&hellip;]\" \/>\n<meta property=\"og:url\" content=\"https:\/\/valenciasjb.salesianos.edu\/colegio\/profesorado-de-primaria-y-secundaria-participa-en-el-simposio-internacional-imat-2018\/\" \/>\n<meta property=\"og:site_name\" content=\"Colegio San Juan Bosco Valencia\" \/>\n<meta property=\"article:publisher\" content=\"https:\/\/www.facebook.com\/ColegioSalesianoSanJuanBoscoValencia\" \/>\n<meta property=\"article:published_time\" content=\"2018-02-19T21:10:52+00:00\" \/>\n<meta property=\"article:modified_time\" content=\"2018-02-19T21:12:24+00:00\" \/>\n<meta property=\"og:image\" content=\"https:\/\/valenciasjb.salesianos.edu\/colegio\/wp-content\/uploads\/sites\/2\/2018\/02\/IMG_20180219_151422-1024x768.jpg\" \/>\n\t<meta property=\"og:image:width\" content=\"1024\" \/>\n\t<meta property=\"og:image:height\" content=\"768\" \/>\n\t<meta property=\"og:image:type\" content=\"image\/jpeg\" \/>\n<meta name=\"author\" content=\"veronicapastor\" \/>\n<meta name=\"twitter:card\" content=\"summary_large_image\" \/>\n<meta name=\"twitter:creator\" content=\"@SalesianosVSJB\" \/>\n<meta name=\"twitter:site\" content=\"@SalesianosVSJB\" \/>\n<meta name=\"twitter:label1\" content=\"Escrito por\" \/>\n\t<meta name=\"twitter:data1\" content=\"veronicapastor\" \/>\n\t<meta name=\"twitter:label2\" content=\"Tiempo de lectura\" \/>\n\t<meta name=\"twitter:data2\" content=\"3 minutos\" \/>\n<script type=\"application\/ld+json\" class=\"yoast-schema-graph\">{\"@context\":\"https:\\\/\\\/schema.org\",\"@graph\":[{\"@type\":\"Article\",\"@id\":\"https:\\\/\\\/valenciasjb.salesianos.edu\\\/colegio\\\/profesorado-de-primaria-y-secundaria-participa-en-el-simposio-internacional-imat-2018\\\/#article\",\"isPartOf\":{\"@id\":\"https:\\\/\\\/valenciasjb.salesianos.edu\\\/colegio\\\/profesorado-de-primaria-y-secundaria-participa-en-el-simposio-internacional-imat-2018\\\/\"},\"author\":{\"name\":\"veronicapastor\",\"@id\":\"https:\\\/\\\/valenciasjb.salesianos.edu\\\/colegio\\\/#\\\/schema\\\/person\\\/1f45b67e52b27da175190a574db6bed9\"},\"headline\":\"Profesorado de Primaria y Secundaria participa en el Simposio Internacional IMAT 2018\",\"datePublished\":\"2018-02-19T21:10:52+00:00\",\"dateModified\":\"2018-02-19T21:12:24+00:00\",\"mainEntityOfPage\":{\"@id\":\"https:\\\/\\\/valenciasjb.salesianos.edu\\\/colegio\\\/profesorado-de-primaria-y-secundaria-participa-en-el-simposio-internacional-imat-2018\\\/\"},\"wordCount\":520,\"image\":{\"@id\":\"https:\\\/\\\/valenciasjb.salesianos.edu\\\/colegio\\\/profesorado-de-primaria-y-secundaria-participa-en-el-simposio-internacional-imat-2018\\\/#primaryimage\"},\"thumbnailUrl\":\"https:\\\/\\\/valenciasjb.salesianos.edu\\\/colegio\\\/wp-content\\\/uploads\\\/sites\\\/2\\\/2018\\\/02\\\/IMG_20180219_151422.jpg\",\"articleSection\":[\"Noticia Colegio\"],\"inLanguage\":\"es\"},{\"@type\":\"WebPage\",\"@id\":\"https:\\\/\\\/valenciasjb.salesianos.edu\\\/colegio\\\/profesorado-de-primaria-y-secundaria-participa-en-el-simposio-internacional-imat-2018\\\/\",\"url\":\"https:\\\/\\\/valenciasjb.salesianos.edu\\\/colegio\\\/profesorado-de-primaria-y-secundaria-participa-en-el-simposio-internacional-imat-2018\\\/\",\"name\":\"Profesorado de Primaria y Secundaria participa en el Simposio Internacional IMAT 2018 - Colegio San Juan Bosco Valencia\",\"isPartOf\":{\"@id\":\"https:\\\/\\\/valenciasjb.salesianos.edu\\\/colegio\\\/#website\"},\"primaryImageOfPage\":{\"@id\":\"https:\\\/\\\/valenciasjb.salesianos.edu\\\/colegio\\\/profesorado-de-primaria-y-secundaria-participa-en-el-simposio-internacional-imat-2018\\\/#primaryimage\"},\"image\":{\"@id\":\"https:\\\/\\\/valenciasjb.salesianos.edu\\\/colegio\\\/profesorado-de-primaria-y-secundaria-participa-en-el-simposio-internacional-imat-2018\\\/#primaryimage\"},\"thumbnailUrl\":\"https:\\\/\\\/valenciasjb.salesianos.edu\\\/colegio\\\/wp-content\\\/uploads\\\/sites\\\/2\\\/2018\\\/02\\\/IMG_20180219_151422.jpg\",\"datePublished\":\"2018-02-19T21:10:52+00:00\",\"dateModified\":\"2018-02-19T21:12:24+00:00\",\"author\":{\"@id\":\"https:\\\/\\\/valenciasjb.salesianos.edu\\\/colegio\\\/#\\\/schema\\\/person\\\/1f45b67e52b27da175190a574db6bed9\"},\"breadcrumb\":{\"@id\":\"https:\\\/\\\/valenciasjb.salesianos.edu\\\/colegio\\\/profesorado-de-primaria-y-secundaria-participa-en-el-simposio-internacional-imat-2018\\\/#breadcrumb\"},\"inLanguage\":\"es\",\"potentialAction\":[{\"@type\":\"ReadAction\",\"target\":[\"https:\\\/\\\/valenciasjb.salesianos.edu\\\/colegio\\\/profesorado-de-primaria-y-secundaria-participa-en-el-simposio-internacional-imat-2018\\\/\"]}]},{\"@type\":\"ImageObject\",\"inLanguage\":\"es\",\"@id\":\"https:\\\/\\\/valenciasjb.salesianos.edu\\\/colegio\\\/profesorado-de-primaria-y-secundaria-participa-en-el-simposio-internacional-imat-2018\\\/#primaryimage\",\"url\":\"https:\\\/\\\/valenciasjb.salesianos.edu\\\/colegio\\\/wp-content\\\/uploads\\\/sites\\\/2\\\/2018\\\/02\\\/IMG_20180219_151422.jpg\",\"contentUrl\":\"https:\\\/\\\/valenciasjb.salesianos.edu\\\/colegio\\\/wp-content\\\/uploads\\\/sites\\\/2\\\/2018\\\/02\\\/IMG_20180219_151422.jpg\",\"width\":5120,\"height\":3840,\"caption\":\"cof\"},{\"@type\":\"BreadcrumbList\",\"@id\":\"https:\\\/\\\/valenciasjb.salesianos.edu\\\/colegio\\\/profesorado-de-primaria-y-secundaria-participa-en-el-simposio-internacional-imat-2018\\\/#breadcrumb\",\"itemListElement\":[{\"@type\":\"ListItem\",\"position\":1,\"name\":\"Portada\",\"item\":\"https:\\\/\\\/valenciasjb.salesianos.edu\\\/colegio\\\/\"},{\"@type\":\"ListItem\",\"position\":2,\"name\":\"Profesorado de Primaria y Secundaria participa en el Simposio Internacional IMAT 2018\"}]},{\"@type\":\"WebSite\",\"@id\":\"https:\\\/\\\/valenciasjb.salesianos.edu\\\/colegio\\\/#website\",\"url\":\"https:\\\/\\\/valenciasjb.salesianos.edu\\\/colegio\\\/\",\"name\":\"Colegio San Juan Bosco Valencia\",\"description\":\"P\u00e1gina oficial del Colegio Salesianos San Juan Bosco Valencia\",\"alternateName\":\"Salesianos.VSJB\",\"potentialAction\":[{\"@type\":\"SearchAction\",\"target\":{\"@type\":\"EntryPoint\",\"urlTemplate\":\"https:\\\/\\\/valenciasjb.salesianos.edu\\\/colegio\\\/?s={search_term_string}\"},\"query-input\":{\"@type\":\"PropertyValueSpecification\",\"valueRequired\":true,\"valueName\":\"search_term_string\"}}],\"inLanguage\":\"es\"},{\"@type\":\"Person\",\"@id\":\"https:\\\/\\\/valenciasjb.salesianos.edu\\\/colegio\\\/#\\\/schema\\\/person\\\/1f45b67e52b27da175190a574db6bed9\",\"name\":\"veronicapastor\",\"image\":{\"@type\":\"ImageObject\",\"inLanguage\":\"es\",\"@id\":\"https:\\\/\\\/secure.gravatar.com\\\/avatar\\\/e29bd40bace3fd935e1d6fdb7313ffc14628cc037c5e16f4c7369b20a2a6f7f0?s=96&d=mm&r=g\",\"url\":\"https:\\\/\\\/secure.gravatar.com\\\/avatar\\\/e29bd40bace3fd935e1d6fdb7313ffc14628cc037c5e16f4c7369b20a2a6f7f0?s=96&d=mm&r=g\",\"contentUrl\":\"https:\\\/\\\/secure.gravatar.com\\\/avatar\\\/e29bd40bace3fd935e1d6fdb7313ffc14628cc037c5e16f4c7369b20a2a6f7f0?s=96&d=mm&r=g\",\"caption\":\"veronicapastor\"}}]}<\/script>\n<!-- \/ Yoast SEO plugin. -->","yoast_head_json":{"title":"Profesorado de Primaria y Secundaria participa en el Simposio Internacional IMAT 2018 - Colegio San Juan Bosco Valencia","robots":{"index":"index","follow":"follow","max-snippet":"max-snippet:-1","max-image-preview":"max-image-preview:large","max-video-preview":"max-video-preview:-1"},"canonical":"https:\/\/valenciasjb.salesianos.edu\/colegio\/profesorado-de-primaria-y-secundaria-participa-en-el-simposio-internacional-imat-2018\/","og_locale":"es_ES","og_type":"article","og_title":"Profesorado de Primaria y Secundaria participa en el Simposio Internacional IMAT 2018 - Colegio San Juan Bosco Valencia","og_description":"El\u00a0Simposio Internacional IMAT 2018, que tendr\u00e1 lugar el 1 y 2 de marzo en el Hotel Westin de Valencia,\u00a0apuesta por la innovaci\u00f3n junto con los retos y desaf\u00edos que plantea el nuevo escenario, econ\u00f3mico, social, pol\u00edtico y tecnol\u00f3gico. Poniendo como\u00a0punto de partida la innovaci\u00f3n educativa\u00a0como estrategia de la competitividad de un pa\u00eds en sus diferentes [&hellip;]","og_url":"https:\/\/valenciasjb.salesianos.edu\/colegio\/profesorado-de-primaria-y-secundaria-participa-en-el-simposio-internacional-imat-2018\/","og_site_name":"Colegio San Juan Bosco Valencia","article_publisher":"https:\/\/www.facebook.com\/ColegioSalesianoSanJuanBoscoValencia","article_published_time":"2018-02-19T21:10:52+00:00","article_modified_time":"2018-02-19T21:12:24+00:00","og_image":[{"width":1024,"height":768,"url":"https:\/\/valenciasjb.salesianos.edu\/colegio\/wp-content\/uploads\/sites\/2\/2018\/02\/IMG_20180219_151422-1024x768.jpg","type":"image\/jpeg"}],"author":"veronicapastor","twitter_card":"summary_large_image","twitter_creator":"@SalesianosVSJB","twitter_site":"@SalesianosVSJB","twitter_misc":{"Escrito por":"veronicapastor","Tiempo de lectura":"3 minutos"},"schema":{"@context":"https:\/\/schema.org","@graph":[{"@type":"Article","@id":"https:\/\/valenciasjb.salesianos.edu\/colegio\/profesorado-de-primaria-y-secundaria-participa-en-el-simposio-internacional-imat-2018\/#article","isPartOf":{"@id":"https:\/\/valenciasjb.salesianos.edu\/colegio\/profesorado-de-primaria-y-secundaria-participa-en-el-simposio-internacional-imat-2018\/"},"author":{"name":"veronicapastor","@id":"https:\/\/valenciasjb.salesianos.edu\/colegio\/#\/schema\/person\/1f45b67e52b27da175190a574db6bed9"},"headline":"Profesorado de Primaria y Secundaria participa en el Simposio Internacional IMAT 2018","datePublished":"2018-02-19T21:10:52+00:00","dateModified":"2018-02-19T21:12:24+00:00","mainEntityOfPage":{"@id":"https:\/\/valenciasjb.salesianos.edu\/colegio\/profesorado-de-primaria-y-secundaria-participa-en-el-simposio-internacional-imat-2018\/"},"wordCount":520,"image":{"@id":"https:\/\/valenciasjb.salesianos.edu\/colegio\/profesorado-de-primaria-y-secundaria-participa-en-el-simposio-internacional-imat-2018\/#primaryimage"},"thumbnailUrl":"https:\/\/valenciasjb.salesianos.edu\/colegio\/wp-content\/uploads\/sites\/2\/2018\/02\/IMG_20180219_151422.jpg","articleSection":["Noticia Colegio"],"inLanguage":"es"},{"@type":"WebPage","@id":"https:\/\/valenciasjb.salesianos.edu\/colegio\/profesorado-de-primaria-y-secundaria-participa-en-el-simposio-internacional-imat-2018\/","url":"https:\/\/valenciasjb.salesianos.edu\/colegio\/profesorado-de-primaria-y-secundaria-participa-en-el-simposio-internacional-imat-2018\/","name":"Profesorado de Primaria y Secundaria participa en el Simposio Internacional IMAT 2018 - Colegio San Juan Bosco Valencia","isPartOf":{"@id":"https:\/\/valenciasjb.salesianos.edu\/colegio\/#website"},"primaryImageOfPage":{"@id":"https:\/\/valenciasjb.salesianos.edu\/colegio\/profesorado-de-primaria-y-secundaria-participa-en-el-simposio-internacional-imat-2018\/#primaryimage"},"image":{"@id":"https:\/\/valenciasjb.salesianos.edu\/colegio\/profesorado-de-primaria-y-secundaria-participa-en-el-simposio-internacional-imat-2018\/#primaryimage"},"thumbnailUrl":"https:\/\/valenciasjb.salesianos.edu\/colegio\/wp-content\/uploads\/sites\/2\/2018\/02\/IMG_20180219_151422.jpg","datePublished":"2018-02-19T21:10:52+00:00","dateModified":"2018-02-19T21:12:24+00:00","author":{"@id":"https:\/\/valenciasjb.salesianos.edu\/colegio\/#\/schema\/person\/1f45b67e52b27da175190a574db6bed9"},"breadcrumb":{"@id":"https:\/\/valenciasjb.salesianos.edu\/colegio\/profesorado-de-primaria-y-secundaria-participa-en-el-simposio-internacional-imat-2018\/#breadcrumb"},"inLanguage":"es","potentialAction":[{"@type":"ReadAction","target":["https:\/\/valenciasjb.salesianos.edu\/colegio\/profesorado-de-primaria-y-secundaria-participa-en-el-simposio-internacional-imat-2018\/"]}]},{"@type":"ImageObject","inLanguage":"es","@id":"https:\/\/valenciasjb.salesianos.edu\/colegio\/profesorado-de-primaria-y-secundaria-participa-en-el-simposio-internacional-imat-2018\/#primaryimage","url":"https:\/\/valenciasjb.salesianos.edu\/colegio\/wp-content\/uploads\/sites\/2\/2018\/02\/IMG_20180219_151422.jpg","contentUrl":"https:\/\/valenciasjb.salesianos.edu\/colegio\/wp-content\/uploads\/sites\/2\/2018\/02\/IMG_20180219_151422.jpg","width":5120,"height":3840,"caption":"cof"},{"@type":"BreadcrumbList","@id":"https:\/\/valenciasjb.salesianos.edu\/colegio\/profesorado-de-primaria-y-secundaria-participa-en-el-simposio-internacional-imat-2018\/#breadcrumb","itemListElement":[{"@type":"ListItem","position":1,"name":"Portada","item":"https:\/\/valenciasjb.salesianos.edu\/colegio\/"},{"@type":"ListItem","position":2,"name":"Profesorado de Primaria y Secundaria participa en el Simposio Internacional IMAT 2018"}]},{"@type":"WebSite","@id":"https:\/\/valenciasjb.salesianos.edu\/colegio\/#website","url":"https:\/\/valenciasjb.salesianos.edu\/colegio\/","name":"Colegio San Juan Bosco Valencia","description":"P\u00e1gina oficial del Colegio Salesianos San Juan Bosco Valencia","alternateName":"Salesianos.VSJB","potentialAction":[{"@type":"SearchAction","target":{"@type":"EntryPoint","urlTemplate":"https:\/\/valenciasjb.salesianos.edu\/colegio\/?s={search_term_string}"},"query-input":{"@type":"PropertyValueSpecification","valueRequired":true,"valueName":"search_term_string"}}],"inLanguage":"es"},{"@type":"Person","@id":"https:\/\/valenciasjb.salesianos.edu\/colegio\/#\/schema\/person\/1f45b67e52b27da175190a574db6bed9","name":"veronicapastor","image":{"@type":"ImageObject","inLanguage":"es","@id":"https:\/\/secure.gravatar.com\/avatar\/e29bd40bace3fd935e1d6fdb7313ffc14628cc037c5e16f4c7369b20a2a6f7f0?s=96&d=mm&r=g","url":"https:\/\/secure.gravatar.com\/avatar\/e29bd40bace3fd935e1d6fdb7313ffc14628cc037c5e16f4c7369b20a2a6f7f0?s=96&d=mm&r=g","contentUrl":"https:\/\/secure.gravatar.com\/avatar\/e29bd40bace3fd935e1d6fdb7313ffc14628cc037c5e16f4c7369b20a2a6f7f0?s=96&d=mm&r=g","caption":"veronicapastor"}}]}},"_links":{"self":[{"href":"https:\/\/valenciasjb.salesianos.edu\/colegio\/wp-json\/wp\/v2\/posts\/8341","targetHints":{"allow":["GET"]}}],"collection":[{"href":"https:\/\/valenciasjb.salesianos.edu\/colegio\/wp-json\/wp\/v2\/posts"}],"about":[{"href":"https:\/\/valenciasjb.salesianos.edu\/colegio\/wp-json\/wp\/v2\/types\/post"}],"author":[{"embeddable":true,"href":"https:\/\/valenciasjb.salesianos.edu\/colegio\/wp-json\/wp\/v2\/users\/6"}],"replies":[{"embeddable":true,"href":"https:\/\/valenciasjb.salesianos.edu\/colegio\/wp-json\/wp\/v2\/comments?post=8341"}],"version-history":[{"count":1,"href":"https:\/\/valenciasjb.salesianos.edu\/colegio\/wp-json\/wp\/v2\/posts\/8341\/revisions"}],"predecessor-version":[{"id":8343,"href":"https:\/\/valenciasjb.salesianos.edu\/colegio\/wp-json\/wp\/v2\/posts\/8341\/revisions\/8343"}],"wp:featuredmedia":[{"embeddable":true,"href":"https:\/\/valenciasjb.salesianos.edu\/colegio\/wp-json\/wp\/v2\/media\/8342"}],"wp:attachment":[{"href":"https:\/\/valenciasjb.salesianos.edu\/colegio\/wp-json\/wp\/v2\/media?parent=8341"}],"wp:term":[{"taxonomy":"category","embeddable":true,"href":"https:\/\/valenciasjb.salesianos.edu\/colegio\/wp-json\/wp\/v2\/categories?post=8341"},{"taxonomy":"post_tag","embeddable":true,"href":"https:\/\/valenciasjb.salesianos.edu\/colegio\/wp-json\/wp\/v2\/tags?post=8341"}],"curies":[{"name":"wp","href":"https:\/\/api.w.org\/{rel}","templated":true}]}}