{"id":8420,"date":"2018-02-21T22:57:59","date_gmt":"2018-02-21T21:57:59","guid":{"rendered":"https:\/\/valenciasjb.salesianos.edu\/colegio\/?p=8420"},"modified":"2018-02-21T23:04:56","modified_gmt":"2018-02-21T22:04:56","slug":"el-musical-solidario-godspell-en-los-medios","status":"publish","type":"post","link":"https:\/\/valenciasjb.salesianos.edu\/colegio\/el-musical-solidario-godspell-en-los-medios\/","title":{"rendered":"El Musical Solidario Godspell en los medios"},"content":{"rendered":"<div id=\"fb-root\"><\/div>\n<p>[et_pb_section bb_built=\u00bb1&#8243; admin_label=\u00bbsection\u00bb][et_pb_row admin_label=\u00bbrow\u00bb background_position=\u00bbtop_left\u00bb background_repeat=\u00bbrepeat\u00bb background_size=\u00bbinitial\u00bb][et_pb_column type=\u00bb4_4&#8243;][et_pb_text admin_label=\u00bbEntradilla (Texto)\u00bb _builder_version=\u00bb3.0.95&#8243; background_layout=\u00bblight\u00bb text_orientation=\u00bbjustified\u00bb text_font=\u00bb|on|||\u00bb module_alignment=\u00bbleft\u00bb]<\/p>\n<div id=\"resumen\"><b>El Musical Solidario Godspell\u00a0<\/b>\u00a0ser\u00e1 el protagonista el viernes 23 de febrero, de 12:20 a 14 horas, del programa \u00abHoy por Hoy. Locos por Valencia\u00bb, que se retransmite a trav\u00e9s de Radio Valencia 100.4 FM, Radio Valencia 1179 OM y tambi\u00e9n a trav\u00e9s de la web\u00a0<a href=\"http:\/\/www.radiovalencia.es\/\" target=\"_blank\" rel=\"noopener\">www.radiovalencia.es<\/a>\u00a0y la app Cadena ser. Adem\u00e1s de la retransmisi\u00f3n por la radio, el programa se emitir\u00e1 en streaming en esta misma p\u00e1gina web.<\/div>\n<div>Asimismo, el estreno de Godspell, el mismo viernes 23, a las 22 horas, contar\u00e1 con una transmisi\u00f3n en directo a trav\u00e9s del canal de YouTube de Radio Bosco TV:\u00a0<a href=\"https:\/\/www.youtube.com\/channel\/UC-OyN31DYsHblm-uxl4lIng\">https:\/\/www.youtube.com\/channel\/UC-OyN31DYsHblm-uxl4lIng<\/a><\/div>\n<p>[\/et_pb_text][et_pb_text admin_label=\u00bbAutor (Texto)\u00bb _builder_version=\u00bb3.0.85&#8243; background_layout=\u00bblight\u00bb text_font=\u00bb||on||\u00bb]<\/p>\n<p>Redacci\u00f3n<\/p>\n<p>[\/et_pb_text][et_pb_text admin_label=\u00bbDesarrollo (Texto)\u00bb _builder_version=\u00bb3.0.95&#8243; background_layout=\u00bblight\u00bb text_orientation=\u00bbjustified\u00bb module_alignment=\u00bbleft\u00bb]<\/p>\n<div class=\"\">\n<div><img loading=\"lazy\" decoding=\"async\" class=\"alignnone wp-image-8431\" src=\"https:\/\/valenciasjb.salesianos.edu\/colegio\/wp-content\/uploads\/sites\/2\/2018\/02\/cartel-godspell-anunciodirectos-212x300.jpg\" alt=\"\" width=\"608\" height=\"860\" srcset=\"https:\/\/valenciasjb.salesianos.edu\/colegio\/wp-content\/uploads\/sites\/2\/2018\/02\/cartel-godspell-anunciodirectos-212x300.jpg 212w, https:\/\/valenciasjb.salesianos.edu\/colegio\/wp-content\/uploads\/sites\/2\/2018\/02\/cartel-godspell-anunciodirectos-768x1086.jpg 768w, https:\/\/valenciasjb.salesianos.edu\/colegio\/wp-content\/uploads\/sites\/2\/2018\/02\/cartel-godspell-anunciodirectos-724x1024.jpg 724w, https:\/\/valenciasjb.salesianos.edu\/colegio\/wp-content\/uploads\/sites\/2\/2018\/02\/cartel-godspell-anunciodirectos-1080x1527.jpg 1080w\" sizes=\"(max-width: 608px) 100vw, 608px\" \/><\/div>\n<div>Adem\u00e1s, numerosos medios, tanto en versi\u00f3n prensa como en digital, se han hecho eco de la noticia.\u00a0Las Provincias en su edici\u00f3n impresa del 6 de febrero, p\u00e1gina 10. Tambi\u00e9n\u00a0la agencia EFE entrevist\u00f3 a Juan Peris, director del colegio, y Jos\u00e9 Valero, coordinador de <span class=\"_5zk7\">Godspell<\/span> y otros peri\u00f3dicos digitales y webs publicaron la noticia.<\/div>\n<div><\/div>\n<\/div>\n<div class=\"\">\n<div class=\"_1mf _1mj\">Enlaces:<\/div>\n<\/div>\n<div class=\"\">\n<div class=\"_1mf _1mj\">Agencia SIC:<\/div>\n<div class=\"_1mf _1mj\"><a href=\"http:\/\/www.agenciasic.es\/2018\/02\/05\/el-colegio-salesiano-san-juan-bosco-de-valencia-presenta-su-musical-solidario-godspell\/\">http:\/\/www.agenciasic.es\/2018\/02\/05\/el-colegio-salesiano-san-juan-bosco-de-valencia-presenta-su-musical-solidario-godspell\/<\/a><\/div>\n<\/div>\n<div class=\"\">\n<div class=\"_1mf _1mj\">La Vanguardia:<\/div>\n<div class=\"_1mf _1mj\"><a href=\"http:\/\/www.lavanguardia.com\/local\/valencia\/20180213\/44760730093\/el-colegio-sjuan-bosco-estrena-su-version-del-musical-de-broadway-godspell.html\">http:\/\/www.lavanguardia.com\/local\/valencia\/20180213\/44760730093\/el-colegio-sjuan-bosco-estrena-su-version-del-musical-de-broadway-godspell.html<\/a><\/div>\n<\/div>\n<div class=\"\">\n<div class=\"_1mf _1mj\">Las Provincias:<\/div>\n<\/div>\n<div class=\"\">\n<div class=\"_1mf _1mj\"><a href=\"http:\/\/www.lasprovincias.es\/comunitat\/godspell-solidario-juan-20180206235418-ntvo.html\">http:\/\/www.lasprovincias.es\/comunitat\/godspell-solidario-juan-20180206235418-ntvo.html<\/a><\/div>\n<\/div>\n<div class=\"\">\n<div class=\"_1mf _1mj\">Comunica Valencia:<\/div>\n<\/div>\n<div class=\"\">\n<div class=\"_1mf _1mj\"><a href=\"https:\/\/www.comunicavalencia.es\/2018\/02\/13\/version-del-musical-de-broadway-godspell-por-el-colegio-san-juan-bosco-de-valencia\/\">https:\/\/www.comunicavalencia.es\/2018\/02\/13\/version-del-musical-de-broadway-godspell-por-el-colegio-san-juan-bosco-de-valencia\/<\/a><\/div>\n<\/div>\n<div class=\"\">\n<div class=\"_1mf _1mj\">Archidi\u00f3cesis de Valencia:<\/div>\n<\/div>\n<div class=\"\">\n<div class=\"_1mf _1mj\"><a href=\"http:\/\/www.archivalencia.org\/contenido.php?a=6&amp;pad=6&amp;modulo=37&amp;id=16436&amp;pagina=1\">http:\/\/www.archivalencia.org\/contenido.php?a=6&amp;pad=6&amp;modulo=37&amp;id=16436&amp;pagina=1<\/a><\/div>\n<div>Confercoval:<\/div>\n<div><a href=\"http:\/\/confercoval.es\/index.php\/noticias\/1588-el-colegio-salesiano-san-juan-bosco-de-valencia-presenta-su-musical-solidario-godspell\">http:\/\/confercoval.es\/index.php\/noticias\/1588-el-colegio-salesiano-san-juan-bosco-de-valencia-presenta-su-musical-solidario-godspell<\/a><\/div>\n<div>Agencia EFE:<\/div>\n<div><a href=\"https:\/\/www.efe.com\/efe\/comunitat-valenciana\/cultura-y-ocio\/el-colegio-san-juan-bosco-de-valencia-estrena-su-version-del-musical-broadway-godspell\/50000884-3522824\">https:\/\/www.efe.com\/efe\/comunitat-valenciana\/cultura-y-ocio\/el-colegio-san-juan-bosco-de-valencia-estrena-su-version-del-musical-broadway-godspell\/50000884-3522824<\/a><\/div>\n<div>Comunica Valencia:<\/div>\n<div><a href=\"https:\/\/www.comunicavalencia.es\/2018\/02\/13\/version-del-musical-de-broadway-godspell-por-el-colegio-san-juan-bosco-de-valencia\/\">https:\/\/www.comunicavalencia.es\/2018\/02\/13\/version-del-musical-de-broadway-godspell-por-el-colegio-san-juan-bosco-de-valencia\/<\/a><\/div>\n<div>Qu\u00e9 hacer en Valencia:<\/div>\n<div><a href=\"http:\/\/www.quehacerenvalencia.es\/el-colegio-san-juan-bosco-estrena-su-version-de-broadway-godspell-20180216\">http:\/\/www.quehacerenvalencia.es\/el-colegio-san-juan-bosco-estrena-su-version-de-broadway-godspell-20180216<\/a><\/div>\n<\/div>\n<p>[\/et_pb_text][et_pb_text admin_label=\u00bbT\u00edtulo: Galer\u00eda de fotos (Texto)\u00bb _builder_version=\u00bb3.0.76&#8243; background_layout=\u00bblight\u00bb text_font=\u00bb|on|||\u00bb text_text_color=\u00bb#dc001b\u00bb border_style=\u00bbsolid\u00bb disabled=\u00bboff\u00bb disabled_on=\u00bboff|on|on\u00bb]<\/p>\n<p>Galer\u00eda de im\u00e1genes<\/p>\n<p>[\/et_pb_text][et_pb_gallery _builder_version=\u00bb3.0.95&#8243; posts_number=\u00bb8&#8243; show_title_and_caption=\u00bboff\u00bb show_pagination=\u00bbon\u00bb fullwidth=\u00bboff\u00bb orientation=\u00bblandscape\u00bb zoom_icon_color=\u00bb#dc001b\u00bb hover_overlay_color=\u00bbrgba(255,255,255,0.9)\u00bb hover_icon=\u00bb%%51%%\u00bb background_layout=\u00bblight\u00bb disabled=\u00bboff\u00bb disabled_on=\u00bboff|off|off\u00bb gallery_ids=\u00bb8431&#8243; pagination_font_size_tablet=\u00bb51&#8243; pagination_line_height_tablet=\u00bb2&#8243; \/][et_pb_video _builder_version=\u00bb3.0.51&#8243; disabled=\u00bbon\u00bb disabled_on=\u00bbon|on|on\u00bb \/][\/et_pb_column][\/et_pb_row][\/et_pb_section]<\/p>\n<!-- AddThis Advanced Settings generic via filter on the_content --><!-- AddThis Share Buttons generic via filter on the_content -->","protected":false},"excerpt":{"rendered":"<p>El Musical Solidario Godspell\u00a0\u00a0ser\u00e1 el protagonista el viernes 23 de febrero, de 12:20 a 14 horas, del programa \u00abHoy por Hoy. Locos por Valencia\u00bb, que se retransmite a trav\u00e9s de Radio Valencia 100.4 FM, Radio Valencia 1179 OM y tambi\u00e9n a trav\u00e9s de la web\u00a0www.radiovalencia.es\u00a0y la app Cadena ser. Adem\u00e1s de la retransmisi\u00f3n por la [&hellip;]<\/p>\n<p><!-- AddThis Advanced Settings generic via filter on get_the_excerpt --><!-- AddThis Share Buttons generic via filter on get_the_excerpt --><\/p>\n","protected":false},"author":6,"featured_media":8431,"comment_status":"closed","ping_status":"open","sticky":false,"template":"","format":"standard","meta":{"_et_pb_use_builder":"on","_et_pb_old_content":"","_et_gb_content_width":"","footnotes":""},"categories":[14],"tags":[],"class_list":["post-8420","post","type-post","status-publish","format-standard","has-post-thumbnail","hentry","category-noticia_colegio"],"yoast_head":"<!-- This site is optimized with the Yoast SEO plugin v28.4 - https:\/\/yoast.com\/product\/yoast-seo-wordpress\/ -->\n<title>El Musical Solidario Godspell en los medios - Colegio San Juan Bosco Valencia<\/title>\n<meta name=\"robots\" content=\"index, follow, max-snippet:-1, max-image-preview:large, max-video-preview:-1\" \/>\n<link rel=\"canonical\" href=\"https:\/\/valenciasjb.salesianos.edu\/colegio\/el-musical-solidario-godspell-en-los-medios\/\" \/>\n<meta property=\"og:locale\" content=\"es_ES\" \/>\n<meta property=\"og:type\" content=\"article\" \/>\n<meta property=\"og:title\" content=\"El Musical Solidario Godspell en los medios - Colegio San Juan Bosco Valencia\" \/>\n<meta property=\"og:description\" content=\"El Musical Solidario Godspell\u00a0\u00a0ser\u00e1 el protagonista el viernes 23 de febrero, de 12:20 a 14 horas, del programa &quot;Hoy por Hoy. Locos por Valencia&quot;, que se retransmite a trav\u00e9s de Radio Valencia 100.4 FM, Radio Valencia 1179 OM y tambi\u00e9n a trav\u00e9s de la web\u00a0www.radiovalencia.es\u00a0y la app Cadena ser. Adem\u00e1s de la retransmisi\u00f3n por la [&hellip;]\" \/>\n<meta property=\"og:url\" content=\"https:\/\/valenciasjb.salesianos.edu\/colegio\/el-musical-solidario-godspell-en-los-medios\/\" \/>\n<meta property=\"og:site_name\" content=\"Colegio San Juan Bosco Valencia\" \/>\n<meta property=\"article:publisher\" content=\"https:\/\/www.facebook.com\/ColegioSalesianoSanJuanBoscoValencia\" \/>\n<meta property=\"article:published_time\" content=\"2018-02-21T21:57:59+00:00\" \/>\n<meta property=\"article:modified_time\" content=\"2018-02-21T22:04:56+00:00\" \/>\n<meta property=\"og:image\" content=\"https:\/\/valenciasjb.salesianos.edu\/colegio\/wp-content\/uploads\/sites\/2\/2018\/02\/cartel-godspell-anunciodirectos-724x1024.jpg\" \/>\n\t<meta property=\"og:image:width\" content=\"724\" \/>\n\t<meta property=\"og:image:height\" content=\"1024\" \/>\n\t<meta property=\"og:image:type\" content=\"image\/jpeg\" \/>\n<meta name=\"author\" content=\"veronicapastor\" \/>\n<meta name=\"twitter:card\" content=\"summary_large_image\" \/>\n<meta name=\"twitter:creator\" content=\"@SalesianosVSJB\" \/>\n<meta name=\"twitter:site\" content=\"@SalesianosVSJB\" \/>\n<meta name=\"twitter:label1\" content=\"Escrito por\" \/>\n\t<meta name=\"twitter:data1\" content=\"veronicapastor\" \/>\n\t<meta name=\"twitter:label2\" content=\"Tiempo de lectura\" \/>\n\t<meta name=\"twitter:data2\" content=\"2 minutos\" \/>\n<script type=\"application\/ld+json\" class=\"yoast-schema-graph\">{\"@context\":\"https:\\\/\\\/schema.org\",\"@graph\":[{\"@type\":\"Article\",\"@id\":\"https:\\\/\\\/valenciasjb.salesianos.edu\\\/colegio\\\/el-musical-solidario-godspell-en-los-medios\\\/#article\",\"isPartOf\":{\"@id\":\"https:\\\/\\\/valenciasjb.salesianos.edu\\\/colegio\\\/el-musical-solidario-godspell-en-los-medios\\\/\"},\"author\":{\"name\":\"veronicapastor\",\"@id\":\"https:\\\/\\\/valenciasjb.salesianos.edu\\\/colegio\\\/#\\\/schema\\\/person\\\/1f45b67e52b27da175190a574db6bed9\"},\"headline\":\"El Musical Solidario Godspell en los medios\",\"datePublished\":\"2018-02-21T21:57:59+00:00\",\"dateModified\":\"2018-02-21T22:04:56+00:00\",\"mainEntityOfPage\":{\"@id\":\"https:\\\/\\\/valenciasjb.salesianos.edu\\\/colegio\\\/el-musical-solidario-godspell-en-los-medios\\\/\"},\"wordCount\":472,\"image\":{\"@id\":\"https:\\\/\\\/valenciasjb.salesianos.edu\\\/colegio\\\/el-musical-solidario-godspell-en-los-medios\\\/#primaryimage\"},\"thumbnailUrl\":\"https:\\\/\\\/valenciasjb.salesianos.edu\\\/colegio\\\/wp-content\\\/uploads\\\/sites\\\/2\\\/2018\\\/02\\\/cartel-godspell-anunciodirectos.jpg\",\"articleSection\":[\"Noticia Colegio\"],\"inLanguage\":\"es\"},{\"@type\":\"WebPage\",\"@id\":\"https:\\\/\\\/valenciasjb.salesianos.edu\\\/colegio\\\/el-musical-solidario-godspell-en-los-medios\\\/\",\"url\":\"https:\\\/\\\/valenciasjb.salesianos.edu\\\/colegio\\\/el-musical-solidario-godspell-en-los-medios\\\/\",\"name\":\"El Musical Solidario Godspell en los medios - Colegio San Juan Bosco Valencia\",\"isPartOf\":{\"@id\":\"https:\\\/\\\/valenciasjb.salesianos.edu\\\/colegio\\\/#website\"},\"primaryImageOfPage\":{\"@id\":\"https:\\\/\\\/valenciasjb.salesianos.edu\\\/colegio\\\/el-musical-solidario-godspell-en-los-medios\\\/#primaryimage\"},\"image\":{\"@id\":\"https:\\\/\\\/valenciasjb.salesianos.edu\\\/colegio\\\/el-musical-solidario-godspell-en-los-medios\\\/#primaryimage\"},\"thumbnailUrl\":\"https:\\\/\\\/valenciasjb.salesianos.edu\\\/colegio\\\/wp-content\\\/uploads\\\/sites\\\/2\\\/2018\\\/02\\\/cartel-godspell-anunciodirectos.jpg\",\"datePublished\":\"2018-02-21T21:57:59+00:00\",\"dateModified\":\"2018-02-21T22:04:56+00:00\",\"author\":{\"@id\":\"https:\\\/\\\/valenciasjb.salesianos.edu\\\/colegio\\\/#\\\/schema\\\/person\\\/1f45b67e52b27da175190a574db6bed9\"},\"breadcrumb\":{\"@id\":\"https:\\\/\\\/valenciasjb.salesianos.edu\\\/colegio\\\/el-musical-solidario-godspell-en-los-medios\\\/#breadcrumb\"},\"inLanguage\":\"es\",\"potentialAction\":[{\"@type\":\"ReadAction\",\"target\":[\"https:\\\/\\\/valenciasjb.salesianos.edu\\\/colegio\\\/el-musical-solidario-godspell-en-los-medios\\\/\"]}]},{\"@type\":\"ImageObject\",\"inLanguage\":\"es\",\"@id\":\"https:\\\/\\\/valenciasjb.salesianos.edu\\\/colegio\\\/el-musical-solidario-godspell-en-los-medios\\\/#primaryimage\",\"url\":\"https:\\\/\\\/valenciasjb.salesianos.edu\\\/colegio\\\/wp-content\\\/uploads\\\/sites\\\/2\\\/2018\\\/02\\\/cartel-godspell-anunciodirectos.jpg\",\"contentUrl\":\"https:\\\/\\\/valenciasjb.salesianos.edu\\\/colegio\\\/wp-content\\\/uploads\\\/sites\\\/2\\\/2018\\\/02\\\/cartel-godspell-anunciodirectos.jpg\",\"width\":3508,\"height\":4961},{\"@type\":\"BreadcrumbList\",\"@id\":\"https:\\\/\\\/valenciasjb.salesianos.edu\\\/colegio\\\/el-musical-solidario-godspell-en-los-medios\\\/#breadcrumb\",\"itemListElement\":[{\"@type\":\"ListItem\",\"position\":1,\"name\":\"Portada\",\"item\":\"https:\\\/\\\/valenciasjb.salesianos.edu\\\/colegio\\\/\"},{\"@type\":\"ListItem\",\"position\":2,\"name\":\"El Musical Solidario Godspell en los medios\"}]},{\"@type\":\"WebSite\",\"@id\":\"https:\\\/\\\/valenciasjb.salesianos.edu\\\/colegio\\\/#website\",\"url\":\"https:\\\/\\\/valenciasjb.salesianos.edu\\\/colegio\\\/\",\"name\":\"Colegio San Juan Bosco Valencia\",\"description\":\"P\u00e1gina oficial del Colegio Salesianos San Juan Bosco Valencia\",\"alternateName\":\"Salesianos.VSJB\",\"potentialAction\":[{\"@type\":\"SearchAction\",\"target\":{\"@type\":\"EntryPoint\",\"urlTemplate\":\"https:\\\/\\\/valenciasjb.salesianos.edu\\\/colegio\\\/?s={search_term_string}\"},\"query-input\":{\"@type\":\"PropertyValueSpecification\",\"valueRequired\":true,\"valueName\":\"search_term_string\"}}],\"inLanguage\":\"es\"},{\"@type\":\"Person\",\"@id\":\"https:\\\/\\\/valenciasjb.salesianos.edu\\\/colegio\\\/#\\\/schema\\\/person\\\/1f45b67e52b27da175190a574db6bed9\",\"name\":\"veronicapastor\",\"image\":{\"@type\":\"ImageObject\",\"inLanguage\":\"es\",\"@id\":\"https:\\\/\\\/secure.gravatar.com\\\/avatar\\\/e29bd40bace3fd935e1d6fdb7313ffc14628cc037c5e16f4c7369b20a2a6f7f0?s=96&d=mm&r=g\",\"url\":\"https:\\\/\\\/secure.gravatar.com\\\/avatar\\\/e29bd40bace3fd935e1d6fdb7313ffc14628cc037c5e16f4c7369b20a2a6f7f0?s=96&d=mm&r=g\",\"contentUrl\":\"https:\\\/\\\/secure.gravatar.com\\\/avatar\\\/e29bd40bace3fd935e1d6fdb7313ffc14628cc037c5e16f4c7369b20a2a6f7f0?s=96&d=mm&r=g\",\"caption\":\"veronicapastor\"}}]}<\/script>\n<!-- \/ Yoast SEO plugin. -->","yoast_head_json":{"title":"El Musical Solidario Godspell en los medios - Colegio San Juan Bosco Valencia","robots":{"index":"index","follow":"follow","max-snippet":"max-snippet:-1","max-image-preview":"max-image-preview:large","max-video-preview":"max-video-preview:-1"},"canonical":"https:\/\/valenciasjb.salesianos.edu\/colegio\/el-musical-solidario-godspell-en-los-medios\/","og_locale":"es_ES","og_type":"article","og_title":"El Musical Solidario Godspell en los medios - Colegio San Juan Bosco Valencia","og_description":"El Musical Solidario Godspell\u00a0\u00a0ser\u00e1 el protagonista el viernes 23 de febrero, de 12:20 a 14 horas, del programa \"Hoy por Hoy. Locos por Valencia\", que se retransmite a trav\u00e9s de Radio Valencia 100.4 FM, Radio Valencia 1179 OM y tambi\u00e9n a trav\u00e9s de la web\u00a0www.radiovalencia.es\u00a0y la app Cadena ser. Adem\u00e1s de la retransmisi\u00f3n por la [&hellip;]","og_url":"https:\/\/valenciasjb.salesianos.edu\/colegio\/el-musical-solidario-godspell-en-los-medios\/","og_site_name":"Colegio San Juan Bosco Valencia","article_publisher":"https:\/\/www.facebook.com\/ColegioSalesianoSanJuanBoscoValencia","article_published_time":"2018-02-21T21:57:59+00:00","article_modified_time":"2018-02-21T22:04:56+00:00","og_image":[{"width":724,"height":1024,"url":"https:\/\/valenciasjb.salesianos.edu\/colegio\/wp-content\/uploads\/sites\/2\/2018\/02\/cartel-godspell-anunciodirectos-724x1024.jpg","type":"image\/jpeg"}],"author":"veronicapastor","twitter_card":"summary_large_image","twitter_creator":"@SalesianosVSJB","twitter_site":"@SalesianosVSJB","twitter_misc":{"Escrito por":"veronicapastor","Tiempo de lectura":"2 minutos"},"schema":{"@context":"https:\/\/schema.org","@graph":[{"@type":"Article","@id":"https:\/\/valenciasjb.salesianos.edu\/colegio\/el-musical-solidario-godspell-en-los-medios\/#article","isPartOf":{"@id":"https:\/\/valenciasjb.salesianos.edu\/colegio\/el-musical-solidario-godspell-en-los-medios\/"},"author":{"name":"veronicapastor","@id":"https:\/\/valenciasjb.salesianos.edu\/colegio\/#\/schema\/person\/1f45b67e52b27da175190a574db6bed9"},"headline":"El Musical Solidario Godspell en los medios","datePublished":"2018-02-21T21:57:59+00:00","dateModified":"2018-02-21T22:04:56+00:00","mainEntityOfPage":{"@id":"https:\/\/valenciasjb.salesianos.edu\/colegio\/el-musical-solidario-godspell-en-los-medios\/"},"wordCount":472,"image":{"@id":"https:\/\/valenciasjb.salesianos.edu\/colegio\/el-musical-solidario-godspell-en-los-medios\/#primaryimage"},"thumbnailUrl":"https:\/\/valenciasjb.salesianos.edu\/colegio\/wp-content\/uploads\/sites\/2\/2018\/02\/cartel-godspell-anunciodirectos.jpg","articleSection":["Noticia Colegio"],"inLanguage":"es"},{"@type":"WebPage","@id":"https:\/\/valenciasjb.salesianos.edu\/colegio\/el-musical-solidario-godspell-en-los-medios\/","url":"https:\/\/valenciasjb.salesianos.edu\/colegio\/el-musical-solidario-godspell-en-los-medios\/","name":"El Musical Solidario Godspell en los medios - Colegio San Juan Bosco Valencia","isPartOf":{"@id":"https:\/\/valenciasjb.salesianos.edu\/colegio\/#website"},"primaryImageOfPage":{"@id":"https:\/\/valenciasjb.salesianos.edu\/colegio\/el-musical-solidario-godspell-en-los-medios\/#primaryimage"},"image":{"@id":"https:\/\/valenciasjb.salesianos.edu\/colegio\/el-musical-solidario-godspell-en-los-medios\/#primaryimage"},"thumbnailUrl":"https:\/\/valenciasjb.salesianos.edu\/colegio\/wp-content\/uploads\/sites\/2\/2018\/02\/cartel-godspell-anunciodirectos.jpg","datePublished":"2018-02-21T21:57:59+00:00","dateModified":"2018-02-21T22:04:56+00:00","author":{"@id":"https:\/\/valenciasjb.salesianos.edu\/colegio\/#\/schema\/person\/1f45b67e52b27da175190a574db6bed9"},"breadcrumb":{"@id":"https:\/\/valenciasjb.salesianos.edu\/colegio\/el-musical-solidario-godspell-en-los-medios\/#breadcrumb"},"inLanguage":"es","potentialAction":[{"@type":"ReadAction","target":["https:\/\/valenciasjb.salesianos.edu\/colegio\/el-musical-solidario-godspell-en-los-medios\/"]}]},{"@type":"ImageObject","inLanguage":"es","@id":"https:\/\/valenciasjb.salesianos.edu\/colegio\/el-musical-solidario-godspell-en-los-medios\/#primaryimage","url":"https:\/\/valenciasjb.salesianos.edu\/colegio\/wp-content\/uploads\/sites\/2\/2018\/02\/cartel-godspell-anunciodirectos.jpg","contentUrl":"https:\/\/valenciasjb.salesianos.edu\/colegio\/wp-content\/uploads\/sites\/2\/2018\/02\/cartel-godspell-anunciodirectos.jpg","width":3508,"height":4961},{"@type":"BreadcrumbList","@id":"https:\/\/valenciasjb.salesianos.edu\/colegio\/el-musical-solidario-godspell-en-los-medios\/#breadcrumb","itemListElement":[{"@type":"ListItem","position":1,"name":"Portada","item":"https:\/\/valenciasjb.salesianos.edu\/colegio\/"},{"@type":"ListItem","position":2,"name":"El Musical Solidario Godspell en los medios"}]},{"@type":"WebSite","@id":"https:\/\/valenciasjb.salesianos.edu\/colegio\/#website","url":"https:\/\/valenciasjb.salesianos.edu\/colegio\/","name":"Colegio San Juan Bosco Valencia","description":"P\u00e1gina oficial del Colegio Salesianos San Juan Bosco Valencia","alternateName":"Salesianos.VSJB","potentialAction":[{"@type":"SearchAction","target":{"@type":"EntryPoint","urlTemplate":"https:\/\/valenciasjb.salesianos.edu\/colegio\/?s={search_term_string}"},"query-input":{"@type":"PropertyValueSpecification","valueRequired":true,"valueName":"search_term_string"}}],"inLanguage":"es"},{"@type":"Person","@id":"https:\/\/valenciasjb.salesianos.edu\/colegio\/#\/schema\/person\/1f45b67e52b27da175190a574db6bed9","name":"veronicapastor","image":{"@type":"ImageObject","inLanguage":"es","@id":"https:\/\/secure.gravatar.com\/avatar\/e29bd40bace3fd935e1d6fdb7313ffc14628cc037c5e16f4c7369b20a2a6f7f0?s=96&d=mm&r=g","url":"https:\/\/secure.gravatar.com\/avatar\/e29bd40bace3fd935e1d6fdb7313ffc14628cc037c5e16f4c7369b20a2a6f7f0?s=96&d=mm&r=g","contentUrl":"https:\/\/secure.gravatar.com\/avatar\/e29bd40bace3fd935e1d6fdb7313ffc14628cc037c5e16f4c7369b20a2a6f7f0?s=96&d=mm&r=g","caption":"veronicapastor"}}]}},"_links":{"self":[{"href":"https:\/\/valenciasjb.salesianos.edu\/colegio\/wp-json\/wp\/v2\/posts\/8420","targetHints":{"allow":["GET"]}}],"collection":[{"href":"https:\/\/valenciasjb.salesianos.edu\/colegio\/wp-json\/wp\/v2\/posts"}],"about":[{"href":"https:\/\/valenciasjb.salesianos.edu\/colegio\/wp-json\/wp\/v2\/types\/post"}],"author":[{"embeddable":true,"href":"https:\/\/valenciasjb.salesianos.edu\/colegio\/wp-json\/wp\/v2\/users\/6"}],"replies":[{"embeddable":true,"href":"https:\/\/valenciasjb.salesianos.edu\/colegio\/wp-json\/wp\/v2\/comments?post=8420"}],"version-history":[{"count":4,"href":"https:\/\/valenciasjb.salesianos.edu\/colegio\/wp-json\/wp\/v2\/posts\/8420\/revisions"}],"predecessor-version":[{"id":8441,"href":"https:\/\/valenciasjb.salesianos.edu\/colegio\/wp-json\/wp\/v2\/posts\/8420\/revisions\/8441"}],"wp:featuredmedia":[{"embeddable":true,"href":"https:\/\/valenciasjb.salesianos.edu\/colegio\/wp-json\/wp\/v2\/media\/8431"}],"wp:attachment":[{"href":"https:\/\/valenciasjb.salesianos.edu\/colegio\/wp-json\/wp\/v2\/media?parent=8420"}],"wp:term":[{"taxonomy":"category","embeddable":true,"href":"https:\/\/valenciasjb.salesianos.edu\/colegio\/wp-json\/wp\/v2\/categories?post=8420"},{"taxonomy":"post_tag","embeddable":true,"href":"https:\/\/valenciasjb.salesianos.edu\/colegio\/wp-json\/wp\/v2\/tags?post=8420"}],"curies":[{"name":"wp","href":"https:\/\/api.w.org\/{rel}","templated":true}]}}