{"id":8453,"date":"2018-02-24T13:55:21","date_gmt":"2018-02-24T12:55:21","guid":{"rendered":"https:\/\/valenciasjb.salesianos.edu\/colegio\/?p=8453"},"modified":"2018-02-24T15:38:09","modified_gmt":"2018-02-24T14:38:09","slug":"el-colegio-salesiano-san-juan-bosco-de-valencia-estrena-su-musical-solidario-godspell","status":"publish","type":"post","link":"https:\/\/valenciasjb.salesianos.edu\/colegio\/el-colegio-salesiano-san-juan-bosco-de-valencia-estrena-su-musical-solidario-godspell\/","title":{"rendered":"El Colegio Salesiano San Juan Bosco de Valencia estrena su Musical Solidario \u201cGodspell\u201d"},"content":{"rendered":"<div id=\"fb-root\"><\/div>\n<p>[et_pb_section bb_built=\u00bb1&#8243; admin_label=\u00bbsection\u00bb][et_pb_row admin_label=\u00bbrow\u00bb background_position=\u00bbtop_left\u00bb background_repeat=\u00bbrepeat\u00bb background_size=\u00bbinitial\u00bb][et_pb_column type=\u00bb4_4&#8243;][et_pb_text admin_label=\u00bbEntradilla (Texto)\u00bb _builder_version=\u00bb3.0.95&#8243; background_layout=\u00bblight\u00bb text_orientation=\u00bbjustified\u00bb text_font=\u00bb|on|||\u00bb module_alignment=\u00bbleft\u00bb]<\/p>\n<div id=\"resumen\">\n<p><em>Godspell<\/em> es el t\u00edtulo del Musical Solidario que se estren\u00f3 el viernes 23 de febrero, a las 22 horas, en el teatro del colegio salesiano San Juan Bosco de Valencia. Un espect\u00e1culo, todo en directo. Una adaptaci\u00f3n propia del gui\u00f3n original del musical <em>Godspell<\/em>, que se reestren\u00f3 por \u00faltima vez en Broadway en el a\u00f1o 2012. Una manera divertida de contar la historia de la Biblia, donde el espectador pudo ver c\u00f3mo ser\u00eda la historia de Jes\u00fas si volviera en nuestros d\u00edas. Todo adaptado al contexto y situaciones del d\u00eda de hoy.<\/p>\n<p><strong><br \/>\n<\/strong><\/p>\n<\/div>\n<div><\/div>\n<p>[\/et_pb_text][et_pb_text admin_label=\u00bbAutor (Texto)\u00bb _builder_version=\u00bb3.0.95&#8243; background_layout=\u00bblight\u00bb text_font=\u00bb||on||\u00bb]<\/p>\n<p>Redacci\u00f3n. Fotos Lidia Navarro.<\/p>\n<p>[\/et_pb_text][et_pb_text admin_label=\u00bbDesarrollo (Texto)\u00bb _builder_version=\u00bb3.0.95&#8243; background_layout=\u00bblight\u00bb text_orientation=\u00bbjustified\u00bb module_alignment=\u00bbleft\u00bb]<\/p>\n<p><img loading=\"lazy\" decoding=\"async\" class=\"alignnone wp-image-8465\" src=\"https:\/\/valenciasjb.salesianos.edu\/colegio\/wp-content\/uploads\/sites\/2\/2018\/02\/Godspell-v23-17-1-300x200.jpg\" alt=\"\" width=\"731\" height=\"487\" srcset=\"https:\/\/valenciasjb.salesianos.edu\/colegio\/wp-content\/uploads\/sites\/2\/2018\/02\/Godspell-v23-17-1-300x200.jpg 300w, https:\/\/valenciasjb.salesianos.edu\/colegio\/wp-content\/uploads\/sites\/2\/2018\/02\/Godspell-v23-17-1-768x512.jpg 768w, https:\/\/valenciasjb.salesianos.edu\/colegio\/wp-content\/uploads\/sites\/2\/2018\/02\/Godspell-v23-17-1-1024x683.jpg 1024w, https:\/\/valenciasjb.salesianos.edu\/colegio\/wp-content\/uploads\/sites\/2\/2018\/02\/Godspell-v23-17-1-1080x720.jpg 1080w, https:\/\/valenciasjb.salesianos.edu\/colegio\/wp-content\/uploads\/sites\/2\/2018\/02\/Godspell-v23-17-1.jpg 1751w\" sizes=\"(max-width: 731px) 100vw, 731px\" \/><\/p>\n<p>Una iniciativa que ha reunido a m\u00e1s de 200 participantes entre padres, madres, profesorado, alumnos, ex alumnos, Personal de Administraci\u00f3n y Servicios y miembros de toda la comunidad educativa. Un proyecto que ha recibido la felicitaci\u00f3n de la Casa Real por su contribuci\u00f3n a la sociedad y que fue finalista auton\u00f3mico en los Premios Nacionales de Acci\u00f3n Magistral.<\/p>\n<p>Los beneficios recaudados ir\u00e1n destinados \u00edntegramente a las ONGs: ACNUR para la ayuda a refugiados, UNICEF para la defensa de los derechos de la infancia, Fundaci\u00f3n Reina Sof\u00eda por su compromiso contra el Alzh\u00e9imer y AVAPACE, la Asociaci\u00f3n Valenciana de Ayuda a la Par\u00e1lisis Cerebral.<\/p>\n<p>Con el teatro lleno, en el estreno de Godspell estuvo presente una nutrida representaci\u00f3n de toda la comunidad educativa del colegio salesiano San Juan Bosco; otros colegios valencianos apoyaron con su presencia, y al evento acudieron tambi\u00e9n medios de comunicaci\u00f3n como la Agencia EFE y la Cadena SER. Adem\u00e1s, el espect\u00e1culo cont\u00f3 con una emisi\u00f3n en directo a trav\u00e9s del canal de YouTube de Radio Bosco TV.<\/p>\n<p>La recaudaci\u00f3n del d\u00eda del estreno ir\u00e1 destinada a la Fundaci\u00f3n Reina Sof\u00eda para la ayuda a la investigaci\u00f3n contra el Alzh\u00e9imer. Al finalizar el acto, Ana Mar\u00eda Ruiz Cano, Presidenta de la Asociaci\u00f3n de Familiares de Enfermos de Alzh\u00e9imer de Valencia (AFAV) agradeci\u00f3 al colegio su compromiso social; todos unidos con los j\u00f3venes a la cabeza. Finalmente, el director del colegio, Juan Peris, ley\u00f3 una carta de la Fundaci\u00f3n Reina Sof\u00eda dirigida a la comunidad educativa, en nombre de su majestad, la Reina Do\u00f1a Sof\u00eda.<\/p>\n<p>Las siguientes representaciones tendr\u00e1n lugar el s\u00e1bado 24 de febrero, a las 20 horas, s\u00e1bado 3 de marzo, a las 20 horas y domingo 4 de marzo, a las 18 horas. Esta \u00faltima funci\u00f3n tambi\u00e9n se emitir\u00e1 en <em>streaming <\/em>en el canal de Radio Bosco TV. Asimismo, <em>Godspell kids<\/em> con unos 80 ni\u00f1os y ni\u00f1as del coro del colegio, cantar\u00e1n canciones del musical el 3 y 4 de marzo, a las 11 horas.<\/p>\n<p>Emisi\u00f3n del previo en cadena SER: <a href=\"http:\/\/cadenaser.com\/emisora\/2018\/02\/22\/radio_valencia\/1519292293_858705.html\">http:\/\/cadenaser.com\/emisora\/2018\/02\/22\/radio_valencia\/1519292293_858705.html<\/a><\/p>\n<p>[\/et_pb_text][et_pb_text admin_label=\u00bbT\u00edtulo: Galer\u00eda de fotos (Texto)\u00bb _builder_version=\u00bb3.0.76&#8243; background_layout=\u00bblight\u00bb text_font=\u00bb|on|||\u00bb text_text_color=\u00bb#dc001b\u00bb border_style=\u00bbsolid\u00bb disabled=\u00bboff\u00bb disabled_on=\u00bboff|on|on\u00bb]<\/p>\n<p>Galer\u00eda de im\u00e1genes<\/p>\n<p>[\/et_pb_text][et_pb_gallery _builder_version=\u00bb3.0.95&#8243; posts_number=\u00bb8&#8243; show_title_and_caption=\u00bboff\u00bb show_pagination=\u00bbon\u00bb fullwidth=\u00bboff\u00bb orientation=\u00bblandscape\u00bb zoom_icon_color=\u00bb#dc001b\u00bb hover_overlay_color=\u00bbrgba(255,255,255,0.9)\u00bb hover_icon=\u00bb%%51%%\u00bb background_layout=\u00bblight\u00bb disabled=\u00bboff\u00bb disabled_on=\u00bboff|off|off\u00bb gallery_ids=\u00bb8461,8462,8464,8458,8459,8456,8457&#8243; pagination_font_size_tablet=\u00bb51&#8243; pagination_line_height_tablet=\u00bb2&#8243; \/][et_pb_video _builder_version=\u00bb3.0.51&#8243; disabled=\u00bbon\u00bb disabled_on=\u00bbon|on|on\u00bb \/][\/et_pb_column][\/et_pb_row][\/et_pb_section]<\/p>\n<!-- AddThis Advanced Settings generic via filter on the_content --><!-- AddThis Share Buttons generic via filter on the_content -->","protected":false},"excerpt":{"rendered":"<p>Godspell es el t\u00edtulo del Musical Solidario que se estren\u00f3 el viernes 23 de febrero, a las 22 horas, en el teatro del colegio salesiano San Juan Bosco de Valencia. Un espect\u00e1culo, todo en directo. Una adaptaci\u00f3n propia del gui\u00f3n original del musical Godspell, que se reestren\u00f3 por \u00faltima vez en Broadway en el a\u00f1o [&hellip;]<\/p>\n<p><!-- AddThis Advanced Settings generic via filter on get_the_excerpt --><!-- AddThis Share Buttons generic via filter on get_the_excerpt --><\/p>\n","protected":false},"author":6,"featured_media":8467,"comment_status":"closed","ping_status":"open","sticky":false,"template":"","format":"standard","meta":{"_et_pb_use_builder":"on","_et_pb_old_content":"","_et_gb_content_width":"","footnotes":""},"categories":[14],"tags":[],"class_list":["post-8453","post","type-post","status-publish","format-standard","has-post-thumbnail","hentry","category-noticia_colegio"],"yoast_head":"<!-- This site is optimized with the Yoast SEO plugin v28.4 - https:\/\/yoast.com\/product\/yoast-seo-wordpress\/ -->\n<title>El Colegio Salesiano San Juan Bosco de Valencia estrena su Musical Solidario \u201cGodspell\u201d - Colegio San Juan Bosco Valencia<\/title>\n<meta name=\"robots\" content=\"index, follow, max-snippet:-1, max-image-preview:large, max-video-preview:-1\" \/>\n<link rel=\"canonical\" href=\"https:\/\/valenciasjb.salesianos.edu\/colegio\/el-colegio-salesiano-san-juan-bosco-de-valencia-estrena-su-musical-solidario-godspell\/\" \/>\n<meta property=\"og:locale\" content=\"es_ES\" \/>\n<meta property=\"og:type\" content=\"article\" \/>\n<meta property=\"og:title\" content=\"El Colegio Salesiano San Juan Bosco de Valencia estrena su Musical Solidario \u201cGodspell\u201d - Colegio San Juan Bosco Valencia\" \/>\n<meta property=\"og:description\" content=\"Godspell es el t\u00edtulo del Musical Solidario que se estren\u00f3 el viernes 23 de febrero, a las 22 horas, en el teatro del colegio salesiano San Juan Bosco de Valencia. Un espect\u00e1culo, todo en directo. Una adaptaci\u00f3n propia del gui\u00f3n original del musical Godspell, que se reestren\u00f3 por \u00faltima vez en Broadway en el a\u00f1o [&hellip;]\" \/>\n<meta property=\"og:url\" content=\"https:\/\/valenciasjb.salesianos.edu\/colegio\/el-colegio-salesiano-san-juan-bosco-de-valencia-estrena-su-musical-solidario-godspell\/\" \/>\n<meta property=\"og:site_name\" content=\"Colegio San Juan Bosco Valencia\" \/>\n<meta property=\"article:publisher\" content=\"https:\/\/www.facebook.com\/ColegioSalesianoSanJuanBoscoValencia\" \/>\n<meta property=\"article:published_time\" content=\"2018-02-24T12:55:21+00:00\" \/>\n<meta property=\"article:modified_time\" content=\"2018-02-24T14:38:09+00:00\" \/>\n<meta property=\"og:image\" content=\"https:\/\/valenciasjb.salesianos.edu\/colegio\/wp-content\/uploads\/sites\/2\/2018\/02\/Godspell-v23-53-1024x683.jpg\" \/>\n\t<meta property=\"og:image:width\" content=\"1024\" \/>\n\t<meta property=\"og:image:height\" content=\"683\" \/>\n\t<meta property=\"og:image:type\" content=\"image\/jpeg\" \/>\n<meta name=\"author\" content=\"veronicapastor\" \/>\n<meta name=\"twitter:card\" content=\"summary_large_image\" \/>\n<meta name=\"twitter:creator\" content=\"@SalesianosVSJB\" \/>\n<meta name=\"twitter:site\" content=\"@SalesianosVSJB\" \/>\n<meta name=\"twitter:label1\" content=\"Escrito por\" \/>\n\t<meta name=\"twitter:data1\" content=\"veronicapastor\" \/>\n\t<meta name=\"twitter:label2\" content=\"Tiempo de lectura\" \/>\n\t<meta name=\"twitter:data2\" content=\"3 minutos\" \/>\n<script type=\"application\/ld+json\" class=\"yoast-schema-graph\">{\"@context\":\"https:\\\/\\\/schema.org\",\"@graph\":[{\"@type\":\"Article\",\"@id\":\"https:\\\/\\\/valenciasjb.salesianos.edu\\\/colegio\\\/el-colegio-salesiano-san-juan-bosco-de-valencia-estrena-su-musical-solidario-godspell\\\/#article\",\"isPartOf\":{\"@id\":\"https:\\\/\\\/valenciasjb.salesianos.edu\\\/colegio\\\/el-colegio-salesiano-san-juan-bosco-de-valencia-estrena-su-musical-solidario-godspell\\\/\"},\"author\":{\"name\":\"veronicapastor\",\"@id\":\"https:\\\/\\\/valenciasjb.salesianos.edu\\\/colegio\\\/#\\\/schema\\\/person\\\/1f45b67e52b27da175190a574db6bed9\"},\"headline\":\"El Colegio Salesiano San Juan Bosco de Valencia estrena su Musical Solidario \u201cGodspell\u201d\",\"datePublished\":\"2018-02-24T12:55:21+00:00\",\"dateModified\":\"2018-02-24T14:38:09+00:00\",\"mainEntityOfPage\":{\"@id\":\"https:\\\/\\\/valenciasjb.salesianos.edu\\\/colegio\\\/el-colegio-salesiano-san-juan-bosco-de-valencia-estrena-su-musical-solidario-godspell\\\/\"},\"wordCount\":695,\"image\":{\"@id\":\"https:\\\/\\\/valenciasjb.salesianos.edu\\\/colegio\\\/el-colegio-salesiano-san-juan-bosco-de-valencia-estrena-su-musical-solidario-godspell\\\/#primaryimage\"},\"thumbnailUrl\":\"https:\\\/\\\/valenciasjb.salesianos.edu\\\/colegio\\\/wp-content\\\/uploads\\\/sites\\\/2\\\/2018\\\/02\\\/Godspell-v23-53.jpg\",\"articleSection\":[\"Noticia Colegio\"],\"inLanguage\":\"es\"},{\"@type\":\"WebPage\",\"@id\":\"https:\\\/\\\/valenciasjb.salesianos.edu\\\/colegio\\\/el-colegio-salesiano-san-juan-bosco-de-valencia-estrena-su-musical-solidario-godspell\\\/\",\"url\":\"https:\\\/\\\/valenciasjb.salesianos.edu\\\/colegio\\\/el-colegio-salesiano-san-juan-bosco-de-valencia-estrena-su-musical-solidario-godspell\\\/\",\"name\":\"El Colegio Salesiano San Juan Bosco de Valencia estrena su Musical Solidario \u201cGodspell\u201d - Colegio San Juan Bosco Valencia\",\"isPartOf\":{\"@id\":\"https:\\\/\\\/valenciasjb.salesianos.edu\\\/colegio\\\/#website\"},\"primaryImageOfPage\":{\"@id\":\"https:\\\/\\\/valenciasjb.salesianos.edu\\\/colegio\\\/el-colegio-salesiano-san-juan-bosco-de-valencia-estrena-su-musical-solidario-godspell\\\/#primaryimage\"},\"image\":{\"@id\":\"https:\\\/\\\/valenciasjb.salesianos.edu\\\/colegio\\\/el-colegio-salesiano-san-juan-bosco-de-valencia-estrena-su-musical-solidario-godspell\\\/#primaryimage\"},\"thumbnailUrl\":\"https:\\\/\\\/valenciasjb.salesianos.edu\\\/colegio\\\/wp-content\\\/uploads\\\/sites\\\/2\\\/2018\\\/02\\\/Godspell-v23-53.jpg\",\"datePublished\":\"2018-02-24T12:55:21+00:00\",\"dateModified\":\"2018-02-24T14:38:09+00:00\",\"author\":{\"@id\":\"https:\\\/\\\/valenciasjb.salesianos.edu\\\/colegio\\\/#\\\/schema\\\/person\\\/1f45b67e52b27da175190a574db6bed9\"},\"breadcrumb\":{\"@id\":\"https:\\\/\\\/valenciasjb.salesianos.edu\\\/colegio\\\/el-colegio-salesiano-san-juan-bosco-de-valencia-estrena-su-musical-solidario-godspell\\\/#breadcrumb\"},\"inLanguage\":\"es\",\"potentialAction\":[{\"@type\":\"ReadAction\",\"target\":[\"https:\\\/\\\/valenciasjb.salesianos.edu\\\/colegio\\\/el-colegio-salesiano-san-juan-bosco-de-valencia-estrena-su-musical-solidario-godspell\\\/\"]}]},{\"@type\":\"ImageObject\",\"inLanguage\":\"es\",\"@id\":\"https:\\\/\\\/valenciasjb.salesianos.edu\\\/colegio\\\/el-colegio-salesiano-san-juan-bosco-de-valencia-estrena-su-musical-solidario-godspell\\\/#primaryimage\",\"url\":\"https:\\\/\\\/valenciasjb.salesianos.edu\\\/colegio\\\/wp-content\\\/uploads\\\/sites\\\/2\\\/2018\\\/02\\\/Godspell-v23-53.jpg\",\"contentUrl\":\"https:\\\/\\\/valenciasjb.salesianos.edu\\\/colegio\\\/wp-content\\\/uploads\\\/sites\\\/2\\\/2018\\\/02\\\/Godspell-v23-53.jpg\",\"width\":2000,\"height\":1334},{\"@type\":\"BreadcrumbList\",\"@id\":\"https:\\\/\\\/valenciasjb.salesianos.edu\\\/colegio\\\/el-colegio-salesiano-san-juan-bosco-de-valencia-estrena-su-musical-solidario-godspell\\\/#breadcrumb\",\"itemListElement\":[{\"@type\":\"ListItem\",\"position\":1,\"name\":\"Portada\",\"item\":\"https:\\\/\\\/valenciasjb.salesianos.edu\\\/colegio\\\/\"},{\"@type\":\"ListItem\",\"position\":2,\"name\":\"El Colegio Salesiano San Juan Bosco de Valencia estrena su Musical Solidario \u201cGodspell\u201d\"}]},{\"@type\":\"WebSite\",\"@id\":\"https:\\\/\\\/valenciasjb.salesianos.edu\\\/colegio\\\/#website\",\"url\":\"https:\\\/\\\/valenciasjb.salesianos.edu\\\/colegio\\\/\",\"name\":\"Colegio San Juan Bosco Valencia\",\"description\":\"P\u00e1gina oficial del Colegio Salesianos San Juan Bosco Valencia\",\"alternateName\":\"Salesianos.VSJB\",\"potentialAction\":[{\"@type\":\"SearchAction\",\"target\":{\"@type\":\"EntryPoint\",\"urlTemplate\":\"https:\\\/\\\/valenciasjb.salesianos.edu\\\/colegio\\\/?s={search_term_string}\"},\"query-input\":{\"@type\":\"PropertyValueSpecification\",\"valueRequired\":true,\"valueName\":\"search_term_string\"}}],\"inLanguage\":\"es\"},{\"@type\":\"Person\",\"@id\":\"https:\\\/\\\/valenciasjb.salesianos.edu\\\/colegio\\\/#\\\/schema\\\/person\\\/1f45b67e52b27da175190a574db6bed9\",\"name\":\"veronicapastor\",\"image\":{\"@type\":\"ImageObject\",\"inLanguage\":\"es\",\"@id\":\"https:\\\/\\\/secure.gravatar.com\\\/avatar\\\/e29bd40bace3fd935e1d6fdb7313ffc14628cc037c5e16f4c7369b20a2a6f7f0?s=96&d=mm&r=g\",\"url\":\"https:\\\/\\\/secure.gravatar.com\\\/avatar\\\/e29bd40bace3fd935e1d6fdb7313ffc14628cc037c5e16f4c7369b20a2a6f7f0?s=96&d=mm&r=g\",\"contentUrl\":\"https:\\\/\\\/secure.gravatar.com\\\/avatar\\\/e29bd40bace3fd935e1d6fdb7313ffc14628cc037c5e16f4c7369b20a2a6f7f0?s=96&d=mm&r=g\",\"caption\":\"veronicapastor\"}}]}<\/script>\n<!-- \/ Yoast SEO plugin. -->","yoast_head_json":{"title":"El Colegio Salesiano San Juan Bosco de Valencia estrena su Musical Solidario \u201cGodspell\u201d - Colegio San Juan Bosco Valencia","robots":{"index":"index","follow":"follow","max-snippet":"max-snippet:-1","max-image-preview":"max-image-preview:large","max-video-preview":"max-video-preview:-1"},"canonical":"https:\/\/valenciasjb.salesianos.edu\/colegio\/el-colegio-salesiano-san-juan-bosco-de-valencia-estrena-su-musical-solidario-godspell\/","og_locale":"es_ES","og_type":"article","og_title":"El Colegio Salesiano San Juan Bosco de Valencia estrena su Musical Solidario \u201cGodspell\u201d - Colegio San Juan Bosco Valencia","og_description":"Godspell es el t\u00edtulo del Musical Solidario que se estren\u00f3 el viernes 23 de febrero, a las 22 horas, en el teatro del colegio salesiano San Juan Bosco de Valencia. Un espect\u00e1culo, todo en directo. Una adaptaci\u00f3n propia del gui\u00f3n original del musical Godspell, que se reestren\u00f3 por \u00faltima vez en Broadway en el a\u00f1o [&hellip;]","og_url":"https:\/\/valenciasjb.salesianos.edu\/colegio\/el-colegio-salesiano-san-juan-bosco-de-valencia-estrena-su-musical-solidario-godspell\/","og_site_name":"Colegio San Juan Bosco Valencia","article_publisher":"https:\/\/www.facebook.com\/ColegioSalesianoSanJuanBoscoValencia","article_published_time":"2018-02-24T12:55:21+00:00","article_modified_time":"2018-02-24T14:38:09+00:00","og_image":[{"width":1024,"height":683,"url":"https:\/\/valenciasjb.salesianos.edu\/colegio\/wp-content\/uploads\/sites\/2\/2018\/02\/Godspell-v23-53-1024x683.jpg","type":"image\/jpeg"}],"author":"veronicapastor","twitter_card":"summary_large_image","twitter_creator":"@SalesianosVSJB","twitter_site":"@SalesianosVSJB","twitter_misc":{"Escrito por":"veronicapastor","Tiempo de lectura":"3 minutos"},"schema":{"@context":"https:\/\/schema.org","@graph":[{"@type":"Article","@id":"https:\/\/valenciasjb.salesianos.edu\/colegio\/el-colegio-salesiano-san-juan-bosco-de-valencia-estrena-su-musical-solidario-godspell\/#article","isPartOf":{"@id":"https:\/\/valenciasjb.salesianos.edu\/colegio\/el-colegio-salesiano-san-juan-bosco-de-valencia-estrena-su-musical-solidario-godspell\/"},"author":{"name":"veronicapastor","@id":"https:\/\/valenciasjb.salesianos.edu\/colegio\/#\/schema\/person\/1f45b67e52b27da175190a574db6bed9"},"headline":"El Colegio Salesiano San Juan Bosco de Valencia estrena su Musical Solidario \u201cGodspell\u201d","datePublished":"2018-02-24T12:55:21+00:00","dateModified":"2018-02-24T14:38:09+00:00","mainEntityOfPage":{"@id":"https:\/\/valenciasjb.salesianos.edu\/colegio\/el-colegio-salesiano-san-juan-bosco-de-valencia-estrena-su-musical-solidario-godspell\/"},"wordCount":695,"image":{"@id":"https:\/\/valenciasjb.salesianos.edu\/colegio\/el-colegio-salesiano-san-juan-bosco-de-valencia-estrena-su-musical-solidario-godspell\/#primaryimage"},"thumbnailUrl":"https:\/\/valenciasjb.salesianos.edu\/colegio\/wp-content\/uploads\/sites\/2\/2018\/02\/Godspell-v23-53.jpg","articleSection":["Noticia Colegio"],"inLanguage":"es"},{"@type":"WebPage","@id":"https:\/\/valenciasjb.salesianos.edu\/colegio\/el-colegio-salesiano-san-juan-bosco-de-valencia-estrena-su-musical-solidario-godspell\/","url":"https:\/\/valenciasjb.salesianos.edu\/colegio\/el-colegio-salesiano-san-juan-bosco-de-valencia-estrena-su-musical-solidario-godspell\/","name":"El Colegio Salesiano San Juan Bosco de Valencia estrena su Musical Solidario \u201cGodspell\u201d - Colegio San Juan Bosco Valencia","isPartOf":{"@id":"https:\/\/valenciasjb.salesianos.edu\/colegio\/#website"},"primaryImageOfPage":{"@id":"https:\/\/valenciasjb.salesianos.edu\/colegio\/el-colegio-salesiano-san-juan-bosco-de-valencia-estrena-su-musical-solidario-godspell\/#primaryimage"},"image":{"@id":"https:\/\/valenciasjb.salesianos.edu\/colegio\/el-colegio-salesiano-san-juan-bosco-de-valencia-estrena-su-musical-solidario-godspell\/#primaryimage"},"thumbnailUrl":"https:\/\/valenciasjb.salesianos.edu\/colegio\/wp-content\/uploads\/sites\/2\/2018\/02\/Godspell-v23-53.jpg","datePublished":"2018-02-24T12:55:21+00:00","dateModified":"2018-02-24T14:38:09+00:00","author":{"@id":"https:\/\/valenciasjb.salesianos.edu\/colegio\/#\/schema\/person\/1f45b67e52b27da175190a574db6bed9"},"breadcrumb":{"@id":"https:\/\/valenciasjb.salesianos.edu\/colegio\/el-colegio-salesiano-san-juan-bosco-de-valencia-estrena-su-musical-solidario-godspell\/#breadcrumb"},"inLanguage":"es","potentialAction":[{"@type":"ReadAction","target":["https:\/\/valenciasjb.salesianos.edu\/colegio\/el-colegio-salesiano-san-juan-bosco-de-valencia-estrena-su-musical-solidario-godspell\/"]}]},{"@type":"ImageObject","inLanguage":"es","@id":"https:\/\/valenciasjb.salesianos.edu\/colegio\/el-colegio-salesiano-san-juan-bosco-de-valencia-estrena-su-musical-solidario-godspell\/#primaryimage","url":"https:\/\/valenciasjb.salesianos.edu\/colegio\/wp-content\/uploads\/sites\/2\/2018\/02\/Godspell-v23-53.jpg","contentUrl":"https:\/\/valenciasjb.salesianos.edu\/colegio\/wp-content\/uploads\/sites\/2\/2018\/02\/Godspell-v23-53.jpg","width":2000,"height":1334},{"@type":"BreadcrumbList","@id":"https:\/\/valenciasjb.salesianos.edu\/colegio\/el-colegio-salesiano-san-juan-bosco-de-valencia-estrena-su-musical-solidario-godspell\/#breadcrumb","itemListElement":[{"@type":"ListItem","position":1,"name":"Portada","item":"https:\/\/valenciasjb.salesianos.edu\/colegio\/"},{"@type":"ListItem","position":2,"name":"El Colegio Salesiano San Juan Bosco de Valencia estrena su Musical Solidario \u201cGodspell\u201d"}]},{"@type":"WebSite","@id":"https:\/\/valenciasjb.salesianos.edu\/colegio\/#website","url":"https:\/\/valenciasjb.salesianos.edu\/colegio\/","name":"Colegio San Juan Bosco Valencia","description":"P\u00e1gina oficial del Colegio Salesianos San Juan Bosco Valencia","alternateName":"Salesianos.VSJB","potentialAction":[{"@type":"SearchAction","target":{"@type":"EntryPoint","urlTemplate":"https:\/\/valenciasjb.salesianos.edu\/colegio\/?s={search_term_string}"},"query-input":{"@type":"PropertyValueSpecification","valueRequired":true,"valueName":"search_term_string"}}],"inLanguage":"es"},{"@type":"Person","@id":"https:\/\/valenciasjb.salesianos.edu\/colegio\/#\/schema\/person\/1f45b67e52b27da175190a574db6bed9","name":"veronicapastor","image":{"@type":"ImageObject","inLanguage":"es","@id":"https:\/\/secure.gravatar.com\/avatar\/e29bd40bace3fd935e1d6fdb7313ffc14628cc037c5e16f4c7369b20a2a6f7f0?s=96&d=mm&r=g","url":"https:\/\/secure.gravatar.com\/avatar\/e29bd40bace3fd935e1d6fdb7313ffc14628cc037c5e16f4c7369b20a2a6f7f0?s=96&d=mm&r=g","contentUrl":"https:\/\/secure.gravatar.com\/avatar\/e29bd40bace3fd935e1d6fdb7313ffc14628cc037c5e16f4c7369b20a2a6f7f0?s=96&d=mm&r=g","caption":"veronicapastor"}}]}},"_links":{"self":[{"href":"https:\/\/valenciasjb.salesianos.edu\/colegio\/wp-json\/wp\/v2\/posts\/8453","targetHints":{"allow":["GET"]}}],"collection":[{"href":"https:\/\/valenciasjb.salesianos.edu\/colegio\/wp-json\/wp\/v2\/posts"}],"about":[{"href":"https:\/\/valenciasjb.salesianos.edu\/colegio\/wp-json\/wp\/v2\/types\/post"}],"author":[{"embeddable":true,"href":"https:\/\/valenciasjb.salesianos.edu\/colegio\/wp-json\/wp\/v2\/users\/6"}],"replies":[{"embeddable":true,"href":"https:\/\/valenciasjb.salesianos.edu\/colegio\/wp-json\/wp\/v2\/comments?post=8453"}],"version-history":[{"count":6,"href":"https:\/\/valenciasjb.salesianos.edu\/colegio\/wp-json\/wp\/v2\/posts\/8453\/revisions"}],"predecessor-version":[{"id":8477,"href":"https:\/\/valenciasjb.salesianos.edu\/colegio\/wp-json\/wp\/v2\/posts\/8453\/revisions\/8477"}],"wp:featuredmedia":[{"embeddable":true,"href":"https:\/\/valenciasjb.salesianos.edu\/colegio\/wp-json\/wp\/v2\/media\/8467"}],"wp:attachment":[{"href":"https:\/\/valenciasjb.salesianos.edu\/colegio\/wp-json\/wp\/v2\/media?parent=8453"}],"wp:term":[{"taxonomy":"category","embeddable":true,"href":"https:\/\/valenciasjb.salesianos.edu\/colegio\/wp-json\/wp\/v2\/categories?post=8453"},{"taxonomy":"post_tag","embeddable":true,"href":"https:\/\/valenciasjb.salesianos.edu\/colegio\/wp-json\/wp\/v2\/tags?post=8453"}],"curies":[{"name":"wp","href":"https:\/\/api.w.org\/{rel}","templated":true}]}}