{"id":8478,"date":"2018-02-24T17:55:29","date_gmt":"2018-02-24T16:55:29","guid":{"rendered":"https:\/\/valenciasjb.salesianos.edu\/colegio\/?p=8478"},"modified":"2018-02-24T17:59:50","modified_gmt":"2018-02-24T16:59:50","slug":"visita-de-payasospital-a-infantil-y-primaria","status":"publish","type":"post","link":"https:\/\/valenciasjb.salesianos.edu\/colegio\/visita-de-payasospital-a-infantil-y-primaria\/","title":{"rendered":"VISITA DE PAYASOSPITAL A INFANTIL Y PRIMARIA"},"content":{"rendered":"<div id=\"fb-root\"><\/div>\n<p>[et_pb_section bb_built=\u00bb1&#8243; admin_label=\u00bbsection\u00bb][et_pb_row admin_label=\u00bbrow\u00bb background_position=\u00bbtop_left\u00bb background_repeat=\u00bbrepeat\u00bb background_size=\u00bbinitial\u00bb][et_pb_column type=\u00bb2_3&#8243;][et_pb_text admin_label=\u00bbEntradilla (Texto)\u00bb _builder_version=\u00bb3.0.95&#8243; background_layout=\u00bblight\u00bb text_orientation=\u00bbjustified\u00bb text_font=\u00bb|on|||\u00bb]<\/p>\n<div id=\"resumen\"><strong>El pasado jueves d\u00eda 22, y de la mano de AMPAS, nos visitaron nuestros amigos de Payasospital haciendo re\u00edr a todos los ni\u00f1os que disfrutaron de lo lindo con las actuaciones.<\/strong><\/div>\n<div><\/div>\n<p>[\/et_pb_text][et_pb_text admin_label=\u00bbDesarrollo (Texto)\u00bb _builder_version=\u00bb3.0.95&#8243; background_layout=\u00bblight\u00bb text_orientation=\u00bbjustified\u00bb]<\/p>\n<p>El pasado jueves d\u00eda 22, y de la mano de AMPAS, nos visitaron nuestros amigos de @Payasospital haciendo re\u00edr a todos los ni\u00f1os que disfrutaron de lo lindo con las actuaciones. La visita fue el resultado de la colaboraci\u00f3n de toda la comunidad educativa en la adquisici\u00f3n de los calendarios solidarios del 2018. Agradecemos a @Payasospital su visita y confiamos en seguir colaborando con ellos en esta iniciativa para que no falte una sonrisa a los ni\u00f1os hospitalizados en la comunidad Valenciana. Gracias, gracias, gracias. #ampassjb<\/p>\n<p>[\/et_pb_text][\/et_pb_column][et_pb_column type=\u00bb1_3&#8243;][et_pb_image _builder_version=\u00bb3.0.95&#8243; src=\u00bbhttps:\/\/valenciasjb.salesianos.edu\/colegio\/wp-content\/uploads\/sites\/2\/2018\/02\/IMG-20180222-WA0003-1.jpg\u00bb show_in_lightbox=\u00bboff\u00bb url_new_window=\u00bboff\u00bb use_overlay=\u00bboff\u00bb always_center_on_mobile=\u00bbon\u00bb force_fullwidth=\u00bboff\u00bb show_bottom_space=\u00bbon\u00bb \/][et_pb_gallery _builder_version=\u00bb3.0.95&#8243; gallery_orderby=\u00bbrand\u00bb show_title_and_caption=\u00bbon\u00bb show_pagination=\u00bbon\u00bb gallery_ids=\u00bb8479,8480,8481,8482,8483,8484,8485,8486,8487,8488,8489,8490,8491,8492,8493,8494,8495,8496,8497,8498,8499,8500,8501,8502,8503&#8243; fullwidth=\u00bboff\u00bb orientation=\u00bblandscape\u00bb zoom_icon_color=\u00bb#dc001b\u00bb hover_overlay_color=\u00bbrgba(255,255,255,0.9)\u00bb background_layout=\u00bblight\u00bb pagination_font_size_tablet=\u00bb51&#8243; pagination_line_height_tablet=\u00bb2&#8243; \/][\/et_pb_column][\/et_pb_row][\/et_pb_section]<\/p>\n<!-- AddThis Advanced Settings generic via filter on the_content --><!-- AddThis Share Buttons generic via filter on the_content -->","protected":false},"excerpt":{"rendered":"<p>El pasado jueves d\u00eda 22, y de la mano de AMPAS, nos visitaron nuestros amigos de Payasospital haciendo re\u00edr a todos los ni\u00f1os que disfrutaron de lo lindo con las actuaciones. El pasado jueves d\u00eda 22, y de la mano de AMPAS, nos visitaron nuestros amigos de @Payasospital haciendo re\u00edr a todos los ni\u00f1os que [&hellip;]<\/p>\n<p><!-- AddThis Advanced Settings generic via filter on get_the_excerpt --><!-- AddThis Share Buttons generic via filter on get_the_excerpt --><\/p>\n","protected":false},"author":8,"featured_media":8506,"comment_status":"closed","ping_status":"open","sticky":false,"template":"","format":"standard","meta":{"_et_pb_use_builder":"on","_et_pb_old_content":"","_et_gb_content_width":"","footnotes":""},"categories":[30,14,9,32],"tags":[33,34],"class_list":["post-8478","post","type-post","status-publish","format-standard","has-post-thumbnail","hentry","category-ampas_actividades","category-noticia_colegio","category-noticias","category-noticias-ampas","tag-ampassjb","tag-ampas"],"yoast_head":"<!-- This site is optimized with the Yoast SEO plugin v28.4 - https:\/\/yoast.com\/product\/yoast-seo-wordpress\/ -->\n<title>VISITA DE PAYASOSPITAL A INFANTIL Y PRIMARIA - Colegio San Juan Bosco Valencia<\/title>\n<meta name=\"robots\" content=\"index, follow, max-snippet:-1, max-image-preview:large, max-video-preview:-1\" \/>\n<link rel=\"canonical\" href=\"https:\/\/valenciasjb.salesianos.edu\/colegio\/visita-de-payasospital-a-infantil-y-primaria\/\" \/>\n<meta property=\"og:locale\" content=\"es_ES\" \/>\n<meta property=\"og:type\" content=\"article\" \/>\n<meta property=\"og:title\" content=\"VISITA DE PAYASOSPITAL A INFANTIL Y PRIMARIA - Colegio San Juan Bosco Valencia\" \/>\n<meta property=\"og:description\" content=\"El pasado jueves d\u00eda 22, y de la mano de AMPAS, nos visitaron nuestros amigos de Payasospital haciendo re\u00edr a todos los ni\u00f1os que disfrutaron de lo lindo con las actuaciones. El pasado jueves d\u00eda 22, y de la mano de AMPAS, nos visitaron nuestros amigos de @Payasospital haciendo re\u00edr a todos los ni\u00f1os que [&hellip;]\" \/>\n<meta property=\"og:url\" content=\"https:\/\/valenciasjb.salesianos.edu\/colegio\/visita-de-payasospital-a-infantil-y-primaria\/\" \/>\n<meta property=\"og:site_name\" content=\"Colegio San Juan Bosco Valencia\" \/>\n<meta property=\"article:publisher\" content=\"https:\/\/www.facebook.com\/ColegioSalesianoSanJuanBoscoValencia\" \/>\n<meta property=\"article:published_time\" content=\"2018-02-24T16:55:29+00:00\" \/>\n<meta property=\"article:modified_time\" content=\"2018-02-24T16:59:50+00:00\" \/>\n<meta property=\"og:image\" content=\"https:\/\/valenciasjb.salesianos.edu\/colegio\/wp-content\/uploads\/sites\/2\/2018\/02\/IMG-20180222-WA0003-1.jpg\" \/>\n\t<meta property=\"og:image:width\" content=\"1600\" \/>\n\t<meta property=\"og:image:height\" content=\"1200\" \/>\n\t<meta property=\"og:image:type\" content=\"image\/jpeg\" \/>\n<meta name=\"author\" content=\"ampasvsjb\" \/>\n<meta name=\"twitter:card\" content=\"summary_large_image\" \/>\n<meta name=\"twitter:creator\" content=\"@SalesianosVSJB\" \/>\n<meta name=\"twitter:site\" content=\"@SalesianosVSJB\" \/>\n<meta name=\"twitter:label1\" content=\"Escrito por\" \/>\n\t<meta name=\"twitter:data1\" content=\"ampasvsjb\" \/>\n\t<meta name=\"twitter:label2\" content=\"Tiempo de lectura\" \/>\n\t<meta name=\"twitter:data2\" content=\"1 minuto\" \/>\n<script type=\"application\/ld+json\" class=\"yoast-schema-graph\">{\"@context\":\"https:\\\/\\\/schema.org\",\"@graph\":[{\"@type\":\"Article\",\"@id\":\"https:\\\/\\\/valenciasjb.salesianos.edu\\\/colegio\\\/visita-de-payasospital-a-infantil-y-primaria\\\/#article\",\"isPartOf\":{\"@id\":\"https:\\\/\\\/valenciasjb.salesianos.edu\\\/colegio\\\/visita-de-payasospital-a-infantil-y-primaria\\\/\"},\"author\":{\"name\":\"ampasvsjb\",\"@id\":\"https:\\\/\\\/valenciasjb.salesianos.edu\\\/colegio\\\/#\\\/schema\\\/person\\\/0726ac8cfbb8c3fbd6c5e1c72693053d\"},\"headline\":\"VISITA DE PAYASOSPITAL A INFANTIL Y PRIMARIA\",\"datePublished\":\"2018-02-24T16:55:29+00:00\",\"dateModified\":\"2018-02-24T16:59:50+00:00\",\"mainEntityOfPage\":{\"@id\":\"https:\\\/\\\/valenciasjb.salesianos.edu\\\/colegio\\\/visita-de-payasospital-a-infantil-y-primaria\\\/\"},\"wordCount\":296,\"image\":{\"@id\":\"https:\\\/\\\/valenciasjb.salesianos.edu\\\/colegio\\\/visita-de-payasospital-a-infantil-y-primaria\\\/#primaryimage\"},\"thumbnailUrl\":\"https:\\\/\\\/valenciasjb.salesianos.edu\\\/colegio\\\/wp-content\\\/uploads\\\/sites\\\/2\\\/2018\\\/02\\\/IMG-20180222-WA0003-1.jpg\",\"keywords\":[\"#ampassjb\",\"ampas\"],\"articleSection\":[\"AMPAS Actividades\",\"Noticia Colegio\",\"Noticias\",\"Noticias AMPAS\"],\"inLanguage\":\"es\"},{\"@type\":\"WebPage\",\"@id\":\"https:\\\/\\\/valenciasjb.salesianos.edu\\\/colegio\\\/visita-de-payasospital-a-infantil-y-primaria\\\/\",\"url\":\"https:\\\/\\\/valenciasjb.salesianos.edu\\\/colegio\\\/visita-de-payasospital-a-infantil-y-primaria\\\/\",\"name\":\"VISITA DE PAYASOSPITAL A INFANTIL Y PRIMARIA - Colegio San Juan Bosco Valencia\",\"isPartOf\":{\"@id\":\"https:\\\/\\\/valenciasjb.salesianos.edu\\\/colegio\\\/#website\"},\"primaryImageOfPage\":{\"@id\":\"https:\\\/\\\/valenciasjb.salesianos.edu\\\/colegio\\\/visita-de-payasospital-a-infantil-y-primaria\\\/#primaryimage\"},\"image\":{\"@id\":\"https:\\\/\\\/valenciasjb.salesianos.edu\\\/colegio\\\/visita-de-payasospital-a-infantil-y-primaria\\\/#primaryimage\"},\"thumbnailUrl\":\"https:\\\/\\\/valenciasjb.salesianos.edu\\\/colegio\\\/wp-content\\\/uploads\\\/sites\\\/2\\\/2018\\\/02\\\/IMG-20180222-WA0003-1.jpg\",\"datePublished\":\"2018-02-24T16:55:29+00:00\",\"dateModified\":\"2018-02-24T16:59:50+00:00\",\"author\":{\"@id\":\"https:\\\/\\\/valenciasjb.salesianos.edu\\\/colegio\\\/#\\\/schema\\\/person\\\/0726ac8cfbb8c3fbd6c5e1c72693053d\"},\"breadcrumb\":{\"@id\":\"https:\\\/\\\/valenciasjb.salesianos.edu\\\/colegio\\\/visita-de-payasospital-a-infantil-y-primaria\\\/#breadcrumb\"},\"inLanguage\":\"es\",\"potentialAction\":[{\"@type\":\"ReadAction\",\"target\":[\"https:\\\/\\\/valenciasjb.salesianos.edu\\\/colegio\\\/visita-de-payasospital-a-infantil-y-primaria\\\/\"]}]},{\"@type\":\"ImageObject\",\"inLanguage\":\"es\",\"@id\":\"https:\\\/\\\/valenciasjb.salesianos.edu\\\/colegio\\\/visita-de-payasospital-a-infantil-y-primaria\\\/#primaryimage\",\"url\":\"https:\\\/\\\/valenciasjb.salesianos.edu\\\/colegio\\\/wp-content\\\/uploads\\\/sites\\\/2\\\/2018\\\/02\\\/IMG-20180222-WA0003-1.jpg\",\"contentUrl\":\"https:\\\/\\\/valenciasjb.salesianos.edu\\\/colegio\\\/wp-content\\\/uploads\\\/sites\\\/2\\\/2018\\\/02\\\/IMG-20180222-WA0003-1.jpg\",\"width\":1600,\"height\":1200},{\"@type\":\"BreadcrumbList\",\"@id\":\"https:\\\/\\\/valenciasjb.salesianos.edu\\\/colegio\\\/visita-de-payasospital-a-infantil-y-primaria\\\/#breadcrumb\",\"itemListElement\":[{\"@type\":\"ListItem\",\"position\":1,\"name\":\"Portada\",\"item\":\"https:\\\/\\\/valenciasjb.salesianos.edu\\\/colegio\\\/\"},{\"@type\":\"ListItem\",\"position\":2,\"name\":\"VISITA DE PAYASOSPITAL A INFANTIL Y PRIMARIA\"}]},{\"@type\":\"WebSite\",\"@id\":\"https:\\\/\\\/valenciasjb.salesianos.edu\\\/colegio\\\/#website\",\"url\":\"https:\\\/\\\/valenciasjb.salesianos.edu\\\/colegio\\\/\",\"name\":\"Colegio San Juan Bosco Valencia\",\"description\":\"P\u00e1gina oficial del Colegio Salesianos San Juan Bosco Valencia\",\"alternateName\":\"Salesianos.VSJB\",\"potentialAction\":[{\"@type\":\"SearchAction\",\"target\":{\"@type\":\"EntryPoint\",\"urlTemplate\":\"https:\\\/\\\/valenciasjb.salesianos.edu\\\/colegio\\\/?s={search_term_string}\"},\"query-input\":{\"@type\":\"PropertyValueSpecification\",\"valueRequired\":true,\"valueName\":\"search_term_string\"}}],\"inLanguage\":\"es\"},{\"@type\":\"Person\",\"@id\":\"https:\\\/\\\/valenciasjb.salesianos.edu\\\/colegio\\\/#\\\/schema\\\/person\\\/0726ac8cfbb8c3fbd6c5e1c72693053d\",\"name\":\"ampasvsjb\",\"image\":{\"@type\":\"ImageObject\",\"inLanguage\":\"es\",\"@id\":\"https:\\\/\\\/secure.gravatar.com\\\/avatar\\\/be990de11bab2de567b8fb079bb13b0b2ebe2aab5258b635f6286f7a56c0c6c5?s=96&d=mm&r=g\",\"url\":\"https:\\\/\\\/secure.gravatar.com\\\/avatar\\\/be990de11bab2de567b8fb079bb13b0b2ebe2aab5258b635f6286f7a56c0c6c5?s=96&d=mm&r=g\",\"contentUrl\":\"https:\\\/\\\/secure.gravatar.com\\\/avatar\\\/be990de11bab2de567b8fb079bb13b0b2ebe2aab5258b635f6286f7a56c0c6c5?s=96&d=mm&r=g\",\"caption\":\"ampasvsjb\"}}]}<\/script>\n<!-- \/ Yoast SEO plugin. -->","yoast_head_json":{"title":"VISITA DE PAYASOSPITAL A INFANTIL Y PRIMARIA - Colegio San Juan Bosco Valencia","robots":{"index":"index","follow":"follow","max-snippet":"max-snippet:-1","max-image-preview":"max-image-preview:large","max-video-preview":"max-video-preview:-1"},"canonical":"https:\/\/valenciasjb.salesianos.edu\/colegio\/visita-de-payasospital-a-infantil-y-primaria\/","og_locale":"es_ES","og_type":"article","og_title":"VISITA DE PAYASOSPITAL A INFANTIL Y PRIMARIA - Colegio San Juan Bosco Valencia","og_description":"El pasado jueves d\u00eda 22, y de la mano de AMPAS, nos visitaron nuestros amigos de Payasospital haciendo re\u00edr a todos los ni\u00f1os que disfrutaron de lo lindo con las actuaciones. El pasado jueves d\u00eda 22, y de la mano de AMPAS, nos visitaron nuestros amigos de @Payasospital haciendo re\u00edr a todos los ni\u00f1os que [&hellip;]","og_url":"https:\/\/valenciasjb.salesianos.edu\/colegio\/visita-de-payasospital-a-infantil-y-primaria\/","og_site_name":"Colegio San Juan Bosco Valencia","article_publisher":"https:\/\/www.facebook.com\/ColegioSalesianoSanJuanBoscoValencia","article_published_time":"2018-02-24T16:55:29+00:00","article_modified_time":"2018-02-24T16:59:50+00:00","og_image":[{"width":1600,"height":1200,"url":"https:\/\/valenciasjb.salesianos.edu\/colegio\/wp-content\/uploads\/sites\/2\/2018\/02\/IMG-20180222-WA0003-1.jpg","type":"image\/jpeg"}],"author":"ampasvsjb","twitter_card":"summary_large_image","twitter_creator":"@SalesianosVSJB","twitter_site":"@SalesianosVSJB","twitter_misc":{"Escrito por":"ampasvsjb","Tiempo de lectura":"1 minuto"},"schema":{"@context":"https:\/\/schema.org","@graph":[{"@type":"Article","@id":"https:\/\/valenciasjb.salesianos.edu\/colegio\/visita-de-payasospital-a-infantil-y-primaria\/#article","isPartOf":{"@id":"https:\/\/valenciasjb.salesianos.edu\/colegio\/visita-de-payasospital-a-infantil-y-primaria\/"},"author":{"name":"ampasvsjb","@id":"https:\/\/valenciasjb.salesianos.edu\/colegio\/#\/schema\/person\/0726ac8cfbb8c3fbd6c5e1c72693053d"},"headline":"VISITA DE PAYASOSPITAL A INFANTIL Y PRIMARIA","datePublished":"2018-02-24T16:55:29+00:00","dateModified":"2018-02-24T16:59:50+00:00","mainEntityOfPage":{"@id":"https:\/\/valenciasjb.salesianos.edu\/colegio\/visita-de-payasospital-a-infantil-y-primaria\/"},"wordCount":296,"image":{"@id":"https:\/\/valenciasjb.salesianos.edu\/colegio\/visita-de-payasospital-a-infantil-y-primaria\/#primaryimage"},"thumbnailUrl":"https:\/\/valenciasjb.salesianos.edu\/colegio\/wp-content\/uploads\/sites\/2\/2018\/02\/IMG-20180222-WA0003-1.jpg","keywords":["#ampassjb","ampas"],"articleSection":["AMPAS Actividades","Noticia Colegio","Noticias","Noticias AMPAS"],"inLanguage":"es"},{"@type":"WebPage","@id":"https:\/\/valenciasjb.salesianos.edu\/colegio\/visita-de-payasospital-a-infantil-y-primaria\/","url":"https:\/\/valenciasjb.salesianos.edu\/colegio\/visita-de-payasospital-a-infantil-y-primaria\/","name":"VISITA DE PAYASOSPITAL A INFANTIL Y PRIMARIA - Colegio San Juan Bosco Valencia","isPartOf":{"@id":"https:\/\/valenciasjb.salesianos.edu\/colegio\/#website"},"primaryImageOfPage":{"@id":"https:\/\/valenciasjb.salesianos.edu\/colegio\/visita-de-payasospital-a-infantil-y-primaria\/#primaryimage"},"image":{"@id":"https:\/\/valenciasjb.salesianos.edu\/colegio\/visita-de-payasospital-a-infantil-y-primaria\/#primaryimage"},"thumbnailUrl":"https:\/\/valenciasjb.salesianos.edu\/colegio\/wp-content\/uploads\/sites\/2\/2018\/02\/IMG-20180222-WA0003-1.jpg","datePublished":"2018-02-24T16:55:29+00:00","dateModified":"2018-02-24T16:59:50+00:00","author":{"@id":"https:\/\/valenciasjb.salesianos.edu\/colegio\/#\/schema\/person\/0726ac8cfbb8c3fbd6c5e1c72693053d"},"breadcrumb":{"@id":"https:\/\/valenciasjb.salesianos.edu\/colegio\/visita-de-payasospital-a-infantil-y-primaria\/#breadcrumb"},"inLanguage":"es","potentialAction":[{"@type":"ReadAction","target":["https:\/\/valenciasjb.salesianos.edu\/colegio\/visita-de-payasospital-a-infantil-y-primaria\/"]}]},{"@type":"ImageObject","inLanguage":"es","@id":"https:\/\/valenciasjb.salesianos.edu\/colegio\/visita-de-payasospital-a-infantil-y-primaria\/#primaryimage","url":"https:\/\/valenciasjb.salesianos.edu\/colegio\/wp-content\/uploads\/sites\/2\/2018\/02\/IMG-20180222-WA0003-1.jpg","contentUrl":"https:\/\/valenciasjb.salesianos.edu\/colegio\/wp-content\/uploads\/sites\/2\/2018\/02\/IMG-20180222-WA0003-1.jpg","width":1600,"height":1200},{"@type":"BreadcrumbList","@id":"https:\/\/valenciasjb.salesianos.edu\/colegio\/visita-de-payasospital-a-infantil-y-primaria\/#breadcrumb","itemListElement":[{"@type":"ListItem","position":1,"name":"Portada","item":"https:\/\/valenciasjb.salesianos.edu\/colegio\/"},{"@type":"ListItem","position":2,"name":"VISITA DE PAYASOSPITAL A INFANTIL Y PRIMARIA"}]},{"@type":"WebSite","@id":"https:\/\/valenciasjb.salesianos.edu\/colegio\/#website","url":"https:\/\/valenciasjb.salesianos.edu\/colegio\/","name":"Colegio San Juan Bosco Valencia","description":"P\u00e1gina oficial del Colegio Salesianos San Juan Bosco Valencia","alternateName":"Salesianos.VSJB","potentialAction":[{"@type":"SearchAction","target":{"@type":"EntryPoint","urlTemplate":"https:\/\/valenciasjb.salesianos.edu\/colegio\/?s={search_term_string}"},"query-input":{"@type":"PropertyValueSpecification","valueRequired":true,"valueName":"search_term_string"}}],"inLanguage":"es"},{"@type":"Person","@id":"https:\/\/valenciasjb.salesianos.edu\/colegio\/#\/schema\/person\/0726ac8cfbb8c3fbd6c5e1c72693053d","name":"ampasvsjb","image":{"@type":"ImageObject","inLanguage":"es","@id":"https:\/\/secure.gravatar.com\/avatar\/be990de11bab2de567b8fb079bb13b0b2ebe2aab5258b635f6286f7a56c0c6c5?s=96&d=mm&r=g","url":"https:\/\/secure.gravatar.com\/avatar\/be990de11bab2de567b8fb079bb13b0b2ebe2aab5258b635f6286f7a56c0c6c5?s=96&d=mm&r=g","contentUrl":"https:\/\/secure.gravatar.com\/avatar\/be990de11bab2de567b8fb079bb13b0b2ebe2aab5258b635f6286f7a56c0c6c5?s=96&d=mm&r=g","caption":"ampasvsjb"}}]}},"_links":{"self":[{"href":"https:\/\/valenciasjb.salesianos.edu\/colegio\/wp-json\/wp\/v2\/posts\/8478","targetHints":{"allow":["GET"]}}],"collection":[{"href":"https:\/\/valenciasjb.salesianos.edu\/colegio\/wp-json\/wp\/v2\/posts"}],"about":[{"href":"https:\/\/valenciasjb.salesianos.edu\/colegio\/wp-json\/wp\/v2\/types\/post"}],"author":[{"embeddable":true,"href":"https:\/\/valenciasjb.salesianos.edu\/colegio\/wp-json\/wp\/v2\/users\/8"}],"replies":[{"embeddable":true,"href":"https:\/\/valenciasjb.salesianos.edu\/colegio\/wp-json\/wp\/v2\/comments?post=8478"}],"version-history":[{"count":4,"href":"https:\/\/valenciasjb.salesianos.edu\/colegio\/wp-json\/wp\/v2\/posts\/8478\/revisions"}],"predecessor-version":[{"id":8508,"href":"https:\/\/valenciasjb.salesianos.edu\/colegio\/wp-json\/wp\/v2\/posts\/8478\/revisions\/8508"}],"wp:featuredmedia":[{"embeddable":true,"href":"https:\/\/valenciasjb.salesianos.edu\/colegio\/wp-json\/wp\/v2\/media\/8506"}],"wp:attachment":[{"href":"https:\/\/valenciasjb.salesianos.edu\/colegio\/wp-json\/wp\/v2\/media?parent=8478"}],"wp:term":[{"taxonomy":"category","embeddable":true,"href":"https:\/\/valenciasjb.salesianos.edu\/colegio\/wp-json\/wp\/v2\/categories?post=8478"},{"taxonomy":"post_tag","embeddable":true,"href":"https:\/\/valenciasjb.salesianos.edu\/colegio\/wp-json\/wp\/v2\/tags?post=8478"}],"curies":[{"name":"wp","href":"https:\/\/api.w.org\/{rel}","templated":true}]}}