{"id":8598,"date":"2018-03-05T15:17:38","date_gmt":"2018-03-05T14:17:38","guid":{"rendered":"https:\/\/valenciasjb.salesianos.edu\/colegio\/?p=8598"},"modified":"2018-03-05T15:17:38","modified_gmt":"2018-03-05T14:17:38","slug":"infantil-prepara-la-semana-fallera-valencia-que-bonita-eres","status":"publish","type":"post","link":"https:\/\/valenciasjb.salesianos.edu\/colegio\/infantil-prepara-la-semana-fallera-valencia-que-bonita-eres\/","title":{"rendered":"Infantil prepara la semana fallera: Valencia&#8230; \u00a1Qu\u00e9 bonita eres!"},"content":{"rendered":"<div id=\"fb-root\"><\/div>\n<p>[et_pb_section bb_built=\u00bb1&#8243; admin_label=\u00bbsection\u00bb][et_pb_row admin_label=\u00bbrow\u00bb background_position=\u00bbtop_left\u00bb background_repeat=\u00bbrepeat\u00bb background_size=\u00bbinitial\u00bb][et_pb_column type=\u00bb4_4&#8243;][et_pb_text admin_label=\u00bbEntradilla (Texto)\u00bb _builder_version=\u00bb3.0.105&#8243; background_layout=\u00bblight\u00bb text_orientation=\u00bbjustified\u00bb text_font=\u00bb|on|||\u00bb module_alignment=\u00bbleft\u00bb]<\/p>\n<div id=\"resumen\">\n<p lang=\"ca-ES\" align=\"justify\"><span style=\"color: #000000\"><span style=\"font-family: Verdana, sans-serif\"><span style=\"font-size: small\"><b>Se acercan las fallas y, como todos los a\u00f1os, nos preparamos para celebrar la fiesta de nuestro Patr\u00f3n San Jos\u00e9, con nuestros alumnos y alumnas. En breve en el pabell\u00f3n de Educaci\u00f3n Infantil plantaremos la falla del cole que este curso llevar\u00e1 por lema: Valencia&#8230; \u00a1Qu\u00e9 bonita eres!<\/b><\/span><\/span><\/span><\/p>\n<p><strong><br \/>\n<\/strong><\/div>\n<div><\/div>\n<p>[\/et_pb_text][et_pb_text admin_label=\u00bbAutor (Texto)\u00bb _builder_version=\u00bb3.0.105&#8243; background_layout=\u00bblight\u00bb text_font=\u00bb||on||\u00bb]<\/p>\n<p lang=\"ca-ES\" align=\"left\"><span style=\"color: #000000\"><span style=\"font-family: Verdana, sans-serif\"><span style=\"font-size: small\">Lourdes Muli\u00f3. Profesora de Infantil.<\/span><\/span><\/span><\/p>\n<p>[\/et_pb_text][et_pb_text admin_label=\u00bbDesarrollo (Texto)\u00bb _builder_version=\u00bb3.0.105&#8243; background_layout=\u00bblight\u00bb text_orientation=\u00bbjustified\u00bb module_alignment=\u00bbleft\u00bb]<\/p>\n<p lang=\"ca-ES\" align=\"justify\"><img loading=\"lazy\" decoding=\"async\" class=\"alignnone  wp-image-8606\" src=\"https:\/\/valenciasjb.salesianos.edu\/colegio\/wp-content\/uploads\/sites\/2\/2018\/03\/20180301_090945-300x169.jpg\" alt=\"\" width=\"772\" height=\"435\" srcset=\"https:\/\/valenciasjb.salesianos.edu\/colegio\/wp-content\/uploads\/sites\/2\/2018\/03\/20180301_090945-300x169.jpg 300w, https:\/\/valenciasjb.salesianos.edu\/colegio\/wp-content\/uploads\/sites\/2\/2018\/03\/20180301_090945-768x432.jpg 768w, https:\/\/valenciasjb.salesianos.edu\/colegio\/wp-content\/uploads\/sites\/2\/2018\/03\/20180301_090945-1024x576.jpg 1024w, https:\/\/valenciasjb.salesianos.edu\/colegio\/wp-content\/uploads\/sites\/2\/2018\/03\/20180301_090945-1080x608.jpg 1080w\" sizes=\"(max-width: 772px) 100vw, 772px\" \/><\/p>\n<p lang=\"ca-ES\" align=\"justify\"><span style=\"color: #000000\"><span style=\"font-family: Verdana, sans-serif\"><span style=\"font-size: small\">Este a\u00f1o tendremos una gran novedad. El claustro de Educaci\u00f3n Infantil quiere hacer part\u00edcipe a todas las familias y que sean ellas las principales protagonistas. Para ello, han lanzado la propuesta de que sean las propias familias, junto con sus peque\u00f1os, quienes se conviertan en grandes artistas falleros y realizen conjuntamente, en casa, las bonitas escenas de la ciudad de Valencia y los preciosos ninots de la cultura valenciana y plantar nuestra admirada falla.<\/span><\/span><\/span><\/p>\n<p lang=\"ca-ES\" align=\"justify\"><span style=\"color: #000000\"><span style=\"font-family: Verdana, sans-serif\"><span style=\"font-size: small\">Para que todo quede bien hilado se han repartido unas peque\u00f1as normas y hemos dado algunas sugerencias por clases para tenerlo todo organizado.<\/span><\/span><\/span><\/p>\n<p lang=\"ca-ES\" align=\"justify\"><span style=\"color: #000000\"><span style=\"font-family: Verdana, sans-serif\"><span style=\"font-size: small\">Esperamos que os agrade la idea y contamos con toda vuestra colaboraci\u00f3n.<\/span><\/span><\/span><\/p>\n<p lang=\"ca-ES\" align=\"justify\"><span style=\"color: #000000\"><span style=\"font-family: Verdana, sans-serif\"><span style=\"font-size: small\">\u00a1Ya nos est\u00e1n llegando a las aulas verdaderas obras de arte!<\/span><\/span><\/span><\/p>\n<p lang=\"ca-ES\" align=\"justify\"><span style=\"color: #000000\"><span style=\"font-family: Verdana, sans-serif\"><span style=\"font-size: small\">Pero no todo es plantar la falla. Tenemos programados para los alumnos de Infantil gran cantidad de actos en nuestra particular Semana Fallera, que comenzar\u00e1 el 7 de marzo y finalizar\u00e1 el 14.<\/span><\/span><\/span><\/p>\n<p lang=\"ca-ES\" align=\"justify\"><span style=\"color: #000000\"><span style=\"font-family: Verdana, sans-serif\"><span style=\"font-size: small\">Comenzaremos la noche del mi\u00e9rcoles 7 de marzo. Las se\u00f1os plantar\u00e1n la falla para admirarla desde la ma\u00f1ana del 8 de marzo con todos nuestros alumnos engalanados con sus blusones falleros. Desde primera hora de la ma\u00f1ana ir\u00e1n \u201cVISITANDO la falla\u201d con gran atenci\u00f3n puesto que luego realizar\u00e1n un dibujo de la misma que ser\u00e1n expuestos el d\u00eda 9 de marzo por los pasillos del cole.<\/span><\/span><\/span><\/p>\n<p lang=\"ca-ES\" align=\"justify\"><span style=\"color: #000000\"><span style=\"font-family: Verdana, sans-serif\"><span style=\"font-size: small\">Ya el lunes 12 de marzo haremos la tradicional \u201cOFRENDA\u201d a la Mare de D\u00e9u dels Desamparats y el martes 13 por la tarde realizaremos un pasacalles por el patio del colegio.<\/span><\/span><\/span><\/p>\n<p lang=\"ca-ES\" align=\"justify\"><span style=\"color: #000000\"><span style=\"font-family: Verdana, sans-serif\"><span style=\"font-size: small\">Y para terminar con esta apretada agenda, el mi\u00e9rcoles 14 almorzaremos todos una gran \u201cXOCOLAT\u00c0\u201d, organizada por AMPAS y despu\u00e9s acudiremos como espectadores a la \u201cGlobot\u00e0\u201d organizada por los alumnos de primaria.<\/span><\/span><\/span><\/p>\n<p lang=\"ca-ES\" align=\"justify\"><span style=\"color: #000000\"><span style=\"font-family: Verdana, sans-serif\"><span style=\"font-size: small\">\u00a1Visca les Falles!<\/span><\/span><\/span><\/p>\n<p>[\/et_pb_text][et_pb_text admin_label=\u00bbT\u00edtulo: Galer\u00eda de fotos (Texto)\u00bb _builder_version=\u00bb3.0.76&#8243; background_layout=\u00bblight\u00bb text_font=\u00bb|on|||\u00bb text_text_color=\u00bb#dc001b\u00bb border_style=\u00bbsolid\u00bb disabled=\u00bboff\u00bb disabled_on=\u00bboff|on|on\u00bb]<\/p>\n<p>Galer\u00eda de im\u00e1genes<\/p>\n<p>[\/et_pb_text][et_pb_gallery _builder_version=\u00bb3.0.105&#8243; posts_number=\u00bb8&#8243; show_title_and_caption=\u00bboff\u00bb show_pagination=\u00bbon\u00bb fullwidth=\u00bboff\u00bb orientation=\u00bblandscape\u00bb zoom_icon_color=\u00bb#dc001b\u00bb hover_overlay_color=\u00bbrgba(255,255,255,0.9)\u00bb hover_icon=\u00bb%%51%%\u00bb background_layout=\u00bblight\u00bb disabled=\u00bboff\u00bb disabled_on=\u00bboff|off|off\u00bb gallery_ids=\u00bb8599,8600,8601,8602,8603,8604,8605,8607&#8243; pagination_font_size_tablet=\u00bb51&#8243; pagination_line_height_tablet=\u00bb2&#8243; \/][et_pb_video _builder_version=\u00bb3.0.51&#8243; disabled=\u00bbon\u00bb disabled_on=\u00bbon|on|on\u00bb \/][\/et_pb_column][\/et_pb_row][\/et_pb_section]<\/p>\n<!-- AddThis Advanced Settings generic via filter on the_content --><!-- AddThis Share Buttons generic via filter on the_content -->","protected":false},"excerpt":{"rendered":"<p>Se acercan las fallas y, como todos los a\u00f1os, nos preparamos para celebrar la fiesta de nuestro Patr\u00f3n San Jos\u00e9, con nuestros alumnos y alumnas. En breve en el pabell\u00f3n de Educaci\u00f3n Infantil plantaremos la falla del cole que este curso llevar\u00e1 por lema: Valencia&#8230; \u00a1Qu\u00e9 bonita eres! Lourdes Muli\u00f3. Profesora de Infantil. Este a\u00f1o [&hellip;]<\/p>\n<p><!-- AddThis Advanced Settings generic via filter on get_the_excerpt --><!-- AddThis Share Buttons generic via filter on get_the_excerpt --><\/p>\n","protected":false},"author":6,"featured_media":8606,"comment_status":"closed","ping_status":"open","sticky":false,"template":"","format":"standard","meta":{"_et_pb_use_builder":"on","_et_pb_old_content":"","_et_gb_content_width":"","footnotes":""},"categories":[14],"tags":[],"class_list":["post-8598","post","type-post","status-publish","format-standard","has-post-thumbnail","hentry","category-noticia_colegio"],"yoast_head":"<!-- This site is optimized with the Yoast SEO plugin v28.4 - https:\/\/yoast.com\/product\/yoast-seo-wordpress\/ -->\n<title>Infantil prepara la semana fallera: Valencia... \u00a1Qu\u00e9 bonita eres! - Colegio San Juan Bosco Valencia<\/title>\n<meta name=\"robots\" content=\"index, follow, max-snippet:-1, max-image-preview:large, max-video-preview:-1\" \/>\n<link rel=\"canonical\" href=\"https:\/\/valenciasjb.salesianos.edu\/colegio\/infantil-prepara-la-semana-fallera-valencia-que-bonita-eres\/\" \/>\n<meta property=\"og:locale\" content=\"es_ES\" \/>\n<meta property=\"og:type\" content=\"article\" \/>\n<meta property=\"og:title\" content=\"Infantil prepara la semana fallera: Valencia... \u00a1Qu\u00e9 bonita eres! - Colegio San Juan Bosco Valencia\" \/>\n<meta property=\"og:description\" content=\"Se acercan las fallas y, como todos los a\u00f1os, nos preparamos para celebrar la fiesta de nuestro Patr\u00f3n San Jos\u00e9, con nuestros alumnos y alumnas. En breve en el pabell\u00f3n de Educaci\u00f3n Infantil plantaremos la falla del cole que este curso llevar\u00e1 por lema: Valencia... \u00a1Qu\u00e9 bonita eres! Lourdes Muli\u00f3. Profesora de Infantil. Este a\u00f1o [&hellip;]\" \/>\n<meta property=\"og:url\" content=\"https:\/\/valenciasjb.salesianos.edu\/colegio\/infantil-prepara-la-semana-fallera-valencia-que-bonita-eres\/\" \/>\n<meta property=\"og:site_name\" content=\"Colegio San Juan Bosco Valencia\" \/>\n<meta property=\"article:publisher\" content=\"https:\/\/www.facebook.com\/ColegioSalesianoSanJuanBoscoValencia\" \/>\n<meta property=\"article:published_time\" content=\"2018-03-05T14:17:38+00:00\" \/>\n<meta property=\"og:image\" content=\"https:\/\/valenciasjb.salesianos.edu\/colegio\/wp-content\/uploads\/sites\/2\/2018\/03\/20180301_090945.jpg\" \/>\n\t<meta property=\"og:image:width\" content=\"3264\" \/>\n\t<meta property=\"og:image:height\" content=\"1836\" \/>\n\t<meta property=\"og:image:type\" content=\"image\/jpeg\" \/>\n<meta name=\"author\" content=\"veronicapastor\" \/>\n<meta name=\"twitter:card\" content=\"summary_large_image\" \/>\n<meta name=\"twitter:creator\" content=\"@SalesianosVSJB\" \/>\n<meta name=\"twitter:site\" content=\"@SalesianosVSJB\" \/>\n<meta name=\"twitter:label1\" content=\"Escrito por\" \/>\n\t<meta name=\"twitter:data1\" content=\"veronicapastor\" \/>\n\t<meta name=\"twitter:label2\" content=\"Tiempo de lectura\" \/>\n\t<meta name=\"twitter:data2\" content=\"3 minutos\" \/>\n<script type=\"application\/ld+json\" class=\"yoast-schema-graph\">{\"@context\":\"https:\\\/\\\/schema.org\",\"@graph\":[{\"@type\":\"Article\",\"@id\":\"https:\\\/\\\/valenciasjb.salesianos.edu\\\/colegio\\\/infantil-prepara-la-semana-fallera-valencia-que-bonita-eres\\\/#article\",\"isPartOf\":{\"@id\":\"https:\\\/\\\/valenciasjb.salesianos.edu\\\/colegio\\\/infantil-prepara-la-semana-fallera-valencia-que-bonita-eres\\\/\"},\"author\":{\"name\":\"veronicapastor\",\"@id\":\"https:\\\/\\\/valenciasjb.salesianos.edu\\\/colegio\\\/#\\\/schema\\\/person\\\/1f45b67e52b27da175190a574db6bed9\"},\"headline\":\"Infantil prepara la semana fallera: Valencia&#8230; \u00a1Qu\u00e9 bonita eres!\",\"datePublished\":\"2018-03-05T14:17:38+00:00\",\"mainEntityOfPage\":{\"@id\":\"https:\\\/\\\/valenciasjb.salesianos.edu\\\/colegio\\\/infantil-prepara-la-semana-fallera-valencia-que-bonita-eres\\\/\"},\"wordCount\":569,\"image\":{\"@id\":\"https:\\\/\\\/valenciasjb.salesianos.edu\\\/colegio\\\/infantil-prepara-la-semana-fallera-valencia-que-bonita-eres\\\/#primaryimage\"},\"thumbnailUrl\":\"https:\\\/\\\/valenciasjb.salesianos.edu\\\/colegio\\\/wp-content\\\/uploads\\\/sites\\\/2\\\/2018\\\/03\\\/20180301_090945.jpg\",\"articleSection\":[\"Noticia Colegio\"],\"inLanguage\":\"es\"},{\"@type\":\"WebPage\",\"@id\":\"https:\\\/\\\/valenciasjb.salesianos.edu\\\/colegio\\\/infantil-prepara-la-semana-fallera-valencia-que-bonita-eres\\\/\",\"url\":\"https:\\\/\\\/valenciasjb.salesianos.edu\\\/colegio\\\/infantil-prepara-la-semana-fallera-valencia-que-bonita-eres\\\/\",\"name\":\"Infantil prepara la semana fallera: Valencia... \u00a1Qu\u00e9 bonita eres! - Colegio San Juan Bosco Valencia\",\"isPartOf\":{\"@id\":\"https:\\\/\\\/valenciasjb.salesianos.edu\\\/colegio\\\/#website\"},\"primaryImageOfPage\":{\"@id\":\"https:\\\/\\\/valenciasjb.salesianos.edu\\\/colegio\\\/infantil-prepara-la-semana-fallera-valencia-que-bonita-eres\\\/#primaryimage\"},\"image\":{\"@id\":\"https:\\\/\\\/valenciasjb.salesianos.edu\\\/colegio\\\/infantil-prepara-la-semana-fallera-valencia-que-bonita-eres\\\/#primaryimage\"},\"thumbnailUrl\":\"https:\\\/\\\/valenciasjb.salesianos.edu\\\/colegio\\\/wp-content\\\/uploads\\\/sites\\\/2\\\/2018\\\/03\\\/20180301_090945.jpg\",\"datePublished\":\"2018-03-05T14:17:38+00:00\",\"author\":{\"@id\":\"https:\\\/\\\/valenciasjb.salesianos.edu\\\/colegio\\\/#\\\/schema\\\/person\\\/1f45b67e52b27da175190a574db6bed9\"},\"breadcrumb\":{\"@id\":\"https:\\\/\\\/valenciasjb.salesianos.edu\\\/colegio\\\/infantil-prepara-la-semana-fallera-valencia-que-bonita-eres\\\/#breadcrumb\"},\"inLanguage\":\"es\",\"potentialAction\":[{\"@type\":\"ReadAction\",\"target\":[\"https:\\\/\\\/valenciasjb.salesianos.edu\\\/colegio\\\/infantil-prepara-la-semana-fallera-valencia-que-bonita-eres\\\/\"]}]},{\"@type\":\"ImageObject\",\"inLanguage\":\"es\",\"@id\":\"https:\\\/\\\/valenciasjb.salesianos.edu\\\/colegio\\\/infantil-prepara-la-semana-fallera-valencia-que-bonita-eres\\\/#primaryimage\",\"url\":\"https:\\\/\\\/valenciasjb.salesianos.edu\\\/colegio\\\/wp-content\\\/uploads\\\/sites\\\/2\\\/2018\\\/03\\\/20180301_090945.jpg\",\"contentUrl\":\"https:\\\/\\\/valenciasjb.salesianos.edu\\\/colegio\\\/wp-content\\\/uploads\\\/sites\\\/2\\\/2018\\\/03\\\/20180301_090945.jpg\",\"width\":3264,\"height\":1836},{\"@type\":\"BreadcrumbList\",\"@id\":\"https:\\\/\\\/valenciasjb.salesianos.edu\\\/colegio\\\/infantil-prepara-la-semana-fallera-valencia-que-bonita-eres\\\/#breadcrumb\",\"itemListElement\":[{\"@type\":\"ListItem\",\"position\":1,\"name\":\"Portada\",\"item\":\"https:\\\/\\\/valenciasjb.salesianos.edu\\\/colegio\\\/\"},{\"@type\":\"ListItem\",\"position\":2,\"name\":\"Infantil prepara la semana fallera: Valencia&#8230; \u00a1Qu\u00e9 bonita eres!\"}]},{\"@type\":\"WebSite\",\"@id\":\"https:\\\/\\\/valenciasjb.salesianos.edu\\\/colegio\\\/#website\",\"url\":\"https:\\\/\\\/valenciasjb.salesianos.edu\\\/colegio\\\/\",\"name\":\"Colegio San Juan Bosco Valencia\",\"description\":\"P\u00e1gina oficial del Colegio Salesianos San Juan Bosco Valencia\",\"alternateName\":\"Salesianos.VSJB\",\"potentialAction\":[{\"@type\":\"SearchAction\",\"target\":{\"@type\":\"EntryPoint\",\"urlTemplate\":\"https:\\\/\\\/valenciasjb.salesianos.edu\\\/colegio\\\/?s={search_term_string}\"},\"query-input\":{\"@type\":\"PropertyValueSpecification\",\"valueRequired\":true,\"valueName\":\"search_term_string\"}}],\"inLanguage\":\"es\"},{\"@type\":\"Person\",\"@id\":\"https:\\\/\\\/valenciasjb.salesianos.edu\\\/colegio\\\/#\\\/schema\\\/person\\\/1f45b67e52b27da175190a574db6bed9\",\"name\":\"veronicapastor\",\"image\":{\"@type\":\"ImageObject\",\"inLanguage\":\"es\",\"@id\":\"https:\\\/\\\/secure.gravatar.com\\\/avatar\\\/e29bd40bace3fd935e1d6fdb7313ffc14628cc037c5e16f4c7369b20a2a6f7f0?s=96&d=mm&r=g\",\"url\":\"https:\\\/\\\/secure.gravatar.com\\\/avatar\\\/e29bd40bace3fd935e1d6fdb7313ffc14628cc037c5e16f4c7369b20a2a6f7f0?s=96&d=mm&r=g\",\"contentUrl\":\"https:\\\/\\\/secure.gravatar.com\\\/avatar\\\/e29bd40bace3fd935e1d6fdb7313ffc14628cc037c5e16f4c7369b20a2a6f7f0?s=96&d=mm&r=g\",\"caption\":\"veronicapastor\"}}]}<\/script>\n<!-- \/ Yoast SEO plugin. -->","yoast_head_json":{"title":"Infantil prepara la semana fallera: Valencia... \u00a1Qu\u00e9 bonita eres! - Colegio San Juan Bosco Valencia","robots":{"index":"index","follow":"follow","max-snippet":"max-snippet:-1","max-image-preview":"max-image-preview:large","max-video-preview":"max-video-preview:-1"},"canonical":"https:\/\/valenciasjb.salesianos.edu\/colegio\/infantil-prepara-la-semana-fallera-valencia-que-bonita-eres\/","og_locale":"es_ES","og_type":"article","og_title":"Infantil prepara la semana fallera: Valencia... \u00a1Qu\u00e9 bonita eres! - Colegio San Juan Bosco Valencia","og_description":"Se acercan las fallas y, como todos los a\u00f1os, nos preparamos para celebrar la fiesta de nuestro Patr\u00f3n San Jos\u00e9, con nuestros alumnos y alumnas. En breve en el pabell\u00f3n de Educaci\u00f3n Infantil plantaremos la falla del cole que este curso llevar\u00e1 por lema: Valencia... \u00a1Qu\u00e9 bonita eres! Lourdes Muli\u00f3. Profesora de Infantil. Este a\u00f1o [&hellip;]","og_url":"https:\/\/valenciasjb.salesianos.edu\/colegio\/infantil-prepara-la-semana-fallera-valencia-que-bonita-eres\/","og_site_name":"Colegio San Juan Bosco Valencia","article_publisher":"https:\/\/www.facebook.com\/ColegioSalesianoSanJuanBoscoValencia","article_published_time":"2018-03-05T14:17:38+00:00","og_image":[{"width":3264,"height":1836,"url":"https:\/\/valenciasjb.salesianos.edu\/colegio\/wp-content\/uploads\/sites\/2\/2018\/03\/20180301_090945.jpg","type":"image\/jpeg"}],"author":"veronicapastor","twitter_card":"summary_large_image","twitter_creator":"@SalesianosVSJB","twitter_site":"@SalesianosVSJB","twitter_misc":{"Escrito por":"veronicapastor","Tiempo de lectura":"3 minutos"},"schema":{"@context":"https:\/\/schema.org","@graph":[{"@type":"Article","@id":"https:\/\/valenciasjb.salesianos.edu\/colegio\/infantil-prepara-la-semana-fallera-valencia-que-bonita-eres\/#article","isPartOf":{"@id":"https:\/\/valenciasjb.salesianos.edu\/colegio\/infantil-prepara-la-semana-fallera-valencia-que-bonita-eres\/"},"author":{"name":"veronicapastor","@id":"https:\/\/valenciasjb.salesianos.edu\/colegio\/#\/schema\/person\/1f45b67e52b27da175190a574db6bed9"},"headline":"Infantil prepara la semana fallera: Valencia&#8230; \u00a1Qu\u00e9 bonita eres!","datePublished":"2018-03-05T14:17:38+00:00","mainEntityOfPage":{"@id":"https:\/\/valenciasjb.salesianos.edu\/colegio\/infantil-prepara-la-semana-fallera-valencia-que-bonita-eres\/"},"wordCount":569,"image":{"@id":"https:\/\/valenciasjb.salesianos.edu\/colegio\/infantil-prepara-la-semana-fallera-valencia-que-bonita-eres\/#primaryimage"},"thumbnailUrl":"https:\/\/valenciasjb.salesianos.edu\/colegio\/wp-content\/uploads\/sites\/2\/2018\/03\/20180301_090945.jpg","articleSection":["Noticia Colegio"],"inLanguage":"es"},{"@type":"WebPage","@id":"https:\/\/valenciasjb.salesianos.edu\/colegio\/infantil-prepara-la-semana-fallera-valencia-que-bonita-eres\/","url":"https:\/\/valenciasjb.salesianos.edu\/colegio\/infantil-prepara-la-semana-fallera-valencia-que-bonita-eres\/","name":"Infantil prepara la semana fallera: Valencia... \u00a1Qu\u00e9 bonita eres! - Colegio San Juan Bosco Valencia","isPartOf":{"@id":"https:\/\/valenciasjb.salesianos.edu\/colegio\/#website"},"primaryImageOfPage":{"@id":"https:\/\/valenciasjb.salesianos.edu\/colegio\/infantil-prepara-la-semana-fallera-valencia-que-bonita-eres\/#primaryimage"},"image":{"@id":"https:\/\/valenciasjb.salesianos.edu\/colegio\/infantil-prepara-la-semana-fallera-valencia-que-bonita-eres\/#primaryimage"},"thumbnailUrl":"https:\/\/valenciasjb.salesianos.edu\/colegio\/wp-content\/uploads\/sites\/2\/2018\/03\/20180301_090945.jpg","datePublished":"2018-03-05T14:17:38+00:00","author":{"@id":"https:\/\/valenciasjb.salesianos.edu\/colegio\/#\/schema\/person\/1f45b67e52b27da175190a574db6bed9"},"breadcrumb":{"@id":"https:\/\/valenciasjb.salesianos.edu\/colegio\/infantil-prepara-la-semana-fallera-valencia-que-bonita-eres\/#breadcrumb"},"inLanguage":"es","potentialAction":[{"@type":"ReadAction","target":["https:\/\/valenciasjb.salesianos.edu\/colegio\/infantil-prepara-la-semana-fallera-valencia-que-bonita-eres\/"]}]},{"@type":"ImageObject","inLanguage":"es","@id":"https:\/\/valenciasjb.salesianos.edu\/colegio\/infantil-prepara-la-semana-fallera-valencia-que-bonita-eres\/#primaryimage","url":"https:\/\/valenciasjb.salesianos.edu\/colegio\/wp-content\/uploads\/sites\/2\/2018\/03\/20180301_090945.jpg","contentUrl":"https:\/\/valenciasjb.salesianos.edu\/colegio\/wp-content\/uploads\/sites\/2\/2018\/03\/20180301_090945.jpg","width":3264,"height":1836},{"@type":"BreadcrumbList","@id":"https:\/\/valenciasjb.salesianos.edu\/colegio\/infantil-prepara-la-semana-fallera-valencia-que-bonita-eres\/#breadcrumb","itemListElement":[{"@type":"ListItem","position":1,"name":"Portada","item":"https:\/\/valenciasjb.salesianos.edu\/colegio\/"},{"@type":"ListItem","position":2,"name":"Infantil prepara la semana fallera: Valencia&#8230; \u00a1Qu\u00e9 bonita eres!"}]},{"@type":"WebSite","@id":"https:\/\/valenciasjb.salesianos.edu\/colegio\/#website","url":"https:\/\/valenciasjb.salesianos.edu\/colegio\/","name":"Colegio San Juan Bosco Valencia","description":"P\u00e1gina oficial del Colegio Salesianos San Juan Bosco Valencia","alternateName":"Salesianos.VSJB","potentialAction":[{"@type":"SearchAction","target":{"@type":"EntryPoint","urlTemplate":"https:\/\/valenciasjb.salesianos.edu\/colegio\/?s={search_term_string}"},"query-input":{"@type":"PropertyValueSpecification","valueRequired":true,"valueName":"search_term_string"}}],"inLanguage":"es"},{"@type":"Person","@id":"https:\/\/valenciasjb.salesianos.edu\/colegio\/#\/schema\/person\/1f45b67e52b27da175190a574db6bed9","name":"veronicapastor","image":{"@type":"ImageObject","inLanguage":"es","@id":"https:\/\/secure.gravatar.com\/avatar\/e29bd40bace3fd935e1d6fdb7313ffc14628cc037c5e16f4c7369b20a2a6f7f0?s=96&d=mm&r=g","url":"https:\/\/secure.gravatar.com\/avatar\/e29bd40bace3fd935e1d6fdb7313ffc14628cc037c5e16f4c7369b20a2a6f7f0?s=96&d=mm&r=g","contentUrl":"https:\/\/secure.gravatar.com\/avatar\/e29bd40bace3fd935e1d6fdb7313ffc14628cc037c5e16f4c7369b20a2a6f7f0?s=96&d=mm&r=g","caption":"veronicapastor"}}]}},"_links":{"self":[{"href":"https:\/\/valenciasjb.salesianos.edu\/colegio\/wp-json\/wp\/v2\/posts\/8598","targetHints":{"allow":["GET"]}}],"collection":[{"href":"https:\/\/valenciasjb.salesianos.edu\/colegio\/wp-json\/wp\/v2\/posts"}],"about":[{"href":"https:\/\/valenciasjb.salesianos.edu\/colegio\/wp-json\/wp\/v2\/types\/post"}],"author":[{"embeddable":true,"href":"https:\/\/valenciasjb.salesianos.edu\/colegio\/wp-json\/wp\/v2\/users\/6"}],"replies":[{"embeddable":true,"href":"https:\/\/valenciasjb.salesianos.edu\/colegio\/wp-json\/wp\/v2\/comments?post=8598"}],"version-history":[{"count":2,"href":"https:\/\/valenciasjb.salesianos.edu\/colegio\/wp-json\/wp\/v2\/posts\/8598\/revisions"}],"predecessor-version":[{"id":8609,"href":"https:\/\/valenciasjb.salesianos.edu\/colegio\/wp-json\/wp\/v2\/posts\/8598\/revisions\/8609"}],"wp:featuredmedia":[{"embeddable":true,"href":"https:\/\/valenciasjb.salesianos.edu\/colegio\/wp-json\/wp\/v2\/media\/8606"}],"wp:attachment":[{"href":"https:\/\/valenciasjb.salesianos.edu\/colegio\/wp-json\/wp\/v2\/media?parent=8598"}],"wp:term":[{"taxonomy":"category","embeddable":true,"href":"https:\/\/valenciasjb.salesianos.edu\/colegio\/wp-json\/wp\/v2\/categories?post=8598"},{"taxonomy":"post_tag","embeddable":true,"href":"https:\/\/valenciasjb.salesianos.edu\/colegio\/wp-json\/wp\/v2\/tags?post=8598"}],"curies":[{"name":"wp","href":"https:\/\/api.w.org\/{rel}","templated":true}]}}