{"id":8645,"date":"2018-03-16T23:14:33","date_gmt":"2018-03-16T22:14:33","guid":{"rendered":"https:\/\/valenciasjb.salesianos.edu\/colegio\/?p=8645"},"modified":"2018-03-16T23:14:33","modified_gmt":"2018-03-16T22:14:33","slug":"los-alumnos-de-educacion-infantil-culminan-su-semana-fallera-en-el-colegio-con-una-tipica-xocolata","status":"publish","type":"post","link":"https:\/\/valenciasjb.salesianos.edu\/colegio\/los-alumnos-de-educacion-infantil-culminan-su-semana-fallera-en-el-colegio-con-una-tipica-xocolata\/","title":{"rendered":"Los alumnos de Educaci\u00f3n Infantil, culminan su \u00abSemana Fallera\u00bb en el colegio con una t\u00edpica xocolat\u00e0"},"content":{"rendered":"<div id=\"fb-root\"><\/div>\n<p>[et_pb_section bb_built=\u00bb1&#8243; admin_label=\u00bbsection\u00bb][et_pb_row admin_label=\u00bbrow\u00bb background_position=\u00bbtop_left\u00bb background_repeat=\u00bbrepeat\u00bb background_size=\u00bbinitial\u00bb][et_pb_column type=\u00bb4_4&#8243;][et_pb_text admin_label=\u00bbEntradilla (Texto)\u00bb _builder_version=\u00bb3.0.105&#8243; background_layout=\u00bblight\u00bb text_orientation=\u00bbjustified\u00bb text_font=\u00bb|on|||\u00bb module_alignment=\u00bbleft\u00bb]<\/p>\n<p><strong>El mi\u00e9rcoles 14<\/strong><strong>, \u00faltimo d\u00eda de clase antes de las\u00a0 vacaciones falleras, los alumnos de 3, 4 y 5 a\u00f1os han disfrutado de un almuerzo t\u00edpico valenciano<\/strong>.<\/p>\n<div id=\"resumen\">\n<p><strong><br \/>\n<\/strong><\/p>\n<\/div>\n<div><\/div>\n<p>&nbsp;<\/p>\n<p>[\/et_pb_text][et_pb_text admin_label=\u00bbAutor (Texto)\u00bb _builder_version=\u00bb3.0.105&#8243; background_layout=\u00bblight\u00bb text_font=\u00bb||on||\u00bb]<\/p>\n<p>M\u00aa Jos\u00e9 Feases. Profesora de Infantil.<\/p>\n<p>[\/et_pb_text][et_pb_text admin_label=\u00bbDesarrollo (Texto)\u00bb _builder_version=\u00bb3.0.105&#8243; background_layout=\u00bblight\u00bb text_orientation=\u00bbjustified\u00bb module_alignment=\u00bbleft\u00bb]<\/p>\n<p><img loading=\"lazy\" decoding=\"async\" class=\"alignnone  wp-image-8655\" src=\"https:\/\/valenciasjb.salesianos.edu\/colegio\/wp-content\/uploads\/sites\/2\/2018\/03\/IMG_2129-300x225.jpg\" alt=\"\" width=\"728\" height=\"546\" srcset=\"https:\/\/valenciasjb.salesianos.edu\/colegio\/wp-content\/uploads\/sites\/2\/2018\/03\/IMG_2129-300x225.jpg 300w, https:\/\/valenciasjb.salesianos.edu\/colegio\/wp-content\/uploads\/sites\/2\/2018\/03\/IMG_2129-768x576.jpg 768w, https:\/\/valenciasjb.salesianos.edu\/colegio\/wp-content\/uploads\/sites\/2\/2018\/03\/IMG_2129-1024x768.jpg 1024w, https:\/\/valenciasjb.salesianos.edu\/colegio\/wp-content\/uploads\/sites\/2\/2018\/03\/IMG_2129-510x382.jpg 510w, https:\/\/valenciasjb.salesianos.edu\/colegio\/wp-content\/uploads\/sites\/2\/2018\/03\/IMG_2129-1080x810.jpg 1080w\" sizes=\"(max-width: 728px) 100vw, 728px\" \/><\/p>\n<p>Durante esta semana, los alumnos de Educaci\u00f3n Infantil han vivido su Semana Fallera en el colegio, bajo el lema \u00abVal\u00e8ncia, que bonica eres\u00bb. El equipo docente de la etapa ha preparado un programa repleto de actividades para los m\u00e1s peque\u00f1os, poniendo as\u00ed de manifiesto el car\u00e1cter educativo y socializador de las Fallas.<\/p>\n<p>Dicho programa se inici\u00f3 el Mi\u00e9rcoles d\u00eda 7 con la \u00abplant\u00e0\u00bb de la Falla, lo que se hizo posible gracias a los padres y madres que quisieron contibuir con la realizaci\u00f3n de un \u00abninot\u00bb.<\/p>\n<p>Como si de una comisi\u00f3n fallera m\u00e1s se tratara, los alumnos y alumnas han disfrutado de distintas actividades t\u00edpicas de estas fechas: exposiciones, pasacalles, ofrenda a la \u00abMare de D\u00e9u\u00bb,&#8230; por \u00faltimo a lo largo de la ma\u00f1ana del d\u00eda 14 se han endulzado con una Xocolat\u00e0 patrocinada por A.M.P.A.S. y, como colof\u00f3n, han asistido\u00a0 como p\u00fablico a la \u00abglobot\u00e0\u00bb realizada por sus compa\u00f1eros de Educaci\u00f3n Primaria.<\/p>\n<p>&nbsp;<\/p>\n<p>[\/et_pb_text][et_pb_text admin_label=\u00bbT\u00edtulo: Galer\u00eda de fotos (Texto)\u00bb _builder_version=\u00bb3.0.76&#8243; background_layout=\u00bblight\u00bb text_font=\u00bb|on|||\u00bb text_text_color=\u00bb#dc001b\u00bb border_style=\u00bbsolid\u00bb disabled=\u00bboff\u00bb disabled_on=\u00bboff|on|on\u00bb]<\/p>\n<p>Galer\u00eda de im\u00e1genes<\/p>\n<p>[\/et_pb_text][et_pb_gallery _builder_version=\u00bb3.0.105&#8243; posts_number=\u00bb8&#8243; show_title_and_caption=\u00bboff\u00bb show_pagination=\u00bbon\u00bb fullwidth=\u00bboff\u00bb orientation=\u00bblandscape\u00bb zoom_icon_color=\u00bb#dc001b\u00bb hover_overlay_color=\u00bbrgba(255,255,255,0.9)\u00bb hover_icon=\u00bb%%51%%\u00bb background_layout=\u00bblight\u00bb disabled=\u00bboff\u00bb disabled_on=\u00bboff|off|off\u00bb gallery_ids=\u00bb8653,8652,8651,8650,8649,8648,8647,8646&#8243; pagination_font_size_tablet=\u00bb51&#8243; pagination_line_height_tablet=\u00bb2&#8243; \/][et_pb_video _builder_version=\u00bb3.0.51&#8243; disabled=\u00bbon\u00bb disabled_on=\u00bbon|on|on\u00bb \/][\/et_pb_column][\/et_pb_row][\/et_pb_section]<\/p>\n<!-- AddThis Advanced Settings generic via filter on the_content --><!-- AddThis Share Buttons generic via filter on the_content -->","protected":false},"excerpt":{"rendered":"<p>El mi\u00e9rcoles 14, \u00faltimo d\u00eda de clase antes de las\u00a0 vacaciones falleras, los alumnos de 3, 4 y 5 a\u00f1os han disfrutado de un almuerzo t\u00edpico valenciano. &nbsp; M\u00aa Jos\u00e9 Feases. Profesora de Infantil. Durante esta semana, los alumnos de Educaci\u00f3n Infantil han vivido su Semana Fallera en el colegio, bajo el lema \u00abVal\u00e8ncia, que [&hellip;]<\/p>\n<p><!-- AddThis Advanced Settings generic via filter on get_the_excerpt --><!-- AddThis Share Buttons generic via filter on get_the_excerpt --><\/p>\n","protected":false},"author":6,"featured_media":8656,"comment_status":"closed","ping_status":"open","sticky":false,"template":"","format":"standard","meta":{"_et_pb_use_builder":"on","_et_pb_old_content":"<p>[et_pb_section bb_built=\"1\" admin_label=\"section\"][et_pb_row admin_label=\"row\" background_position=\"top_left\" background_repeat=\"repeat\" background_size=\"initial\"][et_pb_column type=\"4_4\"][et_pb_text admin_label=\"Entradilla (Texto)\" _builder_version=\"3.0.105\" background_layout=\"light\" text_orientation=\"justified\" text_font=\"|on|||\" module_alignment=\"left\"]<\/p><div id=\"resumen\"><p><strong>El mi\u00e9rcoles 14<\/strong><strong>, \u00faltimo d\u00eda de clase antes de las\u00a0 vacaciones falleras, los alumnos de 3, 4 y 5 a\u00f1os han disfrutado de un almuerzo t\u00edpico valenciano<\/strong>.\u00a0<\/p><p><strong><br \/> <\/strong><\/p><\/div><div>\u00a0<\/div><p>[\/et_pb_text][et_pb_text admin_label=\"Autor (Texto)\" _builder_version=\"3.0.105\" background_layout=\"light\" text_font=\"||on||\"]<\/p><p>M\u00aa Jos\u00e9 Feases. Profesora de Infantil.<\/p><p>[\/et_pb_text][et_pb_text admin_label=\"Desarrollo (Texto)\" _builder_version=\"3.0.105\" background_layout=\"light\" text_orientation=\"justified\" module_alignment=\"left\"]<\/p><p>Durante esta semana, los alumnos de Educaci\u00f3n Infantil han vivido su Semana Fallera en el colegio, bajo el lema \u00abVal\u00e8ncia, que bonica eres\u00bb. El equipo docente de la etapa ha preparado un programa repleto de actividades para los m\u00e1s peque\u00f1os, poniendo as\u00ed de manifiesto el car\u00e1cter educativo y socializador de las Fallas.<\/p><p>Dicho programa se inici\u00f3 el Mi\u00e9rcoles d\u00eda 7 con la \u00abplant\u00e0\u00bb de la Falla, lo que se hizo posible gracias a los padres y madres que quisieron contibuir con la realizaci\u00f3n de un \u00abninot\u00bb.<\/p><p>Como si de una comisi\u00f3n fallera m\u00e1s se tratara, los alumnos y alumnas han disfrutado de distintas actividades t\u00edpicas de estas fechas: exposiciones, pasacalles, ofrenda a la \u00abMare de D\u00e9u\u00bb,... por \u00faltimo a lo largo de la ma\u00f1ana del d\u00eda 14 se han endulzado con una Xocolat\u00e0 patrocinada por A.M.P.A.S. y, como colof\u00f3n, han asistido\u00a0 como p\u00fablico a la \u00abglobot\u00e0\u00bb realizada por sus compa\u00f1eros de Educaci\u00f3n Primaria.<\/p><p>[\/et_pb_text][et_pb_text admin_label=\"T\u00edtulo: Galer\u00eda de fotos (Texto)\" _builder_version=\"3.0.76\" background_layout=\"light\" text_font=\"|on|||\" text_text_color=\"#dc001b\" border_style=\"solid\" disabled=\"off\" disabled_on=\"off|on|on\"]<\/p><p>Galer\u00eda de im\u00e1genes<\/p><p>[\/et_pb_text][et_pb_gallery _builder_version=\"3.0.105\" posts_number=\"8\" show_title_and_caption=\"off\" show_pagination=\"on\" fullwidth=\"off\" orientation=\"landscape\" zoom_icon_color=\"#dc001b\" hover_overlay_color=\"rgba(255,255,255,0.9)\" hover_icon=\"%%51%%\" background_layout=\"light\" disabled=\"off\" disabled_on=\"off|off|off\" gallery_ids=\"5794\" pagination_font_size_tablet=\"51\" pagination_line_height_tablet=\"2\" \/][et_pb_video _builder_version=\"3.0.51\" disabled=\"on\" disabled_on=\"on|on|on\" \/][\/et_pb_column][\/et_pb_row][\/et_pb_section]<\/p>","_et_gb_content_width":"","footnotes":""},"categories":[14,1],"tags":[],"class_list":["post-8645","post","type-post","status-publish","format-standard","has-post-thumbnail","hentry","category-noticia_colegio","category-uncategorized"],"yoast_head":"<!-- This site is optimized with the Yoast SEO plugin v28.4 - https:\/\/yoast.com\/product\/yoast-seo-wordpress\/ -->\n<title>Los alumnos de Educaci\u00f3n Infantil, culminan su \u00abSemana Fallera\u00bb en el colegio con una t\u00edpica xocolat\u00e0 - Colegio San Juan Bosco Valencia<\/title>\n<meta name=\"robots\" content=\"index, follow, max-snippet:-1, max-image-preview:large, max-video-preview:-1\" \/>\n<link rel=\"canonical\" href=\"https:\/\/valenciasjb.salesianos.edu\/colegio\/los-alumnos-de-educacion-infantil-culminan-su-semana-fallera-en-el-colegio-con-una-tipica-xocolata\/\" \/>\n<meta property=\"og:locale\" content=\"es_ES\" \/>\n<meta property=\"og:type\" content=\"article\" \/>\n<meta property=\"og:title\" content=\"Los alumnos de Educaci\u00f3n Infantil, culminan su \u00abSemana Fallera\u00bb en el colegio con una t\u00edpica xocolat\u00e0 - Colegio San Juan Bosco Valencia\" \/>\n<meta property=\"og:description\" content=\"El mi\u00e9rcoles 14, \u00faltimo d\u00eda de clase antes de las\u00a0 vacaciones falleras, los alumnos de 3, 4 y 5 a\u00f1os han disfrutado de un almuerzo t\u00edpico valenciano. &nbsp; M\u00aa Jos\u00e9 Feases. Profesora de Infantil. Durante esta semana, los alumnos de Educaci\u00f3n Infantil han vivido su Semana Fallera en el colegio, bajo el lema \u00abVal\u00e8ncia, que [&hellip;]\" \/>\n<meta property=\"og:url\" content=\"https:\/\/valenciasjb.salesianos.edu\/colegio\/los-alumnos-de-educacion-infantil-culminan-su-semana-fallera-en-el-colegio-con-una-tipica-xocolata\/\" \/>\n<meta property=\"og:site_name\" content=\"Colegio San Juan Bosco Valencia\" \/>\n<meta property=\"article:publisher\" content=\"https:\/\/www.facebook.com\/ColegioSalesianoSanJuanBoscoValencia\" \/>\n<meta property=\"article:published_time\" content=\"2018-03-16T22:14:33+00:00\" \/>\n<meta property=\"og:image\" content=\"https:\/\/valenciasjb.salesianos.edu\/colegio\/wp-content\/uploads\/sites\/2\/2018\/03\/IMG_20180314_120632142.jpg\" \/>\n\t<meta property=\"og:image:width\" content=\"2592\" \/>\n\t<meta property=\"og:image:height\" content=\"1944\" \/>\n\t<meta property=\"og:image:type\" content=\"image\/jpeg\" \/>\n<meta name=\"author\" content=\"veronicapastor\" \/>\n<meta name=\"twitter:card\" content=\"summary_large_image\" \/>\n<meta name=\"twitter:creator\" content=\"@SalesianosVSJB\" \/>\n<meta name=\"twitter:site\" content=\"@SalesianosVSJB\" \/>\n<meta name=\"twitter:label1\" content=\"Escrito por\" \/>\n\t<meta name=\"twitter:data1\" content=\"veronicapastor\" \/>\n\t<meta name=\"twitter:label2\" content=\"Tiempo de lectura\" \/>\n\t<meta name=\"twitter:data2\" content=\"2 minutos\" \/>\n<script type=\"application\/ld+json\" class=\"yoast-schema-graph\">{\"@context\":\"https:\\\/\\\/schema.org\",\"@graph\":[{\"@type\":\"Article\",\"@id\":\"https:\\\/\\\/valenciasjb.salesianos.edu\\\/colegio\\\/los-alumnos-de-educacion-infantil-culminan-su-semana-fallera-en-el-colegio-con-una-tipica-xocolata\\\/#article\",\"isPartOf\":{\"@id\":\"https:\\\/\\\/valenciasjb.salesianos.edu\\\/colegio\\\/los-alumnos-de-educacion-infantil-culminan-su-semana-fallera-en-el-colegio-con-una-tipica-xocolata\\\/\"},\"author\":{\"name\":\"veronicapastor\",\"@id\":\"https:\\\/\\\/valenciasjb.salesianos.edu\\\/colegio\\\/#\\\/schema\\\/person\\\/1f45b67e52b27da175190a574db6bed9\"},\"headline\":\"Los alumnos de Educaci\u00f3n Infantil, culminan su \u00abSemana Fallera\u00bb en el colegio con una t\u00edpica xocolat\u00e0\",\"datePublished\":\"2018-03-16T22:14:33+00:00\",\"mainEntityOfPage\":{\"@id\":\"https:\\\/\\\/valenciasjb.salesianos.edu\\\/colegio\\\/los-alumnos-de-educacion-infantil-culminan-su-semana-fallera-en-el-colegio-con-una-tipica-xocolata\\\/\"},\"wordCount\":431,\"image\":{\"@id\":\"https:\\\/\\\/valenciasjb.salesianos.edu\\\/colegio\\\/los-alumnos-de-educacion-infantil-culminan-su-semana-fallera-en-el-colegio-con-una-tipica-xocolata\\\/#primaryimage\"},\"thumbnailUrl\":\"https:\\\/\\\/valenciasjb.salesianos.edu\\\/colegio\\\/wp-content\\\/uploads\\\/sites\\\/2\\\/2018\\\/03\\\/IMG_20180314_120632142.jpg\",\"articleSection\":[\"Noticia Colegio\",\"Uncategorized\"],\"inLanguage\":\"es\"},{\"@type\":\"WebPage\",\"@id\":\"https:\\\/\\\/valenciasjb.salesianos.edu\\\/colegio\\\/los-alumnos-de-educacion-infantil-culminan-su-semana-fallera-en-el-colegio-con-una-tipica-xocolata\\\/\",\"url\":\"https:\\\/\\\/valenciasjb.salesianos.edu\\\/colegio\\\/los-alumnos-de-educacion-infantil-culminan-su-semana-fallera-en-el-colegio-con-una-tipica-xocolata\\\/\",\"name\":\"Los alumnos de Educaci\u00f3n Infantil, culminan su \u00abSemana Fallera\u00bb en el colegio con una t\u00edpica xocolat\u00e0 - Colegio San Juan Bosco Valencia\",\"isPartOf\":{\"@id\":\"https:\\\/\\\/valenciasjb.salesianos.edu\\\/colegio\\\/#website\"},\"primaryImageOfPage\":{\"@id\":\"https:\\\/\\\/valenciasjb.salesianos.edu\\\/colegio\\\/los-alumnos-de-educacion-infantil-culminan-su-semana-fallera-en-el-colegio-con-una-tipica-xocolata\\\/#primaryimage\"},\"image\":{\"@id\":\"https:\\\/\\\/valenciasjb.salesianos.edu\\\/colegio\\\/los-alumnos-de-educacion-infantil-culminan-su-semana-fallera-en-el-colegio-con-una-tipica-xocolata\\\/#primaryimage\"},\"thumbnailUrl\":\"https:\\\/\\\/valenciasjb.salesianos.edu\\\/colegio\\\/wp-content\\\/uploads\\\/sites\\\/2\\\/2018\\\/03\\\/IMG_20180314_120632142.jpg\",\"datePublished\":\"2018-03-16T22:14:33+00:00\",\"author\":{\"@id\":\"https:\\\/\\\/valenciasjb.salesianos.edu\\\/colegio\\\/#\\\/schema\\\/person\\\/1f45b67e52b27da175190a574db6bed9\"},\"breadcrumb\":{\"@id\":\"https:\\\/\\\/valenciasjb.salesianos.edu\\\/colegio\\\/los-alumnos-de-educacion-infantil-culminan-su-semana-fallera-en-el-colegio-con-una-tipica-xocolata\\\/#breadcrumb\"},\"inLanguage\":\"es\",\"potentialAction\":[{\"@type\":\"ReadAction\",\"target\":[\"https:\\\/\\\/valenciasjb.salesianos.edu\\\/colegio\\\/los-alumnos-de-educacion-infantil-culminan-su-semana-fallera-en-el-colegio-con-una-tipica-xocolata\\\/\"]}]},{\"@type\":\"ImageObject\",\"inLanguage\":\"es\",\"@id\":\"https:\\\/\\\/valenciasjb.salesianos.edu\\\/colegio\\\/los-alumnos-de-educacion-infantil-culminan-su-semana-fallera-en-el-colegio-con-una-tipica-xocolata\\\/#primaryimage\",\"url\":\"https:\\\/\\\/valenciasjb.salesianos.edu\\\/colegio\\\/wp-content\\\/uploads\\\/sites\\\/2\\\/2018\\\/03\\\/IMG_20180314_120632142.jpg\",\"contentUrl\":\"https:\\\/\\\/valenciasjb.salesianos.edu\\\/colegio\\\/wp-content\\\/uploads\\\/sites\\\/2\\\/2018\\\/03\\\/IMG_20180314_120632142.jpg\",\"width\":2592,\"height\":1944},{\"@type\":\"BreadcrumbList\",\"@id\":\"https:\\\/\\\/valenciasjb.salesianos.edu\\\/colegio\\\/los-alumnos-de-educacion-infantil-culminan-su-semana-fallera-en-el-colegio-con-una-tipica-xocolata\\\/#breadcrumb\",\"itemListElement\":[{\"@type\":\"ListItem\",\"position\":1,\"name\":\"Portada\",\"item\":\"https:\\\/\\\/valenciasjb.salesianos.edu\\\/colegio\\\/\"},{\"@type\":\"ListItem\",\"position\":2,\"name\":\"Los alumnos de Educaci\u00f3n Infantil, culminan su \u00abSemana Fallera\u00bb en el colegio con una t\u00edpica xocolat\u00e0\"}]},{\"@type\":\"WebSite\",\"@id\":\"https:\\\/\\\/valenciasjb.salesianos.edu\\\/colegio\\\/#website\",\"url\":\"https:\\\/\\\/valenciasjb.salesianos.edu\\\/colegio\\\/\",\"name\":\"Colegio San Juan Bosco Valencia\",\"description\":\"P\u00e1gina oficial del Colegio Salesianos San Juan Bosco Valencia\",\"alternateName\":\"Salesianos.VSJB\",\"potentialAction\":[{\"@type\":\"SearchAction\",\"target\":{\"@type\":\"EntryPoint\",\"urlTemplate\":\"https:\\\/\\\/valenciasjb.salesianos.edu\\\/colegio\\\/?s={search_term_string}\"},\"query-input\":{\"@type\":\"PropertyValueSpecification\",\"valueRequired\":true,\"valueName\":\"search_term_string\"}}],\"inLanguage\":\"es\"},{\"@type\":\"Person\",\"@id\":\"https:\\\/\\\/valenciasjb.salesianos.edu\\\/colegio\\\/#\\\/schema\\\/person\\\/1f45b67e52b27da175190a574db6bed9\",\"name\":\"veronicapastor\",\"image\":{\"@type\":\"ImageObject\",\"inLanguage\":\"es\",\"@id\":\"https:\\\/\\\/secure.gravatar.com\\\/avatar\\\/e29bd40bace3fd935e1d6fdb7313ffc14628cc037c5e16f4c7369b20a2a6f7f0?s=96&d=mm&r=g\",\"url\":\"https:\\\/\\\/secure.gravatar.com\\\/avatar\\\/e29bd40bace3fd935e1d6fdb7313ffc14628cc037c5e16f4c7369b20a2a6f7f0?s=96&d=mm&r=g\",\"contentUrl\":\"https:\\\/\\\/secure.gravatar.com\\\/avatar\\\/e29bd40bace3fd935e1d6fdb7313ffc14628cc037c5e16f4c7369b20a2a6f7f0?s=96&d=mm&r=g\",\"caption\":\"veronicapastor\"}}]}<\/script>\n<!-- \/ Yoast SEO plugin. -->","yoast_head_json":{"title":"Los alumnos de Educaci\u00f3n Infantil, culminan su \u00abSemana Fallera\u00bb en el colegio con una t\u00edpica xocolat\u00e0 - Colegio San Juan Bosco Valencia","robots":{"index":"index","follow":"follow","max-snippet":"max-snippet:-1","max-image-preview":"max-image-preview:large","max-video-preview":"max-video-preview:-1"},"canonical":"https:\/\/valenciasjb.salesianos.edu\/colegio\/los-alumnos-de-educacion-infantil-culminan-su-semana-fallera-en-el-colegio-con-una-tipica-xocolata\/","og_locale":"es_ES","og_type":"article","og_title":"Los alumnos de Educaci\u00f3n Infantil, culminan su \u00abSemana Fallera\u00bb en el colegio con una t\u00edpica xocolat\u00e0 - Colegio San Juan Bosco Valencia","og_description":"El mi\u00e9rcoles 14, \u00faltimo d\u00eda de clase antes de las\u00a0 vacaciones falleras, los alumnos de 3, 4 y 5 a\u00f1os han disfrutado de un almuerzo t\u00edpico valenciano. &nbsp; M\u00aa Jos\u00e9 Feases. Profesora de Infantil. Durante esta semana, los alumnos de Educaci\u00f3n Infantil han vivido su Semana Fallera en el colegio, bajo el lema \u00abVal\u00e8ncia, que [&hellip;]","og_url":"https:\/\/valenciasjb.salesianos.edu\/colegio\/los-alumnos-de-educacion-infantil-culminan-su-semana-fallera-en-el-colegio-con-una-tipica-xocolata\/","og_site_name":"Colegio San Juan Bosco Valencia","article_publisher":"https:\/\/www.facebook.com\/ColegioSalesianoSanJuanBoscoValencia","article_published_time":"2018-03-16T22:14:33+00:00","og_image":[{"width":2592,"height":1944,"url":"https:\/\/valenciasjb.salesianos.edu\/colegio\/wp-content\/uploads\/sites\/2\/2018\/03\/IMG_20180314_120632142.jpg","type":"image\/jpeg"}],"author":"veronicapastor","twitter_card":"summary_large_image","twitter_creator":"@SalesianosVSJB","twitter_site":"@SalesianosVSJB","twitter_misc":{"Escrito por":"veronicapastor","Tiempo de lectura":"2 minutos"},"schema":{"@context":"https:\/\/schema.org","@graph":[{"@type":"Article","@id":"https:\/\/valenciasjb.salesianos.edu\/colegio\/los-alumnos-de-educacion-infantil-culminan-su-semana-fallera-en-el-colegio-con-una-tipica-xocolata\/#article","isPartOf":{"@id":"https:\/\/valenciasjb.salesianos.edu\/colegio\/los-alumnos-de-educacion-infantil-culminan-su-semana-fallera-en-el-colegio-con-una-tipica-xocolata\/"},"author":{"name":"veronicapastor","@id":"https:\/\/valenciasjb.salesianos.edu\/colegio\/#\/schema\/person\/1f45b67e52b27da175190a574db6bed9"},"headline":"Los alumnos de Educaci\u00f3n Infantil, culminan su \u00abSemana Fallera\u00bb en el colegio con una t\u00edpica xocolat\u00e0","datePublished":"2018-03-16T22:14:33+00:00","mainEntityOfPage":{"@id":"https:\/\/valenciasjb.salesianos.edu\/colegio\/los-alumnos-de-educacion-infantil-culminan-su-semana-fallera-en-el-colegio-con-una-tipica-xocolata\/"},"wordCount":431,"image":{"@id":"https:\/\/valenciasjb.salesianos.edu\/colegio\/los-alumnos-de-educacion-infantil-culminan-su-semana-fallera-en-el-colegio-con-una-tipica-xocolata\/#primaryimage"},"thumbnailUrl":"https:\/\/valenciasjb.salesianos.edu\/colegio\/wp-content\/uploads\/sites\/2\/2018\/03\/IMG_20180314_120632142.jpg","articleSection":["Noticia Colegio","Uncategorized"],"inLanguage":"es"},{"@type":"WebPage","@id":"https:\/\/valenciasjb.salesianos.edu\/colegio\/los-alumnos-de-educacion-infantil-culminan-su-semana-fallera-en-el-colegio-con-una-tipica-xocolata\/","url":"https:\/\/valenciasjb.salesianos.edu\/colegio\/los-alumnos-de-educacion-infantil-culminan-su-semana-fallera-en-el-colegio-con-una-tipica-xocolata\/","name":"Los alumnos de Educaci\u00f3n Infantil, culminan su \u00abSemana Fallera\u00bb en el colegio con una t\u00edpica xocolat\u00e0 - Colegio San Juan Bosco Valencia","isPartOf":{"@id":"https:\/\/valenciasjb.salesianos.edu\/colegio\/#website"},"primaryImageOfPage":{"@id":"https:\/\/valenciasjb.salesianos.edu\/colegio\/los-alumnos-de-educacion-infantil-culminan-su-semana-fallera-en-el-colegio-con-una-tipica-xocolata\/#primaryimage"},"image":{"@id":"https:\/\/valenciasjb.salesianos.edu\/colegio\/los-alumnos-de-educacion-infantil-culminan-su-semana-fallera-en-el-colegio-con-una-tipica-xocolata\/#primaryimage"},"thumbnailUrl":"https:\/\/valenciasjb.salesianos.edu\/colegio\/wp-content\/uploads\/sites\/2\/2018\/03\/IMG_20180314_120632142.jpg","datePublished":"2018-03-16T22:14:33+00:00","author":{"@id":"https:\/\/valenciasjb.salesianos.edu\/colegio\/#\/schema\/person\/1f45b67e52b27da175190a574db6bed9"},"breadcrumb":{"@id":"https:\/\/valenciasjb.salesianos.edu\/colegio\/los-alumnos-de-educacion-infantil-culminan-su-semana-fallera-en-el-colegio-con-una-tipica-xocolata\/#breadcrumb"},"inLanguage":"es","potentialAction":[{"@type":"ReadAction","target":["https:\/\/valenciasjb.salesianos.edu\/colegio\/los-alumnos-de-educacion-infantil-culminan-su-semana-fallera-en-el-colegio-con-una-tipica-xocolata\/"]}]},{"@type":"ImageObject","inLanguage":"es","@id":"https:\/\/valenciasjb.salesianos.edu\/colegio\/los-alumnos-de-educacion-infantil-culminan-su-semana-fallera-en-el-colegio-con-una-tipica-xocolata\/#primaryimage","url":"https:\/\/valenciasjb.salesianos.edu\/colegio\/wp-content\/uploads\/sites\/2\/2018\/03\/IMG_20180314_120632142.jpg","contentUrl":"https:\/\/valenciasjb.salesianos.edu\/colegio\/wp-content\/uploads\/sites\/2\/2018\/03\/IMG_20180314_120632142.jpg","width":2592,"height":1944},{"@type":"BreadcrumbList","@id":"https:\/\/valenciasjb.salesianos.edu\/colegio\/los-alumnos-de-educacion-infantil-culminan-su-semana-fallera-en-el-colegio-con-una-tipica-xocolata\/#breadcrumb","itemListElement":[{"@type":"ListItem","position":1,"name":"Portada","item":"https:\/\/valenciasjb.salesianos.edu\/colegio\/"},{"@type":"ListItem","position":2,"name":"Los alumnos de Educaci\u00f3n Infantil, culminan su \u00abSemana Fallera\u00bb en el colegio con una t\u00edpica xocolat\u00e0"}]},{"@type":"WebSite","@id":"https:\/\/valenciasjb.salesianos.edu\/colegio\/#website","url":"https:\/\/valenciasjb.salesianos.edu\/colegio\/","name":"Colegio San Juan Bosco Valencia","description":"P\u00e1gina oficial del Colegio Salesianos San Juan Bosco Valencia","alternateName":"Salesianos.VSJB","potentialAction":[{"@type":"SearchAction","target":{"@type":"EntryPoint","urlTemplate":"https:\/\/valenciasjb.salesianos.edu\/colegio\/?s={search_term_string}"},"query-input":{"@type":"PropertyValueSpecification","valueRequired":true,"valueName":"search_term_string"}}],"inLanguage":"es"},{"@type":"Person","@id":"https:\/\/valenciasjb.salesianos.edu\/colegio\/#\/schema\/person\/1f45b67e52b27da175190a574db6bed9","name":"veronicapastor","image":{"@type":"ImageObject","inLanguage":"es","@id":"https:\/\/secure.gravatar.com\/avatar\/e29bd40bace3fd935e1d6fdb7313ffc14628cc037c5e16f4c7369b20a2a6f7f0?s=96&d=mm&r=g","url":"https:\/\/secure.gravatar.com\/avatar\/e29bd40bace3fd935e1d6fdb7313ffc14628cc037c5e16f4c7369b20a2a6f7f0?s=96&d=mm&r=g","contentUrl":"https:\/\/secure.gravatar.com\/avatar\/e29bd40bace3fd935e1d6fdb7313ffc14628cc037c5e16f4c7369b20a2a6f7f0?s=96&d=mm&r=g","caption":"veronicapastor"}}]}},"_links":{"self":[{"href":"https:\/\/valenciasjb.salesianos.edu\/colegio\/wp-json\/wp\/v2\/posts\/8645","targetHints":{"allow":["GET"]}}],"collection":[{"href":"https:\/\/valenciasjb.salesianos.edu\/colegio\/wp-json\/wp\/v2\/posts"}],"about":[{"href":"https:\/\/valenciasjb.salesianos.edu\/colegio\/wp-json\/wp\/v2\/types\/post"}],"author":[{"embeddable":true,"href":"https:\/\/valenciasjb.salesianos.edu\/colegio\/wp-json\/wp\/v2\/users\/6"}],"replies":[{"embeddable":true,"href":"https:\/\/valenciasjb.salesianos.edu\/colegio\/wp-json\/wp\/v2\/comments?post=8645"}],"version-history":[{"count":2,"href":"https:\/\/valenciasjb.salesianos.edu\/colegio\/wp-json\/wp\/v2\/posts\/8645\/revisions"}],"predecessor-version":[{"id":8658,"href":"https:\/\/valenciasjb.salesianos.edu\/colegio\/wp-json\/wp\/v2\/posts\/8645\/revisions\/8658"}],"wp:featuredmedia":[{"embeddable":true,"href":"https:\/\/valenciasjb.salesianos.edu\/colegio\/wp-json\/wp\/v2\/media\/8656"}],"wp:attachment":[{"href":"https:\/\/valenciasjb.salesianos.edu\/colegio\/wp-json\/wp\/v2\/media?parent=8645"}],"wp:term":[{"taxonomy":"category","embeddable":true,"href":"https:\/\/valenciasjb.salesianos.edu\/colegio\/wp-json\/wp\/v2\/categories?post=8645"},{"taxonomy":"post_tag","embeddable":true,"href":"https:\/\/valenciasjb.salesianos.edu\/colegio\/wp-json\/wp\/v2\/tags?post=8645"}],"curies":[{"name":"wp","href":"https:\/\/api.w.org\/{rel}","templated":true}]}}