{"id":8666,"date":"2018-03-20T17:28:54","date_gmt":"2018-03-20T16:28:54","guid":{"rendered":"https:\/\/valenciasjb.salesianos.edu\/colegio\/?p=8666"},"modified":"2018-03-20T17:31:21","modified_gmt":"2018-03-20T16:31:21","slug":"enigma-un-proyecto-interdisciplinar-para-el-alumnado-de-cuarto-de-eso","status":"publish","type":"post","link":"https:\/\/valenciasjb.salesianos.edu\/colegio\/enigma-un-proyecto-interdisciplinar-para-el-alumnado-de-cuarto-de-eso\/","title":{"rendered":"ENIGMA: un proyecto interdisciplinar para el alumnado de cuarto de ESO"},"content":{"rendered":"<div id=\"fb-root\"><\/div>\n<p>[et_pb_section bb_built=\u00bb1&#8243; admin_label=\u00bbsection\u00bb][et_pb_row admin_label=\u00bbrow\u00bb background_position=\u00bbtop_left\u00bb background_repeat=\u00bbrepeat\u00bb background_size=\u00bbinitial\u00bb][et_pb_column type=\u00bb4_4&#8243;][et_pb_text admin_label=\u00bbEntradilla (Texto)\u00bb _builder_version=\u00bb3.0.105&#8243; background_layout=\u00bblight\u00bb text_orientation=\u00bbjustified\u00bb text_font=\u00bb|on|||\u00bb module_alignment=\u00bbleft\u00bb]<\/p>\n<div id=\"resumen\">\n<p><span style=\"font-weight: 400\">El alumnado de cuarto de ESO se ha embarcado en un proyecto interdisciplinar de Educaci\u00f3n para el Desarrollo llamado \u201cEnigma\u201d, que ha tenido lugar a lo largo de dos jornadas completas de trabajo, con actividades propuestas desde diferentes asignaturas del nivel, con un eje com\u00fan. Este proyecto pretende despertar en el alumnado el trabajo en equipo y el pensamiento cr\u00edtico, entre otros muchos valores.<\/span><\/p>\n<p><strong><br \/>\n<\/strong><\/p>\n<\/div>\n<div><\/div>\n<p>[\/et_pb_text][et_pb_text admin_label=\u00bbAutor (Texto)\u00bb _builder_version=\u00bb3.0.105&#8243; background_layout=\u00bblight\u00bb text_font=\u00bb||on||\u00bb]<\/p>\n<p>Ver\u00f3nica Pastor.<\/p>\n<p>[\/et_pb_text][et_pb_text admin_label=\u00bbDesarrollo (Texto)\u00bb _builder_version=\u00bb3.0.105&#8243; background_layout=\u00bblight\u00bb text_orientation=\u00bbjustified\u00bb module_alignment=\u00bbleft\u00bb]<\/p>\n<p><img loading=\"lazy\" decoding=\"async\" class=\"alignnone wp-image-8673\" src=\"https:\/\/valenciasjb.salesianos.edu\/colegio\/wp-content\/uploads\/sites\/2\/2018\/03\/20180314_094033-300x225.jpg\" alt=\"\" width=\"796\" height=\"597\" srcset=\"https:\/\/valenciasjb.salesianos.edu\/colegio\/wp-content\/uploads\/sites\/2\/2018\/03\/20180314_094033-300x225.jpg 300w, https:\/\/valenciasjb.salesianos.edu\/colegio\/wp-content\/uploads\/sites\/2\/2018\/03\/20180314_094033-768x576.jpg 768w, https:\/\/valenciasjb.salesianos.edu\/colegio\/wp-content\/uploads\/sites\/2\/2018\/03\/20180314_094033-1024x768.jpg 1024w, https:\/\/valenciasjb.salesianos.edu\/colegio\/wp-content\/uploads\/sites\/2\/2018\/03\/20180314_094033-510x382.jpg 510w, https:\/\/valenciasjb.salesianos.edu\/colegio\/wp-content\/uploads\/sites\/2\/2018\/03\/20180314_094033-1080x810.jpg 1080w\" sizes=\"(max-width: 796px) 100vw, 796px\" \/><\/p>\n<p><span style=\"font-weight: 400\">El proyecto toma como punto de partida el visionado de la pel\u00edcula \u00abDescifrando Enigma\u00bb, ambientada en la II Guerra Mundial y en la figura del matem\u00e1tico Alan Turing. Turing fue una figura clave en el descifrado de los c\u00f3digos de la m\u00e1quina Enigma de la Alemania Nazi, lo que ayud\u00f3 a la victoria de los aliados en la II Guerra Mundial<\/span><\/p>\n<p>&nbsp;<\/p>\n<p><span style=\"font-weight: 400\">A partir de la pel\u00edcula se proponen diferentes actividades coordinadas. Desde la asignatura de Castellano, el taller de escritura creativa \u201cHistoria viva\u201d, donde los alumnos deben relatar una historia poni\u00e9ndose en la piel de un personaje de la \u00e9poca. En Educaci\u00f3n F\u00edsica juegos cooperativos ambientados en la tem\u00e1tica de la pel\u00edcula. En Historia y Valenci\u00e0 an\u00e1lisis de textos e im\u00e1genes, as\u00ed como un Kahoot sobre la II Guerra Mundial. En Matem\u00e1ticas e Ingl\u00e9s resoluci\u00f3n de problemas matem\u00e1ticos y descifrado de mensajes encriptados en lengua inglesa, que les servir\u00e1n posteriormente para la realizaci\u00f3n de una serie de webquests y resoluci\u00f3n de crucigramas en Moodle.<\/span><\/p>\n<p>&nbsp;<\/p>\n<p><span style=\"font-weight: 400\">Hemos finalizado con un an\u00e1lisis y debate de los principales valores que encarnan los personajes de la pel\u00edcula: la importancia de la \u00e9tica en el desarrollo de la ciencia, la homofobia, la invisibilizaci\u00f3n del g\u00e9nero femenino en el devenir hist\u00f3rico, el dominio de los poderosos sobre el resto, la manipulaci\u00f3n de los medios de comunicaci\u00f3n, entre otros. Los resultados del an\u00e1lisis de estos valores, por medio de din\u00e1micas de trabajo cooperativo y mapas mentales, se plasman en una serie de presentaciones evaluadas desde la asignatura de Inform\u00e1tica.<\/span><\/p>\n<p>&nbsp;<\/p>\n<p><span style=\"font-weight: 400\">En definitiva, un proyecto que se realiza para conseguir que el proceso educativo se encamine a generar una conciencia cr\u00edtica sobre la realidad mundial y facilitar herramientas para la participaci\u00f3n y la transformaci\u00f3n social en clave de justicia y solidaridad. La Educaci\u00f3n para el Desarrollo pretende construir una ciudadan\u00eda cr\u00edtica, pol\u00edticamente activa y socialmente comprometida con el desarrollo humano justo y equitativo para todas las comunidades del planeta.<\/span><\/p>\n<p><span style=\"font-weight: 400\"><br \/>\n<\/span><span style=\"font-weight: 400\">\u00abA veces la persona que nadie imagina capaz de nada, es la que hace cosas que nadie imagina\u00bb.<\/span><\/p>\n<p>[\/et_pb_text][et_pb_text admin_label=\u00bbT\u00edtulo: Galer\u00eda de fotos (Texto)\u00bb _builder_version=\u00bb3.0.76&#8243; background_layout=\u00bblight\u00bb text_font=\u00bb|on|||\u00bb text_text_color=\u00bb#dc001b\u00bb border_style=\u00bbsolid\u00bb disabled=\u00bboff\u00bb disabled_on=\u00bboff|on|on\u00bb]<\/p>\n<p>Galer\u00eda de im\u00e1genes<\/p>\n<p>[\/et_pb_text][et_pb_gallery _builder_version=\u00bb3.0.105&#8243; posts_number=\u00bb8&#8243; show_title_and_caption=\u00bboff\u00bb show_pagination=\u00bbon\u00bb fullwidth=\u00bboff\u00bb orientation=\u00bblandscape\u00bb zoom_icon_color=\u00bb#dc001b\u00bb hover_overlay_color=\u00bbrgba(255,255,255,0.9)\u00bb hover_icon=\u00bb%%51%%\u00bb background_layout=\u00bblight\u00bb disabled=\u00bboff\u00bb disabled_on=\u00bboff|off|off\u00bb gallery_ids=\u00bb8667,8668,8669,8670,8671,8672,8674,8675&#8243; pagination_font_size_tablet=\u00bb51&#8243; pagination_line_height_tablet=\u00bb2&#8243; \/][et_pb_video _builder_version=\u00bb3.0.51&#8243; disabled=\u00bbon\u00bb disabled_on=\u00bbon|on|on\u00bb \/][\/et_pb_column][\/et_pb_row][\/et_pb_section]<\/p>\n<!-- AddThis Advanced Settings generic via filter on the_content --><!-- AddThis Share Buttons generic via filter on the_content -->","protected":false},"excerpt":{"rendered":"<p>El alumnado de cuarto de ESO se ha embarcado en un proyecto interdisciplinar de Educaci\u00f3n para el Desarrollo llamado \u201cEnigma\u201d, que ha tenido lugar a lo largo de dos jornadas completas de trabajo, con actividades propuestas desde diferentes asignaturas del nivel, con un eje com\u00fan. Este proyecto pretende despertar en el alumnado el trabajo en [&hellip;]<\/p>\n<p><!-- AddThis Advanced Settings generic via filter on get_the_excerpt --><!-- AddThis Share Buttons generic via filter on get_the_excerpt --><\/p>\n","protected":false},"author":6,"featured_media":8676,"comment_status":"closed","ping_status":"open","sticky":false,"template":"","format":"standard","meta":{"_et_pb_use_builder":"on","_et_pb_old_content":"","_et_gb_content_width":"","footnotes":""},"categories":[14],"tags":[],"class_list":["post-8666","post","type-post","status-publish","format-standard","has-post-thumbnail","hentry","category-noticia_colegio"],"yoast_head":"<!-- This site is optimized with the Yoast SEO plugin v28.4 - https:\/\/yoast.com\/product\/yoast-seo-wordpress\/ -->\n<title>ENIGMA: un proyecto interdisciplinar para el alumnado de cuarto de ESO - Colegio San Juan Bosco Valencia<\/title>\n<meta name=\"robots\" content=\"index, follow, max-snippet:-1, max-image-preview:large, max-video-preview:-1\" \/>\n<link rel=\"canonical\" href=\"https:\/\/valenciasjb.salesianos.edu\/colegio\/enigma-un-proyecto-interdisciplinar-para-el-alumnado-de-cuarto-de-eso\/\" \/>\n<meta property=\"og:locale\" content=\"es_ES\" \/>\n<meta property=\"og:type\" content=\"article\" \/>\n<meta property=\"og:title\" content=\"ENIGMA: un proyecto interdisciplinar para el alumnado de cuarto de ESO - Colegio San Juan Bosco Valencia\" \/>\n<meta property=\"og:description\" content=\"El alumnado de cuarto de ESO se ha embarcado en un proyecto interdisciplinar de Educaci\u00f3n para el Desarrollo llamado \u201cEnigma\u201d, que ha tenido lugar a lo largo de dos jornadas completas de trabajo, con actividades propuestas desde diferentes asignaturas del nivel, con un eje com\u00fan. Este proyecto pretende despertar en el alumnado el trabajo en [&hellip;]\" \/>\n<meta property=\"og:url\" content=\"https:\/\/valenciasjb.salesianos.edu\/colegio\/enigma-un-proyecto-interdisciplinar-para-el-alumnado-de-cuarto-de-eso\/\" \/>\n<meta property=\"og:site_name\" content=\"Colegio San Juan Bosco Valencia\" \/>\n<meta property=\"article:publisher\" content=\"https:\/\/www.facebook.com\/ColegioSalesianoSanJuanBoscoValencia\" \/>\n<meta property=\"article:published_time\" content=\"2018-03-20T16:28:54+00:00\" \/>\n<meta property=\"article:modified_time\" content=\"2018-03-20T16:31:21+00:00\" \/>\n<meta property=\"og:image\" content=\"https:\/\/valenciasjb.salesianos.edu\/colegio\/wp-content\/uploads\/sites\/2\/2018\/03\/20180314_094835-1024x768.jpg\" \/>\n\t<meta property=\"og:image:width\" content=\"1024\" \/>\n\t<meta property=\"og:image:height\" content=\"768\" \/>\n\t<meta property=\"og:image:type\" content=\"image\/jpeg\" \/>\n<meta name=\"author\" content=\"veronicapastor\" \/>\n<meta name=\"twitter:card\" content=\"summary_large_image\" \/>\n<meta name=\"twitter:creator\" content=\"@SalesianosVSJB\" \/>\n<meta name=\"twitter:site\" content=\"@SalesianosVSJB\" \/>\n<meta name=\"twitter:label1\" content=\"Escrito por\" \/>\n\t<meta name=\"twitter:data1\" content=\"veronicapastor\" \/>\n\t<meta name=\"twitter:label2\" content=\"Tiempo de lectura\" \/>\n\t<meta name=\"twitter:data2\" content=\"3 minutos\" \/>\n<script type=\"application\/ld+json\" class=\"yoast-schema-graph\">{\"@context\":\"https:\\\/\\\/schema.org\",\"@graph\":[{\"@type\":\"Article\",\"@id\":\"https:\\\/\\\/valenciasjb.salesianos.edu\\\/colegio\\\/enigma-un-proyecto-interdisciplinar-para-el-alumnado-de-cuarto-de-eso\\\/#article\",\"isPartOf\":{\"@id\":\"https:\\\/\\\/valenciasjb.salesianos.edu\\\/colegio\\\/enigma-un-proyecto-interdisciplinar-para-el-alumnado-de-cuarto-de-eso\\\/\"},\"author\":{\"name\":\"veronicapastor\",\"@id\":\"https:\\\/\\\/valenciasjb.salesianos.edu\\\/colegio\\\/#\\\/schema\\\/person\\\/1f45b67e52b27da175190a574db6bed9\"},\"headline\":\"ENIGMA: un proyecto interdisciplinar para el alumnado de cuarto de ESO\",\"datePublished\":\"2018-03-20T16:28:54+00:00\",\"dateModified\":\"2018-03-20T16:31:21+00:00\",\"mainEntityOfPage\":{\"@id\":\"https:\\\/\\\/valenciasjb.salesianos.edu\\\/colegio\\\/enigma-un-proyecto-interdisciplinar-para-el-alumnado-de-cuarto-de-eso\\\/\"},\"wordCount\":662,\"image\":{\"@id\":\"https:\\\/\\\/valenciasjb.salesianos.edu\\\/colegio\\\/enigma-un-proyecto-interdisciplinar-para-el-alumnado-de-cuarto-de-eso\\\/#primaryimage\"},\"thumbnailUrl\":\"https:\\\/\\\/valenciasjb.salesianos.edu\\\/colegio\\\/wp-content\\\/uploads\\\/sites\\\/2\\\/2018\\\/03\\\/20180314_094835.jpg\",\"articleSection\":[\"Noticia Colegio\"],\"inLanguage\":\"es\"},{\"@type\":\"WebPage\",\"@id\":\"https:\\\/\\\/valenciasjb.salesianos.edu\\\/colegio\\\/enigma-un-proyecto-interdisciplinar-para-el-alumnado-de-cuarto-de-eso\\\/\",\"url\":\"https:\\\/\\\/valenciasjb.salesianos.edu\\\/colegio\\\/enigma-un-proyecto-interdisciplinar-para-el-alumnado-de-cuarto-de-eso\\\/\",\"name\":\"ENIGMA: un proyecto interdisciplinar para el alumnado de cuarto de ESO - Colegio San Juan Bosco Valencia\",\"isPartOf\":{\"@id\":\"https:\\\/\\\/valenciasjb.salesianos.edu\\\/colegio\\\/#website\"},\"primaryImageOfPage\":{\"@id\":\"https:\\\/\\\/valenciasjb.salesianos.edu\\\/colegio\\\/enigma-un-proyecto-interdisciplinar-para-el-alumnado-de-cuarto-de-eso\\\/#primaryimage\"},\"image\":{\"@id\":\"https:\\\/\\\/valenciasjb.salesianos.edu\\\/colegio\\\/enigma-un-proyecto-interdisciplinar-para-el-alumnado-de-cuarto-de-eso\\\/#primaryimage\"},\"thumbnailUrl\":\"https:\\\/\\\/valenciasjb.salesianos.edu\\\/colegio\\\/wp-content\\\/uploads\\\/sites\\\/2\\\/2018\\\/03\\\/20180314_094835.jpg\",\"datePublished\":\"2018-03-20T16:28:54+00:00\",\"dateModified\":\"2018-03-20T16:31:21+00:00\",\"author\":{\"@id\":\"https:\\\/\\\/valenciasjb.salesianos.edu\\\/colegio\\\/#\\\/schema\\\/person\\\/1f45b67e52b27da175190a574db6bed9\"},\"breadcrumb\":{\"@id\":\"https:\\\/\\\/valenciasjb.salesianos.edu\\\/colegio\\\/enigma-un-proyecto-interdisciplinar-para-el-alumnado-de-cuarto-de-eso\\\/#breadcrumb\"},\"inLanguage\":\"es\",\"potentialAction\":[{\"@type\":\"ReadAction\",\"target\":[\"https:\\\/\\\/valenciasjb.salesianos.edu\\\/colegio\\\/enigma-un-proyecto-interdisciplinar-para-el-alumnado-de-cuarto-de-eso\\\/\"]}]},{\"@type\":\"ImageObject\",\"inLanguage\":\"es\",\"@id\":\"https:\\\/\\\/valenciasjb.salesianos.edu\\\/colegio\\\/enigma-un-proyecto-interdisciplinar-para-el-alumnado-de-cuarto-de-eso\\\/#primaryimage\",\"url\":\"https:\\\/\\\/valenciasjb.salesianos.edu\\\/colegio\\\/wp-content\\\/uploads\\\/sites\\\/2\\\/2018\\\/03\\\/20180314_094835.jpg\",\"contentUrl\":\"https:\\\/\\\/valenciasjb.salesianos.edu\\\/colegio\\\/wp-content\\\/uploads\\\/sites\\\/2\\\/2018\\\/03\\\/20180314_094835.jpg\",\"width\":4128,\"height\":3096},{\"@type\":\"BreadcrumbList\",\"@id\":\"https:\\\/\\\/valenciasjb.salesianos.edu\\\/colegio\\\/enigma-un-proyecto-interdisciplinar-para-el-alumnado-de-cuarto-de-eso\\\/#breadcrumb\",\"itemListElement\":[{\"@type\":\"ListItem\",\"position\":1,\"name\":\"Portada\",\"item\":\"https:\\\/\\\/valenciasjb.salesianos.edu\\\/colegio\\\/\"},{\"@type\":\"ListItem\",\"position\":2,\"name\":\"ENIGMA: un proyecto interdisciplinar para el alumnado de cuarto de ESO\"}]},{\"@type\":\"WebSite\",\"@id\":\"https:\\\/\\\/valenciasjb.salesianos.edu\\\/colegio\\\/#website\",\"url\":\"https:\\\/\\\/valenciasjb.salesianos.edu\\\/colegio\\\/\",\"name\":\"Colegio San Juan Bosco Valencia\",\"description\":\"P\u00e1gina oficial del Colegio Salesianos San Juan Bosco Valencia\",\"alternateName\":\"Salesianos.VSJB\",\"potentialAction\":[{\"@type\":\"SearchAction\",\"target\":{\"@type\":\"EntryPoint\",\"urlTemplate\":\"https:\\\/\\\/valenciasjb.salesianos.edu\\\/colegio\\\/?s={search_term_string}\"},\"query-input\":{\"@type\":\"PropertyValueSpecification\",\"valueRequired\":true,\"valueName\":\"search_term_string\"}}],\"inLanguage\":\"es\"},{\"@type\":\"Person\",\"@id\":\"https:\\\/\\\/valenciasjb.salesianos.edu\\\/colegio\\\/#\\\/schema\\\/person\\\/1f45b67e52b27da175190a574db6bed9\",\"name\":\"veronicapastor\",\"image\":{\"@type\":\"ImageObject\",\"inLanguage\":\"es\",\"@id\":\"https:\\\/\\\/secure.gravatar.com\\\/avatar\\\/e29bd40bace3fd935e1d6fdb7313ffc14628cc037c5e16f4c7369b20a2a6f7f0?s=96&d=mm&r=g\",\"url\":\"https:\\\/\\\/secure.gravatar.com\\\/avatar\\\/e29bd40bace3fd935e1d6fdb7313ffc14628cc037c5e16f4c7369b20a2a6f7f0?s=96&d=mm&r=g\",\"contentUrl\":\"https:\\\/\\\/secure.gravatar.com\\\/avatar\\\/e29bd40bace3fd935e1d6fdb7313ffc14628cc037c5e16f4c7369b20a2a6f7f0?s=96&d=mm&r=g\",\"caption\":\"veronicapastor\"}}]}<\/script>\n<!-- \/ Yoast SEO plugin. -->","yoast_head_json":{"title":"ENIGMA: un proyecto interdisciplinar para el alumnado de cuarto de ESO - Colegio San Juan Bosco Valencia","robots":{"index":"index","follow":"follow","max-snippet":"max-snippet:-1","max-image-preview":"max-image-preview:large","max-video-preview":"max-video-preview:-1"},"canonical":"https:\/\/valenciasjb.salesianos.edu\/colegio\/enigma-un-proyecto-interdisciplinar-para-el-alumnado-de-cuarto-de-eso\/","og_locale":"es_ES","og_type":"article","og_title":"ENIGMA: un proyecto interdisciplinar para el alumnado de cuarto de ESO - Colegio San Juan Bosco Valencia","og_description":"El alumnado de cuarto de ESO se ha embarcado en un proyecto interdisciplinar de Educaci\u00f3n para el Desarrollo llamado \u201cEnigma\u201d, que ha tenido lugar a lo largo de dos jornadas completas de trabajo, con actividades propuestas desde diferentes asignaturas del nivel, con un eje com\u00fan. Este proyecto pretende despertar en el alumnado el trabajo en [&hellip;]","og_url":"https:\/\/valenciasjb.salesianos.edu\/colegio\/enigma-un-proyecto-interdisciplinar-para-el-alumnado-de-cuarto-de-eso\/","og_site_name":"Colegio San Juan Bosco Valencia","article_publisher":"https:\/\/www.facebook.com\/ColegioSalesianoSanJuanBoscoValencia","article_published_time":"2018-03-20T16:28:54+00:00","article_modified_time":"2018-03-20T16:31:21+00:00","og_image":[{"width":1024,"height":768,"url":"https:\/\/valenciasjb.salesianos.edu\/colegio\/wp-content\/uploads\/sites\/2\/2018\/03\/20180314_094835-1024x768.jpg","type":"image\/jpeg"}],"author":"veronicapastor","twitter_card":"summary_large_image","twitter_creator":"@SalesianosVSJB","twitter_site":"@SalesianosVSJB","twitter_misc":{"Escrito por":"veronicapastor","Tiempo de lectura":"3 minutos"},"schema":{"@context":"https:\/\/schema.org","@graph":[{"@type":"Article","@id":"https:\/\/valenciasjb.salesianos.edu\/colegio\/enigma-un-proyecto-interdisciplinar-para-el-alumnado-de-cuarto-de-eso\/#article","isPartOf":{"@id":"https:\/\/valenciasjb.salesianos.edu\/colegio\/enigma-un-proyecto-interdisciplinar-para-el-alumnado-de-cuarto-de-eso\/"},"author":{"name":"veronicapastor","@id":"https:\/\/valenciasjb.salesianos.edu\/colegio\/#\/schema\/person\/1f45b67e52b27da175190a574db6bed9"},"headline":"ENIGMA: un proyecto interdisciplinar para el alumnado de cuarto de ESO","datePublished":"2018-03-20T16:28:54+00:00","dateModified":"2018-03-20T16:31:21+00:00","mainEntityOfPage":{"@id":"https:\/\/valenciasjb.salesianos.edu\/colegio\/enigma-un-proyecto-interdisciplinar-para-el-alumnado-de-cuarto-de-eso\/"},"wordCount":662,"image":{"@id":"https:\/\/valenciasjb.salesianos.edu\/colegio\/enigma-un-proyecto-interdisciplinar-para-el-alumnado-de-cuarto-de-eso\/#primaryimage"},"thumbnailUrl":"https:\/\/valenciasjb.salesianos.edu\/colegio\/wp-content\/uploads\/sites\/2\/2018\/03\/20180314_094835.jpg","articleSection":["Noticia Colegio"],"inLanguage":"es"},{"@type":"WebPage","@id":"https:\/\/valenciasjb.salesianos.edu\/colegio\/enigma-un-proyecto-interdisciplinar-para-el-alumnado-de-cuarto-de-eso\/","url":"https:\/\/valenciasjb.salesianos.edu\/colegio\/enigma-un-proyecto-interdisciplinar-para-el-alumnado-de-cuarto-de-eso\/","name":"ENIGMA: un proyecto interdisciplinar para el alumnado de cuarto de ESO - Colegio San Juan Bosco Valencia","isPartOf":{"@id":"https:\/\/valenciasjb.salesianos.edu\/colegio\/#website"},"primaryImageOfPage":{"@id":"https:\/\/valenciasjb.salesianos.edu\/colegio\/enigma-un-proyecto-interdisciplinar-para-el-alumnado-de-cuarto-de-eso\/#primaryimage"},"image":{"@id":"https:\/\/valenciasjb.salesianos.edu\/colegio\/enigma-un-proyecto-interdisciplinar-para-el-alumnado-de-cuarto-de-eso\/#primaryimage"},"thumbnailUrl":"https:\/\/valenciasjb.salesianos.edu\/colegio\/wp-content\/uploads\/sites\/2\/2018\/03\/20180314_094835.jpg","datePublished":"2018-03-20T16:28:54+00:00","dateModified":"2018-03-20T16:31:21+00:00","author":{"@id":"https:\/\/valenciasjb.salesianos.edu\/colegio\/#\/schema\/person\/1f45b67e52b27da175190a574db6bed9"},"breadcrumb":{"@id":"https:\/\/valenciasjb.salesianos.edu\/colegio\/enigma-un-proyecto-interdisciplinar-para-el-alumnado-de-cuarto-de-eso\/#breadcrumb"},"inLanguage":"es","potentialAction":[{"@type":"ReadAction","target":["https:\/\/valenciasjb.salesianos.edu\/colegio\/enigma-un-proyecto-interdisciplinar-para-el-alumnado-de-cuarto-de-eso\/"]}]},{"@type":"ImageObject","inLanguage":"es","@id":"https:\/\/valenciasjb.salesianos.edu\/colegio\/enigma-un-proyecto-interdisciplinar-para-el-alumnado-de-cuarto-de-eso\/#primaryimage","url":"https:\/\/valenciasjb.salesianos.edu\/colegio\/wp-content\/uploads\/sites\/2\/2018\/03\/20180314_094835.jpg","contentUrl":"https:\/\/valenciasjb.salesianos.edu\/colegio\/wp-content\/uploads\/sites\/2\/2018\/03\/20180314_094835.jpg","width":4128,"height":3096},{"@type":"BreadcrumbList","@id":"https:\/\/valenciasjb.salesianos.edu\/colegio\/enigma-un-proyecto-interdisciplinar-para-el-alumnado-de-cuarto-de-eso\/#breadcrumb","itemListElement":[{"@type":"ListItem","position":1,"name":"Portada","item":"https:\/\/valenciasjb.salesianos.edu\/colegio\/"},{"@type":"ListItem","position":2,"name":"ENIGMA: un proyecto interdisciplinar para el alumnado de cuarto de ESO"}]},{"@type":"WebSite","@id":"https:\/\/valenciasjb.salesianos.edu\/colegio\/#website","url":"https:\/\/valenciasjb.salesianos.edu\/colegio\/","name":"Colegio San Juan Bosco Valencia","description":"P\u00e1gina oficial del Colegio Salesianos San Juan Bosco Valencia","alternateName":"Salesianos.VSJB","potentialAction":[{"@type":"SearchAction","target":{"@type":"EntryPoint","urlTemplate":"https:\/\/valenciasjb.salesianos.edu\/colegio\/?s={search_term_string}"},"query-input":{"@type":"PropertyValueSpecification","valueRequired":true,"valueName":"search_term_string"}}],"inLanguage":"es"},{"@type":"Person","@id":"https:\/\/valenciasjb.salesianos.edu\/colegio\/#\/schema\/person\/1f45b67e52b27da175190a574db6bed9","name":"veronicapastor","image":{"@type":"ImageObject","inLanguage":"es","@id":"https:\/\/secure.gravatar.com\/avatar\/e29bd40bace3fd935e1d6fdb7313ffc14628cc037c5e16f4c7369b20a2a6f7f0?s=96&d=mm&r=g","url":"https:\/\/secure.gravatar.com\/avatar\/e29bd40bace3fd935e1d6fdb7313ffc14628cc037c5e16f4c7369b20a2a6f7f0?s=96&d=mm&r=g","contentUrl":"https:\/\/secure.gravatar.com\/avatar\/e29bd40bace3fd935e1d6fdb7313ffc14628cc037c5e16f4c7369b20a2a6f7f0?s=96&d=mm&r=g","caption":"veronicapastor"}}]}},"_links":{"self":[{"href":"https:\/\/valenciasjb.salesianos.edu\/colegio\/wp-json\/wp\/v2\/posts\/8666","targetHints":{"allow":["GET"]}}],"collection":[{"href":"https:\/\/valenciasjb.salesianos.edu\/colegio\/wp-json\/wp\/v2\/posts"}],"about":[{"href":"https:\/\/valenciasjb.salesianos.edu\/colegio\/wp-json\/wp\/v2\/types\/post"}],"author":[{"embeddable":true,"href":"https:\/\/valenciasjb.salesianos.edu\/colegio\/wp-json\/wp\/v2\/users\/6"}],"replies":[{"embeddable":true,"href":"https:\/\/valenciasjb.salesianos.edu\/colegio\/wp-json\/wp\/v2\/comments?post=8666"}],"version-history":[{"count":3,"href":"https:\/\/valenciasjb.salesianos.edu\/colegio\/wp-json\/wp\/v2\/posts\/8666\/revisions"}],"predecessor-version":[{"id":8678,"href":"https:\/\/valenciasjb.salesianos.edu\/colegio\/wp-json\/wp\/v2\/posts\/8666\/revisions\/8678"}],"wp:featuredmedia":[{"embeddable":true,"href":"https:\/\/valenciasjb.salesianos.edu\/colegio\/wp-json\/wp\/v2\/media\/8676"}],"wp:attachment":[{"href":"https:\/\/valenciasjb.salesianos.edu\/colegio\/wp-json\/wp\/v2\/media?parent=8666"}],"wp:term":[{"taxonomy":"category","embeddable":true,"href":"https:\/\/valenciasjb.salesianos.edu\/colegio\/wp-json\/wp\/v2\/categories?post=8666"},{"taxonomy":"post_tag","embeddable":true,"href":"https:\/\/valenciasjb.salesianos.edu\/colegio\/wp-json\/wp\/v2\/tags?post=8666"}],"curies":[{"name":"wp","href":"https:\/\/api.w.org\/{rel}","templated":true}]}}