{"id":8718,"date":"2018-03-27T21:23:16","date_gmt":"2018-03-27T20:23:16","guid":{"rendered":"https:\/\/valenciasjb.salesianos.edu\/colegio\/?p=8718"},"modified":"2018-03-27T21:24:03","modified_gmt":"2018-03-27T20:24:03","slug":"los-ninos-y-ninas-de-cinco-anos-visitan-la-granja-escuela-mas-del-capella","status":"publish","type":"post","link":"https:\/\/valenciasjb.salesianos.edu\/colegio\/los-ninos-y-ninas-de-cinco-anos-visitan-la-granja-escuela-mas-del-capella\/","title":{"rendered":"Los ni\u00f1os y ni\u00f1as de cinco a\u00f1os visitan la granja escuela \u00abMas del Capell\u00e0\u00bb"},"content":{"rendered":"<div id=\"fb-root\"><\/div>\n<p>[et_pb_section bb_built=\u00bb1&#8243; admin_label=\u00bbsection\u00bb][et_pb_row admin_label=\u00bbrow\u00bb background_position=\u00bbtop_left\u00bb background_repeat=\u00bbrepeat\u00bb background_size=\u00bbinitial\u00bb][et_pb_column type=\u00bb4_4&#8243;][et_pb_text admin_label=\u00bbEntradilla (Texto)\u00bb _builder_version=\u00bb3.0.105&#8243; background_layout=\u00bblight\u00bb text_orientation=\u00bbjustified\u00bb text_font=\u00bb|on|||\u00bb module_alignment=\u00bbleft\u00bb]<\/p>\n<div id=\"resumen\"><strong>El pasado viernes, 26 de marzo, los alumnos de cinco a\u00f1os del colegio visitaron la granja escuela \u00abMas del Capell\u00e0\u00bb en Olocau, coincidiendo con el inicio del\u00a0proyecto \u00abL\u2019ornitorinc\u00bb.<br \/>\n<\/strong><\/div>\n<p>[\/et_pb_text][et_pb_text admin_label=\u00bbAutor (Texto)\u00bb _builder_version=\u00bb3.0.105&#8243; background_layout=\u00bblight\u00bb text_font=\u00bb||on||\u00bb]<\/p>\n<p>M\u00aa Carmen Amor\u00f3s. Profesora de Infantil<\/p>\n<p>[\/et_pb_text][et_pb_text admin_label=\u00bbDesarrollo (Texto)\u00bb _builder_version=\u00bb3.0.105&#8243; background_layout=\u00bblight\u00bb text_orientation=\u00bbjustified\u00bb module_alignment=\u00bbleft\u00bb]<\/p>\n<p><img loading=\"lazy\" decoding=\"async\" class=\"alignnone wp-image-8727\" src=\"https:\/\/valenciasjb.salesianos.edu\/colegio\/wp-content\/uploads\/sites\/2\/2018\/03\/IMG_20180323_122715-300x169.jpg\" alt=\"\" width=\"815\" height=\"459\" srcset=\"https:\/\/valenciasjb.salesianos.edu\/colegio\/wp-content\/uploads\/sites\/2\/2018\/03\/IMG_20180323_122715-300x169.jpg 300w, https:\/\/valenciasjb.salesianos.edu\/colegio\/wp-content\/uploads\/sites\/2\/2018\/03\/IMG_20180323_122715-768x432.jpg 768w, https:\/\/valenciasjb.salesianos.edu\/colegio\/wp-content\/uploads\/sites\/2\/2018\/03\/IMG_20180323_122715-1024x576.jpg 1024w, https:\/\/valenciasjb.salesianos.edu\/colegio\/wp-content\/uploads\/sites\/2\/2018\/03\/IMG_20180323_122715-1080x608.jpg 1080w\" sizes=\"(max-width: 815px) 100vw, 815px\" \/><\/p>\n<p>El d\u00eda empez\u00f3 lleno de nervios y alegr\u00eda ante la perspectiva de pasar un d\u00eda al\u00a0aire libre rodeado de animales en plena naturaleza y no quedaron decepcionados en\u00a0absoluto porque result\u00f3 un d\u00eda precioso en todos los aspectos.<\/p>\n<p>Nada m\u00e1s llegar a la granja vimos a los monitores y monitoras que nos estaban\u00a0esperando y, en cuanto bajamos del autob\u00fas, distribuyeron a nuestros alumnos por grupos y\u00a0se hicieron cargo de ellos durante el resto de la jornada.<\/p>\n<p>En primer lugar, almorzaron e, inmediatamente, se fueron a realizar las diferentes\u00a0actividades entre las que se encontraban la visita a los diferentes recintos de animales,\u00a0talleres de plantas y sales de ba\u00f1o y la actividad estrella: \u00a1un paseo en carro tirado por un\u00a0precioso caballo llamado Tico!<\/p>\n<p>Cuando terminaron, pasamos al comedor donde comieron r\u00e1pidamente porque\u00a0estaban deseando salir para seguir jugando, y as\u00ed lo hicieron; aprovecharon hasta el \u00faltimo\u00a0minuto de estancia en esta preciosa granja.<\/p>\n<p>Ya de vuelta en el autob\u00fas, cansados, nerviosos y muy contentos, la emoci\u00f3n de\u00a0nuestros peques se reflejaba en sus caras; hab\u00edan disfrutado de un d\u00eda muy especial.<\/p>\n<p>[\/et_pb_text][et_pb_text admin_label=\u00bbT\u00edtulo: Galer\u00eda de fotos (Texto)\u00bb _builder_version=\u00bb3.0.76&#8243; background_layout=\u00bblight\u00bb text_font=\u00bb|on|||\u00bb text_text_color=\u00bb#dc001b\u00bb border_style=\u00bbsolid\u00bb disabled=\u00bboff\u00bb disabled_on=\u00bboff|on|on\u00bb]<\/p>\n<p>Galer\u00eda de im\u00e1genes<\/p>\n<p>[\/et_pb_text][et_pb_gallery _builder_version=\u00bb3.0.105&#8243; posts_number=\u00bb8&#8243; show_title_and_caption=\u00bboff\u00bb show_pagination=\u00bbon\u00bb fullwidth=\u00bboff\u00bb orientation=\u00bblandscape\u00bb zoom_icon_color=\u00bb#dc001b\u00bb hover_overlay_color=\u00bbrgba(255,255,255,0.9)\u00bb hover_icon=\u00bb%%51%%\u00bb background_layout=\u00bblight\u00bb disabled=\u00bboff\u00bb disabled_on=\u00bboff|off|off\u00bb gallery_ids=\u00bb8720,8721,8722,8723,8724,8725,8726,8719&#8243; pagination_font_size_tablet=\u00bb51&#8243; pagination_line_height_tablet=\u00bb2&#8243; \/][et_pb_video _builder_version=\u00bb3.0.51&#8243; disabled=\u00bbon\u00bb disabled_on=\u00bbon|on|on\u00bb \/][\/et_pb_column][\/et_pb_row][\/et_pb_section]<\/p>\n<!-- AddThis Advanced Settings generic via filter on the_content --><!-- AddThis Share Buttons generic via filter on the_content -->","protected":false},"excerpt":{"rendered":"<p>El pasado viernes, 26 de marzo, los alumnos de cinco a\u00f1os del colegio visitaron la granja escuela \u00abMas del Capell\u00e0\u00bb en Olocau, coincidiendo con el inicio del\u00a0proyecto \u00abL\u2019ornitorinc\u00bb. M\u00aa Carmen Amor\u00f3s. Profesora de Infantil El d\u00eda empez\u00f3 lleno de nervios y alegr\u00eda ante la perspectiva de pasar un d\u00eda al\u00a0aire libre rodeado de animales en [&hellip;]<\/p>\n<p><!-- AddThis Advanced Settings generic via filter on get_the_excerpt --><!-- AddThis Share Buttons generic via filter on get_the_excerpt --><\/p>\n","protected":false},"author":6,"featured_media":8728,"comment_status":"closed","ping_status":"open","sticky":false,"template":"","format":"standard","meta":{"_et_pb_use_builder":"on","_et_pb_old_content":"","_et_gb_content_width":"","footnotes":""},"categories":[14],"tags":[],"class_list":["post-8718","post","type-post","status-publish","format-standard","has-post-thumbnail","hentry","category-noticia_colegio"],"yoast_head":"<!-- This site is optimized with the Yoast SEO plugin v28.4 - https:\/\/yoast.com\/product\/yoast-seo-wordpress\/ -->\n<title>Los ni\u00f1os y ni\u00f1as de cinco a\u00f1os visitan la granja escuela &quot;Mas del Capell\u00e0&quot; - Colegio San Juan Bosco Valencia<\/title>\n<meta name=\"robots\" content=\"index, follow, max-snippet:-1, max-image-preview:large, max-video-preview:-1\" \/>\n<link rel=\"canonical\" href=\"https:\/\/valenciasjb.salesianos.edu\/colegio\/los-ninos-y-ninas-de-cinco-anos-visitan-la-granja-escuela-mas-del-capella\/\" \/>\n<meta property=\"og:locale\" content=\"es_ES\" \/>\n<meta property=\"og:type\" content=\"article\" \/>\n<meta property=\"og:title\" content=\"Los ni\u00f1os y ni\u00f1as de cinco a\u00f1os visitan la granja escuela &quot;Mas del Capell\u00e0&quot; - Colegio San Juan Bosco Valencia\" \/>\n<meta property=\"og:description\" content=\"El pasado viernes, 26 de marzo, los alumnos de cinco a\u00f1os del colegio visitaron la granja escuela \u00abMas del Capell\u00e0\u00bb en Olocau, coincidiendo con el inicio del\u00a0proyecto \u00abL\u2019ornitorinc\u00bb. M\u00aa Carmen Amor\u00f3s. Profesora de Infantil El d\u00eda empez\u00f3 lleno de nervios y alegr\u00eda ante la perspectiva de pasar un d\u00eda al\u00a0aire libre rodeado de animales en [&hellip;]\" \/>\n<meta property=\"og:url\" content=\"https:\/\/valenciasjb.salesianos.edu\/colegio\/los-ninos-y-ninas-de-cinco-anos-visitan-la-granja-escuela-mas-del-capella\/\" \/>\n<meta property=\"og:site_name\" content=\"Colegio San Juan Bosco Valencia\" \/>\n<meta property=\"article:publisher\" content=\"https:\/\/www.facebook.com\/ColegioSalesianoSanJuanBoscoValencia\" \/>\n<meta property=\"article:published_time\" content=\"2018-03-27T20:23:16+00:00\" \/>\n<meta property=\"article:modified_time\" content=\"2018-03-27T20:24:03+00:00\" \/>\n<meta property=\"og:image\" content=\"https:\/\/valenciasjb.salesianos.edu\/colegio\/wp-content\/uploads\/sites\/2\/2018\/03\/IMG_20180323_122639-1024x768.jpg\" \/>\n\t<meta property=\"og:image:width\" content=\"1024\" \/>\n\t<meta property=\"og:image:height\" content=\"768\" \/>\n\t<meta property=\"og:image:type\" content=\"image\/jpeg\" \/>\n<meta name=\"author\" content=\"veronicapastor\" \/>\n<meta name=\"twitter:card\" content=\"summary_large_image\" \/>\n<meta name=\"twitter:creator\" content=\"@SalesianosVSJB\" \/>\n<meta name=\"twitter:site\" content=\"@SalesianosVSJB\" \/>\n<meta name=\"twitter:label1\" content=\"Escrito por\" \/>\n\t<meta name=\"twitter:data1\" content=\"veronicapastor\" \/>\n\t<meta name=\"twitter:label2\" content=\"Tiempo de lectura\" \/>\n\t<meta name=\"twitter:data2\" content=\"2 minutos\" \/>\n<script type=\"application\/ld+json\" class=\"yoast-schema-graph\">{\"@context\":\"https:\\\/\\\/schema.org\",\"@graph\":[{\"@type\":\"Article\",\"@id\":\"https:\\\/\\\/valenciasjb.salesianos.edu\\\/colegio\\\/los-ninos-y-ninas-de-cinco-anos-visitan-la-granja-escuela-mas-del-capella\\\/#article\",\"isPartOf\":{\"@id\":\"https:\\\/\\\/valenciasjb.salesianos.edu\\\/colegio\\\/los-ninos-y-ninas-de-cinco-anos-visitan-la-granja-escuela-mas-del-capella\\\/\"},\"author\":{\"name\":\"veronicapastor\",\"@id\":\"https:\\\/\\\/valenciasjb.salesianos.edu\\\/colegio\\\/#\\\/schema\\\/person\\\/1f45b67e52b27da175190a574db6bed9\"},\"headline\":\"Los ni\u00f1os y ni\u00f1as de cinco a\u00f1os visitan la granja escuela \u00abMas del Capell\u00e0\u00bb\",\"datePublished\":\"2018-03-27T20:23:16+00:00\",\"dateModified\":\"2018-03-27T20:24:03+00:00\",\"mainEntityOfPage\":{\"@id\":\"https:\\\/\\\/valenciasjb.salesianos.edu\\\/colegio\\\/los-ninos-y-ninas-de-cinco-anos-visitan-la-granja-escuela-mas-del-capella\\\/\"},\"wordCount\":456,\"image\":{\"@id\":\"https:\\\/\\\/valenciasjb.salesianos.edu\\\/colegio\\\/los-ninos-y-ninas-de-cinco-anos-visitan-la-granja-escuela-mas-del-capella\\\/#primaryimage\"},\"thumbnailUrl\":\"https:\\\/\\\/valenciasjb.salesianos.edu\\\/colegio\\\/wp-content\\\/uploads\\\/sites\\\/2\\\/2018\\\/03\\\/IMG_20180323_122639.jpg\",\"articleSection\":[\"Noticia Colegio\"],\"inLanguage\":\"es\"},{\"@type\":\"WebPage\",\"@id\":\"https:\\\/\\\/valenciasjb.salesianos.edu\\\/colegio\\\/los-ninos-y-ninas-de-cinco-anos-visitan-la-granja-escuela-mas-del-capella\\\/\",\"url\":\"https:\\\/\\\/valenciasjb.salesianos.edu\\\/colegio\\\/los-ninos-y-ninas-de-cinco-anos-visitan-la-granja-escuela-mas-del-capella\\\/\",\"name\":\"Los ni\u00f1os y ni\u00f1as de cinco a\u00f1os visitan la granja escuela \\\"Mas del Capell\u00e0\\\" - Colegio San Juan Bosco Valencia\",\"isPartOf\":{\"@id\":\"https:\\\/\\\/valenciasjb.salesianos.edu\\\/colegio\\\/#website\"},\"primaryImageOfPage\":{\"@id\":\"https:\\\/\\\/valenciasjb.salesianos.edu\\\/colegio\\\/los-ninos-y-ninas-de-cinco-anos-visitan-la-granja-escuela-mas-del-capella\\\/#primaryimage\"},\"image\":{\"@id\":\"https:\\\/\\\/valenciasjb.salesianos.edu\\\/colegio\\\/los-ninos-y-ninas-de-cinco-anos-visitan-la-granja-escuela-mas-del-capella\\\/#primaryimage\"},\"thumbnailUrl\":\"https:\\\/\\\/valenciasjb.salesianos.edu\\\/colegio\\\/wp-content\\\/uploads\\\/sites\\\/2\\\/2018\\\/03\\\/IMG_20180323_122639.jpg\",\"datePublished\":\"2018-03-27T20:23:16+00:00\",\"dateModified\":\"2018-03-27T20:24:03+00:00\",\"author\":{\"@id\":\"https:\\\/\\\/valenciasjb.salesianos.edu\\\/colegio\\\/#\\\/schema\\\/person\\\/1f45b67e52b27da175190a574db6bed9\"},\"breadcrumb\":{\"@id\":\"https:\\\/\\\/valenciasjb.salesianos.edu\\\/colegio\\\/los-ninos-y-ninas-de-cinco-anos-visitan-la-granja-escuela-mas-del-capella\\\/#breadcrumb\"},\"inLanguage\":\"es\",\"potentialAction\":[{\"@type\":\"ReadAction\",\"target\":[\"https:\\\/\\\/valenciasjb.salesianos.edu\\\/colegio\\\/los-ninos-y-ninas-de-cinco-anos-visitan-la-granja-escuela-mas-del-capella\\\/\"]}]},{\"@type\":\"ImageObject\",\"inLanguage\":\"es\",\"@id\":\"https:\\\/\\\/valenciasjb.salesianos.edu\\\/colegio\\\/los-ninos-y-ninas-de-cinco-anos-visitan-la-granja-escuela-mas-del-capella\\\/#primaryimage\",\"url\":\"https:\\\/\\\/valenciasjb.salesianos.edu\\\/colegio\\\/wp-content\\\/uploads\\\/sites\\\/2\\\/2018\\\/03\\\/IMG_20180323_122639.jpg\",\"contentUrl\":\"https:\\\/\\\/valenciasjb.salesianos.edu\\\/colegio\\\/wp-content\\\/uploads\\\/sites\\\/2\\\/2018\\\/03\\\/IMG_20180323_122639.jpg\",\"width\":3968,\"height\":2976,\"caption\":\"sdr\"},{\"@type\":\"BreadcrumbList\",\"@id\":\"https:\\\/\\\/valenciasjb.salesianos.edu\\\/colegio\\\/los-ninos-y-ninas-de-cinco-anos-visitan-la-granja-escuela-mas-del-capella\\\/#breadcrumb\",\"itemListElement\":[{\"@type\":\"ListItem\",\"position\":1,\"name\":\"Portada\",\"item\":\"https:\\\/\\\/valenciasjb.salesianos.edu\\\/colegio\\\/\"},{\"@type\":\"ListItem\",\"position\":2,\"name\":\"Los ni\u00f1os y ni\u00f1as de cinco a\u00f1os visitan la granja escuela \u00abMas del Capell\u00e0\u00bb\"}]},{\"@type\":\"WebSite\",\"@id\":\"https:\\\/\\\/valenciasjb.salesianos.edu\\\/colegio\\\/#website\",\"url\":\"https:\\\/\\\/valenciasjb.salesianos.edu\\\/colegio\\\/\",\"name\":\"Colegio San Juan Bosco Valencia\",\"description\":\"P\u00e1gina oficial del Colegio Salesianos San Juan Bosco Valencia\",\"alternateName\":\"Salesianos.VSJB\",\"potentialAction\":[{\"@type\":\"SearchAction\",\"target\":{\"@type\":\"EntryPoint\",\"urlTemplate\":\"https:\\\/\\\/valenciasjb.salesianos.edu\\\/colegio\\\/?s={search_term_string}\"},\"query-input\":{\"@type\":\"PropertyValueSpecification\",\"valueRequired\":true,\"valueName\":\"search_term_string\"}}],\"inLanguage\":\"es\"},{\"@type\":\"Person\",\"@id\":\"https:\\\/\\\/valenciasjb.salesianos.edu\\\/colegio\\\/#\\\/schema\\\/person\\\/1f45b67e52b27da175190a574db6bed9\",\"name\":\"veronicapastor\",\"image\":{\"@type\":\"ImageObject\",\"inLanguage\":\"es\",\"@id\":\"https:\\\/\\\/secure.gravatar.com\\\/avatar\\\/e29bd40bace3fd935e1d6fdb7313ffc14628cc037c5e16f4c7369b20a2a6f7f0?s=96&d=mm&r=g\",\"url\":\"https:\\\/\\\/secure.gravatar.com\\\/avatar\\\/e29bd40bace3fd935e1d6fdb7313ffc14628cc037c5e16f4c7369b20a2a6f7f0?s=96&d=mm&r=g\",\"contentUrl\":\"https:\\\/\\\/secure.gravatar.com\\\/avatar\\\/e29bd40bace3fd935e1d6fdb7313ffc14628cc037c5e16f4c7369b20a2a6f7f0?s=96&d=mm&r=g\",\"caption\":\"veronicapastor\"}}]}<\/script>\n<!-- \/ Yoast SEO plugin. -->","yoast_head_json":{"title":"Los ni\u00f1os y ni\u00f1as de cinco a\u00f1os visitan la granja escuela \"Mas del Capell\u00e0\" - Colegio San Juan Bosco Valencia","robots":{"index":"index","follow":"follow","max-snippet":"max-snippet:-1","max-image-preview":"max-image-preview:large","max-video-preview":"max-video-preview:-1"},"canonical":"https:\/\/valenciasjb.salesianos.edu\/colegio\/los-ninos-y-ninas-de-cinco-anos-visitan-la-granja-escuela-mas-del-capella\/","og_locale":"es_ES","og_type":"article","og_title":"Los ni\u00f1os y ni\u00f1as de cinco a\u00f1os visitan la granja escuela \"Mas del Capell\u00e0\" - Colegio San Juan Bosco Valencia","og_description":"El pasado viernes, 26 de marzo, los alumnos de cinco a\u00f1os del colegio visitaron la granja escuela \u00abMas del Capell\u00e0\u00bb en Olocau, coincidiendo con el inicio del\u00a0proyecto \u00abL\u2019ornitorinc\u00bb. M\u00aa Carmen Amor\u00f3s. Profesora de Infantil El d\u00eda empez\u00f3 lleno de nervios y alegr\u00eda ante la perspectiva de pasar un d\u00eda al\u00a0aire libre rodeado de animales en [&hellip;]","og_url":"https:\/\/valenciasjb.salesianos.edu\/colegio\/los-ninos-y-ninas-de-cinco-anos-visitan-la-granja-escuela-mas-del-capella\/","og_site_name":"Colegio San Juan Bosco Valencia","article_publisher":"https:\/\/www.facebook.com\/ColegioSalesianoSanJuanBoscoValencia","article_published_time":"2018-03-27T20:23:16+00:00","article_modified_time":"2018-03-27T20:24:03+00:00","og_image":[{"width":1024,"height":768,"url":"https:\/\/valenciasjb.salesianos.edu\/colegio\/wp-content\/uploads\/sites\/2\/2018\/03\/IMG_20180323_122639-1024x768.jpg","type":"image\/jpeg"}],"author":"veronicapastor","twitter_card":"summary_large_image","twitter_creator":"@SalesianosVSJB","twitter_site":"@SalesianosVSJB","twitter_misc":{"Escrito por":"veronicapastor","Tiempo de lectura":"2 minutos"},"schema":{"@context":"https:\/\/schema.org","@graph":[{"@type":"Article","@id":"https:\/\/valenciasjb.salesianos.edu\/colegio\/los-ninos-y-ninas-de-cinco-anos-visitan-la-granja-escuela-mas-del-capella\/#article","isPartOf":{"@id":"https:\/\/valenciasjb.salesianos.edu\/colegio\/los-ninos-y-ninas-de-cinco-anos-visitan-la-granja-escuela-mas-del-capella\/"},"author":{"name":"veronicapastor","@id":"https:\/\/valenciasjb.salesianos.edu\/colegio\/#\/schema\/person\/1f45b67e52b27da175190a574db6bed9"},"headline":"Los ni\u00f1os y ni\u00f1as de cinco a\u00f1os visitan la granja escuela \u00abMas del Capell\u00e0\u00bb","datePublished":"2018-03-27T20:23:16+00:00","dateModified":"2018-03-27T20:24:03+00:00","mainEntityOfPage":{"@id":"https:\/\/valenciasjb.salesianos.edu\/colegio\/los-ninos-y-ninas-de-cinco-anos-visitan-la-granja-escuela-mas-del-capella\/"},"wordCount":456,"image":{"@id":"https:\/\/valenciasjb.salesianos.edu\/colegio\/los-ninos-y-ninas-de-cinco-anos-visitan-la-granja-escuela-mas-del-capella\/#primaryimage"},"thumbnailUrl":"https:\/\/valenciasjb.salesianos.edu\/colegio\/wp-content\/uploads\/sites\/2\/2018\/03\/IMG_20180323_122639.jpg","articleSection":["Noticia Colegio"],"inLanguage":"es"},{"@type":"WebPage","@id":"https:\/\/valenciasjb.salesianos.edu\/colegio\/los-ninos-y-ninas-de-cinco-anos-visitan-la-granja-escuela-mas-del-capella\/","url":"https:\/\/valenciasjb.salesianos.edu\/colegio\/los-ninos-y-ninas-de-cinco-anos-visitan-la-granja-escuela-mas-del-capella\/","name":"Los ni\u00f1os y ni\u00f1as de cinco a\u00f1os visitan la granja escuela \"Mas del Capell\u00e0\" - Colegio San Juan Bosco Valencia","isPartOf":{"@id":"https:\/\/valenciasjb.salesianos.edu\/colegio\/#website"},"primaryImageOfPage":{"@id":"https:\/\/valenciasjb.salesianos.edu\/colegio\/los-ninos-y-ninas-de-cinco-anos-visitan-la-granja-escuela-mas-del-capella\/#primaryimage"},"image":{"@id":"https:\/\/valenciasjb.salesianos.edu\/colegio\/los-ninos-y-ninas-de-cinco-anos-visitan-la-granja-escuela-mas-del-capella\/#primaryimage"},"thumbnailUrl":"https:\/\/valenciasjb.salesianos.edu\/colegio\/wp-content\/uploads\/sites\/2\/2018\/03\/IMG_20180323_122639.jpg","datePublished":"2018-03-27T20:23:16+00:00","dateModified":"2018-03-27T20:24:03+00:00","author":{"@id":"https:\/\/valenciasjb.salesianos.edu\/colegio\/#\/schema\/person\/1f45b67e52b27da175190a574db6bed9"},"breadcrumb":{"@id":"https:\/\/valenciasjb.salesianos.edu\/colegio\/los-ninos-y-ninas-de-cinco-anos-visitan-la-granja-escuela-mas-del-capella\/#breadcrumb"},"inLanguage":"es","potentialAction":[{"@type":"ReadAction","target":["https:\/\/valenciasjb.salesianos.edu\/colegio\/los-ninos-y-ninas-de-cinco-anos-visitan-la-granja-escuela-mas-del-capella\/"]}]},{"@type":"ImageObject","inLanguage":"es","@id":"https:\/\/valenciasjb.salesianos.edu\/colegio\/los-ninos-y-ninas-de-cinco-anos-visitan-la-granja-escuela-mas-del-capella\/#primaryimage","url":"https:\/\/valenciasjb.salesianos.edu\/colegio\/wp-content\/uploads\/sites\/2\/2018\/03\/IMG_20180323_122639.jpg","contentUrl":"https:\/\/valenciasjb.salesianos.edu\/colegio\/wp-content\/uploads\/sites\/2\/2018\/03\/IMG_20180323_122639.jpg","width":3968,"height":2976,"caption":"sdr"},{"@type":"BreadcrumbList","@id":"https:\/\/valenciasjb.salesianos.edu\/colegio\/los-ninos-y-ninas-de-cinco-anos-visitan-la-granja-escuela-mas-del-capella\/#breadcrumb","itemListElement":[{"@type":"ListItem","position":1,"name":"Portada","item":"https:\/\/valenciasjb.salesianos.edu\/colegio\/"},{"@type":"ListItem","position":2,"name":"Los ni\u00f1os y ni\u00f1as de cinco a\u00f1os visitan la granja escuela \u00abMas del Capell\u00e0\u00bb"}]},{"@type":"WebSite","@id":"https:\/\/valenciasjb.salesianos.edu\/colegio\/#website","url":"https:\/\/valenciasjb.salesianos.edu\/colegio\/","name":"Colegio San Juan Bosco Valencia","description":"P\u00e1gina oficial del Colegio Salesianos San Juan Bosco Valencia","alternateName":"Salesianos.VSJB","potentialAction":[{"@type":"SearchAction","target":{"@type":"EntryPoint","urlTemplate":"https:\/\/valenciasjb.salesianos.edu\/colegio\/?s={search_term_string}"},"query-input":{"@type":"PropertyValueSpecification","valueRequired":true,"valueName":"search_term_string"}}],"inLanguage":"es"},{"@type":"Person","@id":"https:\/\/valenciasjb.salesianos.edu\/colegio\/#\/schema\/person\/1f45b67e52b27da175190a574db6bed9","name":"veronicapastor","image":{"@type":"ImageObject","inLanguage":"es","@id":"https:\/\/secure.gravatar.com\/avatar\/e29bd40bace3fd935e1d6fdb7313ffc14628cc037c5e16f4c7369b20a2a6f7f0?s=96&d=mm&r=g","url":"https:\/\/secure.gravatar.com\/avatar\/e29bd40bace3fd935e1d6fdb7313ffc14628cc037c5e16f4c7369b20a2a6f7f0?s=96&d=mm&r=g","contentUrl":"https:\/\/secure.gravatar.com\/avatar\/e29bd40bace3fd935e1d6fdb7313ffc14628cc037c5e16f4c7369b20a2a6f7f0?s=96&d=mm&r=g","caption":"veronicapastor"}}]}},"_links":{"self":[{"href":"https:\/\/valenciasjb.salesianos.edu\/colegio\/wp-json\/wp\/v2\/posts\/8718","targetHints":{"allow":["GET"]}}],"collection":[{"href":"https:\/\/valenciasjb.salesianos.edu\/colegio\/wp-json\/wp\/v2\/posts"}],"about":[{"href":"https:\/\/valenciasjb.salesianos.edu\/colegio\/wp-json\/wp\/v2\/types\/post"}],"author":[{"embeddable":true,"href":"https:\/\/valenciasjb.salesianos.edu\/colegio\/wp-json\/wp\/v2\/users\/6"}],"replies":[{"embeddable":true,"href":"https:\/\/valenciasjb.salesianos.edu\/colegio\/wp-json\/wp\/v2\/comments?post=8718"}],"version-history":[{"count":2,"href":"https:\/\/valenciasjb.salesianos.edu\/colegio\/wp-json\/wp\/v2\/posts\/8718\/revisions"}],"predecessor-version":[{"id":8730,"href":"https:\/\/valenciasjb.salesianos.edu\/colegio\/wp-json\/wp\/v2\/posts\/8718\/revisions\/8730"}],"wp:featuredmedia":[{"embeddable":true,"href":"https:\/\/valenciasjb.salesianos.edu\/colegio\/wp-json\/wp\/v2\/media\/8728"}],"wp:attachment":[{"href":"https:\/\/valenciasjb.salesianos.edu\/colegio\/wp-json\/wp\/v2\/media?parent=8718"}],"wp:term":[{"taxonomy":"category","embeddable":true,"href":"https:\/\/valenciasjb.salesianos.edu\/colegio\/wp-json\/wp\/v2\/categories?post=8718"},{"taxonomy":"post_tag","embeddable":true,"href":"https:\/\/valenciasjb.salesianos.edu\/colegio\/wp-json\/wp\/v2\/tags?post=8718"}],"curies":[{"name":"wp","href":"https:\/\/api.w.org\/{rel}","templated":true}]}}