{"id":8837,"date":"2018-04-19T23:13:30","date_gmt":"2018-04-19T22:13:30","guid":{"rendered":"https:\/\/valenciasjb.salesianos.edu\/colegio\/?p=8837"},"modified":"2018-04-19T23:35:20","modified_gmt":"2018-04-19T22:35:20","slug":"el-colegio-salesiano-san-juan-bosco-de-valencia-ha-acogido-la-presentacion-del-documental-love-de-misiones-salesianas","status":"publish","type":"post","link":"https:\/\/valenciasjb.salesianos.edu\/colegio\/el-colegio-salesiano-san-juan-bosco-de-valencia-ha-acogido-la-presentacion-del-documental-love-de-misiones-salesianas\/","title":{"rendered":"El Colegio Salesiano San Juan Bosco de Valencia ha acogido la presentaci\u00f3n del documental \u2018Love\u2019, de Misiones Salesianas"},"content":{"rendered":"<div id=\"fb-root\"><\/div>\n<p>[et_pb_section bb_built=\u00bb1&#8243; admin_label=\u00bbsection\u00bb][et_pb_row admin_label=\u00bbrow\u00bb background_position=\u00bbtop_left\u00bb background_repeat=\u00bbrepeat\u00bb background_size=\u00bbinitial\u00bb][et_pb_column type=\u00bb4_4&#8243;][et_pb_text admin_label=\u00bbEntradilla (Texto)\u00bb _builder_version=\u00bb3.0.105&#8243; background_layout=\u00bblight\u00bb text_orientation=\u00bbjustified\u00bb text_font=\u00bb|on|||\u00bb module_alignment=\u00bbleft\u00bb]<\/p>\n<div id=\"resumen\">\n<p>\u201cLove\u201d denuncia la situaci\u00f3n de las menores que los salesianos rescatan de la prostituci\u00f3n en las calles de Freetown (Sierra Leona), para darles un hogar, comida y la oportunidad de estudiar.<\/p>\n<p><strong><br \/>\n<\/strong><\/p>\n<\/div>\n<div><\/div>\n<p>[\/et_pb_text][et_pb_text admin_label=\u00bbAutor (Texto)\u00bb _builder_version=\u00bb3.0.85&#8243; background_layout=\u00bblight\u00bb text_font=\u00bb||on||\u00bb]<\/p>\n<p>Redacci\u00f3n<\/p>\n<p>[\/et_pb_text][et_pb_text admin_label=\u00bbDesarrollo (Texto)\u00bb _builder_version=\u00bb3.0.105&#8243; background_layout=\u00bblight\u00bb text_orientation=\u00bbjustified\u00bb module_alignment=\u00bbleft\u00bb]<\/p>\n<p><img loading=\"lazy\" decoding=\"async\" class=\"alignnone wp-image-8849\" src=\"https:\/\/valenciasjb.salesianos.edu\/colegio\/wp-content\/uploads\/sites\/2\/2018\/04\/IMG_4281-300x200.jpg\" alt=\"\" width=\"788\" height=\"525\" srcset=\"https:\/\/valenciasjb.salesianos.edu\/colegio\/wp-content\/uploads\/sites\/2\/2018\/04\/IMG_4281-300x200.jpg 300w, https:\/\/valenciasjb.salesianos.edu\/colegio\/wp-content\/uploads\/sites\/2\/2018\/04\/IMG_4281-768x512.jpg 768w, https:\/\/valenciasjb.salesianos.edu\/colegio\/wp-content\/uploads\/sites\/2\/2018\/04\/IMG_4281-1024x683.jpg 1024w, https:\/\/valenciasjb.salesianos.edu\/colegio\/wp-content\/uploads\/sites\/2\/2018\/04\/IMG_4281-1080x720.jpg 1080w\" sizes=\"(max-width: 788px) 100vw, 788px\" \/><\/p>\n<p>Con motivo de la presentaci\u00f3n del documental, el colegio ha organizado una jornada de concienciaci\u00f3n que ha comenzado a mediod\u00eda en el teatro, con el visionado de \u201cLove\u201d por parte del alumnado de primero y segundo de Bachillerato y un posterior coloquio en el que los alumnos y alumnas han podido preguntar al misionero salesiano, Jorge Crisafulli, director de Don Bosco Fambul-Freetown, sobre su misi\u00f3n humanitaria en Sierra Leona.<\/p>\n<p>Por la tarde, ha sido el turno de los chicos y chicas de Primaria, que han tenido la oportunidad de escuchar de primera mano la experiencia evangelizadora de este salesiano.<\/p>\n<p>Finalmente, a las 19 horas, en un acto abierto a toda la comunidad educativa y a la sociedad en general, de nuevo en el teatro del colegio, se ha presentado el documental \u00abLove\u00bb, con una posterior mesa redonda en la que han participado como moderadores dos alumnos de segundo de Bachillerato del colegio, Kira D\u00edaz y V\u00edctor Palma, y un coloquio con un turno abierto de preguntas. En este acto han intervenido de nuevo Jorge Crisafulli, Jos\u00e9 Antonio San Mart\u00edn, Director de Misiones Salesianas y Alberto L\u00f3pez, Comunicaci\u00f3n de Misiones Salesianas y productor del documental.<\/p>\n<p>El documental \u2018Love\u2019, dirigido por Ra\u00fal de la Fuente, denuncia en 27 minutos una situaci\u00f3n, por desgracia tan com\u00fan en el mundo. Ni\u00f1as y adolescentes de entre 9 y 17 a\u00f1os que ofrecen sus fr\u00e1giles cuerpos en las calles de Freetown (Sierra Leona), en mercados, burdeles y clubes nocturnos, principalmente por la pobreza de sus familias o las dificultades para pagar los estudios. Ninguna es consciente de los riesgos de esta actividad, ya que la mayor\u00eda sufre enfermedades de trasmisi\u00f3n sexual (hepatitis, s\u00edfilis, gonorrea\u2026) e, incluso, SIDA aunque lo desconocen por no haber ido nunca al m\u00e9dico. Aminata, la protagonista, cuenta los episodios m\u00e1s recientes de su vida, una historia triste y de soledad al vivir en la calle, pero con un final esperanzador gracias a los Salesianos y a poder hacer realidad su sue\u00f1o.<\/p>\n<p>La ONG salesiana Don Bosco Fambul, que significa \u201cfamilia\u201d en la lengua Krio local, trabaja en Freetown desde hace m\u00e1s de 30 a\u00f1os con la infancia m\u00e1s vulnerable: comenzaron su intervenci\u00f3n con los ni\u00f1os soldado y en la actualidad trabajan con los ni\u00f1os de la calle, ni\u00f1as abusadas, hu\u00e9rfanos del \u00e9bola, ni\u00f1os y j\u00f3venes encarcelados y, desde finales de 2016, tambi\u00e9n para rescatar de las calles a las menores en situaci\u00f3n de prostituci\u00f3n.<\/p>\n<p>El programa \u2018Girls Os +\u2019 (Os significa refugio en lengua local Krio) pretende la reinserci\u00f3n social de las chicas menores de edad abocadas a ejercer la prostituci\u00f3n para sobrevivir. Gracias a la educaci\u00f3n y al trabajo multidisciplinar de m\u00e9dicos, trabajadores sociales, educadores y psic\u00f3logos, logran reintegrarse con sus familias, en la sociedad y al mundo del trabajo.<\/p>\n<p>Este documental se est\u00e1 presentando en una gira por 6 pa\u00edses de Europa y 12 ciudades espa\u00f1olas durante el mes de abril.<\/p>\n<p>El documental est\u00e1 catalogado para mayores de 16 a\u00f1os, por la tem\u00e1tica planteada, no por las im\u00e1genes mostradas, por lo que se continuar\u00e1 trabajando tambi\u00e9n en las aulas con alumnado de Bachillerato, con un material did\u00e1ctico complementario.<\/p>\n<p>Enlace al documental completo:\u00a0https:\/\/www.youtube.com\/watch?v=SPhtGG9qZo0&amp;t=237s<\/p>\n<p>&nbsp;<\/p>\n<p>[\/et_pb_text][et_pb_text admin_label=\u00bbT\u00edtulo: Galer\u00eda de fotos (Texto)\u00bb _builder_version=\u00bb3.0.76&#8243; background_layout=\u00bblight\u00bb text_font=\u00bb|on|||\u00bb text_text_color=\u00bb#dc001b\u00bb border_style=\u00bbsolid\u00bb disabled=\u00bboff\u00bb disabled_on=\u00bboff|on|on\u00bb]<\/p>\n<p>Galer\u00eda de im\u00e1genes<\/p>\n<p>[\/et_pb_text][et_pb_gallery _builder_version=\u00bb3.0.105&#8243; posts_number=\u00bb8&#8243; show_title_and_caption=\u00bboff\u00bb show_pagination=\u00bbon\u00bb fullwidth=\u00bboff\u00bb orientation=\u00bblandscape\u00bb zoom_icon_color=\u00bb#dc001b\u00bb hover_overlay_color=\u00bbrgba(255,255,255,0.9)\u00bb hover_icon=\u00bb%%51%%\u00bb background_layout=\u00bblight\u00bb disabled=\u00bboff\u00bb disabled_on=\u00bboff|off|off\u00bb gallery_ids=\u00bb8842,8844,8843,8850,8848,8847,8841,8855&#8243; pagination_font_size_tablet=\u00bb51&#8243; pagination_line_height_tablet=\u00bb2&#8243; \/][et_pb_video _builder_version=\u00bb3.0.51&#8243; disabled=\u00bbon\u00bb disabled_on=\u00bbon|on|on\u00bb \/][\/et_pb_column][\/et_pb_row][\/et_pb_section]<\/p>\n<!-- AddThis Advanced Settings generic via filter on the_content --><!-- AddThis Share Buttons generic via filter on the_content -->","protected":false},"excerpt":{"rendered":"<p>\u201cLove\u201d denuncia la situaci\u00f3n de las menores que los salesianos rescatan de la prostituci\u00f3n en las calles de Freetown (Sierra Leona), para darles un hogar, comida y la oportunidad de estudiar. Redacci\u00f3n Con motivo de la presentaci\u00f3n del documental, el colegio ha organizado una jornada de concienciaci\u00f3n que ha comenzado a mediod\u00eda en el teatro, [&hellip;]<\/p>\n<p><!-- AddThis Advanced Settings generic via filter on get_the_excerpt --><!-- AddThis Share Buttons generic via filter on get_the_excerpt --><\/p>\n","protected":false},"author":6,"featured_media":8849,"comment_status":"closed","ping_status":"open","sticky":false,"template":"","format":"standard","meta":{"_et_pb_use_builder":"on","_et_pb_old_content":"<p>[et_pb_section bb_built=\"1\" admin_label=\"section\"][et_pb_row admin_label=\"row\" background_position=\"top_left\" background_repeat=\"repeat\" background_size=\"initial\"][et_pb_column type=\"4_4\"][et_pb_text admin_label=\"Entradilla (Texto)\" _builder_version=\"3.0.105\" background_layout=\"light\" text_orientation=\"justified\" text_font=\"|on|||\" module_alignment=\"left\"]<\/p><div id=\"resumen\"><p>\u201cLove\u201d denuncia la situaci\u00f3n de las menores que los salesianos rescatan de la prostituci\u00f3n en las calles de Freetown (Sierra Leona), para darles un hogar, comida y la oportunidad de estudiar.<\/p><p><strong><br \/> <\/strong><\/p><\/div><div>\u00a0<\/div><p>[\/et_pb_text][et_pb_text admin_label=\"Autor (Texto)\" _builder_version=\"3.0.85\" background_layout=\"light\" text_font=\"||on||\"]<\/p><p>Redacci\u00f3n<\/p><p>[\/et_pb_text][et_pb_text admin_label=\"Desarrollo (Texto)\" _builder_version=\"3.0.105\" background_layout=\"light\" text_orientation=\"justified\" module_alignment=\"left\"]<\/p><p>Con motivo de la presentaci\u00f3n del documental, el colegio ha organizado una jornada de concienciaci\u00f3n que ha comenzado a mediod\u00eda en el teatro, con el visionado de \u201cLove\u201d por parte del alumnado de primero y segundo de Bachillerato y un posterior coloquio en el que los alumnos y alumnas han podido preguntar al misionero salesiano, Jorge Crisafulli, director de Don Bosco Fambul-Freetown, sobre su misi\u00f3n humanitaria en Sierra Leona.<\/p><p>Por la tarde, ha sido el turno de los chicos y chicas de Primaria, que han tenido la oportunidad de escuchar de primera mano la experiencia evangelizadora de este salesiano.<\/p><p>Finalmente, a las 19 horas, en un acto abierto a toda la comunidad educativa y a la sociedad en general, de nuevo en el teatro del colegio, se ha presentado el documental \"Love\", con una posterior mesa redonda en la que han participado como moderadores dos alumnos de segundo de Bachillerato del colegio, Kira D\u00edaz y V\u00edctor Palma, y un coloquio con un turno abierto de preguntas. En este acto han intervenido de nuevo Jorge Crisafulli, Jos\u00e9 Antonio San Mart\u00edn, Director de Misiones Salesianas y Alberto L\u00f3pez, Comunicaci\u00f3n de Misiones Salesianas y productor del documental.<\/p><p>El documental \u2018Love\u2019, dirigido por Ra\u00fal de la Fuente, denuncia en 27 minutos una situaci\u00f3n, por desgracia tan com\u00fan en el mundo. Ni\u00f1as y adolescentes de entre 9 y 17 a\u00f1os que ofrecen sus fr\u00e1giles cuerpos en las calles de Freetown (Sierra Leona), en mercados, burdeles y clubes nocturnos, principalmente por la pobreza de sus familias o las dificultades para pagar los estudios. Ninguna es consciente de los riesgos de esta actividad, ya que la mayor\u00eda sufre enfermedades de trasmisi\u00f3n sexual (hepatitis, s\u00edfilis, gonorrea\u2026) e, incluso, SIDA aunque lo desconocen por no haber ido nunca al m\u00e9dico. Aminata, la protagonista, cuenta los episodios m\u00e1s recientes de su vida, una historia triste y de soledad al vivir en la calle, pero con un final esperanzador gracias a los Salesianos y a poder hacer realidad su sue\u00f1o.<\/p><p>La ONG salesiana Don Bosco Fambul, que significa \u201cfamilia\u201d en la lengua Krio local, trabaja en Freetown desde hace m\u00e1s de 30 a\u00f1os con la infancia m\u00e1s vulnerable: comenzaron su intervenci\u00f3n con los ni\u00f1os soldado y en la actualidad trabajan con los ni\u00f1os de la calle, ni\u00f1as abusadas, hu\u00e9rfanos del \u00e9bola, ni\u00f1os y j\u00f3venes encarcelados y, desde finales de 2016, tambi\u00e9n para rescatar de las calles a las menores en situaci\u00f3n de prostituci\u00f3n.<\/p><p>El programa \u2018Girls Os +\u2019 (Os significa refugio en lengua local Krio) pretende la reinserci\u00f3n social de las chicas menores de edad abocadas a ejercer la prostituci\u00f3n para sobrevivir. Gracias a la educaci\u00f3n y al trabajo multidisciplinar de m\u00e9dicos, trabajadores sociales, educadores y psic\u00f3logos, logran reintegrarse con sus familias, en la sociedad y al mundo del trabajo.<\/p><p>Este documental se est\u00e1 presentando en una gira por 6 pa\u00edses de Europa y 12 ciudades espa\u00f1olas durante el mes de abril.<\/p><p>El documental est\u00e1 catalogado para mayores de 16 a\u00f1os, por la tem\u00e1tica planteada, no por las im\u00e1genes mostradas, por lo que se continuar\u00e1 trabajando tambi\u00e9n en las aulas con alumnado de Bachillerato, con un material did\u00e1ctico complementario.<\/p><p>Enlace al documental completo:\u00a0https:\/\/www.youtube.com\/watch?v=SPhtGG9qZo0&t=237s<\/p><p>[\/et_pb_text][et_pb_text admin_label=\"T\u00edtulo: Galer\u00eda de fotos (Texto)\" _builder_version=\"3.0.76\" background_layout=\"light\" text_font=\"|on|||\" text_text_color=\"#dc001b\" border_style=\"solid\" disabled=\"off\" disabled_on=\"off|on|on\"]<\/p><p>Galer\u00eda de im\u00e1genes<\/p><p>[\/et_pb_text][et_pb_gallery _builder_version=\"3.0.105\" posts_number=\"8\" show_title_and_caption=\"off\" show_pagination=\"on\" fullwidth=\"off\" orientation=\"landscape\" zoom_icon_color=\"#dc001b\" hover_overlay_color=\"rgba(255,255,255,0.9)\" hover_icon=\"%%51%%\" background_layout=\"light\" disabled=\"off\" disabled_on=\"off|off|off\" gallery_ids=\"5794\" pagination_font_size_tablet=\"51\" pagination_line_height_tablet=\"2\" \/][et_pb_video _builder_version=\"3.0.51\" disabled=\"on\" disabled_on=\"on|on|on\" \/][\/et_pb_column][\/et_pb_row][\/et_pb_section]<\/p>","_et_gb_content_width":"","footnotes":""},"categories":[14],"tags":[],"class_list":["post-8837","post","type-post","status-publish","format-standard","has-post-thumbnail","hentry","category-noticia_colegio"],"yoast_head":"<!-- This site is optimized with the Yoast SEO plugin v28.4 - https:\/\/yoast.com\/product\/yoast-seo-wordpress\/ -->\n<title>El Colegio Salesiano San Juan Bosco de Valencia ha acogido la presentaci\u00f3n del documental \u2018Love\u2019, de Misiones Salesianas - Colegio San Juan Bosco Valencia<\/title>\n<meta name=\"robots\" content=\"index, follow, max-snippet:-1, max-image-preview:large, max-video-preview:-1\" \/>\n<link rel=\"canonical\" href=\"https:\/\/valenciasjb.salesianos.edu\/colegio\/el-colegio-salesiano-san-juan-bosco-de-valencia-ha-acogido-la-presentacion-del-documental-love-de-misiones-salesianas\/\" \/>\n<meta property=\"og:locale\" content=\"es_ES\" \/>\n<meta property=\"og:type\" content=\"article\" \/>\n<meta property=\"og:title\" content=\"El Colegio Salesiano San Juan Bosco de Valencia ha acogido la presentaci\u00f3n del documental \u2018Love\u2019, de Misiones Salesianas - Colegio San Juan Bosco Valencia\" \/>\n<meta property=\"og:description\" content=\"\u201cLove\u201d denuncia la situaci\u00f3n de las menores que los salesianos rescatan de la prostituci\u00f3n en las calles de Freetown (Sierra Leona), para darles un hogar, comida y la oportunidad de estudiar. Redacci\u00f3n Con motivo de la presentaci\u00f3n del documental, el colegio ha organizado una jornada de concienciaci\u00f3n que ha comenzado a mediod\u00eda en el teatro, [&hellip;]\" \/>\n<meta property=\"og:url\" content=\"https:\/\/valenciasjb.salesianos.edu\/colegio\/el-colegio-salesiano-san-juan-bosco-de-valencia-ha-acogido-la-presentacion-del-documental-love-de-misiones-salesianas\/\" \/>\n<meta property=\"og:site_name\" content=\"Colegio San Juan Bosco Valencia\" \/>\n<meta property=\"article:publisher\" content=\"https:\/\/www.facebook.com\/ColegioSalesianoSanJuanBoscoValencia\" \/>\n<meta property=\"article:published_time\" content=\"2018-04-19T22:13:30+00:00\" \/>\n<meta property=\"article:modified_time\" content=\"2018-04-19T22:35:20+00:00\" \/>\n<meta property=\"og:image\" content=\"https:\/\/valenciasjb.salesianos.edu\/colegio\/wp-content\/uploads\/sites\/2\/2018\/04\/IMG_4281-1024x683.jpg\" \/>\n\t<meta property=\"og:image:width\" content=\"1024\" \/>\n\t<meta property=\"og:image:height\" content=\"683\" \/>\n\t<meta property=\"og:image:type\" content=\"image\/jpeg\" \/>\n<meta name=\"author\" content=\"veronicapastor\" \/>\n<meta name=\"twitter:card\" content=\"summary_large_image\" \/>\n<meta name=\"twitter:creator\" content=\"@SalesianosVSJB\" \/>\n<meta name=\"twitter:site\" content=\"@SalesianosVSJB\" \/>\n<meta name=\"twitter:label1\" content=\"Escrito por\" \/>\n\t<meta name=\"twitter:data1\" content=\"veronicapastor\" \/>\n\t<meta name=\"twitter:label2\" content=\"Tiempo de lectura\" \/>\n\t<meta name=\"twitter:data2\" content=\"4 minutos\" \/>\n<script type=\"application\/ld+json\" class=\"yoast-schema-graph\">{\"@context\":\"https:\\\/\\\/schema.org\",\"@graph\":[{\"@type\":\"Article\",\"@id\":\"https:\\\/\\\/valenciasjb.salesianos.edu\\\/colegio\\\/el-colegio-salesiano-san-juan-bosco-de-valencia-ha-acogido-la-presentacion-del-documental-love-de-misiones-salesianas\\\/#article\",\"isPartOf\":{\"@id\":\"https:\\\/\\\/valenciasjb.salesianos.edu\\\/colegio\\\/el-colegio-salesiano-san-juan-bosco-de-valencia-ha-acogido-la-presentacion-del-documental-love-de-misiones-salesianas\\\/\"},\"author\":{\"name\":\"veronicapastor\",\"@id\":\"https:\\\/\\\/valenciasjb.salesianos.edu\\\/colegio\\\/#\\\/schema\\\/person\\\/1f45b67e52b27da175190a574db6bed9\"},\"headline\":\"El Colegio Salesiano San Juan Bosco de Valencia ha acogido la presentaci\u00f3n del documental \u2018Love\u2019, de Misiones Salesianas\",\"datePublished\":\"2018-04-19T22:13:30+00:00\",\"dateModified\":\"2018-04-19T22:35:20+00:00\",\"mainEntityOfPage\":{\"@id\":\"https:\\\/\\\/valenciasjb.salesianos.edu\\\/colegio\\\/el-colegio-salesiano-san-juan-bosco-de-valencia-ha-acogido-la-presentacion-del-documental-love-de-misiones-salesianas\\\/\"},\"wordCount\":829,\"image\":{\"@id\":\"https:\\\/\\\/valenciasjb.salesianos.edu\\\/colegio\\\/el-colegio-salesiano-san-juan-bosco-de-valencia-ha-acogido-la-presentacion-del-documental-love-de-misiones-salesianas\\\/#primaryimage\"},\"thumbnailUrl\":\"https:\\\/\\\/valenciasjb.salesianos.edu\\\/colegio\\\/wp-content\\\/uploads\\\/sites\\\/2\\\/2018\\\/04\\\/IMG_4281.jpg\",\"articleSection\":[\"Noticia Colegio\"],\"inLanguage\":\"es\"},{\"@type\":\"WebPage\",\"@id\":\"https:\\\/\\\/valenciasjb.salesianos.edu\\\/colegio\\\/el-colegio-salesiano-san-juan-bosco-de-valencia-ha-acogido-la-presentacion-del-documental-love-de-misiones-salesianas\\\/\",\"url\":\"https:\\\/\\\/valenciasjb.salesianos.edu\\\/colegio\\\/el-colegio-salesiano-san-juan-bosco-de-valencia-ha-acogido-la-presentacion-del-documental-love-de-misiones-salesianas\\\/\",\"name\":\"El Colegio Salesiano San Juan Bosco de Valencia ha acogido la presentaci\u00f3n del documental \u2018Love\u2019, de Misiones Salesianas - Colegio San Juan Bosco Valencia\",\"isPartOf\":{\"@id\":\"https:\\\/\\\/valenciasjb.salesianos.edu\\\/colegio\\\/#website\"},\"primaryImageOfPage\":{\"@id\":\"https:\\\/\\\/valenciasjb.salesianos.edu\\\/colegio\\\/el-colegio-salesiano-san-juan-bosco-de-valencia-ha-acogido-la-presentacion-del-documental-love-de-misiones-salesianas\\\/#primaryimage\"},\"image\":{\"@id\":\"https:\\\/\\\/valenciasjb.salesianos.edu\\\/colegio\\\/el-colegio-salesiano-san-juan-bosco-de-valencia-ha-acogido-la-presentacion-del-documental-love-de-misiones-salesianas\\\/#primaryimage\"},\"thumbnailUrl\":\"https:\\\/\\\/valenciasjb.salesianos.edu\\\/colegio\\\/wp-content\\\/uploads\\\/sites\\\/2\\\/2018\\\/04\\\/IMG_4281.jpg\",\"datePublished\":\"2018-04-19T22:13:30+00:00\",\"dateModified\":\"2018-04-19T22:35:20+00:00\",\"author\":{\"@id\":\"https:\\\/\\\/valenciasjb.salesianos.edu\\\/colegio\\\/#\\\/schema\\\/person\\\/1f45b67e52b27da175190a574db6bed9\"},\"breadcrumb\":{\"@id\":\"https:\\\/\\\/valenciasjb.salesianos.edu\\\/colegio\\\/el-colegio-salesiano-san-juan-bosco-de-valencia-ha-acogido-la-presentacion-del-documental-love-de-misiones-salesianas\\\/#breadcrumb\"},\"inLanguage\":\"es\",\"potentialAction\":[{\"@type\":\"ReadAction\",\"target\":[\"https:\\\/\\\/valenciasjb.salesianos.edu\\\/colegio\\\/el-colegio-salesiano-san-juan-bosco-de-valencia-ha-acogido-la-presentacion-del-documental-love-de-misiones-salesianas\\\/\"]}]},{\"@type\":\"ImageObject\",\"inLanguage\":\"es\",\"@id\":\"https:\\\/\\\/valenciasjb.salesianos.edu\\\/colegio\\\/el-colegio-salesiano-san-juan-bosco-de-valencia-ha-acogido-la-presentacion-del-documental-love-de-misiones-salesianas\\\/#primaryimage\",\"url\":\"https:\\\/\\\/valenciasjb.salesianos.edu\\\/colegio\\\/wp-content\\\/uploads\\\/sites\\\/2\\\/2018\\\/04\\\/IMG_4281.jpg\",\"contentUrl\":\"https:\\\/\\\/valenciasjb.salesianos.edu\\\/colegio\\\/wp-content\\\/uploads\\\/sites\\\/2\\\/2018\\\/04\\\/IMG_4281.jpg\",\"width\":3984,\"height\":2656},{\"@type\":\"BreadcrumbList\",\"@id\":\"https:\\\/\\\/valenciasjb.salesianos.edu\\\/colegio\\\/el-colegio-salesiano-san-juan-bosco-de-valencia-ha-acogido-la-presentacion-del-documental-love-de-misiones-salesianas\\\/#breadcrumb\",\"itemListElement\":[{\"@type\":\"ListItem\",\"position\":1,\"name\":\"Portada\",\"item\":\"https:\\\/\\\/valenciasjb.salesianos.edu\\\/colegio\\\/\"},{\"@type\":\"ListItem\",\"position\":2,\"name\":\"El Colegio Salesiano San Juan Bosco de Valencia ha acogido la presentaci\u00f3n del documental \u2018Love\u2019, de Misiones Salesianas\"}]},{\"@type\":\"WebSite\",\"@id\":\"https:\\\/\\\/valenciasjb.salesianos.edu\\\/colegio\\\/#website\",\"url\":\"https:\\\/\\\/valenciasjb.salesianos.edu\\\/colegio\\\/\",\"name\":\"Colegio San Juan Bosco Valencia\",\"description\":\"P\u00e1gina oficial del Colegio Salesianos San Juan Bosco Valencia\",\"alternateName\":\"Salesianos.VSJB\",\"potentialAction\":[{\"@type\":\"SearchAction\",\"target\":{\"@type\":\"EntryPoint\",\"urlTemplate\":\"https:\\\/\\\/valenciasjb.salesianos.edu\\\/colegio\\\/?s={search_term_string}\"},\"query-input\":{\"@type\":\"PropertyValueSpecification\",\"valueRequired\":true,\"valueName\":\"search_term_string\"}}],\"inLanguage\":\"es\"},{\"@type\":\"Person\",\"@id\":\"https:\\\/\\\/valenciasjb.salesianos.edu\\\/colegio\\\/#\\\/schema\\\/person\\\/1f45b67e52b27da175190a574db6bed9\",\"name\":\"veronicapastor\",\"image\":{\"@type\":\"ImageObject\",\"inLanguage\":\"es\",\"@id\":\"https:\\\/\\\/secure.gravatar.com\\\/avatar\\\/e29bd40bace3fd935e1d6fdb7313ffc14628cc037c5e16f4c7369b20a2a6f7f0?s=96&d=mm&r=g\",\"url\":\"https:\\\/\\\/secure.gravatar.com\\\/avatar\\\/e29bd40bace3fd935e1d6fdb7313ffc14628cc037c5e16f4c7369b20a2a6f7f0?s=96&d=mm&r=g\",\"contentUrl\":\"https:\\\/\\\/secure.gravatar.com\\\/avatar\\\/e29bd40bace3fd935e1d6fdb7313ffc14628cc037c5e16f4c7369b20a2a6f7f0?s=96&d=mm&r=g\",\"caption\":\"veronicapastor\"}}]}<\/script>\n<!-- \/ Yoast SEO plugin. -->","yoast_head_json":{"title":"El Colegio Salesiano San Juan Bosco de Valencia ha acogido la presentaci\u00f3n del documental \u2018Love\u2019, de Misiones Salesianas - Colegio San Juan Bosco Valencia","robots":{"index":"index","follow":"follow","max-snippet":"max-snippet:-1","max-image-preview":"max-image-preview:large","max-video-preview":"max-video-preview:-1"},"canonical":"https:\/\/valenciasjb.salesianos.edu\/colegio\/el-colegio-salesiano-san-juan-bosco-de-valencia-ha-acogido-la-presentacion-del-documental-love-de-misiones-salesianas\/","og_locale":"es_ES","og_type":"article","og_title":"El Colegio Salesiano San Juan Bosco de Valencia ha acogido la presentaci\u00f3n del documental \u2018Love\u2019, de Misiones Salesianas - Colegio San Juan Bosco Valencia","og_description":"\u201cLove\u201d denuncia la situaci\u00f3n de las menores que los salesianos rescatan de la prostituci\u00f3n en las calles de Freetown (Sierra Leona), para darles un hogar, comida y la oportunidad de estudiar. Redacci\u00f3n Con motivo de la presentaci\u00f3n del documental, el colegio ha organizado una jornada de concienciaci\u00f3n que ha comenzado a mediod\u00eda en el teatro, [&hellip;]","og_url":"https:\/\/valenciasjb.salesianos.edu\/colegio\/el-colegio-salesiano-san-juan-bosco-de-valencia-ha-acogido-la-presentacion-del-documental-love-de-misiones-salesianas\/","og_site_name":"Colegio San Juan Bosco Valencia","article_publisher":"https:\/\/www.facebook.com\/ColegioSalesianoSanJuanBoscoValencia","article_published_time":"2018-04-19T22:13:30+00:00","article_modified_time":"2018-04-19T22:35:20+00:00","og_image":[{"width":1024,"height":683,"url":"https:\/\/valenciasjb.salesianos.edu\/colegio\/wp-content\/uploads\/sites\/2\/2018\/04\/IMG_4281-1024x683.jpg","type":"image\/jpeg"}],"author":"veronicapastor","twitter_card":"summary_large_image","twitter_creator":"@SalesianosVSJB","twitter_site":"@SalesianosVSJB","twitter_misc":{"Escrito por":"veronicapastor","Tiempo de lectura":"4 minutos"},"schema":{"@context":"https:\/\/schema.org","@graph":[{"@type":"Article","@id":"https:\/\/valenciasjb.salesianos.edu\/colegio\/el-colegio-salesiano-san-juan-bosco-de-valencia-ha-acogido-la-presentacion-del-documental-love-de-misiones-salesianas\/#article","isPartOf":{"@id":"https:\/\/valenciasjb.salesianos.edu\/colegio\/el-colegio-salesiano-san-juan-bosco-de-valencia-ha-acogido-la-presentacion-del-documental-love-de-misiones-salesianas\/"},"author":{"name":"veronicapastor","@id":"https:\/\/valenciasjb.salesianos.edu\/colegio\/#\/schema\/person\/1f45b67e52b27da175190a574db6bed9"},"headline":"El Colegio Salesiano San Juan Bosco de Valencia ha acogido la presentaci\u00f3n del documental \u2018Love\u2019, de Misiones Salesianas","datePublished":"2018-04-19T22:13:30+00:00","dateModified":"2018-04-19T22:35:20+00:00","mainEntityOfPage":{"@id":"https:\/\/valenciasjb.salesianos.edu\/colegio\/el-colegio-salesiano-san-juan-bosco-de-valencia-ha-acogido-la-presentacion-del-documental-love-de-misiones-salesianas\/"},"wordCount":829,"image":{"@id":"https:\/\/valenciasjb.salesianos.edu\/colegio\/el-colegio-salesiano-san-juan-bosco-de-valencia-ha-acogido-la-presentacion-del-documental-love-de-misiones-salesianas\/#primaryimage"},"thumbnailUrl":"https:\/\/valenciasjb.salesianos.edu\/colegio\/wp-content\/uploads\/sites\/2\/2018\/04\/IMG_4281.jpg","articleSection":["Noticia Colegio"],"inLanguage":"es"},{"@type":"WebPage","@id":"https:\/\/valenciasjb.salesianos.edu\/colegio\/el-colegio-salesiano-san-juan-bosco-de-valencia-ha-acogido-la-presentacion-del-documental-love-de-misiones-salesianas\/","url":"https:\/\/valenciasjb.salesianos.edu\/colegio\/el-colegio-salesiano-san-juan-bosco-de-valencia-ha-acogido-la-presentacion-del-documental-love-de-misiones-salesianas\/","name":"El Colegio Salesiano San Juan Bosco de Valencia ha acogido la presentaci\u00f3n del documental \u2018Love\u2019, de Misiones Salesianas - Colegio San Juan Bosco Valencia","isPartOf":{"@id":"https:\/\/valenciasjb.salesianos.edu\/colegio\/#website"},"primaryImageOfPage":{"@id":"https:\/\/valenciasjb.salesianos.edu\/colegio\/el-colegio-salesiano-san-juan-bosco-de-valencia-ha-acogido-la-presentacion-del-documental-love-de-misiones-salesianas\/#primaryimage"},"image":{"@id":"https:\/\/valenciasjb.salesianos.edu\/colegio\/el-colegio-salesiano-san-juan-bosco-de-valencia-ha-acogido-la-presentacion-del-documental-love-de-misiones-salesianas\/#primaryimage"},"thumbnailUrl":"https:\/\/valenciasjb.salesianos.edu\/colegio\/wp-content\/uploads\/sites\/2\/2018\/04\/IMG_4281.jpg","datePublished":"2018-04-19T22:13:30+00:00","dateModified":"2018-04-19T22:35:20+00:00","author":{"@id":"https:\/\/valenciasjb.salesianos.edu\/colegio\/#\/schema\/person\/1f45b67e52b27da175190a574db6bed9"},"breadcrumb":{"@id":"https:\/\/valenciasjb.salesianos.edu\/colegio\/el-colegio-salesiano-san-juan-bosco-de-valencia-ha-acogido-la-presentacion-del-documental-love-de-misiones-salesianas\/#breadcrumb"},"inLanguage":"es","potentialAction":[{"@type":"ReadAction","target":["https:\/\/valenciasjb.salesianos.edu\/colegio\/el-colegio-salesiano-san-juan-bosco-de-valencia-ha-acogido-la-presentacion-del-documental-love-de-misiones-salesianas\/"]}]},{"@type":"ImageObject","inLanguage":"es","@id":"https:\/\/valenciasjb.salesianos.edu\/colegio\/el-colegio-salesiano-san-juan-bosco-de-valencia-ha-acogido-la-presentacion-del-documental-love-de-misiones-salesianas\/#primaryimage","url":"https:\/\/valenciasjb.salesianos.edu\/colegio\/wp-content\/uploads\/sites\/2\/2018\/04\/IMG_4281.jpg","contentUrl":"https:\/\/valenciasjb.salesianos.edu\/colegio\/wp-content\/uploads\/sites\/2\/2018\/04\/IMG_4281.jpg","width":3984,"height":2656},{"@type":"BreadcrumbList","@id":"https:\/\/valenciasjb.salesianos.edu\/colegio\/el-colegio-salesiano-san-juan-bosco-de-valencia-ha-acogido-la-presentacion-del-documental-love-de-misiones-salesianas\/#breadcrumb","itemListElement":[{"@type":"ListItem","position":1,"name":"Portada","item":"https:\/\/valenciasjb.salesianos.edu\/colegio\/"},{"@type":"ListItem","position":2,"name":"El Colegio Salesiano San Juan Bosco de Valencia ha acogido la presentaci\u00f3n del documental \u2018Love\u2019, de Misiones Salesianas"}]},{"@type":"WebSite","@id":"https:\/\/valenciasjb.salesianos.edu\/colegio\/#website","url":"https:\/\/valenciasjb.salesianos.edu\/colegio\/","name":"Colegio San Juan Bosco Valencia","description":"P\u00e1gina oficial del Colegio Salesianos San Juan Bosco Valencia","alternateName":"Salesianos.VSJB","potentialAction":[{"@type":"SearchAction","target":{"@type":"EntryPoint","urlTemplate":"https:\/\/valenciasjb.salesianos.edu\/colegio\/?s={search_term_string}"},"query-input":{"@type":"PropertyValueSpecification","valueRequired":true,"valueName":"search_term_string"}}],"inLanguage":"es"},{"@type":"Person","@id":"https:\/\/valenciasjb.salesianos.edu\/colegio\/#\/schema\/person\/1f45b67e52b27da175190a574db6bed9","name":"veronicapastor","image":{"@type":"ImageObject","inLanguage":"es","@id":"https:\/\/secure.gravatar.com\/avatar\/e29bd40bace3fd935e1d6fdb7313ffc14628cc037c5e16f4c7369b20a2a6f7f0?s=96&d=mm&r=g","url":"https:\/\/secure.gravatar.com\/avatar\/e29bd40bace3fd935e1d6fdb7313ffc14628cc037c5e16f4c7369b20a2a6f7f0?s=96&d=mm&r=g","contentUrl":"https:\/\/secure.gravatar.com\/avatar\/e29bd40bace3fd935e1d6fdb7313ffc14628cc037c5e16f4c7369b20a2a6f7f0?s=96&d=mm&r=g","caption":"veronicapastor"}}]}},"_links":{"self":[{"href":"https:\/\/valenciasjb.salesianos.edu\/colegio\/wp-json\/wp\/v2\/posts\/8837","targetHints":{"allow":["GET"]}}],"collection":[{"href":"https:\/\/valenciasjb.salesianos.edu\/colegio\/wp-json\/wp\/v2\/posts"}],"about":[{"href":"https:\/\/valenciasjb.salesianos.edu\/colegio\/wp-json\/wp\/v2\/types\/post"}],"author":[{"embeddable":true,"href":"https:\/\/valenciasjb.salesianos.edu\/colegio\/wp-json\/wp\/v2\/users\/6"}],"replies":[{"embeddable":true,"href":"https:\/\/valenciasjb.salesianos.edu\/colegio\/wp-json\/wp\/v2\/comments?post=8837"}],"version-history":[{"count":4,"href":"https:\/\/valenciasjb.salesianos.edu\/colegio\/wp-json\/wp\/v2\/posts\/8837\/revisions"}],"predecessor-version":[{"id":8856,"href":"https:\/\/valenciasjb.salesianos.edu\/colegio\/wp-json\/wp\/v2\/posts\/8837\/revisions\/8856"}],"wp:featuredmedia":[{"embeddable":true,"href":"https:\/\/valenciasjb.salesianos.edu\/colegio\/wp-json\/wp\/v2\/media\/8849"}],"wp:attachment":[{"href":"https:\/\/valenciasjb.salesianos.edu\/colegio\/wp-json\/wp\/v2\/media?parent=8837"}],"wp:term":[{"taxonomy":"category","embeddable":true,"href":"https:\/\/valenciasjb.salesianos.edu\/colegio\/wp-json\/wp\/v2\/categories?post=8837"},{"taxonomy":"post_tag","embeddable":true,"href":"https:\/\/valenciasjb.salesianos.edu\/colegio\/wp-json\/wp\/v2\/tags?post=8837"}],"curies":[{"name":"wp","href":"https:\/\/api.w.org\/{rel}","templated":true}]}}