{"id":8874,"date":"2018-04-23T14:58:25","date_gmt":"2018-04-23T13:58:25","guid":{"rendered":"https:\/\/valenciasjb.salesianos.edu\/colegio\/?p=8874"},"modified":"2018-04-23T15:04:03","modified_gmt":"2018-04-23T14:04:03","slug":"el-colegio-de-nuevo-en-los-medios-como-promotor-de-la-solidaridad","status":"publish","type":"post","link":"https:\/\/valenciasjb.salesianos.edu\/colegio\/el-colegio-de-nuevo-en-los-medios-como-promotor-de-la-solidaridad\/","title":{"rendered":"El colegio de nuevo en los medios como promotor de la solidaridad"},"content":{"rendered":"<div id=\"fb-root\"><\/div>\n<p>[et_pb_section bb_built=\u00bb1&#8243; admin_label=\u00bbsection\u00bb][et_pb_row admin_label=\u00bbrow\u00bb background_position=\u00bbtop_left\u00bb background_repeat=\u00bbrepeat\u00bb background_size=\u00bbinitial\u00bb][et_pb_column type=\u00bb4_4&#8243;][et_pb_text admin_label=\u00bbEntradilla (Texto)\u00bb _builder_version=\u00bb3.0.105&#8243; background_layout=\u00bblight\u00bb text_orientation=\u00bbjustified\u00bb text_font=\u00bb|on|||\u00bb module_alignment=\u00bbleft\u00bb]<\/p>\n<p>El Colegio Salesiano San Juan Bosco de Valencia, una vez m\u00e1s, aparece en los medios de comunicaci\u00f3n como promotor de la solidaridad y de b\u00fasqueda de un mundo m\u00e1s justo y fraterno, valores que trata de inculcar entre sus alumnos y alumnas.<\/p>\n<p>[\/et_pb_text][et_pb_text admin_label=\u00bbAutor (Texto)\u00bb _builder_version=\u00bb3.0.105&#8243; background_layout=\u00bblight\u00bb text_font=\u00bb||on||\u00bb]<\/p>\n<p>Redacci\u00f3n.<\/p>\n<p>[\/et_pb_text][et_pb_text admin_label=\u00bbDesarrollo (Texto)\u00bb _builder_version=\u00bb3.0.105&#8243; background_layout=\u00bblight\u00bb text_orientation=\u00bbjustified\u00bb module_alignment=\u00bbleft\u00bb]<\/p>\n<p>En esta ocasi\u00f3n, diversos medios de comunicaci\u00f3n se han hecho eco de la presentaci\u00f3n en nuestro teatro del documental de Misiones Salesianas \u201cLove\u201d, que denuncia la situaci\u00f3n de las menores que los salesianos rescatan de la prostituci\u00f3n en las calles de Freetown (Sierra Leona), para darles un hogar, comida y la oportunidad de estudiar. Una jornada que tuvo lugar durante el pasado jueves, 19 de abril, y que cont\u00f3 con actividades adaptadas para alumnado de Primaria, Bachillerato y toda la comunidad educativa y la sociedad en general. M\u00e1s informaci\u00f3n de la jornada aqu\u00ed:\u00a0<a href=\"https:\/\/valenciasjb.salesianos.edu\/colegio\/el-colegio-salesiano-san-juan-bosco-de-valencia-ha-acogido-la-presentacion-del-documental-love-de-misiones-salesianas\">https:\/\/valenciasjb.salesianos.edu\/colegio\/el-colegio-salesiano-san-juan-bosco-de-valencia-ha-acogido-la-presentacion-del-documental-love-de-misiones-salesianas<\/a><\/p>\n<p>La Vanguardia, d\u00eda 12 de abril:<\/p>\n<p><a href=\"http:\/\/www.lavanguardia.com\/vida\/20180412\/442486391438\/un-documental-narra-la-labor-frente-a-prostitucion-de-menores-en-sierra-leona.html\">http:\/\/www.lavanguardia.com\/vida\/20180412\/442486391438\/un-documental-narra-la-labor-frente-a-prostitucion-de-menores-en-sierra-leona.html<\/a><\/p>\n<p>Diario ABC, d\u00eda 12 de abril:<\/p>\n<p><a href=\"http:\/\/agencias.abc.es\/agencias\/noticia.asp?noticia=2789759\">http:\/\/agencias.abc.es\/agencias\/noticia.asp?noticia=2789759<\/a><\/p>\n<p>Diario Levante, d\u00eda 23 de abril, edici\u00f3n impresa y en l\u00ednea:<\/p>\n<p><a href=\"http:\/\/agencias.abc.es\/agencias\/noticia.asp?noticia=2789759\">http:\/\/www.levante-emv.com\/solidarios\/2018\/04\/23\/prostituir-per-menjar-drama-les\/1707846.html<\/a><\/p>\n<p><img loading=\"lazy\" decoding=\"async\" class=\"alignnone wp-image-8875\" src=\"https:\/\/valenciasjb.salesianos.edu\/colegio\/wp-content\/uploads\/sites\/2\/2018\/04\/20180423_143953-300x225.jpg\" alt=\"\" width=\"739\" height=\"554\" srcset=\"https:\/\/valenciasjb.salesianos.edu\/colegio\/wp-content\/uploads\/sites\/2\/2018\/04\/20180423_143953-300x225.jpg 300w, https:\/\/valenciasjb.salesianos.edu\/colegio\/wp-content\/uploads\/sites\/2\/2018\/04\/20180423_143953-768x576.jpg 768w, https:\/\/valenciasjb.salesianos.edu\/colegio\/wp-content\/uploads\/sites\/2\/2018\/04\/20180423_143953-1024x768.jpg 1024w, https:\/\/valenciasjb.salesianos.edu\/colegio\/wp-content\/uploads\/sites\/2\/2018\/04\/20180423_143953-510x382.jpg 510w, https:\/\/valenciasjb.salesianos.edu\/colegio\/wp-content\/uploads\/sites\/2\/2018\/04\/20180423_143953-1080x810.jpg 1080w\" sizes=\"(max-width: 739px) 100vw, 739px\" \/><\/p>\n<p>&nbsp;<\/p>\n<p>[\/et_pb_text][et_pb_text admin_label=\u00bbT\u00edtulo: Galer\u00eda de fotos (Texto)\u00bb _builder_version=\u00bb3.0.76&#8243; background_layout=\u00bblight\u00bb text_font=\u00bb|on|||\u00bb text_text_color=\u00bb#dc001b\u00bb border_style=\u00bbsolid\u00bb disabled=\u00bboff\u00bb disabled_on=\u00bboff|on|on\u00bb]<\/p>\n<p>Galer\u00eda de im\u00e1genes<\/p>\n<p>[\/et_pb_text][et_pb_gallery _builder_version=\u00bb3.0.105&#8243; posts_number=\u00bb8&#8243; show_title_and_caption=\u00bboff\u00bb show_pagination=\u00bbon\u00bb fullwidth=\u00bboff\u00bb orientation=\u00bblandscape\u00bb zoom_icon_color=\u00bb#dc001b\u00bb hover_overlay_color=\u00bbrgba(255,255,255,0.9)\u00bb hover_icon=\u00bb%%51%%\u00bb background_layout=\u00bblight\u00bb disabled=\u00bboff\u00bb disabled_on=\u00bboff|off|off\u00bb gallery_ids=\u00bb8875&#8243; pagination_font_size_tablet=\u00bb51&#8243; pagination_line_height_tablet=\u00bb2&#8243; \/][et_pb_video _builder_version=\u00bb3.0.51&#8243; disabled=\u00bbon\u00bb disabled_on=\u00bbon|on|on\u00bb \/][\/et_pb_column][\/et_pb_row][\/et_pb_section]<\/p>\n<!-- AddThis Advanced Settings generic via filter on the_content --><!-- AddThis Share Buttons generic via filter on the_content -->","protected":false},"excerpt":{"rendered":"<p>El Colegio Salesiano San Juan Bosco de Valencia, una vez m\u00e1s, aparece en los medios de comunicaci\u00f3n como promotor de la solidaridad y de b\u00fasqueda de un mundo m\u00e1s justo y fraterno, valores que trata de inculcar entre sus alumnos y alumnas. Redacci\u00f3n. En esta ocasi\u00f3n, diversos medios de comunicaci\u00f3n se han hecho eco de [&hellip;]<\/p>\n<p><!-- AddThis Advanced Settings generic via filter on get_the_excerpt --><!-- AddThis Share Buttons generic via filter on get_the_excerpt --><\/p>\n","protected":false},"author":6,"featured_media":8875,"comment_status":"closed","ping_status":"open","sticky":false,"template":"","format":"standard","meta":{"_et_pb_use_builder":"on","_et_pb_old_content":"<p>[et_pb_section bb_built=\"1\" admin_label=\"section\"][et_pb_row admin_label=\"row\" background_position=\"top_left\" background_repeat=\"repeat\" background_size=\"initial\"][et_pb_column type=\"4_4\"][et_pb_text admin_label=\"Entradilla (Texto)\" _builder_version=\"3.0.105\" background_layout=\"light\" text_orientation=\"justified\" text_font=\"|on|||\" module_alignment=\"left\"]<\/p><div>El Colegio Salesiano San Juan Bosco de Valencia, una vez m\u00e1s, aparece en los medios de comunicaci\u00f3n como promotor de la solidaridad y de b\u00fasqueda de un mundo m\u00e1s justo y fraterno, valores que trata de inculcar entre sus alumnos y alumnas.\u00a0<\/div><p>[\/et_pb_text][et_pb_text admin_label=\"Autor (Texto)\" _builder_version=\"3.0.105\" background_layout=\"light\" text_font=\"||on||\"]<\/p><p>Redacci\u00f3n.<\/p><p>[\/et_pb_text][et_pb_text admin_label=\"Desarrollo (Texto)\" _builder_version=\"3.0.105\" background_layout=\"light\" text_orientation=\"justified\" module_alignment=\"justified\"]<\/p><p>Lorem ipsum...<\/p><p>[\/et_pb_text][et_pb_text admin_label=\"T\u00edtulo: Galer\u00eda de fotos (Texto)\" _builder_version=\"3.0.76\" background_layout=\"light\" text_font=\"|on|||\" text_text_color=\"#dc001b\" border_style=\"solid\" disabled=\"off\" disabled_on=\"off|on|on\"]<\/p><p>Galer\u00eda de im\u00e1genes<\/p><p>[\/et_pb_text][et_pb_gallery _builder_version=\"3.0.85\" posts_number=\"8\" show_title_and_caption=\"off\" show_pagination=\"on\" fullwidth=\"off\" orientation=\"landscape\" zoom_icon_color=\"#dc001b\" hover_overlay_color=\"rgba(255,255,255,0.9)\" hover_icon=\"%%51%%\" background_layout=\"light\" disabled=\"off\" disabled_on=\"off|off|off\" gallery_ids=\"5794\" pagination_font_size_tablet=\"51\" pagination_line_height_tablet=\"2\" \/][et_pb_video _builder_version=\"3.0.51\" disabled=\"on\" disabled_on=\"on|on|on\" \/][\/et_pb_column][\/et_pb_row][\/et_pb_section]<\/p>","_et_gb_content_width":"","footnotes":""},"categories":[14],"tags":[],"class_list":["post-8874","post","type-post","status-publish","format-standard","has-post-thumbnail","hentry","category-noticia_colegio"],"yoast_head":"<!-- This site is optimized with the Yoast SEO plugin v28.4 - https:\/\/yoast.com\/product\/yoast-seo-wordpress\/ -->\n<title>El colegio de nuevo en los medios como promotor de la solidaridad - Colegio San Juan Bosco Valencia<\/title>\n<meta name=\"robots\" content=\"index, follow, max-snippet:-1, max-image-preview:large, max-video-preview:-1\" \/>\n<link rel=\"canonical\" href=\"https:\/\/valenciasjb.salesianos.edu\/colegio\/el-colegio-de-nuevo-en-los-medios-como-promotor-de-la-solidaridad\/\" \/>\n<meta property=\"og:locale\" content=\"es_ES\" \/>\n<meta property=\"og:type\" content=\"article\" \/>\n<meta property=\"og:title\" content=\"El colegio de nuevo en los medios como promotor de la solidaridad - Colegio San Juan Bosco Valencia\" \/>\n<meta property=\"og:description\" content=\"El Colegio Salesiano San Juan Bosco de Valencia, una vez m\u00e1s, aparece en los medios de comunicaci\u00f3n como promotor de la solidaridad y de b\u00fasqueda de un mundo m\u00e1s justo y fraterno, valores que trata de inculcar entre sus alumnos y alumnas. Redacci\u00f3n. En esta ocasi\u00f3n, diversos medios de comunicaci\u00f3n se han hecho eco de [&hellip;]\" \/>\n<meta property=\"og:url\" content=\"https:\/\/valenciasjb.salesianos.edu\/colegio\/el-colegio-de-nuevo-en-los-medios-como-promotor-de-la-solidaridad\/\" \/>\n<meta property=\"og:site_name\" content=\"Colegio San Juan Bosco Valencia\" \/>\n<meta property=\"article:publisher\" content=\"https:\/\/www.facebook.com\/ColegioSalesianoSanJuanBoscoValencia\" \/>\n<meta property=\"article:published_time\" content=\"2018-04-23T13:58:25+00:00\" \/>\n<meta property=\"article:modified_time\" content=\"2018-04-23T14:04:03+00:00\" \/>\n<meta property=\"og:image\" content=\"https:\/\/valenciasjb.salesianos.edu\/colegio\/wp-content\/uploads\/sites\/2\/2018\/04\/20180423_143953-1024x768.jpg\" \/>\n\t<meta property=\"og:image:width\" content=\"1024\" \/>\n\t<meta property=\"og:image:height\" content=\"768\" \/>\n\t<meta property=\"og:image:type\" content=\"image\/jpeg\" \/>\n<meta name=\"author\" content=\"veronicapastor\" \/>\n<meta name=\"twitter:card\" content=\"summary_large_image\" \/>\n<meta name=\"twitter:creator\" content=\"@SalesianosVSJB\" \/>\n<meta name=\"twitter:site\" content=\"@SalesianosVSJB\" \/>\n<meta name=\"twitter:label1\" content=\"Escrito por\" \/>\n\t<meta name=\"twitter:data1\" content=\"veronicapastor\" \/>\n\t<meta name=\"twitter:label2\" content=\"Tiempo de lectura\" \/>\n\t<meta name=\"twitter:data2\" content=\"2 minutos\" \/>\n<script type=\"application\/ld+json\" class=\"yoast-schema-graph\">{\"@context\":\"https:\\\/\\\/schema.org\",\"@graph\":[{\"@type\":\"Article\",\"@id\":\"https:\\\/\\\/valenciasjb.salesianos.edu\\\/colegio\\\/el-colegio-de-nuevo-en-los-medios-como-promotor-de-la-solidaridad\\\/#article\",\"isPartOf\":{\"@id\":\"https:\\\/\\\/valenciasjb.salesianos.edu\\\/colegio\\\/el-colegio-de-nuevo-en-los-medios-como-promotor-de-la-solidaridad\\\/\"},\"author\":{\"name\":\"veronicapastor\",\"@id\":\"https:\\\/\\\/valenciasjb.salesianos.edu\\\/colegio\\\/#\\\/schema\\\/person\\\/1f45b67e52b27da175190a574db6bed9\"},\"headline\":\"El colegio de nuevo en los medios como promotor de la solidaridad\",\"datePublished\":\"2018-04-23T13:58:25+00:00\",\"dateModified\":\"2018-04-23T14:04:03+00:00\",\"mainEntityOfPage\":{\"@id\":\"https:\\\/\\\/valenciasjb.salesianos.edu\\\/colegio\\\/el-colegio-de-nuevo-en-los-medios-como-promotor-de-la-solidaridad\\\/\"},\"wordCount\":418,\"image\":{\"@id\":\"https:\\\/\\\/valenciasjb.salesianos.edu\\\/colegio\\\/el-colegio-de-nuevo-en-los-medios-como-promotor-de-la-solidaridad\\\/#primaryimage\"},\"thumbnailUrl\":\"https:\\\/\\\/valenciasjb.salesianos.edu\\\/colegio\\\/wp-content\\\/uploads\\\/sites\\\/2\\\/2018\\\/04\\\/20180423_143953.jpg\",\"articleSection\":[\"Noticia Colegio\"],\"inLanguage\":\"es\"},{\"@type\":\"WebPage\",\"@id\":\"https:\\\/\\\/valenciasjb.salesianos.edu\\\/colegio\\\/el-colegio-de-nuevo-en-los-medios-como-promotor-de-la-solidaridad\\\/\",\"url\":\"https:\\\/\\\/valenciasjb.salesianos.edu\\\/colegio\\\/el-colegio-de-nuevo-en-los-medios-como-promotor-de-la-solidaridad\\\/\",\"name\":\"El colegio de nuevo en los medios como promotor de la solidaridad - Colegio San Juan Bosco Valencia\",\"isPartOf\":{\"@id\":\"https:\\\/\\\/valenciasjb.salesianos.edu\\\/colegio\\\/#website\"},\"primaryImageOfPage\":{\"@id\":\"https:\\\/\\\/valenciasjb.salesianos.edu\\\/colegio\\\/el-colegio-de-nuevo-en-los-medios-como-promotor-de-la-solidaridad\\\/#primaryimage\"},\"image\":{\"@id\":\"https:\\\/\\\/valenciasjb.salesianos.edu\\\/colegio\\\/el-colegio-de-nuevo-en-los-medios-como-promotor-de-la-solidaridad\\\/#primaryimage\"},\"thumbnailUrl\":\"https:\\\/\\\/valenciasjb.salesianos.edu\\\/colegio\\\/wp-content\\\/uploads\\\/sites\\\/2\\\/2018\\\/04\\\/20180423_143953.jpg\",\"datePublished\":\"2018-04-23T13:58:25+00:00\",\"dateModified\":\"2018-04-23T14:04:03+00:00\",\"author\":{\"@id\":\"https:\\\/\\\/valenciasjb.salesianos.edu\\\/colegio\\\/#\\\/schema\\\/person\\\/1f45b67e52b27da175190a574db6bed9\"},\"breadcrumb\":{\"@id\":\"https:\\\/\\\/valenciasjb.salesianos.edu\\\/colegio\\\/el-colegio-de-nuevo-en-los-medios-como-promotor-de-la-solidaridad\\\/#breadcrumb\"},\"inLanguage\":\"es\",\"potentialAction\":[{\"@type\":\"ReadAction\",\"target\":[\"https:\\\/\\\/valenciasjb.salesianos.edu\\\/colegio\\\/el-colegio-de-nuevo-en-los-medios-como-promotor-de-la-solidaridad\\\/\"]}]},{\"@type\":\"ImageObject\",\"inLanguage\":\"es\",\"@id\":\"https:\\\/\\\/valenciasjb.salesianos.edu\\\/colegio\\\/el-colegio-de-nuevo-en-los-medios-como-promotor-de-la-solidaridad\\\/#primaryimage\",\"url\":\"https:\\\/\\\/valenciasjb.salesianos.edu\\\/colegio\\\/wp-content\\\/uploads\\\/sites\\\/2\\\/2018\\\/04\\\/20180423_143953.jpg\",\"contentUrl\":\"https:\\\/\\\/valenciasjb.salesianos.edu\\\/colegio\\\/wp-content\\\/uploads\\\/sites\\\/2\\\/2018\\\/04\\\/20180423_143953.jpg\",\"width\":4128,\"height\":3096},{\"@type\":\"BreadcrumbList\",\"@id\":\"https:\\\/\\\/valenciasjb.salesianos.edu\\\/colegio\\\/el-colegio-de-nuevo-en-los-medios-como-promotor-de-la-solidaridad\\\/#breadcrumb\",\"itemListElement\":[{\"@type\":\"ListItem\",\"position\":1,\"name\":\"Portada\",\"item\":\"https:\\\/\\\/valenciasjb.salesianos.edu\\\/colegio\\\/\"},{\"@type\":\"ListItem\",\"position\":2,\"name\":\"El colegio de nuevo en los medios como promotor de la solidaridad\"}]},{\"@type\":\"WebSite\",\"@id\":\"https:\\\/\\\/valenciasjb.salesianos.edu\\\/colegio\\\/#website\",\"url\":\"https:\\\/\\\/valenciasjb.salesianos.edu\\\/colegio\\\/\",\"name\":\"Colegio San Juan Bosco Valencia\",\"description\":\"P\u00e1gina oficial del Colegio Salesianos San Juan Bosco Valencia\",\"alternateName\":\"Salesianos.VSJB\",\"potentialAction\":[{\"@type\":\"SearchAction\",\"target\":{\"@type\":\"EntryPoint\",\"urlTemplate\":\"https:\\\/\\\/valenciasjb.salesianos.edu\\\/colegio\\\/?s={search_term_string}\"},\"query-input\":{\"@type\":\"PropertyValueSpecification\",\"valueRequired\":true,\"valueName\":\"search_term_string\"}}],\"inLanguage\":\"es\"},{\"@type\":\"Person\",\"@id\":\"https:\\\/\\\/valenciasjb.salesianos.edu\\\/colegio\\\/#\\\/schema\\\/person\\\/1f45b67e52b27da175190a574db6bed9\",\"name\":\"veronicapastor\",\"image\":{\"@type\":\"ImageObject\",\"inLanguage\":\"es\",\"@id\":\"https:\\\/\\\/secure.gravatar.com\\\/avatar\\\/e29bd40bace3fd935e1d6fdb7313ffc14628cc037c5e16f4c7369b20a2a6f7f0?s=96&d=mm&r=g\",\"url\":\"https:\\\/\\\/secure.gravatar.com\\\/avatar\\\/e29bd40bace3fd935e1d6fdb7313ffc14628cc037c5e16f4c7369b20a2a6f7f0?s=96&d=mm&r=g\",\"contentUrl\":\"https:\\\/\\\/secure.gravatar.com\\\/avatar\\\/e29bd40bace3fd935e1d6fdb7313ffc14628cc037c5e16f4c7369b20a2a6f7f0?s=96&d=mm&r=g\",\"caption\":\"veronicapastor\"}}]}<\/script>\n<!-- \/ Yoast SEO plugin. -->","yoast_head_json":{"title":"El colegio de nuevo en los medios como promotor de la solidaridad - Colegio San Juan Bosco Valencia","robots":{"index":"index","follow":"follow","max-snippet":"max-snippet:-1","max-image-preview":"max-image-preview:large","max-video-preview":"max-video-preview:-1"},"canonical":"https:\/\/valenciasjb.salesianos.edu\/colegio\/el-colegio-de-nuevo-en-los-medios-como-promotor-de-la-solidaridad\/","og_locale":"es_ES","og_type":"article","og_title":"El colegio de nuevo en los medios como promotor de la solidaridad - Colegio San Juan Bosco Valencia","og_description":"El Colegio Salesiano San Juan Bosco de Valencia, una vez m\u00e1s, aparece en los medios de comunicaci\u00f3n como promotor de la solidaridad y de b\u00fasqueda de un mundo m\u00e1s justo y fraterno, valores que trata de inculcar entre sus alumnos y alumnas. Redacci\u00f3n. En esta ocasi\u00f3n, diversos medios de comunicaci\u00f3n se han hecho eco de [&hellip;]","og_url":"https:\/\/valenciasjb.salesianos.edu\/colegio\/el-colegio-de-nuevo-en-los-medios-como-promotor-de-la-solidaridad\/","og_site_name":"Colegio San Juan Bosco Valencia","article_publisher":"https:\/\/www.facebook.com\/ColegioSalesianoSanJuanBoscoValencia","article_published_time":"2018-04-23T13:58:25+00:00","article_modified_time":"2018-04-23T14:04:03+00:00","og_image":[{"width":1024,"height":768,"url":"https:\/\/valenciasjb.salesianos.edu\/colegio\/wp-content\/uploads\/sites\/2\/2018\/04\/20180423_143953-1024x768.jpg","type":"image\/jpeg"}],"author":"veronicapastor","twitter_card":"summary_large_image","twitter_creator":"@SalesianosVSJB","twitter_site":"@SalesianosVSJB","twitter_misc":{"Escrito por":"veronicapastor","Tiempo de lectura":"2 minutos"},"schema":{"@context":"https:\/\/schema.org","@graph":[{"@type":"Article","@id":"https:\/\/valenciasjb.salesianos.edu\/colegio\/el-colegio-de-nuevo-en-los-medios-como-promotor-de-la-solidaridad\/#article","isPartOf":{"@id":"https:\/\/valenciasjb.salesianos.edu\/colegio\/el-colegio-de-nuevo-en-los-medios-como-promotor-de-la-solidaridad\/"},"author":{"name":"veronicapastor","@id":"https:\/\/valenciasjb.salesianos.edu\/colegio\/#\/schema\/person\/1f45b67e52b27da175190a574db6bed9"},"headline":"El colegio de nuevo en los medios como promotor de la solidaridad","datePublished":"2018-04-23T13:58:25+00:00","dateModified":"2018-04-23T14:04:03+00:00","mainEntityOfPage":{"@id":"https:\/\/valenciasjb.salesianos.edu\/colegio\/el-colegio-de-nuevo-en-los-medios-como-promotor-de-la-solidaridad\/"},"wordCount":418,"image":{"@id":"https:\/\/valenciasjb.salesianos.edu\/colegio\/el-colegio-de-nuevo-en-los-medios-como-promotor-de-la-solidaridad\/#primaryimage"},"thumbnailUrl":"https:\/\/valenciasjb.salesianos.edu\/colegio\/wp-content\/uploads\/sites\/2\/2018\/04\/20180423_143953.jpg","articleSection":["Noticia Colegio"],"inLanguage":"es"},{"@type":"WebPage","@id":"https:\/\/valenciasjb.salesianos.edu\/colegio\/el-colegio-de-nuevo-en-los-medios-como-promotor-de-la-solidaridad\/","url":"https:\/\/valenciasjb.salesianos.edu\/colegio\/el-colegio-de-nuevo-en-los-medios-como-promotor-de-la-solidaridad\/","name":"El colegio de nuevo en los medios como promotor de la solidaridad - Colegio San Juan Bosco Valencia","isPartOf":{"@id":"https:\/\/valenciasjb.salesianos.edu\/colegio\/#website"},"primaryImageOfPage":{"@id":"https:\/\/valenciasjb.salesianos.edu\/colegio\/el-colegio-de-nuevo-en-los-medios-como-promotor-de-la-solidaridad\/#primaryimage"},"image":{"@id":"https:\/\/valenciasjb.salesianos.edu\/colegio\/el-colegio-de-nuevo-en-los-medios-como-promotor-de-la-solidaridad\/#primaryimage"},"thumbnailUrl":"https:\/\/valenciasjb.salesianos.edu\/colegio\/wp-content\/uploads\/sites\/2\/2018\/04\/20180423_143953.jpg","datePublished":"2018-04-23T13:58:25+00:00","dateModified":"2018-04-23T14:04:03+00:00","author":{"@id":"https:\/\/valenciasjb.salesianos.edu\/colegio\/#\/schema\/person\/1f45b67e52b27da175190a574db6bed9"},"breadcrumb":{"@id":"https:\/\/valenciasjb.salesianos.edu\/colegio\/el-colegio-de-nuevo-en-los-medios-como-promotor-de-la-solidaridad\/#breadcrumb"},"inLanguage":"es","potentialAction":[{"@type":"ReadAction","target":["https:\/\/valenciasjb.salesianos.edu\/colegio\/el-colegio-de-nuevo-en-los-medios-como-promotor-de-la-solidaridad\/"]}]},{"@type":"ImageObject","inLanguage":"es","@id":"https:\/\/valenciasjb.salesianos.edu\/colegio\/el-colegio-de-nuevo-en-los-medios-como-promotor-de-la-solidaridad\/#primaryimage","url":"https:\/\/valenciasjb.salesianos.edu\/colegio\/wp-content\/uploads\/sites\/2\/2018\/04\/20180423_143953.jpg","contentUrl":"https:\/\/valenciasjb.salesianos.edu\/colegio\/wp-content\/uploads\/sites\/2\/2018\/04\/20180423_143953.jpg","width":4128,"height":3096},{"@type":"BreadcrumbList","@id":"https:\/\/valenciasjb.salesianos.edu\/colegio\/el-colegio-de-nuevo-en-los-medios-como-promotor-de-la-solidaridad\/#breadcrumb","itemListElement":[{"@type":"ListItem","position":1,"name":"Portada","item":"https:\/\/valenciasjb.salesianos.edu\/colegio\/"},{"@type":"ListItem","position":2,"name":"El colegio de nuevo en los medios como promotor de la solidaridad"}]},{"@type":"WebSite","@id":"https:\/\/valenciasjb.salesianos.edu\/colegio\/#website","url":"https:\/\/valenciasjb.salesianos.edu\/colegio\/","name":"Colegio San Juan Bosco Valencia","description":"P\u00e1gina oficial del Colegio Salesianos San Juan Bosco Valencia","alternateName":"Salesianos.VSJB","potentialAction":[{"@type":"SearchAction","target":{"@type":"EntryPoint","urlTemplate":"https:\/\/valenciasjb.salesianos.edu\/colegio\/?s={search_term_string}"},"query-input":{"@type":"PropertyValueSpecification","valueRequired":true,"valueName":"search_term_string"}}],"inLanguage":"es"},{"@type":"Person","@id":"https:\/\/valenciasjb.salesianos.edu\/colegio\/#\/schema\/person\/1f45b67e52b27da175190a574db6bed9","name":"veronicapastor","image":{"@type":"ImageObject","inLanguage":"es","@id":"https:\/\/secure.gravatar.com\/avatar\/e29bd40bace3fd935e1d6fdb7313ffc14628cc037c5e16f4c7369b20a2a6f7f0?s=96&d=mm&r=g","url":"https:\/\/secure.gravatar.com\/avatar\/e29bd40bace3fd935e1d6fdb7313ffc14628cc037c5e16f4c7369b20a2a6f7f0?s=96&d=mm&r=g","contentUrl":"https:\/\/secure.gravatar.com\/avatar\/e29bd40bace3fd935e1d6fdb7313ffc14628cc037c5e16f4c7369b20a2a6f7f0?s=96&d=mm&r=g","caption":"veronicapastor"}}]}},"_links":{"self":[{"href":"https:\/\/valenciasjb.salesianos.edu\/colegio\/wp-json\/wp\/v2\/posts\/8874","targetHints":{"allow":["GET"]}}],"collection":[{"href":"https:\/\/valenciasjb.salesianos.edu\/colegio\/wp-json\/wp\/v2\/posts"}],"about":[{"href":"https:\/\/valenciasjb.salesianos.edu\/colegio\/wp-json\/wp\/v2\/types\/post"}],"author":[{"embeddable":true,"href":"https:\/\/valenciasjb.salesianos.edu\/colegio\/wp-json\/wp\/v2\/users\/6"}],"replies":[{"embeddable":true,"href":"https:\/\/valenciasjb.salesianos.edu\/colegio\/wp-json\/wp\/v2\/comments?post=8874"}],"version-history":[{"count":5,"href":"https:\/\/valenciasjb.salesianos.edu\/colegio\/wp-json\/wp\/v2\/posts\/8874\/revisions"}],"predecessor-version":[{"id":8881,"href":"https:\/\/valenciasjb.salesianos.edu\/colegio\/wp-json\/wp\/v2\/posts\/8874\/revisions\/8881"}],"wp:featuredmedia":[{"embeddable":true,"href":"https:\/\/valenciasjb.salesianos.edu\/colegio\/wp-json\/wp\/v2\/media\/8875"}],"wp:attachment":[{"href":"https:\/\/valenciasjb.salesianos.edu\/colegio\/wp-json\/wp\/v2\/media?parent=8874"}],"wp:term":[{"taxonomy":"category","embeddable":true,"href":"https:\/\/valenciasjb.salesianos.edu\/colegio\/wp-json\/wp\/v2\/categories?post=8874"},{"taxonomy":"post_tag","embeddable":true,"href":"https:\/\/valenciasjb.salesianos.edu\/colegio\/wp-json\/wp\/v2\/tags?post=8874"}],"curies":[{"name":"wp","href":"https:\/\/api.w.org\/{rel}","templated":true}]}}