{"id":8922,"date":"2018-04-29T21:56:37","date_gmt":"2018-04-29T20:56:37","guid":{"rendered":"https:\/\/valenciasjb.salesianos.edu\/colegio\/?p=8922"},"modified":"2018-04-29T21:56:38","modified_gmt":"2018-04-29T20:56:38","slug":"lalumnat-de-3r-deso-participa-en-el-programa-rosquilletres-de-la-nova-televisio-valenciana-a-punt","status":"publish","type":"post","link":"https:\/\/valenciasjb.salesianos.edu\/colegio\/lalumnat-de-3r-deso-participa-en-el-programa-rosquilletres-de-la-nova-televisio-valenciana-a-punt\/","title":{"rendered":"L\u2019alumnat de 3r d\u2019Eso participa en el programa RosquiLLETRES de la nova televisi\u00f3 valenciana \u00c0 punt"},"content":{"rendered":"<div id=\"fb-root\"><\/div>\n<p>[et_pb_section bb_built=\u00bb1&#8243; admin_label=\u00bbsection\u00bb][et_pb_row admin_label=\u00bbrow\u00bb background_position=\u00bbtop_left\u00bb background_repeat=\u00bbrepeat\u00bb background_size=\u00bbinitial\u00bb][et_pb_column type=\u00bb4_4&#8243;][et_pb_text admin_label=\u00bbEntradilla (Texto)\u00bb _builder_version=\u00bb3.0.105&#8243; background_layout=\u00bblight\u00bb text_orientation=\u00bbjustified\u00bb text_font=\u00bb|on|||\u00bb module_alignment=\u00bbleft\u00bb]<\/p>\n<div id=\"resumen\">\n<p>Sergio Garc\u00eda, Elsa Garc\u00eda i Pilar Cubillos de 3r d\u2019Eso han concursat, durant el mat\u00ed de dimecres dia 25 de febrer, en el programa RosquiLLETRES, de la nova televisi\u00f3 valenciana \u00c0 punt. El programa \u00e9s un concurs per equips en qu\u00e8 es competeix amb una altre col\u00b7legi amb una s\u00e8rie de proves ling\u00fc\u00edstiques relacionades amb la nostra llengua: lletreig, identificaci\u00f3 del barbarisme intr\u00fas i comprensi\u00f3 de la lletra de can\u00e7ons valencianes.<\/p>\n<p><strong><br \/>\n<\/strong><\/div>\n<div><\/div>\n<p>[\/et_pb_text][et_pb_text admin_label=\u00bbAutor (Texto)\u00bb _builder_version=\u00bb3.0.105&#8243; background_layout=\u00bblight\u00bb text_font=\u00bb||on||\u00bb]<\/p>\n<p>Redacci\u00f3.<\/p>\n<p>[\/et_pb_text][et_pb_text admin_label=\u00bbDesarrollo (Texto)\u00bb _builder_version=\u00bb3.0.105&#8243; background_layout=\u00bblight\u00bb text_orientation=\u00bbjustified\u00bb module_alignment=\u00bbleft\u00bb]<\/p>\n<p><img loading=\"lazy\" decoding=\"async\" class=\"alignnone  wp-image-8931\" src=\"https:\/\/valenciasjb.salesianos.edu\/colegio\/wp-content\/uploads\/sites\/2\/2018\/04\/20180425_101842-300x225.jpg\" alt=\"\" width=\"755\" height=\"566\" srcset=\"https:\/\/valenciasjb.salesianos.edu\/colegio\/wp-content\/uploads\/sites\/2\/2018\/04\/20180425_101842-300x225.jpg 300w, https:\/\/valenciasjb.salesianos.edu\/colegio\/wp-content\/uploads\/sites\/2\/2018\/04\/20180425_101842-768x576.jpg 768w, https:\/\/valenciasjb.salesianos.edu\/colegio\/wp-content\/uploads\/sites\/2\/2018\/04\/20180425_101842-1024x768.jpg 1024w, https:\/\/valenciasjb.salesianos.edu\/colegio\/wp-content\/uploads\/sites\/2\/2018\/04\/20180425_101842-510x382.jpg 510w, https:\/\/valenciasjb.salesianos.edu\/colegio\/wp-content\/uploads\/sites\/2\/2018\/04\/20180425_101842-1080x810.jpg 1080w\" sizes=\"(max-width: 755px) 100vw, 755px\" \/><\/p>\n<p>Encara que Sergio, Elsa i Pilar no han pogut guanyar, valoren molt positivament aquesta experi\u00e8ncia, ja que s\u2019han sentit acotxats per tots els seus companys de nivell, que els han animat en tot moment. A m\u00e9s a m\u00e9s, tots els nostres alumnes, concursants i p\u00fablic, han demostrat la seua bona educaci\u00f3 durant la gravaci\u00f3, fet que l\u2019organitzaci\u00f3 ens ha agra\u00eft i felicitat a tots. Cal afegir que al final de l\u2019esdeveniment el nostre equip ha fet pal\u00e9s el seu esperit esportiu felicitant els guanyadors i desitjant-los sort en la seg\u00fcent fase del concurs.<\/p>\n<p>[\/et_pb_text][et_pb_text admin_label=\u00bbT\u00edtulo: Galer\u00eda de fotos (Texto)\u00bb _builder_version=\u00bb3.0.76&#8243; background_layout=\u00bblight\u00bb text_font=\u00bb|on|||\u00bb text_text_color=\u00bb#dc001b\u00bb border_style=\u00bbsolid\u00bb disabled=\u00bboff\u00bb disabled_on=\u00bboff|on|on\u00bb]<\/p>\n<p>Galer\u00eda de im\u00e1genes<\/p>\n<p>[\/et_pb_text][et_pb_gallery _builder_version=\u00bb3.0.105&#8243; posts_number=\u00bb8&#8243; show_title_and_caption=\u00bboff\u00bb show_pagination=\u00bbon\u00bb fullwidth=\u00bboff\u00bb orientation=\u00bblandscape\u00bb zoom_icon_color=\u00bb#dc001b\u00bb hover_overlay_color=\u00bbrgba(255,255,255,0.9)\u00bb hover_icon=\u00bb%%51%%\u00bb background_layout=\u00bblight\u00bb disabled=\u00bboff\u00bb disabled_on=\u00bboff|off|off\u00bb gallery_ids=\u00bb8923,8924,8925,8926,8927,8928,8929,8930&#8243; pagination_font_size_tablet=\u00bb51&#8243; pagination_line_height_tablet=\u00bb2&#8243; \/][et_pb_video _builder_version=\u00bb3.0.51&#8243; disabled=\u00bbon\u00bb disabled_on=\u00bbon|on|on\u00bb \/][\/et_pb_column][\/et_pb_row][\/et_pb_section]<\/p>\n<!-- AddThis Advanced Settings generic via filter on the_content --><!-- AddThis Share Buttons generic via filter on the_content -->","protected":false},"excerpt":{"rendered":"<p>Sergio Garc\u00eda, Elsa Garc\u00eda i Pilar Cubillos de 3r d\u2019Eso han concursat, durant el mat\u00ed de dimecres dia 25 de febrer, en el programa RosquiLLETRES, de la nova televisi\u00f3 valenciana \u00c0 punt. El programa \u00e9s un concurs per equips en qu\u00e8 es competeix amb una altre col\u00b7legi amb una s\u00e8rie de proves ling\u00fc\u00edstiques relacionades amb [&hellip;]<\/p>\n<p><!-- AddThis Advanced Settings generic via filter on get_the_excerpt --><!-- AddThis Share Buttons generic via filter on get_the_excerpt --><\/p>\n","protected":false},"author":6,"featured_media":8931,"comment_status":"closed","ping_status":"open","sticky":false,"template":"","format":"standard","meta":{"_et_pb_use_builder":"on","_et_pb_old_content":"","_et_gb_content_width":"","footnotes":""},"categories":[14],"tags":[],"class_list":["post-8922","post","type-post","status-publish","format-standard","has-post-thumbnail","hentry","category-noticia_colegio"],"yoast_head":"<!-- This site is optimized with the Yoast SEO plugin v28.4 - https:\/\/yoast.com\/product\/yoast-seo-wordpress\/ -->\n<title>L\u2019alumnat de 3r d\u2019Eso participa en el programa RosquiLLETRES de la nova televisi\u00f3 valenciana \u00c0 punt - Colegio San Juan Bosco Valencia<\/title>\n<meta name=\"robots\" content=\"index, follow, max-snippet:-1, max-image-preview:large, max-video-preview:-1\" \/>\n<link rel=\"canonical\" href=\"https:\/\/valenciasjb.salesianos.edu\/colegio\/lalumnat-de-3r-deso-participa-en-el-programa-rosquilletres-de-la-nova-televisio-valenciana-a-punt\/\" \/>\n<meta property=\"og:locale\" content=\"es_ES\" \/>\n<meta property=\"og:type\" content=\"article\" \/>\n<meta property=\"og:title\" content=\"L\u2019alumnat de 3r d\u2019Eso participa en el programa RosquiLLETRES de la nova televisi\u00f3 valenciana \u00c0 punt - Colegio San Juan Bosco Valencia\" \/>\n<meta property=\"og:description\" content=\"Sergio Garc\u00eda, Elsa Garc\u00eda i Pilar Cubillos de 3r d\u2019Eso han concursat, durant el mat\u00ed de dimecres dia 25 de febrer, en el programa RosquiLLETRES, de la nova televisi\u00f3 valenciana \u00c0 punt. El programa \u00e9s un concurs per equips en qu\u00e8 es competeix amb una altre col\u00b7legi amb una s\u00e8rie de proves ling\u00fc\u00edstiques relacionades amb [&hellip;]\" \/>\n<meta property=\"og:url\" content=\"https:\/\/valenciasjb.salesianos.edu\/colegio\/lalumnat-de-3r-deso-participa-en-el-programa-rosquilletres-de-la-nova-televisio-valenciana-a-punt\/\" \/>\n<meta property=\"og:site_name\" content=\"Colegio San Juan Bosco Valencia\" \/>\n<meta property=\"article:publisher\" content=\"https:\/\/www.facebook.com\/ColegioSalesianoSanJuanBoscoValencia\" \/>\n<meta property=\"article:published_time\" content=\"2018-04-29T20:56:37+00:00\" \/>\n<meta property=\"article:modified_time\" content=\"2018-04-29T20:56:38+00:00\" \/>\n<meta property=\"og:image\" content=\"https:\/\/valenciasjb.salesianos.edu\/colegio\/wp-content\/uploads\/sites\/2\/2018\/04\/20180425_101842-1024x768.jpg\" \/>\n\t<meta property=\"og:image:width\" content=\"1024\" \/>\n\t<meta property=\"og:image:height\" content=\"768\" \/>\n\t<meta property=\"og:image:type\" content=\"image\/jpeg\" \/>\n<meta name=\"author\" content=\"veronicapastor\" \/>\n<meta name=\"twitter:card\" content=\"summary_large_image\" \/>\n<meta name=\"twitter:creator\" content=\"@SalesianosVSJB\" \/>\n<meta name=\"twitter:site\" content=\"@SalesianosVSJB\" \/>\n<meta name=\"twitter:label1\" content=\"Escrito por\" \/>\n\t<meta name=\"twitter:data1\" content=\"veronicapastor\" \/>\n\t<meta name=\"twitter:label2\" content=\"Tiempo de lectura\" \/>\n\t<meta name=\"twitter:data2\" content=\"2 minutos\" \/>\n<script type=\"application\/ld+json\" class=\"yoast-schema-graph\">{\"@context\":\"https:\\\/\\\/schema.org\",\"@graph\":[{\"@type\":\"Article\",\"@id\":\"https:\\\/\\\/valenciasjb.salesianos.edu\\\/colegio\\\/lalumnat-de-3r-deso-participa-en-el-programa-rosquilletres-de-la-nova-televisio-valenciana-a-punt\\\/#article\",\"isPartOf\":{\"@id\":\"https:\\\/\\\/valenciasjb.salesianos.edu\\\/colegio\\\/lalumnat-de-3r-deso-participa-en-el-programa-rosquilletres-de-la-nova-televisio-valenciana-a-punt\\\/\"},\"author\":{\"name\":\"veronicapastor\",\"@id\":\"https:\\\/\\\/valenciasjb.salesianos.edu\\\/colegio\\\/#\\\/schema\\\/person\\\/1f45b67e52b27da175190a574db6bed9\"},\"headline\":\"L\u2019alumnat de 3r d\u2019Eso participa en el programa RosquiLLETRES de la nova televisi\u00f3 valenciana \u00c0 punt\",\"datePublished\":\"2018-04-29T20:56:37+00:00\",\"dateModified\":\"2018-04-29T20:56:38+00:00\",\"mainEntityOfPage\":{\"@id\":\"https:\\\/\\\/valenciasjb.salesianos.edu\\\/colegio\\\/lalumnat-de-3r-deso-participa-en-el-programa-rosquilletres-de-la-nova-televisio-valenciana-a-punt\\\/\"},\"wordCount\":403,\"image\":{\"@id\":\"https:\\\/\\\/valenciasjb.salesianos.edu\\\/colegio\\\/lalumnat-de-3r-deso-participa-en-el-programa-rosquilletres-de-la-nova-televisio-valenciana-a-punt\\\/#primaryimage\"},\"thumbnailUrl\":\"https:\\\/\\\/valenciasjb.salesianos.edu\\\/colegio\\\/wp-content\\\/uploads\\\/sites\\\/2\\\/2018\\\/04\\\/20180425_101842.jpg\",\"articleSection\":[\"Noticia Colegio\"],\"inLanguage\":\"es\"},{\"@type\":\"WebPage\",\"@id\":\"https:\\\/\\\/valenciasjb.salesianos.edu\\\/colegio\\\/lalumnat-de-3r-deso-participa-en-el-programa-rosquilletres-de-la-nova-televisio-valenciana-a-punt\\\/\",\"url\":\"https:\\\/\\\/valenciasjb.salesianos.edu\\\/colegio\\\/lalumnat-de-3r-deso-participa-en-el-programa-rosquilletres-de-la-nova-televisio-valenciana-a-punt\\\/\",\"name\":\"L\u2019alumnat de 3r d\u2019Eso participa en el programa RosquiLLETRES de la nova televisi\u00f3 valenciana \u00c0 punt - Colegio San Juan Bosco Valencia\",\"isPartOf\":{\"@id\":\"https:\\\/\\\/valenciasjb.salesianos.edu\\\/colegio\\\/#website\"},\"primaryImageOfPage\":{\"@id\":\"https:\\\/\\\/valenciasjb.salesianos.edu\\\/colegio\\\/lalumnat-de-3r-deso-participa-en-el-programa-rosquilletres-de-la-nova-televisio-valenciana-a-punt\\\/#primaryimage\"},\"image\":{\"@id\":\"https:\\\/\\\/valenciasjb.salesianos.edu\\\/colegio\\\/lalumnat-de-3r-deso-participa-en-el-programa-rosquilletres-de-la-nova-televisio-valenciana-a-punt\\\/#primaryimage\"},\"thumbnailUrl\":\"https:\\\/\\\/valenciasjb.salesianos.edu\\\/colegio\\\/wp-content\\\/uploads\\\/sites\\\/2\\\/2018\\\/04\\\/20180425_101842.jpg\",\"datePublished\":\"2018-04-29T20:56:37+00:00\",\"dateModified\":\"2018-04-29T20:56:38+00:00\",\"author\":{\"@id\":\"https:\\\/\\\/valenciasjb.salesianos.edu\\\/colegio\\\/#\\\/schema\\\/person\\\/1f45b67e52b27da175190a574db6bed9\"},\"breadcrumb\":{\"@id\":\"https:\\\/\\\/valenciasjb.salesianos.edu\\\/colegio\\\/lalumnat-de-3r-deso-participa-en-el-programa-rosquilletres-de-la-nova-televisio-valenciana-a-punt\\\/#breadcrumb\"},\"inLanguage\":\"es\",\"potentialAction\":[{\"@type\":\"ReadAction\",\"target\":[\"https:\\\/\\\/valenciasjb.salesianos.edu\\\/colegio\\\/lalumnat-de-3r-deso-participa-en-el-programa-rosquilletres-de-la-nova-televisio-valenciana-a-punt\\\/\"]}]},{\"@type\":\"ImageObject\",\"inLanguage\":\"es\",\"@id\":\"https:\\\/\\\/valenciasjb.salesianos.edu\\\/colegio\\\/lalumnat-de-3r-deso-participa-en-el-programa-rosquilletres-de-la-nova-televisio-valenciana-a-punt\\\/#primaryimage\",\"url\":\"https:\\\/\\\/valenciasjb.salesianos.edu\\\/colegio\\\/wp-content\\\/uploads\\\/sites\\\/2\\\/2018\\\/04\\\/20180425_101842.jpg\",\"contentUrl\":\"https:\\\/\\\/valenciasjb.salesianos.edu\\\/colegio\\\/wp-content\\\/uploads\\\/sites\\\/2\\\/2018\\\/04\\\/20180425_101842.jpg\",\"width\":4128,\"height\":3096},{\"@type\":\"BreadcrumbList\",\"@id\":\"https:\\\/\\\/valenciasjb.salesianos.edu\\\/colegio\\\/lalumnat-de-3r-deso-participa-en-el-programa-rosquilletres-de-la-nova-televisio-valenciana-a-punt\\\/#breadcrumb\",\"itemListElement\":[{\"@type\":\"ListItem\",\"position\":1,\"name\":\"Portada\",\"item\":\"https:\\\/\\\/valenciasjb.salesianos.edu\\\/colegio\\\/\"},{\"@type\":\"ListItem\",\"position\":2,\"name\":\"L\u2019alumnat de 3r d\u2019Eso participa en el programa RosquiLLETRES de la nova televisi\u00f3 valenciana \u00c0 punt\"}]},{\"@type\":\"WebSite\",\"@id\":\"https:\\\/\\\/valenciasjb.salesianos.edu\\\/colegio\\\/#website\",\"url\":\"https:\\\/\\\/valenciasjb.salesianos.edu\\\/colegio\\\/\",\"name\":\"Colegio San Juan Bosco Valencia\",\"description\":\"P\u00e1gina oficial del Colegio Salesianos San Juan Bosco Valencia\",\"alternateName\":\"Salesianos.VSJB\",\"potentialAction\":[{\"@type\":\"SearchAction\",\"target\":{\"@type\":\"EntryPoint\",\"urlTemplate\":\"https:\\\/\\\/valenciasjb.salesianos.edu\\\/colegio\\\/?s={search_term_string}\"},\"query-input\":{\"@type\":\"PropertyValueSpecification\",\"valueRequired\":true,\"valueName\":\"search_term_string\"}}],\"inLanguage\":\"es\"},{\"@type\":\"Person\",\"@id\":\"https:\\\/\\\/valenciasjb.salesianos.edu\\\/colegio\\\/#\\\/schema\\\/person\\\/1f45b67e52b27da175190a574db6bed9\",\"name\":\"veronicapastor\",\"image\":{\"@type\":\"ImageObject\",\"inLanguage\":\"es\",\"@id\":\"https:\\\/\\\/secure.gravatar.com\\\/avatar\\\/e29bd40bace3fd935e1d6fdb7313ffc14628cc037c5e16f4c7369b20a2a6f7f0?s=96&d=mm&r=g\",\"url\":\"https:\\\/\\\/secure.gravatar.com\\\/avatar\\\/e29bd40bace3fd935e1d6fdb7313ffc14628cc037c5e16f4c7369b20a2a6f7f0?s=96&d=mm&r=g\",\"contentUrl\":\"https:\\\/\\\/secure.gravatar.com\\\/avatar\\\/e29bd40bace3fd935e1d6fdb7313ffc14628cc037c5e16f4c7369b20a2a6f7f0?s=96&d=mm&r=g\",\"caption\":\"veronicapastor\"}}]}<\/script>\n<!-- \/ Yoast SEO plugin. -->","yoast_head_json":{"title":"L\u2019alumnat de 3r d\u2019Eso participa en el programa RosquiLLETRES de la nova televisi\u00f3 valenciana \u00c0 punt - Colegio San Juan Bosco Valencia","robots":{"index":"index","follow":"follow","max-snippet":"max-snippet:-1","max-image-preview":"max-image-preview:large","max-video-preview":"max-video-preview:-1"},"canonical":"https:\/\/valenciasjb.salesianos.edu\/colegio\/lalumnat-de-3r-deso-participa-en-el-programa-rosquilletres-de-la-nova-televisio-valenciana-a-punt\/","og_locale":"es_ES","og_type":"article","og_title":"L\u2019alumnat de 3r d\u2019Eso participa en el programa RosquiLLETRES de la nova televisi\u00f3 valenciana \u00c0 punt - Colegio San Juan Bosco Valencia","og_description":"Sergio Garc\u00eda, Elsa Garc\u00eda i Pilar Cubillos de 3r d\u2019Eso han concursat, durant el mat\u00ed de dimecres dia 25 de febrer, en el programa RosquiLLETRES, de la nova televisi\u00f3 valenciana \u00c0 punt. El programa \u00e9s un concurs per equips en qu\u00e8 es competeix amb una altre col\u00b7legi amb una s\u00e8rie de proves ling\u00fc\u00edstiques relacionades amb [&hellip;]","og_url":"https:\/\/valenciasjb.salesianos.edu\/colegio\/lalumnat-de-3r-deso-participa-en-el-programa-rosquilletres-de-la-nova-televisio-valenciana-a-punt\/","og_site_name":"Colegio San Juan Bosco Valencia","article_publisher":"https:\/\/www.facebook.com\/ColegioSalesianoSanJuanBoscoValencia","article_published_time":"2018-04-29T20:56:37+00:00","article_modified_time":"2018-04-29T20:56:38+00:00","og_image":[{"width":1024,"height":768,"url":"https:\/\/valenciasjb.salesianos.edu\/colegio\/wp-content\/uploads\/sites\/2\/2018\/04\/20180425_101842-1024x768.jpg","type":"image\/jpeg"}],"author":"veronicapastor","twitter_card":"summary_large_image","twitter_creator":"@SalesianosVSJB","twitter_site":"@SalesianosVSJB","twitter_misc":{"Escrito por":"veronicapastor","Tiempo de lectura":"2 minutos"},"schema":{"@context":"https:\/\/schema.org","@graph":[{"@type":"Article","@id":"https:\/\/valenciasjb.salesianos.edu\/colegio\/lalumnat-de-3r-deso-participa-en-el-programa-rosquilletres-de-la-nova-televisio-valenciana-a-punt\/#article","isPartOf":{"@id":"https:\/\/valenciasjb.salesianos.edu\/colegio\/lalumnat-de-3r-deso-participa-en-el-programa-rosquilletres-de-la-nova-televisio-valenciana-a-punt\/"},"author":{"name":"veronicapastor","@id":"https:\/\/valenciasjb.salesianos.edu\/colegio\/#\/schema\/person\/1f45b67e52b27da175190a574db6bed9"},"headline":"L\u2019alumnat de 3r d\u2019Eso participa en el programa RosquiLLETRES de la nova televisi\u00f3 valenciana \u00c0 punt","datePublished":"2018-04-29T20:56:37+00:00","dateModified":"2018-04-29T20:56:38+00:00","mainEntityOfPage":{"@id":"https:\/\/valenciasjb.salesianos.edu\/colegio\/lalumnat-de-3r-deso-participa-en-el-programa-rosquilletres-de-la-nova-televisio-valenciana-a-punt\/"},"wordCount":403,"image":{"@id":"https:\/\/valenciasjb.salesianos.edu\/colegio\/lalumnat-de-3r-deso-participa-en-el-programa-rosquilletres-de-la-nova-televisio-valenciana-a-punt\/#primaryimage"},"thumbnailUrl":"https:\/\/valenciasjb.salesianos.edu\/colegio\/wp-content\/uploads\/sites\/2\/2018\/04\/20180425_101842.jpg","articleSection":["Noticia Colegio"],"inLanguage":"es"},{"@type":"WebPage","@id":"https:\/\/valenciasjb.salesianos.edu\/colegio\/lalumnat-de-3r-deso-participa-en-el-programa-rosquilletres-de-la-nova-televisio-valenciana-a-punt\/","url":"https:\/\/valenciasjb.salesianos.edu\/colegio\/lalumnat-de-3r-deso-participa-en-el-programa-rosquilletres-de-la-nova-televisio-valenciana-a-punt\/","name":"L\u2019alumnat de 3r d\u2019Eso participa en el programa RosquiLLETRES de la nova televisi\u00f3 valenciana \u00c0 punt - Colegio San Juan Bosco Valencia","isPartOf":{"@id":"https:\/\/valenciasjb.salesianos.edu\/colegio\/#website"},"primaryImageOfPage":{"@id":"https:\/\/valenciasjb.salesianos.edu\/colegio\/lalumnat-de-3r-deso-participa-en-el-programa-rosquilletres-de-la-nova-televisio-valenciana-a-punt\/#primaryimage"},"image":{"@id":"https:\/\/valenciasjb.salesianos.edu\/colegio\/lalumnat-de-3r-deso-participa-en-el-programa-rosquilletres-de-la-nova-televisio-valenciana-a-punt\/#primaryimage"},"thumbnailUrl":"https:\/\/valenciasjb.salesianos.edu\/colegio\/wp-content\/uploads\/sites\/2\/2018\/04\/20180425_101842.jpg","datePublished":"2018-04-29T20:56:37+00:00","dateModified":"2018-04-29T20:56:38+00:00","author":{"@id":"https:\/\/valenciasjb.salesianos.edu\/colegio\/#\/schema\/person\/1f45b67e52b27da175190a574db6bed9"},"breadcrumb":{"@id":"https:\/\/valenciasjb.salesianos.edu\/colegio\/lalumnat-de-3r-deso-participa-en-el-programa-rosquilletres-de-la-nova-televisio-valenciana-a-punt\/#breadcrumb"},"inLanguage":"es","potentialAction":[{"@type":"ReadAction","target":["https:\/\/valenciasjb.salesianos.edu\/colegio\/lalumnat-de-3r-deso-participa-en-el-programa-rosquilletres-de-la-nova-televisio-valenciana-a-punt\/"]}]},{"@type":"ImageObject","inLanguage":"es","@id":"https:\/\/valenciasjb.salesianos.edu\/colegio\/lalumnat-de-3r-deso-participa-en-el-programa-rosquilletres-de-la-nova-televisio-valenciana-a-punt\/#primaryimage","url":"https:\/\/valenciasjb.salesianos.edu\/colegio\/wp-content\/uploads\/sites\/2\/2018\/04\/20180425_101842.jpg","contentUrl":"https:\/\/valenciasjb.salesianos.edu\/colegio\/wp-content\/uploads\/sites\/2\/2018\/04\/20180425_101842.jpg","width":4128,"height":3096},{"@type":"BreadcrumbList","@id":"https:\/\/valenciasjb.salesianos.edu\/colegio\/lalumnat-de-3r-deso-participa-en-el-programa-rosquilletres-de-la-nova-televisio-valenciana-a-punt\/#breadcrumb","itemListElement":[{"@type":"ListItem","position":1,"name":"Portada","item":"https:\/\/valenciasjb.salesianos.edu\/colegio\/"},{"@type":"ListItem","position":2,"name":"L\u2019alumnat de 3r d\u2019Eso participa en el programa RosquiLLETRES de la nova televisi\u00f3 valenciana \u00c0 punt"}]},{"@type":"WebSite","@id":"https:\/\/valenciasjb.salesianos.edu\/colegio\/#website","url":"https:\/\/valenciasjb.salesianos.edu\/colegio\/","name":"Colegio San Juan Bosco Valencia","description":"P\u00e1gina oficial del Colegio Salesianos San Juan Bosco Valencia","alternateName":"Salesianos.VSJB","potentialAction":[{"@type":"SearchAction","target":{"@type":"EntryPoint","urlTemplate":"https:\/\/valenciasjb.salesianos.edu\/colegio\/?s={search_term_string}"},"query-input":{"@type":"PropertyValueSpecification","valueRequired":true,"valueName":"search_term_string"}}],"inLanguage":"es"},{"@type":"Person","@id":"https:\/\/valenciasjb.salesianos.edu\/colegio\/#\/schema\/person\/1f45b67e52b27da175190a574db6bed9","name":"veronicapastor","image":{"@type":"ImageObject","inLanguage":"es","@id":"https:\/\/secure.gravatar.com\/avatar\/e29bd40bace3fd935e1d6fdb7313ffc14628cc037c5e16f4c7369b20a2a6f7f0?s=96&d=mm&r=g","url":"https:\/\/secure.gravatar.com\/avatar\/e29bd40bace3fd935e1d6fdb7313ffc14628cc037c5e16f4c7369b20a2a6f7f0?s=96&d=mm&r=g","contentUrl":"https:\/\/secure.gravatar.com\/avatar\/e29bd40bace3fd935e1d6fdb7313ffc14628cc037c5e16f4c7369b20a2a6f7f0?s=96&d=mm&r=g","caption":"veronicapastor"}}]}},"_links":{"self":[{"href":"https:\/\/valenciasjb.salesianos.edu\/colegio\/wp-json\/wp\/v2\/posts\/8922","targetHints":{"allow":["GET"]}}],"collection":[{"href":"https:\/\/valenciasjb.salesianos.edu\/colegio\/wp-json\/wp\/v2\/posts"}],"about":[{"href":"https:\/\/valenciasjb.salesianos.edu\/colegio\/wp-json\/wp\/v2\/types\/post"}],"author":[{"embeddable":true,"href":"https:\/\/valenciasjb.salesianos.edu\/colegio\/wp-json\/wp\/v2\/users\/6"}],"replies":[{"embeddable":true,"href":"https:\/\/valenciasjb.salesianos.edu\/colegio\/wp-json\/wp\/v2\/comments?post=8922"}],"version-history":[{"count":2,"href":"https:\/\/valenciasjb.salesianos.edu\/colegio\/wp-json\/wp\/v2\/posts\/8922\/revisions"}],"predecessor-version":[{"id":8933,"href":"https:\/\/valenciasjb.salesianos.edu\/colegio\/wp-json\/wp\/v2\/posts\/8922\/revisions\/8933"}],"wp:featuredmedia":[{"embeddable":true,"href":"https:\/\/valenciasjb.salesianos.edu\/colegio\/wp-json\/wp\/v2\/media\/8931"}],"wp:attachment":[{"href":"https:\/\/valenciasjb.salesianos.edu\/colegio\/wp-json\/wp\/v2\/media?parent=8922"}],"wp:term":[{"taxonomy":"category","embeddable":true,"href":"https:\/\/valenciasjb.salesianos.edu\/colegio\/wp-json\/wp\/v2\/categories?post=8922"},{"taxonomy":"post_tag","embeddable":true,"href":"https:\/\/valenciasjb.salesianos.edu\/colegio\/wp-json\/wp\/v2\/tags?post=8922"}],"curies":[{"name":"wp","href":"https:\/\/api.w.org\/{rel}","templated":true}]}}