{"id":8965,"date":"2018-05-07T14:11:32","date_gmt":"2018-05-07T13:11:32","guid":{"rendered":"https:\/\/valenciasjb.salesianos.edu\/colegio\/?p=8965"},"modified":"2018-05-07T14:14:45","modified_gmt":"2018-05-07T13:14:45","slug":"el-reestreno-de-godspell-vuelve-a-unir-a-toda-la-comunidad-educativa","status":"publish","type":"post","link":"https:\/\/valenciasjb.salesianos.edu\/colegio\/el-reestreno-de-godspell-vuelve-a-unir-a-toda-la-comunidad-educativa\/","title":{"rendered":"El reestreno de Godspell vuelve a unir a toda la comunidad educativa"},"content":{"rendered":"<div id=\"fb-root\"><\/div>\n<p>[et_pb_section bb_built=\u00bb1&#8243; admin_label=\u00bbsection\u00bb][et_pb_row admin_label=\u00bbrow\u00bb background_position=\u00bbtop_left\u00bb background_repeat=\u00bbrepeat\u00bb background_size=\u00bbinitial\u00bb][et_pb_column type=\u00bb4_4&#8243;][et_pb_text admin_label=\u00bbEntradilla (Texto)\u00bb _builder_version=\u00bb3.0.105&#8243; background_layout=\u00bblight\u00bb text_orientation=\u00bbjustified\u00bb text_font=\u00bb|on|||\u00bb module_alignment=\u00bbleft\u00bb]<\/p>\n<div id=\"resumen\"><strong>Tras la gran acogida que tuvo Godspell en su estreno, con m\u00e1s de 4000 espectadores en sus butacas, el colegio program\u00f3 dos nuevas funciones ben\u00e9ficas de este musical, que reunieron de nuevo a toda la comunidad educativa, los d\u00edas 5 y 6 de mayo.<br \/>\n<\/strong><\/div>\n<div><\/div>\n<p>[\/et_pb_text][et_pb_text admin_label=\u00bbAutor (Texto)\u00bb _builder_version=\u00bb3.0.105&#8243; background_layout=\u00bblight\u00bb text_font=\u00bb||on||\u00bb]<\/p>\n<p>Redacci\u00f3n.<\/p>\n<p>[\/et_pb_text][et_pb_text admin_label=\u00bbDesarrollo (Texto)\u00bb _builder_version=\u00bb3.0.105&#8243; background_layout=\u00bblight\u00bb text_orientation=\u00bbjustified\u00bb module_alignment=\u00bbleft\u00bb]<\/p>\n<p><img loading=\"lazy\" decoding=\"async\" class=\"alignnone wp-image-8970\" src=\"https:\/\/valenciasjb.salesianos.edu\/colegio\/wp-content\/uploads\/sites\/2\/2018\/05\/IMG_9284-300x200.jpg\" alt=\"\" width=\"806\" height=\"537\" srcset=\"https:\/\/valenciasjb.salesianos.edu\/colegio\/wp-content\/uploads\/sites\/2\/2018\/05\/IMG_9284-300x200.jpg 300w, https:\/\/valenciasjb.salesianos.edu\/colegio\/wp-content\/uploads\/sites\/2\/2018\/05\/IMG_9284-768x512.jpg 768w, https:\/\/valenciasjb.salesianos.edu\/colegio\/wp-content\/uploads\/sites\/2\/2018\/05\/IMG_9284-1024x683.jpg 1024w, https:\/\/valenciasjb.salesianos.edu\/colegio\/wp-content\/uploads\/sites\/2\/2018\/05\/IMG_9284-1080x720.jpg 1080w\" sizes=\"(max-width: 806px) 100vw, 806px\" \/><\/p>\n<div>El teatro abri\u00f3 de nuevo sus puertas para dos nuevas representaciones del Musical Solidario Godspell, los d\u00edas\u00a0<b><i>5 y 6 de mayo a las 20h y 18h,\u00a0<\/i><\/b>respectivamente.<\/div>\n<div><\/div>\n<div><\/div>\n<div>Un espect\u00e1culo, todo en directo. Una adaptaci\u00f3n propia del gui\u00f3n original del musical\u00a0<em>Godspell<\/em>, que se reestren\u00f3 por \u00faltima vez en Broadway en el a\u00f1o 2012. Una manera divertida de contar la historia de la Biblia, donde el espectador pudo ver c\u00f3mo ser\u00eda la historia de Jes\u00fas si volviera en nuestros d\u00edas. Todo adaptado al contexto y situaciones del d\u00eda de hoy.<\/div>\n<div><\/div>\n<div><\/div>\n<div>Un \u00e9xito volver a reunir en el escenario a los m\u00e1s de 200 participantes entre padres, madres, profesorado, alumnos, ex alumnos, Personal de Administraci\u00f3n y Servicios y miembros de toda la comunidad educativa.<\/div>\n<div><\/div>\n<div><\/div>\n<div>Los beneficios recaudados ir\u00e1n destinados \u00edntegramente a favor de las necesidades de la Parroquia de Mar\u00eda Auxiliadora. Gracias a todos por vuestra colaboraci\u00f3n y entrega.<\/div>\n<p>[\/et_pb_text][et_pb_text admin_label=\u00bbT\u00edtulo: Galer\u00eda de fotos (Texto)\u00bb _builder_version=\u00bb3.0.76&#8243; background_layout=\u00bblight\u00bb text_font=\u00bb|on|||\u00bb text_text_color=\u00bb#dc001b\u00bb border_style=\u00bbsolid\u00bb disabled=\u00bboff\u00bb disabled_on=\u00bboff|on|on\u00bb]<\/p>\n<p>Galer\u00eda de im\u00e1genes<\/p>\n<p>[\/et_pb_text][et_pb_gallery _builder_version=\u00bb3.0.105&#8243; posts_number=\u00bb8&#8243; show_title_and_caption=\u00bboff\u00bb show_pagination=\u00bbon\u00bb fullwidth=\u00bboff\u00bb orientation=\u00bblandscape\u00bb zoom_icon_color=\u00bb#dc001b\u00bb hover_overlay_color=\u00bbrgba(255,255,255,0.9)\u00bb hover_icon=\u00bb%%51%%\u00bb background_layout=\u00bblight\u00bb disabled=\u00bboff\u00bb disabled_on=\u00bboff|off|off\u00bb gallery_ids=\u00bb8975,8974,8973,8972,8971,8969,8968,8967&#8243; pagination_font_size_tablet=\u00bb51&#8243; pagination_line_height_tablet=\u00bb2&#8243; \/][et_pb_video _builder_version=\u00bb3.0.51&#8243; disabled=\u00bbon\u00bb disabled_on=\u00bbon|on|on\u00bb \/][\/et_pb_column][\/et_pb_row][\/et_pb_section]<\/p>\n<!-- AddThis Advanced Settings generic via filter on the_content --><!-- AddThis Share Buttons generic via filter on the_content -->","protected":false},"excerpt":{"rendered":"<p>Tras la gran acogida que tuvo Godspell en su estreno, con m\u00e1s de 4000 espectadores en sus butacas, el colegio program\u00f3 dos nuevas funciones ben\u00e9ficas de este musical, que reunieron de nuevo a toda la comunidad educativa, los d\u00edas 5 y 6 de mayo. Redacci\u00f3n. El teatro abri\u00f3 de nuevo sus puertas para dos nuevas [&hellip;]<\/p>\n<p><!-- AddThis Advanced Settings generic via filter on get_the_excerpt --><!-- AddThis Share Buttons generic via filter on get_the_excerpt --><\/p>\n","protected":false},"author":6,"featured_media":8970,"comment_status":"closed","ping_status":"open","sticky":false,"template":"","format":"standard","meta":{"_et_pb_use_builder":"on","_et_pb_old_content":"<p>[et_pb_section bb_built=\"1\" admin_label=\"section\"][et_pb_row admin_label=\"row\" background_position=\"top_left\" background_repeat=\"repeat\" background_size=\"initial\"][et_pb_column type=\"4_4\"][et_pb_text admin_label=\"Entradilla (Texto)\" _builder_version=\"3.0.105\" background_layout=\"light\" text_orientation=\"justified\" text_font=\"|on|||\" module_alignment=\"left\"]<\/p><div id=\"resumen\"><strong>Tras la gran acogida que tuvo Godspell en su estreno, con m\u00e1s de 4000 espectadores en sus butacas, el colegio program\u00f3 dos nuevas funciones ben\u00e9ficas de este musical, que reunieron de nuevo a toda la comunidad educativa, los d\u00edas 5 y 6 de mayo.<br \/> <\/strong><\/div><div>\u00a0<\/div><p>[\/et_pb_text][et_pb_text admin_label=\"Autor (Texto)\" _builder_version=\"3.0.105\" background_layout=\"light\" text_font=\"||on||\"]<\/p><p>Redacci\u00f3n.<\/p><p>[\/et_pb_text][et_pb_text admin_label=\"Desarrollo (Texto)\" _builder_version=\"3.0.105\" background_layout=\"light\" text_orientation=\"justified\" module_alignment=\"left\"]<\/p><div>El teatro abri\u00f3 de nuevo sus puertas para dos nuevas representaciones del Musical Solidario Godspell, los d\u00edas\u00a0<b><i>5 y 6 de mayo a las 20h y 18h,\u00a0<\/i><\/b>respectivamente.<\/div><div>\u00a0<\/div><div>Un espect\u00e1culo, todo en directo. Una adaptaci\u00f3n propia del gui\u00f3n original del musical\u00a0<em>Godspell<\/em>, que se reestren\u00f3 por \u00faltima vez en Broadway en el a\u00f1o 2012. Una manera divertida de contar la historia de la Biblia, donde el espectador pudo ver c\u00f3mo ser\u00eda la historia de Jes\u00fas si volviera en nuestros d\u00edas. Todo adaptado al contexto y situaciones del d\u00eda de hoy.<\/div><div>\u00a0<\/div><div>Un \u00e9xito volver a reunir en el escenario a los m\u00e1s de 200 participantes entre padres, madres, profesorado, alumnos, ex alumnos, Personal de Administraci\u00f3n y Servicios y miembros de toda la comunidad educativa.\u00a0<\/div><div>\u00a0<\/div><div>Los beneficios recaudados ir\u00e1n destinados \u00edntegramente a favor de las necesidades de la Parroquia de Mar\u00eda Auxiliadora. Gracias a todos por vuestra colaboraci\u00f3n y entrega.\u00a0<\/div><div>\u00a0<\/div><p>[\/et_pb_text][et_pb_text admin_label=\"T\u00edtulo: Galer\u00eda de fotos (Texto)\" _builder_version=\"3.0.76\" background_layout=\"light\" text_font=\"|on|||\" text_text_color=\"#dc001b\" border_style=\"solid\" disabled=\"off\" disabled_on=\"off|on|on\"]<\/p><p>Galer\u00eda de im\u00e1genes<\/p><p>[\/et_pb_text][et_pb_gallery _builder_version=\"3.0.85\" posts_number=\"8\" show_title_and_caption=\"off\" show_pagination=\"on\" fullwidth=\"off\" orientation=\"landscape\" zoom_icon_color=\"#dc001b\" hover_overlay_color=\"rgba(255,255,255,0.9)\" hover_icon=\"%%51%%\" background_layout=\"light\" disabled=\"off\" disabled_on=\"off|off|off\" gallery_ids=\"5794\" pagination_font_size_tablet=\"51\" pagination_line_height_tablet=\"2\" \/][et_pb_video _builder_version=\"3.0.51\" disabled=\"on\" disabled_on=\"on|on|on\" \/][\/et_pb_column][\/et_pb_row][\/et_pb_section]<\/p>","_et_gb_content_width":"","footnotes":""},"categories":[14],"tags":[],"class_list":["post-8965","post","type-post","status-publish","format-standard","has-post-thumbnail","hentry","category-noticia_colegio"],"yoast_head":"<!-- This site is optimized with the Yoast SEO plugin v28.4 - https:\/\/yoast.com\/product\/yoast-seo-wordpress\/ -->\n<title>El reestreno de Godspell vuelve a unir a toda la comunidad educativa - Colegio San Juan Bosco Valencia<\/title>\n<meta name=\"robots\" content=\"index, follow, max-snippet:-1, max-image-preview:large, max-video-preview:-1\" \/>\n<link rel=\"canonical\" href=\"https:\/\/valenciasjb.salesianos.edu\/colegio\/el-reestreno-de-godspell-vuelve-a-unir-a-toda-la-comunidad-educativa\/\" \/>\n<meta property=\"og:locale\" content=\"es_ES\" \/>\n<meta property=\"og:type\" content=\"article\" \/>\n<meta property=\"og:title\" content=\"El reestreno de Godspell vuelve a unir a toda la comunidad educativa - Colegio San Juan Bosco Valencia\" \/>\n<meta property=\"og:description\" content=\"Tras la gran acogida que tuvo Godspell en su estreno, con m\u00e1s de 4000 espectadores en sus butacas, el colegio program\u00f3 dos nuevas funciones ben\u00e9ficas de este musical, que reunieron de nuevo a toda la comunidad educativa, los d\u00edas 5 y 6 de mayo. Redacci\u00f3n. El teatro abri\u00f3 de nuevo sus puertas para dos nuevas [&hellip;]\" \/>\n<meta property=\"og:url\" content=\"https:\/\/valenciasjb.salesianos.edu\/colegio\/el-reestreno-de-godspell-vuelve-a-unir-a-toda-la-comunidad-educativa\/\" \/>\n<meta property=\"og:site_name\" content=\"Colegio San Juan Bosco Valencia\" \/>\n<meta property=\"article:publisher\" content=\"https:\/\/www.facebook.com\/ColegioSalesianoSanJuanBoscoValencia\" \/>\n<meta property=\"article:published_time\" content=\"2018-05-07T13:11:32+00:00\" \/>\n<meta property=\"article:modified_time\" content=\"2018-05-07T13:14:45+00:00\" \/>\n<meta property=\"og:image\" content=\"https:\/\/valenciasjb.salesianos.edu\/colegio\/wp-content\/uploads\/sites\/2\/2018\/05\/IMG_9284-1024x683.jpg\" \/>\n\t<meta property=\"og:image:width\" content=\"1024\" \/>\n\t<meta property=\"og:image:height\" content=\"683\" \/>\n\t<meta property=\"og:image:type\" content=\"image\/jpeg\" \/>\n<meta name=\"author\" content=\"veronicapastor\" \/>\n<meta name=\"twitter:card\" content=\"summary_large_image\" \/>\n<meta name=\"twitter:creator\" content=\"@SalesianosVSJB\" \/>\n<meta name=\"twitter:site\" content=\"@SalesianosVSJB\" \/>\n<meta name=\"twitter:label1\" content=\"Escrito por\" \/>\n\t<meta name=\"twitter:data1\" content=\"veronicapastor\" \/>\n\t<meta name=\"twitter:label2\" content=\"Tiempo de lectura\" \/>\n\t<meta name=\"twitter:data2\" content=\"2 minutos\" \/>\n<script type=\"application\/ld+json\" class=\"yoast-schema-graph\">{\"@context\":\"https:\\\/\\\/schema.org\",\"@graph\":[{\"@type\":\"Article\",\"@id\":\"https:\\\/\\\/valenciasjb.salesianos.edu\\\/colegio\\\/el-reestreno-de-godspell-vuelve-a-unir-a-toda-la-comunidad-educativa\\\/#article\",\"isPartOf\":{\"@id\":\"https:\\\/\\\/valenciasjb.salesianos.edu\\\/colegio\\\/el-reestreno-de-godspell-vuelve-a-unir-a-toda-la-comunidad-educativa\\\/\"},\"author\":{\"name\":\"veronicapastor\",\"@id\":\"https:\\\/\\\/valenciasjb.salesianos.edu\\\/colegio\\\/#\\\/schema\\\/person\\\/1f45b67e52b27da175190a574db6bed9\"},\"headline\":\"El reestreno de Godspell vuelve a unir a toda la comunidad educativa\",\"datePublished\":\"2018-05-07T13:11:32+00:00\",\"dateModified\":\"2018-05-07T13:14:45+00:00\",\"mainEntityOfPage\":{\"@id\":\"https:\\\/\\\/valenciasjb.salesianos.edu\\\/colegio\\\/el-reestreno-de-godspell-vuelve-a-unir-a-toda-la-comunidad-educativa\\\/\"},\"wordCount\":422,\"image\":{\"@id\":\"https:\\\/\\\/valenciasjb.salesianos.edu\\\/colegio\\\/el-reestreno-de-godspell-vuelve-a-unir-a-toda-la-comunidad-educativa\\\/#primaryimage\"},\"thumbnailUrl\":\"https:\\\/\\\/valenciasjb.salesianos.edu\\\/colegio\\\/wp-content\\\/uploads\\\/sites\\\/2\\\/2018\\\/05\\\/IMG_9284.jpg\",\"articleSection\":[\"Noticia Colegio\"],\"inLanguage\":\"es\"},{\"@type\":\"WebPage\",\"@id\":\"https:\\\/\\\/valenciasjb.salesianos.edu\\\/colegio\\\/el-reestreno-de-godspell-vuelve-a-unir-a-toda-la-comunidad-educativa\\\/\",\"url\":\"https:\\\/\\\/valenciasjb.salesianos.edu\\\/colegio\\\/el-reestreno-de-godspell-vuelve-a-unir-a-toda-la-comunidad-educativa\\\/\",\"name\":\"El reestreno de Godspell vuelve a unir a toda la comunidad educativa - Colegio San Juan Bosco Valencia\",\"isPartOf\":{\"@id\":\"https:\\\/\\\/valenciasjb.salesianos.edu\\\/colegio\\\/#website\"},\"primaryImageOfPage\":{\"@id\":\"https:\\\/\\\/valenciasjb.salesianos.edu\\\/colegio\\\/el-reestreno-de-godspell-vuelve-a-unir-a-toda-la-comunidad-educativa\\\/#primaryimage\"},\"image\":{\"@id\":\"https:\\\/\\\/valenciasjb.salesianos.edu\\\/colegio\\\/el-reestreno-de-godspell-vuelve-a-unir-a-toda-la-comunidad-educativa\\\/#primaryimage\"},\"thumbnailUrl\":\"https:\\\/\\\/valenciasjb.salesianos.edu\\\/colegio\\\/wp-content\\\/uploads\\\/sites\\\/2\\\/2018\\\/05\\\/IMG_9284.jpg\",\"datePublished\":\"2018-05-07T13:11:32+00:00\",\"dateModified\":\"2018-05-07T13:14:45+00:00\",\"author\":{\"@id\":\"https:\\\/\\\/valenciasjb.salesianos.edu\\\/colegio\\\/#\\\/schema\\\/person\\\/1f45b67e52b27da175190a574db6bed9\"},\"breadcrumb\":{\"@id\":\"https:\\\/\\\/valenciasjb.salesianos.edu\\\/colegio\\\/el-reestreno-de-godspell-vuelve-a-unir-a-toda-la-comunidad-educativa\\\/#breadcrumb\"},\"inLanguage\":\"es\",\"potentialAction\":[{\"@type\":\"ReadAction\",\"target\":[\"https:\\\/\\\/valenciasjb.salesianos.edu\\\/colegio\\\/el-reestreno-de-godspell-vuelve-a-unir-a-toda-la-comunidad-educativa\\\/\"]}]},{\"@type\":\"ImageObject\",\"inLanguage\":\"es\",\"@id\":\"https:\\\/\\\/valenciasjb.salesianos.edu\\\/colegio\\\/el-reestreno-de-godspell-vuelve-a-unir-a-toda-la-comunidad-educativa\\\/#primaryimage\",\"url\":\"https:\\\/\\\/valenciasjb.salesianos.edu\\\/colegio\\\/wp-content\\\/uploads\\\/sites\\\/2\\\/2018\\\/05\\\/IMG_9284.jpg\",\"contentUrl\":\"https:\\\/\\\/valenciasjb.salesianos.edu\\\/colegio\\\/wp-content\\\/uploads\\\/sites\\\/2\\\/2018\\\/05\\\/IMG_9284.jpg\",\"width\":5184,\"height\":3456},{\"@type\":\"BreadcrumbList\",\"@id\":\"https:\\\/\\\/valenciasjb.salesianos.edu\\\/colegio\\\/el-reestreno-de-godspell-vuelve-a-unir-a-toda-la-comunidad-educativa\\\/#breadcrumb\",\"itemListElement\":[{\"@type\":\"ListItem\",\"position\":1,\"name\":\"Portada\",\"item\":\"https:\\\/\\\/valenciasjb.salesianos.edu\\\/colegio\\\/\"},{\"@type\":\"ListItem\",\"position\":2,\"name\":\"El reestreno de Godspell vuelve a unir a toda la comunidad educativa\"}]},{\"@type\":\"WebSite\",\"@id\":\"https:\\\/\\\/valenciasjb.salesianos.edu\\\/colegio\\\/#website\",\"url\":\"https:\\\/\\\/valenciasjb.salesianos.edu\\\/colegio\\\/\",\"name\":\"Colegio San Juan Bosco Valencia\",\"description\":\"P\u00e1gina oficial del Colegio Salesianos San Juan Bosco Valencia\",\"alternateName\":\"Salesianos.VSJB\",\"potentialAction\":[{\"@type\":\"SearchAction\",\"target\":{\"@type\":\"EntryPoint\",\"urlTemplate\":\"https:\\\/\\\/valenciasjb.salesianos.edu\\\/colegio\\\/?s={search_term_string}\"},\"query-input\":{\"@type\":\"PropertyValueSpecification\",\"valueRequired\":true,\"valueName\":\"search_term_string\"}}],\"inLanguage\":\"es\"},{\"@type\":\"Person\",\"@id\":\"https:\\\/\\\/valenciasjb.salesianos.edu\\\/colegio\\\/#\\\/schema\\\/person\\\/1f45b67e52b27da175190a574db6bed9\",\"name\":\"veronicapastor\",\"image\":{\"@type\":\"ImageObject\",\"inLanguage\":\"es\",\"@id\":\"https:\\\/\\\/secure.gravatar.com\\\/avatar\\\/e29bd40bace3fd935e1d6fdb7313ffc14628cc037c5e16f4c7369b20a2a6f7f0?s=96&d=mm&r=g\",\"url\":\"https:\\\/\\\/secure.gravatar.com\\\/avatar\\\/e29bd40bace3fd935e1d6fdb7313ffc14628cc037c5e16f4c7369b20a2a6f7f0?s=96&d=mm&r=g\",\"contentUrl\":\"https:\\\/\\\/secure.gravatar.com\\\/avatar\\\/e29bd40bace3fd935e1d6fdb7313ffc14628cc037c5e16f4c7369b20a2a6f7f0?s=96&d=mm&r=g\",\"caption\":\"veronicapastor\"}}]}<\/script>\n<!-- \/ Yoast SEO plugin. -->","yoast_head_json":{"title":"El reestreno de Godspell vuelve a unir a toda la comunidad educativa - Colegio San Juan Bosco Valencia","robots":{"index":"index","follow":"follow","max-snippet":"max-snippet:-1","max-image-preview":"max-image-preview:large","max-video-preview":"max-video-preview:-1"},"canonical":"https:\/\/valenciasjb.salesianos.edu\/colegio\/el-reestreno-de-godspell-vuelve-a-unir-a-toda-la-comunidad-educativa\/","og_locale":"es_ES","og_type":"article","og_title":"El reestreno de Godspell vuelve a unir a toda la comunidad educativa - Colegio San Juan Bosco Valencia","og_description":"Tras la gran acogida que tuvo Godspell en su estreno, con m\u00e1s de 4000 espectadores en sus butacas, el colegio program\u00f3 dos nuevas funciones ben\u00e9ficas de este musical, que reunieron de nuevo a toda la comunidad educativa, los d\u00edas 5 y 6 de mayo. Redacci\u00f3n. El teatro abri\u00f3 de nuevo sus puertas para dos nuevas [&hellip;]","og_url":"https:\/\/valenciasjb.salesianos.edu\/colegio\/el-reestreno-de-godspell-vuelve-a-unir-a-toda-la-comunidad-educativa\/","og_site_name":"Colegio San Juan Bosco Valencia","article_publisher":"https:\/\/www.facebook.com\/ColegioSalesianoSanJuanBoscoValencia","article_published_time":"2018-05-07T13:11:32+00:00","article_modified_time":"2018-05-07T13:14:45+00:00","og_image":[{"width":1024,"height":683,"url":"https:\/\/valenciasjb.salesianos.edu\/colegio\/wp-content\/uploads\/sites\/2\/2018\/05\/IMG_9284-1024x683.jpg","type":"image\/jpeg"}],"author":"veronicapastor","twitter_card":"summary_large_image","twitter_creator":"@SalesianosVSJB","twitter_site":"@SalesianosVSJB","twitter_misc":{"Escrito por":"veronicapastor","Tiempo de lectura":"2 minutos"},"schema":{"@context":"https:\/\/schema.org","@graph":[{"@type":"Article","@id":"https:\/\/valenciasjb.salesianos.edu\/colegio\/el-reestreno-de-godspell-vuelve-a-unir-a-toda-la-comunidad-educativa\/#article","isPartOf":{"@id":"https:\/\/valenciasjb.salesianos.edu\/colegio\/el-reestreno-de-godspell-vuelve-a-unir-a-toda-la-comunidad-educativa\/"},"author":{"name":"veronicapastor","@id":"https:\/\/valenciasjb.salesianos.edu\/colegio\/#\/schema\/person\/1f45b67e52b27da175190a574db6bed9"},"headline":"El reestreno de Godspell vuelve a unir a toda la comunidad educativa","datePublished":"2018-05-07T13:11:32+00:00","dateModified":"2018-05-07T13:14:45+00:00","mainEntityOfPage":{"@id":"https:\/\/valenciasjb.salesianos.edu\/colegio\/el-reestreno-de-godspell-vuelve-a-unir-a-toda-la-comunidad-educativa\/"},"wordCount":422,"image":{"@id":"https:\/\/valenciasjb.salesianos.edu\/colegio\/el-reestreno-de-godspell-vuelve-a-unir-a-toda-la-comunidad-educativa\/#primaryimage"},"thumbnailUrl":"https:\/\/valenciasjb.salesianos.edu\/colegio\/wp-content\/uploads\/sites\/2\/2018\/05\/IMG_9284.jpg","articleSection":["Noticia Colegio"],"inLanguage":"es"},{"@type":"WebPage","@id":"https:\/\/valenciasjb.salesianos.edu\/colegio\/el-reestreno-de-godspell-vuelve-a-unir-a-toda-la-comunidad-educativa\/","url":"https:\/\/valenciasjb.salesianos.edu\/colegio\/el-reestreno-de-godspell-vuelve-a-unir-a-toda-la-comunidad-educativa\/","name":"El reestreno de Godspell vuelve a unir a toda la comunidad educativa - Colegio San Juan Bosco Valencia","isPartOf":{"@id":"https:\/\/valenciasjb.salesianos.edu\/colegio\/#website"},"primaryImageOfPage":{"@id":"https:\/\/valenciasjb.salesianos.edu\/colegio\/el-reestreno-de-godspell-vuelve-a-unir-a-toda-la-comunidad-educativa\/#primaryimage"},"image":{"@id":"https:\/\/valenciasjb.salesianos.edu\/colegio\/el-reestreno-de-godspell-vuelve-a-unir-a-toda-la-comunidad-educativa\/#primaryimage"},"thumbnailUrl":"https:\/\/valenciasjb.salesianos.edu\/colegio\/wp-content\/uploads\/sites\/2\/2018\/05\/IMG_9284.jpg","datePublished":"2018-05-07T13:11:32+00:00","dateModified":"2018-05-07T13:14:45+00:00","author":{"@id":"https:\/\/valenciasjb.salesianos.edu\/colegio\/#\/schema\/person\/1f45b67e52b27da175190a574db6bed9"},"breadcrumb":{"@id":"https:\/\/valenciasjb.salesianos.edu\/colegio\/el-reestreno-de-godspell-vuelve-a-unir-a-toda-la-comunidad-educativa\/#breadcrumb"},"inLanguage":"es","potentialAction":[{"@type":"ReadAction","target":["https:\/\/valenciasjb.salesianos.edu\/colegio\/el-reestreno-de-godspell-vuelve-a-unir-a-toda-la-comunidad-educativa\/"]}]},{"@type":"ImageObject","inLanguage":"es","@id":"https:\/\/valenciasjb.salesianos.edu\/colegio\/el-reestreno-de-godspell-vuelve-a-unir-a-toda-la-comunidad-educativa\/#primaryimage","url":"https:\/\/valenciasjb.salesianos.edu\/colegio\/wp-content\/uploads\/sites\/2\/2018\/05\/IMG_9284.jpg","contentUrl":"https:\/\/valenciasjb.salesianos.edu\/colegio\/wp-content\/uploads\/sites\/2\/2018\/05\/IMG_9284.jpg","width":5184,"height":3456},{"@type":"BreadcrumbList","@id":"https:\/\/valenciasjb.salesianos.edu\/colegio\/el-reestreno-de-godspell-vuelve-a-unir-a-toda-la-comunidad-educativa\/#breadcrumb","itemListElement":[{"@type":"ListItem","position":1,"name":"Portada","item":"https:\/\/valenciasjb.salesianos.edu\/colegio\/"},{"@type":"ListItem","position":2,"name":"El reestreno de Godspell vuelve a unir a toda la comunidad educativa"}]},{"@type":"WebSite","@id":"https:\/\/valenciasjb.salesianos.edu\/colegio\/#website","url":"https:\/\/valenciasjb.salesianos.edu\/colegio\/","name":"Colegio San Juan Bosco Valencia","description":"P\u00e1gina oficial del Colegio Salesianos San Juan Bosco Valencia","alternateName":"Salesianos.VSJB","potentialAction":[{"@type":"SearchAction","target":{"@type":"EntryPoint","urlTemplate":"https:\/\/valenciasjb.salesianos.edu\/colegio\/?s={search_term_string}"},"query-input":{"@type":"PropertyValueSpecification","valueRequired":true,"valueName":"search_term_string"}}],"inLanguage":"es"},{"@type":"Person","@id":"https:\/\/valenciasjb.salesianos.edu\/colegio\/#\/schema\/person\/1f45b67e52b27da175190a574db6bed9","name":"veronicapastor","image":{"@type":"ImageObject","inLanguage":"es","@id":"https:\/\/secure.gravatar.com\/avatar\/e29bd40bace3fd935e1d6fdb7313ffc14628cc037c5e16f4c7369b20a2a6f7f0?s=96&d=mm&r=g","url":"https:\/\/secure.gravatar.com\/avatar\/e29bd40bace3fd935e1d6fdb7313ffc14628cc037c5e16f4c7369b20a2a6f7f0?s=96&d=mm&r=g","contentUrl":"https:\/\/secure.gravatar.com\/avatar\/e29bd40bace3fd935e1d6fdb7313ffc14628cc037c5e16f4c7369b20a2a6f7f0?s=96&d=mm&r=g","caption":"veronicapastor"}}]}},"_links":{"self":[{"href":"https:\/\/valenciasjb.salesianos.edu\/colegio\/wp-json\/wp\/v2\/posts\/8965","targetHints":{"allow":["GET"]}}],"collection":[{"href":"https:\/\/valenciasjb.salesianos.edu\/colegio\/wp-json\/wp\/v2\/posts"}],"about":[{"href":"https:\/\/valenciasjb.salesianos.edu\/colegio\/wp-json\/wp\/v2\/types\/post"}],"author":[{"embeddable":true,"href":"https:\/\/valenciasjb.salesianos.edu\/colegio\/wp-json\/wp\/v2\/users\/6"}],"replies":[{"embeddable":true,"href":"https:\/\/valenciasjb.salesianos.edu\/colegio\/wp-json\/wp\/v2\/comments?post=8965"}],"version-history":[{"count":4,"href":"https:\/\/valenciasjb.salesianos.edu\/colegio\/wp-json\/wp\/v2\/posts\/8965\/revisions"}],"predecessor-version":[{"id":8979,"href":"https:\/\/valenciasjb.salesianos.edu\/colegio\/wp-json\/wp\/v2\/posts\/8965\/revisions\/8979"}],"wp:featuredmedia":[{"embeddable":true,"href":"https:\/\/valenciasjb.salesianos.edu\/colegio\/wp-json\/wp\/v2\/media\/8970"}],"wp:attachment":[{"href":"https:\/\/valenciasjb.salesianos.edu\/colegio\/wp-json\/wp\/v2\/media?parent=8965"}],"wp:term":[{"taxonomy":"category","embeddable":true,"href":"https:\/\/valenciasjb.salesianos.edu\/colegio\/wp-json\/wp\/v2\/categories?post=8965"},{"taxonomy":"post_tag","embeddable":true,"href":"https:\/\/valenciasjb.salesianos.edu\/colegio\/wp-json\/wp\/v2\/tags?post=8965"}],"curies":[{"name":"wp","href":"https:\/\/api.w.org\/{rel}","templated":true}]}}