{"id":8986,"date":"2018-05-10T17:41:14","date_gmt":"2018-05-10T16:41:14","guid":{"rendered":"https:\/\/valenciasjb.salesianos.edu\/colegio\/?p=8986"},"modified":"2018-05-10T17:41:14","modified_gmt":"2018-05-10T16:41:14","slug":"los-alumnos-y-alumnas-de-cuarto-de-eso-recogen-sus-diplomas-de-certificacion-oficiales-de-ingles-y-frances-del-a2","status":"publish","type":"post","link":"https:\/\/valenciasjb.salesianos.edu\/colegio\/los-alumnos-y-alumnas-de-cuarto-de-eso-recogen-sus-diplomas-de-certificacion-oficiales-de-ingles-y-frances-del-a2\/","title":{"rendered":"Los alumnos y alumnas de cuarto de ESO recogen sus diplomas de certificaci\u00f3n oficiales de ingl\u00e9s y franc\u00e9s del A2"},"content":{"rendered":"<div id=\"fb-root\"><\/div>\n<p>[et_pb_section bb_built=\u00bb1&#8243; admin_label=\u00bbsection\u00bb][et_pb_row admin_label=\u00bbrow\u00bb background_position=\u00bbtop_left\u00bb background_repeat=\u00bbrepeat\u00bb background_size=\u00bbinitial\u00bb][et_pb_column type=\u00bb4_4&#8243;][et_pb_text admin_label=\u00bbEntradilla (Texto)\u00bb _builder_version=\u00bb3.0.105&#8243; background_layout=\u00bblight\u00bb text_orientation=\u00bbjustified\u00bb text_font=\u00bb|on|||\u00bb module_alignment=\u00bbleft\u00bb]<\/p>\n<div>El alumnado de cuarto de ESO ha recogido hoy los diplomas oficiales de certificaci\u00f3n de idiomas, de ingl\u00e9s y franc\u00e9s, de nivel A2. Los ex\u00e1menes de A2 los organiza cada a\u00f1o el Departamento de Lenguas Extranjeras, en coordinaci\u00f3n con la Conseller\u00eda de Educaci\u00f3n, para que aquellos alumnos y alumnas que cumplan los 16 en el a\u00f1o en el que realizan la prueba tengan la oportunidad de obtener un certificado oficial de nivel de lengua, tanto en ingl\u00e9s como en franc\u00e9s, con validez en todo el territorio nacional, seg\u00fan el Marco Com\u00fan Europeo de Referencia de las Lenguas (MCER).<\/div>\n<p>[\/et_pb_text][et_pb_text admin_label=\u00bbAutor (Texto)\u00bb _builder_version=\u00bb3.0.105&#8243; background_layout=\u00bblight\u00bb text_font=\u00bb||on||\u00bb]<\/p>\n<p>Ver\u00f3nica Pastor, Departamento de Lenguas Extranjeras.<\/p>\n<p>[\/et_pb_text][et_pb_text admin_label=\u00bbDesarrollo (Texto)\u00bb _builder_version=\u00bb3.0.105&#8243; background_layout=\u00bblight\u00bb text_orientation=\u00bbjustified\u00bb module_alignment=\u00bbleft\u00bb]<\/p>\n<div><\/div>\n<div><img loading=\"lazy\" decoding=\"async\" class=\"alignnone  wp-image-8992\" src=\"https:\/\/valenciasjb.salesianos.edu\/colegio\/wp-content\/uploads\/sites\/2\/2018\/05\/20180508_105111-300x225.jpg\" alt=\"\" width=\"745\" height=\"559\" srcset=\"https:\/\/valenciasjb.salesianos.edu\/colegio\/wp-content\/uploads\/sites\/2\/2018\/05\/20180508_105111-300x225.jpg 300w, https:\/\/valenciasjb.salesianos.edu\/colegio\/wp-content\/uploads\/sites\/2\/2018\/05\/20180508_105111-768x576.jpg 768w, https:\/\/valenciasjb.salesianos.edu\/colegio\/wp-content\/uploads\/sites\/2\/2018\/05\/20180508_105111-1024x768.jpg 1024w, https:\/\/valenciasjb.salesianos.edu\/colegio\/wp-content\/uploads\/sites\/2\/2018\/05\/20180508_105111-510x382.jpg 510w, https:\/\/valenciasjb.salesianos.edu\/colegio\/wp-content\/uploads\/sites\/2\/2018\/05\/20180508_105111-1080x810.jpg 1080w\" sizes=\"(max-width: 745px) 100vw, 745px\" \/><\/div>\n<div>Gracias a este examen un gran n\u00famero de alumnos y alumnas obtienen su certificado en una o en ambas lenguas. Este es un examen que el colegio organiza junto a tambi\u00e9n otros ex\u00e1menes oficiales de certificaci\u00f3n de idiomas de car\u00e1cter internacional, siempre en una apuesta por el aprendizaje de lenguas extranjeras y la certificaci\u00f3n de los niveles de idioma que los alumnos y alumnas van a necesitar para su futuro.<\/div>\n<p>[\/et_pb_text][et_pb_text admin_label=\u00bbT\u00edtulo: Galer\u00eda de fotos (Texto)\u00bb _builder_version=\u00bb3.0.76&#8243; background_layout=\u00bblight\u00bb text_font=\u00bb|on|||\u00bb text_text_color=\u00bb#dc001b\u00bb border_style=\u00bbsolid\u00bb disabled=\u00bboff\u00bb disabled_on=\u00bboff|on|on\u00bb]<\/p>\n<p>Galer\u00eda de im\u00e1genes<\/p>\n<p>[\/et_pb_text][et_pb_gallery _builder_version=\u00bb3.0.105&#8243; posts_number=\u00bb8&#8243; show_title_and_caption=\u00bboff\u00bb show_pagination=\u00bbon\u00bb fullwidth=\u00bboff\u00bb orientation=\u00bblandscape\u00bb zoom_icon_color=\u00bb#dc001b\u00bb hover_overlay_color=\u00bbrgba(255,255,255,0.9)\u00bb hover_icon=\u00bb%%51%%\u00bb background_layout=\u00bblight\u00bb disabled=\u00bboff\u00bb disabled_on=\u00bboff|off|off\u00bb gallery_ids=\u00bb8987,8988,8989,8990,8991,8992&#8243; pagination_font_size_tablet=\u00bb51&#8243; pagination_line_height_tablet=\u00bb2&#8243; \/][et_pb_video _builder_version=\u00bb3.0.51&#8243; disabled=\u00bbon\u00bb disabled_on=\u00bbon|on|on\u00bb \/][\/et_pb_column][\/et_pb_row][\/et_pb_section]<\/p>\n<!-- AddThis Advanced Settings generic via filter on the_content --><!-- AddThis Share Buttons generic via filter on the_content -->","protected":false},"excerpt":{"rendered":"<p>El alumnado de cuarto de ESO ha recogido hoy los diplomas oficiales de certificaci\u00f3n de idiomas, de ingl\u00e9s y franc\u00e9s, de nivel A2. Los ex\u00e1menes de A2 los organiza cada a\u00f1o el Departamento de Lenguas Extranjeras, en coordinaci\u00f3n con la Conseller\u00eda de Educaci\u00f3n, para que aquellos alumnos y alumnas que cumplan los 16 en el [&hellip;]<\/p>\n<p><!-- AddThis Advanced Settings generic via filter on get_the_excerpt --><!-- AddThis Share Buttons generic via filter on get_the_excerpt --><\/p>\n","protected":false},"author":6,"featured_media":8992,"comment_status":"closed","ping_status":"open","sticky":false,"template":"","format":"standard","meta":{"_et_pb_use_builder":"on","_et_pb_old_content":"<p>[et_pb_section bb_built=\"1\" admin_label=\"section\"][et_pb_row admin_label=\"row\" background_position=\"top_left\" background_repeat=\"repeat\" background_size=\"initial\"][et_pb_column type=\"4_4\"][et_pb_text admin_label=\"Entradilla (Texto)\" _builder_version=\"3.0.105\" background_layout=\"light\" text_orientation=\"justified\" text_font=\"|on|||\" module_alignment=\"justified\"]<\/p><div id=\"resumen\"><strong>Lorem ipsum...<br \/> <\/strong><\/div><div>\u00a0<\/div><p>[\/et_pb_text][et_pb_text admin_label=\"Autor (Texto)\" _builder_version=\"3.0.85\" background_layout=\"light\" text_font=\"||on||\"]<\/p><p>Redacci\u00f3n<\/p><p>[\/et_pb_text][et_pb_text admin_label=\"Desarrollo (Texto)\" _builder_version=\"3.0.85\" background_layout=\"light\" text_orientation=\"justified\" module_alignment=\"justified\"]<\/p><p>Lorem ipsum...<\/p><p>[\/et_pb_text][et_pb_text admin_label=\"T\u00edtulo: Galer\u00eda de fotos (Texto)\" _builder_version=\"3.0.76\" background_layout=\"light\" text_font=\"|on|||\" text_text_color=\"#dc001b\" border_style=\"solid\" disabled=\"off\" disabled_on=\"off|on|on\"]<\/p><p>Galer\u00eda de im\u00e1genes<\/p><p>[\/et_pb_text][et_pb_gallery _builder_version=\"3.0.85\" posts_number=\"8\" show_title_and_caption=\"off\" show_pagination=\"on\" fullwidth=\"off\" orientation=\"landscape\" zoom_icon_color=\"#dc001b\" hover_overlay_color=\"rgba(255,255,255,0.9)\" hover_icon=\"%%51%%\" background_layout=\"light\" disabled=\"off\" disabled_on=\"off|off|off\" gallery_ids=\"5794\" pagination_font_size_tablet=\"51\" pagination_line_height_tablet=\"2\" \/][et_pb_video _builder_version=\"3.0.51\" disabled=\"on\" disabled_on=\"on|on|on\" \/][\/et_pb_column][\/et_pb_row][\/et_pb_section]<\/p>","_et_gb_content_width":"","footnotes":""},"categories":[14],"tags":[],"class_list":["post-8986","post","type-post","status-publish","format-standard","has-post-thumbnail","hentry","category-noticia_colegio"],"yoast_head":"<!-- This site is optimized with the Yoast SEO plugin v28.4 - https:\/\/yoast.com\/product\/yoast-seo-wordpress\/ -->\n<title>Los alumnos y alumnas de cuarto de ESO recogen sus diplomas de certificaci\u00f3n oficiales de ingl\u00e9s y franc\u00e9s del A2 - Colegio San Juan Bosco Valencia<\/title>\n<meta name=\"robots\" content=\"index, follow, max-snippet:-1, max-image-preview:large, max-video-preview:-1\" \/>\n<link rel=\"canonical\" href=\"https:\/\/valenciasjb.salesianos.edu\/colegio\/los-alumnos-y-alumnas-de-cuarto-de-eso-recogen-sus-diplomas-de-certificacion-oficiales-de-ingles-y-frances-del-a2\/\" \/>\n<meta property=\"og:locale\" content=\"es_ES\" \/>\n<meta property=\"og:type\" content=\"article\" \/>\n<meta property=\"og:title\" content=\"Los alumnos y alumnas de cuarto de ESO recogen sus diplomas de certificaci\u00f3n oficiales de ingl\u00e9s y franc\u00e9s del A2 - Colegio San Juan Bosco Valencia\" \/>\n<meta property=\"og:description\" content=\"El alumnado de cuarto de ESO ha recogido hoy los diplomas oficiales de certificaci\u00f3n de idiomas, de ingl\u00e9s y franc\u00e9s, de nivel A2. Los ex\u00e1menes de A2 los organiza cada a\u00f1o el Departamento de Lenguas Extranjeras, en coordinaci\u00f3n con la Conseller\u00eda de Educaci\u00f3n, para que aquellos alumnos y alumnas que cumplan los 16 en el [&hellip;]\" \/>\n<meta property=\"og:url\" content=\"https:\/\/valenciasjb.salesianos.edu\/colegio\/los-alumnos-y-alumnas-de-cuarto-de-eso-recogen-sus-diplomas-de-certificacion-oficiales-de-ingles-y-frances-del-a2\/\" \/>\n<meta property=\"og:site_name\" content=\"Colegio San Juan Bosco Valencia\" \/>\n<meta property=\"article:publisher\" content=\"https:\/\/www.facebook.com\/ColegioSalesianoSanJuanBoscoValencia\" \/>\n<meta property=\"article:published_time\" content=\"2018-05-10T16:41:14+00:00\" \/>\n<meta property=\"og:image\" content=\"https:\/\/valenciasjb.salesianos.edu\/colegio\/wp-content\/uploads\/sites\/2\/2018\/05\/20180508_105111-1024x768.jpg\" \/>\n\t<meta property=\"og:image:width\" content=\"1024\" \/>\n\t<meta property=\"og:image:height\" content=\"768\" \/>\n\t<meta property=\"og:image:type\" content=\"image\/jpeg\" \/>\n<meta name=\"author\" content=\"veronicapastor\" \/>\n<meta name=\"twitter:card\" content=\"summary_large_image\" \/>\n<meta name=\"twitter:creator\" content=\"@SalesianosVSJB\" \/>\n<meta name=\"twitter:site\" content=\"@SalesianosVSJB\" \/>\n<meta name=\"twitter:label1\" content=\"Escrito por\" \/>\n\t<meta name=\"twitter:data1\" content=\"veronicapastor\" \/>\n\t<meta name=\"twitter:label2\" content=\"Tiempo de lectura\" \/>\n\t<meta name=\"twitter:data2\" content=\"2 minutos\" \/>\n<script type=\"application\/ld+json\" class=\"yoast-schema-graph\">{\"@context\":\"https:\\\/\\\/schema.org\",\"@graph\":[{\"@type\":\"Article\",\"@id\":\"https:\\\/\\\/valenciasjb.salesianos.edu\\\/colegio\\\/los-alumnos-y-alumnas-de-cuarto-de-eso-recogen-sus-diplomas-de-certificacion-oficiales-de-ingles-y-frances-del-a2\\\/#article\",\"isPartOf\":{\"@id\":\"https:\\\/\\\/valenciasjb.salesianos.edu\\\/colegio\\\/los-alumnos-y-alumnas-de-cuarto-de-eso-recogen-sus-diplomas-de-certificacion-oficiales-de-ingles-y-frances-del-a2\\\/\"},\"author\":{\"name\":\"veronicapastor\",\"@id\":\"https:\\\/\\\/valenciasjb.salesianos.edu\\\/colegio\\\/#\\\/schema\\\/person\\\/1f45b67e52b27da175190a574db6bed9\"},\"headline\":\"Los alumnos y alumnas de cuarto de ESO recogen sus diplomas de certificaci\u00f3n oficiales de ingl\u00e9s y franc\u00e9s del A2\",\"datePublished\":\"2018-05-10T16:41:14+00:00\",\"mainEntityOfPage\":{\"@id\":\"https:\\\/\\\/valenciasjb.salesianos.edu\\\/colegio\\\/los-alumnos-y-alumnas-de-cuarto-de-eso-recogen-sus-diplomas-de-certificacion-oficiales-de-ingles-y-frances-del-a2\\\/\"},\"wordCount\":421,\"image\":{\"@id\":\"https:\\\/\\\/valenciasjb.salesianos.edu\\\/colegio\\\/los-alumnos-y-alumnas-de-cuarto-de-eso-recogen-sus-diplomas-de-certificacion-oficiales-de-ingles-y-frances-del-a2\\\/#primaryimage\"},\"thumbnailUrl\":\"https:\\\/\\\/valenciasjb.salesianos.edu\\\/colegio\\\/wp-content\\\/uploads\\\/sites\\\/2\\\/2018\\\/05\\\/20180508_105111.jpg\",\"articleSection\":[\"Noticia Colegio\"],\"inLanguage\":\"es\"},{\"@type\":\"WebPage\",\"@id\":\"https:\\\/\\\/valenciasjb.salesianos.edu\\\/colegio\\\/los-alumnos-y-alumnas-de-cuarto-de-eso-recogen-sus-diplomas-de-certificacion-oficiales-de-ingles-y-frances-del-a2\\\/\",\"url\":\"https:\\\/\\\/valenciasjb.salesianos.edu\\\/colegio\\\/los-alumnos-y-alumnas-de-cuarto-de-eso-recogen-sus-diplomas-de-certificacion-oficiales-de-ingles-y-frances-del-a2\\\/\",\"name\":\"Los alumnos y alumnas de cuarto de ESO recogen sus diplomas de certificaci\u00f3n oficiales de ingl\u00e9s y franc\u00e9s del A2 - Colegio San Juan Bosco Valencia\",\"isPartOf\":{\"@id\":\"https:\\\/\\\/valenciasjb.salesianos.edu\\\/colegio\\\/#website\"},\"primaryImageOfPage\":{\"@id\":\"https:\\\/\\\/valenciasjb.salesianos.edu\\\/colegio\\\/los-alumnos-y-alumnas-de-cuarto-de-eso-recogen-sus-diplomas-de-certificacion-oficiales-de-ingles-y-frances-del-a2\\\/#primaryimage\"},\"image\":{\"@id\":\"https:\\\/\\\/valenciasjb.salesianos.edu\\\/colegio\\\/los-alumnos-y-alumnas-de-cuarto-de-eso-recogen-sus-diplomas-de-certificacion-oficiales-de-ingles-y-frances-del-a2\\\/#primaryimage\"},\"thumbnailUrl\":\"https:\\\/\\\/valenciasjb.salesianos.edu\\\/colegio\\\/wp-content\\\/uploads\\\/sites\\\/2\\\/2018\\\/05\\\/20180508_105111.jpg\",\"datePublished\":\"2018-05-10T16:41:14+00:00\",\"author\":{\"@id\":\"https:\\\/\\\/valenciasjb.salesianos.edu\\\/colegio\\\/#\\\/schema\\\/person\\\/1f45b67e52b27da175190a574db6bed9\"},\"breadcrumb\":{\"@id\":\"https:\\\/\\\/valenciasjb.salesianos.edu\\\/colegio\\\/los-alumnos-y-alumnas-de-cuarto-de-eso-recogen-sus-diplomas-de-certificacion-oficiales-de-ingles-y-frances-del-a2\\\/#breadcrumb\"},\"inLanguage\":\"es\",\"potentialAction\":[{\"@type\":\"ReadAction\",\"target\":[\"https:\\\/\\\/valenciasjb.salesianos.edu\\\/colegio\\\/los-alumnos-y-alumnas-de-cuarto-de-eso-recogen-sus-diplomas-de-certificacion-oficiales-de-ingles-y-frances-del-a2\\\/\"]}]},{\"@type\":\"ImageObject\",\"inLanguage\":\"es\",\"@id\":\"https:\\\/\\\/valenciasjb.salesianos.edu\\\/colegio\\\/los-alumnos-y-alumnas-de-cuarto-de-eso-recogen-sus-diplomas-de-certificacion-oficiales-de-ingles-y-frances-del-a2\\\/#primaryimage\",\"url\":\"https:\\\/\\\/valenciasjb.salesianos.edu\\\/colegio\\\/wp-content\\\/uploads\\\/sites\\\/2\\\/2018\\\/05\\\/20180508_105111.jpg\",\"contentUrl\":\"https:\\\/\\\/valenciasjb.salesianos.edu\\\/colegio\\\/wp-content\\\/uploads\\\/sites\\\/2\\\/2018\\\/05\\\/20180508_105111.jpg\",\"width\":4128,\"height\":3096},{\"@type\":\"BreadcrumbList\",\"@id\":\"https:\\\/\\\/valenciasjb.salesianos.edu\\\/colegio\\\/los-alumnos-y-alumnas-de-cuarto-de-eso-recogen-sus-diplomas-de-certificacion-oficiales-de-ingles-y-frances-del-a2\\\/#breadcrumb\",\"itemListElement\":[{\"@type\":\"ListItem\",\"position\":1,\"name\":\"Portada\",\"item\":\"https:\\\/\\\/valenciasjb.salesianos.edu\\\/colegio\\\/\"},{\"@type\":\"ListItem\",\"position\":2,\"name\":\"Los alumnos y alumnas de cuarto de ESO recogen sus diplomas de certificaci\u00f3n oficiales de ingl\u00e9s y franc\u00e9s del A2\"}]},{\"@type\":\"WebSite\",\"@id\":\"https:\\\/\\\/valenciasjb.salesianos.edu\\\/colegio\\\/#website\",\"url\":\"https:\\\/\\\/valenciasjb.salesianos.edu\\\/colegio\\\/\",\"name\":\"Colegio San Juan Bosco Valencia\",\"description\":\"P\u00e1gina oficial del Colegio Salesianos San Juan Bosco Valencia\",\"alternateName\":\"Salesianos.VSJB\",\"potentialAction\":[{\"@type\":\"SearchAction\",\"target\":{\"@type\":\"EntryPoint\",\"urlTemplate\":\"https:\\\/\\\/valenciasjb.salesianos.edu\\\/colegio\\\/?s={search_term_string}\"},\"query-input\":{\"@type\":\"PropertyValueSpecification\",\"valueRequired\":true,\"valueName\":\"search_term_string\"}}],\"inLanguage\":\"es\"},{\"@type\":\"Person\",\"@id\":\"https:\\\/\\\/valenciasjb.salesianos.edu\\\/colegio\\\/#\\\/schema\\\/person\\\/1f45b67e52b27da175190a574db6bed9\",\"name\":\"veronicapastor\",\"image\":{\"@type\":\"ImageObject\",\"inLanguage\":\"es\",\"@id\":\"https:\\\/\\\/secure.gravatar.com\\\/avatar\\\/e29bd40bace3fd935e1d6fdb7313ffc14628cc037c5e16f4c7369b20a2a6f7f0?s=96&d=mm&r=g\",\"url\":\"https:\\\/\\\/secure.gravatar.com\\\/avatar\\\/e29bd40bace3fd935e1d6fdb7313ffc14628cc037c5e16f4c7369b20a2a6f7f0?s=96&d=mm&r=g\",\"contentUrl\":\"https:\\\/\\\/secure.gravatar.com\\\/avatar\\\/e29bd40bace3fd935e1d6fdb7313ffc14628cc037c5e16f4c7369b20a2a6f7f0?s=96&d=mm&r=g\",\"caption\":\"veronicapastor\"}}]}<\/script>\n<!-- \/ Yoast SEO plugin. -->","yoast_head_json":{"title":"Los alumnos y alumnas de cuarto de ESO recogen sus diplomas de certificaci\u00f3n oficiales de ingl\u00e9s y franc\u00e9s del A2 - Colegio San Juan Bosco Valencia","robots":{"index":"index","follow":"follow","max-snippet":"max-snippet:-1","max-image-preview":"max-image-preview:large","max-video-preview":"max-video-preview:-1"},"canonical":"https:\/\/valenciasjb.salesianos.edu\/colegio\/los-alumnos-y-alumnas-de-cuarto-de-eso-recogen-sus-diplomas-de-certificacion-oficiales-de-ingles-y-frances-del-a2\/","og_locale":"es_ES","og_type":"article","og_title":"Los alumnos y alumnas de cuarto de ESO recogen sus diplomas de certificaci\u00f3n oficiales de ingl\u00e9s y franc\u00e9s del A2 - Colegio San Juan Bosco Valencia","og_description":"El alumnado de cuarto de ESO ha recogido hoy los diplomas oficiales de certificaci\u00f3n de idiomas, de ingl\u00e9s y franc\u00e9s, de nivel A2. Los ex\u00e1menes de A2 los organiza cada a\u00f1o el Departamento de Lenguas Extranjeras, en coordinaci\u00f3n con la Conseller\u00eda de Educaci\u00f3n, para que aquellos alumnos y alumnas que cumplan los 16 en el [&hellip;]","og_url":"https:\/\/valenciasjb.salesianos.edu\/colegio\/los-alumnos-y-alumnas-de-cuarto-de-eso-recogen-sus-diplomas-de-certificacion-oficiales-de-ingles-y-frances-del-a2\/","og_site_name":"Colegio San Juan Bosco Valencia","article_publisher":"https:\/\/www.facebook.com\/ColegioSalesianoSanJuanBoscoValencia","article_published_time":"2018-05-10T16:41:14+00:00","og_image":[{"width":1024,"height":768,"url":"https:\/\/valenciasjb.salesianos.edu\/colegio\/wp-content\/uploads\/sites\/2\/2018\/05\/20180508_105111-1024x768.jpg","type":"image\/jpeg"}],"author":"veronicapastor","twitter_card":"summary_large_image","twitter_creator":"@SalesianosVSJB","twitter_site":"@SalesianosVSJB","twitter_misc":{"Escrito por":"veronicapastor","Tiempo de lectura":"2 minutos"},"schema":{"@context":"https:\/\/schema.org","@graph":[{"@type":"Article","@id":"https:\/\/valenciasjb.salesianos.edu\/colegio\/los-alumnos-y-alumnas-de-cuarto-de-eso-recogen-sus-diplomas-de-certificacion-oficiales-de-ingles-y-frances-del-a2\/#article","isPartOf":{"@id":"https:\/\/valenciasjb.salesianos.edu\/colegio\/los-alumnos-y-alumnas-de-cuarto-de-eso-recogen-sus-diplomas-de-certificacion-oficiales-de-ingles-y-frances-del-a2\/"},"author":{"name":"veronicapastor","@id":"https:\/\/valenciasjb.salesianos.edu\/colegio\/#\/schema\/person\/1f45b67e52b27da175190a574db6bed9"},"headline":"Los alumnos y alumnas de cuarto de ESO recogen sus diplomas de certificaci\u00f3n oficiales de ingl\u00e9s y franc\u00e9s del A2","datePublished":"2018-05-10T16:41:14+00:00","mainEntityOfPage":{"@id":"https:\/\/valenciasjb.salesianos.edu\/colegio\/los-alumnos-y-alumnas-de-cuarto-de-eso-recogen-sus-diplomas-de-certificacion-oficiales-de-ingles-y-frances-del-a2\/"},"wordCount":421,"image":{"@id":"https:\/\/valenciasjb.salesianos.edu\/colegio\/los-alumnos-y-alumnas-de-cuarto-de-eso-recogen-sus-diplomas-de-certificacion-oficiales-de-ingles-y-frances-del-a2\/#primaryimage"},"thumbnailUrl":"https:\/\/valenciasjb.salesianos.edu\/colegio\/wp-content\/uploads\/sites\/2\/2018\/05\/20180508_105111.jpg","articleSection":["Noticia Colegio"],"inLanguage":"es"},{"@type":"WebPage","@id":"https:\/\/valenciasjb.salesianos.edu\/colegio\/los-alumnos-y-alumnas-de-cuarto-de-eso-recogen-sus-diplomas-de-certificacion-oficiales-de-ingles-y-frances-del-a2\/","url":"https:\/\/valenciasjb.salesianos.edu\/colegio\/los-alumnos-y-alumnas-de-cuarto-de-eso-recogen-sus-diplomas-de-certificacion-oficiales-de-ingles-y-frances-del-a2\/","name":"Los alumnos y alumnas de cuarto de ESO recogen sus diplomas de certificaci\u00f3n oficiales de ingl\u00e9s y franc\u00e9s del A2 - Colegio San Juan Bosco Valencia","isPartOf":{"@id":"https:\/\/valenciasjb.salesianos.edu\/colegio\/#website"},"primaryImageOfPage":{"@id":"https:\/\/valenciasjb.salesianos.edu\/colegio\/los-alumnos-y-alumnas-de-cuarto-de-eso-recogen-sus-diplomas-de-certificacion-oficiales-de-ingles-y-frances-del-a2\/#primaryimage"},"image":{"@id":"https:\/\/valenciasjb.salesianos.edu\/colegio\/los-alumnos-y-alumnas-de-cuarto-de-eso-recogen-sus-diplomas-de-certificacion-oficiales-de-ingles-y-frances-del-a2\/#primaryimage"},"thumbnailUrl":"https:\/\/valenciasjb.salesianos.edu\/colegio\/wp-content\/uploads\/sites\/2\/2018\/05\/20180508_105111.jpg","datePublished":"2018-05-10T16:41:14+00:00","author":{"@id":"https:\/\/valenciasjb.salesianos.edu\/colegio\/#\/schema\/person\/1f45b67e52b27da175190a574db6bed9"},"breadcrumb":{"@id":"https:\/\/valenciasjb.salesianos.edu\/colegio\/los-alumnos-y-alumnas-de-cuarto-de-eso-recogen-sus-diplomas-de-certificacion-oficiales-de-ingles-y-frances-del-a2\/#breadcrumb"},"inLanguage":"es","potentialAction":[{"@type":"ReadAction","target":["https:\/\/valenciasjb.salesianos.edu\/colegio\/los-alumnos-y-alumnas-de-cuarto-de-eso-recogen-sus-diplomas-de-certificacion-oficiales-de-ingles-y-frances-del-a2\/"]}]},{"@type":"ImageObject","inLanguage":"es","@id":"https:\/\/valenciasjb.salesianos.edu\/colegio\/los-alumnos-y-alumnas-de-cuarto-de-eso-recogen-sus-diplomas-de-certificacion-oficiales-de-ingles-y-frances-del-a2\/#primaryimage","url":"https:\/\/valenciasjb.salesianos.edu\/colegio\/wp-content\/uploads\/sites\/2\/2018\/05\/20180508_105111.jpg","contentUrl":"https:\/\/valenciasjb.salesianos.edu\/colegio\/wp-content\/uploads\/sites\/2\/2018\/05\/20180508_105111.jpg","width":4128,"height":3096},{"@type":"BreadcrumbList","@id":"https:\/\/valenciasjb.salesianos.edu\/colegio\/los-alumnos-y-alumnas-de-cuarto-de-eso-recogen-sus-diplomas-de-certificacion-oficiales-de-ingles-y-frances-del-a2\/#breadcrumb","itemListElement":[{"@type":"ListItem","position":1,"name":"Portada","item":"https:\/\/valenciasjb.salesianos.edu\/colegio\/"},{"@type":"ListItem","position":2,"name":"Los alumnos y alumnas de cuarto de ESO recogen sus diplomas de certificaci\u00f3n oficiales de ingl\u00e9s y franc\u00e9s del A2"}]},{"@type":"WebSite","@id":"https:\/\/valenciasjb.salesianos.edu\/colegio\/#website","url":"https:\/\/valenciasjb.salesianos.edu\/colegio\/","name":"Colegio San Juan Bosco Valencia","description":"P\u00e1gina oficial del Colegio Salesianos San Juan Bosco Valencia","alternateName":"Salesianos.VSJB","potentialAction":[{"@type":"SearchAction","target":{"@type":"EntryPoint","urlTemplate":"https:\/\/valenciasjb.salesianos.edu\/colegio\/?s={search_term_string}"},"query-input":{"@type":"PropertyValueSpecification","valueRequired":true,"valueName":"search_term_string"}}],"inLanguage":"es"},{"@type":"Person","@id":"https:\/\/valenciasjb.salesianos.edu\/colegio\/#\/schema\/person\/1f45b67e52b27da175190a574db6bed9","name":"veronicapastor","image":{"@type":"ImageObject","inLanguage":"es","@id":"https:\/\/secure.gravatar.com\/avatar\/e29bd40bace3fd935e1d6fdb7313ffc14628cc037c5e16f4c7369b20a2a6f7f0?s=96&d=mm&r=g","url":"https:\/\/secure.gravatar.com\/avatar\/e29bd40bace3fd935e1d6fdb7313ffc14628cc037c5e16f4c7369b20a2a6f7f0?s=96&d=mm&r=g","contentUrl":"https:\/\/secure.gravatar.com\/avatar\/e29bd40bace3fd935e1d6fdb7313ffc14628cc037c5e16f4c7369b20a2a6f7f0?s=96&d=mm&r=g","caption":"veronicapastor"}}]}},"_links":{"self":[{"href":"https:\/\/valenciasjb.salesianos.edu\/colegio\/wp-json\/wp\/v2\/posts\/8986","targetHints":{"allow":["GET"]}}],"collection":[{"href":"https:\/\/valenciasjb.salesianos.edu\/colegio\/wp-json\/wp\/v2\/posts"}],"about":[{"href":"https:\/\/valenciasjb.salesianos.edu\/colegio\/wp-json\/wp\/v2\/types\/post"}],"author":[{"embeddable":true,"href":"https:\/\/valenciasjb.salesianos.edu\/colegio\/wp-json\/wp\/v2\/users\/6"}],"replies":[{"embeddable":true,"href":"https:\/\/valenciasjb.salesianos.edu\/colegio\/wp-json\/wp\/v2\/comments?post=8986"}],"version-history":[{"count":2,"href":"https:\/\/valenciasjb.salesianos.edu\/colegio\/wp-json\/wp\/v2\/posts\/8986\/revisions"}],"predecessor-version":[{"id":8994,"href":"https:\/\/valenciasjb.salesianos.edu\/colegio\/wp-json\/wp\/v2\/posts\/8986\/revisions\/8994"}],"wp:featuredmedia":[{"embeddable":true,"href":"https:\/\/valenciasjb.salesianos.edu\/colegio\/wp-json\/wp\/v2\/media\/8992"}],"wp:attachment":[{"href":"https:\/\/valenciasjb.salesianos.edu\/colegio\/wp-json\/wp\/v2\/media?parent=8986"}],"wp:term":[{"taxonomy":"category","embeddable":true,"href":"https:\/\/valenciasjb.salesianos.edu\/colegio\/wp-json\/wp\/v2\/categories?post=8986"},{"taxonomy":"post_tag","embeddable":true,"href":"https:\/\/valenciasjb.salesianos.edu\/colegio\/wp-json\/wp\/v2\/tags?post=8986"}],"curies":[{"name":"wp","href":"https:\/\/api.w.org\/{rel}","templated":true}]}}