{"id":9024,"date":"2018-05-10T22:20:55","date_gmt":"2018-05-10T21:20:55","guid":{"rendered":"https:\/\/valenciasjb.salesianos.edu\/colegio\/?p=9024"},"modified":"2018-05-10T22:20:55","modified_gmt":"2018-05-10T21:20:55","slug":"los-libros-hacen-grande-lo-mas-pequeno","status":"publish","type":"post","link":"https:\/\/valenciasjb.salesianos.edu\/colegio\/los-libros-hacen-grande-lo-mas-pequeno\/","title":{"rendered":"Los libros hacen grande lo m\u00e1s peque\u00f1o"},"content":{"rendered":"<div id=\"fb-root\"><\/div>\n<p>[et_pb_section bb_built=\u00bb1&#8243; admin_label=\u00bbsection\u00bb][et_pb_row admin_label=\u00bbrow\u00bb background_position=\u00bbtop_left\u00bb background_repeat=\u00bbrepeat\u00bb background_size=\u00bbinitial\u00bb][et_pb_column type=\u00bb4_4&#8243;][et_pb_text admin_label=\u00bbEntradilla (Texto)\u00bb _builder_version=\u00bb3.0.105&#8243; background_layout=\u00bblight\u00bb text_orientation=\u00bbjustified\u00bb text_font=\u00bb|on|||\u00bb module_alignment=\u00bbleft\u00bb]<\/p>\n<div id=\"resumen\">\n<p class=\"Standard\" style=\"text-align: justify\"><b><span style=\"font-size: 11.0pt;font-family: 'Verdana','sans-serif'\">Durante la semana del D\u00eda del Libro, toda la etapa de Infantil se uni\u00f3 para fomentar la lectura y concienciar sobre los derechos de autor y la propiedad intelectual.<\/span><\/b><\/p>\n<p><strong><br \/>\n<\/strong><\/div>\n<div><\/div>\n<p>[\/et_pb_text][et_pb_text admin_label=\u00bbAutor (Texto)\u00bb _builder_version=\u00bb3.0.105&#8243; background_layout=\u00bblight\u00bb text_font=\u00bb||on||\u00bb]<\/p>\n<p>Encarna Castillo. Profesora de Educaci\u00f3n Infantil.<\/p>\n<p>[\/et_pb_text][et_pb_text admin_label=\u00bbDesarrollo (Texto)\u00bb _builder_version=\u00bb3.0.105&#8243; background_layout=\u00bblight\u00bb text_orientation=\u00bbjustified\u00bb module_alignment=\u00bbleft\u00bb]<\/p>\n<p>La fecha escogida, el 23 de abril, se basa en la conmemoraci\u00f3n de la muerte de dos figuras imprescindibles en la literatura espa\u00f1ola e internacional, Miguel de Cervantes y Shakespeare.<\/p>\n<p>Este a\u00f1o se celebra el centenario del\u00a0 nacimiento de Carmen Bravo-Villasante, pionera en la investigaci\u00f3n de la literatura infantil y juvenil. Los m\u00e1s peque\u00f1os del colegio han querido rendirle homenaje y aprender m\u00e1s acerca de ella, de su vida y de sus obras. Para ello, se han realizado diversas actividades que tanto les ayuda a poder desarrollar la imaginaci\u00f3n y las emociones y que les ofrece momentos divertidos.<\/p>\n<p>En primer lugar, se ha realizado una actividad com\u00fan para toda la etapa, en la cual, los alumnos\u00a0 han investigado junto a sus familias\u00a0 sobre la escritora Carmen Bravo-Villasante, recopilando una gran cantidad de informaci\u00f3n, poes\u00edas y canciones\u00a0 de la autora, donde lo han ido compartiendo con los compa\u00f1eros de la clase, para posteriormente colocarlos en un mural en forma de un gran libro para cada nivel, ubicados en el hall de la planta baja y primer piso del pabell\u00f3n.<\/p>\n<p>Tambi\u00e9n por niveles, los ni\u00f1os y ni\u00f1as\u00a0 han realizado en las aulas un libro que se han llevado a sus casas para compartirlo con sus familias. Los m\u00e1s peque\u00f1os de 3 a\u00f1os han confeccionado un libro titulado \u201cEl llibre de les textures\u201d permitiendo a los ni\u00f1os y ni\u00f1as sentir diferentes texturas con la exploraci\u00f3n\u00a0 de diversos materiales como: el algod\u00f3n, el papel de lija, espuma, papel plano, ondulado y otros,\u00a0 estimulando as\u00ed una amplia coordinaci\u00f3n, percepci\u00f3n t\u00e1ctil, la curiosidad y la imaginaci\u00f3n.<\/p>\n<p>Los ni\u00f1os de 4 a\u00f1os han realizado un libro, \u201cAdivina qui\u00e9n soy\u201d, donde han podido aprender diversas adivinanzas, las cuales constituyen un rico e interesante pasatiempo para los ni\u00f1os, que adem\u00e1s puede resultar muy did\u00e1ctico al conducirles al razonamiento l\u00f3gico y la reflexi\u00f3n, aport\u00e1ndoles un l\u00e9xico m\u00e1s amplio y variado y mejorando su expresi\u00f3n<strong>.<\/strong><\/p>\n<p>Por \u00faltimo, \u201dLa casa encantada\u201d, \u201cEl oso feliz\u201d, \u201cLul\u00fa y S\u00faper Cachorro\u201d y \u201cLa sirena y la rana\u201d, corresponden a los t\u00edtulos de los cuentos que los ni\u00f1os y ni\u00f1as de 5 a\u00f1os han inventado entre todos y han confeccionado, fomentando de esta manera la imaginaci\u00f3n y la creatividad.<\/p>\n<p>Como dijo la homenajeada, Carmen Bravo-Villasante:<\/p>\n<p>&#8230;y voy por un caminito,<\/p>\n<p>y voy por otro,<\/p>\n<p>y si este cuento les gust\u00f3<\/p>\n<p>ma\u00f1ana les cuento otro.<\/p>\n<p>[\/et_pb_text][et_pb_text admin_label=\u00bbT\u00edtulo: Galer\u00eda de fotos (Texto)\u00bb _builder_version=\u00bb3.0.76&#8243; background_layout=\u00bblight\u00bb text_font=\u00bb|on|||\u00bb text_text_color=\u00bb#dc001b\u00bb border_style=\u00bbsolid\u00bb disabled=\u00bboff\u00bb disabled_on=\u00bboff|on|on\u00bb]<\/p>\n<p>Galer\u00eda de im\u00e1genes<\/p>\n<p>[\/et_pb_text][et_pb_gallery _builder_version=\u00bb3.0.105&#8243; posts_number=\u00bb8&#8243; show_title_and_caption=\u00bboff\u00bb show_pagination=\u00bbon\u00bb fullwidth=\u00bboff\u00bb orientation=\u00bblandscape\u00bb zoom_icon_color=\u00bb#dc001b\u00bb hover_overlay_color=\u00bbrgba(255,255,255,0.9)\u00bb hover_icon=\u00bb%%51%%\u00bb background_layout=\u00bblight\u00bb disabled=\u00bboff\u00bb disabled_on=\u00bboff|off|off\u00bb gallery_ids=\u00bb9025,9026,9027,9028,9029,9030,9031,9034&#8243; pagination_font_size_tablet=\u00bb51&#8243; pagination_line_height_tablet=\u00bb2&#8243; \/][et_pb_video _builder_version=\u00bb3.0.51&#8243; disabled=\u00bbon\u00bb disabled_on=\u00bbon|on|on\u00bb \/][\/et_pb_column][\/et_pb_row][\/et_pb_section]<\/p>\n<!-- AddThis Advanced Settings generic via filter on the_content --><!-- AddThis Share Buttons generic via filter on the_content -->","protected":false},"excerpt":{"rendered":"<p>Durante la semana del D\u00eda del Libro, toda la etapa de Infantil se uni\u00f3 para fomentar la lectura y concienciar sobre los derechos de autor y la propiedad intelectual. Encarna Castillo. Profesora de Educaci\u00f3n Infantil. La fecha escogida, el 23 de abril, se basa en la conmemoraci\u00f3n de la muerte de dos figuras imprescindibles en [&hellip;]<\/p>\n<p><!-- AddThis Advanced Settings generic via filter on get_the_excerpt --><!-- AddThis Share Buttons generic via filter on get_the_excerpt --><\/p>\n","protected":false},"author":6,"featured_media":9027,"comment_status":"closed","ping_status":"open","sticky":false,"template":"","format":"standard","meta":{"_et_pb_use_builder":"on","_et_pb_old_content":"","_et_gb_content_width":"","footnotes":""},"categories":[14],"tags":[],"class_list":["post-9024","post","type-post","status-publish","format-standard","has-post-thumbnail","hentry","category-noticia_colegio"],"yoast_head":"<!-- This site is optimized with the Yoast SEO plugin v28.4 - https:\/\/yoast.com\/product\/yoast-seo-wordpress\/ -->\n<title>Los libros hacen grande lo m\u00e1s peque\u00f1o - Colegio San Juan Bosco Valencia<\/title>\n<meta name=\"robots\" content=\"index, follow, max-snippet:-1, max-image-preview:large, max-video-preview:-1\" \/>\n<link rel=\"canonical\" href=\"https:\/\/valenciasjb.salesianos.edu\/colegio\/los-libros-hacen-grande-lo-mas-pequeno\/\" \/>\n<meta property=\"og:locale\" content=\"es_ES\" \/>\n<meta property=\"og:type\" content=\"article\" \/>\n<meta property=\"og:title\" content=\"Los libros hacen grande lo m\u00e1s peque\u00f1o - Colegio San Juan Bosco Valencia\" \/>\n<meta property=\"og:description\" content=\"Durante la semana del D\u00eda del Libro, toda la etapa de Infantil se uni\u00f3 para fomentar la lectura y concienciar sobre los derechos de autor y la propiedad intelectual. Encarna Castillo. Profesora de Educaci\u00f3n Infantil. La fecha escogida, el 23 de abril, se basa en la conmemoraci\u00f3n de la muerte de dos figuras imprescindibles en [&hellip;]\" \/>\n<meta property=\"og:url\" content=\"https:\/\/valenciasjb.salesianos.edu\/colegio\/los-libros-hacen-grande-lo-mas-pequeno\/\" \/>\n<meta property=\"og:site_name\" content=\"Colegio San Juan Bosco Valencia\" \/>\n<meta property=\"article:publisher\" content=\"https:\/\/www.facebook.com\/ColegioSalesianoSanJuanBoscoValencia\" \/>\n<meta property=\"article:published_time\" content=\"2018-05-10T21:20:55+00:00\" \/>\n<meta property=\"og:image\" content=\"https:\/\/valenciasjb.salesianos.edu\/colegio\/wp-content\/uploads\/sites\/2\/2018\/05\/3-a\u00f1os.jpg\" \/>\n\t<meta property=\"og:image:width\" content=\"1600\" \/>\n\t<meta property=\"og:image:height\" content=\"1200\" \/>\n\t<meta property=\"og:image:type\" content=\"image\/jpeg\" \/>\n<meta name=\"author\" content=\"veronicapastor\" \/>\n<meta name=\"twitter:card\" content=\"summary_large_image\" \/>\n<meta name=\"twitter:creator\" content=\"@SalesianosVSJB\" \/>\n<meta name=\"twitter:site\" content=\"@SalesianosVSJB\" \/>\n<meta name=\"twitter:label1\" content=\"Escrito por\" \/>\n\t<meta name=\"twitter:data1\" content=\"veronicapastor\" \/>\n\t<meta name=\"twitter:label2\" content=\"Tiempo de lectura\" \/>\n\t<meta name=\"twitter:data2\" content=\"3 minutos\" \/>\n<script type=\"application\/ld+json\" class=\"yoast-schema-graph\">{\"@context\":\"https:\\\/\\\/schema.org\",\"@graph\":[{\"@type\":\"Article\",\"@id\":\"https:\\\/\\\/valenciasjb.salesianos.edu\\\/colegio\\\/los-libros-hacen-grande-lo-mas-pequeno\\\/#article\",\"isPartOf\":{\"@id\":\"https:\\\/\\\/valenciasjb.salesianos.edu\\\/colegio\\\/los-libros-hacen-grande-lo-mas-pequeno\\\/\"},\"author\":{\"name\":\"veronicapastor\",\"@id\":\"https:\\\/\\\/valenciasjb.salesianos.edu\\\/colegio\\\/#\\\/schema\\\/person\\\/1f45b67e52b27da175190a574db6bed9\"},\"headline\":\"Los libros hacen grande lo m\u00e1s peque\u00f1o\",\"datePublished\":\"2018-05-10T21:20:55+00:00\",\"mainEntityOfPage\":{\"@id\":\"https:\\\/\\\/valenciasjb.salesianos.edu\\\/colegio\\\/los-libros-hacen-grande-lo-mas-pequeno\\\/\"},\"wordCount\":681,\"image\":{\"@id\":\"https:\\\/\\\/valenciasjb.salesianos.edu\\\/colegio\\\/los-libros-hacen-grande-lo-mas-pequeno\\\/#primaryimage\"},\"thumbnailUrl\":\"https:\\\/\\\/valenciasjb.salesianos.edu\\\/colegio\\\/wp-content\\\/uploads\\\/sites\\\/2\\\/2018\\\/05\\\/3-a\u00f1os.jpg\",\"articleSection\":[\"Noticia Colegio\"],\"inLanguage\":\"es\"},{\"@type\":\"WebPage\",\"@id\":\"https:\\\/\\\/valenciasjb.salesianos.edu\\\/colegio\\\/los-libros-hacen-grande-lo-mas-pequeno\\\/\",\"url\":\"https:\\\/\\\/valenciasjb.salesianos.edu\\\/colegio\\\/los-libros-hacen-grande-lo-mas-pequeno\\\/\",\"name\":\"Los libros hacen grande lo m\u00e1s peque\u00f1o - Colegio San Juan Bosco Valencia\",\"isPartOf\":{\"@id\":\"https:\\\/\\\/valenciasjb.salesianos.edu\\\/colegio\\\/#website\"},\"primaryImageOfPage\":{\"@id\":\"https:\\\/\\\/valenciasjb.salesianos.edu\\\/colegio\\\/los-libros-hacen-grande-lo-mas-pequeno\\\/#primaryimage\"},\"image\":{\"@id\":\"https:\\\/\\\/valenciasjb.salesianos.edu\\\/colegio\\\/los-libros-hacen-grande-lo-mas-pequeno\\\/#primaryimage\"},\"thumbnailUrl\":\"https:\\\/\\\/valenciasjb.salesianos.edu\\\/colegio\\\/wp-content\\\/uploads\\\/sites\\\/2\\\/2018\\\/05\\\/3-a\u00f1os.jpg\",\"datePublished\":\"2018-05-10T21:20:55+00:00\",\"author\":{\"@id\":\"https:\\\/\\\/valenciasjb.salesianos.edu\\\/colegio\\\/#\\\/schema\\\/person\\\/1f45b67e52b27da175190a574db6bed9\"},\"breadcrumb\":{\"@id\":\"https:\\\/\\\/valenciasjb.salesianos.edu\\\/colegio\\\/los-libros-hacen-grande-lo-mas-pequeno\\\/#breadcrumb\"},\"inLanguage\":\"es\",\"potentialAction\":[{\"@type\":\"ReadAction\",\"target\":[\"https:\\\/\\\/valenciasjb.salesianos.edu\\\/colegio\\\/los-libros-hacen-grande-lo-mas-pequeno\\\/\"]}]},{\"@type\":\"ImageObject\",\"inLanguage\":\"es\",\"@id\":\"https:\\\/\\\/valenciasjb.salesianos.edu\\\/colegio\\\/los-libros-hacen-grande-lo-mas-pequeno\\\/#primaryimage\",\"url\":\"https:\\\/\\\/valenciasjb.salesianos.edu\\\/colegio\\\/wp-content\\\/uploads\\\/sites\\\/2\\\/2018\\\/05\\\/3-a\u00f1os.jpg\",\"contentUrl\":\"https:\\\/\\\/valenciasjb.salesianos.edu\\\/colegio\\\/wp-content\\\/uploads\\\/sites\\\/2\\\/2018\\\/05\\\/3-a\u00f1os.jpg\",\"width\":1600,\"height\":1200},{\"@type\":\"BreadcrumbList\",\"@id\":\"https:\\\/\\\/valenciasjb.salesianos.edu\\\/colegio\\\/los-libros-hacen-grande-lo-mas-pequeno\\\/#breadcrumb\",\"itemListElement\":[{\"@type\":\"ListItem\",\"position\":1,\"name\":\"Portada\",\"item\":\"https:\\\/\\\/valenciasjb.salesianos.edu\\\/colegio\\\/\"},{\"@type\":\"ListItem\",\"position\":2,\"name\":\"Los libros hacen grande lo m\u00e1s peque\u00f1o\"}]},{\"@type\":\"WebSite\",\"@id\":\"https:\\\/\\\/valenciasjb.salesianos.edu\\\/colegio\\\/#website\",\"url\":\"https:\\\/\\\/valenciasjb.salesianos.edu\\\/colegio\\\/\",\"name\":\"Colegio San Juan Bosco Valencia\",\"description\":\"P\u00e1gina oficial del Colegio Salesianos San Juan Bosco Valencia\",\"alternateName\":\"Salesianos.VSJB\",\"potentialAction\":[{\"@type\":\"SearchAction\",\"target\":{\"@type\":\"EntryPoint\",\"urlTemplate\":\"https:\\\/\\\/valenciasjb.salesianos.edu\\\/colegio\\\/?s={search_term_string}\"},\"query-input\":{\"@type\":\"PropertyValueSpecification\",\"valueRequired\":true,\"valueName\":\"search_term_string\"}}],\"inLanguage\":\"es\"},{\"@type\":\"Person\",\"@id\":\"https:\\\/\\\/valenciasjb.salesianos.edu\\\/colegio\\\/#\\\/schema\\\/person\\\/1f45b67e52b27da175190a574db6bed9\",\"name\":\"veronicapastor\",\"image\":{\"@type\":\"ImageObject\",\"inLanguage\":\"es\",\"@id\":\"https:\\\/\\\/secure.gravatar.com\\\/avatar\\\/e29bd40bace3fd935e1d6fdb7313ffc14628cc037c5e16f4c7369b20a2a6f7f0?s=96&d=mm&r=g\",\"url\":\"https:\\\/\\\/secure.gravatar.com\\\/avatar\\\/e29bd40bace3fd935e1d6fdb7313ffc14628cc037c5e16f4c7369b20a2a6f7f0?s=96&d=mm&r=g\",\"contentUrl\":\"https:\\\/\\\/secure.gravatar.com\\\/avatar\\\/e29bd40bace3fd935e1d6fdb7313ffc14628cc037c5e16f4c7369b20a2a6f7f0?s=96&d=mm&r=g\",\"caption\":\"veronicapastor\"}}]}<\/script>\n<!-- \/ Yoast SEO plugin. -->","yoast_head_json":{"title":"Los libros hacen grande lo m\u00e1s peque\u00f1o - Colegio San Juan Bosco Valencia","robots":{"index":"index","follow":"follow","max-snippet":"max-snippet:-1","max-image-preview":"max-image-preview:large","max-video-preview":"max-video-preview:-1"},"canonical":"https:\/\/valenciasjb.salesianos.edu\/colegio\/los-libros-hacen-grande-lo-mas-pequeno\/","og_locale":"es_ES","og_type":"article","og_title":"Los libros hacen grande lo m\u00e1s peque\u00f1o - Colegio San Juan Bosco Valencia","og_description":"Durante la semana del D\u00eda del Libro, toda la etapa de Infantil se uni\u00f3 para fomentar la lectura y concienciar sobre los derechos de autor y la propiedad intelectual. Encarna Castillo. Profesora de Educaci\u00f3n Infantil. La fecha escogida, el 23 de abril, se basa en la conmemoraci\u00f3n de la muerte de dos figuras imprescindibles en [&hellip;]","og_url":"https:\/\/valenciasjb.salesianos.edu\/colegio\/los-libros-hacen-grande-lo-mas-pequeno\/","og_site_name":"Colegio San Juan Bosco Valencia","article_publisher":"https:\/\/www.facebook.com\/ColegioSalesianoSanJuanBoscoValencia","article_published_time":"2018-05-10T21:20:55+00:00","og_image":[{"width":1600,"height":1200,"url":"https:\/\/valenciasjb.salesianos.edu\/colegio\/wp-content\/uploads\/sites\/2\/2018\/05\/3-a\u00f1os.jpg","type":"image\/jpeg"}],"author":"veronicapastor","twitter_card":"summary_large_image","twitter_creator":"@SalesianosVSJB","twitter_site":"@SalesianosVSJB","twitter_misc":{"Escrito por":"veronicapastor","Tiempo de lectura":"3 minutos"},"schema":{"@context":"https:\/\/schema.org","@graph":[{"@type":"Article","@id":"https:\/\/valenciasjb.salesianos.edu\/colegio\/los-libros-hacen-grande-lo-mas-pequeno\/#article","isPartOf":{"@id":"https:\/\/valenciasjb.salesianos.edu\/colegio\/los-libros-hacen-grande-lo-mas-pequeno\/"},"author":{"name":"veronicapastor","@id":"https:\/\/valenciasjb.salesianos.edu\/colegio\/#\/schema\/person\/1f45b67e52b27da175190a574db6bed9"},"headline":"Los libros hacen grande lo m\u00e1s peque\u00f1o","datePublished":"2018-05-10T21:20:55+00:00","mainEntityOfPage":{"@id":"https:\/\/valenciasjb.salesianos.edu\/colegio\/los-libros-hacen-grande-lo-mas-pequeno\/"},"wordCount":681,"image":{"@id":"https:\/\/valenciasjb.salesianos.edu\/colegio\/los-libros-hacen-grande-lo-mas-pequeno\/#primaryimage"},"thumbnailUrl":"https:\/\/valenciasjb.salesianos.edu\/colegio\/wp-content\/uploads\/sites\/2\/2018\/05\/3-a\u00f1os.jpg","articleSection":["Noticia Colegio"],"inLanguage":"es"},{"@type":"WebPage","@id":"https:\/\/valenciasjb.salesianos.edu\/colegio\/los-libros-hacen-grande-lo-mas-pequeno\/","url":"https:\/\/valenciasjb.salesianos.edu\/colegio\/los-libros-hacen-grande-lo-mas-pequeno\/","name":"Los libros hacen grande lo m\u00e1s peque\u00f1o - Colegio San Juan Bosco Valencia","isPartOf":{"@id":"https:\/\/valenciasjb.salesianos.edu\/colegio\/#website"},"primaryImageOfPage":{"@id":"https:\/\/valenciasjb.salesianos.edu\/colegio\/los-libros-hacen-grande-lo-mas-pequeno\/#primaryimage"},"image":{"@id":"https:\/\/valenciasjb.salesianos.edu\/colegio\/los-libros-hacen-grande-lo-mas-pequeno\/#primaryimage"},"thumbnailUrl":"https:\/\/valenciasjb.salesianos.edu\/colegio\/wp-content\/uploads\/sites\/2\/2018\/05\/3-a\u00f1os.jpg","datePublished":"2018-05-10T21:20:55+00:00","author":{"@id":"https:\/\/valenciasjb.salesianos.edu\/colegio\/#\/schema\/person\/1f45b67e52b27da175190a574db6bed9"},"breadcrumb":{"@id":"https:\/\/valenciasjb.salesianos.edu\/colegio\/los-libros-hacen-grande-lo-mas-pequeno\/#breadcrumb"},"inLanguage":"es","potentialAction":[{"@type":"ReadAction","target":["https:\/\/valenciasjb.salesianos.edu\/colegio\/los-libros-hacen-grande-lo-mas-pequeno\/"]}]},{"@type":"ImageObject","inLanguage":"es","@id":"https:\/\/valenciasjb.salesianos.edu\/colegio\/los-libros-hacen-grande-lo-mas-pequeno\/#primaryimage","url":"https:\/\/valenciasjb.salesianos.edu\/colegio\/wp-content\/uploads\/sites\/2\/2018\/05\/3-a\u00f1os.jpg","contentUrl":"https:\/\/valenciasjb.salesianos.edu\/colegio\/wp-content\/uploads\/sites\/2\/2018\/05\/3-a\u00f1os.jpg","width":1600,"height":1200},{"@type":"BreadcrumbList","@id":"https:\/\/valenciasjb.salesianos.edu\/colegio\/los-libros-hacen-grande-lo-mas-pequeno\/#breadcrumb","itemListElement":[{"@type":"ListItem","position":1,"name":"Portada","item":"https:\/\/valenciasjb.salesianos.edu\/colegio\/"},{"@type":"ListItem","position":2,"name":"Los libros hacen grande lo m\u00e1s peque\u00f1o"}]},{"@type":"WebSite","@id":"https:\/\/valenciasjb.salesianos.edu\/colegio\/#website","url":"https:\/\/valenciasjb.salesianos.edu\/colegio\/","name":"Colegio San Juan Bosco Valencia","description":"P\u00e1gina oficial del Colegio Salesianos San Juan Bosco Valencia","alternateName":"Salesianos.VSJB","potentialAction":[{"@type":"SearchAction","target":{"@type":"EntryPoint","urlTemplate":"https:\/\/valenciasjb.salesianos.edu\/colegio\/?s={search_term_string}"},"query-input":{"@type":"PropertyValueSpecification","valueRequired":true,"valueName":"search_term_string"}}],"inLanguage":"es"},{"@type":"Person","@id":"https:\/\/valenciasjb.salesianos.edu\/colegio\/#\/schema\/person\/1f45b67e52b27da175190a574db6bed9","name":"veronicapastor","image":{"@type":"ImageObject","inLanguage":"es","@id":"https:\/\/secure.gravatar.com\/avatar\/e29bd40bace3fd935e1d6fdb7313ffc14628cc037c5e16f4c7369b20a2a6f7f0?s=96&d=mm&r=g","url":"https:\/\/secure.gravatar.com\/avatar\/e29bd40bace3fd935e1d6fdb7313ffc14628cc037c5e16f4c7369b20a2a6f7f0?s=96&d=mm&r=g","contentUrl":"https:\/\/secure.gravatar.com\/avatar\/e29bd40bace3fd935e1d6fdb7313ffc14628cc037c5e16f4c7369b20a2a6f7f0?s=96&d=mm&r=g","caption":"veronicapastor"}}]}},"_links":{"self":[{"href":"https:\/\/valenciasjb.salesianos.edu\/colegio\/wp-json\/wp\/v2\/posts\/9024","targetHints":{"allow":["GET"]}}],"collection":[{"href":"https:\/\/valenciasjb.salesianos.edu\/colegio\/wp-json\/wp\/v2\/posts"}],"about":[{"href":"https:\/\/valenciasjb.salesianos.edu\/colegio\/wp-json\/wp\/v2\/types\/post"}],"author":[{"embeddable":true,"href":"https:\/\/valenciasjb.salesianos.edu\/colegio\/wp-json\/wp\/v2\/users\/6"}],"replies":[{"embeddable":true,"href":"https:\/\/valenciasjb.salesianos.edu\/colegio\/wp-json\/wp\/v2\/comments?post=9024"}],"version-history":[{"count":1,"href":"https:\/\/valenciasjb.salesianos.edu\/colegio\/wp-json\/wp\/v2\/posts\/9024\/revisions"}],"predecessor-version":[{"id":9035,"href":"https:\/\/valenciasjb.salesianos.edu\/colegio\/wp-json\/wp\/v2\/posts\/9024\/revisions\/9035"}],"wp:featuredmedia":[{"embeddable":true,"href":"https:\/\/valenciasjb.salesianos.edu\/colegio\/wp-json\/wp\/v2\/media\/9027"}],"wp:attachment":[{"href":"https:\/\/valenciasjb.salesianos.edu\/colegio\/wp-json\/wp\/v2\/media?parent=9024"}],"wp:term":[{"taxonomy":"category","embeddable":true,"href":"https:\/\/valenciasjb.salesianos.edu\/colegio\/wp-json\/wp\/v2\/categories?post=9024"},{"taxonomy":"post_tag","embeddable":true,"href":"https:\/\/valenciasjb.salesianos.edu\/colegio\/wp-json\/wp\/v2\/tags?post=9024"}],"curies":[{"name":"wp","href":"https:\/\/api.w.org\/{rel}","templated":true}]}}