{"id":9063,"date":"2018-05-15T16:17:57","date_gmt":"2018-05-15T15:17:57","guid":{"rendered":"https:\/\/valenciasjb.salesianos.edu\/colegio\/?p=9063"},"modified":"2018-05-15T16:18:30","modified_gmt":"2018-05-15T15:18:30","slug":"bruno-perez-alumno-de-sexto-de-primaria-actua-en-el-concierto-iberico-de-jovenes-compositores-2018","status":"publish","type":"post","link":"https:\/\/valenciasjb.salesianos.edu\/colegio\/bruno-perez-alumno-de-sexto-de-primaria-actua-en-el-concierto-iberico-de-jovenes-compositores-2018\/","title":{"rendered":"Bruno P\u00e9rez, alumno de sexto de Primaria, act\u00faa en el Concierto Ib\u00e9rico de J\u00f3venes Compositores 2018"},"content":{"rendered":"<div id=\"fb-root\"><\/div>\n<p>[et_pb_section bb_built=\u00bb1&#8243; admin_label=\u00bbsection\u00bb][et_pb_row admin_label=\u00bbrow\u00bb background_position=\u00bbtop_left\u00bb background_repeat=\u00bbrepeat\u00bb background_size=\u00bbinitial\u00bb][et_pb_column type=\u00bb4_4&#8243;][et_pb_text admin_label=\u00bbEntradilla (Texto)\u00bb _builder_version=\u00bb3.0.105&#8243; background_layout=\u00bblight\u00bb text_orientation=\u00bbjustified\u00bb text_font=\u00bb|on|||\u00bb module_alignment=\u00bbleft\u00bb]<\/p>\n<div id=\"resumen\"><strong>Bruno P\u00e9rez, alumno de 6\u00ba de Primaria C, pianoforte en Yamaha Music School Valencia, act\u00faa en el Concierto Ib\u00e9rico de J\u00f3venes Compositores 2018 con una pieza original compuesta por \u00e9l mismo y titulada \u00abMorning Rain\u00bb.<br \/>\nEste acto se celebr\u00f3 en el C\u00edrculo de Bellas Artes de Madrid, el 12 de mayo.\u00a0Desde el colegio le damos la enhorabuena y le deseamos la mejor de las suertes.<\/strong><\/div>\n<p>[\/et_pb_text][et_pb_text admin_label=\u00bbAutor (Texto)\u00bb _builder_version=\u00bb3.0.85&#8243; background_layout=\u00bblight\u00bb text_font=\u00bb||on||\u00bb]<\/p>\n<p>Redacci\u00f3n<\/p>\n<p>[\/et_pb_text][et_pb_text admin_label=\u00bbDesarrollo (Texto)\u00bb _builder_version=\u00bb3.0.105&#8243; background_layout=\u00bblight\u00bb text_orientation=\u00bbjustified\u00bb module_alignment=\u00bbleft\u00bb \/][et_pb_text admin_label=\u00bbT\u00edtulo: Galer\u00eda de fotos (Texto)\u00bb _builder_version=\u00bb3.0.105&#8243; background_layout=\u00bblight\u00bb text_font=\u00bb|on|||\u00bb text_text_color=\u00bb#dc001b\u00bb border_style=\u00bbsolid\u00bb disabled=\u00bboff\u00bb disabled_on=\u00bboff|on|on\u00bb]<\/p>\n<p>Galer\u00eda de im\u00e1genes<\/p>\n<p>[\/et_pb_text][et_pb_gallery _builder_version=\u00bb3.0.105&#8243; posts_number=\u00bb8&#8243; show_title_and_caption=\u00bboff\u00bb show_pagination=\u00bbon\u00bb fullwidth=\u00bboff\u00bb orientation=\u00bblandscape\u00bb zoom_icon_color=\u00bb#dc001b\u00bb hover_overlay_color=\u00bbrgba(255,255,255,0.9)\u00bb hover_icon=\u00bb%%51%%\u00bb background_layout=\u00bblight\u00bb disabled=\u00bboff\u00bb disabled_on=\u00bboff|off|off\u00bb gallery_ids=\u00bb9067,9066,9065,9064&#8243; pagination_font_size_tablet=\u00bb51&#8243; pagination_line_height_tablet=\u00bb2&#8243; \/][et_pb_video _builder_version=\u00bb3.0.105&#8243; disabled=\u00bbon\u00bb disabled_on=\u00bbon|on|on\u00bb \/][\/et_pb_column][\/et_pb_row][\/et_pb_section]<\/p>\n<!-- AddThis Advanced Settings generic via filter on the_content --><!-- AddThis Share Buttons generic via filter on the_content -->","protected":false},"excerpt":{"rendered":"<p>Bruno P\u00e9rez, alumno de 6\u00ba de Primaria C, pianoforte en Yamaha Music School Valencia, act\u00faa en el Concierto Ib\u00e9rico de J\u00f3venes Compositores 2018 con una pieza original compuesta por \u00e9l mismo y titulada \u00abMorning Rain\u00bb. Este acto se celebr\u00f3 en el C\u00edrculo de Bellas Artes de Madrid, el 12 de mayo.\u00a0Desde el colegio le damos [&hellip;]<\/p>\n<p><!-- AddThis Advanced Settings generic via filter on get_the_excerpt --><!-- AddThis Share Buttons generic via filter on get_the_excerpt --><\/p>\n","protected":false},"author":6,"featured_media":9066,"comment_status":"closed","ping_status":"open","sticky":false,"template":"","format":"standard","meta":{"_et_pb_use_builder":"on","_et_pb_old_content":"","_et_gb_content_width":"","footnotes":""},"categories":[14],"tags":[],"class_list":["post-9063","post","type-post","status-publish","format-standard","has-post-thumbnail","hentry","category-noticia_colegio"],"yoast_head":"<!-- This site is optimized with the Yoast SEO plugin v28.4 - https:\/\/yoast.com\/product\/yoast-seo-wordpress\/ -->\n<title>Bruno P\u00e9rez, alumno de sexto de Primaria, act\u00faa en el Concierto Ib\u00e9rico de J\u00f3venes Compositores 2018 - Colegio San Juan Bosco Valencia<\/title>\n<meta name=\"robots\" content=\"index, follow, max-snippet:-1, max-image-preview:large, max-video-preview:-1\" \/>\n<link rel=\"canonical\" href=\"https:\/\/valenciasjb.salesianos.edu\/colegio\/bruno-perez-alumno-de-sexto-de-primaria-actua-en-el-concierto-iberico-de-jovenes-compositores-2018\/\" \/>\n<meta property=\"og:locale\" content=\"es_ES\" \/>\n<meta property=\"og:type\" content=\"article\" \/>\n<meta property=\"og:title\" content=\"Bruno P\u00e9rez, alumno de sexto de Primaria, act\u00faa en el Concierto Ib\u00e9rico de J\u00f3venes Compositores 2018 - Colegio San Juan Bosco Valencia\" \/>\n<meta property=\"og:description\" content=\"Bruno P\u00e9rez, alumno de 6\u00ba de Primaria C, pianoforte en Yamaha Music School Valencia, act\u00faa en el Concierto Ib\u00e9rico de J\u00f3venes Compositores 2018 con una pieza original compuesta por \u00e9l mismo y titulada &quot;Morning Rain&quot;. Este acto se celebr\u00f3 en el C\u00edrculo de Bellas Artes de Madrid, el 12 de mayo.\u00a0Desde el colegio le damos [&hellip;]\" \/>\n<meta property=\"og:url\" content=\"https:\/\/valenciasjb.salesianos.edu\/colegio\/bruno-perez-alumno-de-sexto-de-primaria-actua-en-el-concierto-iberico-de-jovenes-compositores-2018\/\" \/>\n<meta property=\"og:site_name\" content=\"Colegio San Juan Bosco Valencia\" \/>\n<meta property=\"article:publisher\" content=\"https:\/\/www.facebook.com\/ColegioSalesianoSanJuanBoscoValencia\" \/>\n<meta property=\"article:published_time\" content=\"2018-05-15T15:17:57+00:00\" \/>\n<meta property=\"article:modified_time\" content=\"2018-05-15T15:18:30+00:00\" \/>\n<meta property=\"og:image\" content=\"https:\/\/valenciasjb.salesianos.edu\/colegio\/wp-content\/uploads\/sites\/2\/2018\/05\/IMG-20180514-WA0057.jpg\" \/>\n\t<meta property=\"og:image:width\" content=\"1600\" \/>\n\t<meta property=\"og:image:height\" content=\"1200\" \/>\n\t<meta property=\"og:image:type\" content=\"image\/jpeg\" \/>\n<meta name=\"author\" content=\"veronicapastor\" \/>\n<meta name=\"twitter:card\" content=\"summary_large_image\" \/>\n<meta name=\"twitter:creator\" content=\"@SalesianosVSJB\" \/>\n<meta name=\"twitter:site\" content=\"@SalesianosVSJB\" \/>\n<meta name=\"twitter:label1\" content=\"Escrito por\" \/>\n\t<meta name=\"twitter:data1\" content=\"veronicapastor\" \/>\n\t<meta name=\"twitter:label2\" content=\"Tiempo de lectura\" \/>\n\t<meta name=\"twitter:data2\" content=\"1 minuto\" \/>\n<script type=\"application\/ld+json\" class=\"yoast-schema-graph\">{\"@context\":\"https:\\\/\\\/schema.org\",\"@graph\":[{\"@type\":\"Article\",\"@id\":\"https:\\\/\\\/valenciasjb.salesianos.edu\\\/colegio\\\/bruno-perez-alumno-de-sexto-de-primaria-actua-en-el-concierto-iberico-de-jovenes-compositores-2018\\\/#article\",\"isPartOf\":{\"@id\":\"https:\\\/\\\/valenciasjb.salesianos.edu\\\/colegio\\\/bruno-perez-alumno-de-sexto-de-primaria-actua-en-el-concierto-iberico-de-jovenes-compositores-2018\\\/\"},\"author\":{\"name\":\"veronicapastor\",\"@id\":\"https:\\\/\\\/valenciasjb.salesianos.edu\\\/colegio\\\/#\\\/schema\\\/person\\\/1f45b67e52b27da175190a574db6bed9\"},\"headline\":\"Bruno P\u00e9rez, alumno de sexto de Primaria, act\u00faa en el Concierto Ib\u00e9rico de J\u00f3venes Compositores 2018\",\"datePublished\":\"2018-05-15T15:17:57+00:00\",\"dateModified\":\"2018-05-15T15:18:30+00:00\",\"mainEntityOfPage\":{\"@id\":\"https:\\\/\\\/valenciasjb.salesianos.edu\\\/colegio\\\/bruno-perez-alumno-de-sexto-de-primaria-actua-en-el-concierto-iberico-de-jovenes-compositores-2018\\\/\"},\"wordCount\":291,\"image\":{\"@id\":\"https:\\\/\\\/valenciasjb.salesianos.edu\\\/colegio\\\/bruno-perez-alumno-de-sexto-de-primaria-actua-en-el-concierto-iberico-de-jovenes-compositores-2018\\\/#primaryimage\"},\"thumbnailUrl\":\"https:\\\/\\\/valenciasjb.salesianos.edu\\\/colegio\\\/wp-content\\\/uploads\\\/sites\\\/2\\\/2018\\\/05\\\/IMG-20180514-WA0057.jpg\",\"articleSection\":[\"Noticia Colegio\"],\"inLanguage\":\"es\"},{\"@type\":\"WebPage\",\"@id\":\"https:\\\/\\\/valenciasjb.salesianos.edu\\\/colegio\\\/bruno-perez-alumno-de-sexto-de-primaria-actua-en-el-concierto-iberico-de-jovenes-compositores-2018\\\/\",\"url\":\"https:\\\/\\\/valenciasjb.salesianos.edu\\\/colegio\\\/bruno-perez-alumno-de-sexto-de-primaria-actua-en-el-concierto-iberico-de-jovenes-compositores-2018\\\/\",\"name\":\"Bruno P\u00e9rez, alumno de sexto de Primaria, act\u00faa en el Concierto Ib\u00e9rico de J\u00f3venes Compositores 2018 - Colegio San Juan Bosco Valencia\",\"isPartOf\":{\"@id\":\"https:\\\/\\\/valenciasjb.salesianos.edu\\\/colegio\\\/#website\"},\"primaryImageOfPage\":{\"@id\":\"https:\\\/\\\/valenciasjb.salesianos.edu\\\/colegio\\\/bruno-perez-alumno-de-sexto-de-primaria-actua-en-el-concierto-iberico-de-jovenes-compositores-2018\\\/#primaryimage\"},\"image\":{\"@id\":\"https:\\\/\\\/valenciasjb.salesianos.edu\\\/colegio\\\/bruno-perez-alumno-de-sexto-de-primaria-actua-en-el-concierto-iberico-de-jovenes-compositores-2018\\\/#primaryimage\"},\"thumbnailUrl\":\"https:\\\/\\\/valenciasjb.salesianos.edu\\\/colegio\\\/wp-content\\\/uploads\\\/sites\\\/2\\\/2018\\\/05\\\/IMG-20180514-WA0057.jpg\",\"datePublished\":\"2018-05-15T15:17:57+00:00\",\"dateModified\":\"2018-05-15T15:18:30+00:00\",\"author\":{\"@id\":\"https:\\\/\\\/valenciasjb.salesianos.edu\\\/colegio\\\/#\\\/schema\\\/person\\\/1f45b67e52b27da175190a574db6bed9\"},\"breadcrumb\":{\"@id\":\"https:\\\/\\\/valenciasjb.salesianos.edu\\\/colegio\\\/bruno-perez-alumno-de-sexto-de-primaria-actua-en-el-concierto-iberico-de-jovenes-compositores-2018\\\/#breadcrumb\"},\"inLanguage\":\"es\",\"potentialAction\":[{\"@type\":\"ReadAction\",\"target\":[\"https:\\\/\\\/valenciasjb.salesianos.edu\\\/colegio\\\/bruno-perez-alumno-de-sexto-de-primaria-actua-en-el-concierto-iberico-de-jovenes-compositores-2018\\\/\"]}]},{\"@type\":\"ImageObject\",\"inLanguage\":\"es\",\"@id\":\"https:\\\/\\\/valenciasjb.salesianos.edu\\\/colegio\\\/bruno-perez-alumno-de-sexto-de-primaria-actua-en-el-concierto-iberico-de-jovenes-compositores-2018\\\/#primaryimage\",\"url\":\"https:\\\/\\\/valenciasjb.salesianos.edu\\\/colegio\\\/wp-content\\\/uploads\\\/sites\\\/2\\\/2018\\\/05\\\/IMG-20180514-WA0057.jpg\",\"contentUrl\":\"https:\\\/\\\/valenciasjb.salesianos.edu\\\/colegio\\\/wp-content\\\/uploads\\\/sites\\\/2\\\/2018\\\/05\\\/IMG-20180514-WA0057.jpg\",\"width\":1600,\"height\":1200},{\"@type\":\"BreadcrumbList\",\"@id\":\"https:\\\/\\\/valenciasjb.salesianos.edu\\\/colegio\\\/bruno-perez-alumno-de-sexto-de-primaria-actua-en-el-concierto-iberico-de-jovenes-compositores-2018\\\/#breadcrumb\",\"itemListElement\":[{\"@type\":\"ListItem\",\"position\":1,\"name\":\"Portada\",\"item\":\"https:\\\/\\\/valenciasjb.salesianos.edu\\\/colegio\\\/\"},{\"@type\":\"ListItem\",\"position\":2,\"name\":\"Bruno P\u00e9rez, alumno de sexto de Primaria, act\u00faa en el Concierto Ib\u00e9rico de J\u00f3venes Compositores 2018\"}]},{\"@type\":\"WebSite\",\"@id\":\"https:\\\/\\\/valenciasjb.salesianos.edu\\\/colegio\\\/#website\",\"url\":\"https:\\\/\\\/valenciasjb.salesianos.edu\\\/colegio\\\/\",\"name\":\"Colegio San Juan Bosco Valencia\",\"description\":\"P\u00e1gina oficial del Colegio Salesianos San Juan Bosco Valencia\",\"alternateName\":\"Salesianos.VSJB\",\"potentialAction\":[{\"@type\":\"SearchAction\",\"target\":{\"@type\":\"EntryPoint\",\"urlTemplate\":\"https:\\\/\\\/valenciasjb.salesianos.edu\\\/colegio\\\/?s={search_term_string}\"},\"query-input\":{\"@type\":\"PropertyValueSpecification\",\"valueRequired\":true,\"valueName\":\"search_term_string\"}}],\"inLanguage\":\"es\"},{\"@type\":\"Person\",\"@id\":\"https:\\\/\\\/valenciasjb.salesianos.edu\\\/colegio\\\/#\\\/schema\\\/person\\\/1f45b67e52b27da175190a574db6bed9\",\"name\":\"veronicapastor\",\"image\":{\"@type\":\"ImageObject\",\"inLanguage\":\"es\",\"@id\":\"https:\\\/\\\/secure.gravatar.com\\\/avatar\\\/e29bd40bace3fd935e1d6fdb7313ffc14628cc037c5e16f4c7369b20a2a6f7f0?s=96&d=mm&r=g\",\"url\":\"https:\\\/\\\/secure.gravatar.com\\\/avatar\\\/e29bd40bace3fd935e1d6fdb7313ffc14628cc037c5e16f4c7369b20a2a6f7f0?s=96&d=mm&r=g\",\"contentUrl\":\"https:\\\/\\\/secure.gravatar.com\\\/avatar\\\/e29bd40bace3fd935e1d6fdb7313ffc14628cc037c5e16f4c7369b20a2a6f7f0?s=96&d=mm&r=g\",\"caption\":\"veronicapastor\"}}]}<\/script>\n<!-- \/ Yoast SEO plugin. -->","yoast_head_json":{"title":"Bruno P\u00e9rez, alumno de sexto de Primaria, act\u00faa en el Concierto Ib\u00e9rico de J\u00f3venes Compositores 2018 - Colegio San Juan Bosco Valencia","robots":{"index":"index","follow":"follow","max-snippet":"max-snippet:-1","max-image-preview":"max-image-preview:large","max-video-preview":"max-video-preview:-1"},"canonical":"https:\/\/valenciasjb.salesianos.edu\/colegio\/bruno-perez-alumno-de-sexto-de-primaria-actua-en-el-concierto-iberico-de-jovenes-compositores-2018\/","og_locale":"es_ES","og_type":"article","og_title":"Bruno P\u00e9rez, alumno de sexto de Primaria, act\u00faa en el Concierto Ib\u00e9rico de J\u00f3venes Compositores 2018 - Colegio San Juan Bosco Valencia","og_description":"Bruno P\u00e9rez, alumno de 6\u00ba de Primaria C, pianoforte en Yamaha Music School Valencia, act\u00faa en el Concierto Ib\u00e9rico de J\u00f3venes Compositores 2018 con una pieza original compuesta por \u00e9l mismo y titulada \"Morning Rain\". Este acto se celebr\u00f3 en el C\u00edrculo de Bellas Artes de Madrid, el 12 de mayo.\u00a0Desde el colegio le damos [&hellip;]","og_url":"https:\/\/valenciasjb.salesianos.edu\/colegio\/bruno-perez-alumno-de-sexto-de-primaria-actua-en-el-concierto-iberico-de-jovenes-compositores-2018\/","og_site_name":"Colegio San Juan Bosco Valencia","article_publisher":"https:\/\/www.facebook.com\/ColegioSalesianoSanJuanBoscoValencia","article_published_time":"2018-05-15T15:17:57+00:00","article_modified_time":"2018-05-15T15:18:30+00:00","og_image":[{"width":1600,"height":1200,"url":"https:\/\/valenciasjb.salesianos.edu\/colegio\/wp-content\/uploads\/sites\/2\/2018\/05\/IMG-20180514-WA0057.jpg","type":"image\/jpeg"}],"author":"veronicapastor","twitter_card":"summary_large_image","twitter_creator":"@SalesianosVSJB","twitter_site":"@SalesianosVSJB","twitter_misc":{"Escrito por":"veronicapastor","Tiempo de lectura":"1 minuto"},"schema":{"@context":"https:\/\/schema.org","@graph":[{"@type":"Article","@id":"https:\/\/valenciasjb.salesianos.edu\/colegio\/bruno-perez-alumno-de-sexto-de-primaria-actua-en-el-concierto-iberico-de-jovenes-compositores-2018\/#article","isPartOf":{"@id":"https:\/\/valenciasjb.salesianos.edu\/colegio\/bruno-perez-alumno-de-sexto-de-primaria-actua-en-el-concierto-iberico-de-jovenes-compositores-2018\/"},"author":{"name":"veronicapastor","@id":"https:\/\/valenciasjb.salesianos.edu\/colegio\/#\/schema\/person\/1f45b67e52b27da175190a574db6bed9"},"headline":"Bruno P\u00e9rez, alumno de sexto de Primaria, act\u00faa en el Concierto Ib\u00e9rico de J\u00f3venes Compositores 2018","datePublished":"2018-05-15T15:17:57+00:00","dateModified":"2018-05-15T15:18:30+00:00","mainEntityOfPage":{"@id":"https:\/\/valenciasjb.salesianos.edu\/colegio\/bruno-perez-alumno-de-sexto-de-primaria-actua-en-el-concierto-iberico-de-jovenes-compositores-2018\/"},"wordCount":291,"image":{"@id":"https:\/\/valenciasjb.salesianos.edu\/colegio\/bruno-perez-alumno-de-sexto-de-primaria-actua-en-el-concierto-iberico-de-jovenes-compositores-2018\/#primaryimage"},"thumbnailUrl":"https:\/\/valenciasjb.salesianos.edu\/colegio\/wp-content\/uploads\/sites\/2\/2018\/05\/IMG-20180514-WA0057.jpg","articleSection":["Noticia Colegio"],"inLanguage":"es"},{"@type":"WebPage","@id":"https:\/\/valenciasjb.salesianos.edu\/colegio\/bruno-perez-alumno-de-sexto-de-primaria-actua-en-el-concierto-iberico-de-jovenes-compositores-2018\/","url":"https:\/\/valenciasjb.salesianos.edu\/colegio\/bruno-perez-alumno-de-sexto-de-primaria-actua-en-el-concierto-iberico-de-jovenes-compositores-2018\/","name":"Bruno P\u00e9rez, alumno de sexto de Primaria, act\u00faa en el Concierto Ib\u00e9rico de J\u00f3venes Compositores 2018 - Colegio San Juan Bosco Valencia","isPartOf":{"@id":"https:\/\/valenciasjb.salesianos.edu\/colegio\/#website"},"primaryImageOfPage":{"@id":"https:\/\/valenciasjb.salesianos.edu\/colegio\/bruno-perez-alumno-de-sexto-de-primaria-actua-en-el-concierto-iberico-de-jovenes-compositores-2018\/#primaryimage"},"image":{"@id":"https:\/\/valenciasjb.salesianos.edu\/colegio\/bruno-perez-alumno-de-sexto-de-primaria-actua-en-el-concierto-iberico-de-jovenes-compositores-2018\/#primaryimage"},"thumbnailUrl":"https:\/\/valenciasjb.salesianos.edu\/colegio\/wp-content\/uploads\/sites\/2\/2018\/05\/IMG-20180514-WA0057.jpg","datePublished":"2018-05-15T15:17:57+00:00","dateModified":"2018-05-15T15:18:30+00:00","author":{"@id":"https:\/\/valenciasjb.salesianos.edu\/colegio\/#\/schema\/person\/1f45b67e52b27da175190a574db6bed9"},"breadcrumb":{"@id":"https:\/\/valenciasjb.salesianos.edu\/colegio\/bruno-perez-alumno-de-sexto-de-primaria-actua-en-el-concierto-iberico-de-jovenes-compositores-2018\/#breadcrumb"},"inLanguage":"es","potentialAction":[{"@type":"ReadAction","target":["https:\/\/valenciasjb.salesianos.edu\/colegio\/bruno-perez-alumno-de-sexto-de-primaria-actua-en-el-concierto-iberico-de-jovenes-compositores-2018\/"]}]},{"@type":"ImageObject","inLanguage":"es","@id":"https:\/\/valenciasjb.salesianos.edu\/colegio\/bruno-perez-alumno-de-sexto-de-primaria-actua-en-el-concierto-iberico-de-jovenes-compositores-2018\/#primaryimage","url":"https:\/\/valenciasjb.salesianos.edu\/colegio\/wp-content\/uploads\/sites\/2\/2018\/05\/IMG-20180514-WA0057.jpg","contentUrl":"https:\/\/valenciasjb.salesianos.edu\/colegio\/wp-content\/uploads\/sites\/2\/2018\/05\/IMG-20180514-WA0057.jpg","width":1600,"height":1200},{"@type":"BreadcrumbList","@id":"https:\/\/valenciasjb.salesianos.edu\/colegio\/bruno-perez-alumno-de-sexto-de-primaria-actua-en-el-concierto-iberico-de-jovenes-compositores-2018\/#breadcrumb","itemListElement":[{"@type":"ListItem","position":1,"name":"Portada","item":"https:\/\/valenciasjb.salesianos.edu\/colegio\/"},{"@type":"ListItem","position":2,"name":"Bruno P\u00e9rez, alumno de sexto de Primaria, act\u00faa en el Concierto Ib\u00e9rico de J\u00f3venes Compositores 2018"}]},{"@type":"WebSite","@id":"https:\/\/valenciasjb.salesianos.edu\/colegio\/#website","url":"https:\/\/valenciasjb.salesianos.edu\/colegio\/","name":"Colegio San Juan Bosco Valencia","description":"P\u00e1gina oficial del Colegio Salesianos San Juan Bosco Valencia","alternateName":"Salesianos.VSJB","potentialAction":[{"@type":"SearchAction","target":{"@type":"EntryPoint","urlTemplate":"https:\/\/valenciasjb.salesianos.edu\/colegio\/?s={search_term_string}"},"query-input":{"@type":"PropertyValueSpecification","valueRequired":true,"valueName":"search_term_string"}}],"inLanguage":"es"},{"@type":"Person","@id":"https:\/\/valenciasjb.salesianos.edu\/colegio\/#\/schema\/person\/1f45b67e52b27da175190a574db6bed9","name":"veronicapastor","image":{"@type":"ImageObject","inLanguage":"es","@id":"https:\/\/secure.gravatar.com\/avatar\/e29bd40bace3fd935e1d6fdb7313ffc14628cc037c5e16f4c7369b20a2a6f7f0?s=96&d=mm&r=g","url":"https:\/\/secure.gravatar.com\/avatar\/e29bd40bace3fd935e1d6fdb7313ffc14628cc037c5e16f4c7369b20a2a6f7f0?s=96&d=mm&r=g","contentUrl":"https:\/\/secure.gravatar.com\/avatar\/e29bd40bace3fd935e1d6fdb7313ffc14628cc037c5e16f4c7369b20a2a6f7f0?s=96&d=mm&r=g","caption":"veronicapastor"}}]}},"_links":{"self":[{"href":"https:\/\/valenciasjb.salesianos.edu\/colegio\/wp-json\/wp\/v2\/posts\/9063","targetHints":{"allow":["GET"]}}],"collection":[{"href":"https:\/\/valenciasjb.salesianos.edu\/colegio\/wp-json\/wp\/v2\/posts"}],"about":[{"href":"https:\/\/valenciasjb.salesianos.edu\/colegio\/wp-json\/wp\/v2\/types\/post"}],"author":[{"embeddable":true,"href":"https:\/\/valenciasjb.salesianos.edu\/colegio\/wp-json\/wp\/v2\/users\/6"}],"replies":[{"embeddable":true,"href":"https:\/\/valenciasjb.salesianos.edu\/colegio\/wp-json\/wp\/v2\/comments?post=9063"}],"version-history":[{"count":1,"href":"https:\/\/valenciasjb.salesianos.edu\/colegio\/wp-json\/wp\/v2\/posts\/9063\/revisions"}],"predecessor-version":[{"id":9068,"href":"https:\/\/valenciasjb.salesianos.edu\/colegio\/wp-json\/wp\/v2\/posts\/9063\/revisions\/9068"}],"wp:featuredmedia":[{"embeddable":true,"href":"https:\/\/valenciasjb.salesianos.edu\/colegio\/wp-json\/wp\/v2\/media\/9066"}],"wp:attachment":[{"href":"https:\/\/valenciasjb.salesianos.edu\/colegio\/wp-json\/wp\/v2\/media?parent=9063"}],"wp:term":[{"taxonomy":"category","embeddable":true,"href":"https:\/\/valenciasjb.salesianos.edu\/colegio\/wp-json\/wp\/v2\/categories?post=9063"},{"taxonomy":"post_tag","embeddable":true,"href":"https:\/\/valenciasjb.salesianos.edu\/colegio\/wp-json\/wp\/v2\/tags?post=9063"}],"curies":[{"name":"wp","href":"https:\/\/api.w.org\/{rel}","templated":true}]}}