{"id":9074,"date":"2018-05-15T22:30:10","date_gmt":"2018-05-15T21:30:10","guid":{"rendered":"https:\/\/valenciasjb.salesianos.edu\/colegio\/?p=9074"},"modified":"2018-05-15T22:30:10","modified_gmt":"2018-05-15T21:30:10","slug":"cena-ampas-maria-auxiliadora","status":"publish","type":"post","link":"https:\/\/valenciasjb.salesianos.edu\/colegio\/cena-ampas-maria-auxiliadora\/","title":{"rendered":"CENA AMPAS MARIA AUXILIADORA"},"content":{"rendered":"<div id=\"fb-root\"><\/div>\n<p>[et_pb_section bb_built=\u00bb1&#8243; admin_label=\u00bbsection\u00bb][et_pb_row admin_label=\u00bbrow\u00bb background_position=\u00bbtop_left\u00bb background_repeat=\u00bbrepeat\u00bb background_size=\u00bbinitial\u00bb][et_pb_column type=\u00bb2_3&#8243;][et_pb_text admin_label=\u00bbEntradilla (Texto)\u00bb _builder_version=\u00bb3.0.105&#8243; background_layout=\u00bblight\u00bb text_orientation=\u00bbjustified\u00bb text_font=\u00bb|on|||\u00bb]<\/p>\n<div id=\"resumen\"><b>\u00a1Llega uno de los eventos m\u00e1s esperados del curso! El encuentro familiar en Honor a Mar\u00eda Auxiliadora<\/b><\/div>\n<div><\/div>\n<p>[\/et_pb_text][et_pb_text admin_label=\u00bbDesarrollo (Texto)\u00bb _builder_version=\u00bb3.0.105&#8243; background_layout=\u00bblight\u00bb text_orientation=\u00bbjustified\u00bb]<\/p>\n<p><strong>El pr\u00f3ximo d\u00eda 25 de Mayo, celebraremos el 34\u00aa Encuentro familiar en Honor a Mar\u00eda Auxiliadora.<\/strong> Un evento muy esperado que, organizado por AMPAS, servir\u00e1 de punto de encuentro para todos los que componemos esta Comunidad Educativa. Una velada para disfrutar en familia y reunirnos, adem\u00e1s, con un fin solidario. No faltes a esta cita tan esperada por todos! #ampassjb<\/p>\n<p>Para obtener tu ticket solidario de 1 euro, deber\u00e1s acudir al despacho de AMPAS los d\u00edas, 18, 21, 22 y 23 de 17 a 19 horas.<\/p>\n<p><strong>Rogamos que el kilo solidario se entregue en el momento de retirar el ticket para facilitar la log\u00edstica.<\/strong><\/p>\n<p>COMUNICACIONES Y RUEGOS<\/p>\n<p>1.\u2013 \u00a0\u00a0\u00a0\u00a0\u00a0\u00a0 La apertura de puertas se efectuar\u00e1 a las <b>20:30 horas<\/b>.<\/p>\n<p>2.\u2013 \u00a0\u00a0\u00a0\u00a0\u00a0\u00a0 <b>Cada ticket da derecho a un \u00fanico asiento. <\/b><\/p>\n<p><b>\u00a0\u00a0\u00a0\u00a0\u00a0\u00a0\u00a0\u00a0\u00a0\u00a0\u00a0\u00a0 Los ni\u00f1os pueden compartir el asiento de los adultos.<\/b><\/p>\n<p>3.\u2013 \u00a0\u00a0\u00a0\u00a0\u00a0\u00a0 No se permitir\u00e1 el acceso al Colegio sin ticket.<\/p>\n<p>4.\u2013 \u00a0\u00a0\u00a0\u00a0\u00a0\u00a0 No se permitir\u00e1 el acceso de menores\u00a0 sin acompa\u00f1antes\u00a0 (Infantil y Primaria) o carnet del Colegio (ESO, Bachiller).<\/p>\n<p>5.\u2013 Se ruega que tras la finalizaci\u00f3n de la cena sean recogidas. las sillas y mesas, y el uso del material de limpieza.<\/p>\n<p>6.\u2013 <b>No se permitir\u00e1 el uso de balones de cuero en el patio.<\/b><\/p>\n<p>7.\u2013 El encuentro finalizar\u00e1 a las <b>24:00 horas<\/b>.<\/p>\n<p><b> Os recordamos que lo m\u00e1s importante es la celebraci\u00f3n\u00a0<\/b><b>de una velada familiar en convivencia.<\/b><\/p>\n<p>&nbsp;<\/p>\n<p>[\/et_pb_text][\/et_pb_column][et_pb_column type=\u00bb1_3&#8243;][et_pb_image _builder_version=\u00bb3.0.105&#8243; src=\u00bbhttps:\/\/valenciasjb.salesianos.edu\/colegio\/wp-content\/uploads\/sites\/2\/2018\/05\/Cartel-Cena-Mar\u00eda-Auxiliadora-2018.jpg\u00bb show_in_lightbox=\u00bboff\u00bb url_new_window=\u00bboff\u00bb use_overlay=\u00bboff\u00bb always_center_on_mobile=\u00bbon\u00bb force_fullwidth=\u00bboff\u00bb show_bottom_space=\u00bbon\u00bb \/][\/et_pb_column][\/et_pb_row][\/et_pb_section]<\/p>\n<!-- AddThis Advanced Settings generic via filter on the_content --><!-- AddThis Share Buttons generic via filter on the_content -->","protected":false},"excerpt":{"rendered":"<p>\u00a1Llega uno de los eventos m\u00e1s esperados del curso! El encuentro familiar en Honor a Mar\u00eda Auxiliadora El pr\u00f3ximo d\u00eda 25 de Mayo, celebraremos el 34\u00aa Encuentro familiar en Honor a Mar\u00eda Auxiliadora. Un evento muy esperado que, organizado por AMPAS, servir\u00e1 de punto de encuentro para todos los que componemos esta Comunidad Educativa. Una [&hellip;]<\/p>\n<p><!-- AddThis Advanced Settings generic via filter on get_the_excerpt --><!-- AddThis Share Buttons generic via filter on get_the_excerpt --><\/p>\n","protected":false},"author":8,"featured_media":9075,"comment_status":"closed","ping_status":"open","sticky":false,"template":"","format":"standard","meta":{"_et_pb_use_builder":"on","_et_pb_old_content":"","_et_gb_content_width":"","footnotes":""},"categories":[30,14,9,32],"tags":[33,34],"class_list":["post-9074","post","type-post","status-publish","format-standard","has-post-thumbnail","hentry","category-ampas_actividades","category-noticia_colegio","category-noticias","category-noticias-ampas","tag-ampassjb","tag-ampas"],"yoast_head":"<!-- This site is optimized with the Yoast SEO plugin v28.4 - https:\/\/yoast.com\/product\/yoast-seo-wordpress\/ -->\n<title>CENA AMPAS MARIA AUXILIADORA - Colegio San Juan Bosco Valencia<\/title>\n<meta name=\"robots\" content=\"index, follow, max-snippet:-1, max-image-preview:large, max-video-preview:-1\" \/>\n<link rel=\"canonical\" href=\"https:\/\/valenciasjb.salesianos.edu\/colegio\/cena-ampas-maria-auxiliadora\/\" \/>\n<meta property=\"og:locale\" content=\"es_ES\" \/>\n<meta property=\"og:type\" content=\"article\" \/>\n<meta property=\"og:title\" content=\"CENA AMPAS MARIA AUXILIADORA - Colegio San Juan Bosco Valencia\" \/>\n<meta property=\"og:description\" content=\"\u00a1Llega uno de los eventos m\u00e1s esperados del curso! El encuentro familiar en Honor a Mar\u00eda Auxiliadora El pr\u00f3ximo d\u00eda 25 de Mayo, celebraremos el 34\u00aa Encuentro familiar en Honor a Mar\u00eda Auxiliadora. Un evento muy esperado que, organizado por AMPAS, servir\u00e1 de punto de encuentro para todos los que componemos esta Comunidad Educativa. Una [&hellip;]\" \/>\n<meta property=\"og:url\" content=\"https:\/\/valenciasjb.salesianos.edu\/colegio\/cena-ampas-maria-auxiliadora\/\" \/>\n<meta property=\"og:site_name\" content=\"Colegio San Juan Bosco Valencia\" \/>\n<meta property=\"article:publisher\" content=\"https:\/\/www.facebook.com\/ColegioSalesianoSanJuanBoscoValencia\" \/>\n<meta property=\"article:published_time\" content=\"2018-05-15T21:30:10+00:00\" \/>\n<meta property=\"og:image\" content=\"https:\/\/valenciasjb.salesianos.edu\/colegio\/wp-content\/uploads\/sites\/2\/2018\/05\/Cartel-Cena-Mar\u00eda-Auxiliadora-2018.jpg\" \/>\n\t<meta property=\"og:image:width\" content=\"720\" \/>\n\t<meta property=\"og:image:height\" content=\"960\" \/>\n\t<meta property=\"og:image:type\" content=\"image\/jpeg\" \/>\n<meta name=\"author\" content=\"ampasvsjb\" \/>\n<meta name=\"twitter:card\" content=\"summary_large_image\" \/>\n<meta name=\"twitter:creator\" content=\"@SalesianosVSJB\" \/>\n<meta name=\"twitter:site\" content=\"@SalesianosVSJB\" \/>\n<meta name=\"twitter:label1\" content=\"Escrito por\" \/>\n\t<meta name=\"twitter:data1\" content=\"ampasvsjb\" \/>\n\t<meta name=\"twitter:label2\" content=\"Tiempo de lectura\" \/>\n\t<meta name=\"twitter:data2\" content=\"2 minutos\" \/>\n<script type=\"application\/ld+json\" class=\"yoast-schema-graph\">{\"@context\":\"https:\\\/\\\/schema.org\",\"@graph\":[{\"@type\":\"Article\",\"@id\":\"https:\\\/\\\/valenciasjb.salesianos.edu\\\/colegio\\\/cena-ampas-maria-auxiliadora\\\/#article\",\"isPartOf\":{\"@id\":\"https:\\\/\\\/valenciasjb.salesianos.edu\\\/colegio\\\/cena-ampas-maria-auxiliadora\\\/\"},\"author\":{\"name\":\"ampasvsjb\",\"@id\":\"https:\\\/\\\/valenciasjb.salesianos.edu\\\/colegio\\\/#\\\/schema\\\/person\\\/0726ac8cfbb8c3fbd6c5e1c72693053d\"},\"headline\":\"CENA AMPAS MARIA AUXILIADORA\",\"datePublished\":\"2018-05-15T21:30:10+00:00\",\"mainEntityOfPage\":{\"@id\":\"https:\\\/\\\/valenciasjb.salesianos.edu\\\/colegio\\\/cena-ampas-maria-auxiliadora\\\/\"},\"wordCount\":365,\"image\":{\"@id\":\"https:\\\/\\\/valenciasjb.salesianos.edu\\\/colegio\\\/cena-ampas-maria-auxiliadora\\\/#primaryimage\"},\"thumbnailUrl\":\"https:\\\/\\\/valenciasjb.salesianos.edu\\\/colegio\\\/wp-content\\\/uploads\\\/sites\\\/2\\\/2018\\\/05\\\/Cartel-Cena-Mar\u00eda-Auxiliadora-2018.jpg\",\"keywords\":[\"#ampassjb\",\"ampas\"],\"articleSection\":[\"AMPAS Actividades\",\"Noticia Colegio\",\"Noticias\",\"Noticias AMPAS\"],\"inLanguage\":\"es\"},{\"@type\":\"WebPage\",\"@id\":\"https:\\\/\\\/valenciasjb.salesianos.edu\\\/colegio\\\/cena-ampas-maria-auxiliadora\\\/\",\"url\":\"https:\\\/\\\/valenciasjb.salesianos.edu\\\/colegio\\\/cena-ampas-maria-auxiliadora\\\/\",\"name\":\"CENA AMPAS MARIA AUXILIADORA - Colegio San Juan Bosco Valencia\",\"isPartOf\":{\"@id\":\"https:\\\/\\\/valenciasjb.salesianos.edu\\\/colegio\\\/#website\"},\"primaryImageOfPage\":{\"@id\":\"https:\\\/\\\/valenciasjb.salesianos.edu\\\/colegio\\\/cena-ampas-maria-auxiliadora\\\/#primaryimage\"},\"image\":{\"@id\":\"https:\\\/\\\/valenciasjb.salesianos.edu\\\/colegio\\\/cena-ampas-maria-auxiliadora\\\/#primaryimage\"},\"thumbnailUrl\":\"https:\\\/\\\/valenciasjb.salesianos.edu\\\/colegio\\\/wp-content\\\/uploads\\\/sites\\\/2\\\/2018\\\/05\\\/Cartel-Cena-Mar\u00eda-Auxiliadora-2018.jpg\",\"datePublished\":\"2018-05-15T21:30:10+00:00\",\"author\":{\"@id\":\"https:\\\/\\\/valenciasjb.salesianos.edu\\\/colegio\\\/#\\\/schema\\\/person\\\/0726ac8cfbb8c3fbd6c5e1c72693053d\"},\"breadcrumb\":{\"@id\":\"https:\\\/\\\/valenciasjb.salesianos.edu\\\/colegio\\\/cena-ampas-maria-auxiliadora\\\/#breadcrumb\"},\"inLanguage\":\"es\",\"potentialAction\":[{\"@type\":\"ReadAction\",\"target\":[\"https:\\\/\\\/valenciasjb.salesianos.edu\\\/colegio\\\/cena-ampas-maria-auxiliadora\\\/\"]}]},{\"@type\":\"ImageObject\",\"inLanguage\":\"es\",\"@id\":\"https:\\\/\\\/valenciasjb.salesianos.edu\\\/colegio\\\/cena-ampas-maria-auxiliadora\\\/#primaryimage\",\"url\":\"https:\\\/\\\/valenciasjb.salesianos.edu\\\/colegio\\\/wp-content\\\/uploads\\\/sites\\\/2\\\/2018\\\/05\\\/Cartel-Cena-Mar\u00eda-Auxiliadora-2018.jpg\",\"contentUrl\":\"https:\\\/\\\/valenciasjb.salesianos.edu\\\/colegio\\\/wp-content\\\/uploads\\\/sites\\\/2\\\/2018\\\/05\\\/Cartel-Cena-Mar\u00eda-Auxiliadora-2018.jpg\",\"width\":720,\"height\":960},{\"@type\":\"BreadcrumbList\",\"@id\":\"https:\\\/\\\/valenciasjb.salesianos.edu\\\/colegio\\\/cena-ampas-maria-auxiliadora\\\/#breadcrumb\",\"itemListElement\":[{\"@type\":\"ListItem\",\"position\":1,\"name\":\"Portada\",\"item\":\"https:\\\/\\\/valenciasjb.salesianos.edu\\\/colegio\\\/\"},{\"@type\":\"ListItem\",\"position\":2,\"name\":\"CENA AMPAS MARIA AUXILIADORA\"}]},{\"@type\":\"WebSite\",\"@id\":\"https:\\\/\\\/valenciasjb.salesianos.edu\\\/colegio\\\/#website\",\"url\":\"https:\\\/\\\/valenciasjb.salesianos.edu\\\/colegio\\\/\",\"name\":\"Colegio San Juan Bosco Valencia\",\"description\":\"P\u00e1gina oficial del Colegio Salesianos San Juan Bosco Valencia\",\"alternateName\":\"Salesianos.VSJB\",\"potentialAction\":[{\"@type\":\"SearchAction\",\"target\":{\"@type\":\"EntryPoint\",\"urlTemplate\":\"https:\\\/\\\/valenciasjb.salesianos.edu\\\/colegio\\\/?s={search_term_string}\"},\"query-input\":{\"@type\":\"PropertyValueSpecification\",\"valueRequired\":true,\"valueName\":\"search_term_string\"}}],\"inLanguage\":\"es\"},{\"@type\":\"Person\",\"@id\":\"https:\\\/\\\/valenciasjb.salesianos.edu\\\/colegio\\\/#\\\/schema\\\/person\\\/0726ac8cfbb8c3fbd6c5e1c72693053d\",\"name\":\"ampasvsjb\",\"image\":{\"@type\":\"ImageObject\",\"inLanguage\":\"es\",\"@id\":\"https:\\\/\\\/secure.gravatar.com\\\/avatar\\\/be990de11bab2de567b8fb079bb13b0b2ebe2aab5258b635f6286f7a56c0c6c5?s=96&d=mm&r=g\",\"url\":\"https:\\\/\\\/secure.gravatar.com\\\/avatar\\\/be990de11bab2de567b8fb079bb13b0b2ebe2aab5258b635f6286f7a56c0c6c5?s=96&d=mm&r=g\",\"contentUrl\":\"https:\\\/\\\/secure.gravatar.com\\\/avatar\\\/be990de11bab2de567b8fb079bb13b0b2ebe2aab5258b635f6286f7a56c0c6c5?s=96&d=mm&r=g\",\"caption\":\"ampasvsjb\"}}]}<\/script>\n<!-- \/ Yoast SEO plugin. -->","yoast_head_json":{"title":"CENA AMPAS MARIA AUXILIADORA - Colegio San Juan Bosco Valencia","robots":{"index":"index","follow":"follow","max-snippet":"max-snippet:-1","max-image-preview":"max-image-preview:large","max-video-preview":"max-video-preview:-1"},"canonical":"https:\/\/valenciasjb.salesianos.edu\/colegio\/cena-ampas-maria-auxiliadora\/","og_locale":"es_ES","og_type":"article","og_title":"CENA AMPAS MARIA AUXILIADORA - Colegio San Juan Bosco Valencia","og_description":"\u00a1Llega uno de los eventos m\u00e1s esperados del curso! El encuentro familiar en Honor a Mar\u00eda Auxiliadora El pr\u00f3ximo d\u00eda 25 de Mayo, celebraremos el 34\u00aa Encuentro familiar en Honor a Mar\u00eda Auxiliadora. Un evento muy esperado que, organizado por AMPAS, servir\u00e1 de punto de encuentro para todos los que componemos esta Comunidad Educativa. Una [&hellip;]","og_url":"https:\/\/valenciasjb.salesianos.edu\/colegio\/cena-ampas-maria-auxiliadora\/","og_site_name":"Colegio San Juan Bosco Valencia","article_publisher":"https:\/\/www.facebook.com\/ColegioSalesianoSanJuanBoscoValencia","article_published_time":"2018-05-15T21:30:10+00:00","og_image":[{"width":720,"height":960,"url":"https:\/\/valenciasjb.salesianos.edu\/colegio\/wp-content\/uploads\/sites\/2\/2018\/05\/Cartel-Cena-Mar\u00eda-Auxiliadora-2018.jpg","type":"image\/jpeg"}],"author":"ampasvsjb","twitter_card":"summary_large_image","twitter_creator":"@SalesianosVSJB","twitter_site":"@SalesianosVSJB","twitter_misc":{"Escrito por":"ampasvsjb","Tiempo de lectura":"2 minutos"},"schema":{"@context":"https:\/\/schema.org","@graph":[{"@type":"Article","@id":"https:\/\/valenciasjb.salesianos.edu\/colegio\/cena-ampas-maria-auxiliadora\/#article","isPartOf":{"@id":"https:\/\/valenciasjb.salesianos.edu\/colegio\/cena-ampas-maria-auxiliadora\/"},"author":{"name":"ampasvsjb","@id":"https:\/\/valenciasjb.salesianos.edu\/colegio\/#\/schema\/person\/0726ac8cfbb8c3fbd6c5e1c72693053d"},"headline":"CENA AMPAS MARIA AUXILIADORA","datePublished":"2018-05-15T21:30:10+00:00","mainEntityOfPage":{"@id":"https:\/\/valenciasjb.salesianos.edu\/colegio\/cena-ampas-maria-auxiliadora\/"},"wordCount":365,"image":{"@id":"https:\/\/valenciasjb.salesianos.edu\/colegio\/cena-ampas-maria-auxiliadora\/#primaryimage"},"thumbnailUrl":"https:\/\/valenciasjb.salesianos.edu\/colegio\/wp-content\/uploads\/sites\/2\/2018\/05\/Cartel-Cena-Mar\u00eda-Auxiliadora-2018.jpg","keywords":["#ampassjb","ampas"],"articleSection":["AMPAS Actividades","Noticia Colegio","Noticias","Noticias AMPAS"],"inLanguage":"es"},{"@type":"WebPage","@id":"https:\/\/valenciasjb.salesianos.edu\/colegio\/cena-ampas-maria-auxiliadora\/","url":"https:\/\/valenciasjb.salesianos.edu\/colegio\/cena-ampas-maria-auxiliadora\/","name":"CENA AMPAS MARIA AUXILIADORA - Colegio San Juan Bosco Valencia","isPartOf":{"@id":"https:\/\/valenciasjb.salesianos.edu\/colegio\/#website"},"primaryImageOfPage":{"@id":"https:\/\/valenciasjb.salesianos.edu\/colegio\/cena-ampas-maria-auxiliadora\/#primaryimage"},"image":{"@id":"https:\/\/valenciasjb.salesianos.edu\/colegio\/cena-ampas-maria-auxiliadora\/#primaryimage"},"thumbnailUrl":"https:\/\/valenciasjb.salesianos.edu\/colegio\/wp-content\/uploads\/sites\/2\/2018\/05\/Cartel-Cena-Mar\u00eda-Auxiliadora-2018.jpg","datePublished":"2018-05-15T21:30:10+00:00","author":{"@id":"https:\/\/valenciasjb.salesianos.edu\/colegio\/#\/schema\/person\/0726ac8cfbb8c3fbd6c5e1c72693053d"},"breadcrumb":{"@id":"https:\/\/valenciasjb.salesianos.edu\/colegio\/cena-ampas-maria-auxiliadora\/#breadcrumb"},"inLanguage":"es","potentialAction":[{"@type":"ReadAction","target":["https:\/\/valenciasjb.salesianos.edu\/colegio\/cena-ampas-maria-auxiliadora\/"]}]},{"@type":"ImageObject","inLanguage":"es","@id":"https:\/\/valenciasjb.salesianos.edu\/colegio\/cena-ampas-maria-auxiliadora\/#primaryimage","url":"https:\/\/valenciasjb.salesianos.edu\/colegio\/wp-content\/uploads\/sites\/2\/2018\/05\/Cartel-Cena-Mar\u00eda-Auxiliadora-2018.jpg","contentUrl":"https:\/\/valenciasjb.salesianos.edu\/colegio\/wp-content\/uploads\/sites\/2\/2018\/05\/Cartel-Cena-Mar\u00eda-Auxiliadora-2018.jpg","width":720,"height":960},{"@type":"BreadcrumbList","@id":"https:\/\/valenciasjb.salesianos.edu\/colegio\/cena-ampas-maria-auxiliadora\/#breadcrumb","itemListElement":[{"@type":"ListItem","position":1,"name":"Portada","item":"https:\/\/valenciasjb.salesianos.edu\/colegio\/"},{"@type":"ListItem","position":2,"name":"CENA AMPAS MARIA AUXILIADORA"}]},{"@type":"WebSite","@id":"https:\/\/valenciasjb.salesianos.edu\/colegio\/#website","url":"https:\/\/valenciasjb.salesianos.edu\/colegio\/","name":"Colegio San Juan Bosco Valencia","description":"P\u00e1gina oficial del Colegio Salesianos San Juan Bosco Valencia","alternateName":"Salesianos.VSJB","potentialAction":[{"@type":"SearchAction","target":{"@type":"EntryPoint","urlTemplate":"https:\/\/valenciasjb.salesianos.edu\/colegio\/?s={search_term_string}"},"query-input":{"@type":"PropertyValueSpecification","valueRequired":true,"valueName":"search_term_string"}}],"inLanguage":"es"},{"@type":"Person","@id":"https:\/\/valenciasjb.salesianos.edu\/colegio\/#\/schema\/person\/0726ac8cfbb8c3fbd6c5e1c72693053d","name":"ampasvsjb","image":{"@type":"ImageObject","inLanguage":"es","@id":"https:\/\/secure.gravatar.com\/avatar\/be990de11bab2de567b8fb079bb13b0b2ebe2aab5258b635f6286f7a56c0c6c5?s=96&d=mm&r=g","url":"https:\/\/secure.gravatar.com\/avatar\/be990de11bab2de567b8fb079bb13b0b2ebe2aab5258b635f6286f7a56c0c6c5?s=96&d=mm&r=g","contentUrl":"https:\/\/secure.gravatar.com\/avatar\/be990de11bab2de567b8fb079bb13b0b2ebe2aab5258b635f6286f7a56c0c6c5?s=96&d=mm&r=g","caption":"ampasvsjb"}}]}},"_links":{"self":[{"href":"https:\/\/valenciasjb.salesianos.edu\/colegio\/wp-json\/wp\/v2\/posts\/9074","targetHints":{"allow":["GET"]}}],"collection":[{"href":"https:\/\/valenciasjb.salesianos.edu\/colegio\/wp-json\/wp\/v2\/posts"}],"about":[{"href":"https:\/\/valenciasjb.salesianos.edu\/colegio\/wp-json\/wp\/v2\/types\/post"}],"author":[{"embeddable":true,"href":"https:\/\/valenciasjb.salesianos.edu\/colegio\/wp-json\/wp\/v2\/users\/8"}],"replies":[{"embeddable":true,"href":"https:\/\/valenciasjb.salesianos.edu\/colegio\/wp-json\/wp\/v2\/comments?post=9074"}],"version-history":[{"count":1,"href":"https:\/\/valenciasjb.salesianos.edu\/colegio\/wp-json\/wp\/v2\/posts\/9074\/revisions"}],"predecessor-version":[{"id":9076,"href":"https:\/\/valenciasjb.salesianos.edu\/colegio\/wp-json\/wp\/v2\/posts\/9074\/revisions\/9076"}],"wp:featuredmedia":[{"embeddable":true,"href":"https:\/\/valenciasjb.salesianos.edu\/colegio\/wp-json\/wp\/v2\/media\/9075"}],"wp:attachment":[{"href":"https:\/\/valenciasjb.salesianos.edu\/colegio\/wp-json\/wp\/v2\/media?parent=9074"}],"wp:term":[{"taxonomy":"category","embeddable":true,"href":"https:\/\/valenciasjb.salesianos.edu\/colegio\/wp-json\/wp\/v2\/categories?post=9074"},{"taxonomy":"post_tag","embeddable":true,"href":"https:\/\/valenciasjb.salesianos.edu\/colegio\/wp-json\/wp\/v2\/tags?post=9074"}],"curies":[{"name":"wp","href":"https:\/\/api.w.org\/{rel}","templated":true}]}}