{"id":9086,"date":"2018-05-21T21:38:21","date_gmt":"2018-05-21T20:38:21","guid":{"rendered":"https:\/\/valenciasjb.salesianos.edu\/colegio\/?p=9086"},"modified":"2018-05-22T05:27:21","modified_gmt":"2018-05-22T04:27:21","slug":"emotiva-fiesta-de-graduacion-del-alumnado-de-segundo-de-bachillerato","status":"publish","type":"post","link":"https:\/\/valenciasjb.salesianos.edu\/colegio\/emotiva-fiesta-de-graduacion-del-alumnado-de-segundo-de-bachillerato\/","title":{"rendered":"Emotiva fiesta de graduaci\u00f3n del alumnado de segundo de Bachillerato"},"content":{"rendered":"<div id=\"fb-root\"><\/div>\n<p>[et_pb_section bb_built=\u00bb1&#8243; admin_label=\u00bbsection\u00bb][et_pb_row admin_label=\u00bbrow\u00bb background_position=\u00bbtop_left\u00bb background_repeat=\u00bbrepeat\u00bb background_size=\u00bbinitial\u00bb][et_pb_column type=\u00bb4_4&#8243;][et_pb_text admin_label=\u00bbEntradilla (Texto)\u00bb _builder_version=\u00bb3.0.105&#8243; background_layout=\u00bblight\u00bb text_orientation=\u00bbjustified\u00bb text_font=\u00bb|on|||\u00bb module_alignment=\u00bbleft\u00bb]<\/p>\n<div id=\"resumen\"><strong>Los alumnos y alumnas de segundo de Bachillerato celebraron su fiesta fin de etapa en un sentido acto de graduaci\u00f3n que tuvo lugar el pasado s\u00e1bado, 19 de mayo, en el que estuvieron acompa\u00f1ados de sus profesores, personal del colegio y sus familiares y amigos.<\/strong><\/div>\n<div><\/div>\n<p>[\/et_pb_text][et_pb_text admin_label=\u00bbAutor (Texto)\u00bb _builder_version=\u00bb3.0.105&#8243; background_layout=\u00bblight\u00bb text_font=\u00bb||on||\u00bb]<\/p>\n<p>Redacci\u00f3n.<\/p>\n<p>[\/et_pb_text][et_pb_text admin_label=\u00bbDesarrollo (Texto)\u00bb _builder_version=\u00bb3.0.105&#8243; background_layout=\u00bblight\u00bb text_orientation=\u00bbjustified\u00bb module_alignment=\u00bbleft\u00bb]<\/p>\n<p>La fiesta fin de etapa de segundo de Bachillerato comenz\u00f3 el viernes, 18 de mayo, con una celebraci\u00f3n en la que los alumnos y alumnas, reunidos en la iglesia, dieron gracias a Dios por todos estos a\u00f1os que han pasado juntos en el colegio. Sus tutores tuvieron unas sentidas palabras hacia ellos, as\u00ed como el director del colegio, Juan Peris, que en lugar de un discurso, en esta ocasi\u00f3n les dedic\u00f3 una canci\u00f3n cantada y tocada por \u00e9l mismo con la guitarra.<\/p>\n<p>El s\u00e1bado 19 de mayo, a las 18:30 horas, dio comienzo el acto acad\u00e9mico en el patio del colegio, con las tradicionales fotos de grupo. A continuaci\u00f3n, en el teatro muchas emociones, empezando por la original canci\u00f3n y coreograf\u00eda que los graduados dedicaron a los presentes como inicio de la ceremonia de graduaci\u00f3n. Tambi\u00e9n hubo lugar para los discursos de Cristina Colmenero, directora pedag\u00f3gica, Luis Pablo del R\u00edo, como representante de AMPAS, y Juan Peris, director del colegio.<\/p>\n<p>Profesorado de todas las etapas en representaci\u00f3n de todos sus compa\u00f1eros, el personal de administraci\u00f3n y servicios del colegio y algunos padres y madres, en nombre de las familias, y los tutores dieron su discurso grabado en un emotivo v\u00eddeo, que arranc\u00f3 risas y l\u00e1grimas, al igual que el original discurso que dieron a continuaci\u00f3n cuatro alumnos de segundo de Bachillerato en representaci\u00f3n de todos sus compa\u00f1eros y compa\u00f1eras: Carla Sanju\u00e1n, Pablo Ram\u00edrez, Jorge Gal\u00e1n y Sof\u00eda Santos.<\/p>\n<p>Finalmente, la jefa de estudios, Esther Galiana, llam\u00f3 uno a uno al alumnado de cada clase y subieron al escenario, donde los tutores les entregaron un diploma y un detalle y donde se realizaron una foto de grupo. El acto concluy\u00f3 con un v\u00eddeo de fotos recordatorio de su paso por el colegio, desde m\u00e1s peque\u00f1os hasta la actualidad.<\/p>\n<p>Concluido el acto, los alumnos y alumnas pudieron hacerse fotos y, por \u00faltimo, disfrutaron de una cena al aire libre en el patio trasero del colegio, donde terminaron de compartir risas y an\u00e9cdotas. Una generaci\u00f3n del 2000 muy querida por el colegio y a la que, como dijo el director Juan Peris en su discurso, desde ya la echamos de menos.<\/p>\n<p>[\/et_pb_text][et_pb_text admin_label=\u00bbT\u00edtulo: Galer\u00eda de fotos (Texto)\u00bb _builder_version=\u00bb3.0.76&#8243; background_layout=\u00bblight\u00bb text_font=\u00bb|on|||\u00bb text_text_color=\u00bb#dc001b\u00bb border_style=\u00bbsolid\u00bb disabled=\u00bboff\u00bb disabled_on=\u00bboff|on|on\u00bb]<\/p>\n<p>Galer\u00eda de im\u00e1genes<\/p>\n<p>[\/et_pb_text][et_pb_gallery _builder_version=\u00bb3.0.105&#8243; posts_number=\u00bb8&#8243; show_title_and_caption=\u00bboff\u00bb show_pagination=\u00bbon\u00bb fullwidth=\u00bboff\u00bb orientation=\u00bblandscape\u00bb zoom_icon_color=\u00bb#dc001b\u00bb hover_overlay_color=\u00bbrgba(255,255,255,0.9)\u00bb hover_icon=\u00bb%%51%%\u00bb background_layout=\u00bblight\u00bb disabled=\u00bboff\u00bb disabled_on=\u00bboff|off|off\u00bb gallery_ids=\u00bb9089,9090,9091,9092,9093,9094,9088,9087&#8243; pagination_font_size_tablet=\u00bb51&#8243; pagination_line_height_tablet=\u00bb2&#8243; \/][et_pb_video _builder_version=\u00bb3.0.51&#8243; disabled=\u00bbon\u00bb disabled_on=\u00bbon|on|on\u00bb \/][\/et_pb_column][\/et_pb_row][\/et_pb_section]<\/p>\n<!-- AddThis Advanced Settings generic via filter on the_content --><!-- AddThis Share Buttons generic via filter on the_content -->","protected":false},"excerpt":{"rendered":"<p>Los alumnos y alumnas de segundo de Bachillerato celebraron su fiesta fin de etapa en un sentido acto de graduaci\u00f3n que tuvo lugar el pasado s\u00e1bado, 19 de mayo, en el que estuvieron acompa\u00f1ados de sus profesores, personal del colegio y sus familiares y amigos. Redacci\u00f3n. La fiesta fin de etapa de segundo de Bachillerato [&hellip;]<\/p>\n<p><!-- AddThis Advanced Settings generic via filter on get_the_excerpt --><!-- AddThis Share Buttons generic via filter on get_the_excerpt --><\/p>\n","protected":false},"author":6,"featured_media":9095,"comment_status":"closed","ping_status":"open","sticky":false,"template":"","format":"standard","meta":{"_et_pb_use_builder":"on","_et_pb_old_content":"","_et_gb_content_width":"","footnotes":""},"categories":[14],"tags":[],"class_list":["post-9086","post","type-post","status-publish","format-standard","has-post-thumbnail","hentry","category-noticia_colegio"],"yoast_head":"<!-- This site is optimized with the Yoast SEO plugin v28.4 - https:\/\/yoast.com\/product\/yoast-seo-wordpress\/ -->\n<title>Emotiva fiesta de graduaci\u00f3n del alumnado de segundo de Bachillerato - Colegio San Juan Bosco Valencia<\/title>\n<meta name=\"robots\" content=\"index, follow, max-snippet:-1, max-image-preview:large, max-video-preview:-1\" \/>\n<link rel=\"canonical\" href=\"https:\/\/valenciasjb.salesianos.edu\/colegio\/emotiva-fiesta-de-graduacion-del-alumnado-de-segundo-de-bachillerato\/\" \/>\n<meta property=\"og:locale\" content=\"es_ES\" \/>\n<meta property=\"og:type\" content=\"article\" \/>\n<meta property=\"og:title\" content=\"Emotiva fiesta de graduaci\u00f3n del alumnado de segundo de Bachillerato - Colegio San Juan Bosco Valencia\" \/>\n<meta property=\"og:description\" content=\"Los alumnos y alumnas de segundo de Bachillerato celebraron su fiesta fin de etapa en un sentido acto de graduaci\u00f3n que tuvo lugar el pasado s\u00e1bado, 19 de mayo, en el que estuvieron acompa\u00f1ados de sus profesores, personal del colegio y sus familiares y amigos. Redacci\u00f3n. La fiesta fin de etapa de segundo de Bachillerato [&hellip;]\" \/>\n<meta property=\"og:url\" content=\"https:\/\/valenciasjb.salesianos.edu\/colegio\/emotiva-fiesta-de-graduacion-del-alumnado-de-segundo-de-bachillerato\/\" \/>\n<meta property=\"og:site_name\" content=\"Colegio San Juan Bosco Valencia\" \/>\n<meta property=\"article:publisher\" content=\"https:\/\/www.facebook.com\/ColegioSalesianoSanJuanBoscoValencia\" \/>\n<meta property=\"article:published_time\" content=\"2018-05-21T20:38:21+00:00\" \/>\n<meta property=\"article:modified_time\" content=\"2018-05-22T04:27:21+00:00\" \/>\n<meta property=\"og:image\" content=\"https:\/\/valenciasjb.salesianos.edu\/colegio\/wp-content\/uploads\/sites\/2\/2018\/05\/20180519_190435-1024x768.jpg\" \/>\n\t<meta property=\"og:image:width\" content=\"1024\" \/>\n\t<meta property=\"og:image:height\" content=\"768\" \/>\n\t<meta property=\"og:image:type\" content=\"image\/jpeg\" \/>\n<meta name=\"author\" content=\"veronicapastor\" \/>\n<meta name=\"twitter:card\" content=\"summary_large_image\" \/>\n<meta name=\"twitter:creator\" content=\"@SalesianosVSJB\" \/>\n<meta name=\"twitter:site\" content=\"@SalesianosVSJB\" \/>\n<meta name=\"twitter:label1\" content=\"Escrito por\" \/>\n\t<meta name=\"twitter:data1\" content=\"veronicapastor\" \/>\n\t<meta name=\"twitter:label2\" content=\"Tiempo de lectura\" \/>\n\t<meta name=\"twitter:data2\" content=\"3 minutos\" \/>\n<script type=\"application\/ld+json\" class=\"yoast-schema-graph\">{\"@context\":\"https:\\\/\\\/schema.org\",\"@graph\":[{\"@type\":\"Article\",\"@id\":\"https:\\\/\\\/valenciasjb.salesianos.edu\\\/colegio\\\/emotiva-fiesta-de-graduacion-del-alumnado-de-segundo-de-bachillerato\\\/#article\",\"isPartOf\":{\"@id\":\"https:\\\/\\\/valenciasjb.salesianos.edu\\\/colegio\\\/emotiva-fiesta-de-graduacion-del-alumnado-de-segundo-de-bachillerato\\\/\"},\"author\":{\"name\":\"veronicapastor\",\"@id\":\"https:\\\/\\\/valenciasjb.salesianos.edu\\\/colegio\\\/#\\\/schema\\\/person\\\/1f45b67e52b27da175190a574db6bed9\"},\"headline\":\"Emotiva fiesta de graduaci\u00f3n del alumnado de segundo de Bachillerato\",\"datePublished\":\"2018-05-21T20:38:21+00:00\",\"dateModified\":\"2018-05-22T04:27:21+00:00\",\"mainEntityOfPage\":{\"@id\":\"https:\\\/\\\/valenciasjb.salesianos.edu\\\/colegio\\\/emotiva-fiesta-de-graduacion-del-alumnado-de-segundo-de-bachillerato\\\/\"},\"wordCount\":650,\"image\":{\"@id\":\"https:\\\/\\\/valenciasjb.salesianos.edu\\\/colegio\\\/emotiva-fiesta-de-graduacion-del-alumnado-de-segundo-de-bachillerato\\\/#primaryimage\"},\"thumbnailUrl\":\"https:\\\/\\\/valenciasjb.salesianos.edu\\\/colegio\\\/wp-content\\\/uploads\\\/sites\\\/2\\\/2018\\\/05\\\/20180519_190435.jpg\",\"articleSection\":[\"Noticia Colegio\"],\"inLanguage\":\"es\"},{\"@type\":\"WebPage\",\"@id\":\"https:\\\/\\\/valenciasjb.salesianos.edu\\\/colegio\\\/emotiva-fiesta-de-graduacion-del-alumnado-de-segundo-de-bachillerato\\\/\",\"url\":\"https:\\\/\\\/valenciasjb.salesianos.edu\\\/colegio\\\/emotiva-fiesta-de-graduacion-del-alumnado-de-segundo-de-bachillerato\\\/\",\"name\":\"Emotiva fiesta de graduaci\u00f3n del alumnado de segundo de Bachillerato - Colegio San Juan Bosco Valencia\",\"isPartOf\":{\"@id\":\"https:\\\/\\\/valenciasjb.salesianos.edu\\\/colegio\\\/#website\"},\"primaryImageOfPage\":{\"@id\":\"https:\\\/\\\/valenciasjb.salesianos.edu\\\/colegio\\\/emotiva-fiesta-de-graduacion-del-alumnado-de-segundo-de-bachillerato\\\/#primaryimage\"},\"image\":{\"@id\":\"https:\\\/\\\/valenciasjb.salesianos.edu\\\/colegio\\\/emotiva-fiesta-de-graduacion-del-alumnado-de-segundo-de-bachillerato\\\/#primaryimage\"},\"thumbnailUrl\":\"https:\\\/\\\/valenciasjb.salesianos.edu\\\/colegio\\\/wp-content\\\/uploads\\\/sites\\\/2\\\/2018\\\/05\\\/20180519_190435.jpg\",\"datePublished\":\"2018-05-21T20:38:21+00:00\",\"dateModified\":\"2018-05-22T04:27:21+00:00\",\"author\":{\"@id\":\"https:\\\/\\\/valenciasjb.salesianos.edu\\\/colegio\\\/#\\\/schema\\\/person\\\/1f45b67e52b27da175190a574db6bed9\"},\"breadcrumb\":{\"@id\":\"https:\\\/\\\/valenciasjb.salesianos.edu\\\/colegio\\\/emotiva-fiesta-de-graduacion-del-alumnado-de-segundo-de-bachillerato\\\/#breadcrumb\"},\"inLanguage\":\"es\",\"potentialAction\":[{\"@type\":\"ReadAction\",\"target\":[\"https:\\\/\\\/valenciasjb.salesianos.edu\\\/colegio\\\/emotiva-fiesta-de-graduacion-del-alumnado-de-segundo-de-bachillerato\\\/\"]}]},{\"@type\":\"ImageObject\",\"inLanguage\":\"es\",\"@id\":\"https:\\\/\\\/valenciasjb.salesianos.edu\\\/colegio\\\/emotiva-fiesta-de-graduacion-del-alumnado-de-segundo-de-bachillerato\\\/#primaryimage\",\"url\":\"https:\\\/\\\/valenciasjb.salesianos.edu\\\/colegio\\\/wp-content\\\/uploads\\\/sites\\\/2\\\/2018\\\/05\\\/20180519_190435.jpg\",\"contentUrl\":\"https:\\\/\\\/valenciasjb.salesianos.edu\\\/colegio\\\/wp-content\\\/uploads\\\/sites\\\/2\\\/2018\\\/05\\\/20180519_190435.jpg\",\"width\":4128,\"height\":3096},{\"@type\":\"BreadcrumbList\",\"@id\":\"https:\\\/\\\/valenciasjb.salesianos.edu\\\/colegio\\\/emotiva-fiesta-de-graduacion-del-alumnado-de-segundo-de-bachillerato\\\/#breadcrumb\",\"itemListElement\":[{\"@type\":\"ListItem\",\"position\":1,\"name\":\"Portada\",\"item\":\"https:\\\/\\\/valenciasjb.salesianos.edu\\\/colegio\\\/\"},{\"@type\":\"ListItem\",\"position\":2,\"name\":\"Emotiva fiesta de graduaci\u00f3n del alumnado de segundo de Bachillerato\"}]},{\"@type\":\"WebSite\",\"@id\":\"https:\\\/\\\/valenciasjb.salesianos.edu\\\/colegio\\\/#website\",\"url\":\"https:\\\/\\\/valenciasjb.salesianos.edu\\\/colegio\\\/\",\"name\":\"Colegio San Juan Bosco Valencia\",\"description\":\"P\u00e1gina oficial del Colegio Salesianos San Juan Bosco Valencia\",\"alternateName\":\"Salesianos.VSJB\",\"potentialAction\":[{\"@type\":\"SearchAction\",\"target\":{\"@type\":\"EntryPoint\",\"urlTemplate\":\"https:\\\/\\\/valenciasjb.salesianos.edu\\\/colegio\\\/?s={search_term_string}\"},\"query-input\":{\"@type\":\"PropertyValueSpecification\",\"valueRequired\":true,\"valueName\":\"search_term_string\"}}],\"inLanguage\":\"es\"},{\"@type\":\"Person\",\"@id\":\"https:\\\/\\\/valenciasjb.salesianos.edu\\\/colegio\\\/#\\\/schema\\\/person\\\/1f45b67e52b27da175190a574db6bed9\",\"name\":\"veronicapastor\",\"image\":{\"@type\":\"ImageObject\",\"inLanguage\":\"es\",\"@id\":\"https:\\\/\\\/secure.gravatar.com\\\/avatar\\\/e29bd40bace3fd935e1d6fdb7313ffc14628cc037c5e16f4c7369b20a2a6f7f0?s=96&d=mm&r=g\",\"url\":\"https:\\\/\\\/secure.gravatar.com\\\/avatar\\\/e29bd40bace3fd935e1d6fdb7313ffc14628cc037c5e16f4c7369b20a2a6f7f0?s=96&d=mm&r=g\",\"contentUrl\":\"https:\\\/\\\/secure.gravatar.com\\\/avatar\\\/e29bd40bace3fd935e1d6fdb7313ffc14628cc037c5e16f4c7369b20a2a6f7f0?s=96&d=mm&r=g\",\"caption\":\"veronicapastor\"}}]}<\/script>\n<!-- \/ Yoast SEO plugin. -->","yoast_head_json":{"title":"Emotiva fiesta de graduaci\u00f3n del alumnado de segundo de Bachillerato - Colegio San Juan Bosco Valencia","robots":{"index":"index","follow":"follow","max-snippet":"max-snippet:-1","max-image-preview":"max-image-preview:large","max-video-preview":"max-video-preview:-1"},"canonical":"https:\/\/valenciasjb.salesianos.edu\/colegio\/emotiva-fiesta-de-graduacion-del-alumnado-de-segundo-de-bachillerato\/","og_locale":"es_ES","og_type":"article","og_title":"Emotiva fiesta de graduaci\u00f3n del alumnado de segundo de Bachillerato - Colegio San Juan Bosco Valencia","og_description":"Los alumnos y alumnas de segundo de Bachillerato celebraron su fiesta fin de etapa en un sentido acto de graduaci\u00f3n que tuvo lugar el pasado s\u00e1bado, 19 de mayo, en el que estuvieron acompa\u00f1ados de sus profesores, personal del colegio y sus familiares y amigos. Redacci\u00f3n. La fiesta fin de etapa de segundo de Bachillerato [&hellip;]","og_url":"https:\/\/valenciasjb.salesianos.edu\/colegio\/emotiva-fiesta-de-graduacion-del-alumnado-de-segundo-de-bachillerato\/","og_site_name":"Colegio San Juan Bosco Valencia","article_publisher":"https:\/\/www.facebook.com\/ColegioSalesianoSanJuanBoscoValencia","article_published_time":"2018-05-21T20:38:21+00:00","article_modified_time":"2018-05-22T04:27:21+00:00","og_image":[{"width":1024,"height":768,"url":"https:\/\/valenciasjb.salesianos.edu\/colegio\/wp-content\/uploads\/sites\/2\/2018\/05\/20180519_190435-1024x768.jpg","type":"image\/jpeg"}],"author":"veronicapastor","twitter_card":"summary_large_image","twitter_creator":"@SalesianosVSJB","twitter_site":"@SalesianosVSJB","twitter_misc":{"Escrito por":"veronicapastor","Tiempo de lectura":"3 minutos"},"schema":{"@context":"https:\/\/schema.org","@graph":[{"@type":"Article","@id":"https:\/\/valenciasjb.salesianos.edu\/colegio\/emotiva-fiesta-de-graduacion-del-alumnado-de-segundo-de-bachillerato\/#article","isPartOf":{"@id":"https:\/\/valenciasjb.salesianos.edu\/colegio\/emotiva-fiesta-de-graduacion-del-alumnado-de-segundo-de-bachillerato\/"},"author":{"name":"veronicapastor","@id":"https:\/\/valenciasjb.salesianos.edu\/colegio\/#\/schema\/person\/1f45b67e52b27da175190a574db6bed9"},"headline":"Emotiva fiesta de graduaci\u00f3n del alumnado de segundo de Bachillerato","datePublished":"2018-05-21T20:38:21+00:00","dateModified":"2018-05-22T04:27:21+00:00","mainEntityOfPage":{"@id":"https:\/\/valenciasjb.salesianos.edu\/colegio\/emotiva-fiesta-de-graduacion-del-alumnado-de-segundo-de-bachillerato\/"},"wordCount":650,"image":{"@id":"https:\/\/valenciasjb.salesianos.edu\/colegio\/emotiva-fiesta-de-graduacion-del-alumnado-de-segundo-de-bachillerato\/#primaryimage"},"thumbnailUrl":"https:\/\/valenciasjb.salesianos.edu\/colegio\/wp-content\/uploads\/sites\/2\/2018\/05\/20180519_190435.jpg","articleSection":["Noticia Colegio"],"inLanguage":"es"},{"@type":"WebPage","@id":"https:\/\/valenciasjb.salesianos.edu\/colegio\/emotiva-fiesta-de-graduacion-del-alumnado-de-segundo-de-bachillerato\/","url":"https:\/\/valenciasjb.salesianos.edu\/colegio\/emotiva-fiesta-de-graduacion-del-alumnado-de-segundo-de-bachillerato\/","name":"Emotiva fiesta de graduaci\u00f3n del alumnado de segundo de Bachillerato - Colegio San Juan Bosco Valencia","isPartOf":{"@id":"https:\/\/valenciasjb.salesianos.edu\/colegio\/#website"},"primaryImageOfPage":{"@id":"https:\/\/valenciasjb.salesianos.edu\/colegio\/emotiva-fiesta-de-graduacion-del-alumnado-de-segundo-de-bachillerato\/#primaryimage"},"image":{"@id":"https:\/\/valenciasjb.salesianos.edu\/colegio\/emotiva-fiesta-de-graduacion-del-alumnado-de-segundo-de-bachillerato\/#primaryimage"},"thumbnailUrl":"https:\/\/valenciasjb.salesianos.edu\/colegio\/wp-content\/uploads\/sites\/2\/2018\/05\/20180519_190435.jpg","datePublished":"2018-05-21T20:38:21+00:00","dateModified":"2018-05-22T04:27:21+00:00","author":{"@id":"https:\/\/valenciasjb.salesianos.edu\/colegio\/#\/schema\/person\/1f45b67e52b27da175190a574db6bed9"},"breadcrumb":{"@id":"https:\/\/valenciasjb.salesianos.edu\/colegio\/emotiva-fiesta-de-graduacion-del-alumnado-de-segundo-de-bachillerato\/#breadcrumb"},"inLanguage":"es","potentialAction":[{"@type":"ReadAction","target":["https:\/\/valenciasjb.salesianos.edu\/colegio\/emotiva-fiesta-de-graduacion-del-alumnado-de-segundo-de-bachillerato\/"]}]},{"@type":"ImageObject","inLanguage":"es","@id":"https:\/\/valenciasjb.salesianos.edu\/colegio\/emotiva-fiesta-de-graduacion-del-alumnado-de-segundo-de-bachillerato\/#primaryimage","url":"https:\/\/valenciasjb.salesianos.edu\/colegio\/wp-content\/uploads\/sites\/2\/2018\/05\/20180519_190435.jpg","contentUrl":"https:\/\/valenciasjb.salesianos.edu\/colegio\/wp-content\/uploads\/sites\/2\/2018\/05\/20180519_190435.jpg","width":4128,"height":3096},{"@type":"BreadcrumbList","@id":"https:\/\/valenciasjb.salesianos.edu\/colegio\/emotiva-fiesta-de-graduacion-del-alumnado-de-segundo-de-bachillerato\/#breadcrumb","itemListElement":[{"@type":"ListItem","position":1,"name":"Portada","item":"https:\/\/valenciasjb.salesianos.edu\/colegio\/"},{"@type":"ListItem","position":2,"name":"Emotiva fiesta de graduaci\u00f3n del alumnado de segundo de Bachillerato"}]},{"@type":"WebSite","@id":"https:\/\/valenciasjb.salesianos.edu\/colegio\/#website","url":"https:\/\/valenciasjb.salesianos.edu\/colegio\/","name":"Colegio San Juan Bosco Valencia","description":"P\u00e1gina oficial del Colegio Salesianos San Juan Bosco Valencia","alternateName":"Salesianos.VSJB","potentialAction":[{"@type":"SearchAction","target":{"@type":"EntryPoint","urlTemplate":"https:\/\/valenciasjb.salesianos.edu\/colegio\/?s={search_term_string}"},"query-input":{"@type":"PropertyValueSpecification","valueRequired":true,"valueName":"search_term_string"}}],"inLanguage":"es"},{"@type":"Person","@id":"https:\/\/valenciasjb.salesianos.edu\/colegio\/#\/schema\/person\/1f45b67e52b27da175190a574db6bed9","name":"veronicapastor","image":{"@type":"ImageObject","inLanguage":"es","@id":"https:\/\/secure.gravatar.com\/avatar\/e29bd40bace3fd935e1d6fdb7313ffc14628cc037c5e16f4c7369b20a2a6f7f0?s=96&d=mm&r=g","url":"https:\/\/secure.gravatar.com\/avatar\/e29bd40bace3fd935e1d6fdb7313ffc14628cc037c5e16f4c7369b20a2a6f7f0?s=96&d=mm&r=g","contentUrl":"https:\/\/secure.gravatar.com\/avatar\/e29bd40bace3fd935e1d6fdb7313ffc14628cc037c5e16f4c7369b20a2a6f7f0?s=96&d=mm&r=g","caption":"veronicapastor"}}]}},"_links":{"self":[{"href":"https:\/\/valenciasjb.salesianos.edu\/colegio\/wp-json\/wp\/v2\/posts\/9086","targetHints":{"allow":["GET"]}}],"collection":[{"href":"https:\/\/valenciasjb.salesianos.edu\/colegio\/wp-json\/wp\/v2\/posts"}],"about":[{"href":"https:\/\/valenciasjb.salesianos.edu\/colegio\/wp-json\/wp\/v2\/types\/post"}],"author":[{"embeddable":true,"href":"https:\/\/valenciasjb.salesianos.edu\/colegio\/wp-json\/wp\/v2\/users\/6"}],"replies":[{"embeddable":true,"href":"https:\/\/valenciasjb.salesianos.edu\/colegio\/wp-json\/wp\/v2\/comments?post=9086"}],"version-history":[{"count":9,"href":"https:\/\/valenciasjb.salesianos.edu\/colegio\/wp-json\/wp\/v2\/posts\/9086\/revisions"}],"predecessor-version":[{"id":9104,"href":"https:\/\/valenciasjb.salesianos.edu\/colegio\/wp-json\/wp\/v2\/posts\/9086\/revisions\/9104"}],"wp:featuredmedia":[{"embeddable":true,"href":"https:\/\/valenciasjb.salesianos.edu\/colegio\/wp-json\/wp\/v2\/media\/9095"}],"wp:attachment":[{"href":"https:\/\/valenciasjb.salesianos.edu\/colegio\/wp-json\/wp\/v2\/media?parent=9086"}],"wp:term":[{"taxonomy":"category","embeddable":true,"href":"https:\/\/valenciasjb.salesianos.edu\/colegio\/wp-json\/wp\/v2\/categories?post=9086"},{"taxonomy":"post_tag","embeddable":true,"href":"https:\/\/valenciasjb.salesianos.edu\/colegio\/wp-json\/wp\/v2\/tags?post=9086"}],"curies":[{"name":"wp","href":"https:\/\/api.w.org\/{rel}","templated":true}]}}