{"id":9116,"date":"2018-05-25T15:09:37","date_gmt":"2018-05-25T14:09:37","guid":{"rendered":"https:\/\/valenciasjb.salesianos.edu\/colegio\/?p=9116"},"modified":"2018-05-25T15:09:37","modified_gmt":"2018-05-25T14:09:37","slug":"toda-la-comunidad-educativa-celebra-a-maria-auxiliadora-en-su-gran-dia","status":"publish","type":"post","link":"https:\/\/valenciasjb.salesianos.edu\/colegio\/toda-la-comunidad-educativa-celebra-a-maria-auxiliadora-en-su-gran-dia\/","title":{"rendered":"Toda la comunidad educativa celebra a Mar\u00eda Auxiliadora en su gran d\u00eda"},"content":{"rendered":"<div id=\"fb-root\"><\/div>\n<p>[et_pb_section bb_built=\u00bb1&#8243; admin_label=\u00bbsection\u00bb][et_pb_row admin_label=\u00bbrow\u00bb background_position=\u00bbtop_left\u00bb background_repeat=\u00bbrepeat\u00bb background_size=\u00bbinitial\u00bb][et_pb_column type=\u00bb4_4&#8243;][et_pb_text admin_label=\u00bbEntradilla (Texto)\u00bb _builder_version=\u00bb3.0.105&#8243; background_layout=\u00bblight\u00bb text_orientation=\u00bbjustified\u00bb text_font=\u00bb|on|||\u00bb module_alignment=\u00bbleft\u00bb]<\/p>\n<div id=\"resumen\"><strong><strong>Toda la comunidad educativa, alumnos, alumnas, exalumnos, familias, profesorado, antiguos profesores, educadores, personal de administraci\u00f3n y servicios y salesianos\u00a0<\/strong><\/strong><strong>se han reunido hoy en el colegio para<\/strong><strong>\u00a0rendir homenaje a nuestra querida madre del cielo, Mar\u00eda Auxiliadora.<\/strong><\/div>\n<p>[\/et_pb_text][et_pb_text admin_label=\u00bbAutor (Texto)\u00bb _builder_version=\u00bb3.0.105&#8243; background_layout=\u00bblight\u00bb text_font=\u00bb||on||\u00bb]<\/p>\n<p>Redacci\u00f3n.<\/p>\n<p>[\/et_pb_text][et_pb_text admin_label=\u00bbDesarrollo (Texto)\u00bb _builder_version=\u00bb3.0.105&#8243; background_layout=\u00bblight\u00bb text_orientation=\u00bbjustified\u00bb module_alignment=\u00bbleft\u00bb]<\/p>\n<p><img loading=\"lazy\" decoding=\"async\" class=\"alignnone  wp-image-9127\" src=\"https:\/\/valenciasjb.salesianos.edu\/colegio\/wp-content\/uploads\/sites\/2\/2018\/05\/DSC_0634-300x199.jpg\" alt=\"\" width=\"724\" height=\"480\" srcset=\"https:\/\/valenciasjb.salesianos.edu\/colegio\/wp-content\/uploads\/sites\/2\/2018\/05\/DSC_0634-300x199.jpg 300w, https:\/\/valenciasjb.salesianos.edu\/colegio\/wp-content\/uploads\/sites\/2\/2018\/05\/DSC_0634-1024x681.jpg 1024w, https:\/\/valenciasjb.salesianos.edu\/colegio\/wp-content\/uploads\/sites\/2\/2018\/05\/DSC_0634-1080x718.jpg 1080w\" sizes=\"(max-width: 724px) 100vw, 724px\" \/><\/p>\n<p>La gran fiesta colegial en honor a Mar\u00eda Auxiliadora ha dado comienzo, a primera hora de la ma\u00f1ana, al abrirse las puertas del colegio y el patio se ha llenado de sonrisas de todos los alumnos y alumnas, que tra\u00edan en sus manos flores de distintos colores para brindar su especial ofrenda a la Virgen.<\/p>\n<p>El acto ha dado comienzo con las palabras de Jos\u00e9 G\u00f3mez y Juan Peris, directores de la casa y del colegio. En la celebraci\u00f3n ha habido lugar para bailes dirigidos por los ni\u00f1os y ni\u00f1as de Primaria en honor a Mar\u00eda, la ofrenda de flores de todo el colegio y posterior oraci\u00f3n a nuestra madre, as\u00ed como la sentida procesi\u00f3n a manos de todos los cursos de Secundaria. La nueva imagen de Mar\u00eda Auxiliadora, realizada por Fernando Urios y Rafa Gomar, se ha revestido de un precioso manto de vistosas y variadas flores.<\/p>\n<p>Finalizado el acto mariano, los ni\u00f1os y ni\u00f1as de Infantil han acudido a las clases, acompa\u00f1ados de sus profesoras y alumnado voluntario de Bachillerato para ir al teatro a disfrutar de la ma\u00f1ana, mientras que los alumnos y alumnas de Primaria y Secundaria han protagonizado una emotiva gynkana conjunta, en la que los alumnos de Bachillerato, asistidos por los profesores, dirig\u00edan las pruebas de los equipos capitaneados por alumnos y alumnas de cuarto de ESO, que han hecho de monitores de todos los m\u00e1s peque\u00f1os desde primero de Primaria.\u00a0AMPAS ha invitado a toda Primaria y Secundaria a almorzar y a Infantil a merendar.<\/p>\n<p>En definitiva, una maravillosa jornada para vivir en familia, que precede a unos d\u00edas entra\u00f1ables de celebraci\u00f3n, en los que el viernes por la tarde se realizar\u00e1 la segunda misa del Triduo en honor a Mar\u00eda, seguida de la cena solidaria de AMPAS. El s\u00e1bado, de nuevo, tendr\u00e1 lugar la solemne misa a cargo del colegio, que concluir\u00e1 con una gran procesi\u00f3n por las calles del barrio para que todos y todas puedan elogiar a Mar\u00eda con el cari\u00f1o y la devoci\u00f3n que sienten.<\/p>\n<p>[\/et_pb_text][et_pb_text admin_label=\u00bbT\u00edtulo: Galer\u00eda de fotos (Texto)\u00bb _builder_version=\u00bb3.0.76&#8243; background_layout=\u00bblight\u00bb text_font=\u00bb|on|||\u00bb text_text_color=\u00bb#dc001b\u00bb border_style=\u00bbsolid\u00bb disabled=\u00bboff\u00bb disabled_on=\u00bboff|on|on\u00bb]<\/p>\n<p>Galer\u00eda de im\u00e1genes<\/p>\n<p>[\/et_pb_text][et_pb_gallery _builder_version=\u00bb3.0.105&#8243; posts_number=\u00bb8&#8243; show_title_and_caption=\u00bboff\u00bb show_pagination=\u00bbon\u00bb fullwidth=\u00bboff\u00bb orientation=\u00bblandscape\u00bb zoom_icon_color=\u00bb#dc001b\u00bb hover_overlay_color=\u00bbrgba(255,255,255,0.9)\u00bb hover_icon=\u00bb%%51%%\u00bb background_layout=\u00bblight\u00bb disabled=\u00bboff\u00bb disabled_on=\u00bboff|off|off\u00bb gallery_ids=\u00bb9118,9119,9120,9121,9122,9123,9124,9125,9126,9127,9128&#8243; pagination_font_size_tablet=\u00bb51&#8243; pagination_line_height_tablet=\u00bb2&#8243; \/][et_pb_video _builder_version=\u00bb3.0.51&#8243; disabled=\u00bbon\u00bb disabled_on=\u00bbon|on|on\u00bb \/][\/et_pb_column][\/et_pb_row][\/et_pb_section]<\/p>\n<!-- AddThis Advanced Settings generic via filter on the_content --><!-- AddThis Share Buttons generic via filter on the_content -->","protected":false},"excerpt":{"rendered":"<p>Toda la comunidad educativa, alumnos, alumnas, exalumnos, familias, profesorado, antiguos profesores, educadores, personal de administraci\u00f3n y servicios y salesianos\u00a0se han reunido hoy en el colegio para\u00a0rendir homenaje a nuestra querida madre del cielo, Mar\u00eda Auxiliadora. Redacci\u00f3n. La gran fiesta colegial en honor a Mar\u00eda Auxiliadora ha dado comienzo, a primera hora de la ma\u00f1ana, al [&hellip;]<\/p>\n<p><!-- AddThis Advanced Settings generic via filter on get_the_excerpt --><!-- AddThis Share Buttons generic via filter on get_the_excerpt --><\/p>\n","protected":false},"author":6,"featured_media":9123,"comment_status":"closed","ping_status":"open","sticky":false,"template":"","format":"standard","meta":{"_et_pb_use_builder":"on","_et_pb_old_content":"","_et_gb_content_width":"","footnotes":""},"categories":[14],"tags":[],"class_list":["post-9116","post","type-post","status-publish","format-standard","has-post-thumbnail","hentry","category-noticia_colegio"],"yoast_head":"<!-- This site is optimized with the Yoast SEO plugin v28.4 - https:\/\/yoast.com\/product\/yoast-seo-wordpress\/ -->\n<title>Toda la comunidad educativa celebra a Mar\u00eda Auxiliadora en su gran d\u00eda - Colegio San Juan Bosco Valencia<\/title>\n<meta name=\"robots\" content=\"index, follow, max-snippet:-1, max-image-preview:large, max-video-preview:-1\" \/>\n<link rel=\"canonical\" href=\"https:\/\/valenciasjb.salesianos.edu\/colegio\/toda-la-comunidad-educativa-celebra-a-maria-auxiliadora-en-su-gran-dia\/\" \/>\n<meta property=\"og:locale\" content=\"es_ES\" \/>\n<meta property=\"og:type\" content=\"article\" \/>\n<meta property=\"og:title\" content=\"Toda la comunidad educativa celebra a Mar\u00eda Auxiliadora en su gran d\u00eda - Colegio San Juan Bosco Valencia\" \/>\n<meta property=\"og:description\" content=\"Toda la comunidad educativa, alumnos, alumnas, exalumnos, familias, profesorado, antiguos profesores, educadores, personal de administraci\u00f3n y servicios y salesianos\u00a0se han reunido hoy en el colegio para\u00a0rendir homenaje a nuestra querida madre del cielo, Mar\u00eda Auxiliadora. Redacci\u00f3n. La gran fiesta colegial en honor a Mar\u00eda Auxiliadora ha dado comienzo, a primera hora de la ma\u00f1ana, al [&hellip;]\" \/>\n<meta property=\"og:url\" content=\"https:\/\/valenciasjb.salesianos.edu\/colegio\/toda-la-comunidad-educativa-celebra-a-maria-auxiliadora-en-su-gran-dia\/\" \/>\n<meta property=\"og:site_name\" content=\"Colegio San Juan Bosco Valencia\" \/>\n<meta property=\"article:publisher\" content=\"https:\/\/www.facebook.com\/ColegioSalesianoSanJuanBoscoValencia\" \/>\n<meta property=\"article:published_time\" content=\"2018-05-25T14:09:37+00:00\" \/>\n<meta property=\"og:image\" content=\"https:\/\/valenciasjb.salesianos.edu\/colegio\/wp-content\/uploads\/sites\/2\/2018\/05\/DSC_0673-1024x681.jpg\" \/>\n\t<meta property=\"og:image:width\" content=\"1024\" \/>\n\t<meta property=\"og:image:height\" content=\"681\" \/>\n\t<meta property=\"og:image:type\" content=\"image\/jpeg\" \/>\n<meta name=\"author\" content=\"veronicapastor\" \/>\n<meta name=\"twitter:card\" content=\"summary_large_image\" \/>\n<meta name=\"twitter:creator\" content=\"@SalesianosVSJB\" \/>\n<meta name=\"twitter:site\" content=\"@SalesianosVSJB\" \/>\n<meta name=\"twitter:label1\" content=\"Escrito por\" \/>\n\t<meta name=\"twitter:data1\" content=\"veronicapastor\" \/>\n\t<meta name=\"twitter:label2\" content=\"Tiempo de lectura\" \/>\n\t<meta name=\"twitter:data2\" content=\"3 minutos\" \/>\n<script type=\"application\/ld+json\" class=\"yoast-schema-graph\">{\"@context\":\"https:\\\/\\\/schema.org\",\"@graph\":[{\"@type\":\"Article\",\"@id\":\"https:\\\/\\\/valenciasjb.salesianos.edu\\\/colegio\\\/toda-la-comunidad-educativa-celebra-a-maria-auxiliadora-en-su-gran-dia\\\/#article\",\"isPartOf\":{\"@id\":\"https:\\\/\\\/valenciasjb.salesianos.edu\\\/colegio\\\/toda-la-comunidad-educativa-celebra-a-maria-auxiliadora-en-su-gran-dia\\\/\"},\"author\":{\"name\":\"veronicapastor\",\"@id\":\"https:\\\/\\\/valenciasjb.salesianos.edu\\\/colegio\\\/#\\\/schema\\\/person\\\/1f45b67e52b27da175190a574db6bed9\"},\"headline\":\"Toda la comunidad educativa celebra a Mar\u00eda Auxiliadora en su gran d\u00eda\",\"datePublished\":\"2018-05-25T14:09:37+00:00\",\"mainEntityOfPage\":{\"@id\":\"https:\\\/\\\/valenciasjb.salesianos.edu\\\/colegio\\\/toda-la-comunidad-educativa-celebra-a-maria-auxiliadora-en-su-gran-dia\\\/\"},\"wordCount\":623,\"image\":{\"@id\":\"https:\\\/\\\/valenciasjb.salesianos.edu\\\/colegio\\\/toda-la-comunidad-educativa-celebra-a-maria-auxiliadora-en-su-gran-dia\\\/#primaryimage\"},\"thumbnailUrl\":\"https:\\\/\\\/valenciasjb.salesianos.edu\\\/colegio\\\/wp-content\\\/uploads\\\/sites\\\/2\\\/2018\\\/05\\\/DSC_0673.jpg\",\"articleSection\":[\"Noticia Colegio\"],\"inLanguage\":\"es\"},{\"@type\":\"WebPage\",\"@id\":\"https:\\\/\\\/valenciasjb.salesianos.edu\\\/colegio\\\/toda-la-comunidad-educativa-celebra-a-maria-auxiliadora-en-su-gran-dia\\\/\",\"url\":\"https:\\\/\\\/valenciasjb.salesianos.edu\\\/colegio\\\/toda-la-comunidad-educativa-celebra-a-maria-auxiliadora-en-su-gran-dia\\\/\",\"name\":\"Toda la comunidad educativa celebra a Mar\u00eda Auxiliadora en su gran d\u00eda - Colegio San Juan Bosco Valencia\",\"isPartOf\":{\"@id\":\"https:\\\/\\\/valenciasjb.salesianos.edu\\\/colegio\\\/#website\"},\"primaryImageOfPage\":{\"@id\":\"https:\\\/\\\/valenciasjb.salesianos.edu\\\/colegio\\\/toda-la-comunidad-educativa-celebra-a-maria-auxiliadora-en-su-gran-dia\\\/#primaryimage\"},\"image\":{\"@id\":\"https:\\\/\\\/valenciasjb.salesianos.edu\\\/colegio\\\/toda-la-comunidad-educativa-celebra-a-maria-auxiliadora-en-su-gran-dia\\\/#primaryimage\"},\"thumbnailUrl\":\"https:\\\/\\\/valenciasjb.salesianos.edu\\\/colegio\\\/wp-content\\\/uploads\\\/sites\\\/2\\\/2018\\\/05\\\/DSC_0673.jpg\",\"datePublished\":\"2018-05-25T14:09:37+00:00\",\"author\":{\"@id\":\"https:\\\/\\\/valenciasjb.salesianos.edu\\\/colegio\\\/#\\\/schema\\\/person\\\/1f45b67e52b27da175190a574db6bed9\"},\"breadcrumb\":{\"@id\":\"https:\\\/\\\/valenciasjb.salesianos.edu\\\/colegio\\\/toda-la-comunidad-educativa-celebra-a-maria-auxiliadora-en-su-gran-dia\\\/#breadcrumb\"},\"inLanguage\":\"es\",\"potentialAction\":[{\"@type\":\"ReadAction\",\"target\":[\"https:\\\/\\\/valenciasjb.salesianos.edu\\\/colegio\\\/toda-la-comunidad-educativa-celebra-a-maria-auxiliadora-en-su-gran-dia\\\/\"]}]},{\"@type\":\"ImageObject\",\"inLanguage\":\"es\",\"@id\":\"https:\\\/\\\/valenciasjb.salesianos.edu\\\/colegio\\\/toda-la-comunidad-educativa-celebra-a-maria-auxiliadora-en-su-gran-dia\\\/#primaryimage\",\"url\":\"https:\\\/\\\/valenciasjb.salesianos.edu\\\/colegio\\\/wp-content\\\/uploads\\\/sites\\\/2\\\/2018\\\/05\\\/DSC_0673.jpg\",\"contentUrl\":\"https:\\\/\\\/valenciasjb.salesianos.edu\\\/colegio\\\/wp-content\\\/uploads\\\/sites\\\/2\\\/2018\\\/05\\\/DSC_0673.jpg\",\"width\":6016,\"height\":4000},{\"@type\":\"BreadcrumbList\",\"@id\":\"https:\\\/\\\/valenciasjb.salesianos.edu\\\/colegio\\\/toda-la-comunidad-educativa-celebra-a-maria-auxiliadora-en-su-gran-dia\\\/#breadcrumb\",\"itemListElement\":[{\"@type\":\"ListItem\",\"position\":1,\"name\":\"Portada\",\"item\":\"https:\\\/\\\/valenciasjb.salesianos.edu\\\/colegio\\\/\"},{\"@type\":\"ListItem\",\"position\":2,\"name\":\"Toda la comunidad educativa celebra a Mar\u00eda Auxiliadora en su gran d\u00eda\"}]},{\"@type\":\"WebSite\",\"@id\":\"https:\\\/\\\/valenciasjb.salesianos.edu\\\/colegio\\\/#website\",\"url\":\"https:\\\/\\\/valenciasjb.salesianos.edu\\\/colegio\\\/\",\"name\":\"Colegio San Juan Bosco Valencia\",\"description\":\"P\u00e1gina oficial del Colegio Salesianos San Juan Bosco Valencia\",\"alternateName\":\"Salesianos.VSJB\",\"potentialAction\":[{\"@type\":\"SearchAction\",\"target\":{\"@type\":\"EntryPoint\",\"urlTemplate\":\"https:\\\/\\\/valenciasjb.salesianos.edu\\\/colegio\\\/?s={search_term_string}\"},\"query-input\":{\"@type\":\"PropertyValueSpecification\",\"valueRequired\":true,\"valueName\":\"search_term_string\"}}],\"inLanguage\":\"es\"},{\"@type\":\"Person\",\"@id\":\"https:\\\/\\\/valenciasjb.salesianos.edu\\\/colegio\\\/#\\\/schema\\\/person\\\/1f45b67e52b27da175190a574db6bed9\",\"name\":\"veronicapastor\",\"image\":{\"@type\":\"ImageObject\",\"inLanguage\":\"es\",\"@id\":\"https:\\\/\\\/secure.gravatar.com\\\/avatar\\\/e29bd40bace3fd935e1d6fdb7313ffc14628cc037c5e16f4c7369b20a2a6f7f0?s=96&d=mm&r=g\",\"url\":\"https:\\\/\\\/secure.gravatar.com\\\/avatar\\\/e29bd40bace3fd935e1d6fdb7313ffc14628cc037c5e16f4c7369b20a2a6f7f0?s=96&d=mm&r=g\",\"contentUrl\":\"https:\\\/\\\/secure.gravatar.com\\\/avatar\\\/e29bd40bace3fd935e1d6fdb7313ffc14628cc037c5e16f4c7369b20a2a6f7f0?s=96&d=mm&r=g\",\"caption\":\"veronicapastor\"}}]}<\/script>\n<!-- \/ Yoast SEO plugin. -->","yoast_head_json":{"title":"Toda la comunidad educativa celebra a Mar\u00eda Auxiliadora en su gran d\u00eda - Colegio San Juan Bosco Valencia","robots":{"index":"index","follow":"follow","max-snippet":"max-snippet:-1","max-image-preview":"max-image-preview:large","max-video-preview":"max-video-preview:-1"},"canonical":"https:\/\/valenciasjb.salesianos.edu\/colegio\/toda-la-comunidad-educativa-celebra-a-maria-auxiliadora-en-su-gran-dia\/","og_locale":"es_ES","og_type":"article","og_title":"Toda la comunidad educativa celebra a Mar\u00eda Auxiliadora en su gran d\u00eda - Colegio San Juan Bosco Valencia","og_description":"Toda la comunidad educativa, alumnos, alumnas, exalumnos, familias, profesorado, antiguos profesores, educadores, personal de administraci\u00f3n y servicios y salesianos\u00a0se han reunido hoy en el colegio para\u00a0rendir homenaje a nuestra querida madre del cielo, Mar\u00eda Auxiliadora. Redacci\u00f3n. La gran fiesta colegial en honor a Mar\u00eda Auxiliadora ha dado comienzo, a primera hora de la ma\u00f1ana, al [&hellip;]","og_url":"https:\/\/valenciasjb.salesianos.edu\/colegio\/toda-la-comunidad-educativa-celebra-a-maria-auxiliadora-en-su-gran-dia\/","og_site_name":"Colegio San Juan Bosco Valencia","article_publisher":"https:\/\/www.facebook.com\/ColegioSalesianoSanJuanBoscoValencia","article_published_time":"2018-05-25T14:09:37+00:00","og_image":[{"width":1024,"height":681,"url":"https:\/\/valenciasjb.salesianos.edu\/colegio\/wp-content\/uploads\/sites\/2\/2018\/05\/DSC_0673-1024x681.jpg","type":"image\/jpeg"}],"author":"veronicapastor","twitter_card":"summary_large_image","twitter_creator":"@SalesianosVSJB","twitter_site":"@SalesianosVSJB","twitter_misc":{"Escrito por":"veronicapastor","Tiempo de lectura":"3 minutos"},"schema":{"@context":"https:\/\/schema.org","@graph":[{"@type":"Article","@id":"https:\/\/valenciasjb.salesianos.edu\/colegio\/toda-la-comunidad-educativa-celebra-a-maria-auxiliadora-en-su-gran-dia\/#article","isPartOf":{"@id":"https:\/\/valenciasjb.salesianos.edu\/colegio\/toda-la-comunidad-educativa-celebra-a-maria-auxiliadora-en-su-gran-dia\/"},"author":{"name":"veronicapastor","@id":"https:\/\/valenciasjb.salesianos.edu\/colegio\/#\/schema\/person\/1f45b67e52b27da175190a574db6bed9"},"headline":"Toda la comunidad educativa celebra a Mar\u00eda Auxiliadora en su gran d\u00eda","datePublished":"2018-05-25T14:09:37+00:00","mainEntityOfPage":{"@id":"https:\/\/valenciasjb.salesianos.edu\/colegio\/toda-la-comunidad-educativa-celebra-a-maria-auxiliadora-en-su-gran-dia\/"},"wordCount":623,"image":{"@id":"https:\/\/valenciasjb.salesianos.edu\/colegio\/toda-la-comunidad-educativa-celebra-a-maria-auxiliadora-en-su-gran-dia\/#primaryimage"},"thumbnailUrl":"https:\/\/valenciasjb.salesianos.edu\/colegio\/wp-content\/uploads\/sites\/2\/2018\/05\/DSC_0673.jpg","articleSection":["Noticia Colegio"],"inLanguage":"es"},{"@type":"WebPage","@id":"https:\/\/valenciasjb.salesianos.edu\/colegio\/toda-la-comunidad-educativa-celebra-a-maria-auxiliadora-en-su-gran-dia\/","url":"https:\/\/valenciasjb.salesianos.edu\/colegio\/toda-la-comunidad-educativa-celebra-a-maria-auxiliadora-en-su-gran-dia\/","name":"Toda la comunidad educativa celebra a Mar\u00eda Auxiliadora en su gran d\u00eda - Colegio San Juan Bosco Valencia","isPartOf":{"@id":"https:\/\/valenciasjb.salesianos.edu\/colegio\/#website"},"primaryImageOfPage":{"@id":"https:\/\/valenciasjb.salesianos.edu\/colegio\/toda-la-comunidad-educativa-celebra-a-maria-auxiliadora-en-su-gran-dia\/#primaryimage"},"image":{"@id":"https:\/\/valenciasjb.salesianos.edu\/colegio\/toda-la-comunidad-educativa-celebra-a-maria-auxiliadora-en-su-gran-dia\/#primaryimage"},"thumbnailUrl":"https:\/\/valenciasjb.salesianos.edu\/colegio\/wp-content\/uploads\/sites\/2\/2018\/05\/DSC_0673.jpg","datePublished":"2018-05-25T14:09:37+00:00","author":{"@id":"https:\/\/valenciasjb.salesianos.edu\/colegio\/#\/schema\/person\/1f45b67e52b27da175190a574db6bed9"},"breadcrumb":{"@id":"https:\/\/valenciasjb.salesianos.edu\/colegio\/toda-la-comunidad-educativa-celebra-a-maria-auxiliadora-en-su-gran-dia\/#breadcrumb"},"inLanguage":"es","potentialAction":[{"@type":"ReadAction","target":["https:\/\/valenciasjb.salesianos.edu\/colegio\/toda-la-comunidad-educativa-celebra-a-maria-auxiliadora-en-su-gran-dia\/"]}]},{"@type":"ImageObject","inLanguage":"es","@id":"https:\/\/valenciasjb.salesianos.edu\/colegio\/toda-la-comunidad-educativa-celebra-a-maria-auxiliadora-en-su-gran-dia\/#primaryimage","url":"https:\/\/valenciasjb.salesianos.edu\/colegio\/wp-content\/uploads\/sites\/2\/2018\/05\/DSC_0673.jpg","contentUrl":"https:\/\/valenciasjb.salesianos.edu\/colegio\/wp-content\/uploads\/sites\/2\/2018\/05\/DSC_0673.jpg","width":6016,"height":4000},{"@type":"BreadcrumbList","@id":"https:\/\/valenciasjb.salesianos.edu\/colegio\/toda-la-comunidad-educativa-celebra-a-maria-auxiliadora-en-su-gran-dia\/#breadcrumb","itemListElement":[{"@type":"ListItem","position":1,"name":"Portada","item":"https:\/\/valenciasjb.salesianos.edu\/colegio\/"},{"@type":"ListItem","position":2,"name":"Toda la comunidad educativa celebra a Mar\u00eda Auxiliadora en su gran d\u00eda"}]},{"@type":"WebSite","@id":"https:\/\/valenciasjb.salesianos.edu\/colegio\/#website","url":"https:\/\/valenciasjb.salesianos.edu\/colegio\/","name":"Colegio San Juan Bosco Valencia","description":"P\u00e1gina oficial del Colegio Salesianos San Juan Bosco Valencia","alternateName":"Salesianos.VSJB","potentialAction":[{"@type":"SearchAction","target":{"@type":"EntryPoint","urlTemplate":"https:\/\/valenciasjb.salesianos.edu\/colegio\/?s={search_term_string}"},"query-input":{"@type":"PropertyValueSpecification","valueRequired":true,"valueName":"search_term_string"}}],"inLanguage":"es"},{"@type":"Person","@id":"https:\/\/valenciasjb.salesianos.edu\/colegio\/#\/schema\/person\/1f45b67e52b27da175190a574db6bed9","name":"veronicapastor","image":{"@type":"ImageObject","inLanguage":"es","@id":"https:\/\/secure.gravatar.com\/avatar\/e29bd40bace3fd935e1d6fdb7313ffc14628cc037c5e16f4c7369b20a2a6f7f0?s=96&d=mm&r=g","url":"https:\/\/secure.gravatar.com\/avatar\/e29bd40bace3fd935e1d6fdb7313ffc14628cc037c5e16f4c7369b20a2a6f7f0?s=96&d=mm&r=g","contentUrl":"https:\/\/secure.gravatar.com\/avatar\/e29bd40bace3fd935e1d6fdb7313ffc14628cc037c5e16f4c7369b20a2a6f7f0?s=96&d=mm&r=g","caption":"veronicapastor"}}]}},"_links":{"self":[{"href":"https:\/\/valenciasjb.salesianos.edu\/colegio\/wp-json\/wp\/v2\/posts\/9116","targetHints":{"allow":["GET"]}}],"collection":[{"href":"https:\/\/valenciasjb.salesianos.edu\/colegio\/wp-json\/wp\/v2\/posts"}],"about":[{"href":"https:\/\/valenciasjb.salesianos.edu\/colegio\/wp-json\/wp\/v2\/types\/post"}],"author":[{"embeddable":true,"href":"https:\/\/valenciasjb.salesianos.edu\/colegio\/wp-json\/wp\/v2\/users\/6"}],"replies":[{"embeddable":true,"href":"https:\/\/valenciasjb.salesianos.edu\/colegio\/wp-json\/wp\/v2\/comments?post=9116"}],"version-history":[{"count":3,"href":"https:\/\/valenciasjb.salesianos.edu\/colegio\/wp-json\/wp\/v2\/posts\/9116\/revisions"}],"predecessor-version":[{"id":9130,"href":"https:\/\/valenciasjb.salesianos.edu\/colegio\/wp-json\/wp\/v2\/posts\/9116\/revisions\/9130"}],"wp:featuredmedia":[{"embeddable":true,"href":"https:\/\/valenciasjb.salesianos.edu\/colegio\/wp-json\/wp\/v2\/media\/9123"}],"wp:attachment":[{"href":"https:\/\/valenciasjb.salesianos.edu\/colegio\/wp-json\/wp\/v2\/media?parent=9116"}],"wp:term":[{"taxonomy":"category","embeddable":true,"href":"https:\/\/valenciasjb.salesianos.edu\/colegio\/wp-json\/wp\/v2\/categories?post=9116"},{"taxonomy":"post_tag","embeddable":true,"href":"https:\/\/valenciasjb.salesianos.edu\/colegio\/wp-json\/wp\/v2\/tags?post=9116"}],"curies":[{"name":"wp","href":"https:\/\/api.w.org\/{rel}","templated":true}]}}