{"id":9141,"date":"2018-05-30T20:56:24","date_gmt":"2018-05-30T19:56:24","guid":{"rendered":"https:\/\/valenciasjb.salesianos.edu\/colegio\/?p=9141"},"modified":"2018-05-30T20:58:05","modified_gmt":"2018-05-30T19:58:05","slug":"foro-abierto-a-profesores-para-trazar-las-lineas-del-nuevo-plan-estrategico-del-colegio","status":"publish","type":"post","link":"https:\/\/valenciasjb.salesianos.edu\/colegio\/foro-abierto-a-profesores-para-trazar-las-lineas-del-nuevo-plan-estrategico-del-colegio\/","title":{"rendered":"Foro abierto a profesores para trazar las l\u00edneas del nuevo plan estrat\u00e9gico del colegio"},"content":{"rendered":"<div id=\"fb-root\"><\/div>\n<p>[et_pb_section bb_built=\u00bb1&#8243; admin_label=\u00bbsection\u00bb][et_pb_row admin_label=\u00bbrow\u00bb background_position=\u00bbtop_left\u00bb background_repeat=\u00bbrepeat\u00bb background_size=\u00bbinitial\u00bb][et_pb_column type=\u00bb4_4&#8243;][et_pb_text admin_label=\u00bbEntradilla (Texto)\u00bb _builder_version=\u00bb3.0.105&#8243; background_layout=\u00bblight\u00bb text_orientation=\u00bbjustified\u00bb text_font=\u00bb|on|||\u00bb module_alignment=\u00bbleft\u00bb]<\/p>\n<div id=\"resumen\"><strong>Durante la tarde del mi\u00e9rcoles, 30 de mayo, a las 17.30 horas, ha dado comienzo el Foro abierto a profesorado con el\u00a0objetivo de poder escuchar sugerencias, responder inquietudes y recoger impresiones para la elaboraci\u00f3n del nuevo Plan Estrat\u00e9gico del colegio.<\/strong><\/div>\n<div><\/div>\n<p>[\/et_pb_text][et_pb_text admin_label=\u00bbAutor (Texto)\u00bb _builder_version=\u00bb3.0.85&#8243; background_layout=\u00bblight\u00bb text_font=\u00bb||on||\u00bb]<\/p>\n<p>Redacci\u00f3n<\/p>\n<p>[\/et_pb_text][et_pb_text admin_label=\u00bbDesarrollo (Texto)\u00bb _builder_version=\u00bb3.0.105&#8243; background_layout=\u00bblight\u00bb text_orientation=\u00bbjustified\u00bb module_alignment=\u00bbleft\u00bb]<\/p>\n<div>Durante la primera media hora, Luis Miguel Notario, Delegado de Escuelas de la Inspector\u00eda, ha compartido con los presentes cu\u00e1l es la situaci\u00f3n actual de las escuelas de esta inspector\u00eda salesiana y ha comentado las l\u00edneas estrat\u00e9gicas inspectoriales de futuro.<\/div>\n<div><\/div>\n<div>Despu\u00e9s se ha abierto un foro para que el profesorado comentara las metas que, como colegio, nos tendr\u00edamos que plantear para los pr\u00f3ximos a\u00f1os. Y finalmente, la direcci\u00f3n del centro ha respondido a las cuestiones del profesorado.<\/div>\n<div><\/div>\n<p>El nombre de este foro,\u00a0Quo vadis,\u00a0es una frase latina que significa \u00ab\u00bfAd\u00f3nde vas?\u00bb. Y eso queremos saber&#8230;hacia d\u00f3nde queremos ir, para ser\u00a0parte activa de este proyecto que no es otro que hacer realidad el sue\u00f1o de Don Bosco en nuestro barrio.<\/p>\n<p>[\/et_pb_text][et_pb_text admin_label=\u00bbT\u00edtulo: Galer\u00eda de fotos (Texto)\u00bb _builder_version=\u00bb3.0.76&#8243; background_layout=\u00bblight\u00bb text_font=\u00bb|on|||\u00bb text_text_color=\u00bb#dc001b\u00bb border_style=\u00bbsolid\u00bb disabled=\u00bboff\u00bb disabled_on=\u00bboff|on|on\u00bb]<\/p>\n<p>Galer\u00eda de im\u00e1genes<\/p>\n<p>[\/et_pb_text][et_pb_gallery _builder_version=\u00bb3.0.105&#8243; posts_number=\u00bb8&#8243; show_title_and_caption=\u00bboff\u00bb show_pagination=\u00bbon\u00bb fullwidth=\u00bboff\u00bb orientation=\u00bblandscape\u00bb zoom_icon_color=\u00bb#dc001b\u00bb hover_overlay_color=\u00bbrgba(255,255,255,0.9)\u00bb hover_icon=\u00bb%%51%%\u00bb background_layout=\u00bblight\u00bb disabled=\u00bboff\u00bb disabled_on=\u00bboff|off|off\u00bb gallery_ids=\u00bb9142,9143,9144,9145,9146,9148,9150,9151,9147&#8243; pagination_font_size_tablet=\u00bb51&#8243; pagination_line_height_tablet=\u00bb2&#8243; \/][et_pb_video _builder_version=\u00bb3.0.51&#8243; disabled=\u00bbon\u00bb disabled_on=\u00bbon|on|on\u00bb \/][\/et_pb_column][\/et_pb_row][\/et_pb_section]<\/p>\n<!-- AddThis Advanced Settings generic via filter on the_content --><!-- AddThis Share Buttons generic via filter on the_content -->","protected":false},"excerpt":{"rendered":"<p>Durante la tarde del mi\u00e9rcoles, 30 de mayo, a las 17.30 horas, ha dado comienzo el Foro abierto a profesorado con el\u00a0objetivo de poder escuchar sugerencias, responder inquietudes y recoger impresiones para la elaboraci\u00f3n del nuevo Plan Estrat\u00e9gico del colegio. Redacci\u00f3n Durante la primera media hora, Luis Miguel Notario, Delegado de Escuelas de la Inspector\u00eda, [&hellip;]<\/p>\n<p><!-- AddThis Advanced Settings generic via filter on get_the_excerpt --><!-- AddThis Share Buttons generic via filter on get_the_excerpt --><\/p>\n","protected":false},"author":6,"featured_media":9144,"comment_status":"closed","ping_status":"open","sticky":false,"template":"","format":"standard","meta":{"_et_pb_use_builder":"on","_et_pb_old_content":"","_et_gb_content_width":"","footnotes":""},"categories":[14],"tags":[],"class_list":["post-9141","post","type-post","status-publish","format-standard","has-post-thumbnail","hentry","category-noticia_colegio"],"yoast_head":"<!-- This site is optimized with the Yoast SEO plugin v28.4 - https:\/\/yoast.com\/product\/yoast-seo-wordpress\/ -->\n<title>Foro abierto a profesores para trazar las l\u00edneas del nuevo plan estrat\u00e9gico del colegio - Colegio San Juan Bosco Valencia<\/title>\n<meta name=\"robots\" content=\"index, follow, max-snippet:-1, max-image-preview:large, max-video-preview:-1\" \/>\n<link rel=\"canonical\" href=\"https:\/\/valenciasjb.salesianos.edu\/colegio\/foro-abierto-a-profesores-para-trazar-las-lineas-del-nuevo-plan-estrategico-del-colegio\/\" \/>\n<meta property=\"og:locale\" content=\"es_ES\" \/>\n<meta property=\"og:type\" content=\"article\" \/>\n<meta property=\"og:title\" content=\"Foro abierto a profesores para trazar las l\u00edneas del nuevo plan estrat\u00e9gico del colegio - Colegio San Juan Bosco Valencia\" \/>\n<meta property=\"og:description\" content=\"Durante la tarde del mi\u00e9rcoles, 30 de mayo, a las 17.30 horas, ha dado comienzo el Foro abierto a profesorado con el\u00a0objetivo de poder escuchar sugerencias, responder inquietudes y recoger impresiones para la elaboraci\u00f3n del nuevo Plan Estrat\u00e9gico del colegio. Redacci\u00f3n Durante la primera media hora, Luis Miguel Notario, Delegado de Escuelas de la Inspector\u00eda, [&hellip;]\" \/>\n<meta property=\"og:url\" content=\"https:\/\/valenciasjb.salesianos.edu\/colegio\/foro-abierto-a-profesores-para-trazar-las-lineas-del-nuevo-plan-estrategico-del-colegio\/\" \/>\n<meta property=\"og:site_name\" content=\"Colegio San Juan Bosco Valencia\" \/>\n<meta property=\"article:publisher\" content=\"https:\/\/www.facebook.com\/ColegioSalesianoSanJuanBoscoValencia\" \/>\n<meta property=\"article:published_time\" content=\"2018-05-30T19:56:24+00:00\" \/>\n<meta property=\"article:modified_time\" content=\"2018-05-30T19:58:05+00:00\" \/>\n<meta property=\"og:image\" content=\"https:\/\/valenciasjb.salesianos.edu\/colegio\/wp-content\/uploads\/sites\/2\/2018\/05\/IMG-0143-e1527701956996.jpg\" \/>\n\t<meta property=\"og:image:width\" content=\"4032\" \/>\n\t<meta property=\"og:image:height\" content=\"3024\" \/>\n\t<meta property=\"og:image:type\" content=\"image\/jpeg\" \/>\n<meta name=\"author\" content=\"veronicapastor\" \/>\n<meta name=\"twitter:card\" content=\"summary_large_image\" \/>\n<meta name=\"twitter:creator\" content=\"@SalesianosVSJB\" \/>\n<meta name=\"twitter:site\" content=\"@SalesianosVSJB\" \/>\n<meta name=\"twitter:label1\" content=\"Escrito por\" \/>\n\t<meta name=\"twitter:data1\" content=\"veronicapastor\" \/>\n\t<meta name=\"twitter:label2\" content=\"Tiempo de lectura\" \/>\n\t<meta name=\"twitter:data2\" content=\"2 minutos\" \/>\n<script type=\"application\/ld+json\" class=\"yoast-schema-graph\">{\"@context\":\"https:\\\/\\\/schema.org\",\"@graph\":[{\"@type\":\"Article\",\"@id\":\"https:\\\/\\\/valenciasjb.salesianos.edu\\\/colegio\\\/foro-abierto-a-profesores-para-trazar-las-lineas-del-nuevo-plan-estrategico-del-colegio\\\/#article\",\"isPartOf\":{\"@id\":\"https:\\\/\\\/valenciasjb.salesianos.edu\\\/colegio\\\/foro-abierto-a-profesores-para-trazar-las-lineas-del-nuevo-plan-estrategico-del-colegio\\\/\"},\"author\":{\"name\":\"veronicapastor\",\"@id\":\"https:\\\/\\\/valenciasjb.salesianos.edu\\\/colegio\\\/#\\\/schema\\\/person\\\/1f45b67e52b27da175190a574db6bed9\"},\"headline\":\"Foro abierto a profesores para trazar las l\u00edneas del nuevo plan estrat\u00e9gico del colegio\",\"datePublished\":\"2018-05-30T19:56:24+00:00\",\"dateModified\":\"2018-05-30T19:58:05+00:00\",\"mainEntityOfPage\":{\"@id\":\"https:\\\/\\\/valenciasjb.salesianos.edu\\\/colegio\\\/foro-abierto-a-profesores-para-trazar-las-lineas-del-nuevo-plan-estrategico-del-colegio\\\/\"},\"wordCount\":401,\"image\":{\"@id\":\"https:\\\/\\\/valenciasjb.salesianos.edu\\\/colegio\\\/foro-abierto-a-profesores-para-trazar-las-lineas-del-nuevo-plan-estrategico-del-colegio\\\/#primaryimage\"},\"thumbnailUrl\":\"https:\\\/\\\/valenciasjb.salesianos.edu\\\/colegio\\\/wp-content\\\/uploads\\\/sites\\\/2\\\/2018\\\/05\\\/IMG-0143-e1527701956996.jpg\",\"articleSection\":[\"Noticia Colegio\"],\"inLanguage\":\"es\"},{\"@type\":\"WebPage\",\"@id\":\"https:\\\/\\\/valenciasjb.salesianos.edu\\\/colegio\\\/foro-abierto-a-profesores-para-trazar-las-lineas-del-nuevo-plan-estrategico-del-colegio\\\/\",\"url\":\"https:\\\/\\\/valenciasjb.salesianos.edu\\\/colegio\\\/foro-abierto-a-profesores-para-trazar-las-lineas-del-nuevo-plan-estrategico-del-colegio\\\/\",\"name\":\"Foro abierto a profesores para trazar las l\u00edneas del nuevo plan estrat\u00e9gico del colegio - Colegio San Juan Bosco Valencia\",\"isPartOf\":{\"@id\":\"https:\\\/\\\/valenciasjb.salesianos.edu\\\/colegio\\\/#website\"},\"primaryImageOfPage\":{\"@id\":\"https:\\\/\\\/valenciasjb.salesianos.edu\\\/colegio\\\/foro-abierto-a-profesores-para-trazar-las-lineas-del-nuevo-plan-estrategico-del-colegio\\\/#primaryimage\"},\"image\":{\"@id\":\"https:\\\/\\\/valenciasjb.salesianos.edu\\\/colegio\\\/foro-abierto-a-profesores-para-trazar-las-lineas-del-nuevo-plan-estrategico-del-colegio\\\/#primaryimage\"},\"thumbnailUrl\":\"https:\\\/\\\/valenciasjb.salesianos.edu\\\/colegio\\\/wp-content\\\/uploads\\\/sites\\\/2\\\/2018\\\/05\\\/IMG-0143-e1527701956996.jpg\",\"datePublished\":\"2018-05-30T19:56:24+00:00\",\"dateModified\":\"2018-05-30T19:58:05+00:00\",\"author\":{\"@id\":\"https:\\\/\\\/valenciasjb.salesianos.edu\\\/colegio\\\/#\\\/schema\\\/person\\\/1f45b67e52b27da175190a574db6bed9\"},\"breadcrumb\":{\"@id\":\"https:\\\/\\\/valenciasjb.salesianos.edu\\\/colegio\\\/foro-abierto-a-profesores-para-trazar-las-lineas-del-nuevo-plan-estrategico-del-colegio\\\/#breadcrumb\"},\"inLanguage\":\"es\",\"potentialAction\":[{\"@type\":\"ReadAction\",\"target\":[\"https:\\\/\\\/valenciasjb.salesianos.edu\\\/colegio\\\/foro-abierto-a-profesores-para-trazar-las-lineas-del-nuevo-plan-estrategico-del-colegio\\\/\"]}]},{\"@type\":\"ImageObject\",\"inLanguage\":\"es\",\"@id\":\"https:\\\/\\\/valenciasjb.salesianos.edu\\\/colegio\\\/foro-abierto-a-profesores-para-trazar-las-lineas-del-nuevo-plan-estrategico-del-colegio\\\/#primaryimage\",\"url\":\"https:\\\/\\\/valenciasjb.salesianos.edu\\\/colegio\\\/wp-content\\\/uploads\\\/sites\\\/2\\\/2018\\\/05\\\/IMG-0143-e1527701956996.jpg\",\"contentUrl\":\"https:\\\/\\\/valenciasjb.salesianos.edu\\\/colegio\\\/wp-content\\\/uploads\\\/sites\\\/2\\\/2018\\\/05\\\/IMG-0143-e1527701956996.jpg\",\"width\":4032,\"height\":3024},{\"@type\":\"BreadcrumbList\",\"@id\":\"https:\\\/\\\/valenciasjb.salesianos.edu\\\/colegio\\\/foro-abierto-a-profesores-para-trazar-las-lineas-del-nuevo-plan-estrategico-del-colegio\\\/#breadcrumb\",\"itemListElement\":[{\"@type\":\"ListItem\",\"position\":1,\"name\":\"Portada\",\"item\":\"https:\\\/\\\/valenciasjb.salesianos.edu\\\/colegio\\\/\"},{\"@type\":\"ListItem\",\"position\":2,\"name\":\"Foro abierto a profesores para trazar las l\u00edneas del nuevo plan estrat\u00e9gico del colegio\"}]},{\"@type\":\"WebSite\",\"@id\":\"https:\\\/\\\/valenciasjb.salesianos.edu\\\/colegio\\\/#website\",\"url\":\"https:\\\/\\\/valenciasjb.salesianos.edu\\\/colegio\\\/\",\"name\":\"Colegio San Juan Bosco Valencia\",\"description\":\"P\u00e1gina oficial del Colegio Salesianos San Juan Bosco Valencia\",\"alternateName\":\"Salesianos.VSJB\",\"potentialAction\":[{\"@type\":\"SearchAction\",\"target\":{\"@type\":\"EntryPoint\",\"urlTemplate\":\"https:\\\/\\\/valenciasjb.salesianos.edu\\\/colegio\\\/?s={search_term_string}\"},\"query-input\":{\"@type\":\"PropertyValueSpecification\",\"valueRequired\":true,\"valueName\":\"search_term_string\"}}],\"inLanguage\":\"es\"},{\"@type\":\"Person\",\"@id\":\"https:\\\/\\\/valenciasjb.salesianos.edu\\\/colegio\\\/#\\\/schema\\\/person\\\/1f45b67e52b27da175190a574db6bed9\",\"name\":\"veronicapastor\",\"image\":{\"@type\":\"ImageObject\",\"inLanguage\":\"es\",\"@id\":\"https:\\\/\\\/secure.gravatar.com\\\/avatar\\\/e29bd40bace3fd935e1d6fdb7313ffc14628cc037c5e16f4c7369b20a2a6f7f0?s=96&d=mm&r=g\",\"url\":\"https:\\\/\\\/secure.gravatar.com\\\/avatar\\\/e29bd40bace3fd935e1d6fdb7313ffc14628cc037c5e16f4c7369b20a2a6f7f0?s=96&d=mm&r=g\",\"contentUrl\":\"https:\\\/\\\/secure.gravatar.com\\\/avatar\\\/e29bd40bace3fd935e1d6fdb7313ffc14628cc037c5e16f4c7369b20a2a6f7f0?s=96&d=mm&r=g\",\"caption\":\"veronicapastor\"}}]}<\/script>\n<!-- \/ Yoast SEO plugin. -->","yoast_head_json":{"title":"Foro abierto a profesores para trazar las l\u00edneas del nuevo plan estrat\u00e9gico del colegio - Colegio San Juan Bosco Valencia","robots":{"index":"index","follow":"follow","max-snippet":"max-snippet:-1","max-image-preview":"max-image-preview:large","max-video-preview":"max-video-preview:-1"},"canonical":"https:\/\/valenciasjb.salesianos.edu\/colegio\/foro-abierto-a-profesores-para-trazar-las-lineas-del-nuevo-plan-estrategico-del-colegio\/","og_locale":"es_ES","og_type":"article","og_title":"Foro abierto a profesores para trazar las l\u00edneas del nuevo plan estrat\u00e9gico del colegio - Colegio San Juan Bosco Valencia","og_description":"Durante la tarde del mi\u00e9rcoles, 30 de mayo, a las 17.30 horas, ha dado comienzo el Foro abierto a profesorado con el\u00a0objetivo de poder escuchar sugerencias, responder inquietudes y recoger impresiones para la elaboraci\u00f3n del nuevo Plan Estrat\u00e9gico del colegio. Redacci\u00f3n Durante la primera media hora, Luis Miguel Notario, Delegado de Escuelas de la Inspector\u00eda, [&hellip;]","og_url":"https:\/\/valenciasjb.salesianos.edu\/colegio\/foro-abierto-a-profesores-para-trazar-las-lineas-del-nuevo-plan-estrategico-del-colegio\/","og_site_name":"Colegio San Juan Bosco Valencia","article_publisher":"https:\/\/www.facebook.com\/ColegioSalesianoSanJuanBoscoValencia","article_published_time":"2018-05-30T19:56:24+00:00","article_modified_time":"2018-05-30T19:58:05+00:00","og_image":[{"width":4032,"height":3024,"url":"https:\/\/valenciasjb.salesianos.edu\/colegio\/wp-content\/uploads\/sites\/2\/2018\/05\/IMG-0143-e1527701956996.jpg","type":"image\/jpeg"}],"author":"veronicapastor","twitter_card":"summary_large_image","twitter_creator":"@SalesianosVSJB","twitter_site":"@SalesianosVSJB","twitter_misc":{"Escrito por":"veronicapastor","Tiempo de lectura":"2 minutos"},"schema":{"@context":"https:\/\/schema.org","@graph":[{"@type":"Article","@id":"https:\/\/valenciasjb.salesianos.edu\/colegio\/foro-abierto-a-profesores-para-trazar-las-lineas-del-nuevo-plan-estrategico-del-colegio\/#article","isPartOf":{"@id":"https:\/\/valenciasjb.salesianos.edu\/colegio\/foro-abierto-a-profesores-para-trazar-las-lineas-del-nuevo-plan-estrategico-del-colegio\/"},"author":{"name":"veronicapastor","@id":"https:\/\/valenciasjb.salesianos.edu\/colegio\/#\/schema\/person\/1f45b67e52b27da175190a574db6bed9"},"headline":"Foro abierto a profesores para trazar las l\u00edneas del nuevo plan estrat\u00e9gico del colegio","datePublished":"2018-05-30T19:56:24+00:00","dateModified":"2018-05-30T19:58:05+00:00","mainEntityOfPage":{"@id":"https:\/\/valenciasjb.salesianos.edu\/colegio\/foro-abierto-a-profesores-para-trazar-las-lineas-del-nuevo-plan-estrategico-del-colegio\/"},"wordCount":401,"image":{"@id":"https:\/\/valenciasjb.salesianos.edu\/colegio\/foro-abierto-a-profesores-para-trazar-las-lineas-del-nuevo-plan-estrategico-del-colegio\/#primaryimage"},"thumbnailUrl":"https:\/\/valenciasjb.salesianos.edu\/colegio\/wp-content\/uploads\/sites\/2\/2018\/05\/IMG-0143-e1527701956996.jpg","articleSection":["Noticia Colegio"],"inLanguage":"es"},{"@type":"WebPage","@id":"https:\/\/valenciasjb.salesianos.edu\/colegio\/foro-abierto-a-profesores-para-trazar-las-lineas-del-nuevo-plan-estrategico-del-colegio\/","url":"https:\/\/valenciasjb.salesianos.edu\/colegio\/foro-abierto-a-profesores-para-trazar-las-lineas-del-nuevo-plan-estrategico-del-colegio\/","name":"Foro abierto a profesores para trazar las l\u00edneas del nuevo plan estrat\u00e9gico del colegio - Colegio San Juan Bosco Valencia","isPartOf":{"@id":"https:\/\/valenciasjb.salesianos.edu\/colegio\/#website"},"primaryImageOfPage":{"@id":"https:\/\/valenciasjb.salesianos.edu\/colegio\/foro-abierto-a-profesores-para-trazar-las-lineas-del-nuevo-plan-estrategico-del-colegio\/#primaryimage"},"image":{"@id":"https:\/\/valenciasjb.salesianos.edu\/colegio\/foro-abierto-a-profesores-para-trazar-las-lineas-del-nuevo-plan-estrategico-del-colegio\/#primaryimage"},"thumbnailUrl":"https:\/\/valenciasjb.salesianos.edu\/colegio\/wp-content\/uploads\/sites\/2\/2018\/05\/IMG-0143-e1527701956996.jpg","datePublished":"2018-05-30T19:56:24+00:00","dateModified":"2018-05-30T19:58:05+00:00","author":{"@id":"https:\/\/valenciasjb.salesianos.edu\/colegio\/#\/schema\/person\/1f45b67e52b27da175190a574db6bed9"},"breadcrumb":{"@id":"https:\/\/valenciasjb.salesianos.edu\/colegio\/foro-abierto-a-profesores-para-trazar-las-lineas-del-nuevo-plan-estrategico-del-colegio\/#breadcrumb"},"inLanguage":"es","potentialAction":[{"@type":"ReadAction","target":["https:\/\/valenciasjb.salesianos.edu\/colegio\/foro-abierto-a-profesores-para-trazar-las-lineas-del-nuevo-plan-estrategico-del-colegio\/"]}]},{"@type":"ImageObject","inLanguage":"es","@id":"https:\/\/valenciasjb.salesianos.edu\/colegio\/foro-abierto-a-profesores-para-trazar-las-lineas-del-nuevo-plan-estrategico-del-colegio\/#primaryimage","url":"https:\/\/valenciasjb.salesianos.edu\/colegio\/wp-content\/uploads\/sites\/2\/2018\/05\/IMG-0143-e1527701956996.jpg","contentUrl":"https:\/\/valenciasjb.salesianos.edu\/colegio\/wp-content\/uploads\/sites\/2\/2018\/05\/IMG-0143-e1527701956996.jpg","width":4032,"height":3024},{"@type":"BreadcrumbList","@id":"https:\/\/valenciasjb.salesianos.edu\/colegio\/foro-abierto-a-profesores-para-trazar-las-lineas-del-nuevo-plan-estrategico-del-colegio\/#breadcrumb","itemListElement":[{"@type":"ListItem","position":1,"name":"Portada","item":"https:\/\/valenciasjb.salesianos.edu\/colegio\/"},{"@type":"ListItem","position":2,"name":"Foro abierto a profesores para trazar las l\u00edneas del nuevo plan estrat\u00e9gico del colegio"}]},{"@type":"WebSite","@id":"https:\/\/valenciasjb.salesianos.edu\/colegio\/#website","url":"https:\/\/valenciasjb.salesianos.edu\/colegio\/","name":"Colegio San Juan Bosco Valencia","description":"P\u00e1gina oficial del Colegio Salesianos San Juan Bosco Valencia","alternateName":"Salesianos.VSJB","potentialAction":[{"@type":"SearchAction","target":{"@type":"EntryPoint","urlTemplate":"https:\/\/valenciasjb.salesianos.edu\/colegio\/?s={search_term_string}"},"query-input":{"@type":"PropertyValueSpecification","valueRequired":true,"valueName":"search_term_string"}}],"inLanguage":"es"},{"@type":"Person","@id":"https:\/\/valenciasjb.salesianos.edu\/colegio\/#\/schema\/person\/1f45b67e52b27da175190a574db6bed9","name":"veronicapastor","image":{"@type":"ImageObject","inLanguage":"es","@id":"https:\/\/secure.gravatar.com\/avatar\/e29bd40bace3fd935e1d6fdb7313ffc14628cc037c5e16f4c7369b20a2a6f7f0?s=96&d=mm&r=g","url":"https:\/\/secure.gravatar.com\/avatar\/e29bd40bace3fd935e1d6fdb7313ffc14628cc037c5e16f4c7369b20a2a6f7f0?s=96&d=mm&r=g","contentUrl":"https:\/\/secure.gravatar.com\/avatar\/e29bd40bace3fd935e1d6fdb7313ffc14628cc037c5e16f4c7369b20a2a6f7f0?s=96&d=mm&r=g","caption":"veronicapastor"}}]}},"_links":{"self":[{"href":"https:\/\/valenciasjb.salesianos.edu\/colegio\/wp-json\/wp\/v2\/posts\/9141","targetHints":{"allow":["GET"]}}],"collection":[{"href":"https:\/\/valenciasjb.salesianos.edu\/colegio\/wp-json\/wp\/v2\/posts"}],"about":[{"href":"https:\/\/valenciasjb.salesianos.edu\/colegio\/wp-json\/wp\/v2\/types\/post"}],"author":[{"embeddable":true,"href":"https:\/\/valenciasjb.salesianos.edu\/colegio\/wp-json\/wp\/v2\/users\/6"}],"replies":[{"embeddable":true,"href":"https:\/\/valenciasjb.salesianos.edu\/colegio\/wp-json\/wp\/v2\/comments?post=9141"}],"version-history":[{"count":3,"href":"https:\/\/valenciasjb.salesianos.edu\/colegio\/wp-json\/wp\/v2\/posts\/9141\/revisions"}],"predecessor-version":[{"id":9153,"href":"https:\/\/valenciasjb.salesianos.edu\/colegio\/wp-json\/wp\/v2\/posts\/9141\/revisions\/9153"}],"wp:featuredmedia":[{"embeddable":true,"href":"https:\/\/valenciasjb.salesianos.edu\/colegio\/wp-json\/wp\/v2\/media\/9144"}],"wp:attachment":[{"href":"https:\/\/valenciasjb.salesianos.edu\/colegio\/wp-json\/wp\/v2\/media?parent=9141"}],"wp:term":[{"taxonomy":"category","embeddable":true,"href":"https:\/\/valenciasjb.salesianos.edu\/colegio\/wp-json\/wp\/v2\/categories?post=9141"},{"taxonomy":"post_tag","embeddable":true,"href":"https:\/\/valenciasjb.salesianos.edu\/colegio\/wp-json\/wp\/v2\/tags?post=9141"}],"curies":[{"name":"wp","href":"https:\/\/api.w.org\/{rel}","templated":true}]}}