{"id":9172,"date":"2018-06-04T08:56:03","date_gmt":"2018-06-04T07:56:03","guid":{"rendered":"https:\/\/valenciasjb.salesianos.edu\/colegio\/?p=9172"},"modified":"2018-06-04T08:58:44","modified_gmt":"2018-06-04T07:58:44","slug":"la-alumna-carla-castillo-4o-de-eso-obtiene-la-beca-campus-cientifico-de-verano-2018-del-ministerio","status":"publish","type":"post","link":"https:\/\/valenciasjb.salesianos.edu\/colegio\/la-alumna-carla-castillo-4o-de-eso-obtiene-la-beca-campus-cientifico-de-verano-2018-del-ministerio\/","title":{"rendered":"La alumna Carla Castillo, 4\u00ba de ESO, obtiene la beca Campus Cient\u00edfico de Verano 2018"},"content":{"rendered":"<div id=\"fb-root\"><\/div>\n<p>[et_pb_section bb_built=\u00bb1&#8243; admin_label=\u00bbsection\u00bb][et_pb_row admin_label=\u00bbrow\u00bb background_position=\u00bbtop_left\u00bb background_repeat=\u00bbrepeat\u00bb background_size=\u00bbinitial\u00bb][et_pb_column type=\u00bb4_4&#8243;][et_pb_text admin_label=\u00bbEntradilla (Texto)\u00bb _builder_version=\u00bb3.0.105&#8243; background_layout=\u00bblight\u00bb text_orientation=\u00bbjustified\u00bb text_font=\u00bb|on|||\u00bb module_alignment=\u00bbleft\u00bb]<\/p>\n<div id=\"resumen\"><strong>La alumna Carla Castillo, 4\u00ba de ESO, ha sido galardonada con una de las becas para participar en el Programa Campus Cient\u00edfico de Verano 2018, donde podr\u00e1 disfrutar con la investigaci\u00f3n cient\u00edfica a trav\u00e9s de un proyecto dise\u00f1ado por profesores de universidad, en su caso \u201cCiencias forenses en criminolog\u00eda\u201d.<br \/>\n<\/strong><\/div>\n<div><\/div>\n<p>[\/et_pb_text][et_pb_text admin_label=\u00bbAutor (Texto)\u00bb _builder_version=\u00bb3.0.85&#8243; background_layout=\u00bblight\u00bb text_font=\u00bb||on||\u00bb]<\/p>\n<p>Redacci\u00f3n<\/p>\n<p>[\/et_pb_text][et_pb_text admin_label=\u00bbDesarrollo (Texto)\u00bb _builder_version=\u00bb3.0.105&#8243; background_layout=\u00bblight\u00bb text_orientation=\u00bbjustified\u00bb module_alignment=\u00bbleft\u00bb]<\/p>\n<p>Campus Cient\u00edficos de Verano\u00a0apuesta por el fomento de las vocaciones cient\u00edficas entre los j\u00f3venes y, por este motivo, ofrece a sus participantes la oportunidad de un contacto directo con la labor diaria de los investigadores en un ambiente universitario y multicultural que les ayudar\u00e1 a definir su proyecci\u00f3n futura de estudios. Adem\u00e1s, los participantes en los Campus podr\u00e1n disfrutar de actividades complementarias cient\u00edfico-culturales y de ocio.<\/p>\n<p>M\u00e1s informaci\u00f3n:\u00a0<a href=\"https:\/\/www.campuscientificos.es\/\">https:\/\/www.campuscientificos.es\/<\/a><\/p>\n<p>[\/et_pb_text][et_pb_text admin_label=\u00bbT\u00edtulo: Galer\u00eda de fotos (Texto)\u00bb _builder_version=\u00bb3.0.76&#8243; background_layout=\u00bblight\u00bb text_font=\u00bb|on|||\u00bb text_text_color=\u00bb#dc001b\u00bb border_style=\u00bbsolid\u00bb disabled=\u00bboff\u00bb disabled_on=\u00bboff|on|on\u00bb]<\/p>\n<p>Galer\u00eda de im\u00e1genes<\/p>\n<p>[\/et_pb_text][et_pb_gallery _builder_version=\u00bb3.0.105&#8243; posts_number=\u00bb8&#8243; show_title_and_caption=\u00bboff\u00bb show_pagination=\u00bbon\u00bb fullwidth=\u00bboff\u00bb orientation=\u00bblandscape\u00bb zoom_icon_color=\u00bb#dc001b\u00bb hover_overlay_color=\u00bbrgba(255,255,255,0.9)\u00bb hover_icon=\u00bb%%51%%\u00bb background_layout=\u00bblight\u00bb disabled=\u00bboff\u00bb disabled_on=\u00bboff|off|off\u00bb gallery_ids=\u00bb9173&#8243; pagination_font_size_tablet=\u00bb51&#8243; pagination_line_height_tablet=\u00bb2&#8243; \/][et_pb_video _builder_version=\u00bb3.0.51&#8243; disabled=\u00bbon\u00bb disabled_on=\u00bbon|on|on\u00bb \/][\/et_pb_column][\/et_pb_row][\/et_pb_section]<\/p>\n<!-- AddThis Advanced Settings generic via filter on the_content --><!-- AddThis Share Buttons generic via filter on the_content -->","protected":false},"excerpt":{"rendered":"<p>La alumna Carla Castillo, 4\u00ba de ESO, ha sido galardonada con una de las becas para participar en el Programa Campus Cient\u00edfico de Verano 2018, donde podr\u00e1 disfrutar con la investigaci\u00f3n cient\u00edfica a trav\u00e9s de un proyecto dise\u00f1ado por profesores de universidad, en su caso \u201cCiencias forenses en criminolog\u00eda\u201d. Redacci\u00f3n Campus Cient\u00edficos de Verano\u00a0apuesta por [&hellip;]<\/p>\n<p><!-- AddThis Advanced Settings generic via filter on get_the_excerpt --><!-- AddThis Share Buttons generic via filter on get_the_excerpt --><\/p>\n","protected":false},"author":6,"featured_media":9173,"comment_status":"closed","ping_status":"open","sticky":false,"template":"","format":"standard","meta":{"_et_pb_use_builder":"on","_et_pb_old_content":"","_et_gb_content_width":"","footnotes":""},"categories":[14],"tags":[],"class_list":["post-9172","post","type-post","status-publish","format-standard","has-post-thumbnail","hentry","category-noticia_colegio"],"yoast_head":"<!-- This site is optimized with the Yoast SEO plugin v28.4 - https:\/\/yoast.com\/product\/yoast-seo-wordpress\/ -->\n<title>La alumna Carla Castillo, 4\u00ba de ESO, obtiene la beca Campus Cient\u00edfico de Verano 2018 - Colegio San Juan Bosco Valencia<\/title>\n<meta name=\"robots\" content=\"index, follow, max-snippet:-1, max-image-preview:large, max-video-preview:-1\" \/>\n<link rel=\"canonical\" href=\"https:\/\/valenciasjb.salesianos.edu\/colegio\/la-alumna-carla-castillo-4o-de-eso-obtiene-la-beca-campus-cientifico-de-verano-2018-del-ministerio\/\" \/>\n<meta property=\"og:locale\" content=\"es_ES\" \/>\n<meta property=\"og:type\" content=\"article\" \/>\n<meta property=\"og:title\" content=\"La alumna Carla Castillo, 4\u00ba de ESO, obtiene la beca Campus Cient\u00edfico de Verano 2018 - Colegio San Juan Bosco Valencia\" \/>\n<meta property=\"og:description\" content=\"La alumna Carla Castillo, 4\u00ba de ESO, ha sido galardonada con una de las becas para participar en el Programa Campus Cient\u00edfico de Verano 2018, donde podr\u00e1 disfrutar con la investigaci\u00f3n cient\u00edfica a trav\u00e9s de un proyecto dise\u00f1ado por profesores de universidad, en su caso \u201cCiencias forenses en criminolog\u00eda\u201d. Redacci\u00f3n Campus Cient\u00edficos de Verano\u00a0apuesta por [&hellip;]\" \/>\n<meta property=\"og:url\" content=\"https:\/\/valenciasjb.salesianos.edu\/colegio\/la-alumna-carla-castillo-4o-de-eso-obtiene-la-beca-campus-cientifico-de-verano-2018-del-ministerio\/\" \/>\n<meta property=\"og:site_name\" content=\"Colegio San Juan Bosco Valencia\" \/>\n<meta property=\"article:publisher\" content=\"https:\/\/www.facebook.com\/ColegioSalesianoSanJuanBoscoValencia\" \/>\n<meta property=\"article:published_time\" content=\"2018-06-04T07:56:03+00:00\" \/>\n<meta property=\"article:modified_time\" content=\"2018-06-04T07:58:44+00:00\" \/>\n<meta property=\"og:image\" content=\"https:\/\/valenciasjb.salesianos.edu\/colegio\/wp-content\/uploads\/sites\/2\/2018\/06\/20-Carla-Castillo-1024x768.jpg\" \/>\n\t<meta property=\"og:image:width\" content=\"1024\" \/>\n\t<meta property=\"og:image:height\" content=\"768\" \/>\n\t<meta property=\"og:image:type\" content=\"image\/jpeg\" \/>\n<meta name=\"author\" content=\"veronicapastor\" \/>\n<meta name=\"twitter:card\" content=\"summary_large_image\" \/>\n<meta name=\"twitter:creator\" content=\"@SalesianosVSJB\" \/>\n<meta name=\"twitter:site\" content=\"@SalesianosVSJB\" \/>\n<meta name=\"twitter:label1\" content=\"Escrito por\" \/>\n\t<meta name=\"twitter:data1\" content=\"veronicapastor\" \/>\n\t<meta name=\"twitter:label2\" content=\"Tiempo de lectura\" \/>\n\t<meta name=\"twitter:data2\" content=\"2 minutos\" \/>\n<script type=\"application\/ld+json\" class=\"yoast-schema-graph\">{\"@context\":\"https:\\\/\\\/schema.org\",\"@graph\":[{\"@type\":\"Article\",\"@id\":\"https:\\\/\\\/valenciasjb.salesianos.edu\\\/colegio\\\/la-alumna-carla-castillo-4o-de-eso-obtiene-la-beca-campus-cientifico-de-verano-2018-del-ministerio\\\/#article\",\"isPartOf\":{\"@id\":\"https:\\\/\\\/valenciasjb.salesianos.edu\\\/colegio\\\/la-alumna-carla-castillo-4o-de-eso-obtiene-la-beca-campus-cientifico-de-verano-2018-del-ministerio\\\/\"},\"author\":{\"name\":\"veronicapastor\",\"@id\":\"https:\\\/\\\/valenciasjb.salesianos.edu\\\/colegio\\\/#\\\/schema\\\/person\\\/1f45b67e52b27da175190a574db6bed9\"},\"headline\":\"La alumna Carla Castillo, 4\u00ba de ESO, obtiene la beca Campus Cient\u00edfico de Verano 2018\",\"datePublished\":\"2018-06-04T07:56:03+00:00\",\"dateModified\":\"2018-06-04T07:58:44+00:00\",\"mainEntityOfPage\":{\"@id\":\"https:\\\/\\\/valenciasjb.salesianos.edu\\\/colegio\\\/la-alumna-carla-castillo-4o-de-eso-obtiene-la-beca-campus-cientifico-de-verano-2018-del-ministerio\\\/\"},\"wordCount\":356,\"image\":{\"@id\":\"https:\\\/\\\/valenciasjb.salesianos.edu\\\/colegio\\\/la-alumna-carla-castillo-4o-de-eso-obtiene-la-beca-campus-cientifico-de-verano-2018-del-ministerio\\\/#primaryimage\"},\"thumbnailUrl\":\"https:\\\/\\\/valenciasjb.salesianos.edu\\\/colegio\\\/wp-content\\\/uploads\\\/sites\\\/2\\\/2018\\\/06\\\/20-Carla-Castillo.jpg\",\"articleSection\":[\"Noticia Colegio\"],\"inLanguage\":\"es\"},{\"@type\":\"WebPage\",\"@id\":\"https:\\\/\\\/valenciasjb.salesianos.edu\\\/colegio\\\/la-alumna-carla-castillo-4o-de-eso-obtiene-la-beca-campus-cientifico-de-verano-2018-del-ministerio\\\/\",\"url\":\"https:\\\/\\\/valenciasjb.salesianos.edu\\\/colegio\\\/la-alumna-carla-castillo-4o-de-eso-obtiene-la-beca-campus-cientifico-de-verano-2018-del-ministerio\\\/\",\"name\":\"La alumna Carla Castillo, 4\u00ba de ESO, obtiene la beca Campus Cient\u00edfico de Verano 2018 - Colegio San Juan Bosco Valencia\",\"isPartOf\":{\"@id\":\"https:\\\/\\\/valenciasjb.salesianos.edu\\\/colegio\\\/#website\"},\"primaryImageOfPage\":{\"@id\":\"https:\\\/\\\/valenciasjb.salesianos.edu\\\/colegio\\\/la-alumna-carla-castillo-4o-de-eso-obtiene-la-beca-campus-cientifico-de-verano-2018-del-ministerio\\\/#primaryimage\"},\"image\":{\"@id\":\"https:\\\/\\\/valenciasjb.salesianos.edu\\\/colegio\\\/la-alumna-carla-castillo-4o-de-eso-obtiene-la-beca-campus-cientifico-de-verano-2018-del-ministerio\\\/#primaryimage\"},\"thumbnailUrl\":\"https:\\\/\\\/valenciasjb.salesianos.edu\\\/colegio\\\/wp-content\\\/uploads\\\/sites\\\/2\\\/2018\\\/06\\\/20-Carla-Castillo.jpg\",\"datePublished\":\"2018-06-04T07:56:03+00:00\",\"dateModified\":\"2018-06-04T07:58:44+00:00\",\"author\":{\"@id\":\"https:\\\/\\\/valenciasjb.salesianos.edu\\\/colegio\\\/#\\\/schema\\\/person\\\/1f45b67e52b27da175190a574db6bed9\"},\"breadcrumb\":{\"@id\":\"https:\\\/\\\/valenciasjb.salesianos.edu\\\/colegio\\\/la-alumna-carla-castillo-4o-de-eso-obtiene-la-beca-campus-cientifico-de-verano-2018-del-ministerio\\\/#breadcrumb\"},\"inLanguage\":\"es\",\"potentialAction\":[{\"@type\":\"ReadAction\",\"target\":[\"https:\\\/\\\/valenciasjb.salesianos.edu\\\/colegio\\\/la-alumna-carla-castillo-4o-de-eso-obtiene-la-beca-campus-cientifico-de-verano-2018-del-ministerio\\\/\"]}]},{\"@type\":\"ImageObject\",\"inLanguage\":\"es\",\"@id\":\"https:\\\/\\\/valenciasjb.salesianos.edu\\\/colegio\\\/la-alumna-carla-castillo-4o-de-eso-obtiene-la-beca-campus-cientifico-de-verano-2018-del-ministerio\\\/#primaryimage\",\"url\":\"https:\\\/\\\/valenciasjb.salesianos.edu\\\/colegio\\\/wp-content\\\/uploads\\\/sites\\\/2\\\/2018\\\/06\\\/20-Carla-Castillo.jpg\",\"contentUrl\":\"https:\\\/\\\/valenciasjb.salesianos.edu\\\/colegio\\\/wp-content\\\/uploads\\\/sites\\\/2\\\/2018\\\/06\\\/20-Carla-Castillo.jpg\",\"width\":3968,\"height\":2976,\"caption\":\"rpt\"},{\"@type\":\"BreadcrumbList\",\"@id\":\"https:\\\/\\\/valenciasjb.salesianos.edu\\\/colegio\\\/la-alumna-carla-castillo-4o-de-eso-obtiene-la-beca-campus-cientifico-de-verano-2018-del-ministerio\\\/#breadcrumb\",\"itemListElement\":[{\"@type\":\"ListItem\",\"position\":1,\"name\":\"Portada\",\"item\":\"https:\\\/\\\/valenciasjb.salesianos.edu\\\/colegio\\\/\"},{\"@type\":\"ListItem\",\"position\":2,\"name\":\"La alumna Carla Castillo, 4\u00ba de ESO, obtiene la beca Campus Cient\u00edfico de Verano 2018\"}]},{\"@type\":\"WebSite\",\"@id\":\"https:\\\/\\\/valenciasjb.salesianos.edu\\\/colegio\\\/#website\",\"url\":\"https:\\\/\\\/valenciasjb.salesianos.edu\\\/colegio\\\/\",\"name\":\"Colegio San Juan Bosco Valencia\",\"description\":\"P\u00e1gina oficial del Colegio Salesianos San Juan Bosco Valencia\",\"alternateName\":\"Salesianos.VSJB\",\"potentialAction\":[{\"@type\":\"SearchAction\",\"target\":{\"@type\":\"EntryPoint\",\"urlTemplate\":\"https:\\\/\\\/valenciasjb.salesianos.edu\\\/colegio\\\/?s={search_term_string}\"},\"query-input\":{\"@type\":\"PropertyValueSpecification\",\"valueRequired\":true,\"valueName\":\"search_term_string\"}}],\"inLanguage\":\"es\"},{\"@type\":\"Person\",\"@id\":\"https:\\\/\\\/valenciasjb.salesianos.edu\\\/colegio\\\/#\\\/schema\\\/person\\\/1f45b67e52b27da175190a574db6bed9\",\"name\":\"veronicapastor\",\"image\":{\"@type\":\"ImageObject\",\"inLanguage\":\"es\",\"@id\":\"https:\\\/\\\/secure.gravatar.com\\\/avatar\\\/e29bd40bace3fd935e1d6fdb7313ffc14628cc037c5e16f4c7369b20a2a6f7f0?s=96&d=mm&r=g\",\"url\":\"https:\\\/\\\/secure.gravatar.com\\\/avatar\\\/e29bd40bace3fd935e1d6fdb7313ffc14628cc037c5e16f4c7369b20a2a6f7f0?s=96&d=mm&r=g\",\"contentUrl\":\"https:\\\/\\\/secure.gravatar.com\\\/avatar\\\/e29bd40bace3fd935e1d6fdb7313ffc14628cc037c5e16f4c7369b20a2a6f7f0?s=96&d=mm&r=g\",\"caption\":\"veronicapastor\"}}]}<\/script>\n<!-- \/ Yoast SEO plugin. -->","yoast_head_json":{"title":"La alumna Carla Castillo, 4\u00ba de ESO, obtiene la beca Campus Cient\u00edfico de Verano 2018 - Colegio San Juan Bosco Valencia","robots":{"index":"index","follow":"follow","max-snippet":"max-snippet:-1","max-image-preview":"max-image-preview:large","max-video-preview":"max-video-preview:-1"},"canonical":"https:\/\/valenciasjb.salesianos.edu\/colegio\/la-alumna-carla-castillo-4o-de-eso-obtiene-la-beca-campus-cientifico-de-verano-2018-del-ministerio\/","og_locale":"es_ES","og_type":"article","og_title":"La alumna Carla Castillo, 4\u00ba de ESO, obtiene la beca Campus Cient\u00edfico de Verano 2018 - Colegio San Juan Bosco Valencia","og_description":"La alumna Carla Castillo, 4\u00ba de ESO, ha sido galardonada con una de las becas para participar en el Programa Campus Cient\u00edfico de Verano 2018, donde podr\u00e1 disfrutar con la investigaci\u00f3n cient\u00edfica a trav\u00e9s de un proyecto dise\u00f1ado por profesores de universidad, en su caso \u201cCiencias forenses en criminolog\u00eda\u201d. Redacci\u00f3n Campus Cient\u00edficos de Verano\u00a0apuesta por [&hellip;]","og_url":"https:\/\/valenciasjb.salesianos.edu\/colegio\/la-alumna-carla-castillo-4o-de-eso-obtiene-la-beca-campus-cientifico-de-verano-2018-del-ministerio\/","og_site_name":"Colegio San Juan Bosco Valencia","article_publisher":"https:\/\/www.facebook.com\/ColegioSalesianoSanJuanBoscoValencia","article_published_time":"2018-06-04T07:56:03+00:00","article_modified_time":"2018-06-04T07:58:44+00:00","og_image":[{"width":1024,"height":768,"url":"https:\/\/valenciasjb.salesianos.edu\/colegio\/wp-content\/uploads\/sites\/2\/2018\/06\/20-Carla-Castillo-1024x768.jpg","type":"image\/jpeg"}],"author":"veronicapastor","twitter_card":"summary_large_image","twitter_creator":"@SalesianosVSJB","twitter_site":"@SalesianosVSJB","twitter_misc":{"Escrito por":"veronicapastor","Tiempo de lectura":"2 minutos"},"schema":{"@context":"https:\/\/schema.org","@graph":[{"@type":"Article","@id":"https:\/\/valenciasjb.salesianos.edu\/colegio\/la-alumna-carla-castillo-4o-de-eso-obtiene-la-beca-campus-cientifico-de-verano-2018-del-ministerio\/#article","isPartOf":{"@id":"https:\/\/valenciasjb.salesianos.edu\/colegio\/la-alumna-carla-castillo-4o-de-eso-obtiene-la-beca-campus-cientifico-de-verano-2018-del-ministerio\/"},"author":{"name":"veronicapastor","@id":"https:\/\/valenciasjb.salesianos.edu\/colegio\/#\/schema\/person\/1f45b67e52b27da175190a574db6bed9"},"headline":"La alumna Carla Castillo, 4\u00ba de ESO, obtiene la beca Campus Cient\u00edfico de Verano 2018","datePublished":"2018-06-04T07:56:03+00:00","dateModified":"2018-06-04T07:58:44+00:00","mainEntityOfPage":{"@id":"https:\/\/valenciasjb.salesianos.edu\/colegio\/la-alumna-carla-castillo-4o-de-eso-obtiene-la-beca-campus-cientifico-de-verano-2018-del-ministerio\/"},"wordCount":356,"image":{"@id":"https:\/\/valenciasjb.salesianos.edu\/colegio\/la-alumna-carla-castillo-4o-de-eso-obtiene-la-beca-campus-cientifico-de-verano-2018-del-ministerio\/#primaryimage"},"thumbnailUrl":"https:\/\/valenciasjb.salesianos.edu\/colegio\/wp-content\/uploads\/sites\/2\/2018\/06\/20-Carla-Castillo.jpg","articleSection":["Noticia Colegio"],"inLanguage":"es"},{"@type":"WebPage","@id":"https:\/\/valenciasjb.salesianos.edu\/colegio\/la-alumna-carla-castillo-4o-de-eso-obtiene-la-beca-campus-cientifico-de-verano-2018-del-ministerio\/","url":"https:\/\/valenciasjb.salesianos.edu\/colegio\/la-alumna-carla-castillo-4o-de-eso-obtiene-la-beca-campus-cientifico-de-verano-2018-del-ministerio\/","name":"La alumna Carla Castillo, 4\u00ba de ESO, obtiene la beca Campus Cient\u00edfico de Verano 2018 - Colegio San Juan Bosco Valencia","isPartOf":{"@id":"https:\/\/valenciasjb.salesianos.edu\/colegio\/#website"},"primaryImageOfPage":{"@id":"https:\/\/valenciasjb.salesianos.edu\/colegio\/la-alumna-carla-castillo-4o-de-eso-obtiene-la-beca-campus-cientifico-de-verano-2018-del-ministerio\/#primaryimage"},"image":{"@id":"https:\/\/valenciasjb.salesianos.edu\/colegio\/la-alumna-carla-castillo-4o-de-eso-obtiene-la-beca-campus-cientifico-de-verano-2018-del-ministerio\/#primaryimage"},"thumbnailUrl":"https:\/\/valenciasjb.salesianos.edu\/colegio\/wp-content\/uploads\/sites\/2\/2018\/06\/20-Carla-Castillo.jpg","datePublished":"2018-06-04T07:56:03+00:00","dateModified":"2018-06-04T07:58:44+00:00","author":{"@id":"https:\/\/valenciasjb.salesianos.edu\/colegio\/#\/schema\/person\/1f45b67e52b27da175190a574db6bed9"},"breadcrumb":{"@id":"https:\/\/valenciasjb.salesianos.edu\/colegio\/la-alumna-carla-castillo-4o-de-eso-obtiene-la-beca-campus-cientifico-de-verano-2018-del-ministerio\/#breadcrumb"},"inLanguage":"es","potentialAction":[{"@type":"ReadAction","target":["https:\/\/valenciasjb.salesianos.edu\/colegio\/la-alumna-carla-castillo-4o-de-eso-obtiene-la-beca-campus-cientifico-de-verano-2018-del-ministerio\/"]}]},{"@type":"ImageObject","inLanguage":"es","@id":"https:\/\/valenciasjb.salesianos.edu\/colegio\/la-alumna-carla-castillo-4o-de-eso-obtiene-la-beca-campus-cientifico-de-verano-2018-del-ministerio\/#primaryimage","url":"https:\/\/valenciasjb.salesianos.edu\/colegio\/wp-content\/uploads\/sites\/2\/2018\/06\/20-Carla-Castillo.jpg","contentUrl":"https:\/\/valenciasjb.salesianos.edu\/colegio\/wp-content\/uploads\/sites\/2\/2018\/06\/20-Carla-Castillo.jpg","width":3968,"height":2976,"caption":"rpt"},{"@type":"BreadcrumbList","@id":"https:\/\/valenciasjb.salesianos.edu\/colegio\/la-alumna-carla-castillo-4o-de-eso-obtiene-la-beca-campus-cientifico-de-verano-2018-del-ministerio\/#breadcrumb","itemListElement":[{"@type":"ListItem","position":1,"name":"Portada","item":"https:\/\/valenciasjb.salesianos.edu\/colegio\/"},{"@type":"ListItem","position":2,"name":"La alumna Carla Castillo, 4\u00ba de ESO, obtiene la beca Campus Cient\u00edfico de Verano 2018"}]},{"@type":"WebSite","@id":"https:\/\/valenciasjb.salesianos.edu\/colegio\/#website","url":"https:\/\/valenciasjb.salesianos.edu\/colegio\/","name":"Colegio San Juan Bosco Valencia","description":"P\u00e1gina oficial del Colegio Salesianos San Juan Bosco Valencia","alternateName":"Salesianos.VSJB","potentialAction":[{"@type":"SearchAction","target":{"@type":"EntryPoint","urlTemplate":"https:\/\/valenciasjb.salesianos.edu\/colegio\/?s={search_term_string}"},"query-input":{"@type":"PropertyValueSpecification","valueRequired":true,"valueName":"search_term_string"}}],"inLanguage":"es"},{"@type":"Person","@id":"https:\/\/valenciasjb.salesianos.edu\/colegio\/#\/schema\/person\/1f45b67e52b27da175190a574db6bed9","name":"veronicapastor","image":{"@type":"ImageObject","inLanguage":"es","@id":"https:\/\/secure.gravatar.com\/avatar\/e29bd40bace3fd935e1d6fdb7313ffc14628cc037c5e16f4c7369b20a2a6f7f0?s=96&d=mm&r=g","url":"https:\/\/secure.gravatar.com\/avatar\/e29bd40bace3fd935e1d6fdb7313ffc14628cc037c5e16f4c7369b20a2a6f7f0?s=96&d=mm&r=g","contentUrl":"https:\/\/secure.gravatar.com\/avatar\/e29bd40bace3fd935e1d6fdb7313ffc14628cc037c5e16f4c7369b20a2a6f7f0?s=96&d=mm&r=g","caption":"veronicapastor"}}]}},"_links":{"self":[{"href":"https:\/\/valenciasjb.salesianos.edu\/colegio\/wp-json\/wp\/v2\/posts\/9172","targetHints":{"allow":["GET"]}}],"collection":[{"href":"https:\/\/valenciasjb.salesianos.edu\/colegio\/wp-json\/wp\/v2\/posts"}],"about":[{"href":"https:\/\/valenciasjb.salesianos.edu\/colegio\/wp-json\/wp\/v2\/types\/post"}],"author":[{"embeddable":true,"href":"https:\/\/valenciasjb.salesianos.edu\/colegio\/wp-json\/wp\/v2\/users\/6"}],"replies":[{"embeddable":true,"href":"https:\/\/valenciasjb.salesianos.edu\/colegio\/wp-json\/wp\/v2\/comments?post=9172"}],"version-history":[{"count":3,"href":"https:\/\/valenciasjb.salesianos.edu\/colegio\/wp-json\/wp\/v2\/posts\/9172\/revisions"}],"predecessor-version":[{"id":9176,"href":"https:\/\/valenciasjb.salesianos.edu\/colegio\/wp-json\/wp\/v2\/posts\/9172\/revisions\/9176"}],"wp:featuredmedia":[{"embeddable":true,"href":"https:\/\/valenciasjb.salesianos.edu\/colegio\/wp-json\/wp\/v2\/media\/9173"}],"wp:attachment":[{"href":"https:\/\/valenciasjb.salesianos.edu\/colegio\/wp-json\/wp\/v2\/media?parent=9172"}],"wp:term":[{"taxonomy":"category","embeddable":true,"href":"https:\/\/valenciasjb.salesianos.edu\/colegio\/wp-json\/wp\/v2\/categories?post=9172"},{"taxonomy":"post_tag","embeddable":true,"href":"https:\/\/valenciasjb.salesianos.edu\/colegio\/wp-json\/wp\/v2\/tags?post=9172"}],"curies":[{"name":"wp","href":"https:\/\/api.w.org\/{rel}","templated":true}]}}