{"id":9183,"date":"2018-06-05T21:10:07","date_gmt":"2018-06-05T20:10:07","guid":{"rendered":"https:\/\/valenciasjb.salesianos.edu\/colegio\/?p=9183"},"modified":"2018-06-05T21:10:07","modified_gmt":"2018-06-05T20:10:07","slug":"los-xviii-juegos-intersalesianos-2018-en-valencia-marcados-por-el-exito-y-la-deportividad","status":"publish","type":"post","link":"https:\/\/valenciasjb.salesianos.edu\/colegio\/los-xviii-juegos-intersalesianos-2018-en-valencia-marcados-por-el-exito-y-la-deportividad\/","title":{"rendered":"Los XVIII Juegos Intersalesianos 2018 en Valencia marcados por el \u00e9xito y la deportividad"},"content":{"rendered":"<div id=\"fb-root\"><\/div>\n<p>[et_pb_section bb_built=\u00bb1&#8243; admin_label=\u00bbsection\u00bb][et_pb_row admin_label=\u00bbrow\u00bb background_position=\u00bbtop_left\u00bb background_repeat=\u00bbrepeat\u00bb background_size=\u00bbinitial\u00bb][et_pb_column type=\u00bb4_4&#8243;][et_pb_text admin_label=\u00bbEntradilla (Texto)\u00bb _builder_version=\u00bb3.0.105&#8243; background_layout=\u00bblight\u00bb text_orientation=\u00bbjustified\u00bb text_font=\u00bb|on|||\u00bb module_alignment=\u00bbleft\u00bb]<\/p>\n<div id=\"resumen\"><strong>El martes 5 de junio, nuestros alumnos de quinto y sexto de primaria han presentado a la direcci\u00f3n del colegio los \u00e9xitos deportivos en los XVIII Juegos Intersalesianos Valencia 2018.\u00a0<\/strong><\/div>\n<div><\/div>\n<p>[\/et_pb_text][et_pb_text admin_label=\u00bbAutor (Texto)\u00bb _builder_version=\u00bb3.0.105&#8243; background_layout=\u00bblight\u00bb text_font=\u00bb||on||\u00bb]<\/p>\n<p>Cr\u00f3nica de Ram\u00f3n Labari.<\/p>\n<p>[\/et_pb_text][et_pb_text admin_label=\u00bbDesarrollo (Texto)\u00bb _builder_version=\u00bb3.0.105&#8243; background_layout=\u00bblight\u00bb text_orientation=\u00bbjustified\u00bb module_alignment=\u00bbleft\u00bb]<\/p>\n<p>En la ma\u00f1ana, durante el recreo, los componentes del equipo alev\u00edn de f\u00fatbol sala y una representaci\u00f3n de los deportistas de los equipos alevines masculino y femenino de baloncesto, han entregado a Juan Peris dos de los cinco trofeos conseguidos el s\u00e1bado en el Colegio Salesiano San Antonio Abad. Adem\u00e1s han comentado la experiencia vivida de unos juegos deportivos que han reunido a 820 deportistas de los colegios Salesianos de la zona centro de nuestra inspectoria Mar\u00eda Auxiliadora. 7<\/p>\n<p>Un s\u00e1bado lleno de partidos, lluvia y emociones fuertes en todos los partidos vividos. Nuestros 89 participantes han competido bajo el lema de nuestro deporte educativo y que Juan Peris ha recordado esta ma\u00f1ana a nuestros j\u00f3venes deportistas : \u201cLo m\u00e1s importante es jugar con deportividad y tener siempre presente en el coraz\u00f3n a los m\u00e1s d\u00e9biles. Ganar siempre con honestidad\u201d.<\/p>\n<p>Los trofeos de campeones y la placa recuerdo de estos juegos ya est\u00e1n en las vitrinas del colegio y el recuerdo del buen ambiente vivido entre deportistas y familias en la memoria de los participantes. Gracias a todos por vuestra magn\u00edfica participaci\u00f3n.<\/p>\n<p>[\/et_pb_text][et_pb_text admin_label=\u00bbT\u00edtulo: Galer\u00eda de fotos (Texto)\u00bb _builder_version=\u00bb3.0.76&#8243; background_layout=\u00bblight\u00bb text_font=\u00bb|on|||\u00bb text_text_color=\u00bb#dc001b\u00bb border_style=\u00bbsolid\u00bb disabled=\u00bboff\u00bb disabled_on=\u00bboff|on|on\u00bb]<\/p>\n<p>Galer\u00eda de im\u00e1genes<\/p>\n<p>[\/et_pb_text][et_pb_gallery _builder_version=\u00bb3.0.105&#8243; posts_number=\u00bb8&#8243; show_title_and_caption=\u00bboff\u00bb show_pagination=\u00bbon\u00bb fullwidth=\u00bboff\u00bb orientation=\u00bblandscape\u00bb zoom_icon_color=\u00bb#dc001b\u00bb hover_overlay_color=\u00bbrgba(255,255,255,0.9)\u00bb hover_icon=\u00bb%%51%%\u00bb background_layout=\u00bblight\u00bb disabled=\u00bboff\u00bb disabled_on=\u00bboff|off|off\u00bb gallery_ids=\u00bb9184&#8243; pagination_font_size_tablet=\u00bb51&#8243; pagination_line_height_tablet=\u00bb2&#8243; \/][et_pb_video _builder_version=\u00bb3.0.51&#8243; disabled=\u00bbon\u00bb disabled_on=\u00bbon|on|on\u00bb \/][\/et_pb_column][\/et_pb_row][\/et_pb_section]<\/p>\n<!-- AddThis Advanced Settings generic via filter on the_content --><!-- AddThis Share Buttons generic via filter on the_content -->","protected":false},"excerpt":{"rendered":"<p>El martes 5 de junio, nuestros alumnos de quinto y sexto de primaria han presentado a la direcci\u00f3n del colegio los \u00e9xitos deportivos en los XVIII Juegos Intersalesianos Valencia 2018.\u00a0 Cr\u00f3nica de Ram\u00f3n Labari. En la ma\u00f1ana, durante el recreo, los componentes del equipo alev\u00edn de f\u00fatbol sala y una representaci\u00f3n de los deportistas de [&hellip;]<\/p>\n<p><!-- AddThis Advanced Settings generic via filter on get_the_excerpt --><!-- AddThis Share Buttons generic via filter on get_the_excerpt --><\/p>\n","protected":false},"author":6,"featured_media":9184,"comment_status":"closed","ping_status":"open","sticky":false,"template":"","format":"standard","meta":{"_et_pb_use_builder":"on","_et_pb_old_content":"","_et_gb_content_width":"","footnotes":""},"categories":[14],"tags":[],"class_list":["post-9183","post","type-post","status-publish","format-standard","has-post-thumbnail","hentry","category-noticia_colegio"],"yoast_head":"<!-- This site is optimized with the Yoast SEO plugin v28.4 - https:\/\/yoast.com\/product\/yoast-seo-wordpress\/ -->\n<title>Los XVIII Juegos Intersalesianos 2018 en Valencia marcados por el \u00e9xito y la deportividad - Colegio San Juan Bosco Valencia<\/title>\n<meta name=\"robots\" content=\"index, follow, max-snippet:-1, max-image-preview:large, max-video-preview:-1\" \/>\n<link rel=\"canonical\" href=\"https:\/\/valenciasjb.salesianos.edu\/colegio\/los-xviii-juegos-intersalesianos-2018-en-valencia-marcados-por-el-exito-y-la-deportividad\/\" \/>\n<meta property=\"og:locale\" content=\"es_ES\" \/>\n<meta property=\"og:type\" content=\"article\" \/>\n<meta property=\"og:title\" content=\"Los XVIII Juegos Intersalesianos 2018 en Valencia marcados por el \u00e9xito y la deportividad - Colegio San Juan Bosco Valencia\" \/>\n<meta property=\"og:description\" content=\"El martes 5 de junio, nuestros alumnos de quinto y sexto de primaria han presentado a la direcci\u00f3n del colegio los \u00e9xitos deportivos en los XVIII Juegos Intersalesianos Valencia 2018.\u00a0 Cr\u00f3nica de Ram\u00f3n Labari. En la ma\u00f1ana, durante el recreo, los componentes del equipo alev\u00edn de f\u00fatbol sala y una representaci\u00f3n de los deportistas de [&hellip;]\" \/>\n<meta property=\"og:url\" content=\"https:\/\/valenciasjb.salesianos.edu\/colegio\/los-xviii-juegos-intersalesianos-2018-en-valencia-marcados-por-el-exito-y-la-deportividad\/\" \/>\n<meta property=\"og:site_name\" content=\"Colegio San Juan Bosco Valencia\" \/>\n<meta property=\"article:publisher\" content=\"https:\/\/www.facebook.com\/ColegioSalesianoSanJuanBoscoValencia\" \/>\n<meta property=\"article:published_time\" content=\"2018-06-05T20:10:07+00:00\" \/>\n<meta property=\"og:image\" content=\"https:\/\/valenciasjb.salesianos.edu\/colegio\/wp-content\/uploads\/sites\/2\/2018\/06\/IMG-20180605-WA0007.jpg\" \/>\n\t<meta property=\"og:image:width\" content=\"1600\" \/>\n\t<meta property=\"og:image:height\" content=\"1200\" \/>\n\t<meta property=\"og:image:type\" content=\"image\/jpeg\" \/>\n<meta name=\"author\" content=\"veronicapastor\" \/>\n<meta name=\"twitter:card\" content=\"summary_large_image\" \/>\n<meta name=\"twitter:creator\" content=\"@SalesianosVSJB\" \/>\n<meta name=\"twitter:site\" content=\"@SalesianosVSJB\" \/>\n<meta name=\"twitter:label1\" content=\"Escrito por\" \/>\n\t<meta name=\"twitter:data1\" content=\"veronicapastor\" \/>\n\t<meta name=\"twitter:label2\" content=\"Tiempo de lectura\" \/>\n\t<meta name=\"twitter:data2\" content=\"2 minutos\" \/>\n<script type=\"application\/ld+json\" class=\"yoast-schema-graph\">{\"@context\":\"https:\\\/\\\/schema.org\",\"@graph\":[{\"@type\":\"Article\",\"@id\":\"https:\\\/\\\/valenciasjb.salesianos.edu\\\/colegio\\\/los-xviii-juegos-intersalesianos-2018-en-valencia-marcados-por-el-exito-y-la-deportividad\\\/#article\",\"isPartOf\":{\"@id\":\"https:\\\/\\\/valenciasjb.salesianos.edu\\\/colegio\\\/los-xviii-juegos-intersalesianos-2018-en-valencia-marcados-por-el-exito-y-la-deportividad\\\/\"},\"author\":{\"name\":\"veronicapastor\",\"@id\":\"https:\\\/\\\/valenciasjb.salesianos.edu\\\/colegio\\\/#\\\/schema\\\/person\\\/1f45b67e52b27da175190a574db6bed9\"},\"headline\":\"Los XVIII Juegos Intersalesianos 2018 en Valencia marcados por el \u00e9xito y la deportividad\",\"datePublished\":\"2018-06-05T20:10:07+00:00\",\"mainEntityOfPage\":{\"@id\":\"https:\\\/\\\/valenciasjb.salesianos.edu\\\/colegio\\\/los-xviii-juegos-intersalesianos-2018-en-valencia-marcados-por-el-exito-y-la-deportividad\\\/\"},\"wordCount\":448,\"image\":{\"@id\":\"https:\\\/\\\/valenciasjb.salesianos.edu\\\/colegio\\\/los-xviii-juegos-intersalesianos-2018-en-valencia-marcados-por-el-exito-y-la-deportividad\\\/#primaryimage\"},\"thumbnailUrl\":\"https:\\\/\\\/valenciasjb.salesianos.edu\\\/colegio\\\/wp-content\\\/uploads\\\/sites\\\/2\\\/2018\\\/06\\\/IMG-20180605-WA0007.jpg\",\"articleSection\":[\"Noticia Colegio\"],\"inLanguage\":\"es\"},{\"@type\":\"WebPage\",\"@id\":\"https:\\\/\\\/valenciasjb.salesianos.edu\\\/colegio\\\/los-xviii-juegos-intersalesianos-2018-en-valencia-marcados-por-el-exito-y-la-deportividad\\\/\",\"url\":\"https:\\\/\\\/valenciasjb.salesianos.edu\\\/colegio\\\/los-xviii-juegos-intersalesianos-2018-en-valencia-marcados-por-el-exito-y-la-deportividad\\\/\",\"name\":\"Los XVIII Juegos Intersalesianos 2018 en Valencia marcados por el \u00e9xito y la deportividad - Colegio San Juan Bosco Valencia\",\"isPartOf\":{\"@id\":\"https:\\\/\\\/valenciasjb.salesianos.edu\\\/colegio\\\/#website\"},\"primaryImageOfPage\":{\"@id\":\"https:\\\/\\\/valenciasjb.salesianos.edu\\\/colegio\\\/los-xviii-juegos-intersalesianos-2018-en-valencia-marcados-por-el-exito-y-la-deportividad\\\/#primaryimage\"},\"image\":{\"@id\":\"https:\\\/\\\/valenciasjb.salesianos.edu\\\/colegio\\\/los-xviii-juegos-intersalesianos-2018-en-valencia-marcados-por-el-exito-y-la-deportividad\\\/#primaryimage\"},\"thumbnailUrl\":\"https:\\\/\\\/valenciasjb.salesianos.edu\\\/colegio\\\/wp-content\\\/uploads\\\/sites\\\/2\\\/2018\\\/06\\\/IMG-20180605-WA0007.jpg\",\"datePublished\":\"2018-06-05T20:10:07+00:00\",\"author\":{\"@id\":\"https:\\\/\\\/valenciasjb.salesianos.edu\\\/colegio\\\/#\\\/schema\\\/person\\\/1f45b67e52b27da175190a574db6bed9\"},\"breadcrumb\":{\"@id\":\"https:\\\/\\\/valenciasjb.salesianos.edu\\\/colegio\\\/los-xviii-juegos-intersalesianos-2018-en-valencia-marcados-por-el-exito-y-la-deportividad\\\/#breadcrumb\"},\"inLanguage\":\"es\",\"potentialAction\":[{\"@type\":\"ReadAction\",\"target\":[\"https:\\\/\\\/valenciasjb.salesianos.edu\\\/colegio\\\/los-xviii-juegos-intersalesianos-2018-en-valencia-marcados-por-el-exito-y-la-deportividad\\\/\"]}]},{\"@type\":\"ImageObject\",\"inLanguage\":\"es\",\"@id\":\"https:\\\/\\\/valenciasjb.salesianos.edu\\\/colegio\\\/los-xviii-juegos-intersalesianos-2018-en-valencia-marcados-por-el-exito-y-la-deportividad\\\/#primaryimage\",\"url\":\"https:\\\/\\\/valenciasjb.salesianos.edu\\\/colegio\\\/wp-content\\\/uploads\\\/sites\\\/2\\\/2018\\\/06\\\/IMG-20180605-WA0007.jpg\",\"contentUrl\":\"https:\\\/\\\/valenciasjb.salesianos.edu\\\/colegio\\\/wp-content\\\/uploads\\\/sites\\\/2\\\/2018\\\/06\\\/IMG-20180605-WA0007.jpg\",\"width\":1600,\"height\":1200},{\"@type\":\"BreadcrumbList\",\"@id\":\"https:\\\/\\\/valenciasjb.salesianos.edu\\\/colegio\\\/los-xviii-juegos-intersalesianos-2018-en-valencia-marcados-por-el-exito-y-la-deportividad\\\/#breadcrumb\",\"itemListElement\":[{\"@type\":\"ListItem\",\"position\":1,\"name\":\"Portada\",\"item\":\"https:\\\/\\\/valenciasjb.salesianos.edu\\\/colegio\\\/\"},{\"@type\":\"ListItem\",\"position\":2,\"name\":\"Los XVIII Juegos Intersalesianos 2018 en Valencia marcados por el \u00e9xito y la deportividad\"}]},{\"@type\":\"WebSite\",\"@id\":\"https:\\\/\\\/valenciasjb.salesianos.edu\\\/colegio\\\/#website\",\"url\":\"https:\\\/\\\/valenciasjb.salesianos.edu\\\/colegio\\\/\",\"name\":\"Colegio San Juan Bosco Valencia\",\"description\":\"P\u00e1gina oficial del Colegio Salesianos San Juan Bosco Valencia\",\"alternateName\":\"Salesianos.VSJB\",\"potentialAction\":[{\"@type\":\"SearchAction\",\"target\":{\"@type\":\"EntryPoint\",\"urlTemplate\":\"https:\\\/\\\/valenciasjb.salesianos.edu\\\/colegio\\\/?s={search_term_string}\"},\"query-input\":{\"@type\":\"PropertyValueSpecification\",\"valueRequired\":true,\"valueName\":\"search_term_string\"}}],\"inLanguage\":\"es\"},{\"@type\":\"Person\",\"@id\":\"https:\\\/\\\/valenciasjb.salesianos.edu\\\/colegio\\\/#\\\/schema\\\/person\\\/1f45b67e52b27da175190a574db6bed9\",\"name\":\"veronicapastor\",\"image\":{\"@type\":\"ImageObject\",\"inLanguage\":\"es\",\"@id\":\"https:\\\/\\\/secure.gravatar.com\\\/avatar\\\/e29bd40bace3fd935e1d6fdb7313ffc14628cc037c5e16f4c7369b20a2a6f7f0?s=96&d=mm&r=g\",\"url\":\"https:\\\/\\\/secure.gravatar.com\\\/avatar\\\/e29bd40bace3fd935e1d6fdb7313ffc14628cc037c5e16f4c7369b20a2a6f7f0?s=96&d=mm&r=g\",\"contentUrl\":\"https:\\\/\\\/secure.gravatar.com\\\/avatar\\\/e29bd40bace3fd935e1d6fdb7313ffc14628cc037c5e16f4c7369b20a2a6f7f0?s=96&d=mm&r=g\",\"caption\":\"veronicapastor\"}}]}<\/script>\n<!-- \/ Yoast SEO plugin. -->","yoast_head_json":{"title":"Los XVIII Juegos Intersalesianos 2018 en Valencia marcados por el \u00e9xito y la deportividad - Colegio San Juan Bosco Valencia","robots":{"index":"index","follow":"follow","max-snippet":"max-snippet:-1","max-image-preview":"max-image-preview:large","max-video-preview":"max-video-preview:-1"},"canonical":"https:\/\/valenciasjb.salesianos.edu\/colegio\/los-xviii-juegos-intersalesianos-2018-en-valencia-marcados-por-el-exito-y-la-deportividad\/","og_locale":"es_ES","og_type":"article","og_title":"Los XVIII Juegos Intersalesianos 2018 en Valencia marcados por el \u00e9xito y la deportividad - Colegio San Juan Bosco Valencia","og_description":"El martes 5 de junio, nuestros alumnos de quinto y sexto de primaria han presentado a la direcci\u00f3n del colegio los \u00e9xitos deportivos en los XVIII Juegos Intersalesianos Valencia 2018.\u00a0 Cr\u00f3nica de Ram\u00f3n Labari. En la ma\u00f1ana, durante el recreo, los componentes del equipo alev\u00edn de f\u00fatbol sala y una representaci\u00f3n de los deportistas de [&hellip;]","og_url":"https:\/\/valenciasjb.salesianos.edu\/colegio\/los-xviii-juegos-intersalesianos-2018-en-valencia-marcados-por-el-exito-y-la-deportividad\/","og_site_name":"Colegio San Juan Bosco Valencia","article_publisher":"https:\/\/www.facebook.com\/ColegioSalesianoSanJuanBoscoValencia","article_published_time":"2018-06-05T20:10:07+00:00","og_image":[{"width":1600,"height":1200,"url":"https:\/\/valenciasjb.salesianos.edu\/colegio\/wp-content\/uploads\/sites\/2\/2018\/06\/IMG-20180605-WA0007.jpg","type":"image\/jpeg"}],"author":"veronicapastor","twitter_card":"summary_large_image","twitter_creator":"@SalesianosVSJB","twitter_site":"@SalesianosVSJB","twitter_misc":{"Escrito por":"veronicapastor","Tiempo de lectura":"2 minutos"},"schema":{"@context":"https:\/\/schema.org","@graph":[{"@type":"Article","@id":"https:\/\/valenciasjb.salesianos.edu\/colegio\/los-xviii-juegos-intersalesianos-2018-en-valencia-marcados-por-el-exito-y-la-deportividad\/#article","isPartOf":{"@id":"https:\/\/valenciasjb.salesianos.edu\/colegio\/los-xviii-juegos-intersalesianos-2018-en-valencia-marcados-por-el-exito-y-la-deportividad\/"},"author":{"name":"veronicapastor","@id":"https:\/\/valenciasjb.salesianos.edu\/colegio\/#\/schema\/person\/1f45b67e52b27da175190a574db6bed9"},"headline":"Los XVIII Juegos Intersalesianos 2018 en Valencia marcados por el \u00e9xito y la deportividad","datePublished":"2018-06-05T20:10:07+00:00","mainEntityOfPage":{"@id":"https:\/\/valenciasjb.salesianos.edu\/colegio\/los-xviii-juegos-intersalesianos-2018-en-valencia-marcados-por-el-exito-y-la-deportividad\/"},"wordCount":448,"image":{"@id":"https:\/\/valenciasjb.salesianos.edu\/colegio\/los-xviii-juegos-intersalesianos-2018-en-valencia-marcados-por-el-exito-y-la-deportividad\/#primaryimage"},"thumbnailUrl":"https:\/\/valenciasjb.salesianos.edu\/colegio\/wp-content\/uploads\/sites\/2\/2018\/06\/IMG-20180605-WA0007.jpg","articleSection":["Noticia Colegio"],"inLanguage":"es"},{"@type":"WebPage","@id":"https:\/\/valenciasjb.salesianos.edu\/colegio\/los-xviii-juegos-intersalesianos-2018-en-valencia-marcados-por-el-exito-y-la-deportividad\/","url":"https:\/\/valenciasjb.salesianos.edu\/colegio\/los-xviii-juegos-intersalesianos-2018-en-valencia-marcados-por-el-exito-y-la-deportividad\/","name":"Los XVIII Juegos Intersalesianos 2018 en Valencia marcados por el \u00e9xito y la deportividad - Colegio San Juan Bosco Valencia","isPartOf":{"@id":"https:\/\/valenciasjb.salesianos.edu\/colegio\/#website"},"primaryImageOfPage":{"@id":"https:\/\/valenciasjb.salesianos.edu\/colegio\/los-xviii-juegos-intersalesianos-2018-en-valencia-marcados-por-el-exito-y-la-deportividad\/#primaryimage"},"image":{"@id":"https:\/\/valenciasjb.salesianos.edu\/colegio\/los-xviii-juegos-intersalesianos-2018-en-valencia-marcados-por-el-exito-y-la-deportividad\/#primaryimage"},"thumbnailUrl":"https:\/\/valenciasjb.salesianos.edu\/colegio\/wp-content\/uploads\/sites\/2\/2018\/06\/IMG-20180605-WA0007.jpg","datePublished":"2018-06-05T20:10:07+00:00","author":{"@id":"https:\/\/valenciasjb.salesianos.edu\/colegio\/#\/schema\/person\/1f45b67e52b27da175190a574db6bed9"},"breadcrumb":{"@id":"https:\/\/valenciasjb.salesianos.edu\/colegio\/los-xviii-juegos-intersalesianos-2018-en-valencia-marcados-por-el-exito-y-la-deportividad\/#breadcrumb"},"inLanguage":"es","potentialAction":[{"@type":"ReadAction","target":["https:\/\/valenciasjb.salesianos.edu\/colegio\/los-xviii-juegos-intersalesianos-2018-en-valencia-marcados-por-el-exito-y-la-deportividad\/"]}]},{"@type":"ImageObject","inLanguage":"es","@id":"https:\/\/valenciasjb.salesianos.edu\/colegio\/los-xviii-juegos-intersalesianos-2018-en-valencia-marcados-por-el-exito-y-la-deportividad\/#primaryimage","url":"https:\/\/valenciasjb.salesianos.edu\/colegio\/wp-content\/uploads\/sites\/2\/2018\/06\/IMG-20180605-WA0007.jpg","contentUrl":"https:\/\/valenciasjb.salesianos.edu\/colegio\/wp-content\/uploads\/sites\/2\/2018\/06\/IMG-20180605-WA0007.jpg","width":1600,"height":1200},{"@type":"BreadcrumbList","@id":"https:\/\/valenciasjb.salesianos.edu\/colegio\/los-xviii-juegos-intersalesianos-2018-en-valencia-marcados-por-el-exito-y-la-deportividad\/#breadcrumb","itemListElement":[{"@type":"ListItem","position":1,"name":"Portada","item":"https:\/\/valenciasjb.salesianos.edu\/colegio\/"},{"@type":"ListItem","position":2,"name":"Los XVIII Juegos Intersalesianos 2018 en Valencia marcados por el \u00e9xito y la deportividad"}]},{"@type":"WebSite","@id":"https:\/\/valenciasjb.salesianos.edu\/colegio\/#website","url":"https:\/\/valenciasjb.salesianos.edu\/colegio\/","name":"Colegio San Juan Bosco Valencia","description":"P\u00e1gina oficial del Colegio Salesianos San Juan Bosco Valencia","alternateName":"Salesianos.VSJB","potentialAction":[{"@type":"SearchAction","target":{"@type":"EntryPoint","urlTemplate":"https:\/\/valenciasjb.salesianos.edu\/colegio\/?s={search_term_string}"},"query-input":{"@type":"PropertyValueSpecification","valueRequired":true,"valueName":"search_term_string"}}],"inLanguage":"es"},{"@type":"Person","@id":"https:\/\/valenciasjb.salesianos.edu\/colegio\/#\/schema\/person\/1f45b67e52b27da175190a574db6bed9","name":"veronicapastor","image":{"@type":"ImageObject","inLanguage":"es","@id":"https:\/\/secure.gravatar.com\/avatar\/e29bd40bace3fd935e1d6fdb7313ffc14628cc037c5e16f4c7369b20a2a6f7f0?s=96&d=mm&r=g","url":"https:\/\/secure.gravatar.com\/avatar\/e29bd40bace3fd935e1d6fdb7313ffc14628cc037c5e16f4c7369b20a2a6f7f0?s=96&d=mm&r=g","contentUrl":"https:\/\/secure.gravatar.com\/avatar\/e29bd40bace3fd935e1d6fdb7313ffc14628cc037c5e16f4c7369b20a2a6f7f0?s=96&d=mm&r=g","caption":"veronicapastor"}}]}},"_links":{"self":[{"href":"https:\/\/valenciasjb.salesianos.edu\/colegio\/wp-json\/wp\/v2\/posts\/9183","targetHints":{"allow":["GET"]}}],"collection":[{"href":"https:\/\/valenciasjb.salesianos.edu\/colegio\/wp-json\/wp\/v2\/posts"}],"about":[{"href":"https:\/\/valenciasjb.salesianos.edu\/colegio\/wp-json\/wp\/v2\/types\/post"}],"author":[{"embeddable":true,"href":"https:\/\/valenciasjb.salesianos.edu\/colegio\/wp-json\/wp\/v2\/users\/6"}],"replies":[{"embeddable":true,"href":"https:\/\/valenciasjb.salesianos.edu\/colegio\/wp-json\/wp\/v2\/comments?post=9183"}],"version-history":[{"count":1,"href":"https:\/\/valenciasjb.salesianos.edu\/colegio\/wp-json\/wp\/v2\/posts\/9183\/revisions"}],"predecessor-version":[{"id":9185,"href":"https:\/\/valenciasjb.salesianos.edu\/colegio\/wp-json\/wp\/v2\/posts\/9183\/revisions\/9185"}],"wp:featuredmedia":[{"embeddable":true,"href":"https:\/\/valenciasjb.salesianos.edu\/colegio\/wp-json\/wp\/v2\/media\/9184"}],"wp:attachment":[{"href":"https:\/\/valenciasjb.salesianos.edu\/colegio\/wp-json\/wp\/v2\/media?parent=9183"}],"wp:term":[{"taxonomy":"category","embeddable":true,"href":"https:\/\/valenciasjb.salesianos.edu\/colegio\/wp-json\/wp\/v2\/categories?post=9183"},{"taxonomy":"post_tag","embeddable":true,"href":"https:\/\/valenciasjb.salesianos.edu\/colegio\/wp-json\/wp\/v2\/tags?post=9183"}],"curies":[{"name":"wp","href":"https:\/\/api.w.org\/{rel}","templated":true}]}}