{"id":9242,"date":"2018-06-15T13:37:15","date_gmt":"2018-06-15T12:37:15","guid":{"rendered":"https:\/\/valenciasjb.salesianos.edu\/colegio\/?p=9242"},"modified":"2018-06-15T13:40:00","modified_gmt":"2018-06-15T12:40:00","slug":"el-colegio-organiza-talleres-y-espectaculos-de-magia-en-la-inauguracion-del-jardin-de-mi-hospi-en-la-fe","status":"publish","type":"post","link":"https:\/\/valenciasjb.salesianos.edu\/colegio\/el-colegio-organiza-talleres-y-espectaculos-de-magia-en-la-inauguracion-del-jardin-de-mi-hospi-en-la-fe\/","title":{"rendered":"El colegio organiza talleres y espect\u00e1culos de magia en la inauguraci\u00f3n del \u00abJard\u00edn de mi hospi\u00bb en la Fe"},"content":{"rendered":"<div id=\"fb-root\"><\/div>\n<p>[et_pb_section bb_built=\u00bb1&#8243; admin_label=\u00bbsection\u00bb][et_pb_row admin_label=\u00bbrow\u00bb background_position=\u00bbtop_left\u00bb background_repeat=\u00bbrepeat\u00bb background_size=\u00bbinitial\u00bb][et_pb_column type=\u00bb4_4&#8243;][et_pb_text admin_label=\u00bbEntradilla (Texto)\u00bb _builder_version=\u00bb3.0.105&#8243; background_layout=\u00bblight\u00bb text_orientation=\u00bbjustified\u00bb text_font=\u00bb|on|||\u00bb module_alignment=\u00bbleft\u00bb]<\/p>\n<div id=\"resumen\"><strong>El mi\u00e9rcoles 13 de junio, el colegio organiz\u00f3 talleres y espect\u00e1culos de magia en la inauguraci\u00f3n del \u00abJard\u00edn de mi hospi\u00bb en la Fe, un proyecto impulsado por la ONG Juegaterapia, con la que el colegio ha colaborado en muchas ocasiones a trav\u00e9s de la venta de mu\u00f1ecos \u00abbaby pelones\u00bb, el proyecto \u00abPintando Sonrisas\u00bb y el \u00abConcierto Solidario\u00bb, para ayudar en la construcci\u00f3n de esta maravillosa iniciativa.<\/strong><\/div>\n<div><\/div>\n<p>[\/et_pb_text][et_pb_text admin_label=\u00bbAutor (Texto)\u00bb _builder_version=\u00bb3.0.85&#8243; background_layout=\u00bblight\u00bb text_font=\u00bb||on||\u00bb]<\/p>\n<p>Redacci\u00f3n<\/p>\n<p>[\/et_pb_text][et_pb_text admin_label=\u00bbDesarrollo (Texto)\u00bb _builder_version=\u00bb3.0.105&#8243; background_layout=\u00bblight\u00bb text_orientation=\u00bbjustified\u00bb module_alignment=\u00bbleft\u00bb]<\/p>\n<div>\n<div>Las personas del colegio que asistieron, cuentan su testimonio: \u00abNos emocionamos much\u00edsimo intentando transmitiros lo que sentimos este mi\u00e9rcoles por la tarde en la fiesta de inauguraci\u00f3n del nuevo jard\u00edn de La Fe. No encontramos las palabras adecuadas para reflejar tanto amor y tanta solidaridad con la gente que lo necesita. \u00c9se es el cole que queremos y, juntos, vamos a trabajar porque granito a granito, d\u00eda a d\u00eda, el mundo en el que vivimos sea un poquito mejor\u2026\u00a0Y viendo nuestras sonrisas reflejadas en las caras un poquito m\u00e1s felices de los ni\u00f1os que sufren, sabemos que lo estamos consiguiendo\u00bb.<\/div>\n<div>\u00a1Gracias a todos y sigamos pintando sonrisas!<\/div>\n<div><\/div>\n<div>La ONG Juegaterapia quiere transmitir a toda la comunidad educativa del colegio su m\u00e1s sincero agradecimiento. Colaborando con ellos, pronto llenaremos de sonrisas alg\u00fan otro lugar\u2026 \u00a1seguro que con vuestra ayuda!<\/div>\n<\/div>\n<div><\/div>\n<div>V\u00eddeo del evento:\u00a0<a href=\"https:\/\/www.facebook.com\/juegaterapia\/videos\/10156042719329064\/\" target=\"_blank\" rel=\"noopener\">https:\/\/www.facebook.com\/juegaterapia\/videos\/10156042719329064\/<\/a><\/div>\n<div><\/div>\n<div>Agradecimiento de Juegaterapia: <a href=\"https:\/\/m.facebook.com\/story.php?story_fbid=10156043807424064&amp;id=340133859063&amp;__tn__=%2As%2As-R\">https:\/\/m.facebook.com\/story.php?story_fbid=10156043807424064&amp;id=340133859063&amp;__tn__=%2As%2As-R<\/a><\/div>\n<p>[\/et_pb_text][et_pb_text admin_label=\u00bbT\u00edtulo: Galer\u00eda de fotos (Texto)\u00bb _builder_version=\u00bb3.0.76&#8243; background_layout=\u00bblight\u00bb text_font=\u00bb|on|||\u00bb text_text_color=\u00bb#dc001b\u00bb border_style=\u00bbsolid\u00bb disabled=\u00bboff\u00bb disabled_on=\u00bboff|on|on\u00bb]<\/p>\n<p>Galer\u00eda de im\u00e1genes<\/p>\n<p>[\/et_pb_text][et_pb_gallery _builder_version=\u00bb3.0.105&#8243; posts_number=\u00bb8&#8243; show_title_and_caption=\u00bboff\u00bb show_pagination=\u00bbon\u00bb fullwidth=\u00bboff\u00bb orientation=\u00bblandscape\u00bb zoom_icon_color=\u00bb#dc001b\u00bb hover_overlay_color=\u00bbrgba(255,255,255,0.9)\u00bb hover_icon=\u00bb%%51%%\u00bb background_layout=\u00bblight\u00bb disabled=\u00bboff\u00bb disabled_on=\u00bboff|off|off\u00bb gallery_ids=\u00bb9245,9246,9247,9249,9250,9251,9252,9244&#8243; pagination_font_size_tablet=\u00bb51&#8243; pagination_line_height_tablet=\u00bb2&#8243; \/][et_pb_video _builder_version=\u00bb3.0.51&#8243; disabled=\u00bbon\u00bb disabled_on=\u00bbon|on|on\u00bb \/][\/et_pb_column][\/et_pb_row][\/et_pb_section]<\/p>\n<!-- AddThis Advanced Settings generic via filter on the_content --><!-- AddThis Share Buttons generic via filter on the_content -->","protected":false},"excerpt":{"rendered":"<p>El mi\u00e9rcoles 13 de junio, el colegio organiz\u00f3 talleres y espect\u00e1culos de magia en la inauguraci\u00f3n del \u00abJard\u00edn de mi hospi\u00bb en la Fe, un proyecto impulsado por la ONG Juegaterapia, con la que el colegio ha colaborado en muchas ocasiones a trav\u00e9s de la venta de mu\u00f1ecos \u00abbaby pelones\u00bb, el proyecto \u00abPintando Sonrisas\u00bb y [&hellip;]<\/p>\n<p><!-- AddThis Advanced Settings generic via filter on get_the_excerpt --><!-- AddThis Share Buttons generic via filter on get_the_excerpt --><\/p>\n","protected":false},"author":6,"featured_media":9244,"comment_status":"closed","ping_status":"open","sticky":false,"template":"","format":"standard","meta":{"_et_pb_use_builder":"on","_et_pb_old_content":"","_et_gb_content_width":"","footnotes":""},"categories":[14],"tags":[],"class_list":["post-9242","post","type-post","status-publish","format-standard","has-post-thumbnail","hentry","category-noticia_colegio"],"yoast_head":"<!-- This site is optimized with the Yoast SEO plugin v28.4 - https:\/\/yoast.com\/product\/yoast-seo-wordpress\/ -->\n<title>El colegio organiza talleres y espect\u00e1culos de magia en la inauguraci\u00f3n del &quot;Jard\u00edn de mi hospi&quot; en la Fe - Colegio San Juan Bosco Valencia<\/title>\n<meta name=\"robots\" content=\"index, follow, max-snippet:-1, max-image-preview:large, max-video-preview:-1\" \/>\n<link rel=\"canonical\" href=\"https:\/\/valenciasjb.salesianos.edu\/colegio\/el-colegio-organiza-talleres-y-espectaculos-de-magia-en-la-inauguracion-del-jardin-de-mi-hospi-en-la-fe\/\" \/>\n<meta property=\"og:locale\" content=\"es_ES\" \/>\n<meta property=\"og:type\" content=\"article\" \/>\n<meta property=\"og:title\" content=\"El colegio organiza talleres y espect\u00e1culos de magia en la inauguraci\u00f3n del &quot;Jard\u00edn de mi hospi&quot; en la Fe - Colegio San Juan Bosco Valencia\" \/>\n<meta property=\"og:description\" content=\"El mi\u00e9rcoles 13 de junio, el colegio organiz\u00f3 talleres y espect\u00e1culos de magia en la inauguraci\u00f3n del &quot;Jard\u00edn de mi hospi&quot; en la Fe, un proyecto impulsado por la ONG Juegaterapia, con la que el colegio ha colaborado en muchas ocasiones a trav\u00e9s de la venta de mu\u00f1ecos &quot;baby pelones&quot;, el proyecto &quot;Pintando Sonrisas&quot; y [&hellip;]\" \/>\n<meta property=\"og:url\" content=\"https:\/\/valenciasjb.salesianos.edu\/colegio\/el-colegio-organiza-talleres-y-espectaculos-de-magia-en-la-inauguracion-del-jardin-de-mi-hospi-en-la-fe\/\" \/>\n<meta property=\"og:site_name\" content=\"Colegio San Juan Bosco Valencia\" \/>\n<meta property=\"article:publisher\" content=\"https:\/\/www.facebook.com\/ColegioSalesianoSanJuanBoscoValencia\" \/>\n<meta property=\"article:published_time\" content=\"2018-06-15T12:37:15+00:00\" \/>\n<meta property=\"article:modified_time\" content=\"2018-06-15T12:40:00+00:00\" \/>\n<meta property=\"og:image\" content=\"https:\/\/valenciasjb.salesianos.edu\/colegio\/wp-content\/uploads\/sites\/2\/2018\/06\/IMG_9740-1024x769.jpg\" \/>\n\t<meta property=\"og:image:width\" content=\"1024\" \/>\n\t<meta property=\"og:image:height\" content=\"769\" \/>\n\t<meta property=\"og:image:type\" content=\"image\/jpeg\" \/>\n<meta name=\"author\" content=\"veronicapastor\" \/>\n<meta name=\"twitter:card\" content=\"summary_large_image\" \/>\n<meta name=\"twitter:creator\" content=\"@SalesianosVSJB\" \/>\n<meta name=\"twitter:site\" content=\"@SalesianosVSJB\" \/>\n<meta name=\"twitter:label1\" content=\"Escrito por\" \/>\n\t<meta name=\"twitter:data1\" content=\"veronicapastor\" \/>\n\t<meta name=\"twitter:label2\" content=\"Tiempo de lectura\" \/>\n\t<meta name=\"twitter:data2\" content=\"2 minutos\" \/>\n<script type=\"application\/ld+json\" class=\"yoast-schema-graph\">{\"@context\":\"https:\\\/\\\/schema.org\",\"@graph\":[{\"@type\":\"Article\",\"@id\":\"https:\\\/\\\/valenciasjb.salesianos.edu\\\/colegio\\\/el-colegio-organiza-talleres-y-espectaculos-de-magia-en-la-inauguracion-del-jardin-de-mi-hospi-en-la-fe\\\/#article\",\"isPartOf\":{\"@id\":\"https:\\\/\\\/valenciasjb.salesianos.edu\\\/colegio\\\/el-colegio-organiza-talleres-y-espectaculos-de-magia-en-la-inauguracion-del-jardin-de-mi-hospi-en-la-fe\\\/\"},\"author\":{\"name\":\"veronicapastor\",\"@id\":\"https:\\\/\\\/valenciasjb.salesianos.edu\\\/colegio\\\/#\\\/schema\\\/person\\\/1f45b67e52b27da175190a574db6bed9\"},\"headline\":\"El colegio organiza talleres y espect\u00e1culos de magia en la inauguraci\u00f3n del \u00abJard\u00edn de mi hospi\u00bb en la Fe\",\"datePublished\":\"2018-06-15T12:37:15+00:00\",\"dateModified\":\"2018-06-15T12:40:00+00:00\",\"mainEntityOfPage\":{\"@id\":\"https:\\\/\\\/valenciasjb.salesianos.edu\\\/colegio\\\/el-colegio-organiza-talleres-y-espectaculos-de-magia-en-la-inauguracion-del-jardin-de-mi-hospi-en-la-fe\\\/\"},\"wordCount\":478,\"image\":{\"@id\":\"https:\\\/\\\/valenciasjb.salesianos.edu\\\/colegio\\\/el-colegio-organiza-talleres-y-espectaculos-de-magia-en-la-inauguracion-del-jardin-de-mi-hospi-en-la-fe\\\/#primaryimage\"},\"thumbnailUrl\":\"https:\\\/\\\/valenciasjb.salesianos.edu\\\/colegio\\\/wp-content\\\/uploads\\\/sites\\\/2\\\/2018\\\/06\\\/IMG_9740.jpg\",\"articleSection\":[\"Noticia Colegio\"],\"inLanguage\":\"es\"},{\"@type\":\"WebPage\",\"@id\":\"https:\\\/\\\/valenciasjb.salesianos.edu\\\/colegio\\\/el-colegio-organiza-talleres-y-espectaculos-de-magia-en-la-inauguracion-del-jardin-de-mi-hospi-en-la-fe\\\/\",\"url\":\"https:\\\/\\\/valenciasjb.salesianos.edu\\\/colegio\\\/el-colegio-organiza-talleres-y-espectaculos-de-magia-en-la-inauguracion-del-jardin-de-mi-hospi-en-la-fe\\\/\",\"name\":\"El colegio organiza talleres y espect\u00e1culos de magia en la inauguraci\u00f3n del \\\"Jard\u00edn de mi hospi\\\" en la Fe - Colegio San Juan Bosco Valencia\",\"isPartOf\":{\"@id\":\"https:\\\/\\\/valenciasjb.salesianos.edu\\\/colegio\\\/#website\"},\"primaryImageOfPage\":{\"@id\":\"https:\\\/\\\/valenciasjb.salesianos.edu\\\/colegio\\\/el-colegio-organiza-talleres-y-espectaculos-de-magia-en-la-inauguracion-del-jardin-de-mi-hospi-en-la-fe\\\/#primaryimage\"},\"image\":{\"@id\":\"https:\\\/\\\/valenciasjb.salesianos.edu\\\/colegio\\\/el-colegio-organiza-talleres-y-espectaculos-de-magia-en-la-inauguracion-del-jardin-de-mi-hospi-en-la-fe\\\/#primaryimage\"},\"thumbnailUrl\":\"https:\\\/\\\/valenciasjb.salesianos.edu\\\/colegio\\\/wp-content\\\/uploads\\\/sites\\\/2\\\/2018\\\/06\\\/IMG_9740.jpg\",\"datePublished\":\"2018-06-15T12:37:15+00:00\",\"dateModified\":\"2018-06-15T12:40:00+00:00\",\"author\":{\"@id\":\"https:\\\/\\\/valenciasjb.salesianos.edu\\\/colegio\\\/#\\\/schema\\\/person\\\/1f45b67e52b27da175190a574db6bed9\"},\"breadcrumb\":{\"@id\":\"https:\\\/\\\/valenciasjb.salesianos.edu\\\/colegio\\\/el-colegio-organiza-talleres-y-espectaculos-de-magia-en-la-inauguracion-del-jardin-de-mi-hospi-en-la-fe\\\/#breadcrumb\"},\"inLanguage\":\"es\",\"potentialAction\":[{\"@type\":\"ReadAction\",\"target\":[\"https:\\\/\\\/valenciasjb.salesianos.edu\\\/colegio\\\/el-colegio-organiza-talleres-y-espectaculos-de-magia-en-la-inauguracion-del-jardin-de-mi-hospi-en-la-fe\\\/\"]}]},{\"@type\":\"ImageObject\",\"inLanguage\":\"es\",\"@id\":\"https:\\\/\\\/valenciasjb.salesianos.edu\\\/colegio\\\/el-colegio-organiza-talleres-y-espectaculos-de-magia-en-la-inauguracion-del-jardin-de-mi-hospi-en-la-fe\\\/#primaryimage\",\"url\":\"https:\\\/\\\/valenciasjb.salesianos.edu\\\/colegio\\\/wp-content\\\/uploads\\\/sites\\\/2\\\/2018\\\/06\\\/IMG_9740.jpg\",\"contentUrl\":\"https:\\\/\\\/valenciasjb.salesianos.edu\\\/colegio\\\/wp-content\\\/uploads\\\/sites\\\/2\\\/2018\\\/06\\\/IMG_9740.jpg\",\"width\":3724,\"height\":2796},{\"@type\":\"BreadcrumbList\",\"@id\":\"https:\\\/\\\/valenciasjb.salesianos.edu\\\/colegio\\\/el-colegio-organiza-talleres-y-espectaculos-de-magia-en-la-inauguracion-del-jardin-de-mi-hospi-en-la-fe\\\/#breadcrumb\",\"itemListElement\":[{\"@type\":\"ListItem\",\"position\":1,\"name\":\"Portada\",\"item\":\"https:\\\/\\\/valenciasjb.salesianos.edu\\\/colegio\\\/\"},{\"@type\":\"ListItem\",\"position\":2,\"name\":\"El colegio organiza talleres y espect\u00e1culos de magia en la inauguraci\u00f3n del \u00abJard\u00edn de mi hospi\u00bb en la Fe\"}]},{\"@type\":\"WebSite\",\"@id\":\"https:\\\/\\\/valenciasjb.salesianos.edu\\\/colegio\\\/#website\",\"url\":\"https:\\\/\\\/valenciasjb.salesianos.edu\\\/colegio\\\/\",\"name\":\"Colegio San Juan Bosco Valencia\",\"description\":\"P\u00e1gina oficial del Colegio Salesianos San Juan Bosco Valencia\",\"alternateName\":\"Salesianos.VSJB\",\"potentialAction\":[{\"@type\":\"SearchAction\",\"target\":{\"@type\":\"EntryPoint\",\"urlTemplate\":\"https:\\\/\\\/valenciasjb.salesianos.edu\\\/colegio\\\/?s={search_term_string}\"},\"query-input\":{\"@type\":\"PropertyValueSpecification\",\"valueRequired\":true,\"valueName\":\"search_term_string\"}}],\"inLanguage\":\"es\"},{\"@type\":\"Person\",\"@id\":\"https:\\\/\\\/valenciasjb.salesianos.edu\\\/colegio\\\/#\\\/schema\\\/person\\\/1f45b67e52b27da175190a574db6bed9\",\"name\":\"veronicapastor\",\"image\":{\"@type\":\"ImageObject\",\"inLanguage\":\"es\",\"@id\":\"https:\\\/\\\/secure.gravatar.com\\\/avatar\\\/e29bd40bace3fd935e1d6fdb7313ffc14628cc037c5e16f4c7369b20a2a6f7f0?s=96&d=mm&r=g\",\"url\":\"https:\\\/\\\/secure.gravatar.com\\\/avatar\\\/e29bd40bace3fd935e1d6fdb7313ffc14628cc037c5e16f4c7369b20a2a6f7f0?s=96&d=mm&r=g\",\"contentUrl\":\"https:\\\/\\\/secure.gravatar.com\\\/avatar\\\/e29bd40bace3fd935e1d6fdb7313ffc14628cc037c5e16f4c7369b20a2a6f7f0?s=96&d=mm&r=g\",\"caption\":\"veronicapastor\"}}]}<\/script>\n<!-- \/ Yoast SEO plugin. -->","yoast_head_json":{"title":"El colegio organiza talleres y espect\u00e1culos de magia en la inauguraci\u00f3n del \"Jard\u00edn de mi hospi\" en la Fe - Colegio San Juan Bosco Valencia","robots":{"index":"index","follow":"follow","max-snippet":"max-snippet:-1","max-image-preview":"max-image-preview:large","max-video-preview":"max-video-preview:-1"},"canonical":"https:\/\/valenciasjb.salesianos.edu\/colegio\/el-colegio-organiza-talleres-y-espectaculos-de-magia-en-la-inauguracion-del-jardin-de-mi-hospi-en-la-fe\/","og_locale":"es_ES","og_type":"article","og_title":"El colegio organiza talleres y espect\u00e1culos de magia en la inauguraci\u00f3n del \"Jard\u00edn de mi hospi\" en la Fe - Colegio San Juan Bosco Valencia","og_description":"El mi\u00e9rcoles 13 de junio, el colegio organiz\u00f3 talleres y espect\u00e1culos de magia en la inauguraci\u00f3n del \"Jard\u00edn de mi hospi\" en la Fe, un proyecto impulsado por la ONG Juegaterapia, con la que el colegio ha colaborado en muchas ocasiones a trav\u00e9s de la venta de mu\u00f1ecos \"baby pelones\", el proyecto \"Pintando Sonrisas\" y [&hellip;]","og_url":"https:\/\/valenciasjb.salesianos.edu\/colegio\/el-colegio-organiza-talleres-y-espectaculos-de-magia-en-la-inauguracion-del-jardin-de-mi-hospi-en-la-fe\/","og_site_name":"Colegio San Juan Bosco Valencia","article_publisher":"https:\/\/www.facebook.com\/ColegioSalesianoSanJuanBoscoValencia","article_published_time":"2018-06-15T12:37:15+00:00","article_modified_time":"2018-06-15T12:40:00+00:00","og_image":[{"width":1024,"height":769,"url":"https:\/\/valenciasjb.salesianos.edu\/colegio\/wp-content\/uploads\/sites\/2\/2018\/06\/IMG_9740-1024x769.jpg","type":"image\/jpeg"}],"author":"veronicapastor","twitter_card":"summary_large_image","twitter_creator":"@SalesianosVSJB","twitter_site":"@SalesianosVSJB","twitter_misc":{"Escrito por":"veronicapastor","Tiempo de lectura":"2 minutos"},"schema":{"@context":"https:\/\/schema.org","@graph":[{"@type":"Article","@id":"https:\/\/valenciasjb.salesianos.edu\/colegio\/el-colegio-organiza-talleres-y-espectaculos-de-magia-en-la-inauguracion-del-jardin-de-mi-hospi-en-la-fe\/#article","isPartOf":{"@id":"https:\/\/valenciasjb.salesianos.edu\/colegio\/el-colegio-organiza-talleres-y-espectaculos-de-magia-en-la-inauguracion-del-jardin-de-mi-hospi-en-la-fe\/"},"author":{"name":"veronicapastor","@id":"https:\/\/valenciasjb.salesianos.edu\/colegio\/#\/schema\/person\/1f45b67e52b27da175190a574db6bed9"},"headline":"El colegio organiza talleres y espect\u00e1culos de magia en la inauguraci\u00f3n del \u00abJard\u00edn de mi hospi\u00bb en la Fe","datePublished":"2018-06-15T12:37:15+00:00","dateModified":"2018-06-15T12:40:00+00:00","mainEntityOfPage":{"@id":"https:\/\/valenciasjb.salesianos.edu\/colegio\/el-colegio-organiza-talleres-y-espectaculos-de-magia-en-la-inauguracion-del-jardin-de-mi-hospi-en-la-fe\/"},"wordCount":478,"image":{"@id":"https:\/\/valenciasjb.salesianos.edu\/colegio\/el-colegio-organiza-talleres-y-espectaculos-de-magia-en-la-inauguracion-del-jardin-de-mi-hospi-en-la-fe\/#primaryimage"},"thumbnailUrl":"https:\/\/valenciasjb.salesianos.edu\/colegio\/wp-content\/uploads\/sites\/2\/2018\/06\/IMG_9740.jpg","articleSection":["Noticia Colegio"],"inLanguage":"es"},{"@type":"WebPage","@id":"https:\/\/valenciasjb.salesianos.edu\/colegio\/el-colegio-organiza-talleres-y-espectaculos-de-magia-en-la-inauguracion-del-jardin-de-mi-hospi-en-la-fe\/","url":"https:\/\/valenciasjb.salesianos.edu\/colegio\/el-colegio-organiza-talleres-y-espectaculos-de-magia-en-la-inauguracion-del-jardin-de-mi-hospi-en-la-fe\/","name":"El colegio organiza talleres y espect\u00e1culos de magia en la inauguraci\u00f3n del \"Jard\u00edn de mi hospi\" en la Fe - Colegio San Juan Bosco Valencia","isPartOf":{"@id":"https:\/\/valenciasjb.salesianos.edu\/colegio\/#website"},"primaryImageOfPage":{"@id":"https:\/\/valenciasjb.salesianos.edu\/colegio\/el-colegio-organiza-talleres-y-espectaculos-de-magia-en-la-inauguracion-del-jardin-de-mi-hospi-en-la-fe\/#primaryimage"},"image":{"@id":"https:\/\/valenciasjb.salesianos.edu\/colegio\/el-colegio-organiza-talleres-y-espectaculos-de-magia-en-la-inauguracion-del-jardin-de-mi-hospi-en-la-fe\/#primaryimage"},"thumbnailUrl":"https:\/\/valenciasjb.salesianos.edu\/colegio\/wp-content\/uploads\/sites\/2\/2018\/06\/IMG_9740.jpg","datePublished":"2018-06-15T12:37:15+00:00","dateModified":"2018-06-15T12:40:00+00:00","author":{"@id":"https:\/\/valenciasjb.salesianos.edu\/colegio\/#\/schema\/person\/1f45b67e52b27da175190a574db6bed9"},"breadcrumb":{"@id":"https:\/\/valenciasjb.salesianos.edu\/colegio\/el-colegio-organiza-talleres-y-espectaculos-de-magia-en-la-inauguracion-del-jardin-de-mi-hospi-en-la-fe\/#breadcrumb"},"inLanguage":"es","potentialAction":[{"@type":"ReadAction","target":["https:\/\/valenciasjb.salesianos.edu\/colegio\/el-colegio-organiza-talleres-y-espectaculos-de-magia-en-la-inauguracion-del-jardin-de-mi-hospi-en-la-fe\/"]}]},{"@type":"ImageObject","inLanguage":"es","@id":"https:\/\/valenciasjb.salesianos.edu\/colegio\/el-colegio-organiza-talleres-y-espectaculos-de-magia-en-la-inauguracion-del-jardin-de-mi-hospi-en-la-fe\/#primaryimage","url":"https:\/\/valenciasjb.salesianos.edu\/colegio\/wp-content\/uploads\/sites\/2\/2018\/06\/IMG_9740.jpg","contentUrl":"https:\/\/valenciasjb.salesianos.edu\/colegio\/wp-content\/uploads\/sites\/2\/2018\/06\/IMG_9740.jpg","width":3724,"height":2796},{"@type":"BreadcrumbList","@id":"https:\/\/valenciasjb.salesianos.edu\/colegio\/el-colegio-organiza-talleres-y-espectaculos-de-magia-en-la-inauguracion-del-jardin-de-mi-hospi-en-la-fe\/#breadcrumb","itemListElement":[{"@type":"ListItem","position":1,"name":"Portada","item":"https:\/\/valenciasjb.salesianos.edu\/colegio\/"},{"@type":"ListItem","position":2,"name":"El colegio organiza talleres y espect\u00e1culos de magia en la inauguraci\u00f3n del \u00abJard\u00edn de mi hospi\u00bb en la Fe"}]},{"@type":"WebSite","@id":"https:\/\/valenciasjb.salesianos.edu\/colegio\/#website","url":"https:\/\/valenciasjb.salesianos.edu\/colegio\/","name":"Colegio San Juan Bosco Valencia","description":"P\u00e1gina oficial del Colegio Salesianos San Juan Bosco Valencia","alternateName":"Salesianos.VSJB","potentialAction":[{"@type":"SearchAction","target":{"@type":"EntryPoint","urlTemplate":"https:\/\/valenciasjb.salesianos.edu\/colegio\/?s={search_term_string}"},"query-input":{"@type":"PropertyValueSpecification","valueRequired":true,"valueName":"search_term_string"}}],"inLanguage":"es"},{"@type":"Person","@id":"https:\/\/valenciasjb.salesianos.edu\/colegio\/#\/schema\/person\/1f45b67e52b27da175190a574db6bed9","name":"veronicapastor","image":{"@type":"ImageObject","inLanguage":"es","@id":"https:\/\/secure.gravatar.com\/avatar\/e29bd40bace3fd935e1d6fdb7313ffc14628cc037c5e16f4c7369b20a2a6f7f0?s=96&d=mm&r=g","url":"https:\/\/secure.gravatar.com\/avatar\/e29bd40bace3fd935e1d6fdb7313ffc14628cc037c5e16f4c7369b20a2a6f7f0?s=96&d=mm&r=g","contentUrl":"https:\/\/secure.gravatar.com\/avatar\/e29bd40bace3fd935e1d6fdb7313ffc14628cc037c5e16f4c7369b20a2a6f7f0?s=96&d=mm&r=g","caption":"veronicapastor"}}]}},"_links":{"self":[{"href":"https:\/\/valenciasjb.salesianos.edu\/colegio\/wp-json\/wp\/v2\/posts\/9242","targetHints":{"allow":["GET"]}}],"collection":[{"href":"https:\/\/valenciasjb.salesianos.edu\/colegio\/wp-json\/wp\/v2\/posts"}],"about":[{"href":"https:\/\/valenciasjb.salesianos.edu\/colegio\/wp-json\/wp\/v2\/types\/post"}],"author":[{"embeddable":true,"href":"https:\/\/valenciasjb.salesianos.edu\/colegio\/wp-json\/wp\/v2\/users\/6"}],"replies":[{"embeddable":true,"href":"https:\/\/valenciasjb.salesianos.edu\/colegio\/wp-json\/wp\/v2\/comments?post=9242"}],"version-history":[{"count":3,"href":"https:\/\/valenciasjb.salesianos.edu\/colegio\/wp-json\/wp\/v2\/posts\/9242\/revisions"}],"predecessor-version":[{"id":9255,"href":"https:\/\/valenciasjb.salesianos.edu\/colegio\/wp-json\/wp\/v2\/posts\/9242\/revisions\/9255"}],"wp:featuredmedia":[{"embeddable":true,"href":"https:\/\/valenciasjb.salesianos.edu\/colegio\/wp-json\/wp\/v2\/media\/9244"}],"wp:attachment":[{"href":"https:\/\/valenciasjb.salesianos.edu\/colegio\/wp-json\/wp\/v2\/media?parent=9242"}],"wp:term":[{"taxonomy":"category","embeddable":true,"href":"https:\/\/valenciasjb.salesianos.edu\/colegio\/wp-json\/wp\/v2\/categories?post=9242"},{"taxonomy":"post_tag","embeddable":true,"href":"https:\/\/valenciasjb.salesianos.edu\/colegio\/wp-json\/wp\/v2\/tags?post=9242"}],"curies":[{"name":"wp","href":"https:\/\/api.w.org\/{rel}","templated":true}]}}