{"id":9256,"date":"2018-06-17T21:44:58","date_gmt":"2018-06-17T20:44:58","guid":{"rendered":"https:\/\/valenciasjb.salesianos.edu\/colegio\/?p=9256"},"modified":"2018-06-17T21:45:58","modified_gmt":"2018-06-17T20:45:58","slug":"el-proyecto-leer-en-casa-finaliza-con-un-reconocimiento-a-las-familias-lectoras-de-primaria","status":"publish","type":"post","link":"https:\/\/valenciasjb.salesianos.edu\/colegio\/el-proyecto-leer-en-casa-finaliza-con-un-reconocimiento-a-las-familias-lectoras-de-primaria\/","title":{"rendered":"El proyecto \u201cLeer en casa\u201d finaliza con un reconocimiento a las familias lectoras de Primaria"},"content":{"rendered":"<div id=\"fb-root\"><\/div>\n<p>[et_pb_section bb_built=\u00bb1&#8243; admin_label=\u00bbsection\u00bb][et_pb_row admin_label=\u00bbrow\u00bb background_position=\u00bbtop_left\u00bb background_repeat=\u00bbrepeat\u00bb background_size=\u00bbinitial\u00bb][et_pb_column type=\u00bb4_4&#8243;][et_pb_text admin_label=\u00bbEntradilla (Texto)\u00bb _builder_version=\u00bb3.0.105&#8243; background_layout=\u00bblight\u00bb text_orientation=\u00bbjustified\u00bb text_font=\u00bb|on|||\u00bb module_alignment=\u00bbleft\u00bb]<\/p>\n<div id=\"resumen\">\n<p><strong>Catorce alumnos y alumnas acompa\u00f1ados por sus familias, han recibido un merecido diploma por su amor y pasi\u00f3n hacia la lectura.\u00a0El viernes d\u00eda 15 de junio, en la hora del recreo, tuvo lugar el esperado acto en el aula de fomento a la lectura de Primaria. Un acto que viene realiz\u00e1ndose desde hace cuatro a\u00f1os.<\/strong><\/p>\n<\/div>\n<div><\/div>\n<p>[\/et_pb_text][et_pb_text admin_label=\u00bbAutor (Texto)\u00bb _builder_version=\u00bb3.0.105&#8243; background_layout=\u00bblight\u00bb text_font=\u00bb||on||\u00bb]<\/p>\n<p>Susana de la Fuente. Encargada de la biblioteca.<\/p>\n<p>[\/et_pb_text][et_pb_text admin_label=\u00bbDesarrollo (Texto)\u00bb _builder_version=\u00bb3.0.105&#8243; background_layout=\u00bblight\u00bb text_orientation=\u00bbjustified\u00bb module_alignment=\u00bbleft\u00bb]<\/p>\n<p>Ya han pasado nueve meses desde que comenz\u00f3 el proyecto con un buenos d\u00edas muy especial. Varias familias participantes en el proyecto \u201cLeer en casa\u201d del curso pasado contaron su experiencia lectora con el fin de animar a m\u00e1s ni\u00f1os y ni\u00f1as este curso.<\/p>\n<p>Desde ese momento, muchos han sido los alumnos y alumnas que han entregado cada mes sus calendarios, acreditando que hab\u00edan pasado momentos lectores entra\u00f1ables junto a su familia. Finalmente 14 alumnos y alumnas, muchos de ellos hermanos y hermanas, han conseguido entregar todos los calendarios hasta el mes de mayo.<\/p>\n<p>Es por ello que el colegio se muestra muy orgulloso de estas diez familias y ha querido realizar un acto como reconocimiento a su pasi\u00f3n y amor a la lectura as\u00ed como a su gran constancia.<\/p>\n<p>En el emotivo acto, se reunieron alumnado, familias y profesores. La responsable del aula de fomento a la lectura dirigi\u00f3 unas palabras de reconocimiento y realiz\u00f3 la entrega de diplomas.<\/p>\n<p>Los premiados han sido: 1\u00baA Lola Garc\u00eda, 1\u00baC Victoria Vivas, 1\u00baC Marta Ferrer, 1\u00baD Irene Garrido, 2\u00baB Luis Albiach, 3\u00baA Daniel Puchades, 3\u00baB Nerea Pascual, 3\u00baD Luc\u00eda Pescador, 4\u00baB Diego Garrido, 4\u00baC Valeria Vivas, 4\u00baC Laura S\u00e1nchez, 4\u00baC Pablo Ribal, 6\u00baC Javier Ribal, 6\u00baD Bel\u00e9n Pescador.<\/p>\n<p>Enhorabuena a todas las familias. Esperamos de coraz\u00f3n que el curso que viene muchas familias se animen a embarcarse en esta maravillosa aventura de lectura en familia.<\/p>\n<p>[\/et_pb_text][et_pb_text admin_label=\u00bbT\u00edtulo: Galer\u00eda de fotos (Texto)\u00bb _builder_version=\u00bb3.0.76&#8243; background_layout=\u00bblight\u00bb text_font=\u00bb|on|||\u00bb text_text_color=\u00bb#dc001b\u00bb border_style=\u00bbsolid\u00bb disabled=\u00bboff\u00bb disabled_on=\u00bboff|on|on\u00bb]<\/p>\n<p>Galer\u00eda de im\u00e1genes<\/p>\n<p>[\/et_pb_text][et_pb_gallery _builder_version=\u00bb3.0.105&#8243; posts_number=\u00bb8&#8243; show_title_and_caption=\u00bboff\u00bb show_pagination=\u00bbon\u00bb fullwidth=\u00bboff\u00bb orientation=\u00bblandscape\u00bb zoom_icon_color=\u00bb#dc001b\u00bb hover_overlay_color=\u00bbrgba(255,255,255,0.9)\u00bb hover_icon=\u00bb%%51%%\u00bb background_layout=\u00bblight\u00bb disabled=\u00bboff\u00bb disabled_on=\u00bboff|off|off\u00bb gallery_ids=\u00bb9257,9258,9259,9260,9261,9262&#8243; pagination_font_size_tablet=\u00bb51&#8243; pagination_line_height_tablet=\u00bb2&#8243; \/][et_pb_video _builder_version=\u00bb3.0.51&#8243; disabled=\u00bbon\u00bb disabled_on=\u00bbon|on|on\u00bb \/][\/et_pb_column][\/et_pb_row][\/et_pb_section]<\/p>\n<!-- AddThis Advanced Settings generic via filter on the_content --><!-- AddThis Share Buttons generic via filter on the_content -->","protected":false},"excerpt":{"rendered":"<p>Catorce alumnos y alumnas acompa\u00f1ados por sus familias, han recibido un merecido diploma por su amor y pasi\u00f3n hacia la lectura.\u00a0El viernes d\u00eda 15 de junio, en la hora del recreo, tuvo lugar el esperado acto en el aula de fomento a la lectura de Primaria. Un acto que viene realiz\u00e1ndose desde hace cuatro a\u00f1os. [&hellip;]<\/p>\n<p><!-- AddThis Advanced Settings generic via filter on get_the_excerpt --><!-- AddThis Share Buttons generic via filter on get_the_excerpt --><\/p>\n","protected":false},"author":6,"featured_media":9262,"comment_status":"closed","ping_status":"open","sticky":false,"template":"","format":"standard","meta":{"_et_pb_use_builder":"on","_et_pb_old_content":"","_et_gb_content_width":"","footnotes":""},"categories":[14],"tags":[],"class_list":["post-9256","post","type-post","status-publish","format-standard","has-post-thumbnail","hentry","category-noticia_colegio"],"yoast_head":"<!-- This site is optimized with the Yoast SEO plugin v28.4 - https:\/\/yoast.com\/product\/yoast-seo-wordpress\/ -->\n<title>El proyecto \u201cLeer en casa\u201d finaliza con un reconocimiento a las familias lectoras de Primaria - Colegio San Juan Bosco Valencia<\/title>\n<meta name=\"robots\" content=\"index, follow, max-snippet:-1, max-image-preview:large, max-video-preview:-1\" \/>\n<link rel=\"canonical\" href=\"https:\/\/valenciasjb.salesianos.edu\/colegio\/el-proyecto-leer-en-casa-finaliza-con-un-reconocimiento-a-las-familias-lectoras-de-primaria\/\" \/>\n<meta property=\"og:locale\" content=\"es_ES\" \/>\n<meta property=\"og:type\" content=\"article\" \/>\n<meta property=\"og:title\" content=\"El proyecto \u201cLeer en casa\u201d finaliza con un reconocimiento a las familias lectoras de Primaria - Colegio San Juan Bosco Valencia\" \/>\n<meta property=\"og:description\" content=\"Catorce alumnos y alumnas acompa\u00f1ados por sus familias, han recibido un merecido diploma por su amor y pasi\u00f3n hacia la lectura.\u00a0El viernes d\u00eda 15 de junio, en la hora del recreo, tuvo lugar el esperado acto en el aula de fomento a la lectura de Primaria. Un acto que viene realiz\u00e1ndose desde hace cuatro a\u00f1os. [&hellip;]\" \/>\n<meta property=\"og:url\" content=\"https:\/\/valenciasjb.salesianos.edu\/colegio\/el-proyecto-leer-en-casa-finaliza-con-un-reconocimiento-a-las-familias-lectoras-de-primaria\/\" \/>\n<meta property=\"og:site_name\" content=\"Colegio San Juan Bosco Valencia\" \/>\n<meta property=\"article:publisher\" content=\"https:\/\/www.facebook.com\/ColegioSalesianoSanJuanBoscoValencia\" \/>\n<meta property=\"article:published_time\" content=\"2018-06-17T20:44:58+00:00\" \/>\n<meta property=\"article:modified_time\" content=\"2018-06-17T20:45:58+00:00\" \/>\n<meta property=\"og:image\" content=\"https:\/\/valenciasjb.salesianos.edu\/colegio\/wp-content\/uploads\/sites\/2\/2018\/06\/IMG_5531-1024x683.jpg\" \/>\n\t<meta property=\"og:image:width\" content=\"1024\" \/>\n\t<meta property=\"og:image:height\" content=\"683\" \/>\n\t<meta property=\"og:image:type\" content=\"image\/jpeg\" \/>\n<meta name=\"author\" content=\"veronicapastor\" \/>\n<meta name=\"twitter:card\" content=\"summary_large_image\" \/>\n<meta name=\"twitter:creator\" content=\"@SalesianosVSJB\" \/>\n<meta name=\"twitter:site\" content=\"@SalesianosVSJB\" \/>\n<meta name=\"twitter:label1\" content=\"Escrito por\" \/>\n\t<meta name=\"twitter:data1\" content=\"veronicapastor\" \/>\n\t<meta name=\"twitter:label2\" content=\"Tiempo de lectura\" \/>\n\t<meta name=\"twitter:data2\" content=\"3 minutos\" \/>\n<script type=\"application\/ld+json\" class=\"yoast-schema-graph\">{\"@context\":\"https:\\\/\\\/schema.org\",\"@graph\":[{\"@type\":\"Article\",\"@id\":\"https:\\\/\\\/valenciasjb.salesianos.edu\\\/colegio\\\/el-proyecto-leer-en-casa-finaliza-con-un-reconocimiento-a-las-familias-lectoras-de-primaria\\\/#article\",\"isPartOf\":{\"@id\":\"https:\\\/\\\/valenciasjb.salesianos.edu\\\/colegio\\\/el-proyecto-leer-en-casa-finaliza-con-un-reconocimiento-a-las-familias-lectoras-de-primaria\\\/\"},\"author\":{\"name\":\"veronicapastor\",\"@id\":\"https:\\\/\\\/valenciasjb.salesianos.edu\\\/colegio\\\/#\\\/schema\\\/person\\\/1f45b67e52b27da175190a574db6bed9\"},\"headline\":\"El proyecto \u201cLeer en casa\u201d finaliza con un reconocimiento a las familias lectoras de Primaria\",\"datePublished\":\"2018-06-17T20:44:58+00:00\",\"dateModified\":\"2018-06-17T20:45:58+00:00\",\"mainEntityOfPage\":{\"@id\":\"https:\\\/\\\/valenciasjb.salesianos.edu\\\/colegio\\\/el-proyecto-leer-en-casa-finaliza-con-un-reconocimiento-a-las-familias-lectoras-de-primaria\\\/\"},\"wordCount\":532,\"image\":{\"@id\":\"https:\\\/\\\/valenciasjb.salesianos.edu\\\/colegio\\\/el-proyecto-leer-en-casa-finaliza-con-un-reconocimiento-a-las-familias-lectoras-de-primaria\\\/#primaryimage\"},\"thumbnailUrl\":\"https:\\\/\\\/valenciasjb.salesianos.edu\\\/colegio\\\/wp-content\\\/uploads\\\/sites\\\/2\\\/2018\\\/06\\\/IMG_5531.jpg\",\"articleSection\":[\"Noticia Colegio\"],\"inLanguage\":\"es\"},{\"@type\":\"WebPage\",\"@id\":\"https:\\\/\\\/valenciasjb.salesianos.edu\\\/colegio\\\/el-proyecto-leer-en-casa-finaliza-con-un-reconocimiento-a-las-familias-lectoras-de-primaria\\\/\",\"url\":\"https:\\\/\\\/valenciasjb.salesianos.edu\\\/colegio\\\/el-proyecto-leer-en-casa-finaliza-con-un-reconocimiento-a-las-familias-lectoras-de-primaria\\\/\",\"name\":\"El proyecto \u201cLeer en casa\u201d finaliza con un reconocimiento a las familias lectoras de Primaria - Colegio San Juan Bosco Valencia\",\"isPartOf\":{\"@id\":\"https:\\\/\\\/valenciasjb.salesianos.edu\\\/colegio\\\/#website\"},\"primaryImageOfPage\":{\"@id\":\"https:\\\/\\\/valenciasjb.salesianos.edu\\\/colegio\\\/el-proyecto-leer-en-casa-finaliza-con-un-reconocimiento-a-las-familias-lectoras-de-primaria\\\/#primaryimage\"},\"image\":{\"@id\":\"https:\\\/\\\/valenciasjb.salesianos.edu\\\/colegio\\\/el-proyecto-leer-en-casa-finaliza-con-un-reconocimiento-a-las-familias-lectoras-de-primaria\\\/#primaryimage\"},\"thumbnailUrl\":\"https:\\\/\\\/valenciasjb.salesianos.edu\\\/colegio\\\/wp-content\\\/uploads\\\/sites\\\/2\\\/2018\\\/06\\\/IMG_5531.jpg\",\"datePublished\":\"2018-06-17T20:44:58+00:00\",\"dateModified\":\"2018-06-17T20:45:58+00:00\",\"author\":{\"@id\":\"https:\\\/\\\/valenciasjb.salesianos.edu\\\/colegio\\\/#\\\/schema\\\/person\\\/1f45b67e52b27da175190a574db6bed9\"},\"breadcrumb\":{\"@id\":\"https:\\\/\\\/valenciasjb.salesianos.edu\\\/colegio\\\/el-proyecto-leer-en-casa-finaliza-con-un-reconocimiento-a-las-familias-lectoras-de-primaria\\\/#breadcrumb\"},\"inLanguage\":\"es\",\"potentialAction\":[{\"@type\":\"ReadAction\",\"target\":[\"https:\\\/\\\/valenciasjb.salesianos.edu\\\/colegio\\\/el-proyecto-leer-en-casa-finaliza-con-un-reconocimiento-a-las-familias-lectoras-de-primaria\\\/\"]}]},{\"@type\":\"ImageObject\",\"inLanguage\":\"es\",\"@id\":\"https:\\\/\\\/valenciasjb.salesianos.edu\\\/colegio\\\/el-proyecto-leer-en-casa-finaliza-con-un-reconocimiento-a-las-familias-lectoras-de-primaria\\\/#primaryimage\",\"url\":\"https:\\\/\\\/valenciasjb.salesianos.edu\\\/colegio\\\/wp-content\\\/uploads\\\/sites\\\/2\\\/2018\\\/06\\\/IMG_5531.jpg\",\"contentUrl\":\"https:\\\/\\\/valenciasjb.salesianos.edu\\\/colegio\\\/wp-content\\\/uploads\\\/sites\\\/2\\\/2018\\\/06\\\/IMG_5531.jpg\",\"width\":6000,\"height\":4000},{\"@type\":\"BreadcrumbList\",\"@id\":\"https:\\\/\\\/valenciasjb.salesianos.edu\\\/colegio\\\/el-proyecto-leer-en-casa-finaliza-con-un-reconocimiento-a-las-familias-lectoras-de-primaria\\\/#breadcrumb\",\"itemListElement\":[{\"@type\":\"ListItem\",\"position\":1,\"name\":\"Portada\",\"item\":\"https:\\\/\\\/valenciasjb.salesianos.edu\\\/colegio\\\/\"},{\"@type\":\"ListItem\",\"position\":2,\"name\":\"El proyecto \u201cLeer en casa\u201d finaliza con un reconocimiento a las familias lectoras de Primaria\"}]},{\"@type\":\"WebSite\",\"@id\":\"https:\\\/\\\/valenciasjb.salesianos.edu\\\/colegio\\\/#website\",\"url\":\"https:\\\/\\\/valenciasjb.salesianos.edu\\\/colegio\\\/\",\"name\":\"Colegio San Juan Bosco Valencia\",\"description\":\"P\u00e1gina oficial del Colegio Salesianos San Juan Bosco Valencia\",\"alternateName\":\"Salesianos.VSJB\",\"potentialAction\":[{\"@type\":\"SearchAction\",\"target\":{\"@type\":\"EntryPoint\",\"urlTemplate\":\"https:\\\/\\\/valenciasjb.salesianos.edu\\\/colegio\\\/?s={search_term_string}\"},\"query-input\":{\"@type\":\"PropertyValueSpecification\",\"valueRequired\":true,\"valueName\":\"search_term_string\"}}],\"inLanguage\":\"es\"},{\"@type\":\"Person\",\"@id\":\"https:\\\/\\\/valenciasjb.salesianos.edu\\\/colegio\\\/#\\\/schema\\\/person\\\/1f45b67e52b27da175190a574db6bed9\",\"name\":\"veronicapastor\",\"image\":{\"@type\":\"ImageObject\",\"inLanguage\":\"es\",\"@id\":\"https:\\\/\\\/secure.gravatar.com\\\/avatar\\\/e29bd40bace3fd935e1d6fdb7313ffc14628cc037c5e16f4c7369b20a2a6f7f0?s=96&d=mm&r=g\",\"url\":\"https:\\\/\\\/secure.gravatar.com\\\/avatar\\\/e29bd40bace3fd935e1d6fdb7313ffc14628cc037c5e16f4c7369b20a2a6f7f0?s=96&d=mm&r=g\",\"contentUrl\":\"https:\\\/\\\/secure.gravatar.com\\\/avatar\\\/e29bd40bace3fd935e1d6fdb7313ffc14628cc037c5e16f4c7369b20a2a6f7f0?s=96&d=mm&r=g\",\"caption\":\"veronicapastor\"}}]}<\/script>\n<!-- \/ Yoast SEO plugin. -->","yoast_head_json":{"title":"El proyecto \u201cLeer en casa\u201d finaliza con un reconocimiento a las familias lectoras de Primaria - Colegio San Juan Bosco Valencia","robots":{"index":"index","follow":"follow","max-snippet":"max-snippet:-1","max-image-preview":"max-image-preview:large","max-video-preview":"max-video-preview:-1"},"canonical":"https:\/\/valenciasjb.salesianos.edu\/colegio\/el-proyecto-leer-en-casa-finaliza-con-un-reconocimiento-a-las-familias-lectoras-de-primaria\/","og_locale":"es_ES","og_type":"article","og_title":"El proyecto \u201cLeer en casa\u201d finaliza con un reconocimiento a las familias lectoras de Primaria - Colegio San Juan Bosco Valencia","og_description":"Catorce alumnos y alumnas acompa\u00f1ados por sus familias, han recibido un merecido diploma por su amor y pasi\u00f3n hacia la lectura.\u00a0El viernes d\u00eda 15 de junio, en la hora del recreo, tuvo lugar el esperado acto en el aula de fomento a la lectura de Primaria. Un acto que viene realiz\u00e1ndose desde hace cuatro a\u00f1os. [&hellip;]","og_url":"https:\/\/valenciasjb.salesianos.edu\/colegio\/el-proyecto-leer-en-casa-finaliza-con-un-reconocimiento-a-las-familias-lectoras-de-primaria\/","og_site_name":"Colegio San Juan Bosco Valencia","article_publisher":"https:\/\/www.facebook.com\/ColegioSalesianoSanJuanBoscoValencia","article_published_time":"2018-06-17T20:44:58+00:00","article_modified_time":"2018-06-17T20:45:58+00:00","og_image":[{"width":1024,"height":683,"url":"https:\/\/valenciasjb.salesianos.edu\/colegio\/wp-content\/uploads\/sites\/2\/2018\/06\/IMG_5531-1024x683.jpg","type":"image\/jpeg"}],"author":"veronicapastor","twitter_card":"summary_large_image","twitter_creator":"@SalesianosVSJB","twitter_site":"@SalesianosVSJB","twitter_misc":{"Escrito por":"veronicapastor","Tiempo de lectura":"3 minutos"},"schema":{"@context":"https:\/\/schema.org","@graph":[{"@type":"Article","@id":"https:\/\/valenciasjb.salesianos.edu\/colegio\/el-proyecto-leer-en-casa-finaliza-con-un-reconocimiento-a-las-familias-lectoras-de-primaria\/#article","isPartOf":{"@id":"https:\/\/valenciasjb.salesianos.edu\/colegio\/el-proyecto-leer-en-casa-finaliza-con-un-reconocimiento-a-las-familias-lectoras-de-primaria\/"},"author":{"name":"veronicapastor","@id":"https:\/\/valenciasjb.salesianos.edu\/colegio\/#\/schema\/person\/1f45b67e52b27da175190a574db6bed9"},"headline":"El proyecto \u201cLeer en casa\u201d finaliza con un reconocimiento a las familias lectoras de Primaria","datePublished":"2018-06-17T20:44:58+00:00","dateModified":"2018-06-17T20:45:58+00:00","mainEntityOfPage":{"@id":"https:\/\/valenciasjb.salesianos.edu\/colegio\/el-proyecto-leer-en-casa-finaliza-con-un-reconocimiento-a-las-familias-lectoras-de-primaria\/"},"wordCount":532,"image":{"@id":"https:\/\/valenciasjb.salesianos.edu\/colegio\/el-proyecto-leer-en-casa-finaliza-con-un-reconocimiento-a-las-familias-lectoras-de-primaria\/#primaryimage"},"thumbnailUrl":"https:\/\/valenciasjb.salesianos.edu\/colegio\/wp-content\/uploads\/sites\/2\/2018\/06\/IMG_5531.jpg","articleSection":["Noticia Colegio"],"inLanguage":"es"},{"@type":"WebPage","@id":"https:\/\/valenciasjb.salesianos.edu\/colegio\/el-proyecto-leer-en-casa-finaliza-con-un-reconocimiento-a-las-familias-lectoras-de-primaria\/","url":"https:\/\/valenciasjb.salesianos.edu\/colegio\/el-proyecto-leer-en-casa-finaliza-con-un-reconocimiento-a-las-familias-lectoras-de-primaria\/","name":"El proyecto \u201cLeer en casa\u201d finaliza con un reconocimiento a las familias lectoras de Primaria - Colegio San Juan Bosco Valencia","isPartOf":{"@id":"https:\/\/valenciasjb.salesianos.edu\/colegio\/#website"},"primaryImageOfPage":{"@id":"https:\/\/valenciasjb.salesianos.edu\/colegio\/el-proyecto-leer-en-casa-finaliza-con-un-reconocimiento-a-las-familias-lectoras-de-primaria\/#primaryimage"},"image":{"@id":"https:\/\/valenciasjb.salesianos.edu\/colegio\/el-proyecto-leer-en-casa-finaliza-con-un-reconocimiento-a-las-familias-lectoras-de-primaria\/#primaryimage"},"thumbnailUrl":"https:\/\/valenciasjb.salesianos.edu\/colegio\/wp-content\/uploads\/sites\/2\/2018\/06\/IMG_5531.jpg","datePublished":"2018-06-17T20:44:58+00:00","dateModified":"2018-06-17T20:45:58+00:00","author":{"@id":"https:\/\/valenciasjb.salesianos.edu\/colegio\/#\/schema\/person\/1f45b67e52b27da175190a574db6bed9"},"breadcrumb":{"@id":"https:\/\/valenciasjb.salesianos.edu\/colegio\/el-proyecto-leer-en-casa-finaliza-con-un-reconocimiento-a-las-familias-lectoras-de-primaria\/#breadcrumb"},"inLanguage":"es","potentialAction":[{"@type":"ReadAction","target":["https:\/\/valenciasjb.salesianos.edu\/colegio\/el-proyecto-leer-en-casa-finaliza-con-un-reconocimiento-a-las-familias-lectoras-de-primaria\/"]}]},{"@type":"ImageObject","inLanguage":"es","@id":"https:\/\/valenciasjb.salesianos.edu\/colegio\/el-proyecto-leer-en-casa-finaliza-con-un-reconocimiento-a-las-familias-lectoras-de-primaria\/#primaryimage","url":"https:\/\/valenciasjb.salesianos.edu\/colegio\/wp-content\/uploads\/sites\/2\/2018\/06\/IMG_5531.jpg","contentUrl":"https:\/\/valenciasjb.salesianos.edu\/colegio\/wp-content\/uploads\/sites\/2\/2018\/06\/IMG_5531.jpg","width":6000,"height":4000},{"@type":"BreadcrumbList","@id":"https:\/\/valenciasjb.salesianos.edu\/colegio\/el-proyecto-leer-en-casa-finaliza-con-un-reconocimiento-a-las-familias-lectoras-de-primaria\/#breadcrumb","itemListElement":[{"@type":"ListItem","position":1,"name":"Portada","item":"https:\/\/valenciasjb.salesianos.edu\/colegio\/"},{"@type":"ListItem","position":2,"name":"El proyecto \u201cLeer en casa\u201d finaliza con un reconocimiento a las familias lectoras de Primaria"}]},{"@type":"WebSite","@id":"https:\/\/valenciasjb.salesianos.edu\/colegio\/#website","url":"https:\/\/valenciasjb.salesianos.edu\/colegio\/","name":"Colegio San Juan Bosco Valencia","description":"P\u00e1gina oficial del Colegio Salesianos San Juan Bosco Valencia","alternateName":"Salesianos.VSJB","potentialAction":[{"@type":"SearchAction","target":{"@type":"EntryPoint","urlTemplate":"https:\/\/valenciasjb.salesianos.edu\/colegio\/?s={search_term_string}"},"query-input":{"@type":"PropertyValueSpecification","valueRequired":true,"valueName":"search_term_string"}}],"inLanguage":"es"},{"@type":"Person","@id":"https:\/\/valenciasjb.salesianos.edu\/colegio\/#\/schema\/person\/1f45b67e52b27da175190a574db6bed9","name":"veronicapastor","image":{"@type":"ImageObject","inLanguage":"es","@id":"https:\/\/secure.gravatar.com\/avatar\/e29bd40bace3fd935e1d6fdb7313ffc14628cc037c5e16f4c7369b20a2a6f7f0?s=96&d=mm&r=g","url":"https:\/\/secure.gravatar.com\/avatar\/e29bd40bace3fd935e1d6fdb7313ffc14628cc037c5e16f4c7369b20a2a6f7f0?s=96&d=mm&r=g","contentUrl":"https:\/\/secure.gravatar.com\/avatar\/e29bd40bace3fd935e1d6fdb7313ffc14628cc037c5e16f4c7369b20a2a6f7f0?s=96&d=mm&r=g","caption":"veronicapastor"}}]}},"_links":{"self":[{"href":"https:\/\/valenciasjb.salesianos.edu\/colegio\/wp-json\/wp\/v2\/posts\/9256","targetHints":{"allow":["GET"]}}],"collection":[{"href":"https:\/\/valenciasjb.salesianos.edu\/colegio\/wp-json\/wp\/v2\/posts"}],"about":[{"href":"https:\/\/valenciasjb.salesianos.edu\/colegio\/wp-json\/wp\/v2\/types\/post"}],"author":[{"embeddable":true,"href":"https:\/\/valenciasjb.salesianos.edu\/colegio\/wp-json\/wp\/v2\/users\/6"}],"replies":[{"embeddable":true,"href":"https:\/\/valenciasjb.salesianos.edu\/colegio\/wp-json\/wp\/v2\/comments?post=9256"}],"version-history":[{"count":2,"href":"https:\/\/valenciasjb.salesianos.edu\/colegio\/wp-json\/wp\/v2\/posts\/9256\/revisions"}],"predecessor-version":[{"id":9264,"href":"https:\/\/valenciasjb.salesianos.edu\/colegio\/wp-json\/wp\/v2\/posts\/9256\/revisions\/9264"}],"wp:featuredmedia":[{"embeddable":true,"href":"https:\/\/valenciasjb.salesianos.edu\/colegio\/wp-json\/wp\/v2\/media\/9262"}],"wp:attachment":[{"href":"https:\/\/valenciasjb.salesianos.edu\/colegio\/wp-json\/wp\/v2\/media?parent=9256"}],"wp:term":[{"taxonomy":"category","embeddable":true,"href":"https:\/\/valenciasjb.salesianos.edu\/colegio\/wp-json\/wp\/v2\/categories?post=9256"},{"taxonomy":"post_tag","embeddable":true,"href":"https:\/\/valenciasjb.salesianos.edu\/colegio\/wp-json\/wp\/v2\/tags?post=9256"}],"curies":[{"name":"wp","href":"https:\/\/api.w.org\/{rel}","templated":true}]}}