{"id":9265,"date":"2018-06-18T18:02:07","date_gmt":"2018-06-18T17:02:07","guid":{"rendered":"https:\/\/valenciasjb.salesianos.edu\/colegio\/?p=9265"},"modified":"2018-06-18T18:02:07","modified_gmt":"2018-06-18T17:02:07","slug":"qui-samaga-al-cossiol-un-proyecto-para-educacion-infantil-de-cuatro-anos","status":"publish","type":"post","link":"https:\/\/valenciasjb.salesianos.edu\/colegio\/qui-samaga-al-cossiol-un-proyecto-para-educacion-infantil-de-cuatro-anos\/","title":{"rendered":"\u201cQUI S\u2019AMAGA AL COSSIOL?\u201d: un proyecto para Educaci\u00f3n Infantil de cuatro a\u00f1os"},"content":{"rendered":"<div id=\"fb-root\"><\/div>\n<p>[et_pb_section bb_built=\u00bb1&#8243; admin_label=\u00bbsection\u00bb][et_pb_row admin_label=\u00bbrow\u00bb background_position=\u00bbtop_left\u00bb background_repeat=\u00bbrepeat\u00bb background_size=\u00bbinitial\u00bb][et_pb_column type=\u00bb4_4&#8243;][et_pb_text admin_label=\u00bbEntradilla (Texto)\u00bb _builder_version=\u00bb3.0.105&#8243; background_layout=\u00bblight\u00bb text_orientation=\u00bbjustified\u00bb text_font=\u00bb|on|||\u00bb module_alignment=\u00bbleft\u00bb]<\/p>\n<div id=\"resumen\">\n<p><strong>Los alumnos de 4 a\u00f1os han disfrutado conociendo\u00a0 el interesante mundo de las plantas carn\u00edvoras.<\/strong><\/p>\n<\/div>\n<div><\/div>\n<p>[\/et_pb_text][et_pb_text admin_label=\u00bbAutor (Texto)\u00bb _builder_version=\u00bb3.0.105&#8243; background_layout=\u00bblight\u00bb text_font=\u00bb||on||\u00bb]<\/p>\n<p><strong>Laura Monje, profesora de Infantil.<\/strong><\/p>\n<p>[\/et_pb_text][et_pb_text admin_label=\u00bbDesarrollo (Texto)\u00bb _builder_version=\u00bb3.0.105&#8243; background_layout=\u00bblight\u00bb text_orientation=\u00bbjustified\u00bb module_alignment=\u00bbleft\u00bb]<\/p>\n<p>Durante el \u00faltimo trimestre del curso los ni\u00f1os y ni\u00f1as de 4 a\u00f1os comenzaron un nuevo proyecto llamado \u201cQui s\u2019amaga al cossiol?\u201d, a trav\u00e9s del cual conocieron unas plantas muy especiales: las plantas carn\u00edvoras.<\/p>\n<p>El inter\u00e9s y la motivaci\u00f3n que causaba en nuestros alumnos, nos llev\u00f3 a elaborar numerosas actividades que despertaban la curiosidad de los m\u00e1s peque\u00f1os.<\/p>\n<p>Nuestros alumnos realizaron una\u00a0 bonita representaci\u00f3n sobre la polinizaci\u00f3n de las plantas y, es que, qu\u00e9 mejor manera de entender este proceso que siendo ellos los protagonistas, interpretando los papeles de flores, abejas, plantas, etc., lo que result\u00f3 ser una experiencia motivadora llevando a cabo un aprendizaje\u00a0 muy significativo.<\/p>\n<p>En este proceso de aprendizaje tambi\u00e9n realizamos un novedoso taller de c\u00f3digos QR, donde cada alumno elabor\u00f3 un peque\u00f1o libro con im\u00e1genes de las plantas carn\u00edvoras m\u00e1s comunes junto con sus respectivos c\u00f3digos QR, a trav\u00e9s de los cuales obten\u00edan informaci\u00f3n utilizando las TIC.<\/p>\n<p>Adem\u00e1s, realizaron una magn\u00edfica excursi\u00f3n al Jard\u00edn Bot\u00e1nico, donde los ni\u00f1os y ni\u00f1as pudieron conocer diferentes tipos de plantas: arom\u00e1ticas, acu\u00e1ticas, tropicales y, por supuesto, las carn\u00edvoras.<\/p>\n<p>Les gust\u00f3 tanto la experiencia que posteriormente llevaron a cabo su propia plantaci\u00f3n en el \u201cBosco Huerto\u201d, lugar que nos present\u00f3 grandes oportunidades para desarrollar el trabajo en grupo y la sociabilizaci\u00f3n, donde experimentaron y aprendieron a fomentar el contacto directo con la tierra, sus necesidades y posibilidades, apreciar todo aquello que nos da la naturaleza si la cuidamos y respetamos, creando as\u00ed lazos afectivos con el entorno natural.<\/p>\n<p>[\/et_pb_text][et_pb_text admin_label=\u00bbT\u00edtulo: Galer\u00eda de fotos (Texto)\u00bb _builder_version=\u00bb3.0.76&#8243; background_layout=\u00bblight\u00bb text_font=\u00bb|on|||\u00bb text_text_color=\u00bb#dc001b\u00bb border_style=\u00bbsolid\u00bb disabled=\u00bboff\u00bb disabled_on=\u00bboff|on|on\u00bb]<\/p>\n<p>Galer\u00eda de im\u00e1genes<\/p>\n<p>[\/et_pb_text][et_pb_gallery _builder_version=\u00bb3.0.105&#8243; posts_number=\u00bb8&#8243; show_title_and_caption=\u00bboff\u00bb show_pagination=\u00bbon\u00bb fullwidth=\u00bboff\u00bb orientation=\u00bblandscape\u00bb zoom_icon_color=\u00bb#dc001b\u00bb hover_overlay_color=\u00bbrgba(255,255,255,0.9)\u00bb hover_icon=\u00bb%%51%%\u00bb background_layout=\u00bblight\u00bb disabled=\u00bboff\u00bb disabled_on=\u00bboff|off|off\u00bb gallery_ids=\u00bb9266,9267,9268,9269,9270,9271,9272,9273&#8243; pagination_font_size_tablet=\u00bb51&#8243; pagination_line_height_tablet=\u00bb2&#8243; \/][et_pb_video _builder_version=\u00bb3.0.51&#8243; disabled=\u00bbon\u00bb disabled_on=\u00bbon|on|on\u00bb \/][\/et_pb_column][\/et_pb_row][\/et_pb_section]<\/p>\n<!-- AddThis Advanced Settings generic via filter on the_content --><!-- AddThis Share Buttons generic via filter on the_content -->","protected":false},"excerpt":{"rendered":"<p>Los alumnos de 4 a\u00f1os han disfrutado conociendo\u00a0 el interesante mundo de las plantas carn\u00edvoras. Laura Monje, profesora de Infantil. Durante el \u00faltimo trimestre del curso los ni\u00f1os y ni\u00f1as de 4 a\u00f1os comenzaron un nuevo proyecto llamado \u201cQui s\u2019amaga al cossiol?\u201d, a trav\u00e9s del cual conocieron unas plantas muy especiales: las plantas carn\u00edvoras. El [&hellip;]<\/p>\n<p><!-- AddThis Advanced Settings generic via filter on get_the_excerpt --><!-- AddThis Share Buttons generic via filter on get_the_excerpt --><\/p>\n","protected":false},"author":6,"featured_media":9269,"comment_status":"closed","ping_status":"open","sticky":false,"template":"","format":"standard","meta":{"_et_pb_use_builder":"on","_et_pb_old_content":"","_et_gb_content_width":"","footnotes":""},"categories":[14],"tags":[],"class_list":["post-9265","post","type-post","status-publish","format-standard","has-post-thumbnail","hentry","category-noticia_colegio"],"yoast_head":"<!-- This site is optimized with the Yoast SEO plugin v28.4 - https:\/\/yoast.com\/product\/yoast-seo-wordpress\/ -->\n<title>\u201cQUI S\u2019AMAGA AL COSSIOL?\u201d: un proyecto para Educaci\u00f3n Infantil de cuatro a\u00f1os - Colegio San Juan Bosco Valencia<\/title>\n<meta name=\"robots\" content=\"index, follow, max-snippet:-1, max-image-preview:large, max-video-preview:-1\" \/>\n<link rel=\"canonical\" href=\"https:\/\/valenciasjb.salesianos.edu\/colegio\/qui-samaga-al-cossiol-un-proyecto-para-educacion-infantil-de-cuatro-anos\/\" \/>\n<meta property=\"og:locale\" content=\"es_ES\" \/>\n<meta property=\"og:type\" content=\"article\" \/>\n<meta property=\"og:title\" content=\"\u201cQUI S\u2019AMAGA AL COSSIOL?\u201d: un proyecto para Educaci\u00f3n Infantil de cuatro a\u00f1os - Colegio San Juan Bosco Valencia\" \/>\n<meta property=\"og:description\" content=\"Los alumnos de 4 a\u00f1os han disfrutado conociendo\u00a0 el interesante mundo de las plantas carn\u00edvoras. Laura Monje, profesora de Infantil. Durante el \u00faltimo trimestre del curso los ni\u00f1os y ni\u00f1as de 4 a\u00f1os comenzaron un nuevo proyecto llamado \u201cQui s\u2019amaga al cossiol?\u201d, a trav\u00e9s del cual conocieron unas plantas muy especiales: las plantas carn\u00edvoras. El [&hellip;]\" \/>\n<meta property=\"og:url\" content=\"https:\/\/valenciasjb.salesianos.edu\/colegio\/qui-samaga-al-cossiol-un-proyecto-para-educacion-infantil-de-cuatro-anos\/\" \/>\n<meta property=\"og:site_name\" content=\"Colegio San Juan Bosco Valencia\" \/>\n<meta property=\"article:publisher\" content=\"https:\/\/www.facebook.com\/ColegioSalesianoSanJuanBoscoValencia\" \/>\n<meta property=\"article:published_time\" content=\"2018-06-18T17:02:07+00:00\" \/>\n<meta property=\"og:image\" content=\"https:\/\/valenciasjb.salesianos.edu\/colegio\/wp-content\/uploads\/sites\/2\/2018\/06\/IMG_2711-1024x768.jpg\" \/>\n\t<meta property=\"og:image:width\" content=\"1024\" \/>\n\t<meta property=\"og:image:height\" content=\"768\" \/>\n\t<meta property=\"og:image:type\" content=\"image\/jpeg\" \/>\n<meta name=\"author\" content=\"veronicapastor\" \/>\n<meta name=\"twitter:card\" content=\"summary_large_image\" \/>\n<meta name=\"twitter:creator\" content=\"@SalesianosVSJB\" \/>\n<meta name=\"twitter:site\" content=\"@SalesianosVSJB\" \/>\n<meta name=\"twitter:label1\" content=\"Escrito por\" \/>\n\t<meta name=\"twitter:data1\" content=\"veronicapastor\" \/>\n\t<meta name=\"twitter:label2\" content=\"Tiempo de lectura\" \/>\n\t<meta name=\"twitter:data2\" content=\"3 minutos\" \/>\n<script type=\"application\/ld+json\" class=\"yoast-schema-graph\">{\"@context\":\"https:\\\/\\\/schema.org\",\"@graph\":[{\"@type\":\"Article\",\"@id\":\"https:\\\/\\\/valenciasjb.salesianos.edu\\\/colegio\\\/qui-samaga-al-cossiol-un-proyecto-para-educacion-infantil-de-cuatro-anos\\\/#article\",\"isPartOf\":{\"@id\":\"https:\\\/\\\/valenciasjb.salesianos.edu\\\/colegio\\\/qui-samaga-al-cossiol-un-proyecto-para-educacion-infantil-de-cuatro-anos\\\/\"},\"author\":{\"name\":\"veronicapastor\",\"@id\":\"https:\\\/\\\/valenciasjb.salesianos.edu\\\/colegio\\\/#\\\/schema\\\/person\\\/1f45b67e52b27da175190a574db6bed9\"},\"headline\":\"\u201cQUI S\u2019AMAGA AL COSSIOL?\u201d: un proyecto para Educaci\u00f3n Infantil de cuatro a\u00f1os\",\"datePublished\":\"2018-06-18T17:02:07+00:00\",\"mainEntityOfPage\":{\"@id\":\"https:\\\/\\\/valenciasjb.salesianos.edu\\\/colegio\\\/qui-samaga-al-cossiol-un-proyecto-para-educacion-infantil-de-cuatro-anos\\\/\"},\"wordCount\":521,\"image\":{\"@id\":\"https:\\\/\\\/valenciasjb.salesianos.edu\\\/colegio\\\/qui-samaga-al-cossiol-un-proyecto-para-educacion-infantil-de-cuatro-anos\\\/#primaryimage\"},\"thumbnailUrl\":\"https:\\\/\\\/valenciasjb.salesianos.edu\\\/colegio\\\/wp-content\\\/uploads\\\/sites\\\/2\\\/2018\\\/06\\\/IMG_2711.jpg\",\"articleSection\":[\"Noticia Colegio\"],\"inLanguage\":\"es\"},{\"@type\":\"WebPage\",\"@id\":\"https:\\\/\\\/valenciasjb.salesianos.edu\\\/colegio\\\/qui-samaga-al-cossiol-un-proyecto-para-educacion-infantil-de-cuatro-anos\\\/\",\"url\":\"https:\\\/\\\/valenciasjb.salesianos.edu\\\/colegio\\\/qui-samaga-al-cossiol-un-proyecto-para-educacion-infantil-de-cuatro-anos\\\/\",\"name\":\"\u201cQUI S\u2019AMAGA AL COSSIOL?\u201d: un proyecto para Educaci\u00f3n Infantil de cuatro a\u00f1os - Colegio San Juan Bosco Valencia\",\"isPartOf\":{\"@id\":\"https:\\\/\\\/valenciasjb.salesianos.edu\\\/colegio\\\/#website\"},\"primaryImageOfPage\":{\"@id\":\"https:\\\/\\\/valenciasjb.salesianos.edu\\\/colegio\\\/qui-samaga-al-cossiol-un-proyecto-para-educacion-infantil-de-cuatro-anos\\\/#primaryimage\"},\"image\":{\"@id\":\"https:\\\/\\\/valenciasjb.salesianos.edu\\\/colegio\\\/qui-samaga-al-cossiol-un-proyecto-para-educacion-infantil-de-cuatro-anos\\\/#primaryimage\"},\"thumbnailUrl\":\"https:\\\/\\\/valenciasjb.salesianos.edu\\\/colegio\\\/wp-content\\\/uploads\\\/sites\\\/2\\\/2018\\\/06\\\/IMG_2711.jpg\",\"datePublished\":\"2018-06-18T17:02:07+00:00\",\"author\":{\"@id\":\"https:\\\/\\\/valenciasjb.salesianos.edu\\\/colegio\\\/#\\\/schema\\\/person\\\/1f45b67e52b27da175190a574db6bed9\"},\"breadcrumb\":{\"@id\":\"https:\\\/\\\/valenciasjb.salesianos.edu\\\/colegio\\\/qui-samaga-al-cossiol-un-proyecto-para-educacion-infantil-de-cuatro-anos\\\/#breadcrumb\"},\"inLanguage\":\"es\",\"potentialAction\":[{\"@type\":\"ReadAction\",\"target\":[\"https:\\\/\\\/valenciasjb.salesianos.edu\\\/colegio\\\/qui-samaga-al-cossiol-un-proyecto-para-educacion-infantil-de-cuatro-anos\\\/\"]}]},{\"@type\":\"ImageObject\",\"inLanguage\":\"es\",\"@id\":\"https:\\\/\\\/valenciasjb.salesianos.edu\\\/colegio\\\/qui-samaga-al-cossiol-un-proyecto-para-educacion-infantil-de-cuatro-anos\\\/#primaryimage\",\"url\":\"https:\\\/\\\/valenciasjb.salesianos.edu\\\/colegio\\\/wp-content\\\/uploads\\\/sites\\\/2\\\/2018\\\/06\\\/IMG_2711.jpg\",\"contentUrl\":\"https:\\\/\\\/valenciasjb.salesianos.edu\\\/colegio\\\/wp-content\\\/uploads\\\/sites\\\/2\\\/2018\\\/06\\\/IMG_2711.jpg\",\"width\":4032,\"height\":3024},{\"@type\":\"BreadcrumbList\",\"@id\":\"https:\\\/\\\/valenciasjb.salesianos.edu\\\/colegio\\\/qui-samaga-al-cossiol-un-proyecto-para-educacion-infantil-de-cuatro-anos\\\/#breadcrumb\",\"itemListElement\":[{\"@type\":\"ListItem\",\"position\":1,\"name\":\"Portada\",\"item\":\"https:\\\/\\\/valenciasjb.salesianos.edu\\\/colegio\\\/\"},{\"@type\":\"ListItem\",\"position\":2,\"name\":\"\u201cQUI S\u2019AMAGA AL COSSIOL?\u201d: un proyecto para Educaci\u00f3n Infantil de cuatro a\u00f1os\"}]},{\"@type\":\"WebSite\",\"@id\":\"https:\\\/\\\/valenciasjb.salesianos.edu\\\/colegio\\\/#website\",\"url\":\"https:\\\/\\\/valenciasjb.salesianos.edu\\\/colegio\\\/\",\"name\":\"Colegio San Juan Bosco Valencia\",\"description\":\"P\u00e1gina oficial del Colegio Salesianos San Juan Bosco Valencia\",\"alternateName\":\"Salesianos.VSJB\",\"potentialAction\":[{\"@type\":\"SearchAction\",\"target\":{\"@type\":\"EntryPoint\",\"urlTemplate\":\"https:\\\/\\\/valenciasjb.salesianos.edu\\\/colegio\\\/?s={search_term_string}\"},\"query-input\":{\"@type\":\"PropertyValueSpecification\",\"valueRequired\":true,\"valueName\":\"search_term_string\"}}],\"inLanguage\":\"es\"},{\"@type\":\"Person\",\"@id\":\"https:\\\/\\\/valenciasjb.salesianos.edu\\\/colegio\\\/#\\\/schema\\\/person\\\/1f45b67e52b27da175190a574db6bed9\",\"name\":\"veronicapastor\",\"image\":{\"@type\":\"ImageObject\",\"inLanguage\":\"es\",\"@id\":\"https:\\\/\\\/secure.gravatar.com\\\/avatar\\\/e29bd40bace3fd935e1d6fdb7313ffc14628cc037c5e16f4c7369b20a2a6f7f0?s=96&d=mm&r=g\",\"url\":\"https:\\\/\\\/secure.gravatar.com\\\/avatar\\\/e29bd40bace3fd935e1d6fdb7313ffc14628cc037c5e16f4c7369b20a2a6f7f0?s=96&d=mm&r=g\",\"contentUrl\":\"https:\\\/\\\/secure.gravatar.com\\\/avatar\\\/e29bd40bace3fd935e1d6fdb7313ffc14628cc037c5e16f4c7369b20a2a6f7f0?s=96&d=mm&r=g\",\"caption\":\"veronicapastor\"}}]}<\/script>\n<!-- \/ Yoast SEO plugin. -->","yoast_head_json":{"title":"\u201cQUI S\u2019AMAGA AL COSSIOL?\u201d: un proyecto para Educaci\u00f3n Infantil de cuatro a\u00f1os - Colegio San Juan Bosco Valencia","robots":{"index":"index","follow":"follow","max-snippet":"max-snippet:-1","max-image-preview":"max-image-preview:large","max-video-preview":"max-video-preview:-1"},"canonical":"https:\/\/valenciasjb.salesianos.edu\/colegio\/qui-samaga-al-cossiol-un-proyecto-para-educacion-infantil-de-cuatro-anos\/","og_locale":"es_ES","og_type":"article","og_title":"\u201cQUI S\u2019AMAGA AL COSSIOL?\u201d: un proyecto para Educaci\u00f3n Infantil de cuatro a\u00f1os - Colegio San Juan Bosco Valencia","og_description":"Los alumnos de 4 a\u00f1os han disfrutado conociendo\u00a0 el interesante mundo de las plantas carn\u00edvoras. Laura Monje, profesora de Infantil. Durante el \u00faltimo trimestre del curso los ni\u00f1os y ni\u00f1as de 4 a\u00f1os comenzaron un nuevo proyecto llamado \u201cQui s\u2019amaga al cossiol?\u201d, a trav\u00e9s del cual conocieron unas plantas muy especiales: las plantas carn\u00edvoras. El [&hellip;]","og_url":"https:\/\/valenciasjb.salesianos.edu\/colegio\/qui-samaga-al-cossiol-un-proyecto-para-educacion-infantil-de-cuatro-anos\/","og_site_name":"Colegio San Juan Bosco Valencia","article_publisher":"https:\/\/www.facebook.com\/ColegioSalesianoSanJuanBoscoValencia","article_published_time":"2018-06-18T17:02:07+00:00","og_image":[{"width":1024,"height":768,"url":"https:\/\/valenciasjb.salesianos.edu\/colegio\/wp-content\/uploads\/sites\/2\/2018\/06\/IMG_2711-1024x768.jpg","type":"image\/jpeg"}],"author":"veronicapastor","twitter_card":"summary_large_image","twitter_creator":"@SalesianosVSJB","twitter_site":"@SalesianosVSJB","twitter_misc":{"Escrito por":"veronicapastor","Tiempo de lectura":"3 minutos"},"schema":{"@context":"https:\/\/schema.org","@graph":[{"@type":"Article","@id":"https:\/\/valenciasjb.salesianos.edu\/colegio\/qui-samaga-al-cossiol-un-proyecto-para-educacion-infantil-de-cuatro-anos\/#article","isPartOf":{"@id":"https:\/\/valenciasjb.salesianos.edu\/colegio\/qui-samaga-al-cossiol-un-proyecto-para-educacion-infantil-de-cuatro-anos\/"},"author":{"name":"veronicapastor","@id":"https:\/\/valenciasjb.salesianos.edu\/colegio\/#\/schema\/person\/1f45b67e52b27da175190a574db6bed9"},"headline":"\u201cQUI S\u2019AMAGA AL COSSIOL?\u201d: un proyecto para Educaci\u00f3n Infantil de cuatro a\u00f1os","datePublished":"2018-06-18T17:02:07+00:00","mainEntityOfPage":{"@id":"https:\/\/valenciasjb.salesianos.edu\/colegio\/qui-samaga-al-cossiol-un-proyecto-para-educacion-infantil-de-cuatro-anos\/"},"wordCount":521,"image":{"@id":"https:\/\/valenciasjb.salesianos.edu\/colegio\/qui-samaga-al-cossiol-un-proyecto-para-educacion-infantil-de-cuatro-anos\/#primaryimage"},"thumbnailUrl":"https:\/\/valenciasjb.salesianos.edu\/colegio\/wp-content\/uploads\/sites\/2\/2018\/06\/IMG_2711.jpg","articleSection":["Noticia Colegio"],"inLanguage":"es"},{"@type":"WebPage","@id":"https:\/\/valenciasjb.salesianos.edu\/colegio\/qui-samaga-al-cossiol-un-proyecto-para-educacion-infantil-de-cuatro-anos\/","url":"https:\/\/valenciasjb.salesianos.edu\/colegio\/qui-samaga-al-cossiol-un-proyecto-para-educacion-infantil-de-cuatro-anos\/","name":"\u201cQUI S\u2019AMAGA AL COSSIOL?\u201d: un proyecto para Educaci\u00f3n Infantil de cuatro a\u00f1os - Colegio San Juan Bosco Valencia","isPartOf":{"@id":"https:\/\/valenciasjb.salesianos.edu\/colegio\/#website"},"primaryImageOfPage":{"@id":"https:\/\/valenciasjb.salesianos.edu\/colegio\/qui-samaga-al-cossiol-un-proyecto-para-educacion-infantil-de-cuatro-anos\/#primaryimage"},"image":{"@id":"https:\/\/valenciasjb.salesianos.edu\/colegio\/qui-samaga-al-cossiol-un-proyecto-para-educacion-infantil-de-cuatro-anos\/#primaryimage"},"thumbnailUrl":"https:\/\/valenciasjb.salesianos.edu\/colegio\/wp-content\/uploads\/sites\/2\/2018\/06\/IMG_2711.jpg","datePublished":"2018-06-18T17:02:07+00:00","author":{"@id":"https:\/\/valenciasjb.salesianos.edu\/colegio\/#\/schema\/person\/1f45b67e52b27da175190a574db6bed9"},"breadcrumb":{"@id":"https:\/\/valenciasjb.salesianos.edu\/colegio\/qui-samaga-al-cossiol-un-proyecto-para-educacion-infantil-de-cuatro-anos\/#breadcrumb"},"inLanguage":"es","potentialAction":[{"@type":"ReadAction","target":["https:\/\/valenciasjb.salesianos.edu\/colegio\/qui-samaga-al-cossiol-un-proyecto-para-educacion-infantil-de-cuatro-anos\/"]}]},{"@type":"ImageObject","inLanguage":"es","@id":"https:\/\/valenciasjb.salesianos.edu\/colegio\/qui-samaga-al-cossiol-un-proyecto-para-educacion-infantil-de-cuatro-anos\/#primaryimage","url":"https:\/\/valenciasjb.salesianos.edu\/colegio\/wp-content\/uploads\/sites\/2\/2018\/06\/IMG_2711.jpg","contentUrl":"https:\/\/valenciasjb.salesianos.edu\/colegio\/wp-content\/uploads\/sites\/2\/2018\/06\/IMG_2711.jpg","width":4032,"height":3024},{"@type":"BreadcrumbList","@id":"https:\/\/valenciasjb.salesianos.edu\/colegio\/qui-samaga-al-cossiol-un-proyecto-para-educacion-infantil-de-cuatro-anos\/#breadcrumb","itemListElement":[{"@type":"ListItem","position":1,"name":"Portada","item":"https:\/\/valenciasjb.salesianos.edu\/colegio\/"},{"@type":"ListItem","position":2,"name":"\u201cQUI S\u2019AMAGA AL COSSIOL?\u201d: un proyecto para Educaci\u00f3n Infantil de cuatro a\u00f1os"}]},{"@type":"WebSite","@id":"https:\/\/valenciasjb.salesianos.edu\/colegio\/#website","url":"https:\/\/valenciasjb.salesianos.edu\/colegio\/","name":"Colegio San Juan Bosco Valencia","description":"P\u00e1gina oficial del Colegio Salesianos San Juan Bosco Valencia","alternateName":"Salesianos.VSJB","potentialAction":[{"@type":"SearchAction","target":{"@type":"EntryPoint","urlTemplate":"https:\/\/valenciasjb.salesianos.edu\/colegio\/?s={search_term_string}"},"query-input":{"@type":"PropertyValueSpecification","valueRequired":true,"valueName":"search_term_string"}}],"inLanguage":"es"},{"@type":"Person","@id":"https:\/\/valenciasjb.salesianos.edu\/colegio\/#\/schema\/person\/1f45b67e52b27da175190a574db6bed9","name":"veronicapastor","image":{"@type":"ImageObject","inLanguage":"es","@id":"https:\/\/secure.gravatar.com\/avatar\/e29bd40bace3fd935e1d6fdb7313ffc14628cc037c5e16f4c7369b20a2a6f7f0?s=96&d=mm&r=g","url":"https:\/\/secure.gravatar.com\/avatar\/e29bd40bace3fd935e1d6fdb7313ffc14628cc037c5e16f4c7369b20a2a6f7f0?s=96&d=mm&r=g","contentUrl":"https:\/\/secure.gravatar.com\/avatar\/e29bd40bace3fd935e1d6fdb7313ffc14628cc037c5e16f4c7369b20a2a6f7f0?s=96&d=mm&r=g","caption":"veronicapastor"}}]}},"_links":{"self":[{"href":"https:\/\/valenciasjb.salesianos.edu\/colegio\/wp-json\/wp\/v2\/posts\/9265","targetHints":{"allow":["GET"]}}],"collection":[{"href":"https:\/\/valenciasjb.salesianos.edu\/colegio\/wp-json\/wp\/v2\/posts"}],"about":[{"href":"https:\/\/valenciasjb.salesianos.edu\/colegio\/wp-json\/wp\/v2\/types\/post"}],"author":[{"embeddable":true,"href":"https:\/\/valenciasjb.salesianos.edu\/colegio\/wp-json\/wp\/v2\/users\/6"}],"replies":[{"embeddable":true,"href":"https:\/\/valenciasjb.salesianos.edu\/colegio\/wp-json\/wp\/v2\/comments?post=9265"}],"version-history":[{"count":1,"href":"https:\/\/valenciasjb.salesianos.edu\/colegio\/wp-json\/wp\/v2\/posts\/9265\/revisions"}],"predecessor-version":[{"id":9274,"href":"https:\/\/valenciasjb.salesianos.edu\/colegio\/wp-json\/wp\/v2\/posts\/9265\/revisions\/9274"}],"wp:featuredmedia":[{"embeddable":true,"href":"https:\/\/valenciasjb.salesianos.edu\/colegio\/wp-json\/wp\/v2\/media\/9269"}],"wp:attachment":[{"href":"https:\/\/valenciasjb.salesianos.edu\/colegio\/wp-json\/wp\/v2\/media?parent=9265"}],"wp:term":[{"taxonomy":"category","embeddable":true,"href":"https:\/\/valenciasjb.salesianos.edu\/colegio\/wp-json\/wp\/v2\/categories?post=9265"},{"taxonomy":"post_tag","embeddable":true,"href":"https:\/\/valenciasjb.salesianos.edu\/colegio\/wp-json\/wp\/v2\/tags?post=9265"}],"curies":[{"name":"wp","href":"https:\/\/api.w.org\/{rel}","templated":true}]}}