{"id":9310,"date":"2018-06-21T11:31:45","date_gmt":"2018-06-21T10:31:45","guid":{"rendered":"https:\/\/valenciasjb.salesianos.edu\/colegio\/?p=9310"},"modified":"2018-06-21T11:31:45","modified_gmt":"2018-06-21T10:31:45","slug":"proyectos-de-la-feria-de-las-ciencias-del-alumnado-de-eso-premiados-en-la-liga-roctar-organizada-por-la-universidad-carlos-iii-de-madrid","status":"publish","type":"post","link":"https:\/\/valenciasjb.salesianos.edu\/colegio\/proyectos-de-la-feria-de-las-ciencias-del-alumnado-de-eso-premiados-en-la-liga-roctar-organizada-por-la-universidad-carlos-iii-de-madrid\/","title":{"rendered":"Proyectos de la Feria de las Ciencias del alumnado de ESO premiados en la Liga Roctar organizada por la Universidad Carlos III de Madrid"},"content":{"rendered":"<div id=\"fb-root\"><\/div>\n<p>[et_pb_section bb_built=\u00bb1&#8243; admin_label=\u00bbsection\u00bb][et_pb_row admin_label=\u00bbrow\u00bb background_position=\u00bbtop_left\u00bb background_repeat=\u00bbrepeat\u00bb background_size=\u00bbinitial\u00bb][et_pb_column type=\u00bb4_4&#8243;][et_pb_text admin_label=\u00bbEntradilla (Texto)\u00bb _builder_version=\u00bb3.0.105&#8243; background_layout=\u00bblight\u00bb text_orientation=\u00bbjustified\u00bb text_font=\u00bb|on|||\u00bb module_alignment=\u00bbleft\u00bb]<\/p>\n<div id=\"resumen\">\n<p>El pasado 14 de junio, dos grupos de alumnos finalistas de la Feria de las Ciencias del colegio defendieron sus proyectos por videoconferencia ante un tribunal formado por profesores de la Universidad Carlos III de Madrid. Finalmente, hemos obtenido un segundo puesto en la categor\u00eda de 1\u00ba y 2\u00ba de ESO y una menci\u00f3n especial en la categor\u00eda de 3\u00ba y 4\u00ba de ESO.<\/p>\n<\/div>\n<div><\/div>\n<p>[\/et_pb_text][et_pb_text admin_label=\u00bbAutor (Texto)\u00bb _builder_version=\u00bb3.0.105&#8243; background_layout=\u00bblight\u00bb text_font=\u00bb||on||\u00bb]<\/p>\n<p>Departamento de Ciencias Naturales.<\/p>\n<p>[\/et_pb_text][et_pb_text admin_label=\u00bbDesarrollo (Texto)\u00bb _builder_version=\u00bb3.0.105&#8243; background_layout=\u00bblight\u00bb text_orientation=\u00bbjustified\u00bb module_alignment=\u00bbleft\u00bb]<\/p>\n<p>La<strong>\u00a0<a href=\"http:\/\/www.roctar.com\/\">Liga de Ciencias Roctar<\/a>\u00a0<\/strong>es una\u00a0competici\u00f3n de proyectos cient\u00edficos que abarca\u00a0desde la\u00a0concepci\u00f3n de una idea hasta el prototipado.\u00a0Cubre\u00a0todas las etapas de la investigaci\u00f3n. Est\u00e1 dirigida a estudiantes de\u00a0Educaci\u00f3n Secundaria\u00a0y persigue\u00a0poner en pr\u00e1ctica la formaci\u00f3n te\u00f3rica\u00a0que reciben los estudiantes en las asignaturas de ciencias (biolog\u00eda, tecnolog\u00eda y matem\u00e1ticas). Es una actividad para desarrollar\u00a0por equipos en el aula,\u00a0\u00a0planteada como una liga deportiva para atraer el inter\u00e9s del alumnado. Es\u00a0un complemento perfecto para el nuevo sistema educativo que busca la experiencia pr\u00e1ctica de la formaci\u00f3n te\u00f3rica.<\/p>\n<p>El objetivo de la Liga Roctar es el fomento de vocaciones cient\u00edficas as\u00ed como\u00a0acercar\u00a0la ciencia e investigaci\u00f3n a los chicos y chicas\u00a0para que\u00a0tengan un primer contacto con el trabajo de un\u00a0cient\u00edfico\/investigador. De esta manera pueden perderle el miedo a la ciencia, as\u00ed como utilizar el m\u00e9todo emp\u00edrico anal\u00edtico (m\u00e9todo cient\u00edfico).<\/p>\n<p>La Liga tambi\u00e9n fomenta\u00a0los valores educativos : el esfuerzo, la igualdad de g\u00e9nero, el trabajo en \u2028equipo, el bien com\u00fan, la importancia de la investigaci\u00f3n en el desarrollo de la sociedad.<\/p>\n<p>El Departamento de Ciencias se complace de compartir con todos la buena noticia y quiere felicitar a todos los alumnos y alumnas participantes y a los premiados por el inter\u00e9s mostrado en las ciencias.<\/p>\n<p><a href=\"https:\/\/youtu.be\/JsAr7OY2LUA\">V\u00eddeo resumen.<\/a><\/p>\n<p>[\/et_pb_text][et_pb_text admin_label=\u00bbT\u00edtulo: Galer\u00eda de fotos (Texto)\u00bb _builder_version=\u00bb3.0.76&#8243; background_layout=\u00bblight\u00bb text_font=\u00bb|on|||\u00bb text_text_color=\u00bb#dc001b\u00bb border_style=\u00bbsolid\u00bb disabled=\u00bboff\u00bb disabled_on=\u00bboff|on|on\u00bb]<\/p>\n<p>Galer\u00eda de im\u00e1genes<\/p>\n<p>[\/et_pb_text][et_pb_gallery _builder_version=\u00bb3.0.105&#8243; posts_number=\u00bb8&#8243; show_title_and_caption=\u00bboff\u00bb show_pagination=\u00bbon\u00bb fullwidth=\u00bboff\u00bb orientation=\u00bblandscape\u00bb zoom_icon_color=\u00bb#dc001b\u00bb hover_overlay_color=\u00bbrgba(255,255,255,0.9)\u00bb hover_icon=\u00bb%%51%%\u00bb background_layout=\u00bblight\u00bb disabled=\u00bboff\u00bb disabled_on=\u00bboff|off|off\u00bb gallery_ids=\u00bb9311&#8243; pagination_font_size_tablet=\u00bb51&#8243; pagination_line_height_tablet=\u00bb2&#8243; \/][et_pb_video _builder_version=\u00bb3.0.105&#8243; disabled=\u00bbon\u00bb disabled_on=\u00bbon|on|on\u00bb src=\u00bbhttps:\/\/youtu.be\/JsAr7OY2LUA\u00bb \/][\/et_pb_column][\/et_pb_row][\/et_pb_section]<\/p>\n<!-- AddThis Advanced Settings generic via filter on the_content --><!-- AddThis Share Buttons generic via filter on the_content -->","protected":false},"excerpt":{"rendered":"<p>El pasado 14 de junio, dos grupos de alumnos finalistas de la Feria de las Ciencias del colegio defendieron sus proyectos por videoconferencia ante un tribunal formado por profesores de la Universidad Carlos III de Madrid. Finalmente, hemos obtenido un segundo puesto en la categor\u00eda de 1\u00ba y 2\u00ba de ESO y una menci\u00f3n especial [&hellip;]<\/p>\n<p><!-- AddThis Advanced Settings generic via filter on get_the_excerpt --><!-- AddThis Share Buttons generic via filter on get_the_excerpt --><\/p>\n","protected":false},"author":6,"featured_media":9311,"comment_status":"closed","ping_status":"open","sticky":false,"template":"","format":"standard","meta":{"_et_pb_use_builder":"on","_et_pb_old_content":"","_et_gb_content_width":"","footnotes":""},"categories":[14],"tags":[],"class_list":["post-9310","post","type-post","status-publish","format-standard","has-post-thumbnail","hentry","category-noticia_colegio"],"yoast_head":"<!-- This site is optimized with the Yoast SEO plugin v28.4 - https:\/\/yoast.com\/product\/yoast-seo-wordpress\/ -->\n<title>Proyectos de la Feria de las Ciencias del alumnado de ESO premiados en la Liga Roctar organizada por la Universidad Carlos III de Madrid - Colegio San Juan Bosco Valencia<\/title>\n<meta name=\"robots\" content=\"index, follow, max-snippet:-1, max-image-preview:large, max-video-preview:-1\" \/>\n<link rel=\"canonical\" href=\"https:\/\/valenciasjb.salesianos.edu\/colegio\/proyectos-de-la-feria-de-las-ciencias-del-alumnado-de-eso-premiados-en-la-liga-roctar-organizada-por-la-universidad-carlos-iii-de-madrid\/\" \/>\n<meta property=\"og:locale\" content=\"es_ES\" \/>\n<meta property=\"og:type\" content=\"article\" \/>\n<meta property=\"og:title\" content=\"Proyectos de la Feria de las Ciencias del alumnado de ESO premiados en la Liga Roctar organizada por la Universidad Carlos III de Madrid - Colegio San Juan Bosco Valencia\" \/>\n<meta property=\"og:description\" content=\"El pasado 14 de junio, dos grupos de alumnos finalistas de la Feria de las Ciencias del colegio defendieron sus proyectos por videoconferencia ante un tribunal formado por profesores de la Universidad Carlos III de Madrid. Finalmente, hemos obtenido un segundo puesto en la categor\u00eda de 1\u00ba y 2\u00ba de ESO y una menci\u00f3n especial [&hellip;]\" \/>\n<meta property=\"og:url\" content=\"https:\/\/valenciasjb.salesianos.edu\/colegio\/proyectos-de-la-feria-de-las-ciencias-del-alumnado-de-eso-premiados-en-la-liga-roctar-organizada-por-la-universidad-carlos-iii-de-madrid\/\" \/>\n<meta property=\"og:site_name\" content=\"Colegio San Juan Bosco Valencia\" \/>\n<meta property=\"article:publisher\" content=\"https:\/\/www.facebook.com\/ColegioSalesianoSanJuanBoscoValencia\" \/>\n<meta property=\"article:published_time\" content=\"2018-06-21T10:31:45+00:00\" \/>\n<meta property=\"og:image\" content=\"https:\/\/valenciasjb.salesianos.edu\/colegio\/wp-content\/uploads\/sites\/2\/2018\/06\/Captura-de-pantalla-de-2018-06-21-122329.png\" \/>\n\t<meta property=\"og:image:width\" content=\"645\" \/>\n\t<meta property=\"og:image:height\" content=\"365\" \/>\n\t<meta property=\"og:image:type\" content=\"image\/png\" \/>\n<meta name=\"author\" content=\"veronicapastor\" \/>\n<meta name=\"twitter:card\" content=\"summary_large_image\" \/>\n<meta name=\"twitter:creator\" content=\"@SalesianosVSJB\" \/>\n<meta name=\"twitter:site\" content=\"@SalesianosVSJB\" \/>\n<meta name=\"twitter:label1\" content=\"Escrito por\" \/>\n\t<meta name=\"twitter:data1\" content=\"veronicapastor\" \/>\n\t<meta name=\"twitter:label2\" content=\"Tiempo de lectura\" \/>\n\t<meta name=\"twitter:data2\" content=\"3 minutos\" \/>\n<script type=\"application\/ld+json\" class=\"yoast-schema-graph\">{\"@context\":\"https:\\\/\\\/schema.org\",\"@graph\":[{\"@type\":\"Article\",\"@id\":\"https:\\\/\\\/valenciasjb.salesianos.edu\\\/colegio\\\/proyectos-de-la-feria-de-las-ciencias-del-alumnado-de-eso-premiados-en-la-liga-roctar-organizada-por-la-universidad-carlos-iii-de-madrid\\\/#article\",\"isPartOf\":{\"@id\":\"https:\\\/\\\/valenciasjb.salesianos.edu\\\/colegio\\\/proyectos-de-la-feria-de-las-ciencias-del-alumnado-de-eso-premiados-en-la-liga-roctar-organizada-por-la-universidad-carlos-iii-de-madrid\\\/\"},\"author\":{\"name\":\"veronicapastor\",\"@id\":\"https:\\\/\\\/valenciasjb.salesianos.edu\\\/colegio\\\/#\\\/schema\\\/person\\\/1f45b67e52b27da175190a574db6bed9\"},\"headline\":\"Proyectos de la Feria de las Ciencias del alumnado de ESO premiados en la Liga Roctar organizada por la Universidad Carlos III de Madrid\",\"datePublished\":\"2018-06-21T10:31:45+00:00\",\"mainEntityOfPage\":{\"@id\":\"https:\\\/\\\/valenciasjb.salesianos.edu\\\/colegio\\\/proyectos-de-la-feria-de-las-ciencias-del-alumnado-de-eso-premiados-en-la-liga-roctar-organizada-por-la-universidad-carlos-iii-de-madrid\\\/\"},\"wordCount\":550,\"image\":{\"@id\":\"https:\\\/\\\/valenciasjb.salesianos.edu\\\/colegio\\\/proyectos-de-la-feria-de-las-ciencias-del-alumnado-de-eso-premiados-en-la-liga-roctar-organizada-por-la-universidad-carlos-iii-de-madrid\\\/#primaryimage\"},\"thumbnailUrl\":\"https:\\\/\\\/valenciasjb.salesianos.edu\\\/colegio\\\/wp-content\\\/uploads\\\/sites\\\/2\\\/2018\\\/06\\\/Captura-de-pantalla-de-2018-06-21-122329.png\",\"articleSection\":[\"Noticia Colegio\"],\"inLanguage\":\"es\"},{\"@type\":\"WebPage\",\"@id\":\"https:\\\/\\\/valenciasjb.salesianos.edu\\\/colegio\\\/proyectos-de-la-feria-de-las-ciencias-del-alumnado-de-eso-premiados-en-la-liga-roctar-organizada-por-la-universidad-carlos-iii-de-madrid\\\/\",\"url\":\"https:\\\/\\\/valenciasjb.salesianos.edu\\\/colegio\\\/proyectos-de-la-feria-de-las-ciencias-del-alumnado-de-eso-premiados-en-la-liga-roctar-organizada-por-la-universidad-carlos-iii-de-madrid\\\/\",\"name\":\"Proyectos de la Feria de las Ciencias del alumnado de ESO premiados en la Liga Roctar organizada por la Universidad Carlos III de Madrid - Colegio San Juan Bosco Valencia\",\"isPartOf\":{\"@id\":\"https:\\\/\\\/valenciasjb.salesianos.edu\\\/colegio\\\/#website\"},\"primaryImageOfPage\":{\"@id\":\"https:\\\/\\\/valenciasjb.salesianos.edu\\\/colegio\\\/proyectos-de-la-feria-de-las-ciencias-del-alumnado-de-eso-premiados-en-la-liga-roctar-organizada-por-la-universidad-carlos-iii-de-madrid\\\/#primaryimage\"},\"image\":{\"@id\":\"https:\\\/\\\/valenciasjb.salesianos.edu\\\/colegio\\\/proyectos-de-la-feria-de-las-ciencias-del-alumnado-de-eso-premiados-en-la-liga-roctar-organizada-por-la-universidad-carlos-iii-de-madrid\\\/#primaryimage\"},\"thumbnailUrl\":\"https:\\\/\\\/valenciasjb.salesianos.edu\\\/colegio\\\/wp-content\\\/uploads\\\/sites\\\/2\\\/2018\\\/06\\\/Captura-de-pantalla-de-2018-06-21-122329.png\",\"datePublished\":\"2018-06-21T10:31:45+00:00\",\"author\":{\"@id\":\"https:\\\/\\\/valenciasjb.salesianos.edu\\\/colegio\\\/#\\\/schema\\\/person\\\/1f45b67e52b27da175190a574db6bed9\"},\"breadcrumb\":{\"@id\":\"https:\\\/\\\/valenciasjb.salesianos.edu\\\/colegio\\\/proyectos-de-la-feria-de-las-ciencias-del-alumnado-de-eso-premiados-en-la-liga-roctar-organizada-por-la-universidad-carlos-iii-de-madrid\\\/#breadcrumb\"},\"inLanguage\":\"es\",\"potentialAction\":[{\"@type\":\"ReadAction\",\"target\":[\"https:\\\/\\\/valenciasjb.salesianos.edu\\\/colegio\\\/proyectos-de-la-feria-de-las-ciencias-del-alumnado-de-eso-premiados-en-la-liga-roctar-organizada-por-la-universidad-carlos-iii-de-madrid\\\/\"]}]},{\"@type\":\"ImageObject\",\"inLanguage\":\"es\",\"@id\":\"https:\\\/\\\/valenciasjb.salesianos.edu\\\/colegio\\\/proyectos-de-la-feria-de-las-ciencias-del-alumnado-de-eso-premiados-en-la-liga-roctar-organizada-por-la-universidad-carlos-iii-de-madrid\\\/#primaryimage\",\"url\":\"https:\\\/\\\/valenciasjb.salesianos.edu\\\/colegio\\\/wp-content\\\/uploads\\\/sites\\\/2\\\/2018\\\/06\\\/Captura-de-pantalla-de-2018-06-21-122329.png\",\"contentUrl\":\"https:\\\/\\\/valenciasjb.salesianos.edu\\\/colegio\\\/wp-content\\\/uploads\\\/sites\\\/2\\\/2018\\\/06\\\/Captura-de-pantalla-de-2018-06-21-122329.png\",\"width\":645,\"height\":365},{\"@type\":\"BreadcrumbList\",\"@id\":\"https:\\\/\\\/valenciasjb.salesianos.edu\\\/colegio\\\/proyectos-de-la-feria-de-las-ciencias-del-alumnado-de-eso-premiados-en-la-liga-roctar-organizada-por-la-universidad-carlos-iii-de-madrid\\\/#breadcrumb\",\"itemListElement\":[{\"@type\":\"ListItem\",\"position\":1,\"name\":\"Portada\",\"item\":\"https:\\\/\\\/valenciasjb.salesianos.edu\\\/colegio\\\/\"},{\"@type\":\"ListItem\",\"position\":2,\"name\":\"Proyectos de la Feria de las Ciencias del alumnado de ESO premiados en la Liga Roctar organizada por la Universidad Carlos III de Madrid\"}]},{\"@type\":\"WebSite\",\"@id\":\"https:\\\/\\\/valenciasjb.salesianos.edu\\\/colegio\\\/#website\",\"url\":\"https:\\\/\\\/valenciasjb.salesianos.edu\\\/colegio\\\/\",\"name\":\"Colegio San Juan Bosco Valencia\",\"description\":\"P\u00e1gina oficial del Colegio Salesianos San Juan Bosco Valencia\",\"alternateName\":\"Salesianos.VSJB\",\"potentialAction\":[{\"@type\":\"SearchAction\",\"target\":{\"@type\":\"EntryPoint\",\"urlTemplate\":\"https:\\\/\\\/valenciasjb.salesianos.edu\\\/colegio\\\/?s={search_term_string}\"},\"query-input\":{\"@type\":\"PropertyValueSpecification\",\"valueRequired\":true,\"valueName\":\"search_term_string\"}}],\"inLanguage\":\"es\"},{\"@type\":\"Person\",\"@id\":\"https:\\\/\\\/valenciasjb.salesianos.edu\\\/colegio\\\/#\\\/schema\\\/person\\\/1f45b67e52b27da175190a574db6bed9\",\"name\":\"veronicapastor\",\"image\":{\"@type\":\"ImageObject\",\"inLanguage\":\"es\",\"@id\":\"https:\\\/\\\/secure.gravatar.com\\\/avatar\\\/e29bd40bace3fd935e1d6fdb7313ffc14628cc037c5e16f4c7369b20a2a6f7f0?s=96&d=mm&r=g\",\"url\":\"https:\\\/\\\/secure.gravatar.com\\\/avatar\\\/e29bd40bace3fd935e1d6fdb7313ffc14628cc037c5e16f4c7369b20a2a6f7f0?s=96&d=mm&r=g\",\"contentUrl\":\"https:\\\/\\\/secure.gravatar.com\\\/avatar\\\/e29bd40bace3fd935e1d6fdb7313ffc14628cc037c5e16f4c7369b20a2a6f7f0?s=96&d=mm&r=g\",\"caption\":\"veronicapastor\"}}]}<\/script>\n<!-- \/ Yoast SEO plugin. -->","yoast_head_json":{"title":"Proyectos de la Feria de las Ciencias del alumnado de ESO premiados en la Liga Roctar organizada por la Universidad Carlos III de Madrid - Colegio San Juan Bosco Valencia","robots":{"index":"index","follow":"follow","max-snippet":"max-snippet:-1","max-image-preview":"max-image-preview:large","max-video-preview":"max-video-preview:-1"},"canonical":"https:\/\/valenciasjb.salesianos.edu\/colegio\/proyectos-de-la-feria-de-las-ciencias-del-alumnado-de-eso-premiados-en-la-liga-roctar-organizada-por-la-universidad-carlos-iii-de-madrid\/","og_locale":"es_ES","og_type":"article","og_title":"Proyectos de la Feria de las Ciencias del alumnado de ESO premiados en la Liga Roctar organizada por la Universidad Carlos III de Madrid - Colegio San Juan Bosco Valencia","og_description":"El pasado 14 de junio, dos grupos de alumnos finalistas de la Feria de las Ciencias del colegio defendieron sus proyectos por videoconferencia ante un tribunal formado por profesores de la Universidad Carlos III de Madrid. Finalmente, hemos obtenido un segundo puesto en la categor\u00eda de 1\u00ba y 2\u00ba de ESO y una menci\u00f3n especial [&hellip;]","og_url":"https:\/\/valenciasjb.salesianos.edu\/colegio\/proyectos-de-la-feria-de-las-ciencias-del-alumnado-de-eso-premiados-en-la-liga-roctar-organizada-por-la-universidad-carlos-iii-de-madrid\/","og_site_name":"Colegio San Juan Bosco Valencia","article_publisher":"https:\/\/www.facebook.com\/ColegioSalesianoSanJuanBoscoValencia","article_published_time":"2018-06-21T10:31:45+00:00","og_image":[{"width":645,"height":365,"url":"https:\/\/valenciasjb.salesianos.edu\/colegio\/wp-content\/uploads\/sites\/2\/2018\/06\/Captura-de-pantalla-de-2018-06-21-122329.png","type":"image\/png"}],"author":"veronicapastor","twitter_card":"summary_large_image","twitter_creator":"@SalesianosVSJB","twitter_site":"@SalesianosVSJB","twitter_misc":{"Escrito por":"veronicapastor","Tiempo de lectura":"3 minutos"},"schema":{"@context":"https:\/\/schema.org","@graph":[{"@type":"Article","@id":"https:\/\/valenciasjb.salesianos.edu\/colegio\/proyectos-de-la-feria-de-las-ciencias-del-alumnado-de-eso-premiados-en-la-liga-roctar-organizada-por-la-universidad-carlos-iii-de-madrid\/#article","isPartOf":{"@id":"https:\/\/valenciasjb.salesianos.edu\/colegio\/proyectos-de-la-feria-de-las-ciencias-del-alumnado-de-eso-premiados-en-la-liga-roctar-organizada-por-la-universidad-carlos-iii-de-madrid\/"},"author":{"name":"veronicapastor","@id":"https:\/\/valenciasjb.salesianos.edu\/colegio\/#\/schema\/person\/1f45b67e52b27da175190a574db6bed9"},"headline":"Proyectos de la Feria de las Ciencias del alumnado de ESO premiados en la Liga Roctar organizada por la Universidad Carlos III de Madrid","datePublished":"2018-06-21T10:31:45+00:00","mainEntityOfPage":{"@id":"https:\/\/valenciasjb.salesianos.edu\/colegio\/proyectos-de-la-feria-de-las-ciencias-del-alumnado-de-eso-premiados-en-la-liga-roctar-organizada-por-la-universidad-carlos-iii-de-madrid\/"},"wordCount":550,"image":{"@id":"https:\/\/valenciasjb.salesianos.edu\/colegio\/proyectos-de-la-feria-de-las-ciencias-del-alumnado-de-eso-premiados-en-la-liga-roctar-organizada-por-la-universidad-carlos-iii-de-madrid\/#primaryimage"},"thumbnailUrl":"https:\/\/valenciasjb.salesianos.edu\/colegio\/wp-content\/uploads\/sites\/2\/2018\/06\/Captura-de-pantalla-de-2018-06-21-122329.png","articleSection":["Noticia Colegio"],"inLanguage":"es"},{"@type":"WebPage","@id":"https:\/\/valenciasjb.salesianos.edu\/colegio\/proyectos-de-la-feria-de-las-ciencias-del-alumnado-de-eso-premiados-en-la-liga-roctar-organizada-por-la-universidad-carlos-iii-de-madrid\/","url":"https:\/\/valenciasjb.salesianos.edu\/colegio\/proyectos-de-la-feria-de-las-ciencias-del-alumnado-de-eso-premiados-en-la-liga-roctar-organizada-por-la-universidad-carlos-iii-de-madrid\/","name":"Proyectos de la Feria de las Ciencias del alumnado de ESO premiados en la Liga Roctar organizada por la Universidad Carlos III de Madrid - Colegio San Juan Bosco Valencia","isPartOf":{"@id":"https:\/\/valenciasjb.salesianos.edu\/colegio\/#website"},"primaryImageOfPage":{"@id":"https:\/\/valenciasjb.salesianos.edu\/colegio\/proyectos-de-la-feria-de-las-ciencias-del-alumnado-de-eso-premiados-en-la-liga-roctar-organizada-por-la-universidad-carlos-iii-de-madrid\/#primaryimage"},"image":{"@id":"https:\/\/valenciasjb.salesianos.edu\/colegio\/proyectos-de-la-feria-de-las-ciencias-del-alumnado-de-eso-premiados-en-la-liga-roctar-organizada-por-la-universidad-carlos-iii-de-madrid\/#primaryimage"},"thumbnailUrl":"https:\/\/valenciasjb.salesianos.edu\/colegio\/wp-content\/uploads\/sites\/2\/2018\/06\/Captura-de-pantalla-de-2018-06-21-122329.png","datePublished":"2018-06-21T10:31:45+00:00","author":{"@id":"https:\/\/valenciasjb.salesianos.edu\/colegio\/#\/schema\/person\/1f45b67e52b27da175190a574db6bed9"},"breadcrumb":{"@id":"https:\/\/valenciasjb.salesianos.edu\/colegio\/proyectos-de-la-feria-de-las-ciencias-del-alumnado-de-eso-premiados-en-la-liga-roctar-organizada-por-la-universidad-carlos-iii-de-madrid\/#breadcrumb"},"inLanguage":"es","potentialAction":[{"@type":"ReadAction","target":["https:\/\/valenciasjb.salesianos.edu\/colegio\/proyectos-de-la-feria-de-las-ciencias-del-alumnado-de-eso-premiados-en-la-liga-roctar-organizada-por-la-universidad-carlos-iii-de-madrid\/"]}]},{"@type":"ImageObject","inLanguage":"es","@id":"https:\/\/valenciasjb.salesianos.edu\/colegio\/proyectos-de-la-feria-de-las-ciencias-del-alumnado-de-eso-premiados-en-la-liga-roctar-organizada-por-la-universidad-carlos-iii-de-madrid\/#primaryimage","url":"https:\/\/valenciasjb.salesianos.edu\/colegio\/wp-content\/uploads\/sites\/2\/2018\/06\/Captura-de-pantalla-de-2018-06-21-122329.png","contentUrl":"https:\/\/valenciasjb.salesianos.edu\/colegio\/wp-content\/uploads\/sites\/2\/2018\/06\/Captura-de-pantalla-de-2018-06-21-122329.png","width":645,"height":365},{"@type":"BreadcrumbList","@id":"https:\/\/valenciasjb.salesianos.edu\/colegio\/proyectos-de-la-feria-de-las-ciencias-del-alumnado-de-eso-premiados-en-la-liga-roctar-organizada-por-la-universidad-carlos-iii-de-madrid\/#breadcrumb","itemListElement":[{"@type":"ListItem","position":1,"name":"Portada","item":"https:\/\/valenciasjb.salesianos.edu\/colegio\/"},{"@type":"ListItem","position":2,"name":"Proyectos de la Feria de las Ciencias del alumnado de ESO premiados en la Liga Roctar organizada por la Universidad Carlos III de Madrid"}]},{"@type":"WebSite","@id":"https:\/\/valenciasjb.salesianos.edu\/colegio\/#website","url":"https:\/\/valenciasjb.salesianos.edu\/colegio\/","name":"Colegio San Juan Bosco Valencia","description":"P\u00e1gina oficial del Colegio Salesianos San Juan Bosco Valencia","alternateName":"Salesianos.VSJB","potentialAction":[{"@type":"SearchAction","target":{"@type":"EntryPoint","urlTemplate":"https:\/\/valenciasjb.salesianos.edu\/colegio\/?s={search_term_string}"},"query-input":{"@type":"PropertyValueSpecification","valueRequired":true,"valueName":"search_term_string"}}],"inLanguage":"es"},{"@type":"Person","@id":"https:\/\/valenciasjb.salesianos.edu\/colegio\/#\/schema\/person\/1f45b67e52b27da175190a574db6bed9","name":"veronicapastor","image":{"@type":"ImageObject","inLanguage":"es","@id":"https:\/\/secure.gravatar.com\/avatar\/e29bd40bace3fd935e1d6fdb7313ffc14628cc037c5e16f4c7369b20a2a6f7f0?s=96&d=mm&r=g","url":"https:\/\/secure.gravatar.com\/avatar\/e29bd40bace3fd935e1d6fdb7313ffc14628cc037c5e16f4c7369b20a2a6f7f0?s=96&d=mm&r=g","contentUrl":"https:\/\/secure.gravatar.com\/avatar\/e29bd40bace3fd935e1d6fdb7313ffc14628cc037c5e16f4c7369b20a2a6f7f0?s=96&d=mm&r=g","caption":"veronicapastor"}}]}},"_links":{"self":[{"href":"https:\/\/valenciasjb.salesianos.edu\/colegio\/wp-json\/wp\/v2\/posts\/9310","targetHints":{"allow":["GET"]}}],"collection":[{"href":"https:\/\/valenciasjb.salesianos.edu\/colegio\/wp-json\/wp\/v2\/posts"}],"about":[{"href":"https:\/\/valenciasjb.salesianos.edu\/colegio\/wp-json\/wp\/v2\/types\/post"}],"author":[{"embeddable":true,"href":"https:\/\/valenciasjb.salesianos.edu\/colegio\/wp-json\/wp\/v2\/users\/6"}],"replies":[{"embeddable":true,"href":"https:\/\/valenciasjb.salesianos.edu\/colegio\/wp-json\/wp\/v2\/comments?post=9310"}],"version-history":[{"count":1,"href":"https:\/\/valenciasjb.salesianos.edu\/colegio\/wp-json\/wp\/v2\/posts\/9310\/revisions"}],"predecessor-version":[{"id":9312,"href":"https:\/\/valenciasjb.salesianos.edu\/colegio\/wp-json\/wp\/v2\/posts\/9310\/revisions\/9312"}],"wp:featuredmedia":[{"embeddable":true,"href":"https:\/\/valenciasjb.salesianos.edu\/colegio\/wp-json\/wp\/v2\/media\/9311"}],"wp:attachment":[{"href":"https:\/\/valenciasjb.salesianos.edu\/colegio\/wp-json\/wp\/v2\/media?parent=9310"}],"wp:term":[{"taxonomy":"category","embeddable":true,"href":"https:\/\/valenciasjb.salesianos.edu\/colegio\/wp-json\/wp\/v2\/categories?post=9310"},{"taxonomy":"post_tag","embeddable":true,"href":"https:\/\/valenciasjb.salesianos.edu\/colegio\/wp-json\/wp\/v2\/tags?post=9310"}],"curies":[{"name":"wp","href":"https:\/\/api.w.org\/{rel}","templated":true}]}}