{"id":9322,"date":"2018-06-24T22:25:16","date_gmt":"2018-06-24T21:25:16","guid":{"rendered":"https:\/\/valenciasjb.salesianos.edu\/colegio\/?p=9322"},"modified":"2018-06-24T22:25:16","modified_gmt":"2018-06-24T21:25:16","slug":"despedida-de-los-alumnos-de-6o-de-primaria-con-una-sentida-celebracion-en-la-parroquia","status":"publish","type":"post","link":"https:\/\/valenciasjb.salesianos.edu\/colegio\/despedida-de-los-alumnos-de-6o-de-primaria-con-una-sentida-celebracion-en-la-parroquia\/","title":{"rendered":"Despedida de los alumnos de 6\u00ba de Primaria con una sentida celebraci\u00f3n en la Parroquia"},"content":{"rendered":"<div id=\"fb-root\"><\/div>\n<p>[et_pb_section bb_built=\u00bb1&#8243; admin_label=\u00bbsection\u00bb][et_pb_row admin_label=\u00bbrow\u00bb background_position=\u00bbtop_left\u00bb background_repeat=\u00bbrepeat\u00bb background_size=\u00bbinitial\u00bb][et_pb_column type=\u00bb4_4&#8243;][et_pb_text admin_label=\u00bbEntradilla (Texto)\u00bb _builder_version=\u00bb3.0.105&#8243; background_layout=\u00bblight\u00bb text_orientation=\u00bbjustified\u00bb text_font=\u00bb|on|||\u00bb module_alignment=\u00bbleft\u00bb]<\/p>\n<div id=\"resumen\">\n<p><strong>El viernes, 22 de mayo, los alumnos y alumnas de sexto de Primaria dec\u00edan adi\u00f3s a una etapa con una sentida celebraci\u00f3n en la Parroquia, en la que estuvieron acompa\u00f1ados de sus profesores, personal del colegio, familiares y amigos.<\/strong><\/p>\n<\/div>\n<div><\/div>\n<p>[\/et_pb_text][et_pb_text admin_label=\u00bbAutor (Texto)\u00bb _builder_version=\u00bb3.0.85&#8243; background_layout=\u00bblight\u00bb text_font=\u00bb||on||\u00bb]<\/p>\n<p>Redacci\u00f3n<\/p>\n<p>[\/et_pb_text][et_pb_text admin_label=\u00bbDesarrollo (Texto)\u00bb _builder_version=\u00bb3.0.105&#8243; background_layout=\u00bblight\u00bb text_orientation=\u00bbjustified\u00bb module_alignment=\u00bbleft\u00bb]<\/p>\n<p>La celebraci\u00f3n comenzaba a las 17:30 horas. En la Iglesia estaba representada una estaci\u00f3n de tren y una VOZ EN OFF indicaba a los pasajeros de 6\u00ba A, 6\u00ba B, 6\u00ba C y 6\u00ba D que se dirigieran a su and\u00e9n para subir al tren de alta velocidad SJB con destino a una nueva etapa, Secundaria. Tras recoger cada alumno su billete y colocarlo en su vag\u00f3n correspondiente, dio comienzo una emotiva celebraci\u00f3n que hab\u00edan preparado con mucho cari\u00f1o.<\/p>\n<p>A lo largo de la celebraci\u00f3n, los alumnos y alumnas llenaron el tren con sus aportaciones para multiplicar sus talentos y as\u00ed colaborar para hacer un mundo en el que reine la justicia, el esfuerzo, el trabajo en equipo, la esperanza, el amor de Dios a los hombres y un mundo mucho m\u00e1s fraterno, sin fronteras ni desigualdad.<\/p>\n<p>Ofrecieron los frutos de su trabajo y de todos los momentos vividos con sus compa\u00f1eros en el deporte, las convivencias\u2026 y destacaron tantos momentos de alegr\u00eda en los cuales siempre se sintieron acompa\u00f1ados y guiados por Mar\u00eda Auxiliadora.<\/p>\n<p>Tras la acci\u00f3n de gracias, tanto los delegados de cada grupo, como la coordinadora del nivel en representaci\u00f3n de los tutores, Marta Medina, como la Directora de Primaria, Carmen Broseta, y el director del colegio, Juan Peris, tuvieron unas sentidas palabras. Tras lo cual se dio por finalizada la celebraci\u00f3n con la proyecci\u00f3n de un entra\u00f1able v\u00eddeo de fotos que recog\u00eda su paso por el colegio desde los 3 hasta los 12 a\u00f1os.<\/p>\n<p>Seguidamente, en el patio del colegio, se realizaron las tradicionales fotos de grupo y, por \u00faltimo, alumnos, profesores y familias, disfrutaron de un \u00e1gape en el patio trasero del colegio donde hubo momentos de agradecimientos, despedidas, risas y l\u00e1grimas.<\/p>\n<p>A todos y todas les deseamos lo mejor en esta nueva etapa que comienzan.<\/p>\n<p>[\/et_pb_text][et_pb_text admin_label=\u00bbT\u00edtulo: Galer\u00eda de fotos (Texto)\u00bb _builder_version=\u00bb3.0.76&#8243; background_layout=\u00bblight\u00bb text_font=\u00bb|on|||\u00bb text_text_color=\u00bb#dc001b\u00bb border_style=\u00bbsolid\u00bb disabled=\u00bboff\u00bb disabled_on=\u00bboff|on|on\u00bb]<\/p>\n<p>Galer\u00eda de im\u00e1genes<\/p>\n<p>[\/et_pb_text][et_pb_gallery _builder_version=\u00bb3.0.105&#8243; posts_number=\u00bb8&#8243; show_title_and_caption=\u00bboff\u00bb show_pagination=\u00bbon\u00bb fullwidth=\u00bboff\u00bb orientation=\u00bblandscape\u00bb zoom_icon_color=\u00bb#dc001b\u00bb hover_overlay_color=\u00bbrgba(255,255,255,0.9)\u00bb hover_icon=\u00bb%%51%%\u00bb background_layout=\u00bblight\u00bb disabled=\u00bboff\u00bb disabled_on=\u00bboff|off|off\u00bb gallery_ids=\u00bb9330,9329,9328,9327,9326,9325,9324,9323&#8243; pagination_font_size_tablet=\u00bb51&#8243; pagination_line_height_tablet=\u00bb2&#8243; \/][et_pb_video _builder_version=\u00bb3.0.51&#8243; disabled=\u00bbon\u00bb disabled_on=\u00bbon|on|on\u00bb \/][\/et_pb_column][\/et_pb_row][\/et_pb_section]<\/p>\n<!-- AddThis Advanced Settings generic via filter on the_content --><!-- AddThis Share Buttons generic via filter on the_content -->","protected":false},"excerpt":{"rendered":"<p>El viernes, 22 de mayo, los alumnos y alumnas de sexto de Primaria dec\u00edan adi\u00f3s a una etapa con una sentida celebraci\u00f3n en la Parroquia, en la que estuvieron acompa\u00f1ados de sus profesores, personal del colegio, familiares y amigos. Redacci\u00f3n La celebraci\u00f3n comenzaba a las 17:30 horas. En la Iglesia estaba representada una estaci\u00f3n de [&hellip;]<\/p>\n<p><!-- AddThis Advanced Settings generic via filter on get_the_excerpt --><!-- AddThis Share Buttons generic via filter on get_the_excerpt --><\/p>\n","protected":false},"author":6,"featured_media":9329,"comment_status":"closed","ping_status":"open","sticky":false,"template":"","format":"standard","meta":{"_et_pb_use_builder":"on","_et_pb_old_content":"","_et_gb_content_width":"","footnotes":""},"categories":[14],"tags":[],"class_list":["post-9322","post","type-post","status-publish","format-standard","has-post-thumbnail","hentry","category-noticia_colegio"],"yoast_head":"<!-- This site is optimized with the Yoast SEO plugin v28.4 - https:\/\/yoast.com\/product\/yoast-seo-wordpress\/ -->\n<title>Despedida de los alumnos de 6\u00ba de Primaria con una sentida celebraci\u00f3n en la Parroquia - Colegio San Juan Bosco Valencia<\/title>\n<meta name=\"robots\" content=\"index, follow, max-snippet:-1, max-image-preview:large, max-video-preview:-1\" \/>\n<link rel=\"canonical\" href=\"https:\/\/valenciasjb.salesianos.edu\/colegio\/despedida-de-los-alumnos-de-6o-de-primaria-con-una-sentida-celebracion-en-la-parroquia\/\" \/>\n<meta property=\"og:locale\" content=\"es_ES\" \/>\n<meta property=\"og:type\" content=\"article\" \/>\n<meta property=\"og:title\" content=\"Despedida de los alumnos de 6\u00ba de Primaria con una sentida celebraci\u00f3n en la Parroquia - Colegio San Juan Bosco Valencia\" \/>\n<meta property=\"og:description\" content=\"El viernes, 22 de mayo, los alumnos y alumnas de sexto de Primaria dec\u00edan adi\u00f3s a una etapa con una sentida celebraci\u00f3n en la Parroquia, en la que estuvieron acompa\u00f1ados de sus profesores, personal del colegio, familiares y amigos. Redacci\u00f3n La celebraci\u00f3n comenzaba a las 17:30 horas. En la Iglesia estaba representada una estaci\u00f3n de [&hellip;]\" \/>\n<meta property=\"og:url\" content=\"https:\/\/valenciasjb.salesianos.edu\/colegio\/despedida-de-los-alumnos-de-6o-de-primaria-con-una-sentida-celebracion-en-la-parroquia\/\" \/>\n<meta property=\"og:site_name\" content=\"Colegio San Juan Bosco Valencia\" \/>\n<meta property=\"article:publisher\" content=\"https:\/\/www.facebook.com\/ColegioSalesianoSanJuanBoscoValencia\" \/>\n<meta property=\"article:published_time\" content=\"2018-06-24T21:25:16+00:00\" \/>\n<meta property=\"og:image\" content=\"https:\/\/valenciasjb.salesianos.edu\/colegio\/wp-content\/uploads\/sites\/2\/2018\/06\/IMG_6156-1024x683.jpg\" \/>\n\t<meta property=\"og:image:width\" content=\"1024\" \/>\n\t<meta property=\"og:image:height\" content=\"683\" \/>\n\t<meta property=\"og:image:type\" content=\"image\/jpeg\" \/>\n<meta name=\"author\" content=\"veronicapastor\" \/>\n<meta name=\"twitter:card\" content=\"summary_large_image\" \/>\n<meta name=\"twitter:creator\" content=\"@SalesianosVSJB\" \/>\n<meta name=\"twitter:site\" content=\"@SalesianosVSJB\" \/>\n<meta name=\"twitter:label1\" content=\"Escrito por\" \/>\n\t<meta name=\"twitter:data1\" content=\"veronicapastor\" \/>\n\t<meta name=\"twitter:label2\" content=\"Tiempo de lectura\" \/>\n\t<meta name=\"twitter:data2\" content=\"3 minutos\" \/>\n<script type=\"application\/ld+json\" class=\"yoast-schema-graph\">{\"@context\":\"https:\\\/\\\/schema.org\",\"@graph\":[{\"@type\":\"Article\",\"@id\":\"https:\\\/\\\/valenciasjb.salesianos.edu\\\/colegio\\\/despedida-de-los-alumnos-de-6o-de-primaria-con-una-sentida-celebracion-en-la-parroquia\\\/#article\",\"isPartOf\":{\"@id\":\"https:\\\/\\\/valenciasjb.salesianos.edu\\\/colegio\\\/despedida-de-los-alumnos-de-6o-de-primaria-con-una-sentida-celebracion-en-la-parroquia\\\/\"},\"author\":{\"name\":\"veronicapastor\",\"@id\":\"https:\\\/\\\/valenciasjb.salesianos.edu\\\/colegio\\\/#\\\/schema\\\/person\\\/1f45b67e52b27da175190a574db6bed9\"},\"headline\":\"Despedida de los alumnos de 6\u00ba de Primaria con una sentida celebraci\u00f3n en la Parroquia\",\"datePublished\":\"2018-06-24T21:25:16+00:00\",\"mainEntityOfPage\":{\"@id\":\"https:\\\/\\\/valenciasjb.salesianos.edu\\\/colegio\\\/despedida-de-los-alumnos-de-6o-de-primaria-con-una-sentida-celebracion-en-la-parroquia\\\/\"},\"wordCount\":580,\"image\":{\"@id\":\"https:\\\/\\\/valenciasjb.salesianos.edu\\\/colegio\\\/despedida-de-los-alumnos-de-6o-de-primaria-con-una-sentida-celebracion-en-la-parroquia\\\/#primaryimage\"},\"thumbnailUrl\":\"https:\\\/\\\/valenciasjb.salesianos.edu\\\/colegio\\\/wp-content\\\/uploads\\\/sites\\\/2\\\/2018\\\/06\\\/IMG_6156.jpg\",\"articleSection\":[\"Noticia Colegio\"],\"inLanguage\":\"es\"},{\"@type\":\"WebPage\",\"@id\":\"https:\\\/\\\/valenciasjb.salesianos.edu\\\/colegio\\\/despedida-de-los-alumnos-de-6o-de-primaria-con-una-sentida-celebracion-en-la-parroquia\\\/\",\"url\":\"https:\\\/\\\/valenciasjb.salesianos.edu\\\/colegio\\\/despedida-de-los-alumnos-de-6o-de-primaria-con-una-sentida-celebracion-en-la-parroquia\\\/\",\"name\":\"Despedida de los alumnos de 6\u00ba de Primaria con una sentida celebraci\u00f3n en la Parroquia - Colegio San Juan Bosco Valencia\",\"isPartOf\":{\"@id\":\"https:\\\/\\\/valenciasjb.salesianos.edu\\\/colegio\\\/#website\"},\"primaryImageOfPage\":{\"@id\":\"https:\\\/\\\/valenciasjb.salesianos.edu\\\/colegio\\\/despedida-de-los-alumnos-de-6o-de-primaria-con-una-sentida-celebracion-en-la-parroquia\\\/#primaryimage\"},\"image\":{\"@id\":\"https:\\\/\\\/valenciasjb.salesianos.edu\\\/colegio\\\/despedida-de-los-alumnos-de-6o-de-primaria-con-una-sentida-celebracion-en-la-parroquia\\\/#primaryimage\"},\"thumbnailUrl\":\"https:\\\/\\\/valenciasjb.salesianos.edu\\\/colegio\\\/wp-content\\\/uploads\\\/sites\\\/2\\\/2018\\\/06\\\/IMG_6156.jpg\",\"datePublished\":\"2018-06-24T21:25:16+00:00\",\"author\":{\"@id\":\"https:\\\/\\\/valenciasjb.salesianos.edu\\\/colegio\\\/#\\\/schema\\\/person\\\/1f45b67e52b27da175190a574db6bed9\"},\"breadcrumb\":{\"@id\":\"https:\\\/\\\/valenciasjb.salesianos.edu\\\/colegio\\\/despedida-de-los-alumnos-de-6o-de-primaria-con-una-sentida-celebracion-en-la-parroquia\\\/#breadcrumb\"},\"inLanguage\":\"es\",\"potentialAction\":[{\"@type\":\"ReadAction\",\"target\":[\"https:\\\/\\\/valenciasjb.salesianos.edu\\\/colegio\\\/despedida-de-los-alumnos-de-6o-de-primaria-con-una-sentida-celebracion-en-la-parroquia\\\/\"]}]},{\"@type\":\"ImageObject\",\"inLanguage\":\"es\",\"@id\":\"https:\\\/\\\/valenciasjb.salesianos.edu\\\/colegio\\\/despedida-de-los-alumnos-de-6o-de-primaria-con-una-sentida-celebracion-en-la-parroquia\\\/#primaryimage\",\"url\":\"https:\\\/\\\/valenciasjb.salesianos.edu\\\/colegio\\\/wp-content\\\/uploads\\\/sites\\\/2\\\/2018\\\/06\\\/IMG_6156.jpg\",\"contentUrl\":\"https:\\\/\\\/valenciasjb.salesianos.edu\\\/colegio\\\/wp-content\\\/uploads\\\/sites\\\/2\\\/2018\\\/06\\\/IMG_6156.jpg\",\"width\":6000,\"height\":4000},{\"@type\":\"BreadcrumbList\",\"@id\":\"https:\\\/\\\/valenciasjb.salesianos.edu\\\/colegio\\\/despedida-de-los-alumnos-de-6o-de-primaria-con-una-sentida-celebracion-en-la-parroquia\\\/#breadcrumb\",\"itemListElement\":[{\"@type\":\"ListItem\",\"position\":1,\"name\":\"Portada\",\"item\":\"https:\\\/\\\/valenciasjb.salesianos.edu\\\/colegio\\\/\"},{\"@type\":\"ListItem\",\"position\":2,\"name\":\"Despedida de los alumnos de 6\u00ba de Primaria con una sentida celebraci\u00f3n en la Parroquia\"}]},{\"@type\":\"WebSite\",\"@id\":\"https:\\\/\\\/valenciasjb.salesianos.edu\\\/colegio\\\/#website\",\"url\":\"https:\\\/\\\/valenciasjb.salesianos.edu\\\/colegio\\\/\",\"name\":\"Colegio San Juan Bosco Valencia\",\"description\":\"P\u00e1gina oficial del Colegio Salesianos San Juan Bosco Valencia\",\"alternateName\":\"Salesianos.VSJB\",\"potentialAction\":[{\"@type\":\"SearchAction\",\"target\":{\"@type\":\"EntryPoint\",\"urlTemplate\":\"https:\\\/\\\/valenciasjb.salesianos.edu\\\/colegio\\\/?s={search_term_string}\"},\"query-input\":{\"@type\":\"PropertyValueSpecification\",\"valueRequired\":true,\"valueName\":\"search_term_string\"}}],\"inLanguage\":\"es\"},{\"@type\":\"Person\",\"@id\":\"https:\\\/\\\/valenciasjb.salesianos.edu\\\/colegio\\\/#\\\/schema\\\/person\\\/1f45b67e52b27da175190a574db6bed9\",\"name\":\"veronicapastor\",\"image\":{\"@type\":\"ImageObject\",\"inLanguage\":\"es\",\"@id\":\"https:\\\/\\\/secure.gravatar.com\\\/avatar\\\/e29bd40bace3fd935e1d6fdb7313ffc14628cc037c5e16f4c7369b20a2a6f7f0?s=96&d=mm&r=g\",\"url\":\"https:\\\/\\\/secure.gravatar.com\\\/avatar\\\/e29bd40bace3fd935e1d6fdb7313ffc14628cc037c5e16f4c7369b20a2a6f7f0?s=96&d=mm&r=g\",\"contentUrl\":\"https:\\\/\\\/secure.gravatar.com\\\/avatar\\\/e29bd40bace3fd935e1d6fdb7313ffc14628cc037c5e16f4c7369b20a2a6f7f0?s=96&d=mm&r=g\",\"caption\":\"veronicapastor\"}}]}<\/script>\n<!-- \/ Yoast SEO plugin. -->","yoast_head_json":{"title":"Despedida de los alumnos de 6\u00ba de Primaria con una sentida celebraci\u00f3n en la Parroquia - Colegio San Juan Bosco Valencia","robots":{"index":"index","follow":"follow","max-snippet":"max-snippet:-1","max-image-preview":"max-image-preview:large","max-video-preview":"max-video-preview:-1"},"canonical":"https:\/\/valenciasjb.salesianos.edu\/colegio\/despedida-de-los-alumnos-de-6o-de-primaria-con-una-sentida-celebracion-en-la-parroquia\/","og_locale":"es_ES","og_type":"article","og_title":"Despedida de los alumnos de 6\u00ba de Primaria con una sentida celebraci\u00f3n en la Parroquia - Colegio San Juan Bosco Valencia","og_description":"El viernes, 22 de mayo, los alumnos y alumnas de sexto de Primaria dec\u00edan adi\u00f3s a una etapa con una sentida celebraci\u00f3n en la Parroquia, en la que estuvieron acompa\u00f1ados de sus profesores, personal del colegio, familiares y amigos. Redacci\u00f3n La celebraci\u00f3n comenzaba a las 17:30 horas. En la Iglesia estaba representada una estaci\u00f3n de [&hellip;]","og_url":"https:\/\/valenciasjb.salesianos.edu\/colegio\/despedida-de-los-alumnos-de-6o-de-primaria-con-una-sentida-celebracion-en-la-parroquia\/","og_site_name":"Colegio San Juan Bosco Valencia","article_publisher":"https:\/\/www.facebook.com\/ColegioSalesianoSanJuanBoscoValencia","article_published_time":"2018-06-24T21:25:16+00:00","og_image":[{"width":1024,"height":683,"url":"https:\/\/valenciasjb.salesianos.edu\/colegio\/wp-content\/uploads\/sites\/2\/2018\/06\/IMG_6156-1024x683.jpg","type":"image\/jpeg"}],"author":"veronicapastor","twitter_card":"summary_large_image","twitter_creator":"@SalesianosVSJB","twitter_site":"@SalesianosVSJB","twitter_misc":{"Escrito por":"veronicapastor","Tiempo de lectura":"3 minutos"},"schema":{"@context":"https:\/\/schema.org","@graph":[{"@type":"Article","@id":"https:\/\/valenciasjb.salesianos.edu\/colegio\/despedida-de-los-alumnos-de-6o-de-primaria-con-una-sentida-celebracion-en-la-parroquia\/#article","isPartOf":{"@id":"https:\/\/valenciasjb.salesianos.edu\/colegio\/despedida-de-los-alumnos-de-6o-de-primaria-con-una-sentida-celebracion-en-la-parroquia\/"},"author":{"name":"veronicapastor","@id":"https:\/\/valenciasjb.salesianos.edu\/colegio\/#\/schema\/person\/1f45b67e52b27da175190a574db6bed9"},"headline":"Despedida de los alumnos de 6\u00ba de Primaria con una sentida celebraci\u00f3n en la Parroquia","datePublished":"2018-06-24T21:25:16+00:00","mainEntityOfPage":{"@id":"https:\/\/valenciasjb.salesianos.edu\/colegio\/despedida-de-los-alumnos-de-6o-de-primaria-con-una-sentida-celebracion-en-la-parroquia\/"},"wordCount":580,"image":{"@id":"https:\/\/valenciasjb.salesianos.edu\/colegio\/despedida-de-los-alumnos-de-6o-de-primaria-con-una-sentida-celebracion-en-la-parroquia\/#primaryimage"},"thumbnailUrl":"https:\/\/valenciasjb.salesianos.edu\/colegio\/wp-content\/uploads\/sites\/2\/2018\/06\/IMG_6156.jpg","articleSection":["Noticia Colegio"],"inLanguage":"es"},{"@type":"WebPage","@id":"https:\/\/valenciasjb.salesianos.edu\/colegio\/despedida-de-los-alumnos-de-6o-de-primaria-con-una-sentida-celebracion-en-la-parroquia\/","url":"https:\/\/valenciasjb.salesianos.edu\/colegio\/despedida-de-los-alumnos-de-6o-de-primaria-con-una-sentida-celebracion-en-la-parroquia\/","name":"Despedida de los alumnos de 6\u00ba de Primaria con una sentida celebraci\u00f3n en la Parroquia - Colegio San Juan Bosco Valencia","isPartOf":{"@id":"https:\/\/valenciasjb.salesianos.edu\/colegio\/#website"},"primaryImageOfPage":{"@id":"https:\/\/valenciasjb.salesianos.edu\/colegio\/despedida-de-los-alumnos-de-6o-de-primaria-con-una-sentida-celebracion-en-la-parroquia\/#primaryimage"},"image":{"@id":"https:\/\/valenciasjb.salesianos.edu\/colegio\/despedida-de-los-alumnos-de-6o-de-primaria-con-una-sentida-celebracion-en-la-parroquia\/#primaryimage"},"thumbnailUrl":"https:\/\/valenciasjb.salesianos.edu\/colegio\/wp-content\/uploads\/sites\/2\/2018\/06\/IMG_6156.jpg","datePublished":"2018-06-24T21:25:16+00:00","author":{"@id":"https:\/\/valenciasjb.salesianos.edu\/colegio\/#\/schema\/person\/1f45b67e52b27da175190a574db6bed9"},"breadcrumb":{"@id":"https:\/\/valenciasjb.salesianos.edu\/colegio\/despedida-de-los-alumnos-de-6o-de-primaria-con-una-sentida-celebracion-en-la-parroquia\/#breadcrumb"},"inLanguage":"es","potentialAction":[{"@type":"ReadAction","target":["https:\/\/valenciasjb.salesianos.edu\/colegio\/despedida-de-los-alumnos-de-6o-de-primaria-con-una-sentida-celebracion-en-la-parroquia\/"]}]},{"@type":"ImageObject","inLanguage":"es","@id":"https:\/\/valenciasjb.salesianos.edu\/colegio\/despedida-de-los-alumnos-de-6o-de-primaria-con-una-sentida-celebracion-en-la-parroquia\/#primaryimage","url":"https:\/\/valenciasjb.salesianos.edu\/colegio\/wp-content\/uploads\/sites\/2\/2018\/06\/IMG_6156.jpg","contentUrl":"https:\/\/valenciasjb.salesianos.edu\/colegio\/wp-content\/uploads\/sites\/2\/2018\/06\/IMG_6156.jpg","width":6000,"height":4000},{"@type":"BreadcrumbList","@id":"https:\/\/valenciasjb.salesianos.edu\/colegio\/despedida-de-los-alumnos-de-6o-de-primaria-con-una-sentida-celebracion-en-la-parroquia\/#breadcrumb","itemListElement":[{"@type":"ListItem","position":1,"name":"Portada","item":"https:\/\/valenciasjb.salesianos.edu\/colegio\/"},{"@type":"ListItem","position":2,"name":"Despedida de los alumnos de 6\u00ba de Primaria con una sentida celebraci\u00f3n en la Parroquia"}]},{"@type":"WebSite","@id":"https:\/\/valenciasjb.salesianos.edu\/colegio\/#website","url":"https:\/\/valenciasjb.salesianos.edu\/colegio\/","name":"Colegio San Juan Bosco Valencia","description":"P\u00e1gina oficial del Colegio Salesianos San Juan Bosco Valencia","alternateName":"Salesianos.VSJB","potentialAction":[{"@type":"SearchAction","target":{"@type":"EntryPoint","urlTemplate":"https:\/\/valenciasjb.salesianos.edu\/colegio\/?s={search_term_string}"},"query-input":{"@type":"PropertyValueSpecification","valueRequired":true,"valueName":"search_term_string"}}],"inLanguage":"es"},{"@type":"Person","@id":"https:\/\/valenciasjb.salesianos.edu\/colegio\/#\/schema\/person\/1f45b67e52b27da175190a574db6bed9","name":"veronicapastor","image":{"@type":"ImageObject","inLanguage":"es","@id":"https:\/\/secure.gravatar.com\/avatar\/e29bd40bace3fd935e1d6fdb7313ffc14628cc037c5e16f4c7369b20a2a6f7f0?s=96&d=mm&r=g","url":"https:\/\/secure.gravatar.com\/avatar\/e29bd40bace3fd935e1d6fdb7313ffc14628cc037c5e16f4c7369b20a2a6f7f0?s=96&d=mm&r=g","contentUrl":"https:\/\/secure.gravatar.com\/avatar\/e29bd40bace3fd935e1d6fdb7313ffc14628cc037c5e16f4c7369b20a2a6f7f0?s=96&d=mm&r=g","caption":"veronicapastor"}}]}},"_links":{"self":[{"href":"https:\/\/valenciasjb.salesianos.edu\/colegio\/wp-json\/wp\/v2\/posts\/9322","targetHints":{"allow":["GET"]}}],"collection":[{"href":"https:\/\/valenciasjb.salesianos.edu\/colegio\/wp-json\/wp\/v2\/posts"}],"about":[{"href":"https:\/\/valenciasjb.salesianos.edu\/colegio\/wp-json\/wp\/v2\/types\/post"}],"author":[{"embeddable":true,"href":"https:\/\/valenciasjb.salesianos.edu\/colegio\/wp-json\/wp\/v2\/users\/6"}],"replies":[{"embeddable":true,"href":"https:\/\/valenciasjb.salesianos.edu\/colegio\/wp-json\/wp\/v2\/comments?post=9322"}],"version-history":[{"count":1,"href":"https:\/\/valenciasjb.salesianos.edu\/colegio\/wp-json\/wp\/v2\/posts\/9322\/revisions"}],"predecessor-version":[{"id":9331,"href":"https:\/\/valenciasjb.salesianos.edu\/colegio\/wp-json\/wp\/v2\/posts\/9322\/revisions\/9331"}],"wp:featuredmedia":[{"embeddable":true,"href":"https:\/\/valenciasjb.salesianos.edu\/colegio\/wp-json\/wp\/v2\/media\/9329"}],"wp:attachment":[{"href":"https:\/\/valenciasjb.salesianos.edu\/colegio\/wp-json\/wp\/v2\/media?parent=9322"}],"wp:term":[{"taxonomy":"category","embeddable":true,"href":"https:\/\/valenciasjb.salesianos.edu\/colegio\/wp-json\/wp\/v2\/categories?post=9322"},{"taxonomy":"post_tag","embeddable":true,"href":"https:\/\/valenciasjb.salesianos.edu\/colegio\/wp-json\/wp\/v2\/tags?post=9322"}],"curies":[{"name":"wp","href":"https:\/\/api.w.org\/{rel}","templated":true}]}}