{"id":9332,"date":"2018-06-24T22:41:56","date_gmt":"2018-06-24T21:41:56","guid":{"rendered":"https:\/\/valenciasjb.salesianos.edu\/colegio\/?p=9332"},"modified":"2018-06-24T23:29:07","modified_gmt":"2018-06-24T22:29:07","slug":"el-aula-de-fomento-a-la-lectura-de-primaria-clausura-el-curso-con-1833-libros-leidos-en-prestamo","status":"publish","type":"post","link":"https:\/\/valenciasjb.salesianos.edu\/colegio\/el-aula-de-fomento-a-la-lectura-de-primaria-clausura-el-curso-con-1833-libros-leidos-en-prestamo\/","title":{"rendered":"El Aula de fomento a la lectura de Primaria clausura el curso con 1833 libros le\u00eddos en pr\u00e9stamo"},"content":{"rendered":"<div id=\"fb-root\"><\/div>\n<p>[et_pb_section bb_built=\u00bb1&#8243; admin_label=\u00bbsection\u00bb][et_pb_row admin_label=\u00bbrow\u00bb background_position=\u00bbtop_left\u00bb background_repeat=\u00bbrepeat\u00bb background_size=\u00bbinitial\u00bb][et_pb_column type=\u00bb4_4&#8243;][et_pb_text admin_label=\u00bbEntradilla (Texto)\u00bb _builder_version=\u00bb3.0.105&#8243; background_layout=\u00bblight\u00bb text_orientation=\u00bbjustified\u00bb text_font=\u00bb|on|||\u00bb module_alignment=\u00bbleft\u00bb]<\/p>\n<div id=\"resumen\">\n<p><strong>Un curso extraordinario en experiencias lectoras.\u00a0El mi\u00e9rcoles d\u00eda 20 de junio, en los \u201cbuenos d\u00edas\u201d, se hicieron entrega de diplomas a los m\u00e1s lectores. <\/strong><\/p>\n<\/div>\n<div><\/div>\n<p>[\/et_pb_text][et_pb_text admin_label=\u00bbAutor (Texto)\u00bb _builder_version=\u00bb3.0.105&#8243; background_layout=\u00bblight\u00bb text_font=\u00bb||on||\u00bb]<\/p>\n<p>Susana de la Fuente. Encargada de la biblioteca.<\/p>\n<p>[\/et_pb_text][et_pb_text admin_label=\u00bbDesarrollo (Texto)\u00bb _builder_version=\u00bb3.0.105&#8243; background_layout=\u00bblight\u00bb text_orientation=\u00bbjustified\u00bb module_alignment=\u00bbleft\u00bb]<\/p>\n<p>Los buenos d\u00edas estuvieron dedicados a despedir el intenso a\u00f1o de actividades del aula de fomento a la lectura con la ya tradicional entrega de diplomas.<\/p>\n<p>Las actividades comenzaron con el pr\u00e9stamo de libros en octubre, con una gran ilusi\u00f3n por parte de todos, pero especialmente por los ni\u00f1os y ni\u00f1as de primero que se quer\u00edan \u201cleer el mundo\u201d.<\/p>\n<p>Ese mismo mes se celebr\u00f3 el d\u00eda internacional de la biblioteca, el 24 de octubre, en el que algunas familias lectoras del curso pasado, animaron a participar este curso en el ya consolidado proyecto \u201cLeer en casa\u201d. Contando sus experiencias lectoras, otras familias emprendieron su aventura en familia.<\/p>\n<p>El 21 marzo se celebr\u00f3 el d\u00eda de la poes\u00eda descubriendo a una estupenda escritora, Carmen Bravo Villasante. Adem\u00e1s el alumnado pudo desarrollar sus habilidades creativas participando en un concurso de poes\u00eda cuyo tema era \u201cel amor\u201d.<\/p>\n<p>Tambi\u00e9n se celebr\u00f3 el d\u00eda del libro, el 23 de abril, conociendo m\u00e1s en profundidad a Carmen Bravo y realizando una bonita actividad conjunta en el p\u00f3rtico.<\/p>\n<p>La semana pasada tuvo lugar el acto de entrega de diplomas a 14 familias lectoras, muchos de ellos hermanos y hermanas que han participado en el proyecto \u201cleer en casa\u201d como reconocimiento a su pasi\u00f3n por la lectura en familia.<\/p>\n<p>Adem\u00e1s el \u201cEquipo Boscoleo\u201d, \u00a0ha estado formado por 16 grupos de ni\u00f1os y ni\u00f1as de 5\u00ba y 6\u00ba, en total\u00a0 135, que se han ofrecido voluntarios para ayudar a todos sus compa\u00f1eros y realizar un magn\u00edfico trabajo para el buen funcionamiento del aula de fomento a la lectura.<\/p>\n<p>Ha recibido diploma por ser la clase m\u00e1s lectora de Primaria: 1\u00baC con 334 libros le\u00eddos. Adem\u00e1s han sido premiados con diploma las clases m\u00e1s lectoras por niveles: 1\u00baC con 334 libros le\u00eddos, 2\u00baD con 133 libros le\u00eddos, 3\u00baD con 106 libros le\u00eddos, 4\u00baC con 29 libros le\u00eddos, 5\u00baA con 30 libros le\u00eddos y \u00a06\u00baC con 15 libros le\u00eddos. Marta Ferrer de 1\u00baC ha sido la ni\u00f1a m\u00e1s lectora de Primaria con 28 libros le\u00eddos.<\/p>\n<p>El balance de libros le\u00eddos en pr\u00e9stamo durante este curso es de 1.833 libros, 330 m\u00e1s que el curso pasado. Han contribuido a engrosar esta cantidad de libros los 78 Superlectores y 13 Superlectores estrella, adem\u00e1s de todas las clases de Primaria.<\/p>\n<p>Tambi\u00e9n resaltar las visitas que ha recibido la biblioteca por parte de los tutores con sus alumnos para realizar diferentes actividades, como animaciones lectoras, inicio de biblioteca de aula, recitar poemas, leer rondallas y f\u00e1bulas, exponer trabajos, preparar y grabar programas de radio Bosco TV, actividades de acci\u00f3n tutorial, realizar el trabajo de la constituci\u00f3n y una exposici\u00f3n sobre dinosaurios, proyecto \u201cel nostre planeta\u201d, c\u00edrculos de \u201cconversa en valenci\u00e0\u201d, jugar con palabras, dictados explosivos, debates de natu, obras de teatro, escuchar cuentos inventados en castellano, valenciano e ingl\u00e9s, etc. \u00a0En total, han sido 66 las visitas recibidas. El diploma a la clase que m\u00e1s visitas ha hecho a la Boscobiblio ha sido para 1\u00baB con 14 visitas.<\/p>\n<p>Tambi\u00e9n una merecida felicitaci\u00f3n a todos los ni\u00f1os y ni\u00f1as que no han recibido premio, pero que son grandes lectores. Enhorabuena a todos los que le\u00e9is en la biblioteca de aula, en casa, en la biblioteca del barrio, intercambiando libros, etc. Todo vale si el objetivo es el placer de leer. Seguid as\u00ed y buscad un ratito este verano para sumergiros en las aventuras que nos ofrecen los libros. \u201cLa lectura es imaginaci\u00f3n y la imaginaci\u00f3n es lo mejor de las personas\u201d.<\/p>\n<p>[\/et_pb_text][et_pb_text admin_label=\u00bbT\u00edtulo: Galer\u00eda de fotos (Texto)\u00bb _builder_version=\u00bb3.0.76&#8243; background_layout=\u00bblight\u00bb text_font=\u00bb|on|||\u00bb text_text_color=\u00bb#dc001b\u00bb border_style=\u00bbsolid\u00bb disabled=\u00bboff\u00bb disabled_on=\u00bboff|on|on\u00bb]<\/p>\n<p>Galer\u00eda de im\u00e1genes<\/p>\n<p>[\/et_pb_text][et_pb_gallery _builder_version=\u00bb3.0.105&#8243; posts_number=\u00bb8&#8243; show_title_and_caption=\u00bboff\u00bb show_pagination=\u00bbon\u00bb fullwidth=\u00bboff\u00bb orientation=\u00bblandscape\u00bb zoom_icon_color=\u00bb#dc001b\u00bb hover_overlay_color=\u00bbrgba(255,255,255,0.9)\u00bb hover_icon=\u00bb%%51%%\u00bb background_layout=\u00bblight\u00bb disabled=\u00bboff\u00bb disabled_on=\u00bboff|off|off\u00bb gallery_ids=\u00bb9333,9334,9335,9336,9337&#8243; pagination_font_size_tablet=\u00bb51&#8243; pagination_line_height_tablet=\u00bb2&#8243; \/][et_pb_video _builder_version=\u00bb3.0.51&#8243; disabled=\u00bbon\u00bb disabled_on=\u00bbon|on|on\u00bb \/][\/et_pb_column][\/et_pb_row][\/et_pb_section]<\/p>\n<!-- AddThis Advanced Settings generic via filter on the_content --><!-- AddThis Share Buttons generic via filter on the_content -->","protected":false},"excerpt":{"rendered":"<p>Un curso extraordinario en experiencias lectoras.\u00a0El mi\u00e9rcoles d\u00eda 20 de junio, en los \u201cbuenos d\u00edas\u201d, se hicieron entrega de diplomas a los m\u00e1s lectores. Susana de la Fuente. Encargada de la biblioteca. Los buenos d\u00edas estuvieron dedicados a despedir el intenso a\u00f1o de actividades del aula de fomento a la lectura con la ya tradicional [&hellip;]<\/p>\n<p><!-- AddThis Advanced Settings generic via filter on get_the_excerpt --><!-- AddThis Share Buttons generic via filter on get_the_excerpt --><\/p>\n","protected":false},"author":6,"featured_media":9334,"comment_status":"closed","ping_status":"open","sticky":false,"template":"","format":"standard","meta":{"_et_pb_use_builder":"on","_et_pb_old_content":"","_et_gb_content_width":"","footnotes":""},"categories":[14],"tags":[],"class_list":["post-9332","post","type-post","status-publish","format-standard","has-post-thumbnail","hentry","category-noticia_colegio"],"yoast_head":"<!-- This site is optimized with the Yoast SEO plugin v28.4 - https:\/\/yoast.com\/product\/yoast-seo-wordpress\/ -->\n<title>El Aula de fomento a la lectura de Primaria clausura el curso con 1833 libros le\u00eddos en pr\u00e9stamo - Colegio San Juan Bosco Valencia<\/title>\n<meta name=\"robots\" content=\"index, follow, max-snippet:-1, max-image-preview:large, max-video-preview:-1\" \/>\n<link rel=\"canonical\" href=\"https:\/\/valenciasjb.salesianos.edu\/colegio\/el-aula-de-fomento-a-la-lectura-de-primaria-clausura-el-curso-con-1833-libros-leidos-en-prestamo\/\" \/>\n<meta property=\"og:locale\" content=\"es_ES\" \/>\n<meta property=\"og:type\" content=\"article\" \/>\n<meta property=\"og:title\" content=\"El Aula de fomento a la lectura de Primaria clausura el curso con 1833 libros le\u00eddos en pr\u00e9stamo - Colegio San Juan Bosco Valencia\" \/>\n<meta property=\"og:description\" content=\"Un curso extraordinario en experiencias lectoras.\u00a0El mi\u00e9rcoles d\u00eda 20 de junio, en los \u201cbuenos d\u00edas\u201d, se hicieron entrega de diplomas a los m\u00e1s lectores. Susana de la Fuente. Encargada de la biblioteca. Los buenos d\u00edas estuvieron dedicados a despedir el intenso a\u00f1o de actividades del aula de fomento a la lectura con la ya tradicional [&hellip;]\" \/>\n<meta property=\"og:url\" content=\"https:\/\/valenciasjb.salesianos.edu\/colegio\/el-aula-de-fomento-a-la-lectura-de-primaria-clausura-el-curso-con-1833-libros-leidos-en-prestamo\/\" \/>\n<meta property=\"og:site_name\" content=\"Colegio San Juan Bosco Valencia\" \/>\n<meta property=\"article:publisher\" content=\"https:\/\/www.facebook.com\/ColegioSalesianoSanJuanBoscoValencia\" \/>\n<meta property=\"article:published_time\" content=\"2018-06-24T21:41:56+00:00\" \/>\n<meta property=\"article:modified_time\" content=\"2018-06-24T22:29:07+00:00\" \/>\n<meta property=\"og:image\" content=\"https:\/\/valenciasjb.salesianos.edu\/colegio\/wp-content\/uploads\/sites\/2\/2018\/06\/20180620_091715-1024x576.jpg\" \/>\n\t<meta property=\"og:image:width\" content=\"1024\" \/>\n\t<meta property=\"og:image:height\" content=\"576\" \/>\n\t<meta property=\"og:image:type\" content=\"image\/jpeg\" \/>\n<meta name=\"author\" content=\"veronicapastor\" \/>\n<meta name=\"twitter:card\" content=\"summary_large_image\" \/>\n<meta name=\"twitter:creator\" content=\"@SalesianosVSJB\" \/>\n<meta name=\"twitter:site\" content=\"@SalesianosVSJB\" \/>\n<meta name=\"twitter:label1\" content=\"Escrito por\" \/>\n\t<meta name=\"twitter:data1\" content=\"veronicapastor\" \/>\n\t<meta name=\"twitter:label2\" content=\"Tiempo de lectura\" \/>\n\t<meta name=\"twitter:data2\" content=\"4 minutos\" \/>\n<script type=\"application\/ld+json\" class=\"yoast-schema-graph\">{\"@context\":\"https:\\\/\\\/schema.org\",\"@graph\":[{\"@type\":\"Article\",\"@id\":\"https:\\\/\\\/valenciasjb.salesianos.edu\\\/colegio\\\/el-aula-de-fomento-a-la-lectura-de-primaria-clausura-el-curso-con-1833-libros-leidos-en-prestamo\\\/#article\",\"isPartOf\":{\"@id\":\"https:\\\/\\\/valenciasjb.salesianos.edu\\\/colegio\\\/el-aula-de-fomento-a-la-lectura-de-primaria-clausura-el-curso-con-1833-libros-leidos-en-prestamo\\\/\"},\"author\":{\"name\":\"veronicapastor\",\"@id\":\"https:\\\/\\\/valenciasjb.salesianos.edu\\\/colegio\\\/#\\\/schema\\\/person\\\/1f45b67e52b27da175190a574db6bed9\"},\"headline\":\"El Aula de fomento a la lectura de Primaria clausura el curso con 1833 libros le\u00eddos en pr\u00e9stamo\",\"datePublished\":\"2018-06-24T21:41:56+00:00\",\"dateModified\":\"2018-06-24T22:29:07+00:00\",\"mainEntityOfPage\":{\"@id\":\"https:\\\/\\\/valenciasjb.salesianos.edu\\\/colegio\\\/el-aula-de-fomento-a-la-lectura-de-primaria-clausura-el-curso-con-1833-libros-leidos-en-prestamo\\\/\"},\"wordCount\":867,\"image\":{\"@id\":\"https:\\\/\\\/valenciasjb.salesianos.edu\\\/colegio\\\/el-aula-de-fomento-a-la-lectura-de-primaria-clausura-el-curso-con-1833-libros-leidos-en-prestamo\\\/#primaryimage\"},\"thumbnailUrl\":\"https:\\\/\\\/valenciasjb.salesianos.edu\\\/colegio\\\/wp-content\\\/uploads\\\/sites\\\/2\\\/2018\\\/06\\\/20180620_091715.jpg\",\"articleSection\":[\"Noticia Colegio\"],\"inLanguage\":\"es\"},{\"@type\":\"WebPage\",\"@id\":\"https:\\\/\\\/valenciasjb.salesianos.edu\\\/colegio\\\/el-aula-de-fomento-a-la-lectura-de-primaria-clausura-el-curso-con-1833-libros-leidos-en-prestamo\\\/\",\"url\":\"https:\\\/\\\/valenciasjb.salesianos.edu\\\/colegio\\\/el-aula-de-fomento-a-la-lectura-de-primaria-clausura-el-curso-con-1833-libros-leidos-en-prestamo\\\/\",\"name\":\"El Aula de fomento a la lectura de Primaria clausura el curso con 1833 libros le\u00eddos en pr\u00e9stamo - Colegio San Juan Bosco Valencia\",\"isPartOf\":{\"@id\":\"https:\\\/\\\/valenciasjb.salesianos.edu\\\/colegio\\\/#website\"},\"primaryImageOfPage\":{\"@id\":\"https:\\\/\\\/valenciasjb.salesianos.edu\\\/colegio\\\/el-aula-de-fomento-a-la-lectura-de-primaria-clausura-el-curso-con-1833-libros-leidos-en-prestamo\\\/#primaryimage\"},\"image\":{\"@id\":\"https:\\\/\\\/valenciasjb.salesianos.edu\\\/colegio\\\/el-aula-de-fomento-a-la-lectura-de-primaria-clausura-el-curso-con-1833-libros-leidos-en-prestamo\\\/#primaryimage\"},\"thumbnailUrl\":\"https:\\\/\\\/valenciasjb.salesianos.edu\\\/colegio\\\/wp-content\\\/uploads\\\/sites\\\/2\\\/2018\\\/06\\\/20180620_091715.jpg\",\"datePublished\":\"2018-06-24T21:41:56+00:00\",\"dateModified\":\"2018-06-24T22:29:07+00:00\",\"author\":{\"@id\":\"https:\\\/\\\/valenciasjb.salesianos.edu\\\/colegio\\\/#\\\/schema\\\/person\\\/1f45b67e52b27da175190a574db6bed9\"},\"breadcrumb\":{\"@id\":\"https:\\\/\\\/valenciasjb.salesianos.edu\\\/colegio\\\/el-aula-de-fomento-a-la-lectura-de-primaria-clausura-el-curso-con-1833-libros-leidos-en-prestamo\\\/#breadcrumb\"},\"inLanguage\":\"es\",\"potentialAction\":[{\"@type\":\"ReadAction\",\"target\":[\"https:\\\/\\\/valenciasjb.salesianos.edu\\\/colegio\\\/el-aula-de-fomento-a-la-lectura-de-primaria-clausura-el-curso-con-1833-libros-leidos-en-prestamo\\\/\"]}]},{\"@type\":\"ImageObject\",\"inLanguage\":\"es\",\"@id\":\"https:\\\/\\\/valenciasjb.salesianos.edu\\\/colegio\\\/el-aula-de-fomento-a-la-lectura-de-primaria-clausura-el-curso-con-1833-libros-leidos-en-prestamo\\\/#primaryimage\",\"url\":\"https:\\\/\\\/valenciasjb.salesianos.edu\\\/colegio\\\/wp-content\\\/uploads\\\/sites\\\/2\\\/2018\\\/06\\\/20180620_091715.jpg\",\"contentUrl\":\"https:\\\/\\\/valenciasjb.salesianos.edu\\\/colegio\\\/wp-content\\\/uploads\\\/sites\\\/2\\\/2018\\\/06\\\/20180620_091715.jpg\",\"width\":4128,\"height\":2322},{\"@type\":\"BreadcrumbList\",\"@id\":\"https:\\\/\\\/valenciasjb.salesianos.edu\\\/colegio\\\/el-aula-de-fomento-a-la-lectura-de-primaria-clausura-el-curso-con-1833-libros-leidos-en-prestamo\\\/#breadcrumb\",\"itemListElement\":[{\"@type\":\"ListItem\",\"position\":1,\"name\":\"Portada\",\"item\":\"https:\\\/\\\/valenciasjb.salesianos.edu\\\/colegio\\\/\"},{\"@type\":\"ListItem\",\"position\":2,\"name\":\"El Aula de fomento a la lectura de Primaria clausura el curso con 1833 libros le\u00eddos en pr\u00e9stamo\"}]},{\"@type\":\"WebSite\",\"@id\":\"https:\\\/\\\/valenciasjb.salesianos.edu\\\/colegio\\\/#website\",\"url\":\"https:\\\/\\\/valenciasjb.salesianos.edu\\\/colegio\\\/\",\"name\":\"Colegio San Juan Bosco Valencia\",\"description\":\"P\u00e1gina oficial del Colegio Salesianos San Juan Bosco Valencia\",\"alternateName\":\"Salesianos.VSJB\",\"potentialAction\":[{\"@type\":\"SearchAction\",\"target\":{\"@type\":\"EntryPoint\",\"urlTemplate\":\"https:\\\/\\\/valenciasjb.salesianos.edu\\\/colegio\\\/?s={search_term_string}\"},\"query-input\":{\"@type\":\"PropertyValueSpecification\",\"valueRequired\":true,\"valueName\":\"search_term_string\"}}],\"inLanguage\":\"es\"},{\"@type\":\"Person\",\"@id\":\"https:\\\/\\\/valenciasjb.salesianos.edu\\\/colegio\\\/#\\\/schema\\\/person\\\/1f45b67e52b27da175190a574db6bed9\",\"name\":\"veronicapastor\",\"image\":{\"@type\":\"ImageObject\",\"inLanguage\":\"es\",\"@id\":\"https:\\\/\\\/secure.gravatar.com\\\/avatar\\\/e29bd40bace3fd935e1d6fdb7313ffc14628cc037c5e16f4c7369b20a2a6f7f0?s=96&d=mm&r=g\",\"url\":\"https:\\\/\\\/secure.gravatar.com\\\/avatar\\\/e29bd40bace3fd935e1d6fdb7313ffc14628cc037c5e16f4c7369b20a2a6f7f0?s=96&d=mm&r=g\",\"contentUrl\":\"https:\\\/\\\/secure.gravatar.com\\\/avatar\\\/e29bd40bace3fd935e1d6fdb7313ffc14628cc037c5e16f4c7369b20a2a6f7f0?s=96&d=mm&r=g\",\"caption\":\"veronicapastor\"}}]}<\/script>\n<!-- \/ Yoast SEO plugin. -->","yoast_head_json":{"title":"El Aula de fomento a la lectura de Primaria clausura el curso con 1833 libros le\u00eddos en pr\u00e9stamo - Colegio San Juan Bosco Valencia","robots":{"index":"index","follow":"follow","max-snippet":"max-snippet:-1","max-image-preview":"max-image-preview:large","max-video-preview":"max-video-preview:-1"},"canonical":"https:\/\/valenciasjb.salesianos.edu\/colegio\/el-aula-de-fomento-a-la-lectura-de-primaria-clausura-el-curso-con-1833-libros-leidos-en-prestamo\/","og_locale":"es_ES","og_type":"article","og_title":"El Aula de fomento a la lectura de Primaria clausura el curso con 1833 libros le\u00eddos en pr\u00e9stamo - Colegio San Juan Bosco Valencia","og_description":"Un curso extraordinario en experiencias lectoras.\u00a0El mi\u00e9rcoles d\u00eda 20 de junio, en los \u201cbuenos d\u00edas\u201d, se hicieron entrega de diplomas a los m\u00e1s lectores. Susana de la Fuente. Encargada de la biblioteca. Los buenos d\u00edas estuvieron dedicados a despedir el intenso a\u00f1o de actividades del aula de fomento a la lectura con la ya tradicional [&hellip;]","og_url":"https:\/\/valenciasjb.salesianos.edu\/colegio\/el-aula-de-fomento-a-la-lectura-de-primaria-clausura-el-curso-con-1833-libros-leidos-en-prestamo\/","og_site_name":"Colegio San Juan Bosco Valencia","article_publisher":"https:\/\/www.facebook.com\/ColegioSalesianoSanJuanBoscoValencia","article_published_time":"2018-06-24T21:41:56+00:00","article_modified_time":"2018-06-24T22:29:07+00:00","og_image":[{"width":1024,"height":576,"url":"https:\/\/valenciasjb.salesianos.edu\/colegio\/wp-content\/uploads\/sites\/2\/2018\/06\/20180620_091715-1024x576.jpg","type":"image\/jpeg"}],"author":"veronicapastor","twitter_card":"summary_large_image","twitter_creator":"@SalesianosVSJB","twitter_site":"@SalesianosVSJB","twitter_misc":{"Escrito por":"veronicapastor","Tiempo de lectura":"4 minutos"},"schema":{"@context":"https:\/\/schema.org","@graph":[{"@type":"Article","@id":"https:\/\/valenciasjb.salesianos.edu\/colegio\/el-aula-de-fomento-a-la-lectura-de-primaria-clausura-el-curso-con-1833-libros-leidos-en-prestamo\/#article","isPartOf":{"@id":"https:\/\/valenciasjb.salesianos.edu\/colegio\/el-aula-de-fomento-a-la-lectura-de-primaria-clausura-el-curso-con-1833-libros-leidos-en-prestamo\/"},"author":{"name":"veronicapastor","@id":"https:\/\/valenciasjb.salesianos.edu\/colegio\/#\/schema\/person\/1f45b67e52b27da175190a574db6bed9"},"headline":"El Aula de fomento a la lectura de Primaria clausura el curso con 1833 libros le\u00eddos en pr\u00e9stamo","datePublished":"2018-06-24T21:41:56+00:00","dateModified":"2018-06-24T22:29:07+00:00","mainEntityOfPage":{"@id":"https:\/\/valenciasjb.salesianos.edu\/colegio\/el-aula-de-fomento-a-la-lectura-de-primaria-clausura-el-curso-con-1833-libros-leidos-en-prestamo\/"},"wordCount":867,"image":{"@id":"https:\/\/valenciasjb.salesianos.edu\/colegio\/el-aula-de-fomento-a-la-lectura-de-primaria-clausura-el-curso-con-1833-libros-leidos-en-prestamo\/#primaryimage"},"thumbnailUrl":"https:\/\/valenciasjb.salesianos.edu\/colegio\/wp-content\/uploads\/sites\/2\/2018\/06\/20180620_091715.jpg","articleSection":["Noticia Colegio"],"inLanguage":"es"},{"@type":"WebPage","@id":"https:\/\/valenciasjb.salesianos.edu\/colegio\/el-aula-de-fomento-a-la-lectura-de-primaria-clausura-el-curso-con-1833-libros-leidos-en-prestamo\/","url":"https:\/\/valenciasjb.salesianos.edu\/colegio\/el-aula-de-fomento-a-la-lectura-de-primaria-clausura-el-curso-con-1833-libros-leidos-en-prestamo\/","name":"El Aula de fomento a la lectura de Primaria clausura el curso con 1833 libros le\u00eddos en pr\u00e9stamo - Colegio San Juan Bosco Valencia","isPartOf":{"@id":"https:\/\/valenciasjb.salesianos.edu\/colegio\/#website"},"primaryImageOfPage":{"@id":"https:\/\/valenciasjb.salesianos.edu\/colegio\/el-aula-de-fomento-a-la-lectura-de-primaria-clausura-el-curso-con-1833-libros-leidos-en-prestamo\/#primaryimage"},"image":{"@id":"https:\/\/valenciasjb.salesianos.edu\/colegio\/el-aula-de-fomento-a-la-lectura-de-primaria-clausura-el-curso-con-1833-libros-leidos-en-prestamo\/#primaryimage"},"thumbnailUrl":"https:\/\/valenciasjb.salesianos.edu\/colegio\/wp-content\/uploads\/sites\/2\/2018\/06\/20180620_091715.jpg","datePublished":"2018-06-24T21:41:56+00:00","dateModified":"2018-06-24T22:29:07+00:00","author":{"@id":"https:\/\/valenciasjb.salesianos.edu\/colegio\/#\/schema\/person\/1f45b67e52b27da175190a574db6bed9"},"breadcrumb":{"@id":"https:\/\/valenciasjb.salesianos.edu\/colegio\/el-aula-de-fomento-a-la-lectura-de-primaria-clausura-el-curso-con-1833-libros-leidos-en-prestamo\/#breadcrumb"},"inLanguage":"es","potentialAction":[{"@type":"ReadAction","target":["https:\/\/valenciasjb.salesianos.edu\/colegio\/el-aula-de-fomento-a-la-lectura-de-primaria-clausura-el-curso-con-1833-libros-leidos-en-prestamo\/"]}]},{"@type":"ImageObject","inLanguage":"es","@id":"https:\/\/valenciasjb.salesianos.edu\/colegio\/el-aula-de-fomento-a-la-lectura-de-primaria-clausura-el-curso-con-1833-libros-leidos-en-prestamo\/#primaryimage","url":"https:\/\/valenciasjb.salesianos.edu\/colegio\/wp-content\/uploads\/sites\/2\/2018\/06\/20180620_091715.jpg","contentUrl":"https:\/\/valenciasjb.salesianos.edu\/colegio\/wp-content\/uploads\/sites\/2\/2018\/06\/20180620_091715.jpg","width":4128,"height":2322},{"@type":"BreadcrumbList","@id":"https:\/\/valenciasjb.salesianos.edu\/colegio\/el-aula-de-fomento-a-la-lectura-de-primaria-clausura-el-curso-con-1833-libros-leidos-en-prestamo\/#breadcrumb","itemListElement":[{"@type":"ListItem","position":1,"name":"Portada","item":"https:\/\/valenciasjb.salesianos.edu\/colegio\/"},{"@type":"ListItem","position":2,"name":"El Aula de fomento a la lectura de Primaria clausura el curso con 1833 libros le\u00eddos en pr\u00e9stamo"}]},{"@type":"WebSite","@id":"https:\/\/valenciasjb.salesianos.edu\/colegio\/#website","url":"https:\/\/valenciasjb.salesianos.edu\/colegio\/","name":"Colegio San Juan Bosco Valencia","description":"P\u00e1gina oficial del Colegio Salesianos San Juan Bosco Valencia","alternateName":"Salesianos.VSJB","potentialAction":[{"@type":"SearchAction","target":{"@type":"EntryPoint","urlTemplate":"https:\/\/valenciasjb.salesianos.edu\/colegio\/?s={search_term_string}"},"query-input":{"@type":"PropertyValueSpecification","valueRequired":true,"valueName":"search_term_string"}}],"inLanguage":"es"},{"@type":"Person","@id":"https:\/\/valenciasjb.salesianos.edu\/colegio\/#\/schema\/person\/1f45b67e52b27da175190a574db6bed9","name":"veronicapastor","image":{"@type":"ImageObject","inLanguage":"es","@id":"https:\/\/secure.gravatar.com\/avatar\/e29bd40bace3fd935e1d6fdb7313ffc14628cc037c5e16f4c7369b20a2a6f7f0?s=96&d=mm&r=g","url":"https:\/\/secure.gravatar.com\/avatar\/e29bd40bace3fd935e1d6fdb7313ffc14628cc037c5e16f4c7369b20a2a6f7f0?s=96&d=mm&r=g","contentUrl":"https:\/\/secure.gravatar.com\/avatar\/e29bd40bace3fd935e1d6fdb7313ffc14628cc037c5e16f4c7369b20a2a6f7f0?s=96&d=mm&r=g","caption":"veronicapastor"}}]}},"_links":{"self":[{"href":"https:\/\/valenciasjb.salesianos.edu\/colegio\/wp-json\/wp\/v2\/posts\/9332","targetHints":{"allow":["GET"]}}],"collection":[{"href":"https:\/\/valenciasjb.salesianos.edu\/colegio\/wp-json\/wp\/v2\/posts"}],"about":[{"href":"https:\/\/valenciasjb.salesianos.edu\/colegio\/wp-json\/wp\/v2\/types\/post"}],"author":[{"embeddable":true,"href":"https:\/\/valenciasjb.salesianos.edu\/colegio\/wp-json\/wp\/v2\/users\/6"}],"replies":[{"embeddable":true,"href":"https:\/\/valenciasjb.salesianos.edu\/colegio\/wp-json\/wp\/v2\/comments?post=9332"}],"version-history":[{"count":1,"href":"https:\/\/valenciasjb.salesianos.edu\/colegio\/wp-json\/wp\/v2\/posts\/9332\/revisions"}],"predecessor-version":[{"id":9338,"href":"https:\/\/valenciasjb.salesianos.edu\/colegio\/wp-json\/wp\/v2\/posts\/9332\/revisions\/9338"}],"wp:featuredmedia":[{"embeddable":true,"href":"https:\/\/valenciasjb.salesianos.edu\/colegio\/wp-json\/wp\/v2\/media\/9334"}],"wp:attachment":[{"href":"https:\/\/valenciasjb.salesianos.edu\/colegio\/wp-json\/wp\/v2\/media?parent=9332"}],"wp:term":[{"taxonomy":"category","embeddable":true,"href":"https:\/\/valenciasjb.salesianos.edu\/colegio\/wp-json\/wp\/v2\/categories?post=9332"},{"taxonomy":"post_tag","embeddable":true,"href":"https:\/\/valenciasjb.salesianos.edu\/colegio\/wp-json\/wp\/v2\/tags?post=9332"}],"curies":[{"name":"wp","href":"https:\/\/api.w.org\/{rel}","templated":true}]}}