{"id":9340,"date":"2018-06-26T18:36:14","date_gmt":"2018-06-26T17:36:14","guid":{"rendered":"https:\/\/valenciasjb.salesianos.edu\/colegio\/?p=9340"},"modified":"2018-06-26T18:47:37","modified_gmt":"2018-06-26T17:47:37","slug":"el-claustro-de-profesores-al-completo-se-reune-para-analizar-el-curso","status":"publish","type":"post","link":"https:\/\/valenciasjb.salesianos.edu\/colegio\/el-claustro-de-profesores-al-completo-se-reune-para-analizar-el-curso\/","title":{"rendered":"El claustro de profesores al completo se re\u00fane para analizar el curso"},"content":{"rendered":"<div id=\"fb-root\"><\/div>\n<p>[et_pb_section bb_built=\u00bb1&#8243; admin_label=\u00bbsection\u00bb][et_pb_row admin_label=\u00bbrow\u00bb background_position=\u00bbtop_left\u00bb background_repeat=\u00bbrepeat\u00bb background_size=\u00bbinitial\u00bb][et_pb_column type=\u00bb4_4&#8243;][et_pb_text admin_label=\u00bbEntradilla (Texto)\u00bb _builder_version=\u00bb3.0.105&#8243; background_layout=\u00bblight\u00bb text_orientation=\u00bbjustified\u00bb text_font=\u00bb|on|||\u00bb module_alignment=\u00bbleft\u00bb]<\/p>\n<div id=\"resumen\"><strong>En la ma\u00f1ana del 26 de junio, ha tenido lugar el \u00faltimo claustro del curso, en el que el profesorado de todo el colegio se ha reunido para analizar el trabajo realizado durante el curso.<br \/>\n<\/strong><\/div>\n<div><\/div>\n<p>[\/et_pb_text][et_pb_text admin_label=\u00bbAutor (Texto)\u00bb _builder_version=\u00bb3.0.105&#8243; background_layout=\u00bblight\u00bb text_font=\u00bb||on||\u00bb]<\/p>\n<p>Redacci\u00f3n.<\/p>\n<p>[\/et_pb_text][et_pb_text admin_label=\u00bbDesarrollo (Texto)\u00bb _builder_version=\u00bb3.0.105&#8243; background_layout=\u00bblight\u00bb text_orientation=\u00bbjustified\u00bb module_alignment=\u00bbleft\u00bb]<\/p>\n<p>El an\u00e1lisis del curso se ha realizado a trav\u00e9s de los distintos equipos de trabajo, que han presentado un resumen de logros obtenidos este curso y retos para el siguiente: Pastoral, Orientaci\u00f3n, Calidad, Comunicaci\u00f3n Social, Formaci\u00f3n, Radio Bosco TV, Igualdad, Deporte Escolar, Comedor y Actividades Extraescolares, Colegio Verde, Grupo de Ayuda, Observatorio de Prevenci\u00f3n, Relaciones Externas, Educaci\u00f3n para la Transformaci\u00f3n Social, Grupo Innova, Concierto Solidario, Protecci\u00f3n de Datos y Administraci\u00f3n.<\/p>\n<p>Tambi\u00e9n las direcciones pedag\u00f3gicas, con Carmen Broseta, para la etapa de Infantil y Primaria, y Cristina Colmenero, para la etapa de Secundaria, han realizado un resumen de las actividades realizadas desde las etapas para lograr los objetivos planteados este curso.<\/p>\n<p>El claustro ha comenzado con unas palabras de Jos\u00e9 Joaqu\u00edn G\u00f3mez, director de esta casa, para todos los profesores y personal del centro, en nombre de todos los salesianos. La conclusi\u00f3n de esta reuni\u00f3n ha estado a cargo del director del colegio, que ha comunicado la informaci\u00f3n en cuanto a los excelentes datos de matriculaci\u00f3n para el nuevo curso, ha destacado algunos proyectos y actividades, como el trabajo realizado por la trabajadora social del centro, Ana Estell\u00e9s, el Grupo de Fe y el proyecto Espai, que dar\u00e1 comienzo pr\u00f3ximamente. Finalmente, los proyectos de innovaci\u00f3n educativa VALor para la ense\u00f1anza del valenci\u00e0 y Compr\u00e9n para matem\u00e1ticas.<\/p>\n<p>Asimismo, ha habido momentos para agradecer al profesorado su gran labor al servicio de los j\u00f3venes. Una menci\u00f3n especial y detalle han recibido la profesora Maite \u00c1lvarez, que este a\u00f1o cumple 25 a\u00f1os de dedicaci\u00f3n y trabajo en esta casa, y la despedida del profesor y anterior director del colegio, Federico Calabuig, por su jubilaci\u00f3n, con un v\u00eddeo que han querido dedicarle todos sus compa\u00f1eros y un detalle. Tambi\u00e9n las jefas de estudio de Infantil y ESO, Bego\u00f1a Plaza y Laura Moreno, y la directora pedag\u00f3gica de Infantil y Primaria, Carmen Broseta, que finalizan su cargo y con las que el colegio y todos sus compa\u00f1eros han querido tener unos detalles especiales y un almuerzo en su honor, por estos a\u00f1os de entrega y gran labor.<\/p>\n<p>En definitiva, una ma\u00f1ana de mucho trabajo y emociones en las que todos han podido venir y ver el esfuerzo depositado en estos meses de curso, siempre por y para nuestros alumnos y alumnas, con una mirada especial hacia los m\u00e1s necesitados y, en ellos, es precisamente en los que se centra el nuevo lema para el pr\u00f3ximo curso, que se ha presentado oficialmente hoy: \u00abLos \u00faltimos ser\u00e1n los primeros\u00bb, porque queremos luchar por las injusticias que suceden cada d\u00eda; porque queremos una educaci\u00f3n para nuestros j\u00f3venes, igual para todos y todas, que les permita afrontar los retos de hoy y del ma\u00f1ana; y porque los necesitamos para ser el motor de cambio que har\u00e1 de este mundo uno m\u00e1s justo y m\u00e1s fraterno para todos. \u00a1Gracias a todos y todas y nos vemos el pr\u00f3ximo curso!<\/p>\n<p>[\/et_pb_text][et_pb_text admin_label=\u00bbT\u00edtulo: Galer\u00eda de fotos (Texto)\u00bb _builder_version=\u00bb3.0.76&#8243; background_layout=\u00bblight\u00bb text_font=\u00bb|on|||\u00bb text_text_color=\u00bb#dc001b\u00bb border_style=\u00bbsolid\u00bb disabled=\u00bboff\u00bb disabled_on=\u00bboff|on|on\u00bb]<\/p>\n<p>Galer\u00eda de im\u00e1genes<\/p>\n<p>[\/et_pb_text][et_pb_gallery _builder_version=\u00bb3.0.105&#8243; posts_number=\u00bb8&#8243; show_title_and_caption=\u00bboff\u00bb show_pagination=\u00bbon\u00bb fullwidth=\u00bboff\u00bb orientation=\u00bblandscape\u00bb zoom_icon_color=\u00bb#dc001b\u00bb hover_overlay_color=\u00bbrgba(255,255,255,0.9)\u00bb hover_icon=\u00bb%%51%%\u00bb background_layout=\u00bblight\u00bb disabled=\u00bboff\u00bb disabled_on=\u00bboff|off|off\u00bb gallery_ids=\u00bb9341,9342,9343,9344,9345,9346,9347,9348&#8243; pagination_font_size_tablet=\u00bb51&#8243; pagination_line_height_tablet=\u00bb2&#8243; \/][et_pb_video _builder_version=\u00bb3.0.51&#8243; disabled=\u00bbon\u00bb disabled_on=\u00bbon|on|on\u00bb \/][\/et_pb_column][\/et_pb_row][\/et_pb_section]<\/p>\n<!-- AddThis Advanced Settings generic via filter on the_content --><!-- AddThis Share Buttons generic via filter on the_content -->","protected":false},"excerpt":{"rendered":"<p>En la ma\u00f1ana del 26 de junio, ha tenido lugar el \u00faltimo claustro del curso, en el que el profesorado de todo el colegio se ha reunido para analizar el trabajo realizado durante el curso. Redacci\u00f3n. El an\u00e1lisis del curso se ha realizado a trav\u00e9s de los distintos equipos de trabajo, que han presentado un [&hellip;]<\/p>\n<p><!-- AddThis Advanced Settings generic via filter on get_the_excerpt --><!-- AddThis Share Buttons generic via filter on get_the_excerpt --><\/p>\n","protected":false},"author":6,"featured_media":9342,"comment_status":"closed","ping_status":"open","sticky":false,"template":"","format":"standard","meta":{"_et_pb_use_builder":"on","_et_pb_old_content":"","_et_gb_content_width":"","footnotes":""},"categories":[14],"tags":[],"class_list":["post-9340","post","type-post","status-publish","format-standard","has-post-thumbnail","hentry","category-noticia_colegio"],"yoast_head":"<!-- This site is optimized with the Yoast SEO plugin v28.4 - https:\/\/yoast.com\/product\/yoast-seo-wordpress\/ -->\n<title>El claustro de profesores al completo se re\u00fane para analizar el curso - Colegio San Juan Bosco Valencia<\/title>\n<meta name=\"robots\" content=\"index, follow, max-snippet:-1, max-image-preview:large, max-video-preview:-1\" \/>\n<link rel=\"canonical\" href=\"https:\/\/valenciasjb.salesianos.edu\/colegio\/el-claustro-de-profesores-al-completo-se-reune-para-analizar-el-curso\/\" \/>\n<meta property=\"og:locale\" content=\"es_ES\" \/>\n<meta property=\"og:type\" content=\"article\" \/>\n<meta property=\"og:title\" content=\"El claustro de profesores al completo se re\u00fane para analizar el curso - Colegio San Juan Bosco Valencia\" \/>\n<meta property=\"og:description\" content=\"En la ma\u00f1ana del 26 de junio, ha tenido lugar el \u00faltimo claustro del curso, en el que el profesorado de todo el colegio se ha reunido para analizar el trabajo realizado durante el curso. Redacci\u00f3n. El an\u00e1lisis del curso se ha realizado a trav\u00e9s de los distintos equipos de trabajo, que han presentado un [&hellip;]\" \/>\n<meta property=\"og:url\" content=\"https:\/\/valenciasjb.salesianos.edu\/colegio\/el-claustro-de-profesores-al-completo-se-reune-para-analizar-el-curso\/\" \/>\n<meta property=\"og:site_name\" content=\"Colegio San Juan Bosco Valencia\" \/>\n<meta property=\"article:publisher\" content=\"https:\/\/www.facebook.com\/ColegioSalesianoSanJuanBoscoValencia\" \/>\n<meta property=\"article:published_time\" content=\"2018-06-26T17:36:14+00:00\" \/>\n<meta property=\"article:modified_time\" content=\"2018-06-26T17:47:37+00:00\" \/>\n<meta property=\"og:image\" content=\"https:\/\/valenciasjb.salesianos.edu\/colegio\/wp-content\/uploads\/sites\/2\/2018\/06\/20180626_130637-1024x768.jpg\" \/>\n\t<meta property=\"og:image:width\" content=\"1024\" \/>\n\t<meta property=\"og:image:height\" content=\"768\" \/>\n\t<meta property=\"og:image:type\" content=\"image\/jpeg\" \/>\n<meta name=\"author\" content=\"veronicapastor\" \/>\n<meta name=\"twitter:card\" content=\"summary_large_image\" \/>\n<meta name=\"twitter:creator\" content=\"@SalesianosVSJB\" \/>\n<meta name=\"twitter:site\" content=\"@SalesianosVSJB\" \/>\n<meta name=\"twitter:label1\" content=\"Escrito por\" \/>\n\t<meta name=\"twitter:data1\" content=\"veronicapastor\" \/>\n\t<meta name=\"twitter:label2\" content=\"Tiempo de lectura\" \/>\n\t<meta name=\"twitter:data2\" content=\"4 minutos\" \/>\n<script type=\"application\/ld+json\" class=\"yoast-schema-graph\">{\"@context\":\"https:\\\/\\\/schema.org\",\"@graph\":[{\"@type\":\"Article\",\"@id\":\"https:\\\/\\\/valenciasjb.salesianos.edu\\\/colegio\\\/el-claustro-de-profesores-al-completo-se-reune-para-analizar-el-curso\\\/#article\",\"isPartOf\":{\"@id\":\"https:\\\/\\\/valenciasjb.salesianos.edu\\\/colegio\\\/el-claustro-de-profesores-al-completo-se-reune-para-analizar-el-curso\\\/\"},\"author\":{\"name\":\"veronicapastor\",\"@id\":\"https:\\\/\\\/valenciasjb.salesianos.edu\\\/colegio\\\/#\\\/schema\\\/person\\\/1f45b67e52b27da175190a574db6bed9\"},\"headline\":\"El claustro de profesores al completo se re\u00fane para analizar el curso\",\"datePublished\":\"2018-06-26T17:36:14+00:00\",\"dateModified\":\"2018-06-26T17:47:37+00:00\",\"mainEntityOfPage\":{\"@id\":\"https:\\\/\\\/valenciasjb.salesianos.edu\\\/colegio\\\/el-claustro-de-profesores-al-completo-se-reune-para-analizar-el-curso\\\/\"},\"wordCount\":780,\"image\":{\"@id\":\"https:\\\/\\\/valenciasjb.salesianos.edu\\\/colegio\\\/el-claustro-de-profesores-al-completo-se-reune-para-analizar-el-curso\\\/#primaryimage\"},\"thumbnailUrl\":\"https:\\\/\\\/valenciasjb.salesianos.edu\\\/colegio\\\/wp-content\\\/uploads\\\/sites\\\/2\\\/2018\\\/06\\\/20180626_130637.jpg\",\"articleSection\":[\"Noticia Colegio\"],\"inLanguage\":\"es\"},{\"@type\":\"WebPage\",\"@id\":\"https:\\\/\\\/valenciasjb.salesianos.edu\\\/colegio\\\/el-claustro-de-profesores-al-completo-se-reune-para-analizar-el-curso\\\/\",\"url\":\"https:\\\/\\\/valenciasjb.salesianos.edu\\\/colegio\\\/el-claustro-de-profesores-al-completo-se-reune-para-analizar-el-curso\\\/\",\"name\":\"El claustro de profesores al completo se re\u00fane para analizar el curso - Colegio San Juan Bosco Valencia\",\"isPartOf\":{\"@id\":\"https:\\\/\\\/valenciasjb.salesianos.edu\\\/colegio\\\/#website\"},\"primaryImageOfPage\":{\"@id\":\"https:\\\/\\\/valenciasjb.salesianos.edu\\\/colegio\\\/el-claustro-de-profesores-al-completo-se-reune-para-analizar-el-curso\\\/#primaryimage\"},\"image\":{\"@id\":\"https:\\\/\\\/valenciasjb.salesianos.edu\\\/colegio\\\/el-claustro-de-profesores-al-completo-se-reune-para-analizar-el-curso\\\/#primaryimage\"},\"thumbnailUrl\":\"https:\\\/\\\/valenciasjb.salesianos.edu\\\/colegio\\\/wp-content\\\/uploads\\\/sites\\\/2\\\/2018\\\/06\\\/20180626_130637.jpg\",\"datePublished\":\"2018-06-26T17:36:14+00:00\",\"dateModified\":\"2018-06-26T17:47:37+00:00\",\"author\":{\"@id\":\"https:\\\/\\\/valenciasjb.salesianos.edu\\\/colegio\\\/#\\\/schema\\\/person\\\/1f45b67e52b27da175190a574db6bed9\"},\"breadcrumb\":{\"@id\":\"https:\\\/\\\/valenciasjb.salesianos.edu\\\/colegio\\\/el-claustro-de-profesores-al-completo-se-reune-para-analizar-el-curso\\\/#breadcrumb\"},\"inLanguage\":\"es\",\"potentialAction\":[{\"@type\":\"ReadAction\",\"target\":[\"https:\\\/\\\/valenciasjb.salesianos.edu\\\/colegio\\\/el-claustro-de-profesores-al-completo-se-reune-para-analizar-el-curso\\\/\"]}]},{\"@type\":\"ImageObject\",\"inLanguage\":\"es\",\"@id\":\"https:\\\/\\\/valenciasjb.salesianos.edu\\\/colegio\\\/el-claustro-de-profesores-al-completo-se-reune-para-analizar-el-curso\\\/#primaryimage\",\"url\":\"https:\\\/\\\/valenciasjb.salesianos.edu\\\/colegio\\\/wp-content\\\/uploads\\\/sites\\\/2\\\/2018\\\/06\\\/20180626_130637.jpg\",\"contentUrl\":\"https:\\\/\\\/valenciasjb.salesianos.edu\\\/colegio\\\/wp-content\\\/uploads\\\/sites\\\/2\\\/2018\\\/06\\\/20180626_130637.jpg\",\"width\":4128,\"height\":3096},{\"@type\":\"BreadcrumbList\",\"@id\":\"https:\\\/\\\/valenciasjb.salesianos.edu\\\/colegio\\\/el-claustro-de-profesores-al-completo-se-reune-para-analizar-el-curso\\\/#breadcrumb\",\"itemListElement\":[{\"@type\":\"ListItem\",\"position\":1,\"name\":\"Portada\",\"item\":\"https:\\\/\\\/valenciasjb.salesianos.edu\\\/colegio\\\/\"},{\"@type\":\"ListItem\",\"position\":2,\"name\":\"El claustro de profesores al completo se re\u00fane para analizar el curso\"}]},{\"@type\":\"WebSite\",\"@id\":\"https:\\\/\\\/valenciasjb.salesianos.edu\\\/colegio\\\/#website\",\"url\":\"https:\\\/\\\/valenciasjb.salesianos.edu\\\/colegio\\\/\",\"name\":\"Colegio San Juan Bosco Valencia\",\"description\":\"P\u00e1gina oficial del Colegio Salesianos San Juan Bosco Valencia\",\"alternateName\":\"Salesianos.VSJB\",\"potentialAction\":[{\"@type\":\"SearchAction\",\"target\":{\"@type\":\"EntryPoint\",\"urlTemplate\":\"https:\\\/\\\/valenciasjb.salesianos.edu\\\/colegio\\\/?s={search_term_string}\"},\"query-input\":{\"@type\":\"PropertyValueSpecification\",\"valueRequired\":true,\"valueName\":\"search_term_string\"}}],\"inLanguage\":\"es\"},{\"@type\":\"Person\",\"@id\":\"https:\\\/\\\/valenciasjb.salesianos.edu\\\/colegio\\\/#\\\/schema\\\/person\\\/1f45b67e52b27da175190a574db6bed9\",\"name\":\"veronicapastor\",\"image\":{\"@type\":\"ImageObject\",\"inLanguage\":\"es\",\"@id\":\"https:\\\/\\\/secure.gravatar.com\\\/avatar\\\/e29bd40bace3fd935e1d6fdb7313ffc14628cc037c5e16f4c7369b20a2a6f7f0?s=96&d=mm&r=g\",\"url\":\"https:\\\/\\\/secure.gravatar.com\\\/avatar\\\/e29bd40bace3fd935e1d6fdb7313ffc14628cc037c5e16f4c7369b20a2a6f7f0?s=96&d=mm&r=g\",\"contentUrl\":\"https:\\\/\\\/secure.gravatar.com\\\/avatar\\\/e29bd40bace3fd935e1d6fdb7313ffc14628cc037c5e16f4c7369b20a2a6f7f0?s=96&d=mm&r=g\",\"caption\":\"veronicapastor\"}}]}<\/script>\n<!-- \/ Yoast SEO plugin. -->","yoast_head_json":{"title":"El claustro de profesores al completo se re\u00fane para analizar el curso - Colegio San Juan Bosco Valencia","robots":{"index":"index","follow":"follow","max-snippet":"max-snippet:-1","max-image-preview":"max-image-preview:large","max-video-preview":"max-video-preview:-1"},"canonical":"https:\/\/valenciasjb.salesianos.edu\/colegio\/el-claustro-de-profesores-al-completo-se-reune-para-analizar-el-curso\/","og_locale":"es_ES","og_type":"article","og_title":"El claustro de profesores al completo se re\u00fane para analizar el curso - Colegio San Juan Bosco Valencia","og_description":"En la ma\u00f1ana del 26 de junio, ha tenido lugar el \u00faltimo claustro del curso, en el que el profesorado de todo el colegio se ha reunido para analizar el trabajo realizado durante el curso. Redacci\u00f3n. El an\u00e1lisis del curso se ha realizado a trav\u00e9s de los distintos equipos de trabajo, que han presentado un [&hellip;]","og_url":"https:\/\/valenciasjb.salesianos.edu\/colegio\/el-claustro-de-profesores-al-completo-se-reune-para-analizar-el-curso\/","og_site_name":"Colegio San Juan Bosco Valencia","article_publisher":"https:\/\/www.facebook.com\/ColegioSalesianoSanJuanBoscoValencia","article_published_time":"2018-06-26T17:36:14+00:00","article_modified_time":"2018-06-26T17:47:37+00:00","og_image":[{"width":1024,"height":768,"url":"https:\/\/valenciasjb.salesianos.edu\/colegio\/wp-content\/uploads\/sites\/2\/2018\/06\/20180626_130637-1024x768.jpg","type":"image\/jpeg"}],"author":"veronicapastor","twitter_card":"summary_large_image","twitter_creator":"@SalesianosVSJB","twitter_site":"@SalesianosVSJB","twitter_misc":{"Escrito por":"veronicapastor","Tiempo de lectura":"4 minutos"},"schema":{"@context":"https:\/\/schema.org","@graph":[{"@type":"Article","@id":"https:\/\/valenciasjb.salesianos.edu\/colegio\/el-claustro-de-profesores-al-completo-se-reune-para-analizar-el-curso\/#article","isPartOf":{"@id":"https:\/\/valenciasjb.salesianos.edu\/colegio\/el-claustro-de-profesores-al-completo-se-reune-para-analizar-el-curso\/"},"author":{"name":"veronicapastor","@id":"https:\/\/valenciasjb.salesianos.edu\/colegio\/#\/schema\/person\/1f45b67e52b27da175190a574db6bed9"},"headline":"El claustro de profesores al completo se re\u00fane para analizar el curso","datePublished":"2018-06-26T17:36:14+00:00","dateModified":"2018-06-26T17:47:37+00:00","mainEntityOfPage":{"@id":"https:\/\/valenciasjb.salesianos.edu\/colegio\/el-claustro-de-profesores-al-completo-se-reune-para-analizar-el-curso\/"},"wordCount":780,"image":{"@id":"https:\/\/valenciasjb.salesianos.edu\/colegio\/el-claustro-de-profesores-al-completo-se-reune-para-analizar-el-curso\/#primaryimage"},"thumbnailUrl":"https:\/\/valenciasjb.salesianos.edu\/colegio\/wp-content\/uploads\/sites\/2\/2018\/06\/20180626_130637.jpg","articleSection":["Noticia Colegio"],"inLanguage":"es"},{"@type":"WebPage","@id":"https:\/\/valenciasjb.salesianos.edu\/colegio\/el-claustro-de-profesores-al-completo-se-reune-para-analizar-el-curso\/","url":"https:\/\/valenciasjb.salesianos.edu\/colegio\/el-claustro-de-profesores-al-completo-se-reune-para-analizar-el-curso\/","name":"El claustro de profesores al completo se re\u00fane para analizar el curso - Colegio San Juan Bosco Valencia","isPartOf":{"@id":"https:\/\/valenciasjb.salesianos.edu\/colegio\/#website"},"primaryImageOfPage":{"@id":"https:\/\/valenciasjb.salesianos.edu\/colegio\/el-claustro-de-profesores-al-completo-se-reune-para-analizar-el-curso\/#primaryimage"},"image":{"@id":"https:\/\/valenciasjb.salesianos.edu\/colegio\/el-claustro-de-profesores-al-completo-se-reune-para-analizar-el-curso\/#primaryimage"},"thumbnailUrl":"https:\/\/valenciasjb.salesianos.edu\/colegio\/wp-content\/uploads\/sites\/2\/2018\/06\/20180626_130637.jpg","datePublished":"2018-06-26T17:36:14+00:00","dateModified":"2018-06-26T17:47:37+00:00","author":{"@id":"https:\/\/valenciasjb.salesianos.edu\/colegio\/#\/schema\/person\/1f45b67e52b27da175190a574db6bed9"},"breadcrumb":{"@id":"https:\/\/valenciasjb.salesianos.edu\/colegio\/el-claustro-de-profesores-al-completo-se-reune-para-analizar-el-curso\/#breadcrumb"},"inLanguage":"es","potentialAction":[{"@type":"ReadAction","target":["https:\/\/valenciasjb.salesianos.edu\/colegio\/el-claustro-de-profesores-al-completo-se-reune-para-analizar-el-curso\/"]}]},{"@type":"ImageObject","inLanguage":"es","@id":"https:\/\/valenciasjb.salesianos.edu\/colegio\/el-claustro-de-profesores-al-completo-se-reune-para-analizar-el-curso\/#primaryimage","url":"https:\/\/valenciasjb.salesianos.edu\/colegio\/wp-content\/uploads\/sites\/2\/2018\/06\/20180626_130637.jpg","contentUrl":"https:\/\/valenciasjb.salesianos.edu\/colegio\/wp-content\/uploads\/sites\/2\/2018\/06\/20180626_130637.jpg","width":4128,"height":3096},{"@type":"BreadcrumbList","@id":"https:\/\/valenciasjb.salesianos.edu\/colegio\/el-claustro-de-profesores-al-completo-se-reune-para-analizar-el-curso\/#breadcrumb","itemListElement":[{"@type":"ListItem","position":1,"name":"Portada","item":"https:\/\/valenciasjb.salesianos.edu\/colegio\/"},{"@type":"ListItem","position":2,"name":"El claustro de profesores al completo se re\u00fane para analizar el curso"}]},{"@type":"WebSite","@id":"https:\/\/valenciasjb.salesianos.edu\/colegio\/#website","url":"https:\/\/valenciasjb.salesianos.edu\/colegio\/","name":"Colegio San Juan Bosco Valencia","description":"P\u00e1gina oficial del Colegio Salesianos San Juan Bosco Valencia","alternateName":"Salesianos.VSJB","potentialAction":[{"@type":"SearchAction","target":{"@type":"EntryPoint","urlTemplate":"https:\/\/valenciasjb.salesianos.edu\/colegio\/?s={search_term_string}"},"query-input":{"@type":"PropertyValueSpecification","valueRequired":true,"valueName":"search_term_string"}}],"inLanguage":"es"},{"@type":"Person","@id":"https:\/\/valenciasjb.salesianos.edu\/colegio\/#\/schema\/person\/1f45b67e52b27da175190a574db6bed9","name":"veronicapastor","image":{"@type":"ImageObject","inLanguage":"es","@id":"https:\/\/secure.gravatar.com\/avatar\/e29bd40bace3fd935e1d6fdb7313ffc14628cc037c5e16f4c7369b20a2a6f7f0?s=96&d=mm&r=g","url":"https:\/\/secure.gravatar.com\/avatar\/e29bd40bace3fd935e1d6fdb7313ffc14628cc037c5e16f4c7369b20a2a6f7f0?s=96&d=mm&r=g","contentUrl":"https:\/\/secure.gravatar.com\/avatar\/e29bd40bace3fd935e1d6fdb7313ffc14628cc037c5e16f4c7369b20a2a6f7f0?s=96&d=mm&r=g","caption":"veronicapastor"}}]}},"_links":{"self":[{"href":"https:\/\/valenciasjb.salesianos.edu\/colegio\/wp-json\/wp\/v2\/posts\/9340","targetHints":{"allow":["GET"]}}],"collection":[{"href":"https:\/\/valenciasjb.salesianos.edu\/colegio\/wp-json\/wp\/v2\/posts"}],"about":[{"href":"https:\/\/valenciasjb.salesianos.edu\/colegio\/wp-json\/wp\/v2\/types\/post"}],"author":[{"embeddable":true,"href":"https:\/\/valenciasjb.salesianos.edu\/colegio\/wp-json\/wp\/v2\/users\/6"}],"replies":[{"embeddable":true,"href":"https:\/\/valenciasjb.salesianos.edu\/colegio\/wp-json\/wp\/v2\/comments?post=9340"}],"version-history":[{"count":3,"href":"https:\/\/valenciasjb.salesianos.edu\/colegio\/wp-json\/wp\/v2\/posts\/9340\/revisions"}],"predecessor-version":[{"id":9351,"href":"https:\/\/valenciasjb.salesianos.edu\/colegio\/wp-json\/wp\/v2\/posts\/9340\/revisions\/9351"}],"wp:featuredmedia":[{"embeddable":true,"href":"https:\/\/valenciasjb.salesianos.edu\/colegio\/wp-json\/wp\/v2\/media\/9342"}],"wp:attachment":[{"href":"https:\/\/valenciasjb.salesianos.edu\/colegio\/wp-json\/wp\/v2\/media?parent=9340"}],"wp:term":[{"taxonomy":"category","embeddable":true,"href":"https:\/\/valenciasjb.salesianos.edu\/colegio\/wp-json\/wp\/v2\/categories?post=9340"},{"taxonomy":"post_tag","embeddable":true,"href":"https:\/\/valenciasjb.salesianos.edu\/colegio\/wp-json\/wp\/v2\/tags?post=9340"}],"curies":[{"name":"wp","href":"https:\/\/api.w.org\/{rel}","templated":true}]}}