{"id":9395,"date":"2018-08-07T09:49:26","date_gmt":"2018-08-07T08:49:26","guid":{"rendered":"https:\/\/valenciasjb.salesianos.edu\/colegio\/?p=9395"},"modified":"2018-08-07T09:51:57","modified_gmt":"2018-08-07T08:51:57","slug":"el-club-deportivo-don-bosco-presenta-su-cronica-del-mes-de-julio","status":"publish","type":"post","link":"https:\/\/valenciasjb.salesianos.edu\/colegio\/el-club-deportivo-don-bosco-presenta-su-cronica-del-mes-de-julio\/","title":{"rendered":"El Club Deportivo Don Bosco presenta su cr\u00f3nica del mes de julio"},"content":{"rendered":"<div id=\"fb-root\"><\/div>\n<p>[et_pb_section bb_built=\u00bb1&#8243; admin_label=\u00bbsection\u00bb][et_pb_row admin_label=\u00bbrow\u00bb background_position=\u00bbtop_left\u00bb background_repeat=\u00bbrepeat\u00bb background_size=\u00bbinitial\u00bb][et_pb_column type=\u00bb4_4&#8243;][et_pb_text admin_label=\u00bbEntradilla (Texto)\u00bb _builder_version=\u00bb3.0.105&#8243; background_layout=\u00bblight\u00bb text_orientation=\u00bbjustified\u00bb text_font=\u00bb|on|||\u00bb module_alignment=\u00bbleft\u00bb]<\/p>\n<div id=\"resumen\"><strong>El Club Deportivo Don Bosco ha presentado su cr\u00f3nica del mes de julio con actividades como las inscripciones al club y atenci\u00f3n a las familias, reuniones de los coordinadores con t\u00e9cnicos educadores, distribuci\u00f3n de equipaciones, renovaci\u00f3n de los rollups para las fotos de los eventos del club, renovaci\u00f3n del campo de c\u00e9sped artificial y comienzo de los entrenamientos f\u00edsicos y t\u00e9cnicos.<br \/>\n<\/strong><\/div>\n<div><\/div>\n<p>[\/et_pb_text][et_pb_text admin_label=\u00bbAutor (Texto)\u00bb _builder_version=\u00bb3.0.105&#8243; background_layout=\u00bblight\u00bb text_font=\u00bb||on||\u00bb]<\/p>\n<p>Cr\u00f3nica de Fernando Carrasco, CD Don Bosco.<\/p>\n<p>[\/et_pb_text][et_pb_text admin_label=\u00bbDesarrollo (Texto)\u00bb _builder_version=\u00bb3.0.105&#8243; background_layout=\u00bblight\u00bb text_orientation=\u00bbjustified\u00bb module_alignment=\u00bbleft\u00bb]<\/p>\n<p>Las dependencias del club han estado abiertas durante todas las tardes del mes de julio, de lunes a viernes de 17 a 20:30 horas. El cierre administrativo de la temporada 17-18, la planificaci\u00f3n de actividades y eventos para el siguiente ejercicio, reuniones tanto con padres como a nivel de t\u00e9cnicos y educadores, atenci\u00f3n a todos los padres referente a informaci\u00f3n como a las inscripciones de los deportistas \u2026. han sido las ocupaciones que el personal de la junta del club y coordinadores de las secciones han dedicado en este periodo. Especialmente se ha atendido a las familias, sobre todo con las inscripciones e informaci\u00f3n.<\/p>\n<p>As\u00ed mismo, la sala de reuniones ha sido el espacio donde los coordinadores han reunido a los t\u00e9cnicos educadores con el fin de presentar la programaci\u00f3n, actividades y objetivos para el curso 2018-201<\/p>\n<p>En cuanto a la indumentaria y publicidad del club, las equipaciones de la marca JOMA las est\u00e1n recogiendo los deportistas directamente en la tienda deportes Bacete, lo que permite un mejor servicio al ser directamente el distribuidor el que se encarga de toda la indumentaria y atenci\u00f3n. Ha habido una renovaci\u00f3n, con el escudo del club actual y frase conmemorativa del a\u00f1o de creaci\u00f3n de los rollups 2&#215;2 que se exponen en los eventos del club, as\u00ed como de fondo para las fotos oficiales de los equipos.<\/p>\n<p>Adem\u00e1s, durante el mes de julio, la empresa MONDO ha sido la encargada de realizar los trabajos de sustituci\u00f3n del c\u00e9sped del campo de f\u00fatbol, una vez transcurridos m\u00e1s de 10 a\u00f1os desde que se instal\u00f3 el primer c\u00e9sped que con el paso del tiempo y el continuado uso ha ido deterior\u00e1ndose. El pasado 27 de julio finalizaron los trabajos dejando un campo espectacular para la pr\u00e1ctica del deporte.<\/p>\n<p>La \u00faltima semana del mes de julio, mi\u00e9rcoles 25, empezaron los entrenamientos f\u00edsicos y t\u00e9cnicos. Los iniciaron los integrantes del equipo juvenil A de la secci\u00f3n de f\u00fatbol, equipo que disputar\u00e1 la Liga Nacional de juveniles que comenzar\u00e1 a primeros de septiembre. A partir de ahora y escalonadamente se ir\u00e1n incorporando el resto de los equipos al inicio de los entrenamientos, as\u00ed como los de la secci\u00f3n de baloncesto.<\/p>\n<p>[\/et_pb_text][et_pb_text admin_label=\u00bbT\u00edtulo: Galer\u00eda de fotos (Texto)\u00bb _builder_version=\u00bb3.0.76&#8243; background_layout=\u00bblight\u00bb text_font=\u00bb|on|||\u00bb text_text_color=\u00bb#dc001b\u00bb border_style=\u00bbsolid\u00bb disabled=\u00bboff\u00bb disabled_on=\u00bboff|on|on\u00bb]<\/p>\n<p>Galer\u00eda de im\u00e1genes<\/p>\n<p>[\/et_pb_text][et_pb_gallery _builder_version=\u00bb3.0.105&#8243; posts_number=\u00bb8&#8243; show_title_and_caption=\u00bboff\u00bb show_pagination=\u00bbon\u00bb fullwidth=\u00bboff\u00bb orientation=\u00bblandscape\u00bb zoom_icon_color=\u00bb#dc001b\u00bb hover_overlay_color=\u00bbrgba(255,255,255,0.9)\u00bb hover_icon=\u00bb%%51%%\u00bb background_layout=\u00bblight\u00bb disabled=\u00bboff\u00bb disabled_on=\u00bboff|off|off\u00bb gallery_ids=\u00bb9403,9402,9401,9400,9399,9398,9397,9396&#8243; pagination_font_size_tablet=\u00bb51&#8243; pagination_line_height_tablet=\u00bb2&#8243; \/][et_pb_video _builder_version=\u00bb3.0.51&#8243; disabled=\u00bbon\u00bb disabled_on=\u00bbon|on|on\u00bb \/][\/et_pb_column][\/et_pb_row][\/et_pb_section]<\/p>\n<!-- AddThis Advanced Settings generic via filter on the_content --><!-- AddThis Share Buttons generic via filter on the_content -->","protected":false},"excerpt":{"rendered":"<p>El Club Deportivo Don Bosco ha presentado su cr\u00f3nica del mes de julio con actividades como las inscripciones al club y atenci\u00f3n a las familias, reuniones de los coordinadores con t\u00e9cnicos educadores, distribuci\u00f3n de equipaciones, renovaci\u00f3n de los rollups para las fotos de los eventos del club, renovaci\u00f3n del campo de c\u00e9sped artificial y comienzo [&hellip;]<\/p>\n<p><!-- AddThis Advanced Settings generic via filter on get_the_excerpt --><!-- AddThis Share Buttons generic via filter on get_the_excerpt --><\/p>\n","protected":false},"author":6,"featured_media":9396,"comment_status":"closed","ping_status":"open","sticky":false,"template":"","format":"standard","meta":{"_et_pb_use_builder":"on","_et_pb_old_content":"","_et_gb_content_width":"","footnotes":""},"categories":[14,26],"tags":[],"class_list":["post-9395","post","type-post","status-publish","format-standard","has-post-thumbnail","hentry","category-noticia_colegio","category-noticia_deportes"],"yoast_head":"<!-- This site is optimized with the Yoast SEO plugin v28.3 - https:\/\/yoast.com\/product\/yoast-seo-wordpress\/ -->\n<title>El Club Deportivo Don Bosco presenta su cr\u00f3nica del mes de julio - Colegio San Juan Bosco Valencia<\/title>\n<meta name=\"robots\" content=\"index, follow, max-snippet:-1, max-image-preview:large, max-video-preview:-1\" \/>\n<link rel=\"canonical\" href=\"https:\/\/valenciasjb.salesianos.edu\/colegio\/el-club-deportivo-don-bosco-presenta-su-cronica-del-mes-de-julio\/\" \/>\n<meta property=\"og:locale\" content=\"es_ES\" \/>\n<meta property=\"og:type\" content=\"article\" \/>\n<meta property=\"og:title\" content=\"El Club Deportivo Don Bosco presenta su cr\u00f3nica del mes de julio - Colegio San Juan Bosco Valencia\" \/>\n<meta property=\"og:description\" content=\"El Club Deportivo Don Bosco ha presentado su cr\u00f3nica del mes de julio con actividades como las inscripciones al club y atenci\u00f3n a las familias, reuniones de los coordinadores con t\u00e9cnicos educadores, distribuci\u00f3n de equipaciones, renovaci\u00f3n de los rollups para las fotos de los eventos del club, renovaci\u00f3n del campo de c\u00e9sped artificial y comienzo [&hellip;]\" \/>\n<meta property=\"og:url\" content=\"https:\/\/valenciasjb.salesianos.edu\/colegio\/el-club-deportivo-don-bosco-presenta-su-cronica-del-mes-de-julio\/\" \/>\n<meta property=\"og:site_name\" content=\"Colegio San Juan Bosco Valencia\" \/>\n<meta property=\"article:publisher\" content=\"https:\/\/www.facebook.com\/ColegioSalesianoSanJuanBoscoValencia\" \/>\n<meta property=\"article:published_time\" content=\"2018-08-07T08:49:26+00:00\" \/>\n<meta property=\"article:modified_time\" content=\"2018-08-07T08:51:57+00:00\" \/>\n<meta property=\"og:image\" content=\"https:\/\/valenciasjb.salesianos.edu\/colegio\/wp-content\/uploads\/sites\/2\/2018\/08\/IMG_1244-1024x768.jpg\" \/>\n\t<meta property=\"og:image:width\" content=\"1024\" \/>\n\t<meta property=\"og:image:height\" content=\"768\" \/>\n\t<meta property=\"og:image:type\" content=\"image\/jpeg\" \/>\n<meta name=\"author\" content=\"veronicapastor\" \/>\n<meta name=\"twitter:card\" content=\"summary_large_image\" \/>\n<meta name=\"twitter:creator\" content=\"@SalesianosVSJB\" \/>\n<meta name=\"twitter:site\" content=\"@SalesianosVSJB\" \/>\n<meta name=\"twitter:label1\" content=\"Escrito por\" \/>\n\t<meta name=\"twitter:data1\" content=\"veronicapastor\" \/>\n\t<meta name=\"twitter:label2\" content=\"Tiempo de lectura\" \/>\n\t<meta name=\"twitter:data2\" content=\"3 minutos\" \/>\n<script type=\"application\/ld+json\" class=\"yoast-schema-graph\">{\"@context\":\"https:\\\/\\\/schema.org\",\"@graph\":[{\"@type\":\"Article\",\"@id\":\"https:\\\/\\\/valenciasjb.salesianos.edu\\\/colegio\\\/el-club-deportivo-don-bosco-presenta-su-cronica-del-mes-de-julio\\\/#article\",\"isPartOf\":{\"@id\":\"https:\\\/\\\/valenciasjb.salesianos.edu\\\/colegio\\\/el-club-deportivo-don-bosco-presenta-su-cronica-del-mes-de-julio\\\/\"},\"author\":{\"name\":\"veronicapastor\",\"@id\":\"https:\\\/\\\/valenciasjb.salesianos.edu\\\/colegio\\\/#\\\/schema\\\/person\\\/1f45b67e52b27da175190a574db6bed9\"},\"headline\":\"El Club Deportivo Don Bosco presenta su cr\u00f3nica del mes de julio\",\"datePublished\":\"2018-08-07T08:49:26+00:00\",\"dateModified\":\"2018-08-07T08:51:57+00:00\",\"mainEntityOfPage\":{\"@id\":\"https:\\\/\\\/valenciasjb.salesianos.edu\\\/colegio\\\/el-club-deportivo-don-bosco-presenta-su-cronica-del-mes-de-julio\\\/\"},\"wordCount\":680,\"image\":{\"@id\":\"https:\\\/\\\/valenciasjb.salesianos.edu\\\/colegio\\\/el-club-deportivo-don-bosco-presenta-su-cronica-del-mes-de-julio\\\/#primaryimage\"},\"thumbnailUrl\":\"https:\\\/\\\/valenciasjb.salesianos.edu\\\/colegio\\\/wp-content\\\/uploads\\\/sites\\\/2\\\/2018\\\/08\\\/IMG_1244.jpg\",\"articleSection\":[\"Noticia Colegio\",\"Noticia Deportes\"],\"inLanguage\":\"es\"},{\"@type\":\"WebPage\",\"@id\":\"https:\\\/\\\/valenciasjb.salesianos.edu\\\/colegio\\\/el-club-deportivo-don-bosco-presenta-su-cronica-del-mes-de-julio\\\/\",\"url\":\"https:\\\/\\\/valenciasjb.salesianos.edu\\\/colegio\\\/el-club-deportivo-don-bosco-presenta-su-cronica-del-mes-de-julio\\\/\",\"name\":\"El Club Deportivo Don Bosco presenta su cr\u00f3nica del mes de julio - Colegio San Juan Bosco Valencia\",\"isPartOf\":{\"@id\":\"https:\\\/\\\/valenciasjb.salesianos.edu\\\/colegio\\\/#website\"},\"primaryImageOfPage\":{\"@id\":\"https:\\\/\\\/valenciasjb.salesianos.edu\\\/colegio\\\/el-club-deportivo-don-bosco-presenta-su-cronica-del-mes-de-julio\\\/#primaryimage\"},\"image\":{\"@id\":\"https:\\\/\\\/valenciasjb.salesianos.edu\\\/colegio\\\/el-club-deportivo-don-bosco-presenta-su-cronica-del-mes-de-julio\\\/#primaryimage\"},\"thumbnailUrl\":\"https:\\\/\\\/valenciasjb.salesianos.edu\\\/colegio\\\/wp-content\\\/uploads\\\/sites\\\/2\\\/2018\\\/08\\\/IMG_1244.jpg\",\"datePublished\":\"2018-08-07T08:49:26+00:00\",\"dateModified\":\"2018-08-07T08:51:57+00:00\",\"author\":{\"@id\":\"https:\\\/\\\/valenciasjb.salesianos.edu\\\/colegio\\\/#\\\/schema\\\/person\\\/1f45b67e52b27da175190a574db6bed9\"},\"breadcrumb\":{\"@id\":\"https:\\\/\\\/valenciasjb.salesianos.edu\\\/colegio\\\/el-club-deportivo-don-bosco-presenta-su-cronica-del-mes-de-julio\\\/#breadcrumb\"},\"inLanguage\":\"es\",\"potentialAction\":[{\"@type\":\"ReadAction\",\"target\":[\"https:\\\/\\\/valenciasjb.salesianos.edu\\\/colegio\\\/el-club-deportivo-don-bosco-presenta-su-cronica-del-mes-de-julio\\\/\"]}]},{\"@type\":\"ImageObject\",\"inLanguage\":\"es\",\"@id\":\"https:\\\/\\\/valenciasjb.salesianos.edu\\\/colegio\\\/el-club-deportivo-don-bosco-presenta-su-cronica-del-mes-de-julio\\\/#primaryimage\",\"url\":\"https:\\\/\\\/valenciasjb.salesianos.edu\\\/colegio\\\/wp-content\\\/uploads\\\/sites\\\/2\\\/2018\\\/08\\\/IMG_1244.jpg\",\"contentUrl\":\"https:\\\/\\\/valenciasjb.salesianos.edu\\\/colegio\\\/wp-content\\\/uploads\\\/sites\\\/2\\\/2018\\\/08\\\/IMG_1244.jpg\",\"width\":3264,\"height\":2448},{\"@type\":\"BreadcrumbList\",\"@id\":\"https:\\\/\\\/valenciasjb.salesianos.edu\\\/colegio\\\/el-club-deportivo-don-bosco-presenta-su-cronica-del-mes-de-julio\\\/#breadcrumb\",\"itemListElement\":[{\"@type\":\"ListItem\",\"position\":1,\"name\":\"Portada\",\"item\":\"https:\\\/\\\/valenciasjb.salesianos.edu\\\/colegio\\\/\"},{\"@type\":\"ListItem\",\"position\":2,\"name\":\"El Club Deportivo Don Bosco presenta su cr\u00f3nica del mes de julio\"}]},{\"@type\":\"WebSite\",\"@id\":\"https:\\\/\\\/valenciasjb.salesianos.edu\\\/colegio\\\/#website\",\"url\":\"https:\\\/\\\/valenciasjb.salesianos.edu\\\/colegio\\\/\",\"name\":\"Colegio San Juan Bosco Valencia\",\"description\":\"P\u00e1gina oficial del Colegio Salesianos San Juan Bosco Valencia\",\"alternateName\":\"Salesianos.VSJB\",\"potentialAction\":[{\"@type\":\"SearchAction\",\"target\":{\"@type\":\"EntryPoint\",\"urlTemplate\":\"https:\\\/\\\/valenciasjb.salesianos.edu\\\/colegio\\\/?s={search_term_string}\"},\"query-input\":{\"@type\":\"PropertyValueSpecification\",\"valueRequired\":true,\"valueName\":\"search_term_string\"}}],\"inLanguage\":\"es\"},{\"@type\":\"Person\",\"@id\":\"https:\\\/\\\/valenciasjb.salesianos.edu\\\/colegio\\\/#\\\/schema\\\/person\\\/1f45b67e52b27da175190a574db6bed9\",\"name\":\"veronicapastor\",\"image\":{\"@type\":\"ImageObject\",\"inLanguage\":\"es\",\"@id\":\"https:\\\/\\\/secure.gravatar.com\\\/avatar\\\/e29bd40bace3fd935e1d6fdb7313ffc14628cc037c5e16f4c7369b20a2a6f7f0?s=96&d=mm&r=g\",\"url\":\"https:\\\/\\\/secure.gravatar.com\\\/avatar\\\/e29bd40bace3fd935e1d6fdb7313ffc14628cc037c5e16f4c7369b20a2a6f7f0?s=96&d=mm&r=g\",\"contentUrl\":\"https:\\\/\\\/secure.gravatar.com\\\/avatar\\\/e29bd40bace3fd935e1d6fdb7313ffc14628cc037c5e16f4c7369b20a2a6f7f0?s=96&d=mm&r=g\",\"caption\":\"veronicapastor\"}}]}<\/script>\n<!-- \/ Yoast SEO plugin. -->","yoast_head_json":{"title":"El Club Deportivo Don Bosco presenta su cr\u00f3nica del mes de julio - Colegio San Juan Bosco Valencia","robots":{"index":"index","follow":"follow","max-snippet":"max-snippet:-1","max-image-preview":"max-image-preview:large","max-video-preview":"max-video-preview:-1"},"canonical":"https:\/\/valenciasjb.salesianos.edu\/colegio\/el-club-deportivo-don-bosco-presenta-su-cronica-del-mes-de-julio\/","og_locale":"es_ES","og_type":"article","og_title":"El Club Deportivo Don Bosco presenta su cr\u00f3nica del mes de julio - Colegio San Juan Bosco Valencia","og_description":"El Club Deportivo Don Bosco ha presentado su cr\u00f3nica del mes de julio con actividades como las inscripciones al club y atenci\u00f3n a las familias, reuniones de los coordinadores con t\u00e9cnicos educadores, distribuci\u00f3n de equipaciones, renovaci\u00f3n de los rollups para las fotos de los eventos del club, renovaci\u00f3n del campo de c\u00e9sped artificial y comienzo [&hellip;]","og_url":"https:\/\/valenciasjb.salesianos.edu\/colegio\/el-club-deportivo-don-bosco-presenta-su-cronica-del-mes-de-julio\/","og_site_name":"Colegio San Juan Bosco Valencia","article_publisher":"https:\/\/www.facebook.com\/ColegioSalesianoSanJuanBoscoValencia","article_published_time":"2018-08-07T08:49:26+00:00","article_modified_time":"2018-08-07T08:51:57+00:00","og_image":[{"width":1024,"height":768,"url":"https:\/\/valenciasjb.salesianos.edu\/colegio\/wp-content\/uploads\/sites\/2\/2018\/08\/IMG_1244-1024x768.jpg","type":"image\/jpeg"}],"author":"veronicapastor","twitter_card":"summary_large_image","twitter_creator":"@SalesianosVSJB","twitter_site":"@SalesianosVSJB","twitter_misc":{"Escrito por":"veronicapastor","Tiempo de lectura":"3 minutos"},"schema":{"@context":"https:\/\/schema.org","@graph":[{"@type":"Article","@id":"https:\/\/valenciasjb.salesianos.edu\/colegio\/el-club-deportivo-don-bosco-presenta-su-cronica-del-mes-de-julio\/#article","isPartOf":{"@id":"https:\/\/valenciasjb.salesianos.edu\/colegio\/el-club-deportivo-don-bosco-presenta-su-cronica-del-mes-de-julio\/"},"author":{"name":"veronicapastor","@id":"https:\/\/valenciasjb.salesianos.edu\/colegio\/#\/schema\/person\/1f45b67e52b27da175190a574db6bed9"},"headline":"El Club Deportivo Don Bosco presenta su cr\u00f3nica del mes de julio","datePublished":"2018-08-07T08:49:26+00:00","dateModified":"2018-08-07T08:51:57+00:00","mainEntityOfPage":{"@id":"https:\/\/valenciasjb.salesianos.edu\/colegio\/el-club-deportivo-don-bosco-presenta-su-cronica-del-mes-de-julio\/"},"wordCount":680,"image":{"@id":"https:\/\/valenciasjb.salesianos.edu\/colegio\/el-club-deportivo-don-bosco-presenta-su-cronica-del-mes-de-julio\/#primaryimage"},"thumbnailUrl":"https:\/\/valenciasjb.salesianos.edu\/colegio\/wp-content\/uploads\/sites\/2\/2018\/08\/IMG_1244.jpg","articleSection":["Noticia Colegio","Noticia Deportes"],"inLanguage":"es"},{"@type":"WebPage","@id":"https:\/\/valenciasjb.salesianos.edu\/colegio\/el-club-deportivo-don-bosco-presenta-su-cronica-del-mes-de-julio\/","url":"https:\/\/valenciasjb.salesianos.edu\/colegio\/el-club-deportivo-don-bosco-presenta-su-cronica-del-mes-de-julio\/","name":"El Club Deportivo Don Bosco presenta su cr\u00f3nica del mes de julio - Colegio San Juan Bosco Valencia","isPartOf":{"@id":"https:\/\/valenciasjb.salesianos.edu\/colegio\/#website"},"primaryImageOfPage":{"@id":"https:\/\/valenciasjb.salesianos.edu\/colegio\/el-club-deportivo-don-bosco-presenta-su-cronica-del-mes-de-julio\/#primaryimage"},"image":{"@id":"https:\/\/valenciasjb.salesianos.edu\/colegio\/el-club-deportivo-don-bosco-presenta-su-cronica-del-mes-de-julio\/#primaryimage"},"thumbnailUrl":"https:\/\/valenciasjb.salesianos.edu\/colegio\/wp-content\/uploads\/sites\/2\/2018\/08\/IMG_1244.jpg","datePublished":"2018-08-07T08:49:26+00:00","dateModified":"2018-08-07T08:51:57+00:00","author":{"@id":"https:\/\/valenciasjb.salesianos.edu\/colegio\/#\/schema\/person\/1f45b67e52b27da175190a574db6bed9"},"breadcrumb":{"@id":"https:\/\/valenciasjb.salesianos.edu\/colegio\/el-club-deportivo-don-bosco-presenta-su-cronica-del-mes-de-julio\/#breadcrumb"},"inLanguage":"es","potentialAction":[{"@type":"ReadAction","target":["https:\/\/valenciasjb.salesianos.edu\/colegio\/el-club-deportivo-don-bosco-presenta-su-cronica-del-mes-de-julio\/"]}]},{"@type":"ImageObject","inLanguage":"es","@id":"https:\/\/valenciasjb.salesianos.edu\/colegio\/el-club-deportivo-don-bosco-presenta-su-cronica-del-mes-de-julio\/#primaryimage","url":"https:\/\/valenciasjb.salesianos.edu\/colegio\/wp-content\/uploads\/sites\/2\/2018\/08\/IMG_1244.jpg","contentUrl":"https:\/\/valenciasjb.salesianos.edu\/colegio\/wp-content\/uploads\/sites\/2\/2018\/08\/IMG_1244.jpg","width":3264,"height":2448},{"@type":"BreadcrumbList","@id":"https:\/\/valenciasjb.salesianos.edu\/colegio\/el-club-deportivo-don-bosco-presenta-su-cronica-del-mes-de-julio\/#breadcrumb","itemListElement":[{"@type":"ListItem","position":1,"name":"Portada","item":"https:\/\/valenciasjb.salesianos.edu\/colegio\/"},{"@type":"ListItem","position":2,"name":"El Club Deportivo Don Bosco presenta su cr\u00f3nica del mes de julio"}]},{"@type":"WebSite","@id":"https:\/\/valenciasjb.salesianos.edu\/colegio\/#website","url":"https:\/\/valenciasjb.salesianos.edu\/colegio\/","name":"Colegio San Juan Bosco Valencia","description":"P\u00e1gina oficial del Colegio Salesianos San Juan Bosco Valencia","alternateName":"Salesianos.VSJB","potentialAction":[{"@type":"SearchAction","target":{"@type":"EntryPoint","urlTemplate":"https:\/\/valenciasjb.salesianos.edu\/colegio\/?s={search_term_string}"},"query-input":{"@type":"PropertyValueSpecification","valueRequired":true,"valueName":"search_term_string"}}],"inLanguage":"es"},{"@type":"Person","@id":"https:\/\/valenciasjb.salesianos.edu\/colegio\/#\/schema\/person\/1f45b67e52b27da175190a574db6bed9","name":"veronicapastor","image":{"@type":"ImageObject","inLanguage":"es","@id":"https:\/\/secure.gravatar.com\/avatar\/e29bd40bace3fd935e1d6fdb7313ffc14628cc037c5e16f4c7369b20a2a6f7f0?s=96&d=mm&r=g","url":"https:\/\/secure.gravatar.com\/avatar\/e29bd40bace3fd935e1d6fdb7313ffc14628cc037c5e16f4c7369b20a2a6f7f0?s=96&d=mm&r=g","contentUrl":"https:\/\/secure.gravatar.com\/avatar\/e29bd40bace3fd935e1d6fdb7313ffc14628cc037c5e16f4c7369b20a2a6f7f0?s=96&d=mm&r=g","caption":"veronicapastor"}}]}},"_links":{"self":[{"href":"https:\/\/valenciasjb.salesianos.edu\/colegio\/wp-json\/wp\/v2\/posts\/9395","targetHints":{"allow":["GET"]}}],"collection":[{"href":"https:\/\/valenciasjb.salesianos.edu\/colegio\/wp-json\/wp\/v2\/posts"}],"about":[{"href":"https:\/\/valenciasjb.salesianos.edu\/colegio\/wp-json\/wp\/v2\/types\/post"}],"author":[{"embeddable":true,"href":"https:\/\/valenciasjb.salesianos.edu\/colegio\/wp-json\/wp\/v2\/users\/6"}],"replies":[{"embeddable":true,"href":"https:\/\/valenciasjb.salesianos.edu\/colegio\/wp-json\/wp\/v2\/comments?post=9395"}],"version-history":[{"count":3,"href":"https:\/\/valenciasjb.salesianos.edu\/colegio\/wp-json\/wp\/v2\/posts\/9395\/revisions"}],"predecessor-version":[{"id":9406,"href":"https:\/\/valenciasjb.salesianos.edu\/colegio\/wp-json\/wp\/v2\/posts\/9395\/revisions\/9406"}],"wp:featuredmedia":[{"embeddable":true,"href":"https:\/\/valenciasjb.salesianos.edu\/colegio\/wp-json\/wp\/v2\/media\/9396"}],"wp:attachment":[{"href":"https:\/\/valenciasjb.salesianos.edu\/colegio\/wp-json\/wp\/v2\/media?parent=9395"}],"wp:term":[{"taxonomy":"category","embeddable":true,"href":"https:\/\/valenciasjb.salesianos.edu\/colegio\/wp-json\/wp\/v2\/categories?post=9395"},{"taxonomy":"post_tag","embeddable":true,"href":"https:\/\/valenciasjb.salesianos.edu\/colegio\/wp-json\/wp\/v2\/tags?post=9395"}],"curies":[{"name":"wp","href":"https:\/\/api.w.org\/{rel}","templated":true}]}}