{"id":9411,"date":"2018-09-03T15:35:47","date_gmt":"2018-09-03T14:35:47","guid":{"rendered":"https:\/\/valenciasjb.salesianos.edu\/colegio\/?p=9411"},"modified":"2018-09-03T15:35:47","modified_gmt":"2018-09-03T14:35:47","slug":"el-claustro-al-completo-da-la-bienvenida-al-nuevo-curso-con-ilusion-y-el-nuevo-lema-primero-los-ultimos","status":"publish","type":"post","link":"https:\/\/valenciasjb.salesianos.edu\/colegio\/el-claustro-al-completo-da-la-bienvenida-al-nuevo-curso-con-ilusion-y-el-nuevo-lema-primero-los-ultimos\/","title":{"rendered":"El claustro al completo da la bienvenida al nuevo curso con ilusi\u00f3n y el nuevo lema \u201cPrimero los \u00faltimos\u201d"},"content":{"rendered":"<div id=\"fb-root\"><\/div>\n<p>[et_pb_section bb_built=\u00bb1&#8243; admin_label=\u00bbsection\u00bb][et_pb_row admin_label=\u00bbrow\u00bb background_position=\u00bbtop_left\u00bb background_repeat=\u00bbrepeat\u00bb background_size=\u00bbinitial\u00bb][et_pb_column type=\u00bb4_4&#8243;][et_pb_text admin_label=\u00bbEntradilla (Texto)\u00bb _builder_version=\u00bb3.0.105&#8243; background_layout=\u00bblight\u00bb text_orientation=\u00bbjustified\u00bb text_font=\u00bb|on|||\u00bb module_alignment=\u00bbleft\u00bb]<\/p>\n<div id=\"resumen\">\n<p><span style=\"font-weight: 400\">En la ma\u00f1ana del lunes 3 de septiembre, en la Sala 200, el claustro se ha reunido para dar la bienvenida al nuevo curso y preparar las l\u00edneas estrat\u00e9gicas que se trabajar\u00e1n durante toda la semana en las diferentes etapas. Con gran ilusi\u00f3n, fuerza y energ\u00eda el profesorado prepara un curso, como siempre, lleno de novedades y sorpresas, bajo un nuevo lema que estar\u00e1 presente en las diferentes iniciativas que se llevar\u00e1n a cabo: \u201cPrimero los \u00faltimos\u201d.<\/span><\/p>\n<\/div>\n<div><\/div>\n<p>[\/et_pb_text][et_pb_text admin_label=\u00bbAutor (Texto)\u00bb _builder_version=\u00bb3.0.105&#8243; background_layout=\u00bblight\u00bb text_font=\u00bb||on||\u00bb]<\/p>\n<p>Redacci\u00f3n.<\/p>\n<p>[\/et_pb_text][et_pb_text admin_label=\u00bbDesarrollo (Texto)\u00bb _builder_version=\u00bb3.0.105&#8243; background_layout=\u00bblight\u00bb text_orientation=\u00bbjustified\u00bb module_alignment=\u00bbleft\u00bb]<\/p>\n<p><span style=\"font-weight: 400\">La jornada ha dado comienzo con unas palabras de bienvenida e informaciones del director del colegio, Juan Peris, en nombre de todo el equipo directivo, que ha indicado cu\u00e1les ser\u00e1n las l\u00edneas estrat\u00e9gicas para este curso, que se trabajar\u00e1n en las distintas etapas los pr\u00f3ximos d\u00edas.<\/span><\/p>\n<p><span style=\"font-weight: 400\">A continuaci\u00f3n, Pepe G\u00f3mez, director de esta casa salesiana, ha presentado al claustro la campa\u00f1a \u201cPrimero los \u00faltimos\u201d, que ser\u00e1 el lema del colegio este curso. Rafa Gomar, coordinador de pastoral ha presentado las primeras im\u00e1genes del lema y, posteriormente, ha invitado a todos los presentes a la celebraci\u00f3n que ha tenido lugar en la iglesia. All\u00ed, en un ambiente de familia, todos han pedido por los alumnos y alumnas y sus familias; por un nuevo curso con una comunidad educativa unida por un mundo m\u00e1s justo y m\u00e1s fraterno para todas las personas.<\/span><\/p>\n<p><span style=\"font-weight: 400\">\u201cPrimero los \u00faltimos\u201d es la campa\u00f1a inspectorial para este nuevo curso 2018-2019 y que da prioridad a aquellas personas en riesgo de exclusi\u00f3n para articular mecanismos de oportunidades educativas, socio-culturales, de inserci\u00f3n socio-laboral, y de restituci\u00f3n de derechos. Esta campa\u00f1a pone a la persona en el centro de nuestra acci\u00f3n como colegio salesiano porque \u201cDios no quiere que se pierda ni uno solo de estos peque\u00f1os\u201d.<\/span><\/p>\n<p><span style=\"font-weight: 400\">Analizar nuestra realidad cotidiana desde una mirada cristiana, nos abre a un mundo esperanzado y a una visi\u00f3n positiva del ser humano. Es nuestra responsabilidad anunciar en el d\u00eda a d\u00eda otra forma de entender la vida desde valores evang\u00e9licos, denunciar las injusticias de nuestro alrededor que nos alejan de un horizonte de justicia social para todas las personas y renunciar a todas aquellas pr\u00e1cticas habituales que hacemos con normalidad y que en \u00faltima instancia son provocadoras de pobreza, desigualdad y exclusi\u00f3n.<\/span><\/p>\n<p>[\/et_pb_text][et_pb_text admin_label=\u00bbT\u00edtulo: Galer\u00eda de fotos (Texto)\u00bb _builder_version=\u00bb3.0.105&#8243; background_layout=\u00bblight\u00bb text_font=\u00bb|on|||\u00bb text_text_color=\u00bb#dc001b\u00bb border_style=\u00bbsolid\u00bb disabled=\u00bboff\u00bb disabled_on=\u00bboff|on|on\u00bb]<\/p>\n<p>Galer\u00eda de im\u00e1genes<\/p>\n<p>[\/et_pb_text][et_pb_gallery _builder_version=\u00bb3.0.105&#8243; posts_number=\u00bb8&#8243; show_title_and_caption=\u00bboff\u00bb show_pagination=\u00bbon\u00bb fullwidth=\u00bboff\u00bb orientation=\u00bblandscape\u00bb zoom_icon_color=\u00bb#dc001b\u00bb hover_overlay_color=\u00bbrgba(255,255,255,0.9)\u00bb hover_icon=\u00bb%%51%%\u00bb background_layout=\u00bblight\u00bb disabled=\u00bboff\u00bb disabled_on=\u00bboff|off|off\u00bb gallery_ids=\u00bb9412,9413,9414,9415,9416,9417,9418,9419&#8243; pagination_font_size_tablet=\u00bb51&#8243; pagination_line_height_tablet=\u00bb2&#8243; \/][et_pb_video _builder_version=\u00bb3.0.51&#8243; disabled=\u00bbon\u00bb disabled_on=\u00bbon|on|on\u00bb \/][\/et_pb_column][\/et_pb_row][\/et_pb_section]<\/p>\n<!-- AddThis Advanced Settings generic via filter on the_content --><!-- AddThis Share Buttons generic via filter on the_content -->","protected":false},"excerpt":{"rendered":"<p>En la ma\u00f1ana del lunes 3 de septiembre, en la Sala 200, el claustro se ha reunido para dar la bienvenida al nuevo curso y preparar las l\u00edneas estrat\u00e9gicas que se trabajar\u00e1n durante toda la semana en las diferentes etapas. Con gran ilusi\u00f3n, fuerza y energ\u00eda el profesorado prepara un curso, como siempre, lleno de [&hellip;]<\/p>\n<p><!-- AddThis Advanced Settings generic via filter on get_the_excerpt --><!-- AddThis Share Buttons generic via filter on get_the_excerpt --><\/p>\n","protected":false},"author":6,"featured_media":9416,"comment_status":"closed","ping_status":"open","sticky":false,"template":"","format":"standard","meta":{"_et_pb_use_builder":"on","_et_pb_old_content":"","_et_gb_content_width":"","footnotes":""},"categories":[14],"tags":[],"class_list":["post-9411","post","type-post","status-publish","format-standard","has-post-thumbnail","hentry","category-noticia_colegio"],"yoast_head":"<!-- This site is optimized with the Yoast SEO plugin v28.4 - https:\/\/yoast.com\/product\/yoast-seo-wordpress\/ -->\n<title>El claustro al completo da la bienvenida al nuevo curso con ilusi\u00f3n y el nuevo lema \u201cPrimero los \u00faltimos\u201d - Colegio San Juan Bosco Valencia<\/title>\n<meta name=\"robots\" content=\"index, follow, max-snippet:-1, max-image-preview:large, max-video-preview:-1\" \/>\n<link rel=\"canonical\" href=\"https:\/\/valenciasjb.salesianos.edu\/colegio\/el-claustro-al-completo-da-la-bienvenida-al-nuevo-curso-con-ilusion-y-el-nuevo-lema-primero-los-ultimos\/\" \/>\n<meta property=\"og:locale\" content=\"es_ES\" \/>\n<meta property=\"og:type\" content=\"article\" \/>\n<meta property=\"og:title\" content=\"El claustro al completo da la bienvenida al nuevo curso con ilusi\u00f3n y el nuevo lema \u201cPrimero los \u00faltimos\u201d - Colegio San Juan Bosco Valencia\" \/>\n<meta property=\"og:description\" content=\"En la ma\u00f1ana del lunes 3 de septiembre, en la Sala 200, el claustro se ha reunido para dar la bienvenida al nuevo curso y preparar las l\u00edneas estrat\u00e9gicas que se trabajar\u00e1n durante toda la semana en las diferentes etapas. Con gran ilusi\u00f3n, fuerza y energ\u00eda el profesorado prepara un curso, como siempre, lleno de [&hellip;]\" \/>\n<meta property=\"og:url\" content=\"https:\/\/valenciasjb.salesianos.edu\/colegio\/el-claustro-al-completo-da-la-bienvenida-al-nuevo-curso-con-ilusion-y-el-nuevo-lema-primero-los-ultimos\/\" \/>\n<meta property=\"og:site_name\" content=\"Colegio San Juan Bosco Valencia\" \/>\n<meta property=\"article:publisher\" content=\"https:\/\/www.facebook.com\/ColegioSalesianoSanJuanBoscoValencia\" \/>\n<meta property=\"article:published_time\" content=\"2018-09-03T14:35:47+00:00\" \/>\n<meta property=\"og:image\" content=\"https:\/\/valenciasjb.salesianos.edu\/colegio\/wp-content\/uploads\/sites\/2\/2018\/09\/20180903_1133251-1024x768.jpg\" \/>\n\t<meta property=\"og:image:width\" content=\"1024\" \/>\n\t<meta property=\"og:image:height\" content=\"768\" \/>\n\t<meta property=\"og:image:type\" content=\"image\/jpeg\" \/>\n<meta name=\"author\" content=\"veronicapastor\" \/>\n<meta name=\"twitter:card\" content=\"summary_large_image\" \/>\n<meta name=\"twitter:creator\" content=\"@SalesianosVSJB\" \/>\n<meta name=\"twitter:site\" content=\"@SalesianosVSJB\" \/>\n<meta name=\"twitter:label1\" content=\"Escrito por\" \/>\n\t<meta name=\"twitter:data1\" content=\"veronicapastor\" \/>\n\t<meta name=\"twitter:label2\" content=\"Tiempo de lectura\" \/>\n\t<meta name=\"twitter:data2\" content=\"3 minutos\" \/>\n<script type=\"application\/ld+json\" class=\"yoast-schema-graph\">{\"@context\":\"https:\\\/\\\/schema.org\",\"@graph\":[{\"@type\":\"Article\",\"@id\":\"https:\\\/\\\/valenciasjb.salesianos.edu\\\/colegio\\\/el-claustro-al-completo-da-la-bienvenida-al-nuevo-curso-con-ilusion-y-el-nuevo-lema-primero-los-ultimos\\\/#article\",\"isPartOf\":{\"@id\":\"https:\\\/\\\/valenciasjb.salesianos.edu\\\/colegio\\\/el-claustro-al-completo-da-la-bienvenida-al-nuevo-curso-con-ilusion-y-el-nuevo-lema-primero-los-ultimos\\\/\"},\"author\":{\"name\":\"veronicapastor\",\"@id\":\"https:\\\/\\\/valenciasjb.salesianos.edu\\\/colegio\\\/#\\\/schema\\\/person\\\/1f45b67e52b27da175190a574db6bed9\"},\"headline\":\"El claustro al completo da la bienvenida al nuevo curso con ilusi\u00f3n y el nuevo lema \u201cPrimero los \u00faltimos\u201d\",\"datePublished\":\"2018-09-03T14:35:47+00:00\",\"mainEntityOfPage\":{\"@id\":\"https:\\\/\\\/valenciasjb.salesianos.edu\\\/colegio\\\/el-claustro-al-completo-da-la-bienvenida-al-nuevo-curso-con-ilusion-y-el-nuevo-lema-primero-los-ultimos\\\/\"},\"wordCount\":624,\"image\":{\"@id\":\"https:\\\/\\\/valenciasjb.salesianos.edu\\\/colegio\\\/el-claustro-al-completo-da-la-bienvenida-al-nuevo-curso-con-ilusion-y-el-nuevo-lema-primero-los-ultimos\\\/#primaryimage\"},\"thumbnailUrl\":\"https:\\\/\\\/valenciasjb.salesianos.edu\\\/colegio\\\/wp-content\\\/uploads\\\/sites\\\/2\\\/2018\\\/09\\\/20180903_1133251.jpg\",\"articleSection\":[\"Noticia Colegio\"],\"inLanguage\":\"es\"},{\"@type\":\"WebPage\",\"@id\":\"https:\\\/\\\/valenciasjb.salesianos.edu\\\/colegio\\\/el-claustro-al-completo-da-la-bienvenida-al-nuevo-curso-con-ilusion-y-el-nuevo-lema-primero-los-ultimos\\\/\",\"url\":\"https:\\\/\\\/valenciasjb.salesianos.edu\\\/colegio\\\/el-claustro-al-completo-da-la-bienvenida-al-nuevo-curso-con-ilusion-y-el-nuevo-lema-primero-los-ultimos\\\/\",\"name\":\"El claustro al completo da la bienvenida al nuevo curso con ilusi\u00f3n y el nuevo lema \u201cPrimero los \u00faltimos\u201d - Colegio San Juan Bosco Valencia\",\"isPartOf\":{\"@id\":\"https:\\\/\\\/valenciasjb.salesianos.edu\\\/colegio\\\/#website\"},\"primaryImageOfPage\":{\"@id\":\"https:\\\/\\\/valenciasjb.salesianos.edu\\\/colegio\\\/el-claustro-al-completo-da-la-bienvenida-al-nuevo-curso-con-ilusion-y-el-nuevo-lema-primero-los-ultimos\\\/#primaryimage\"},\"image\":{\"@id\":\"https:\\\/\\\/valenciasjb.salesianos.edu\\\/colegio\\\/el-claustro-al-completo-da-la-bienvenida-al-nuevo-curso-con-ilusion-y-el-nuevo-lema-primero-los-ultimos\\\/#primaryimage\"},\"thumbnailUrl\":\"https:\\\/\\\/valenciasjb.salesianos.edu\\\/colegio\\\/wp-content\\\/uploads\\\/sites\\\/2\\\/2018\\\/09\\\/20180903_1133251.jpg\",\"datePublished\":\"2018-09-03T14:35:47+00:00\",\"author\":{\"@id\":\"https:\\\/\\\/valenciasjb.salesianos.edu\\\/colegio\\\/#\\\/schema\\\/person\\\/1f45b67e52b27da175190a574db6bed9\"},\"breadcrumb\":{\"@id\":\"https:\\\/\\\/valenciasjb.salesianos.edu\\\/colegio\\\/el-claustro-al-completo-da-la-bienvenida-al-nuevo-curso-con-ilusion-y-el-nuevo-lema-primero-los-ultimos\\\/#breadcrumb\"},\"inLanguage\":\"es\",\"potentialAction\":[{\"@type\":\"ReadAction\",\"target\":[\"https:\\\/\\\/valenciasjb.salesianos.edu\\\/colegio\\\/el-claustro-al-completo-da-la-bienvenida-al-nuevo-curso-con-ilusion-y-el-nuevo-lema-primero-los-ultimos\\\/\"]}]},{\"@type\":\"ImageObject\",\"inLanguage\":\"es\",\"@id\":\"https:\\\/\\\/valenciasjb.salesianos.edu\\\/colegio\\\/el-claustro-al-completo-da-la-bienvenida-al-nuevo-curso-con-ilusion-y-el-nuevo-lema-primero-los-ultimos\\\/#primaryimage\",\"url\":\"https:\\\/\\\/valenciasjb.salesianos.edu\\\/colegio\\\/wp-content\\\/uploads\\\/sites\\\/2\\\/2018\\\/09\\\/20180903_1133251.jpg\",\"contentUrl\":\"https:\\\/\\\/valenciasjb.salesianos.edu\\\/colegio\\\/wp-content\\\/uploads\\\/sites\\\/2\\\/2018\\\/09\\\/20180903_1133251.jpg\",\"width\":4128,\"height\":3096},{\"@type\":\"BreadcrumbList\",\"@id\":\"https:\\\/\\\/valenciasjb.salesianos.edu\\\/colegio\\\/el-claustro-al-completo-da-la-bienvenida-al-nuevo-curso-con-ilusion-y-el-nuevo-lema-primero-los-ultimos\\\/#breadcrumb\",\"itemListElement\":[{\"@type\":\"ListItem\",\"position\":1,\"name\":\"Portada\",\"item\":\"https:\\\/\\\/valenciasjb.salesianos.edu\\\/colegio\\\/\"},{\"@type\":\"ListItem\",\"position\":2,\"name\":\"El claustro al completo da la bienvenida al nuevo curso con ilusi\u00f3n y el nuevo lema \u201cPrimero los \u00faltimos\u201d\"}]},{\"@type\":\"WebSite\",\"@id\":\"https:\\\/\\\/valenciasjb.salesianos.edu\\\/colegio\\\/#website\",\"url\":\"https:\\\/\\\/valenciasjb.salesianos.edu\\\/colegio\\\/\",\"name\":\"Colegio San Juan Bosco Valencia\",\"description\":\"P\u00e1gina oficial del Colegio Salesianos San Juan Bosco Valencia\",\"alternateName\":\"Salesianos.VSJB\",\"potentialAction\":[{\"@type\":\"SearchAction\",\"target\":{\"@type\":\"EntryPoint\",\"urlTemplate\":\"https:\\\/\\\/valenciasjb.salesianos.edu\\\/colegio\\\/?s={search_term_string}\"},\"query-input\":{\"@type\":\"PropertyValueSpecification\",\"valueRequired\":true,\"valueName\":\"search_term_string\"}}],\"inLanguage\":\"es\"},{\"@type\":\"Person\",\"@id\":\"https:\\\/\\\/valenciasjb.salesianos.edu\\\/colegio\\\/#\\\/schema\\\/person\\\/1f45b67e52b27da175190a574db6bed9\",\"name\":\"veronicapastor\",\"image\":{\"@type\":\"ImageObject\",\"inLanguage\":\"es\",\"@id\":\"https:\\\/\\\/secure.gravatar.com\\\/avatar\\\/e29bd40bace3fd935e1d6fdb7313ffc14628cc037c5e16f4c7369b20a2a6f7f0?s=96&d=mm&r=g\",\"url\":\"https:\\\/\\\/secure.gravatar.com\\\/avatar\\\/e29bd40bace3fd935e1d6fdb7313ffc14628cc037c5e16f4c7369b20a2a6f7f0?s=96&d=mm&r=g\",\"contentUrl\":\"https:\\\/\\\/secure.gravatar.com\\\/avatar\\\/e29bd40bace3fd935e1d6fdb7313ffc14628cc037c5e16f4c7369b20a2a6f7f0?s=96&d=mm&r=g\",\"caption\":\"veronicapastor\"}}]}<\/script>\n<!-- \/ Yoast SEO plugin. -->","yoast_head_json":{"title":"El claustro al completo da la bienvenida al nuevo curso con ilusi\u00f3n y el nuevo lema \u201cPrimero los \u00faltimos\u201d - Colegio San Juan Bosco Valencia","robots":{"index":"index","follow":"follow","max-snippet":"max-snippet:-1","max-image-preview":"max-image-preview:large","max-video-preview":"max-video-preview:-1"},"canonical":"https:\/\/valenciasjb.salesianos.edu\/colegio\/el-claustro-al-completo-da-la-bienvenida-al-nuevo-curso-con-ilusion-y-el-nuevo-lema-primero-los-ultimos\/","og_locale":"es_ES","og_type":"article","og_title":"El claustro al completo da la bienvenida al nuevo curso con ilusi\u00f3n y el nuevo lema \u201cPrimero los \u00faltimos\u201d - Colegio San Juan Bosco Valencia","og_description":"En la ma\u00f1ana del lunes 3 de septiembre, en la Sala 200, el claustro se ha reunido para dar la bienvenida al nuevo curso y preparar las l\u00edneas estrat\u00e9gicas que se trabajar\u00e1n durante toda la semana en las diferentes etapas. Con gran ilusi\u00f3n, fuerza y energ\u00eda el profesorado prepara un curso, como siempre, lleno de [&hellip;]","og_url":"https:\/\/valenciasjb.salesianos.edu\/colegio\/el-claustro-al-completo-da-la-bienvenida-al-nuevo-curso-con-ilusion-y-el-nuevo-lema-primero-los-ultimos\/","og_site_name":"Colegio San Juan Bosco Valencia","article_publisher":"https:\/\/www.facebook.com\/ColegioSalesianoSanJuanBoscoValencia","article_published_time":"2018-09-03T14:35:47+00:00","og_image":[{"width":1024,"height":768,"url":"https:\/\/valenciasjb.salesianos.edu\/colegio\/wp-content\/uploads\/sites\/2\/2018\/09\/20180903_1133251-1024x768.jpg","type":"image\/jpeg"}],"author":"veronicapastor","twitter_card":"summary_large_image","twitter_creator":"@SalesianosVSJB","twitter_site":"@SalesianosVSJB","twitter_misc":{"Escrito por":"veronicapastor","Tiempo de lectura":"3 minutos"},"schema":{"@context":"https:\/\/schema.org","@graph":[{"@type":"Article","@id":"https:\/\/valenciasjb.salesianos.edu\/colegio\/el-claustro-al-completo-da-la-bienvenida-al-nuevo-curso-con-ilusion-y-el-nuevo-lema-primero-los-ultimos\/#article","isPartOf":{"@id":"https:\/\/valenciasjb.salesianos.edu\/colegio\/el-claustro-al-completo-da-la-bienvenida-al-nuevo-curso-con-ilusion-y-el-nuevo-lema-primero-los-ultimos\/"},"author":{"name":"veronicapastor","@id":"https:\/\/valenciasjb.salesianos.edu\/colegio\/#\/schema\/person\/1f45b67e52b27da175190a574db6bed9"},"headline":"El claustro al completo da la bienvenida al nuevo curso con ilusi\u00f3n y el nuevo lema \u201cPrimero los \u00faltimos\u201d","datePublished":"2018-09-03T14:35:47+00:00","mainEntityOfPage":{"@id":"https:\/\/valenciasjb.salesianos.edu\/colegio\/el-claustro-al-completo-da-la-bienvenida-al-nuevo-curso-con-ilusion-y-el-nuevo-lema-primero-los-ultimos\/"},"wordCount":624,"image":{"@id":"https:\/\/valenciasjb.salesianos.edu\/colegio\/el-claustro-al-completo-da-la-bienvenida-al-nuevo-curso-con-ilusion-y-el-nuevo-lema-primero-los-ultimos\/#primaryimage"},"thumbnailUrl":"https:\/\/valenciasjb.salesianos.edu\/colegio\/wp-content\/uploads\/sites\/2\/2018\/09\/20180903_1133251.jpg","articleSection":["Noticia Colegio"],"inLanguage":"es"},{"@type":"WebPage","@id":"https:\/\/valenciasjb.salesianos.edu\/colegio\/el-claustro-al-completo-da-la-bienvenida-al-nuevo-curso-con-ilusion-y-el-nuevo-lema-primero-los-ultimos\/","url":"https:\/\/valenciasjb.salesianos.edu\/colegio\/el-claustro-al-completo-da-la-bienvenida-al-nuevo-curso-con-ilusion-y-el-nuevo-lema-primero-los-ultimos\/","name":"El claustro al completo da la bienvenida al nuevo curso con ilusi\u00f3n y el nuevo lema \u201cPrimero los \u00faltimos\u201d - Colegio San Juan Bosco Valencia","isPartOf":{"@id":"https:\/\/valenciasjb.salesianos.edu\/colegio\/#website"},"primaryImageOfPage":{"@id":"https:\/\/valenciasjb.salesianos.edu\/colegio\/el-claustro-al-completo-da-la-bienvenida-al-nuevo-curso-con-ilusion-y-el-nuevo-lema-primero-los-ultimos\/#primaryimage"},"image":{"@id":"https:\/\/valenciasjb.salesianos.edu\/colegio\/el-claustro-al-completo-da-la-bienvenida-al-nuevo-curso-con-ilusion-y-el-nuevo-lema-primero-los-ultimos\/#primaryimage"},"thumbnailUrl":"https:\/\/valenciasjb.salesianos.edu\/colegio\/wp-content\/uploads\/sites\/2\/2018\/09\/20180903_1133251.jpg","datePublished":"2018-09-03T14:35:47+00:00","author":{"@id":"https:\/\/valenciasjb.salesianos.edu\/colegio\/#\/schema\/person\/1f45b67e52b27da175190a574db6bed9"},"breadcrumb":{"@id":"https:\/\/valenciasjb.salesianos.edu\/colegio\/el-claustro-al-completo-da-la-bienvenida-al-nuevo-curso-con-ilusion-y-el-nuevo-lema-primero-los-ultimos\/#breadcrumb"},"inLanguage":"es","potentialAction":[{"@type":"ReadAction","target":["https:\/\/valenciasjb.salesianos.edu\/colegio\/el-claustro-al-completo-da-la-bienvenida-al-nuevo-curso-con-ilusion-y-el-nuevo-lema-primero-los-ultimos\/"]}]},{"@type":"ImageObject","inLanguage":"es","@id":"https:\/\/valenciasjb.salesianos.edu\/colegio\/el-claustro-al-completo-da-la-bienvenida-al-nuevo-curso-con-ilusion-y-el-nuevo-lema-primero-los-ultimos\/#primaryimage","url":"https:\/\/valenciasjb.salesianos.edu\/colegio\/wp-content\/uploads\/sites\/2\/2018\/09\/20180903_1133251.jpg","contentUrl":"https:\/\/valenciasjb.salesianos.edu\/colegio\/wp-content\/uploads\/sites\/2\/2018\/09\/20180903_1133251.jpg","width":4128,"height":3096},{"@type":"BreadcrumbList","@id":"https:\/\/valenciasjb.salesianos.edu\/colegio\/el-claustro-al-completo-da-la-bienvenida-al-nuevo-curso-con-ilusion-y-el-nuevo-lema-primero-los-ultimos\/#breadcrumb","itemListElement":[{"@type":"ListItem","position":1,"name":"Portada","item":"https:\/\/valenciasjb.salesianos.edu\/colegio\/"},{"@type":"ListItem","position":2,"name":"El claustro al completo da la bienvenida al nuevo curso con ilusi\u00f3n y el nuevo lema \u201cPrimero los \u00faltimos\u201d"}]},{"@type":"WebSite","@id":"https:\/\/valenciasjb.salesianos.edu\/colegio\/#website","url":"https:\/\/valenciasjb.salesianos.edu\/colegio\/","name":"Colegio San Juan Bosco Valencia","description":"P\u00e1gina oficial del Colegio Salesianos San Juan Bosco Valencia","alternateName":"Salesianos.VSJB","potentialAction":[{"@type":"SearchAction","target":{"@type":"EntryPoint","urlTemplate":"https:\/\/valenciasjb.salesianos.edu\/colegio\/?s={search_term_string}"},"query-input":{"@type":"PropertyValueSpecification","valueRequired":true,"valueName":"search_term_string"}}],"inLanguage":"es"},{"@type":"Person","@id":"https:\/\/valenciasjb.salesianos.edu\/colegio\/#\/schema\/person\/1f45b67e52b27da175190a574db6bed9","name":"veronicapastor","image":{"@type":"ImageObject","inLanguage":"es","@id":"https:\/\/secure.gravatar.com\/avatar\/e29bd40bace3fd935e1d6fdb7313ffc14628cc037c5e16f4c7369b20a2a6f7f0?s=96&d=mm&r=g","url":"https:\/\/secure.gravatar.com\/avatar\/e29bd40bace3fd935e1d6fdb7313ffc14628cc037c5e16f4c7369b20a2a6f7f0?s=96&d=mm&r=g","contentUrl":"https:\/\/secure.gravatar.com\/avatar\/e29bd40bace3fd935e1d6fdb7313ffc14628cc037c5e16f4c7369b20a2a6f7f0?s=96&d=mm&r=g","caption":"veronicapastor"}}]}},"_links":{"self":[{"href":"https:\/\/valenciasjb.salesianos.edu\/colegio\/wp-json\/wp\/v2\/posts\/9411","targetHints":{"allow":["GET"]}}],"collection":[{"href":"https:\/\/valenciasjb.salesianos.edu\/colegio\/wp-json\/wp\/v2\/posts"}],"about":[{"href":"https:\/\/valenciasjb.salesianos.edu\/colegio\/wp-json\/wp\/v2\/types\/post"}],"author":[{"embeddable":true,"href":"https:\/\/valenciasjb.salesianos.edu\/colegio\/wp-json\/wp\/v2\/users\/6"}],"replies":[{"embeddable":true,"href":"https:\/\/valenciasjb.salesianos.edu\/colegio\/wp-json\/wp\/v2\/comments?post=9411"}],"version-history":[{"count":2,"href":"https:\/\/valenciasjb.salesianos.edu\/colegio\/wp-json\/wp\/v2\/posts\/9411\/revisions"}],"predecessor-version":[{"id":9421,"href":"https:\/\/valenciasjb.salesianos.edu\/colegio\/wp-json\/wp\/v2\/posts\/9411\/revisions\/9421"}],"wp:featuredmedia":[{"embeddable":true,"href":"https:\/\/valenciasjb.salesianos.edu\/colegio\/wp-json\/wp\/v2\/media\/9416"}],"wp:attachment":[{"href":"https:\/\/valenciasjb.salesianos.edu\/colegio\/wp-json\/wp\/v2\/media?parent=9411"}],"wp:term":[{"taxonomy":"category","embeddable":true,"href":"https:\/\/valenciasjb.salesianos.edu\/colegio\/wp-json\/wp\/v2\/categories?post=9411"},{"taxonomy":"post_tag","embeddable":true,"href":"https:\/\/valenciasjb.salesianos.edu\/colegio\/wp-json\/wp\/v2\/tags?post=9411"}],"curies":[{"name":"wp","href":"https:\/\/api.w.org\/{rel}","templated":true}]}}