{"id":9500,"date":"2018-09-06T22:03:42","date_gmt":"2018-09-06T21:03:42","guid":{"rendered":"https:\/\/valenciasjb.salesianos.edu\/colegio\/?p=9500"},"modified":"2018-09-06T22:03:42","modified_gmt":"2018-09-06T21:03:42","slug":"infantil-y-primero-de-primaria-estrenan-el-novedoso-metodo-abn-de-ensenanza-de-las-matematicas","status":"publish","type":"post","link":"https:\/\/valenciasjb.salesianos.edu\/colegio\/infantil-y-primero-de-primaria-estrenan-el-novedoso-metodo-abn-de-ensenanza-de-las-matematicas\/","title":{"rendered":"Infantil y primero de Primaria estrenan el novedoso m\u00e9todo ABN de ense\u00f1anza de las matem\u00e1ticas"},"content":{"rendered":"<div id=\"fb-root\"><\/div>\n<p>[et_pb_section bb_built=\u00bb1&#8243; admin_label=\u00bbsection\u00bb][et_pb_row admin_label=\u00bbrow\u00bb background_position=\u00bbtop_left\u00bb background_repeat=\u00bbrepeat\u00bb background_size=\u00bbinitial\u00bb][et_pb_column type=\u00bb4_4&#8243;][et_pb_text admin_label=\u00bbEntradilla (Texto)\u00bb _builder_version=\u00bb3.0.105&#8243; background_layout=\u00bblight\u00bb text_orientation=\u00bbjustified\u00bb text_font=\u00bb|on|||\u00bb module_alignment=\u00bbleft\u00bb]<\/p>\n<div id=\"resumen\"><strong><span style=\"font-weight: 400\">En la tarde del jueves 6 de septiembre, a las 17 horas, las familias de Infantil y primero de Primaria han asistido a una reuni\u00f3n informativa sobre el m\u00e9todo ABN, unas matem\u00e1ticas sencillas, naturales y divertidas. ABN es un m\u00e9todo de c\u00e1lculo que permite al alumnado comprender lo que hace cuando resuelve una operaci\u00f3n o problema, llegar al c\u00e1lculo mental de manera sencilla y natural, adem\u00e1s de aumentar de manera notable su capacidad de resoluci\u00f3n de problemas.<\/span><\/strong><\/div>\n<div><\/div>\n<p>[\/et_pb_text][et_pb_text admin_label=\u00bbAutor (Texto)\u00bb _builder_version=\u00bb3.0.105&#8243; background_layout=\u00bblight\u00bb text_font=\u00bb||on||\u00bb]<\/p>\n<p>Redacci\u00f3n.<\/p>\n<p>[\/et_pb_text][et_pb_text admin_label=\u00bbDesarrollo (Texto)\u00bb _builder_version=\u00bb3.0.105&#8243; background_layout=\u00bblight\u00bb text_orientation=\u00bbjustified\u00bb module_alignment=\u00bbleft\u00bb]<\/p>\n<p><span style=\"font-weight: 400\">El colegio implantar\u00e1 esta metodolog\u00eda de ense\u00f1anza, que empezar\u00e1 este curso 2018-2019 para el alumnado de Infantil y primero de Primaria. Esta iniciativa se encuentra dentro del proyecto de centro Compr\u00e9n para la ense\u00f1anza de las matem\u00e1ticas, que ha implantado el colegio para coordinar verticalmente la ense\u00f1anza-aprendizaje de esta asignatura desde Infantil hasta Bachillerato.<\/span><\/p>\n<p><span style=\"font-weight: 400\">La reuni\u00f3n ha comenzado con unas palabras de Juan Peris, director del colegio, y Jos\u00e9 G\u00f3mez, director de esta casa salesiana. A continuaci\u00f3n, el jefe de departamento de matem\u00e1ticas de Secundaria, Samuel Cort\u00e9s, ha explicado algunos de los fundamentos del proyecto Compr\u00e9n del centro. Tras esta breve introducci\u00f3n, Jaime Mart\u00ednez, creador del m\u00e9todo ABN, ha explicado a las familias en qu\u00e9 consiste esta metodolog\u00eda, tras lo cual se ha abierto un turno de palabra para que las familias pudieran preguntar todas las dudas que tuvieran. Finalmente, Jos\u00e9 Valero, director pedag\u00f3gico de Infantil y Primaria, ha agradecido a todos los presentes su asistencia e inter\u00e9s y ha recordado que se dar\u00e1 m\u00e1s informaci\u00f3n en las diferentes reuniones de familias de inicio de curso.<\/span><\/p>\n<p>[\/et_pb_text][et_pb_text admin_label=\u00bbT\u00edtulo: Galer\u00eda de fotos (Texto)\u00bb _builder_version=\u00bb3.0.76&#8243; background_layout=\u00bblight\u00bb text_font=\u00bb|on|||\u00bb text_text_color=\u00bb#dc001b\u00bb border_style=\u00bbsolid\u00bb disabled=\u00bboff\u00bb disabled_on=\u00bboff|on|on\u00bb]<\/p>\n<p>Galer\u00eda de im\u00e1genes<\/p>\n<p>[\/et_pb_text][et_pb_gallery _builder_version=\u00bb3.0.105&#8243; posts_number=\u00bb8&#8243; show_title_and_caption=\u00bboff\u00bb show_pagination=\u00bbon\u00bb fullwidth=\u00bboff\u00bb orientation=\u00bblandscape\u00bb zoom_icon_color=\u00bb#dc001b\u00bb hover_overlay_color=\u00bbrgba(255,255,255,0.9)\u00bb hover_icon=\u00bb%%51%%\u00bb background_layout=\u00bblight\u00bb disabled=\u00bboff\u00bb disabled_on=\u00bboff|off|off\u00bb gallery_ids=\u00bb9501,9502,9503,9504,9505,9506,9507,9508&#8243; pagination_font_size_tablet=\u00bb51&#8243; pagination_line_height_tablet=\u00bb2&#8243; \/][et_pb_video _builder_version=\u00bb3.0.51&#8243; disabled=\u00bbon\u00bb disabled_on=\u00bbon|on|on\u00bb \/][\/et_pb_column][\/et_pb_row][\/et_pb_section]<\/p>\n<!-- AddThis Advanced Settings generic via filter on the_content --><!-- AddThis Share Buttons generic via filter on the_content -->","protected":false},"excerpt":{"rendered":"<p>En la tarde del jueves 6 de septiembre, a las 17 horas, las familias de Infantil y primero de Primaria han asistido a una reuni\u00f3n informativa sobre el m\u00e9todo ABN, unas matem\u00e1ticas sencillas, naturales y divertidas. ABN es un m\u00e9todo de c\u00e1lculo que permite al alumnado comprender lo que hace cuando resuelve una operaci\u00f3n o [&hellip;]<\/p>\n<p><!-- AddThis Advanced Settings generic via filter on get_the_excerpt --><!-- AddThis Share Buttons generic via filter on get_the_excerpt --><\/p>\n","protected":false},"author":6,"featured_media":9501,"comment_status":"closed","ping_status":"open","sticky":false,"template":"","format":"standard","meta":{"_et_pb_use_builder":"on","_et_pb_old_content":"","_et_gb_content_width":"","footnotes":""},"categories":[14],"tags":[],"class_list":["post-9500","post","type-post","status-publish","format-standard","has-post-thumbnail","hentry","category-noticia_colegio"],"yoast_head":"<!-- This site is optimized with the Yoast SEO plugin v28.4 - https:\/\/yoast.com\/product\/yoast-seo-wordpress\/ -->\n<title>Infantil y primero de Primaria estrenan el novedoso m\u00e9todo ABN de ense\u00f1anza de las matem\u00e1ticas - Colegio San Juan Bosco Valencia<\/title>\n<meta name=\"robots\" content=\"index, follow, max-snippet:-1, max-image-preview:large, max-video-preview:-1\" \/>\n<link rel=\"canonical\" href=\"https:\/\/valenciasjb.salesianos.edu\/colegio\/infantil-y-primero-de-primaria-estrenan-el-novedoso-metodo-abn-de-ensenanza-de-las-matematicas\/\" \/>\n<meta property=\"og:locale\" content=\"es_ES\" \/>\n<meta property=\"og:type\" content=\"article\" \/>\n<meta property=\"og:title\" content=\"Infantil y primero de Primaria estrenan el novedoso m\u00e9todo ABN de ense\u00f1anza de las matem\u00e1ticas - Colegio San Juan Bosco Valencia\" \/>\n<meta property=\"og:description\" content=\"En la tarde del jueves 6 de septiembre, a las 17 horas, las familias de Infantil y primero de Primaria han asistido a una reuni\u00f3n informativa sobre el m\u00e9todo ABN, unas matem\u00e1ticas sencillas, naturales y divertidas. ABN es un m\u00e9todo de c\u00e1lculo que permite al alumnado comprender lo que hace cuando resuelve una operaci\u00f3n o [&hellip;]\" \/>\n<meta property=\"og:url\" content=\"https:\/\/valenciasjb.salesianos.edu\/colegio\/infantil-y-primero-de-primaria-estrenan-el-novedoso-metodo-abn-de-ensenanza-de-las-matematicas\/\" \/>\n<meta property=\"og:site_name\" content=\"Colegio San Juan Bosco Valencia\" \/>\n<meta property=\"article:publisher\" content=\"https:\/\/www.facebook.com\/ColegioSalesianoSanJuanBoscoValencia\" \/>\n<meta property=\"article:published_time\" content=\"2018-09-06T21:03:42+00:00\" \/>\n<meta property=\"og:image\" content=\"https:\/\/valenciasjb.salesianos.edu\/colegio\/wp-content\/uploads\/sites\/2\/2018\/09\/20180906_171704-1024x768.jpg\" \/>\n\t<meta property=\"og:image:width\" content=\"1024\" \/>\n\t<meta property=\"og:image:height\" content=\"768\" \/>\n\t<meta property=\"og:image:type\" content=\"image\/jpeg\" \/>\n<meta name=\"author\" content=\"veronicapastor\" \/>\n<meta name=\"twitter:card\" content=\"summary_large_image\" \/>\n<meta name=\"twitter:creator\" content=\"@SalesianosVSJB\" \/>\n<meta name=\"twitter:site\" content=\"@SalesianosVSJB\" \/>\n<meta name=\"twitter:label1\" content=\"Escrito por\" \/>\n\t<meta name=\"twitter:data1\" content=\"veronicapastor\" \/>\n\t<meta name=\"twitter:label2\" content=\"Tiempo de lectura\" \/>\n\t<meta name=\"twitter:data2\" content=\"2 minutos\" \/>\n<script type=\"application\/ld+json\" class=\"yoast-schema-graph\">{\"@context\":\"https:\\\/\\\/schema.org\",\"@graph\":[{\"@type\":\"Article\",\"@id\":\"https:\\\/\\\/valenciasjb.salesianos.edu\\\/colegio\\\/infantil-y-primero-de-primaria-estrenan-el-novedoso-metodo-abn-de-ensenanza-de-las-matematicas\\\/#article\",\"isPartOf\":{\"@id\":\"https:\\\/\\\/valenciasjb.salesianos.edu\\\/colegio\\\/infantil-y-primero-de-primaria-estrenan-el-novedoso-metodo-abn-de-ensenanza-de-las-matematicas\\\/\"},\"author\":{\"name\":\"veronicapastor\",\"@id\":\"https:\\\/\\\/valenciasjb.salesianos.edu\\\/colegio\\\/#\\\/schema\\\/person\\\/1f45b67e52b27da175190a574db6bed9\"},\"headline\":\"Infantil y primero de Primaria estrenan el novedoso m\u00e9todo ABN de ense\u00f1anza de las matem\u00e1ticas\",\"datePublished\":\"2018-09-06T21:03:42+00:00\",\"mainEntityOfPage\":{\"@id\":\"https:\\\/\\\/valenciasjb.salesianos.edu\\\/colegio\\\/infantil-y-primero-de-primaria-estrenan-el-novedoso-metodo-abn-de-ensenanza-de-las-matematicas\\\/\"},\"wordCount\":505,\"image\":{\"@id\":\"https:\\\/\\\/valenciasjb.salesianos.edu\\\/colegio\\\/infantil-y-primero-de-primaria-estrenan-el-novedoso-metodo-abn-de-ensenanza-de-las-matematicas\\\/#primaryimage\"},\"thumbnailUrl\":\"https:\\\/\\\/valenciasjb.salesianos.edu\\\/colegio\\\/wp-content\\\/uploads\\\/sites\\\/2\\\/2018\\\/09\\\/20180906_171704.jpg\",\"articleSection\":[\"Noticia Colegio\"],\"inLanguage\":\"es\"},{\"@type\":\"WebPage\",\"@id\":\"https:\\\/\\\/valenciasjb.salesianos.edu\\\/colegio\\\/infantil-y-primero-de-primaria-estrenan-el-novedoso-metodo-abn-de-ensenanza-de-las-matematicas\\\/\",\"url\":\"https:\\\/\\\/valenciasjb.salesianos.edu\\\/colegio\\\/infantil-y-primero-de-primaria-estrenan-el-novedoso-metodo-abn-de-ensenanza-de-las-matematicas\\\/\",\"name\":\"Infantil y primero de Primaria estrenan el novedoso m\u00e9todo ABN de ense\u00f1anza de las matem\u00e1ticas - Colegio San Juan Bosco Valencia\",\"isPartOf\":{\"@id\":\"https:\\\/\\\/valenciasjb.salesianos.edu\\\/colegio\\\/#website\"},\"primaryImageOfPage\":{\"@id\":\"https:\\\/\\\/valenciasjb.salesianos.edu\\\/colegio\\\/infantil-y-primero-de-primaria-estrenan-el-novedoso-metodo-abn-de-ensenanza-de-las-matematicas\\\/#primaryimage\"},\"image\":{\"@id\":\"https:\\\/\\\/valenciasjb.salesianos.edu\\\/colegio\\\/infantil-y-primero-de-primaria-estrenan-el-novedoso-metodo-abn-de-ensenanza-de-las-matematicas\\\/#primaryimage\"},\"thumbnailUrl\":\"https:\\\/\\\/valenciasjb.salesianos.edu\\\/colegio\\\/wp-content\\\/uploads\\\/sites\\\/2\\\/2018\\\/09\\\/20180906_171704.jpg\",\"datePublished\":\"2018-09-06T21:03:42+00:00\",\"author\":{\"@id\":\"https:\\\/\\\/valenciasjb.salesianos.edu\\\/colegio\\\/#\\\/schema\\\/person\\\/1f45b67e52b27da175190a574db6bed9\"},\"breadcrumb\":{\"@id\":\"https:\\\/\\\/valenciasjb.salesianos.edu\\\/colegio\\\/infantil-y-primero-de-primaria-estrenan-el-novedoso-metodo-abn-de-ensenanza-de-las-matematicas\\\/#breadcrumb\"},\"inLanguage\":\"es\",\"potentialAction\":[{\"@type\":\"ReadAction\",\"target\":[\"https:\\\/\\\/valenciasjb.salesianos.edu\\\/colegio\\\/infantil-y-primero-de-primaria-estrenan-el-novedoso-metodo-abn-de-ensenanza-de-las-matematicas\\\/\"]}]},{\"@type\":\"ImageObject\",\"inLanguage\":\"es\",\"@id\":\"https:\\\/\\\/valenciasjb.salesianos.edu\\\/colegio\\\/infantil-y-primero-de-primaria-estrenan-el-novedoso-metodo-abn-de-ensenanza-de-las-matematicas\\\/#primaryimage\",\"url\":\"https:\\\/\\\/valenciasjb.salesianos.edu\\\/colegio\\\/wp-content\\\/uploads\\\/sites\\\/2\\\/2018\\\/09\\\/20180906_171704.jpg\",\"contentUrl\":\"https:\\\/\\\/valenciasjb.salesianos.edu\\\/colegio\\\/wp-content\\\/uploads\\\/sites\\\/2\\\/2018\\\/09\\\/20180906_171704.jpg\",\"width\":4128,\"height\":3096},{\"@type\":\"BreadcrumbList\",\"@id\":\"https:\\\/\\\/valenciasjb.salesianos.edu\\\/colegio\\\/infantil-y-primero-de-primaria-estrenan-el-novedoso-metodo-abn-de-ensenanza-de-las-matematicas\\\/#breadcrumb\",\"itemListElement\":[{\"@type\":\"ListItem\",\"position\":1,\"name\":\"Portada\",\"item\":\"https:\\\/\\\/valenciasjb.salesianos.edu\\\/colegio\\\/\"},{\"@type\":\"ListItem\",\"position\":2,\"name\":\"Infantil y primero de Primaria estrenan el novedoso m\u00e9todo ABN de ense\u00f1anza de las matem\u00e1ticas\"}]},{\"@type\":\"WebSite\",\"@id\":\"https:\\\/\\\/valenciasjb.salesianos.edu\\\/colegio\\\/#website\",\"url\":\"https:\\\/\\\/valenciasjb.salesianos.edu\\\/colegio\\\/\",\"name\":\"Colegio San Juan Bosco Valencia\",\"description\":\"P\u00e1gina oficial del Colegio Salesianos San Juan Bosco Valencia\",\"alternateName\":\"Salesianos.VSJB\",\"potentialAction\":[{\"@type\":\"SearchAction\",\"target\":{\"@type\":\"EntryPoint\",\"urlTemplate\":\"https:\\\/\\\/valenciasjb.salesianos.edu\\\/colegio\\\/?s={search_term_string}\"},\"query-input\":{\"@type\":\"PropertyValueSpecification\",\"valueRequired\":true,\"valueName\":\"search_term_string\"}}],\"inLanguage\":\"es\"},{\"@type\":\"Person\",\"@id\":\"https:\\\/\\\/valenciasjb.salesianos.edu\\\/colegio\\\/#\\\/schema\\\/person\\\/1f45b67e52b27da175190a574db6bed9\",\"name\":\"veronicapastor\",\"image\":{\"@type\":\"ImageObject\",\"inLanguage\":\"es\",\"@id\":\"https:\\\/\\\/secure.gravatar.com\\\/avatar\\\/e29bd40bace3fd935e1d6fdb7313ffc14628cc037c5e16f4c7369b20a2a6f7f0?s=96&d=mm&r=g\",\"url\":\"https:\\\/\\\/secure.gravatar.com\\\/avatar\\\/e29bd40bace3fd935e1d6fdb7313ffc14628cc037c5e16f4c7369b20a2a6f7f0?s=96&d=mm&r=g\",\"contentUrl\":\"https:\\\/\\\/secure.gravatar.com\\\/avatar\\\/e29bd40bace3fd935e1d6fdb7313ffc14628cc037c5e16f4c7369b20a2a6f7f0?s=96&d=mm&r=g\",\"caption\":\"veronicapastor\"}}]}<\/script>\n<!-- \/ Yoast SEO plugin. -->","yoast_head_json":{"title":"Infantil y primero de Primaria estrenan el novedoso m\u00e9todo ABN de ense\u00f1anza de las matem\u00e1ticas - Colegio San Juan Bosco Valencia","robots":{"index":"index","follow":"follow","max-snippet":"max-snippet:-1","max-image-preview":"max-image-preview:large","max-video-preview":"max-video-preview:-1"},"canonical":"https:\/\/valenciasjb.salesianos.edu\/colegio\/infantil-y-primero-de-primaria-estrenan-el-novedoso-metodo-abn-de-ensenanza-de-las-matematicas\/","og_locale":"es_ES","og_type":"article","og_title":"Infantil y primero de Primaria estrenan el novedoso m\u00e9todo ABN de ense\u00f1anza de las matem\u00e1ticas - Colegio San Juan Bosco Valencia","og_description":"En la tarde del jueves 6 de septiembre, a las 17 horas, las familias de Infantil y primero de Primaria han asistido a una reuni\u00f3n informativa sobre el m\u00e9todo ABN, unas matem\u00e1ticas sencillas, naturales y divertidas. ABN es un m\u00e9todo de c\u00e1lculo que permite al alumnado comprender lo que hace cuando resuelve una operaci\u00f3n o [&hellip;]","og_url":"https:\/\/valenciasjb.salesianos.edu\/colegio\/infantil-y-primero-de-primaria-estrenan-el-novedoso-metodo-abn-de-ensenanza-de-las-matematicas\/","og_site_name":"Colegio San Juan Bosco Valencia","article_publisher":"https:\/\/www.facebook.com\/ColegioSalesianoSanJuanBoscoValencia","article_published_time":"2018-09-06T21:03:42+00:00","og_image":[{"width":1024,"height":768,"url":"https:\/\/valenciasjb.salesianos.edu\/colegio\/wp-content\/uploads\/sites\/2\/2018\/09\/20180906_171704-1024x768.jpg","type":"image\/jpeg"}],"author":"veronicapastor","twitter_card":"summary_large_image","twitter_creator":"@SalesianosVSJB","twitter_site":"@SalesianosVSJB","twitter_misc":{"Escrito por":"veronicapastor","Tiempo de lectura":"2 minutos"},"schema":{"@context":"https:\/\/schema.org","@graph":[{"@type":"Article","@id":"https:\/\/valenciasjb.salesianos.edu\/colegio\/infantil-y-primero-de-primaria-estrenan-el-novedoso-metodo-abn-de-ensenanza-de-las-matematicas\/#article","isPartOf":{"@id":"https:\/\/valenciasjb.salesianos.edu\/colegio\/infantil-y-primero-de-primaria-estrenan-el-novedoso-metodo-abn-de-ensenanza-de-las-matematicas\/"},"author":{"name":"veronicapastor","@id":"https:\/\/valenciasjb.salesianos.edu\/colegio\/#\/schema\/person\/1f45b67e52b27da175190a574db6bed9"},"headline":"Infantil y primero de Primaria estrenan el novedoso m\u00e9todo ABN de ense\u00f1anza de las matem\u00e1ticas","datePublished":"2018-09-06T21:03:42+00:00","mainEntityOfPage":{"@id":"https:\/\/valenciasjb.salesianos.edu\/colegio\/infantil-y-primero-de-primaria-estrenan-el-novedoso-metodo-abn-de-ensenanza-de-las-matematicas\/"},"wordCount":505,"image":{"@id":"https:\/\/valenciasjb.salesianos.edu\/colegio\/infantil-y-primero-de-primaria-estrenan-el-novedoso-metodo-abn-de-ensenanza-de-las-matematicas\/#primaryimage"},"thumbnailUrl":"https:\/\/valenciasjb.salesianos.edu\/colegio\/wp-content\/uploads\/sites\/2\/2018\/09\/20180906_171704.jpg","articleSection":["Noticia Colegio"],"inLanguage":"es"},{"@type":"WebPage","@id":"https:\/\/valenciasjb.salesianos.edu\/colegio\/infantil-y-primero-de-primaria-estrenan-el-novedoso-metodo-abn-de-ensenanza-de-las-matematicas\/","url":"https:\/\/valenciasjb.salesianos.edu\/colegio\/infantil-y-primero-de-primaria-estrenan-el-novedoso-metodo-abn-de-ensenanza-de-las-matematicas\/","name":"Infantil y primero de Primaria estrenan el novedoso m\u00e9todo ABN de ense\u00f1anza de las matem\u00e1ticas - Colegio San Juan Bosco Valencia","isPartOf":{"@id":"https:\/\/valenciasjb.salesianos.edu\/colegio\/#website"},"primaryImageOfPage":{"@id":"https:\/\/valenciasjb.salesianos.edu\/colegio\/infantil-y-primero-de-primaria-estrenan-el-novedoso-metodo-abn-de-ensenanza-de-las-matematicas\/#primaryimage"},"image":{"@id":"https:\/\/valenciasjb.salesianos.edu\/colegio\/infantil-y-primero-de-primaria-estrenan-el-novedoso-metodo-abn-de-ensenanza-de-las-matematicas\/#primaryimage"},"thumbnailUrl":"https:\/\/valenciasjb.salesianos.edu\/colegio\/wp-content\/uploads\/sites\/2\/2018\/09\/20180906_171704.jpg","datePublished":"2018-09-06T21:03:42+00:00","author":{"@id":"https:\/\/valenciasjb.salesianos.edu\/colegio\/#\/schema\/person\/1f45b67e52b27da175190a574db6bed9"},"breadcrumb":{"@id":"https:\/\/valenciasjb.salesianos.edu\/colegio\/infantil-y-primero-de-primaria-estrenan-el-novedoso-metodo-abn-de-ensenanza-de-las-matematicas\/#breadcrumb"},"inLanguage":"es","potentialAction":[{"@type":"ReadAction","target":["https:\/\/valenciasjb.salesianos.edu\/colegio\/infantil-y-primero-de-primaria-estrenan-el-novedoso-metodo-abn-de-ensenanza-de-las-matematicas\/"]}]},{"@type":"ImageObject","inLanguage":"es","@id":"https:\/\/valenciasjb.salesianos.edu\/colegio\/infantil-y-primero-de-primaria-estrenan-el-novedoso-metodo-abn-de-ensenanza-de-las-matematicas\/#primaryimage","url":"https:\/\/valenciasjb.salesianos.edu\/colegio\/wp-content\/uploads\/sites\/2\/2018\/09\/20180906_171704.jpg","contentUrl":"https:\/\/valenciasjb.salesianos.edu\/colegio\/wp-content\/uploads\/sites\/2\/2018\/09\/20180906_171704.jpg","width":4128,"height":3096},{"@type":"BreadcrumbList","@id":"https:\/\/valenciasjb.salesianos.edu\/colegio\/infantil-y-primero-de-primaria-estrenan-el-novedoso-metodo-abn-de-ensenanza-de-las-matematicas\/#breadcrumb","itemListElement":[{"@type":"ListItem","position":1,"name":"Portada","item":"https:\/\/valenciasjb.salesianos.edu\/colegio\/"},{"@type":"ListItem","position":2,"name":"Infantil y primero de Primaria estrenan el novedoso m\u00e9todo ABN de ense\u00f1anza de las matem\u00e1ticas"}]},{"@type":"WebSite","@id":"https:\/\/valenciasjb.salesianos.edu\/colegio\/#website","url":"https:\/\/valenciasjb.salesianos.edu\/colegio\/","name":"Colegio San Juan Bosco Valencia","description":"P\u00e1gina oficial del Colegio Salesianos San Juan Bosco Valencia","alternateName":"Salesianos.VSJB","potentialAction":[{"@type":"SearchAction","target":{"@type":"EntryPoint","urlTemplate":"https:\/\/valenciasjb.salesianos.edu\/colegio\/?s={search_term_string}"},"query-input":{"@type":"PropertyValueSpecification","valueRequired":true,"valueName":"search_term_string"}}],"inLanguage":"es"},{"@type":"Person","@id":"https:\/\/valenciasjb.salesianos.edu\/colegio\/#\/schema\/person\/1f45b67e52b27da175190a574db6bed9","name":"veronicapastor","image":{"@type":"ImageObject","inLanguage":"es","@id":"https:\/\/secure.gravatar.com\/avatar\/e29bd40bace3fd935e1d6fdb7313ffc14628cc037c5e16f4c7369b20a2a6f7f0?s=96&d=mm&r=g","url":"https:\/\/secure.gravatar.com\/avatar\/e29bd40bace3fd935e1d6fdb7313ffc14628cc037c5e16f4c7369b20a2a6f7f0?s=96&d=mm&r=g","contentUrl":"https:\/\/secure.gravatar.com\/avatar\/e29bd40bace3fd935e1d6fdb7313ffc14628cc037c5e16f4c7369b20a2a6f7f0?s=96&d=mm&r=g","caption":"veronicapastor"}}]}},"_links":{"self":[{"href":"https:\/\/valenciasjb.salesianos.edu\/colegio\/wp-json\/wp\/v2\/posts\/9500","targetHints":{"allow":["GET"]}}],"collection":[{"href":"https:\/\/valenciasjb.salesianos.edu\/colegio\/wp-json\/wp\/v2\/posts"}],"about":[{"href":"https:\/\/valenciasjb.salesianos.edu\/colegio\/wp-json\/wp\/v2\/types\/post"}],"author":[{"embeddable":true,"href":"https:\/\/valenciasjb.salesianos.edu\/colegio\/wp-json\/wp\/v2\/users\/6"}],"replies":[{"embeddable":true,"href":"https:\/\/valenciasjb.salesianos.edu\/colegio\/wp-json\/wp\/v2\/comments?post=9500"}],"version-history":[{"count":2,"href":"https:\/\/valenciasjb.salesianos.edu\/colegio\/wp-json\/wp\/v2\/posts\/9500\/revisions"}],"predecessor-version":[{"id":9510,"href":"https:\/\/valenciasjb.salesianos.edu\/colegio\/wp-json\/wp\/v2\/posts\/9500\/revisions\/9510"}],"wp:featuredmedia":[{"embeddable":true,"href":"https:\/\/valenciasjb.salesianos.edu\/colegio\/wp-json\/wp\/v2\/media\/9501"}],"wp:attachment":[{"href":"https:\/\/valenciasjb.salesianos.edu\/colegio\/wp-json\/wp\/v2\/media?parent=9500"}],"wp:term":[{"taxonomy":"category","embeddable":true,"href":"https:\/\/valenciasjb.salesianos.edu\/colegio\/wp-json\/wp\/v2\/categories?post=9500"},{"taxonomy":"post_tag","embeddable":true,"href":"https:\/\/valenciasjb.salesianos.edu\/colegio\/wp-json\/wp\/v2\/tags?post=9500"}],"curies":[{"name":"wp","href":"https:\/\/api.w.org\/{rel}","templated":true}]}}