{"id":9564,"date":"2018-09-17T17:36:32","date_gmt":"2018-09-17T16:36:32","guid":{"rendered":"https:\/\/valenciasjb.salesianos.edu\/colegio\/?p=9564"},"modified":"2018-09-17T17:36:32","modified_gmt":"2018-09-17T16:36:32","slug":"el-colegio-seleccionado-por-el-ministerio-de-educacion-como-centro-oficial-de-acogida-de-docentes-extranjeros-en-estancia-profesional","status":"publish","type":"post","link":"https:\/\/valenciasjb.salesianos.edu\/colegio\/el-colegio-seleccionado-por-el-ministerio-de-educacion-como-centro-oficial-de-acogida-de-docentes-extranjeros-en-estancia-profesional\/","title":{"rendered":"El colegio seleccionado por el Ministerio de Educaci\u00f3n como centro oficial de acogida de docentes extranjeros en estancia profesional"},"content":{"rendered":"<div id=\"fb-root\"><\/div>\n<p>[et_pb_section bb_built=\u00bb1&#8243; next_background_color=\u00bb#000000&#8243;][et_pb_row][\/et_pb_row][\/et_pb_section][et_pb_section bb_built=\u00bb1&#8243; admin_label=\u00bbsection\u00bb prev_background_color=\u00bb#000000&#8243;][et_pb_row admin_label=\u00bbrow\u00bb background_position=\u00bbtop_left\u00bb background_repeat=\u00bbrepeat\u00bb background_size=\u00bbinitial\u00bb][et_pb_column type=\u00bb4_4&#8243;][et_pb_text admin_label=\u00bbEntradilla (Texto)\u00bb _builder_version=\u00bb3.0.105&#8243; background_layout=\u00bblight\u00bb text_orientation=\u00bbjustified\u00bb text_font=\u00bb|on|||\u00bb module_alignment=\u00bbleft\u00bb]<\/p>\n<div id=\"resumen\"><strong><span style=\"font-weight: 400\">El Ministerio de Educaci\u00f3n ha seleccionado al Colegio Salesiano San Juan Bosco de Valencia para ser, en el curso 2018-2019, centro oficial de acogida de docentes extranjeros en estancia profesional. Durante este curso, el colegio acoger\u00e1 a Tereza He\u0159manov\u00e1, de la Rep\u00fablica Checa, en el marco de una beca Erasmus+, de tres meses de duraci\u00f3n, de septiembre a diciembre. Adem\u00e1s, en el mes de marzo, una profesora procedente de un instituto de Par\u00eds (Francia) realizar\u00e1 una estancia de dos semanas de duraci\u00f3n para participar en las clases de ingl\u00e9s y franc\u00e9s del Departamento de Lenguas Extranjeras.<\/span><\/strong><\/div>\n<div><\/div>\n<p>[\/et_pb_text][et_pb_text admin_label=\u00bbAutor (Texto)\u00bb _builder_version=\u00bb3.0.105&#8243; background_layout=\u00bblight\u00bb text_font=\u00bb||on||\u00bb]<\/p>\n<p>Redacci\u00f3n.<\/p>\n<p>[\/et_pb_text][et_pb_text admin_label=\u00bbDesarrollo (Texto)\u00bb _builder_version=\u00bb3.0.105&#8243; background_layout=\u00bblight\u00bb text_orientation=\u00bbjustified\u00bb module_alignment=\u00bbleft\u00bb]<\/p>\n<p><span style=\"font-weight: 400\">El director del colegio, Juan Peris, ha recibido a la profesora Tereza He\u0159manov\u00e1, que ha comenzado ya a entrar en las aulas. Sin duda, una oportunidad para el alumnado de conocer otras culturas y practicar la lengua inglesa con personas de otros pa\u00edses.<\/span><\/p>\n<p><span style=\"font-weight: 400\">Dentro de su plan de pluriling\u00fcismo, esta es una de las iniciativas del centro en su apuesta por un colegio abierto a otras culturas y pa\u00edses, dado el gran efecto positivo que provoca en el enriquecimiento de la propia cultura de nuestros alumnos y alumnas.<\/span><\/p>\n<p>[\/et_pb_text][et_pb_text admin_label=\u00bbT\u00edtulo: Galer\u00eda de fotos (Texto)\u00bb _builder_version=\u00bb3.0.76&#8243; background_layout=\u00bblight\u00bb text_font=\u00bb|on|||\u00bb text_text_color=\u00bb#dc001b\u00bb border_style=\u00bbsolid\u00bb disabled=\u00bboff\u00bb disabled_on=\u00bboff|on|on\u00bb]<\/p>\n<p>Galer\u00eda de im\u00e1genes<\/p>\n<p>[\/et_pb_text][et_pb_gallery _builder_version=\u00bb3.0.105&#8243; posts_number=\u00bb8&#8243; show_title_and_caption=\u00bboff\u00bb show_pagination=\u00bbon\u00bb fullwidth=\u00bboff\u00bb orientation=\u00bblandscape\u00bb zoom_icon_color=\u00bb#dc001b\u00bb hover_overlay_color=\u00bbrgba(255,255,255,0.9)\u00bb hover_icon=\u00bb%%51%%\u00bb background_layout=\u00bblight\u00bb disabled=\u00bboff\u00bb disabled_on=\u00bboff|off|off\u00bb gallery_ids=\u00bb9568,9571,9570,9569&#8243; pagination_font_size_tablet=\u00bb51&#8243; pagination_line_height_tablet=\u00bb2&#8243; \/][et_pb_video _builder_version=\u00bb3.0.51&#8243; disabled=\u00bbon\u00bb disabled_on=\u00bbon|on|on\u00bb \/][\/et_pb_column][\/et_pb_row][\/et_pb_section]<\/p>\n<!-- AddThis Advanced Settings generic via filter on the_content --><!-- AddThis Share Buttons generic via filter on the_content -->","protected":false},"excerpt":{"rendered":"<p><div class=\"et_pb_row et_pb_row_0 et_pb_row_empty\">\n\t\t\t\t\n\t\t\t\t\n\t\t\t\t\n\t\t\t\t\n\t\t\t\t\n\t\t\t<\/div> El Ministerio de Educaci\u00f3n ha seleccionado al Colegio Salesiano San Juan Bosco de Valencia para ser, en el curso 2018-2019, centro oficial de acogida de docentes extranjeros en estancia profesional. Durante este curso, el colegio acoger\u00e1 a Tereza He\u0159manov\u00e1, de la Rep\u00fablica Checa, en el marco de una beca Erasmus+, de tres meses de [&hellip;]<\/p>\n<p><!-- AddThis Advanced Settings generic via filter on get_the_excerpt --><!-- AddThis Share Buttons generic via filter on get_the_excerpt --><\/p>\n","protected":false},"author":6,"featured_media":9571,"comment_status":"closed","ping_status":"open","sticky":false,"template":"","format":"standard","meta":{"_et_pb_use_builder":"on","_et_pb_old_content":"","_et_gb_content_width":"","footnotes":""},"categories":[14],"tags":[],"class_list":["post-9564","post","type-post","status-publish","format-standard","has-post-thumbnail","hentry","category-noticia_colegio"],"yoast_head":"<!-- This site is optimized with the Yoast SEO plugin v28.4 - https:\/\/yoast.com\/product\/yoast-seo-wordpress\/ -->\n<title>El colegio seleccionado por el Ministerio de Educaci\u00f3n como centro oficial de acogida de docentes extranjeros en estancia profesional - Colegio San Juan Bosco Valencia<\/title>\n<meta name=\"robots\" content=\"index, follow, max-snippet:-1, max-image-preview:large, max-video-preview:-1\" \/>\n<link rel=\"canonical\" href=\"https:\/\/valenciasjb.salesianos.edu\/colegio\/el-colegio-seleccionado-por-el-ministerio-de-educacion-como-centro-oficial-de-acogida-de-docentes-extranjeros-en-estancia-profesional\/\" \/>\n<meta property=\"og:locale\" content=\"es_ES\" \/>\n<meta property=\"og:type\" content=\"article\" \/>\n<meta property=\"og:title\" content=\"El colegio seleccionado por el Ministerio de Educaci\u00f3n como centro oficial de acogida de docentes extranjeros en estancia profesional - Colegio San Juan Bosco Valencia\" \/>\n<meta property=\"og:description\" content=\"El Ministerio de Educaci\u00f3n ha seleccionado al Colegio Salesiano San Juan Bosco de Valencia para ser, en el curso 2018-2019, centro oficial de acogida de docentes extranjeros en estancia profesional. Durante este curso, el colegio acoger\u00e1 a Tereza He\u0159manov\u00e1, de la Rep\u00fablica Checa, en el marco de una beca Erasmus+, de tres meses de [&hellip;]\" \/>\n<meta property=\"og:url\" content=\"https:\/\/valenciasjb.salesianos.edu\/colegio\/el-colegio-seleccionado-por-el-ministerio-de-educacion-como-centro-oficial-de-acogida-de-docentes-extranjeros-en-estancia-profesional\/\" \/>\n<meta property=\"og:site_name\" content=\"Colegio San Juan Bosco Valencia\" \/>\n<meta property=\"article:publisher\" content=\"https:\/\/www.facebook.com\/ColegioSalesianoSanJuanBoscoValencia\" \/>\n<meta property=\"article:published_time\" content=\"2018-09-17T16:36:32+00:00\" \/>\n<meta property=\"og:image\" content=\"https:\/\/valenciasjb.salesianos.edu\/colegio\/wp-content\/uploads\/sites\/2\/2018\/09\/20180917_110055-1024x768.jpg\" \/>\n\t<meta property=\"og:image:width\" content=\"1024\" \/>\n\t<meta property=\"og:image:height\" content=\"768\" \/>\n\t<meta property=\"og:image:type\" content=\"image\/jpeg\" \/>\n<meta name=\"author\" content=\"veronicapastor\" \/>\n<meta name=\"twitter:card\" content=\"summary_large_image\" \/>\n<meta name=\"twitter:creator\" content=\"@SalesianosVSJB\" \/>\n<meta name=\"twitter:site\" content=\"@SalesianosVSJB\" \/>\n<meta name=\"twitter:label1\" content=\"Escrito por\" \/>\n\t<meta name=\"twitter:data1\" content=\"veronicapastor\" \/>\n\t<meta name=\"twitter:label2\" content=\"Tiempo de lectura\" \/>\n\t<meta name=\"twitter:data2\" content=\"2 minutos\" \/>\n<script type=\"application\/ld+json\" class=\"yoast-schema-graph\">{\"@context\":\"https:\\\/\\\/schema.org\",\"@graph\":[{\"@type\":\"Article\",\"@id\":\"https:\\\/\\\/valenciasjb.salesianos.edu\\\/colegio\\\/el-colegio-seleccionado-por-el-ministerio-de-educacion-como-centro-oficial-de-acogida-de-docentes-extranjeros-en-estancia-profesional\\\/#article\",\"isPartOf\":{\"@id\":\"https:\\\/\\\/valenciasjb.salesianos.edu\\\/colegio\\\/el-colegio-seleccionado-por-el-ministerio-de-educacion-como-centro-oficial-de-acogida-de-docentes-extranjeros-en-estancia-profesional\\\/\"},\"author\":{\"name\":\"veronicapastor\",\"@id\":\"https:\\\/\\\/valenciasjb.salesianos.edu\\\/colegio\\\/#\\\/schema\\\/person\\\/1f45b67e52b27da175190a574db6bed9\"},\"headline\":\"El colegio seleccionado por el Ministerio de Educaci\u00f3n como centro oficial de acogida de docentes extranjeros en estancia profesional\",\"datePublished\":\"2018-09-17T16:36:32+00:00\",\"mainEntityOfPage\":{\"@id\":\"https:\\\/\\\/valenciasjb.salesianos.edu\\\/colegio\\\/el-colegio-seleccionado-por-el-ministerio-de-educacion-como-centro-oficial-de-acogida-de-docentes-extranjeros-en-estancia-profesional\\\/\"},\"wordCount\":444,\"image\":{\"@id\":\"https:\\\/\\\/valenciasjb.salesianos.edu\\\/colegio\\\/el-colegio-seleccionado-por-el-ministerio-de-educacion-como-centro-oficial-de-acogida-de-docentes-extranjeros-en-estancia-profesional\\\/#primaryimage\"},\"thumbnailUrl\":\"https:\\\/\\\/valenciasjb.salesianos.edu\\\/colegio\\\/wp-content\\\/uploads\\\/sites\\\/2\\\/2018\\\/09\\\/20180917_110055.jpg\",\"articleSection\":[\"Noticia Colegio\"],\"inLanguage\":\"es\"},{\"@type\":\"WebPage\",\"@id\":\"https:\\\/\\\/valenciasjb.salesianos.edu\\\/colegio\\\/el-colegio-seleccionado-por-el-ministerio-de-educacion-como-centro-oficial-de-acogida-de-docentes-extranjeros-en-estancia-profesional\\\/\",\"url\":\"https:\\\/\\\/valenciasjb.salesianos.edu\\\/colegio\\\/el-colegio-seleccionado-por-el-ministerio-de-educacion-como-centro-oficial-de-acogida-de-docentes-extranjeros-en-estancia-profesional\\\/\",\"name\":\"El colegio seleccionado por el Ministerio de Educaci\u00f3n como centro oficial de acogida de docentes extranjeros en estancia profesional - Colegio San Juan Bosco Valencia\",\"isPartOf\":{\"@id\":\"https:\\\/\\\/valenciasjb.salesianos.edu\\\/colegio\\\/#website\"},\"primaryImageOfPage\":{\"@id\":\"https:\\\/\\\/valenciasjb.salesianos.edu\\\/colegio\\\/el-colegio-seleccionado-por-el-ministerio-de-educacion-como-centro-oficial-de-acogida-de-docentes-extranjeros-en-estancia-profesional\\\/#primaryimage\"},\"image\":{\"@id\":\"https:\\\/\\\/valenciasjb.salesianos.edu\\\/colegio\\\/el-colegio-seleccionado-por-el-ministerio-de-educacion-como-centro-oficial-de-acogida-de-docentes-extranjeros-en-estancia-profesional\\\/#primaryimage\"},\"thumbnailUrl\":\"https:\\\/\\\/valenciasjb.salesianos.edu\\\/colegio\\\/wp-content\\\/uploads\\\/sites\\\/2\\\/2018\\\/09\\\/20180917_110055.jpg\",\"datePublished\":\"2018-09-17T16:36:32+00:00\",\"author\":{\"@id\":\"https:\\\/\\\/valenciasjb.salesianos.edu\\\/colegio\\\/#\\\/schema\\\/person\\\/1f45b67e52b27da175190a574db6bed9\"},\"breadcrumb\":{\"@id\":\"https:\\\/\\\/valenciasjb.salesianos.edu\\\/colegio\\\/el-colegio-seleccionado-por-el-ministerio-de-educacion-como-centro-oficial-de-acogida-de-docentes-extranjeros-en-estancia-profesional\\\/#breadcrumb\"},\"inLanguage\":\"es\",\"potentialAction\":[{\"@type\":\"ReadAction\",\"target\":[\"https:\\\/\\\/valenciasjb.salesianos.edu\\\/colegio\\\/el-colegio-seleccionado-por-el-ministerio-de-educacion-como-centro-oficial-de-acogida-de-docentes-extranjeros-en-estancia-profesional\\\/\"]}]},{\"@type\":\"ImageObject\",\"inLanguage\":\"es\",\"@id\":\"https:\\\/\\\/valenciasjb.salesianos.edu\\\/colegio\\\/el-colegio-seleccionado-por-el-ministerio-de-educacion-como-centro-oficial-de-acogida-de-docentes-extranjeros-en-estancia-profesional\\\/#primaryimage\",\"url\":\"https:\\\/\\\/valenciasjb.salesianos.edu\\\/colegio\\\/wp-content\\\/uploads\\\/sites\\\/2\\\/2018\\\/09\\\/20180917_110055.jpg\",\"contentUrl\":\"https:\\\/\\\/valenciasjb.salesianos.edu\\\/colegio\\\/wp-content\\\/uploads\\\/sites\\\/2\\\/2018\\\/09\\\/20180917_110055.jpg\",\"width\":4128,\"height\":3096},{\"@type\":\"BreadcrumbList\",\"@id\":\"https:\\\/\\\/valenciasjb.salesianos.edu\\\/colegio\\\/el-colegio-seleccionado-por-el-ministerio-de-educacion-como-centro-oficial-de-acogida-de-docentes-extranjeros-en-estancia-profesional\\\/#breadcrumb\",\"itemListElement\":[{\"@type\":\"ListItem\",\"position\":1,\"name\":\"Portada\",\"item\":\"https:\\\/\\\/valenciasjb.salesianos.edu\\\/colegio\\\/\"},{\"@type\":\"ListItem\",\"position\":2,\"name\":\"El colegio seleccionado por el Ministerio de Educaci\u00f3n como centro oficial de acogida de docentes extranjeros en estancia profesional\"}]},{\"@type\":\"WebSite\",\"@id\":\"https:\\\/\\\/valenciasjb.salesianos.edu\\\/colegio\\\/#website\",\"url\":\"https:\\\/\\\/valenciasjb.salesianos.edu\\\/colegio\\\/\",\"name\":\"Colegio San Juan Bosco Valencia\",\"description\":\"P\u00e1gina oficial del Colegio Salesianos San Juan Bosco Valencia\",\"alternateName\":\"Salesianos.VSJB\",\"potentialAction\":[{\"@type\":\"SearchAction\",\"target\":{\"@type\":\"EntryPoint\",\"urlTemplate\":\"https:\\\/\\\/valenciasjb.salesianos.edu\\\/colegio\\\/?s={search_term_string}\"},\"query-input\":{\"@type\":\"PropertyValueSpecification\",\"valueRequired\":true,\"valueName\":\"search_term_string\"}}],\"inLanguage\":\"es\"},{\"@type\":\"Person\",\"@id\":\"https:\\\/\\\/valenciasjb.salesianos.edu\\\/colegio\\\/#\\\/schema\\\/person\\\/1f45b67e52b27da175190a574db6bed9\",\"name\":\"veronicapastor\",\"image\":{\"@type\":\"ImageObject\",\"inLanguage\":\"es\",\"@id\":\"https:\\\/\\\/secure.gravatar.com\\\/avatar\\\/e29bd40bace3fd935e1d6fdb7313ffc14628cc037c5e16f4c7369b20a2a6f7f0?s=96&d=mm&r=g\",\"url\":\"https:\\\/\\\/secure.gravatar.com\\\/avatar\\\/e29bd40bace3fd935e1d6fdb7313ffc14628cc037c5e16f4c7369b20a2a6f7f0?s=96&d=mm&r=g\",\"contentUrl\":\"https:\\\/\\\/secure.gravatar.com\\\/avatar\\\/e29bd40bace3fd935e1d6fdb7313ffc14628cc037c5e16f4c7369b20a2a6f7f0?s=96&d=mm&r=g\",\"caption\":\"veronicapastor\"}}]}<\/script>\n<!-- \/ Yoast SEO plugin. -->","yoast_head_json":{"title":"El colegio seleccionado por el Ministerio de Educaci\u00f3n como centro oficial de acogida de docentes extranjeros en estancia profesional - Colegio San Juan Bosco Valencia","robots":{"index":"index","follow":"follow","max-snippet":"max-snippet:-1","max-image-preview":"max-image-preview:large","max-video-preview":"max-video-preview:-1"},"canonical":"https:\/\/valenciasjb.salesianos.edu\/colegio\/el-colegio-seleccionado-por-el-ministerio-de-educacion-como-centro-oficial-de-acogida-de-docentes-extranjeros-en-estancia-profesional\/","og_locale":"es_ES","og_type":"article","og_title":"El colegio seleccionado por el Ministerio de Educaci\u00f3n como centro oficial de acogida de docentes extranjeros en estancia profesional - Colegio San Juan Bosco Valencia","og_description":"El Ministerio de Educaci\u00f3n ha seleccionado al Colegio Salesiano San Juan Bosco de Valencia para ser, en el curso 2018-2019, centro oficial de acogida de docentes extranjeros en estancia profesional. Durante este curso, el colegio acoger\u00e1 a Tereza He\u0159manov\u00e1, de la Rep\u00fablica Checa, en el marco de una beca Erasmus+, de tres meses de [&hellip;]","og_url":"https:\/\/valenciasjb.salesianos.edu\/colegio\/el-colegio-seleccionado-por-el-ministerio-de-educacion-como-centro-oficial-de-acogida-de-docentes-extranjeros-en-estancia-profesional\/","og_site_name":"Colegio San Juan Bosco Valencia","article_publisher":"https:\/\/www.facebook.com\/ColegioSalesianoSanJuanBoscoValencia","article_published_time":"2018-09-17T16:36:32+00:00","og_image":[{"width":1024,"height":768,"url":"https:\/\/valenciasjb.salesianos.edu\/colegio\/wp-content\/uploads\/sites\/2\/2018\/09\/20180917_110055-1024x768.jpg","type":"image\/jpeg"}],"author":"veronicapastor","twitter_card":"summary_large_image","twitter_creator":"@SalesianosVSJB","twitter_site":"@SalesianosVSJB","twitter_misc":{"Escrito por":"veronicapastor","Tiempo de lectura":"2 minutos"},"schema":{"@context":"https:\/\/schema.org","@graph":[{"@type":"Article","@id":"https:\/\/valenciasjb.salesianos.edu\/colegio\/el-colegio-seleccionado-por-el-ministerio-de-educacion-como-centro-oficial-de-acogida-de-docentes-extranjeros-en-estancia-profesional\/#article","isPartOf":{"@id":"https:\/\/valenciasjb.salesianos.edu\/colegio\/el-colegio-seleccionado-por-el-ministerio-de-educacion-como-centro-oficial-de-acogida-de-docentes-extranjeros-en-estancia-profesional\/"},"author":{"name":"veronicapastor","@id":"https:\/\/valenciasjb.salesianos.edu\/colegio\/#\/schema\/person\/1f45b67e52b27da175190a574db6bed9"},"headline":"El colegio seleccionado por el Ministerio de Educaci\u00f3n como centro oficial de acogida de docentes extranjeros en estancia profesional","datePublished":"2018-09-17T16:36:32+00:00","mainEntityOfPage":{"@id":"https:\/\/valenciasjb.salesianos.edu\/colegio\/el-colegio-seleccionado-por-el-ministerio-de-educacion-como-centro-oficial-de-acogida-de-docentes-extranjeros-en-estancia-profesional\/"},"wordCount":444,"image":{"@id":"https:\/\/valenciasjb.salesianos.edu\/colegio\/el-colegio-seleccionado-por-el-ministerio-de-educacion-como-centro-oficial-de-acogida-de-docentes-extranjeros-en-estancia-profesional\/#primaryimage"},"thumbnailUrl":"https:\/\/valenciasjb.salesianos.edu\/colegio\/wp-content\/uploads\/sites\/2\/2018\/09\/20180917_110055.jpg","articleSection":["Noticia Colegio"],"inLanguage":"es"},{"@type":"WebPage","@id":"https:\/\/valenciasjb.salesianos.edu\/colegio\/el-colegio-seleccionado-por-el-ministerio-de-educacion-como-centro-oficial-de-acogida-de-docentes-extranjeros-en-estancia-profesional\/","url":"https:\/\/valenciasjb.salesianos.edu\/colegio\/el-colegio-seleccionado-por-el-ministerio-de-educacion-como-centro-oficial-de-acogida-de-docentes-extranjeros-en-estancia-profesional\/","name":"El colegio seleccionado por el Ministerio de Educaci\u00f3n como centro oficial de acogida de docentes extranjeros en estancia profesional - Colegio San Juan Bosco Valencia","isPartOf":{"@id":"https:\/\/valenciasjb.salesianos.edu\/colegio\/#website"},"primaryImageOfPage":{"@id":"https:\/\/valenciasjb.salesianos.edu\/colegio\/el-colegio-seleccionado-por-el-ministerio-de-educacion-como-centro-oficial-de-acogida-de-docentes-extranjeros-en-estancia-profesional\/#primaryimage"},"image":{"@id":"https:\/\/valenciasjb.salesianos.edu\/colegio\/el-colegio-seleccionado-por-el-ministerio-de-educacion-como-centro-oficial-de-acogida-de-docentes-extranjeros-en-estancia-profesional\/#primaryimage"},"thumbnailUrl":"https:\/\/valenciasjb.salesianos.edu\/colegio\/wp-content\/uploads\/sites\/2\/2018\/09\/20180917_110055.jpg","datePublished":"2018-09-17T16:36:32+00:00","author":{"@id":"https:\/\/valenciasjb.salesianos.edu\/colegio\/#\/schema\/person\/1f45b67e52b27da175190a574db6bed9"},"breadcrumb":{"@id":"https:\/\/valenciasjb.salesianos.edu\/colegio\/el-colegio-seleccionado-por-el-ministerio-de-educacion-como-centro-oficial-de-acogida-de-docentes-extranjeros-en-estancia-profesional\/#breadcrumb"},"inLanguage":"es","potentialAction":[{"@type":"ReadAction","target":["https:\/\/valenciasjb.salesianos.edu\/colegio\/el-colegio-seleccionado-por-el-ministerio-de-educacion-como-centro-oficial-de-acogida-de-docentes-extranjeros-en-estancia-profesional\/"]}]},{"@type":"ImageObject","inLanguage":"es","@id":"https:\/\/valenciasjb.salesianos.edu\/colegio\/el-colegio-seleccionado-por-el-ministerio-de-educacion-como-centro-oficial-de-acogida-de-docentes-extranjeros-en-estancia-profesional\/#primaryimage","url":"https:\/\/valenciasjb.salesianos.edu\/colegio\/wp-content\/uploads\/sites\/2\/2018\/09\/20180917_110055.jpg","contentUrl":"https:\/\/valenciasjb.salesianos.edu\/colegio\/wp-content\/uploads\/sites\/2\/2018\/09\/20180917_110055.jpg","width":4128,"height":3096},{"@type":"BreadcrumbList","@id":"https:\/\/valenciasjb.salesianos.edu\/colegio\/el-colegio-seleccionado-por-el-ministerio-de-educacion-como-centro-oficial-de-acogida-de-docentes-extranjeros-en-estancia-profesional\/#breadcrumb","itemListElement":[{"@type":"ListItem","position":1,"name":"Portada","item":"https:\/\/valenciasjb.salesianos.edu\/colegio\/"},{"@type":"ListItem","position":2,"name":"El colegio seleccionado por el Ministerio de Educaci\u00f3n como centro oficial de acogida de docentes extranjeros en estancia profesional"}]},{"@type":"WebSite","@id":"https:\/\/valenciasjb.salesianos.edu\/colegio\/#website","url":"https:\/\/valenciasjb.salesianos.edu\/colegio\/","name":"Colegio San Juan Bosco Valencia","description":"P\u00e1gina oficial del Colegio Salesianos San Juan Bosco Valencia","alternateName":"Salesianos.VSJB","potentialAction":[{"@type":"SearchAction","target":{"@type":"EntryPoint","urlTemplate":"https:\/\/valenciasjb.salesianos.edu\/colegio\/?s={search_term_string}"},"query-input":{"@type":"PropertyValueSpecification","valueRequired":true,"valueName":"search_term_string"}}],"inLanguage":"es"},{"@type":"Person","@id":"https:\/\/valenciasjb.salesianos.edu\/colegio\/#\/schema\/person\/1f45b67e52b27da175190a574db6bed9","name":"veronicapastor","image":{"@type":"ImageObject","inLanguage":"es","@id":"https:\/\/secure.gravatar.com\/avatar\/e29bd40bace3fd935e1d6fdb7313ffc14628cc037c5e16f4c7369b20a2a6f7f0?s=96&d=mm&r=g","url":"https:\/\/secure.gravatar.com\/avatar\/e29bd40bace3fd935e1d6fdb7313ffc14628cc037c5e16f4c7369b20a2a6f7f0?s=96&d=mm&r=g","contentUrl":"https:\/\/secure.gravatar.com\/avatar\/e29bd40bace3fd935e1d6fdb7313ffc14628cc037c5e16f4c7369b20a2a6f7f0?s=96&d=mm&r=g","caption":"veronicapastor"}}]}},"_links":{"self":[{"href":"https:\/\/valenciasjb.salesianos.edu\/colegio\/wp-json\/wp\/v2\/posts\/9564","targetHints":{"allow":["GET"]}}],"collection":[{"href":"https:\/\/valenciasjb.salesianos.edu\/colegio\/wp-json\/wp\/v2\/posts"}],"about":[{"href":"https:\/\/valenciasjb.salesianos.edu\/colegio\/wp-json\/wp\/v2\/types\/post"}],"author":[{"embeddable":true,"href":"https:\/\/valenciasjb.salesianos.edu\/colegio\/wp-json\/wp\/v2\/users\/6"}],"replies":[{"embeddable":true,"href":"https:\/\/valenciasjb.salesianos.edu\/colegio\/wp-json\/wp\/v2\/comments?post=9564"}],"version-history":[{"count":2,"href":"https:\/\/valenciasjb.salesianos.edu\/colegio\/wp-json\/wp\/v2\/posts\/9564\/revisions"}],"predecessor-version":[{"id":9573,"href":"https:\/\/valenciasjb.salesianos.edu\/colegio\/wp-json\/wp\/v2\/posts\/9564\/revisions\/9573"}],"wp:featuredmedia":[{"embeddable":true,"href":"https:\/\/valenciasjb.salesianos.edu\/colegio\/wp-json\/wp\/v2\/media\/9571"}],"wp:attachment":[{"href":"https:\/\/valenciasjb.salesianos.edu\/colegio\/wp-json\/wp\/v2\/media?parent=9564"}],"wp:term":[{"taxonomy":"category","embeddable":true,"href":"https:\/\/valenciasjb.salesianos.edu\/colegio\/wp-json\/wp\/v2\/categories?post=9564"},{"taxonomy":"post_tag","embeddable":true,"href":"https:\/\/valenciasjb.salesianos.edu\/colegio\/wp-json\/wp\/v2\/tags?post=9564"}],"curies":[{"name":"wp","href":"https:\/\/api.w.org\/{rel}","templated":true}]}}