{"id":9587,"date":"2018-09-18T23:12:10","date_gmt":"2018-09-18T22:12:10","guid":{"rendered":"https:\/\/valenciasjb.salesianos.edu\/colegio\/?p=9587"},"modified":"2018-09-18T23:12:10","modified_gmt":"2018-09-18T22:12:10","slug":"la-profesora-beatriz-lluch-ibanez-nominada-a-mejor-docente-de-espana-2018-en-los-premios-educa-abanca","status":"publish","type":"post","link":"https:\/\/valenciasjb.salesianos.edu\/colegio\/la-profesora-beatriz-lluch-ibanez-nominada-a-mejor-docente-de-espana-2018-en-los-premios-educa-abanca\/","title":{"rendered":"La profesora Beatriz Lluch Ib\u00e1\u00f1ez nominada a mejor docente de Espa\u00f1a 2018 en los premios Educa Abanca"},"content":{"rendered":"<div id=\"fb-root\"><\/div>\n<p>[et_pb_section bb_built=\u00bb1&#8243; next_background_color=\u00bb#000000&#8243;][et_pb_row][\/et_pb_row][\/et_pb_section][et_pb_section bb_built=\u00bb1&#8243; admin_label=\u00bbsection\u00bb prev_background_color=\u00bb#000000&#8243;][et_pb_row admin_label=\u00bbrow\u00bb background_position=\u00bbtop_left\u00bb background_repeat=\u00bbrepeat\u00bb background_size=\u00bbinitial\u00bb][et_pb_column type=\u00bb4_4&#8243;][et_pb_text admin_label=\u00bbEntradilla (Texto)\u00bb _builder_version=\u00bb3.0.105&#8243; background_layout=\u00bblight\u00bb text_orientation=\u00bbjustified\u00bb text_font=\u00bb|on|||\u00bb module_alignment=\u00bbleft\u00bb]<\/p>\n<div id=\"resumen\">\n<p><span style=\"font-weight: 400\">La profesora del Colegio Salesiano San Juan Bosco de Valencia, Beatriz Lluch Ib\u00e1\u00f1ez, ha sido nominada como finalista a mejor docente de Espa\u00f1a 2018, en los premios Educa Abanca, tal y como promueven estos galardones, por su calidad docente, por su praxis, por su trato con el alumnado, por su preocupaci\u00f3n por el futuro de sus alumnos\u2026<\/span><\/p>\n<\/div>\n<div><\/div>\n<p>[\/et_pb_text][et_pb_text admin_label=\u00bbAutor (Texto)\u00bb _builder_version=\u00bb3.0.105&#8243; background_layout=\u00bblight\u00bb text_font=\u00bb||on||\u00bb]<\/p>\n<p>Redacci\u00f3n.<\/p>\n<p>[\/et_pb_text][et_pb_text admin_label=\u00bbDesarrollo (Texto)\u00bb _builder_version=\u00bb3.0.105&#8243; background_layout=\u00bblight\u00bb text_orientation=\u00bbjustified\u00bb module_alignment=\u00bbleft\u00bb]<\/p>\n<p><span style=\"font-weight: 400\">Se trata de unos prestigiosos premios conocidos como los \u00abGoya de la Educaci\u00f3n\u00bb que realzan la figura del buen docente y tienen como caracter\u00edstica principal que ning\u00fan profesor se puede presentar individualmente, deben ser sus alumnos o las familias quienes lo propongan. Dado que los nominados salen de las propuestas realizadas por el alumnado, ex alumnado o familiares del alumno, cualquier docente tiene derecho a ser propuesto.<\/span><\/p>\n<p><span style=\"font-weight: 400\">De entre las casi 2000 propuestas recibidas por el comit\u00e9 procedentes de todos los rincones de Espa\u00f1a, nuestra profesora Beatriz Lluch ha sido seleccionada entre los 50 finalistas de su categor\u00eda, Educaci\u00f3n Primaria. <\/span><\/p>\n<p><span style=\"font-weight: 400\">El colegio quiere dar la m\u00e1s sincera enhorabuena a Beatriz por este merecido reconocimiento, por la profesionalidad y pasi\u00f3n que muestra en su tarea docente y los valores que transmite a sus alumnos y alumnas. A las familias y alumnado gracias por la confianza depositada en el colegio, por formar parte de esta gran comunidad educativa unida. Juntos siempre por y para nuestros j\u00f3venes.<\/span><\/p>\n<p><span style=\"font-weight: 400\">Enlace a la web de los premios a Mejor docente de Espa\u00f1a 2018: <\/span><a href=\"https:\/\/www.mundoeduca.org\/premios-educa-mejor-docente-de-espa%C3%B1a\/\"><span style=\"font-weight: 400\">https:\/\/www.mundoeduca.org\/premios-educa-mejor-docente-de-espa%C3%B1a\/<\/span><\/a><\/p>\n<p>[\/et_pb_text][et_pb_text admin_label=\u00bbT\u00edtulo: Galer\u00eda de fotos (Texto)\u00bb _builder_version=\u00bb3.0.76&#8243; background_layout=\u00bblight\u00bb text_font=\u00bb|on|||\u00bb text_text_color=\u00bb#dc001b\u00bb border_style=\u00bbsolid\u00bb disabled=\u00bboff\u00bb disabled_on=\u00bboff|on|on\u00bb]<\/p>\n<p>Galer\u00eda de im\u00e1genes<\/p>\n<p>[\/et_pb_text][et_pb_gallery _builder_version=\u00bb3.0.105&#8243; posts_number=\u00bb8&#8243; show_title_and_caption=\u00bboff\u00bb show_pagination=\u00bbon\u00bb fullwidth=\u00bboff\u00bb orientation=\u00bblandscape\u00bb zoom_icon_color=\u00bb#dc001b\u00bb hover_overlay_color=\u00bbrgba(255,255,255,0.9)\u00bb hover_icon=\u00bb%%51%%\u00bb background_layout=\u00bblight\u00bb disabled=\u00bboff\u00bb disabled_on=\u00bboff|off|off\u00bb gallery_ids=\u00bb9588&#8243; pagination_font_size_tablet=\u00bb51&#8243; pagination_line_height_tablet=\u00bb2&#8243; \/][et_pb_video _builder_version=\u00bb3.0.105&#8243; disabled=\u00bboff\u00bb disabled_on=\u00bboff|off|off\u00bb src=\u00bbhttps:\/\/youtu.be\/tDqce8LNww8&#8243; image_src=\u00bbhttps:\/\/valenciasjb.salesianos.edu\/colegio\/wp-content\/uploads\/sites\/2\/2018\/09\/cartel-nominado-MUJER.png\u00bb \/][\/et_pb_column][\/et_pb_row][\/et_pb_section]<\/p>\n<!-- AddThis Advanced Settings generic via filter on the_content --><!-- AddThis Share Buttons generic via filter on the_content -->","protected":false},"excerpt":{"rendered":"<p><div class=\"et_pb_row et_pb_row_0 et_pb_row_empty\">\n\t\t\t\t\n\t\t\t\t\n\t\t\t\t\n\t\t\t\t\n\t\t\t\t\n\t\t\t<\/div> La profesora del Colegio Salesiano San Juan Bosco de Valencia, Beatriz Lluch Ib\u00e1\u00f1ez, ha sido nominada como finalista a mejor docente de Espa\u00f1a 2018, en los premios Educa Abanca, tal y como promueven estos galardones, por su calidad docente, por su praxis, por su trato con el alumnado, por su preocupaci\u00f3n por el futuro [&hellip;]<\/p>\n<p><!-- AddThis Advanced Settings generic via filter on get_the_excerpt --><!-- AddThis Share Buttons generic via filter on get_the_excerpt --><\/p>\n","protected":false},"author":6,"featured_media":9588,"comment_status":"closed","ping_status":"open","sticky":false,"template":"","format":"standard","meta":{"_et_pb_use_builder":"on","_et_pb_old_content":"","_et_gb_content_width":"","footnotes":""},"categories":[14],"tags":[],"class_list":["post-9587","post","type-post","status-publish","format-standard","has-post-thumbnail","hentry","category-noticia_colegio"],"yoast_head":"<!-- This site is optimized with the Yoast SEO plugin v28.4 - https:\/\/yoast.com\/product\/yoast-seo-wordpress\/ -->\n<title>La profesora Beatriz Lluch Ib\u00e1\u00f1ez nominada a mejor docente de Espa\u00f1a 2018 en los premios Educa Abanca - Colegio San Juan Bosco Valencia<\/title>\n<meta name=\"robots\" content=\"index, follow, max-snippet:-1, max-image-preview:large, max-video-preview:-1\" \/>\n<link rel=\"canonical\" href=\"https:\/\/valenciasjb.salesianos.edu\/colegio\/la-profesora-beatriz-lluch-ibanez-nominada-a-mejor-docente-de-espana-2018-en-los-premios-educa-abanca\/\" \/>\n<meta property=\"og:locale\" content=\"es_ES\" \/>\n<meta property=\"og:type\" content=\"article\" \/>\n<meta property=\"og:title\" content=\"La profesora Beatriz Lluch Ib\u00e1\u00f1ez nominada a mejor docente de Espa\u00f1a 2018 en los premios Educa Abanca - Colegio San Juan Bosco Valencia\" \/>\n<meta property=\"og:description\" content=\"La profesora del Colegio Salesiano San Juan Bosco de Valencia, Beatriz Lluch Ib\u00e1\u00f1ez, ha sido nominada como finalista a mejor docente de Espa\u00f1a 2018, en los premios Educa Abanca, tal y como promueven estos galardones, por su calidad docente, por su praxis, por su trato con el alumnado, por su preocupaci\u00f3n por el futuro [&hellip;]\" \/>\n<meta property=\"og:url\" content=\"https:\/\/valenciasjb.salesianos.edu\/colegio\/la-profesora-beatriz-lluch-ibanez-nominada-a-mejor-docente-de-espana-2018-en-los-premios-educa-abanca\/\" \/>\n<meta property=\"og:site_name\" content=\"Colegio San Juan Bosco Valencia\" \/>\n<meta property=\"article:publisher\" content=\"https:\/\/www.facebook.com\/ColegioSalesianoSanJuanBoscoValencia\" \/>\n<meta property=\"article:published_time\" content=\"2018-09-18T22:12:10+00:00\" \/>\n<meta property=\"og:image\" content=\"https:\/\/valenciasjb.salesianos.edu\/colegio\/wp-content\/uploads\/sites\/2\/2018\/09\/cartel-nominado-MUJER.png\" \/>\n\t<meta property=\"og:image:width\" content=\"800\" \/>\n\t<meta property=\"og:image:height\" content=\"800\" \/>\n\t<meta property=\"og:image:type\" content=\"image\/png\" \/>\n<meta name=\"author\" content=\"veronicapastor\" \/>\n<meta name=\"twitter:card\" content=\"summary_large_image\" \/>\n<meta name=\"twitter:creator\" content=\"@SalesianosVSJB\" \/>\n<meta name=\"twitter:site\" content=\"@SalesianosVSJB\" \/>\n<meta name=\"twitter:label1\" content=\"Escrito por\" \/>\n\t<meta name=\"twitter:data1\" content=\"veronicapastor\" \/>\n\t<meta name=\"twitter:label2\" content=\"Tiempo de lectura\" \/>\n\t<meta name=\"twitter:data2\" content=\"2 minutos\" \/>\n<script type=\"application\/ld+json\" class=\"yoast-schema-graph\">{\"@context\":\"https:\\\/\\\/schema.org\",\"@graph\":[{\"@type\":\"Article\",\"@id\":\"https:\\\/\\\/valenciasjb.salesianos.edu\\\/colegio\\\/la-profesora-beatriz-lluch-ibanez-nominada-a-mejor-docente-de-espana-2018-en-los-premios-educa-abanca\\\/#article\",\"isPartOf\":{\"@id\":\"https:\\\/\\\/valenciasjb.salesianos.edu\\\/colegio\\\/la-profesora-beatriz-lluch-ibanez-nominada-a-mejor-docente-de-espana-2018-en-los-premios-educa-abanca\\\/\"},\"author\":{\"name\":\"veronicapastor\",\"@id\":\"https:\\\/\\\/valenciasjb.salesianos.edu\\\/colegio\\\/#\\\/schema\\\/person\\\/1f45b67e52b27da175190a574db6bed9\"},\"headline\":\"La profesora Beatriz Lluch Ib\u00e1\u00f1ez nominada a mejor docente de Espa\u00f1a 2018 en los premios Educa Abanca\",\"datePublished\":\"2018-09-18T22:12:10+00:00\",\"mainEntityOfPage\":{\"@id\":\"https:\\\/\\\/valenciasjb.salesianos.edu\\\/colegio\\\/la-profesora-beatriz-lluch-ibanez-nominada-a-mejor-docente-de-espana-2018-en-los-premios-educa-abanca\\\/\"},\"wordCount\":514,\"image\":{\"@id\":\"https:\\\/\\\/valenciasjb.salesianos.edu\\\/colegio\\\/la-profesora-beatriz-lluch-ibanez-nominada-a-mejor-docente-de-espana-2018-en-los-premios-educa-abanca\\\/#primaryimage\"},\"thumbnailUrl\":\"https:\\\/\\\/valenciasjb.salesianos.edu\\\/colegio\\\/wp-content\\\/uploads\\\/sites\\\/2\\\/2018\\\/09\\\/cartel-nominado-MUJER.png\",\"articleSection\":[\"Noticia Colegio\"],\"inLanguage\":\"es\"},{\"@type\":\"WebPage\",\"@id\":\"https:\\\/\\\/valenciasjb.salesianos.edu\\\/colegio\\\/la-profesora-beatriz-lluch-ibanez-nominada-a-mejor-docente-de-espana-2018-en-los-premios-educa-abanca\\\/\",\"url\":\"https:\\\/\\\/valenciasjb.salesianos.edu\\\/colegio\\\/la-profesora-beatriz-lluch-ibanez-nominada-a-mejor-docente-de-espana-2018-en-los-premios-educa-abanca\\\/\",\"name\":\"La profesora Beatriz Lluch Ib\u00e1\u00f1ez nominada a mejor docente de Espa\u00f1a 2018 en los premios Educa Abanca - Colegio San Juan Bosco Valencia\",\"isPartOf\":{\"@id\":\"https:\\\/\\\/valenciasjb.salesianos.edu\\\/colegio\\\/#website\"},\"primaryImageOfPage\":{\"@id\":\"https:\\\/\\\/valenciasjb.salesianos.edu\\\/colegio\\\/la-profesora-beatriz-lluch-ibanez-nominada-a-mejor-docente-de-espana-2018-en-los-premios-educa-abanca\\\/#primaryimage\"},\"image\":{\"@id\":\"https:\\\/\\\/valenciasjb.salesianos.edu\\\/colegio\\\/la-profesora-beatriz-lluch-ibanez-nominada-a-mejor-docente-de-espana-2018-en-los-premios-educa-abanca\\\/#primaryimage\"},\"thumbnailUrl\":\"https:\\\/\\\/valenciasjb.salesianos.edu\\\/colegio\\\/wp-content\\\/uploads\\\/sites\\\/2\\\/2018\\\/09\\\/cartel-nominado-MUJER.png\",\"datePublished\":\"2018-09-18T22:12:10+00:00\",\"author\":{\"@id\":\"https:\\\/\\\/valenciasjb.salesianos.edu\\\/colegio\\\/#\\\/schema\\\/person\\\/1f45b67e52b27da175190a574db6bed9\"},\"breadcrumb\":{\"@id\":\"https:\\\/\\\/valenciasjb.salesianos.edu\\\/colegio\\\/la-profesora-beatriz-lluch-ibanez-nominada-a-mejor-docente-de-espana-2018-en-los-premios-educa-abanca\\\/#breadcrumb\"},\"inLanguage\":\"es\",\"potentialAction\":[{\"@type\":\"ReadAction\",\"target\":[\"https:\\\/\\\/valenciasjb.salesianos.edu\\\/colegio\\\/la-profesora-beatriz-lluch-ibanez-nominada-a-mejor-docente-de-espana-2018-en-los-premios-educa-abanca\\\/\"]}]},{\"@type\":\"ImageObject\",\"inLanguage\":\"es\",\"@id\":\"https:\\\/\\\/valenciasjb.salesianos.edu\\\/colegio\\\/la-profesora-beatriz-lluch-ibanez-nominada-a-mejor-docente-de-espana-2018-en-los-premios-educa-abanca\\\/#primaryimage\",\"url\":\"https:\\\/\\\/valenciasjb.salesianos.edu\\\/colegio\\\/wp-content\\\/uploads\\\/sites\\\/2\\\/2018\\\/09\\\/cartel-nominado-MUJER.png\",\"contentUrl\":\"https:\\\/\\\/valenciasjb.salesianos.edu\\\/colegio\\\/wp-content\\\/uploads\\\/sites\\\/2\\\/2018\\\/09\\\/cartel-nominado-MUJER.png\",\"width\":800,\"height\":800},{\"@type\":\"BreadcrumbList\",\"@id\":\"https:\\\/\\\/valenciasjb.salesianos.edu\\\/colegio\\\/la-profesora-beatriz-lluch-ibanez-nominada-a-mejor-docente-de-espana-2018-en-los-premios-educa-abanca\\\/#breadcrumb\",\"itemListElement\":[{\"@type\":\"ListItem\",\"position\":1,\"name\":\"Portada\",\"item\":\"https:\\\/\\\/valenciasjb.salesianos.edu\\\/colegio\\\/\"},{\"@type\":\"ListItem\",\"position\":2,\"name\":\"La profesora Beatriz Lluch Ib\u00e1\u00f1ez nominada a mejor docente de Espa\u00f1a 2018 en los premios Educa Abanca\"}]},{\"@type\":\"WebSite\",\"@id\":\"https:\\\/\\\/valenciasjb.salesianos.edu\\\/colegio\\\/#website\",\"url\":\"https:\\\/\\\/valenciasjb.salesianos.edu\\\/colegio\\\/\",\"name\":\"Colegio San Juan Bosco Valencia\",\"description\":\"P\u00e1gina oficial del Colegio Salesianos San Juan Bosco Valencia\",\"alternateName\":\"Salesianos.VSJB\",\"potentialAction\":[{\"@type\":\"SearchAction\",\"target\":{\"@type\":\"EntryPoint\",\"urlTemplate\":\"https:\\\/\\\/valenciasjb.salesianos.edu\\\/colegio\\\/?s={search_term_string}\"},\"query-input\":{\"@type\":\"PropertyValueSpecification\",\"valueRequired\":true,\"valueName\":\"search_term_string\"}}],\"inLanguage\":\"es\"},{\"@type\":\"Person\",\"@id\":\"https:\\\/\\\/valenciasjb.salesianos.edu\\\/colegio\\\/#\\\/schema\\\/person\\\/1f45b67e52b27da175190a574db6bed9\",\"name\":\"veronicapastor\",\"image\":{\"@type\":\"ImageObject\",\"inLanguage\":\"es\",\"@id\":\"https:\\\/\\\/secure.gravatar.com\\\/avatar\\\/e29bd40bace3fd935e1d6fdb7313ffc14628cc037c5e16f4c7369b20a2a6f7f0?s=96&d=mm&r=g\",\"url\":\"https:\\\/\\\/secure.gravatar.com\\\/avatar\\\/e29bd40bace3fd935e1d6fdb7313ffc14628cc037c5e16f4c7369b20a2a6f7f0?s=96&d=mm&r=g\",\"contentUrl\":\"https:\\\/\\\/secure.gravatar.com\\\/avatar\\\/e29bd40bace3fd935e1d6fdb7313ffc14628cc037c5e16f4c7369b20a2a6f7f0?s=96&d=mm&r=g\",\"caption\":\"veronicapastor\"}}]}<\/script>\n<!-- \/ Yoast SEO plugin. -->","yoast_head_json":{"title":"La profesora Beatriz Lluch Ib\u00e1\u00f1ez nominada a mejor docente de Espa\u00f1a 2018 en los premios Educa Abanca - Colegio San Juan Bosco Valencia","robots":{"index":"index","follow":"follow","max-snippet":"max-snippet:-1","max-image-preview":"max-image-preview:large","max-video-preview":"max-video-preview:-1"},"canonical":"https:\/\/valenciasjb.salesianos.edu\/colegio\/la-profesora-beatriz-lluch-ibanez-nominada-a-mejor-docente-de-espana-2018-en-los-premios-educa-abanca\/","og_locale":"es_ES","og_type":"article","og_title":"La profesora Beatriz Lluch Ib\u00e1\u00f1ez nominada a mejor docente de Espa\u00f1a 2018 en los premios Educa Abanca - Colegio San Juan Bosco Valencia","og_description":"La profesora del Colegio Salesiano San Juan Bosco de Valencia, Beatriz Lluch Ib\u00e1\u00f1ez, ha sido nominada como finalista a mejor docente de Espa\u00f1a 2018, en los premios Educa Abanca, tal y como promueven estos galardones, por su calidad docente, por su praxis, por su trato con el alumnado, por su preocupaci\u00f3n por el futuro [&hellip;]","og_url":"https:\/\/valenciasjb.salesianos.edu\/colegio\/la-profesora-beatriz-lluch-ibanez-nominada-a-mejor-docente-de-espana-2018-en-los-premios-educa-abanca\/","og_site_name":"Colegio San Juan Bosco Valencia","article_publisher":"https:\/\/www.facebook.com\/ColegioSalesianoSanJuanBoscoValencia","article_published_time":"2018-09-18T22:12:10+00:00","og_image":[{"width":800,"height":800,"url":"https:\/\/valenciasjb.salesianos.edu\/colegio\/wp-content\/uploads\/sites\/2\/2018\/09\/cartel-nominado-MUJER.png","type":"image\/png"}],"author":"veronicapastor","twitter_card":"summary_large_image","twitter_creator":"@SalesianosVSJB","twitter_site":"@SalesianosVSJB","twitter_misc":{"Escrito por":"veronicapastor","Tiempo de lectura":"2 minutos"},"schema":{"@context":"https:\/\/schema.org","@graph":[{"@type":"Article","@id":"https:\/\/valenciasjb.salesianos.edu\/colegio\/la-profesora-beatriz-lluch-ibanez-nominada-a-mejor-docente-de-espana-2018-en-los-premios-educa-abanca\/#article","isPartOf":{"@id":"https:\/\/valenciasjb.salesianos.edu\/colegio\/la-profesora-beatriz-lluch-ibanez-nominada-a-mejor-docente-de-espana-2018-en-los-premios-educa-abanca\/"},"author":{"name":"veronicapastor","@id":"https:\/\/valenciasjb.salesianos.edu\/colegio\/#\/schema\/person\/1f45b67e52b27da175190a574db6bed9"},"headline":"La profesora Beatriz Lluch Ib\u00e1\u00f1ez nominada a mejor docente de Espa\u00f1a 2018 en los premios Educa Abanca","datePublished":"2018-09-18T22:12:10+00:00","mainEntityOfPage":{"@id":"https:\/\/valenciasjb.salesianos.edu\/colegio\/la-profesora-beatriz-lluch-ibanez-nominada-a-mejor-docente-de-espana-2018-en-los-premios-educa-abanca\/"},"wordCount":514,"image":{"@id":"https:\/\/valenciasjb.salesianos.edu\/colegio\/la-profesora-beatriz-lluch-ibanez-nominada-a-mejor-docente-de-espana-2018-en-los-premios-educa-abanca\/#primaryimage"},"thumbnailUrl":"https:\/\/valenciasjb.salesianos.edu\/colegio\/wp-content\/uploads\/sites\/2\/2018\/09\/cartel-nominado-MUJER.png","articleSection":["Noticia Colegio"],"inLanguage":"es"},{"@type":"WebPage","@id":"https:\/\/valenciasjb.salesianos.edu\/colegio\/la-profesora-beatriz-lluch-ibanez-nominada-a-mejor-docente-de-espana-2018-en-los-premios-educa-abanca\/","url":"https:\/\/valenciasjb.salesianos.edu\/colegio\/la-profesora-beatriz-lluch-ibanez-nominada-a-mejor-docente-de-espana-2018-en-los-premios-educa-abanca\/","name":"La profesora Beatriz Lluch Ib\u00e1\u00f1ez nominada a mejor docente de Espa\u00f1a 2018 en los premios Educa Abanca - Colegio San Juan Bosco Valencia","isPartOf":{"@id":"https:\/\/valenciasjb.salesianos.edu\/colegio\/#website"},"primaryImageOfPage":{"@id":"https:\/\/valenciasjb.salesianos.edu\/colegio\/la-profesora-beatriz-lluch-ibanez-nominada-a-mejor-docente-de-espana-2018-en-los-premios-educa-abanca\/#primaryimage"},"image":{"@id":"https:\/\/valenciasjb.salesianos.edu\/colegio\/la-profesora-beatriz-lluch-ibanez-nominada-a-mejor-docente-de-espana-2018-en-los-premios-educa-abanca\/#primaryimage"},"thumbnailUrl":"https:\/\/valenciasjb.salesianos.edu\/colegio\/wp-content\/uploads\/sites\/2\/2018\/09\/cartel-nominado-MUJER.png","datePublished":"2018-09-18T22:12:10+00:00","author":{"@id":"https:\/\/valenciasjb.salesianos.edu\/colegio\/#\/schema\/person\/1f45b67e52b27da175190a574db6bed9"},"breadcrumb":{"@id":"https:\/\/valenciasjb.salesianos.edu\/colegio\/la-profesora-beatriz-lluch-ibanez-nominada-a-mejor-docente-de-espana-2018-en-los-premios-educa-abanca\/#breadcrumb"},"inLanguage":"es","potentialAction":[{"@type":"ReadAction","target":["https:\/\/valenciasjb.salesianos.edu\/colegio\/la-profesora-beatriz-lluch-ibanez-nominada-a-mejor-docente-de-espana-2018-en-los-premios-educa-abanca\/"]}]},{"@type":"ImageObject","inLanguage":"es","@id":"https:\/\/valenciasjb.salesianos.edu\/colegio\/la-profesora-beatriz-lluch-ibanez-nominada-a-mejor-docente-de-espana-2018-en-los-premios-educa-abanca\/#primaryimage","url":"https:\/\/valenciasjb.salesianos.edu\/colegio\/wp-content\/uploads\/sites\/2\/2018\/09\/cartel-nominado-MUJER.png","contentUrl":"https:\/\/valenciasjb.salesianos.edu\/colegio\/wp-content\/uploads\/sites\/2\/2018\/09\/cartel-nominado-MUJER.png","width":800,"height":800},{"@type":"BreadcrumbList","@id":"https:\/\/valenciasjb.salesianos.edu\/colegio\/la-profesora-beatriz-lluch-ibanez-nominada-a-mejor-docente-de-espana-2018-en-los-premios-educa-abanca\/#breadcrumb","itemListElement":[{"@type":"ListItem","position":1,"name":"Portada","item":"https:\/\/valenciasjb.salesianos.edu\/colegio\/"},{"@type":"ListItem","position":2,"name":"La profesora Beatriz Lluch Ib\u00e1\u00f1ez nominada a mejor docente de Espa\u00f1a 2018 en los premios Educa Abanca"}]},{"@type":"WebSite","@id":"https:\/\/valenciasjb.salesianos.edu\/colegio\/#website","url":"https:\/\/valenciasjb.salesianos.edu\/colegio\/","name":"Colegio San Juan Bosco Valencia","description":"P\u00e1gina oficial del Colegio Salesianos San Juan Bosco Valencia","alternateName":"Salesianos.VSJB","potentialAction":[{"@type":"SearchAction","target":{"@type":"EntryPoint","urlTemplate":"https:\/\/valenciasjb.salesianos.edu\/colegio\/?s={search_term_string}"},"query-input":{"@type":"PropertyValueSpecification","valueRequired":true,"valueName":"search_term_string"}}],"inLanguage":"es"},{"@type":"Person","@id":"https:\/\/valenciasjb.salesianos.edu\/colegio\/#\/schema\/person\/1f45b67e52b27da175190a574db6bed9","name":"veronicapastor","image":{"@type":"ImageObject","inLanguage":"es","@id":"https:\/\/secure.gravatar.com\/avatar\/e29bd40bace3fd935e1d6fdb7313ffc14628cc037c5e16f4c7369b20a2a6f7f0?s=96&d=mm&r=g","url":"https:\/\/secure.gravatar.com\/avatar\/e29bd40bace3fd935e1d6fdb7313ffc14628cc037c5e16f4c7369b20a2a6f7f0?s=96&d=mm&r=g","contentUrl":"https:\/\/secure.gravatar.com\/avatar\/e29bd40bace3fd935e1d6fdb7313ffc14628cc037c5e16f4c7369b20a2a6f7f0?s=96&d=mm&r=g","caption":"veronicapastor"}}]}},"_links":{"self":[{"href":"https:\/\/valenciasjb.salesianos.edu\/colegio\/wp-json\/wp\/v2\/posts\/9587","targetHints":{"allow":["GET"]}}],"collection":[{"href":"https:\/\/valenciasjb.salesianos.edu\/colegio\/wp-json\/wp\/v2\/posts"}],"about":[{"href":"https:\/\/valenciasjb.salesianos.edu\/colegio\/wp-json\/wp\/v2\/types\/post"}],"author":[{"embeddable":true,"href":"https:\/\/valenciasjb.salesianos.edu\/colegio\/wp-json\/wp\/v2\/users\/6"}],"replies":[{"embeddable":true,"href":"https:\/\/valenciasjb.salesianos.edu\/colegio\/wp-json\/wp\/v2\/comments?post=9587"}],"version-history":[{"count":2,"href":"https:\/\/valenciasjb.salesianos.edu\/colegio\/wp-json\/wp\/v2\/posts\/9587\/revisions"}],"predecessor-version":[{"id":9590,"href":"https:\/\/valenciasjb.salesianos.edu\/colegio\/wp-json\/wp\/v2\/posts\/9587\/revisions\/9590"}],"wp:featuredmedia":[{"embeddable":true,"href":"https:\/\/valenciasjb.salesianos.edu\/colegio\/wp-json\/wp\/v2\/media\/9588"}],"wp:attachment":[{"href":"https:\/\/valenciasjb.salesianos.edu\/colegio\/wp-json\/wp\/v2\/media?parent=9587"}],"wp:term":[{"taxonomy":"category","embeddable":true,"href":"https:\/\/valenciasjb.salesianos.edu\/colegio\/wp-json\/wp\/v2\/categories?post=9587"},{"taxonomy":"post_tag","embeddable":true,"href":"https:\/\/valenciasjb.salesianos.edu\/colegio\/wp-json\/wp\/v2\/tags?post=9587"}],"curies":[{"name":"wp","href":"https:\/\/api.w.org\/{rel}","templated":true}]}}