{"id":9620,"date":"2018-09-21T21:39:05","date_gmt":"2018-09-21T20:39:05","guid":{"rendered":"https:\/\/valenciasjb.salesianos.edu\/colegio\/?p=9620"},"modified":"2018-09-21T21:39:05","modified_gmt":"2018-09-21T20:39:05","slug":"el-concierto-solidario-se-pone-en-marcha-con-una-comunidad-educativa-comprometida-por-cambiar-el-mundo","status":"publish","type":"post","link":"https:\/\/valenciasjb.salesianos.edu\/colegio\/el-concierto-solidario-se-pone-en-marcha-con-una-comunidad-educativa-comprometida-por-cambiar-el-mundo\/","title":{"rendered":"El Concierto Solidario se pone en marcha con una comunidad educativa comprometida por cambiar el mundo"},"content":{"rendered":"<div id=\"fb-root\"><\/div>\n<p>[et_pb_section bb_built=\u00bb1&#8243; next_background_color=\u00bb#000000&#8243;][et_pb_row][\/et_pb_row][\/et_pb_section][et_pb_section bb_built=\u00bb1&#8243; admin_label=\u00bbsection\u00bb prev_background_color=\u00bb#000000&#8243;][et_pb_row admin_label=\u00bbrow\u00bb background_position=\u00bbtop_left\u00bb background_repeat=\u00bbrepeat\u00bb background_size=\u00bbinitial\u00bb][et_pb_column type=\u00bb4_4&#8243;][et_pb_text admin_label=\u00bbEntradilla (Texto)\u00bb _builder_version=\u00bb3.0.105&#8243; background_layout=\u00bblight\u00bb text_orientation=\u00bbjustified\u00bb text_font=\u00bb|on|||\u00bb module_alignment=\u00bbleft\u00bb]<\/p>\n<div id=\"resumen\">\n<p><span style=\"font-weight: 400\">El Concierto Solidario surgi\u00f3 hace tres a\u00f1os como una actividad donde unir a personas de nuestra comunidad educativa con ilusi\u00f3n por participar en un proyecto musical y aportar su trabajo y esfuerzo en ayudar a los m\u00e1s necesitados. De esta forma, ya son tres los espect\u00e1culos musicales que han podido disfrutar miles de personas a lo largo de los tres \u00faltimos cursos escolares. Estos proyectos recaudaron dinero para distintas ONG como ACNUR, UNICEF, Juegaterapia, AVAPACE y la Fundaci\u00f3n Reina Sof\u00eda.<\/span><\/p>\n<\/div>\n<div><\/div>\n<p>[\/et_pb_text][et_pb_text admin_label=\u00bbAutor (Texto)\u00bb _builder_version=\u00bb3.0.105&#8243; background_layout=\u00bblight\u00bb text_font=\u00bb||on||\u00bb]<\/p>\n<p>Iv\u00e1n Esteban.<\/p>\n<p>[\/et_pb_text][et_pb_text admin_label=\u00bbDesarrollo (Texto)\u00bb _builder_version=\u00bb3.0.105&#8243; background_layout=\u00bblight\u00bb text_orientation=\u00bbjustified\u00bb module_alignment=\u00bbleft\u00bb]<\/p>\n<p><span style=\"font-weight: 400\">Este nuevo curso, alumnos, antiguos alumnos, personal trabajador del colegio y familias, volvemos a unirnos en un nuevo Concierto Solidario con un formato navide\u00f1o, que tendr\u00e1 lugar el fin de semana del 21 al 23 de diciembre en el teatro del colegio. En el Concierto se interpretar\u00e1n en directo 13 canciones de tem\u00e1tica navide\u00f1a y se contar\u00e1n historias independientes ambientadas en la Navidad en distintas partes del mundo, escritas por 5 directores guionistas diferentes con experiencia en el mundo del teatro y la literatura.<\/span><\/p>\n<p><span style=\"font-weight: 400\">Los ensayos comienzan la primera semana de octubre y sus horarios ser\u00e1n:<\/span><\/p>\n<ul>\n<li><span style=\"font-weight: 400\"> \u00a0\u00a0\u00a0\u00a0\u00a0\u00a0<\/span><span style=\"font-weight: 400\">Baile: martes de 18:30 a 20:00. Coordinan Ana Estell\u00e9s, Andrea S\u00e1nchez, Estela Azor\u00edn y Mari Sebasti\u00e1.<\/span><\/li>\n<li><span style=\"font-weight: 400\"> \u00a0\u00a0\u00a0\u00a0\u00a0\u00a0<\/span><span style=\"font-weight: 400\">Coro: mi\u00e9rcoles de 18:30 a 20:00. Coordina Juan Peris.<\/span><\/li>\n<li><span style=\"font-weight: 400\"> \u00a0\u00a0\u00a0\u00a0\u00a0\u00a0<\/span><span style=\"font-weight: 400\">Escena: viernes de 18:00 a 19:30. Coordinan Juanma Arjona e Iv\u00e1n Esteban,<\/span><\/li>\n<li><span style=\"font-weight: 400\"> \u00a0<\/span><span style=\"font-weight: 400\">Escenograf\u00eda: seg\u00fan la disponibilidad m\u00e1s popular que se obtenga en las inscripciones. Coordina Tomeu Moragues.<\/span><\/li>\n<\/ul>\n<p><span style=\"font-weight: 400\">Por lo tanto, si tienes ganas de bailar, cantar, actuar o, por otro lado, se te da bien la decoraci\u00f3n y quieres formar parte del equipo de escenograf\u00eda, tienes hasta el viernes 28 de septiembre para formalizar tu inscripci\u00f3n a trav\u00e9s del siguiente cuestionario:<\/span> <a href=\"https:\/\/goo.gl\/forms\/dH6xRUSGUDd5nJhs2\"><span style=\"font-weight: 400\">https:\/\/goo.gl\/forms\/dH6xRUSGUDd5nJhs2<\/span><\/a><span style=\"font-weight: 400\"> (toda la comunidad educativa est\u00e1 invitada a participar en el Concierto Solidario; ni\u00f1os a partir de 6\u00ba de Primaria).<\/span><\/p>\n<p>[\/et_pb_text][et_pb_text admin_label=\u00bbT\u00edtulo: Galer\u00eda de fotos (Texto)\u00bb _builder_version=\u00bb3.0.76&#8243; background_layout=\u00bblight\u00bb text_font=\u00bb|on|||\u00bb text_text_color=\u00bb#dc001b\u00bb border_style=\u00bbsolid\u00bb disabled=\u00bboff\u00bb disabled_on=\u00bboff|on|on\u00bb]<\/p>\n<p>Galer\u00eda de im\u00e1genes<\/p>\n<p>[\/et_pb_text][et_pb_gallery _builder_version=\u00bb3.0.105&#8243; posts_number=\u00bb8&#8243; show_title_and_caption=\u00bboff\u00bb show_pagination=\u00bbon\u00bb fullwidth=\u00bboff\u00bb orientation=\u00bblandscape\u00bb zoom_icon_color=\u00bb#dc001b\u00bb hover_overlay_color=\u00bbrgba(255,255,255,0.9)\u00bb hover_icon=\u00bb%%51%%\u00bb background_layout=\u00bblight\u00bb disabled=\u00bboff\u00bb disabled_on=\u00bboff|off|off\u00bb gallery_ids=\u00bb9621,9622,9623,9624,9625,9628,9626&#8243; pagination_font_size_tablet=\u00bb51&#8243; pagination_line_height_tablet=\u00bb2&#8243; \/][et_pb_video _builder_version=\u00bb3.0.51&#8243; disabled=\u00bbon\u00bb disabled_on=\u00bbon|on|on\u00bb \/][\/et_pb_column][\/et_pb_row][\/et_pb_section]<\/p>\n<!-- AddThis Advanced Settings generic via filter on the_content --><!-- AddThis Share Buttons generic via filter on the_content -->","protected":false},"excerpt":{"rendered":"<p><div class=\"et_pb_row et_pb_row_0 et_pb_row_empty\">\n\t\t\t\t\n\t\t\t\t\n\t\t\t\t\n\t\t\t\t\n\t\t\t\t\n\t\t\t<\/div> El Concierto Solidario surgi\u00f3 hace tres a\u00f1os como una actividad donde unir a personas de nuestra comunidad educativa con ilusi\u00f3n por participar en un proyecto musical y aportar su trabajo y esfuerzo en ayudar a los m\u00e1s necesitados. De esta forma, ya son tres los espect\u00e1culos musicales que han podido disfrutar miles de personas [&hellip;]<\/p>\n<p><!-- AddThis Advanced Settings generic via filter on get_the_excerpt --><!-- AddThis Share Buttons generic via filter on get_the_excerpt --><\/p>\n","protected":false},"author":6,"featured_media":9621,"comment_status":"closed","ping_status":"open","sticky":false,"template":"","format":"standard","meta":{"_et_pb_use_builder":"on","_et_pb_old_content":"","_et_gb_content_width":"","footnotes":""},"categories":[14],"tags":[],"class_list":["post-9620","post","type-post","status-publish","format-standard","has-post-thumbnail","hentry","category-noticia_colegio"],"yoast_head":"<!-- This site is optimized with the Yoast SEO plugin v28.4 - https:\/\/yoast.com\/product\/yoast-seo-wordpress\/ -->\n<title>El Concierto Solidario se pone en marcha con una comunidad educativa comprometida por cambiar el mundo - Colegio San Juan Bosco Valencia<\/title>\n<meta name=\"robots\" content=\"index, follow, max-snippet:-1, max-image-preview:large, max-video-preview:-1\" \/>\n<link rel=\"canonical\" href=\"https:\/\/valenciasjb.salesianos.edu\/colegio\/el-concierto-solidario-se-pone-en-marcha-con-una-comunidad-educativa-comprometida-por-cambiar-el-mundo\/\" \/>\n<meta property=\"og:locale\" content=\"es_ES\" \/>\n<meta property=\"og:type\" content=\"article\" \/>\n<meta property=\"og:title\" content=\"El Concierto Solidario se pone en marcha con una comunidad educativa comprometida por cambiar el mundo - Colegio San Juan Bosco Valencia\" \/>\n<meta property=\"og:description\" content=\"El Concierto Solidario surgi\u00f3 hace tres a\u00f1os como una actividad donde unir a personas de nuestra comunidad educativa con ilusi\u00f3n por participar en un proyecto musical y aportar su trabajo y esfuerzo en ayudar a los m\u00e1s necesitados. De esta forma, ya son tres los espect\u00e1culos musicales que han podido disfrutar miles de personas [&hellip;]\" \/>\n<meta property=\"og:url\" content=\"https:\/\/valenciasjb.salesianos.edu\/colegio\/el-concierto-solidario-se-pone-en-marcha-con-una-comunidad-educativa-comprometida-por-cambiar-el-mundo\/\" \/>\n<meta property=\"og:site_name\" content=\"Colegio San Juan Bosco Valencia\" \/>\n<meta property=\"article:publisher\" content=\"https:\/\/www.facebook.com\/ColegioSalesianoSanJuanBoscoValencia\" \/>\n<meta property=\"article:published_time\" content=\"2018-09-21T20:39:05+00:00\" \/>\n<meta property=\"og:image\" content=\"https:\/\/valenciasjb.salesianos.edu\/colegio\/wp-content\/uploads\/sites\/2\/2018\/09\/IMG-20180921-WA0000.jpg\" \/>\n\t<meta property=\"og:image:width\" content=\"1152\" \/>\n\t<meta property=\"og:image:height\" content=\"864\" \/>\n\t<meta property=\"og:image:type\" content=\"image\/jpeg\" \/>\n<meta name=\"author\" content=\"veronicapastor\" \/>\n<meta name=\"twitter:card\" content=\"summary_large_image\" \/>\n<meta name=\"twitter:creator\" content=\"@SalesianosVSJB\" \/>\n<meta name=\"twitter:site\" content=\"@SalesianosVSJB\" \/>\n<meta name=\"twitter:label1\" content=\"Escrito por\" \/>\n\t<meta name=\"twitter:data1\" content=\"veronicapastor\" \/>\n\t<meta name=\"twitter:label2\" content=\"Tiempo de lectura\" \/>\n\t<meta name=\"twitter:data2\" content=\"3 minutos\" \/>\n<script type=\"application\/ld+json\" class=\"yoast-schema-graph\">{\"@context\":\"https:\\\/\\\/schema.org\",\"@graph\":[{\"@type\":\"Article\",\"@id\":\"https:\\\/\\\/valenciasjb.salesianos.edu\\\/colegio\\\/el-concierto-solidario-se-pone-en-marcha-con-una-comunidad-educativa-comprometida-por-cambiar-el-mundo\\\/#article\",\"isPartOf\":{\"@id\":\"https:\\\/\\\/valenciasjb.salesianos.edu\\\/colegio\\\/el-concierto-solidario-se-pone-en-marcha-con-una-comunidad-educativa-comprometida-por-cambiar-el-mundo\\\/\"},\"author\":{\"name\":\"veronicapastor\",\"@id\":\"https:\\\/\\\/valenciasjb.salesianos.edu\\\/colegio\\\/#\\\/schema\\\/person\\\/1f45b67e52b27da175190a574db6bed9\"},\"headline\":\"El Concierto Solidario se pone en marcha con una comunidad educativa comprometida por cambiar el mundo\",\"datePublished\":\"2018-09-21T20:39:05+00:00\",\"mainEntityOfPage\":{\"@id\":\"https:\\\/\\\/valenciasjb.salesianos.edu\\\/colegio\\\/el-concierto-solidario-se-pone-en-marcha-con-una-comunidad-educativa-comprometida-por-cambiar-el-mundo\\\/\"},\"wordCount\":555,\"image\":{\"@id\":\"https:\\\/\\\/valenciasjb.salesianos.edu\\\/colegio\\\/el-concierto-solidario-se-pone-en-marcha-con-una-comunidad-educativa-comprometida-por-cambiar-el-mundo\\\/#primaryimage\"},\"thumbnailUrl\":\"https:\\\/\\\/valenciasjb.salesianos.edu\\\/colegio\\\/wp-content\\\/uploads\\\/sites\\\/2\\\/2018\\\/09\\\/IMG-20180921-WA0000.jpg\",\"articleSection\":[\"Noticia Colegio\"],\"inLanguage\":\"es\"},{\"@type\":\"WebPage\",\"@id\":\"https:\\\/\\\/valenciasjb.salesianos.edu\\\/colegio\\\/el-concierto-solidario-se-pone-en-marcha-con-una-comunidad-educativa-comprometida-por-cambiar-el-mundo\\\/\",\"url\":\"https:\\\/\\\/valenciasjb.salesianos.edu\\\/colegio\\\/el-concierto-solidario-se-pone-en-marcha-con-una-comunidad-educativa-comprometida-por-cambiar-el-mundo\\\/\",\"name\":\"El Concierto Solidario se pone en marcha con una comunidad educativa comprometida por cambiar el mundo - Colegio San Juan Bosco Valencia\",\"isPartOf\":{\"@id\":\"https:\\\/\\\/valenciasjb.salesianos.edu\\\/colegio\\\/#website\"},\"primaryImageOfPage\":{\"@id\":\"https:\\\/\\\/valenciasjb.salesianos.edu\\\/colegio\\\/el-concierto-solidario-se-pone-en-marcha-con-una-comunidad-educativa-comprometida-por-cambiar-el-mundo\\\/#primaryimage\"},\"image\":{\"@id\":\"https:\\\/\\\/valenciasjb.salesianos.edu\\\/colegio\\\/el-concierto-solidario-se-pone-en-marcha-con-una-comunidad-educativa-comprometida-por-cambiar-el-mundo\\\/#primaryimage\"},\"thumbnailUrl\":\"https:\\\/\\\/valenciasjb.salesianos.edu\\\/colegio\\\/wp-content\\\/uploads\\\/sites\\\/2\\\/2018\\\/09\\\/IMG-20180921-WA0000.jpg\",\"datePublished\":\"2018-09-21T20:39:05+00:00\",\"author\":{\"@id\":\"https:\\\/\\\/valenciasjb.salesianos.edu\\\/colegio\\\/#\\\/schema\\\/person\\\/1f45b67e52b27da175190a574db6bed9\"},\"breadcrumb\":{\"@id\":\"https:\\\/\\\/valenciasjb.salesianos.edu\\\/colegio\\\/el-concierto-solidario-se-pone-en-marcha-con-una-comunidad-educativa-comprometida-por-cambiar-el-mundo\\\/#breadcrumb\"},\"inLanguage\":\"es\",\"potentialAction\":[{\"@type\":\"ReadAction\",\"target\":[\"https:\\\/\\\/valenciasjb.salesianos.edu\\\/colegio\\\/el-concierto-solidario-se-pone-en-marcha-con-una-comunidad-educativa-comprometida-por-cambiar-el-mundo\\\/\"]}]},{\"@type\":\"ImageObject\",\"inLanguage\":\"es\",\"@id\":\"https:\\\/\\\/valenciasjb.salesianos.edu\\\/colegio\\\/el-concierto-solidario-se-pone-en-marcha-con-una-comunidad-educativa-comprometida-por-cambiar-el-mundo\\\/#primaryimage\",\"url\":\"https:\\\/\\\/valenciasjb.salesianos.edu\\\/colegio\\\/wp-content\\\/uploads\\\/sites\\\/2\\\/2018\\\/09\\\/IMG-20180921-WA0000.jpg\",\"contentUrl\":\"https:\\\/\\\/valenciasjb.salesianos.edu\\\/colegio\\\/wp-content\\\/uploads\\\/sites\\\/2\\\/2018\\\/09\\\/IMG-20180921-WA0000.jpg\",\"width\":1152,\"height\":864},{\"@type\":\"BreadcrumbList\",\"@id\":\"https:\\\/\\\/valenciasjb.salesianos.edu\\\/colegio\\\/el-concierto-solidario-se-pone-en-marcha-con-una-comunidad-educativa-comprometida-por-cambiar-el-mundo\\\/#breadcrumb\",\"itemListElement\":[{\"@type\":\"ListItem\",\"position\":1,\"name\":\"Portada\",\"item\":\"https:\\\/\\\/valenciasjb.salesianos.edu\\\/colegio\\\/\"},{\"@type\":\"ListItem\",\"position\":2,\"name\":\"El Concierto Solidario se pone en marcha con una comunidad educativa comprometida por cambiar el mundo\"}]},{\"@type\":\"WebSite\",\"@id\":\"https:\\\/\\\/valenciasjb.salesianos.edu\\\/colegio\\\/#website\",\"url\":\"https:\\\/\\\/valenciasjb.salesianos.edu\\\/colegio\\\/\",\"name\":\"Colegio San Juan Bosco Valencia\",\"description\":\"P\u00e1gina oficial del Colegio Salesianos San Juan Bosco Valencia\",\"alternateName\":\"Salesianos.VSJB\",\"potentialAction\":[{\"@type\":\"SearchAction\",\"target\":{\"@type\":\"EntryPoint\",\"urlTemplate\":\"https:\\\/\\\/valenciasjb.salesianos.edu\\\/colegio\\\/?s={search_term_string}\"},\"query-input\":{\"@type\":\"PropertyValueSpecification\",\"valueRequired\":true,\"valueName\":\"search_term_string\"}}],\"inLanguage\":\"es\"},{\"@type\":\"Person\",\"@id\":\"https:\\\/\\\/valenciasjb.salesianos.edu\\\/colegio\\\/#\\\/schema\\\/person\\\/1f45b67e52b27da175190a574db6bed9\",\"name\":\"veronicapastor\",\"image\":{\"@type\":\"ImageObject\",\"inLanguage\":\"es\",\"@id\":\"https:\\\/\\\/secure.gravatar.com\\\/avatar\\\/e29bd40bace3fd935e1d6fdb7313ffc14628cc037c5e16f4c7369b20a2a6f7f0?s=96&d=mm&r=g\",\"url\":\"https:\\\/\\\/secure.gravatar.com\\\/avatar\\\/e29bd40bace3fd935e1d6fdb7313ffc14628cc037c5e16f4c7369b20a2a6f7f0?s=96&d=mm&r=g\",\"contentUrl\":\"https:\\\/\\\/secure.gravatar.com\\\/avatar\\\/e29bd40bace3fd935e1d6fdb7313ffc14628cc037c5e16f4c7369b20a2a6f7f0?s=96&d=mm&r=g\",\"caption\":\"veronicapastor\"}}]}<\/script>\n<!-- \/ Yoast SEO plugin. -->","yoast_head_json":{"title":"El Concierto Solidario se pone en marcha con una comunidad educativa comprometida por cambiar el mundo - Colegio San Juan Bosco Valencia","robots":{"index":"index","follow":"follow","max-snippet":"max-snippet:-1","max-image-preview":"max-image-preview:large","max-video-preview":"max-video-preview:-1"},"canonical":"https:\/\/valenciasjb.salesianos.edu\/colegio\/el-concierto-solidario-se-pone-en-marcha-con-una-comunidad-educativa-comprometida-por-cambiar-el-mundo\/","og_locale":"es_ES","og_type":"article","og_title":"El Concierto Solidario se pone en marcha con una comunidad educativa comprometida por cambiar el mundo - Colegio San Juan Bosco Valencia","og_description":"El Concierto Solidario surgi\u00f3 hace tres a\u00f1os como una actividad donde unir a personas de nuestra comunidad educativa con ilusi\u00f3n por participar en un proyecto musical y aportar su trabajo y esfuerzo en ayudar a los m\u00e1s necesitados. De esta forma, ya son tres los espect\u00e1culos musicales que han podido disfrutar miles de personas [&hellip;]","og_url":"https:\/\/valenciasjb.salesianos.edu\/colegio\/el-concierto-solidario-se-pone-en-marcha-con-una-comunidad-educativa-comprometida-por-cambiar-el-mundo\/","og_site_name":"Colegio San Juan Bosco Valencia","article_publisher":"https:\/\/www.facebook.com\/ColegioSalesianoSanJuanBoscoValencia","article_published_time":"2018-09-21T20:39:05+00:00","og_image":[{"width":1152,"height":864,"url":"https:\/\/valenciasjb.salesianos.edu\/colegio\/wp-content\/uploads\/sites\/2\/2018\/09\/IMG-20180921-WA0000.jpg","type":"image\/jpeg"}],"author":"veronicapastor","twitter_card":"summary_large_image","twitter_creator":"@SalesianosVSJB","twitter_site":"@SalesianosVSJB","twitter_misc":{"Escrito por":"veronicapastor","Tiempo de lectura":"3 minutos"},"schema":{"@context":"https:\/\/schema.org","@graph":[{"@type":"Article","@id":"https:\/\/valenciasjb.salesianos.edu\/colegio\/el-concierto-solidario-se-pone-en-marcha-con-una-comunidad-educativa-comprometida-por-cambiar-el-mundo\/#article","isPartOf":{"@id":"https:\/\/valenciasjb.salesianos.edu\/colegio\/el-concierto-solidario-se-pone-en-marcha-con-una-comunidad-educativa-comprometida-por-cambiar-el-mundo\/"},"author":{"name":"veronicapastor","@id":"https:\/\/valenciasjb.salesianos.edu\/colegio\/#\/schema\/person\/1f45b67e52b27da175190a574db6bed9"},"headline":"El Concierto Solidario se pone en marcha con una comunidad educativa comprometida por cambiar el mundo","datePublished":"2018-09-21T20:39:05+00:00","mainEntityOfPage":{"@id":"https:\/\/valenciasjb.salesianos.edu\/colegio\/el-concierto-solidario-se-pone-en-marcha-con-una-comunidad-educativa-comprometida-por-cambiar-el-mundo\/"},"wordCount":555,"image":{"@id":"https:\/\/valenciasjb.salesianos.edu\/colegio\/el-concierto-solidario-se-pone-en-marcha-con-una-comunidad-educativa-comprometida-por-cambiar-el-mundo\/#primaryimage"},"thumbnailUrl":"https:\/\/valenciasjb.salesianos.edu\/colegio\/wp-content\/uploads\/sites\/2\/2018\/09\/IMG-20180921-WA0000.jpg","articleSection":["Noticia Colegio"],"inLanguage":"es"},{"@type":"WebPage","@id":"https:\/\/valenciasjb.salesianos.edu\/colegio\/el-concierto-solidario-se-pone-en-marcha-con-una-comunidad-educativa-comprometida-por-cambiar-el-mundo\/","url":"https:\/\/valenciasjb.salesianos.edu\/colegio\/el-concierto-solidario-se-pone-en-marcha-con-una-comunidad-educativa-comprometida-por-cambiar-el-mundo\/","name":"El Concierto Solidario se pone en marcha con una comunidad educativa comprometida por cambiar el mundo - Colegio San Juan Bosco Valencia","isPartOf":{"@id":"https:\/\/valenciasjb.salesianos.edu\/colegio\/#website"},"primaryImageOfPage":{"@id":"https:\/\/valenciasjb.salesianos.edu\/colegio\/el-concierto-solidario-se-pone-en-marcha-con-una-comunidad-educativa-comprometida-por-cambiar-el-mundo\/#primaryimage"},"image":{"@id":"https:\/\/valenciasjb.salesianos.edu\/colegio\/el-concierto-solidario-se-pone-en-marcha-con-una-comunidad-educativa-comprometida-por-cambiar-el-mundo\/#primaryimage"},"thumbnailUrl":"https:\/\/valenciasjb.salesianos.edu\/colegio\/wp-content\/uploads\/sites\/2\/2018\/09\/IMG-20180921-WA0000.jpg","datePublished":"2018-09-21T20:39:05+00:00","author":{"@id":"https:\/\/valenciasjb.salesianos.edu\/colegio\/#\/schema\/person\/1f45b67e52b27da175190a574db6bed9"},"breadcrumb":{"@id":"https:\/\/valenciasjb.salesianos.edu\/colegio\/el-concierto-solidario-se-pone-en-marcha-con-una-comunidad-educativa-comprometida-por-cambiar-el-mundo\/#breadcrumb"},"inLanguage":"es","potentialAction":[{"@type":"ReadAction","target":["https:\/\/valenciasjb.salesianos.edu\/colegio\/el-concierto-solidario-se-pone-en-marcha-con-una-comunidad-educativa-comprometida-por-cambiar-el-mundo\/"]}]},{"@type":"ImageObject","inLanguage":"es","@id":"https:\/\/valenciasjb.salesianos.edu\/colegio\/el-concierto-solidario-se-pone-en-marcha-con-una-comunidad-educativa-comprometida-por-cambiar-el-mundo\/#primaryimage","url":"https:\/\/valenciasjb.salesianos.edu\/colegio\/wp-content\/uploads\/sites\/2\/2018\/09\/IMG-20180921-WA0000.jpg","contentUrl":"https:\/\/valenciasjb.salesianos.edu\/colegio\/wp-content\/uploads\/sites\/2\/2018\/09\/IMG-20180921-WA0000.jpg","width":1152,"height":864},{"@type":"BreadcrumbList","@id":"https:\/\/valenciasjb.salesianos.edu\/colegio\/el-concierto-solidario-se-pone-en-marcha-con-una-comunidad-educativa-comprometida-por-cambiar-el-mundo\/#breadcrumb","itemListElement":[{"@type":"ListItem","position":1,"name":"Portada","item":"https:\/\/valenciasjb.salesianos.edu\/colegio\/"},{"@type":"ListItem","position":2,"name":"El Concierto Solidario se pone en marcha con una comunidad educativa comprometida por cambiar el mundo"}]},{"@type":"WebSite","@id":"https:\/\/valenciasjb.salesianos.edu\/colegio\/#website","url":"https:\/\/valenciasjb.salesianos.edu\/colegio\/","name":"Colegio San Juan Bosco Valencia","description":"P\u00e1gina oficial del Colegio Salesianos San Juan Bosco Valencia","alternateName":"Salesianos.VSJB","potentialAction":[{"@type":"SearchAction","target":{"@type":"EntryPoint","urlTemplate":"https:\/\/valenciasjb.salesianos.edu\/colegio\/?s={search_term_string}"},"query-input":{"@type":"PropertyValueSpecification","valueRequired":true,"valueName":"search_term_string"}}],"inLanguage":"es"},{"@type":"Person","@id":"https:\/\/valenciasjb.salesianos.edu\/colegio\/#\/schema\/person\/1f45b67e52b27da175190a574db6bed9","name":"veronicapastor","image":{"@type":"ImageObject","inLanguage":"es","@id":"https:\/\/secure.gravatar.com\/avatar\/e29bd40bace3fd935e1d6fdb7313ffc14628cc037c5e16f4c7369b20a2a6f7f0?s=96&d=mm&r=g","url":"https:\/\/secure.gravatar.com\/avatar\/e29bd40bace3fd935e1d6fdb7313ffc14628cc037c5e16f4c7369b20a2a6f7f0?s=96&d=mm&r=g","contentUrl":"https:\/\/secure.gravatar.com\/avatar\/e29bd40bace3fd935e1d6fdb7313ffc14628cc037c5e16f4c7369b20a2a6f7f0?s=96&d=mm&r=g","caption":"veronicapastor"}}]}},"_links":{"self":[{"href":"https:\/\/valenciasjb.salesianos.edu\/colegio\/wp-json\/wp\/v2\/posts\/9620","targetHints":{"allow":["GET"]}}],"collection":[{"href":"https:\/\/valenciasjb.salesianos.edu\/colegio\/wp-json\/wp\/v2\/posts"}],"about":[{"href":"https:\/\/valenciasjb.salesianos.edu\/colegio\/wp-json\/wp\/v2\/types\/post"}],"author":[{"embeddable":true,"href":"https:\/\/valenciasjb.salesianos.edu\/colegio\/wp-json\/wp\/v2\/users\/6"}],"replies":[{"embeddable":true,"href":"https:\/\/valenciasjb.salesianos.edu\/colegio\/wp-json\/wp\/v2\/comments?post=9620"}],"version-history":[{"count":2,"href":"https:\/\/valenciasjb.salesianos.edu\/colegio\/wp-json\/wp\/v2\/posts\/9620\/revisions"}],"predecessor-version":[{"id":9630,"href":"https:\/\/valenciasjb.salesianos.edu\/colegio\/wp-json\/wp\/v2\/posts\/9620\/revisions\/9630"}],"wp:featuredmedia":[{"embeddable":true,"href":"https:\/\/valenciasjb.salesianos.edu\/colegio\/wp-json\/wp\/v2\/media\/9621"}],"wp:attachment":[{"href":"https:\/\/valenciasjb.salesianos.edu\/colegio\/wp-json\/wp\/v2\/media?parent=9620"}],"wp:term":[{"taxonomy":"category","embeddable":true,"href":"https:\/\/valenciasjb.salesianos.edu\/colegio\/wp-json\/wp\/v2\/categories?post=9620"},{"taxonomy":"post_tag","embeddable":true,"href":"https:\/\/valenciasjb.salesianos.edu\/colegio\/wp-json\/wp\/v2\/tags?post=9620"}],"curies":[{"name":"wp","href":"https:\/\/api.w.org\/{rel}","templated":true}]}}