{"id":9668,"date":"2018-10-03T20:17:18","date_gmt":"2018-10-03T19:17:18","guid":{"rendered":"https:\/\/valenciasjb.salesianos.edu\/colegio\/?p=9668"},"modified":"2018-10-03T20:23:08","modified_gmt":"2018-10-03T19:23:08","slug":"la-alumna-de-primero-de-bachillerato-carla-castillo-disfruta-de-la-beca-del-ministerio-de-educacion-para-participar-en-el-campus-cientifico-de-verano-2018","status":"publish","type":"post","link":"https:\/\/valenciasjb.salesianos.edu\/colegio\/la-alumna-de-primero-de-bachillerato-carla-castillo-disfruta-de-la-beca-del-ministerio-de-educacion-para-participar-en-el-campus-cientifico-de-verano-2018\/","title":{"rendered":"La alumna de primero de Bachillerato, Carla Castillo, disfruta de la beca del Ministerio de Educaci\u00f3n para participar en el Campus Cient\u00edfico de Verano 2018"},"content":{"rendered":"<div id=\"fb-root\"><\/div>\n<p>[et_pb_section bb_built=\u00bb1&#8243; next_background_color=\u00bb#000000&#8243;][et_pb_row][\/et_pb_row][\/et_pb_section][et_pb_section bb_built=\u00bb1&#8243; admin_label=\u00bbsection\u00bb prev_background_color=\u00bb#000000&#8243;][et_pb_row admin_label=\u00bbrow\u00bb background_position=\u00bbtop_left\u00bb background_repeat=\u00bbrepeat\u00bb background_size=\u00bbinitial\u00bb][et_pb_column type=\u00bb4_4&#8243;][et_pb_text admin_label=\u00bbEntradilla (Texto)\u00bb _builder_version=\u00bb3.0.105&#8243; background_layout=\u00bblight\u00bb text_orientation=\u00bbjustified\u00bb text_font=\u00bb|on|||\u00bb module_alignment=\u00bbleft\u00bb]<\/p>\n<div id=\"resumen\">\n<p align=\"justify\"><span style=\"font-family: Arial, sans-serif\"><span style=\"font-size: medium\">La alumna de primero de Bachillerato,Carla Castillo, ha participado en el verano de 2018 en el Campus Cient\u00edfico de Verano en ciencias forenses en criminolog\u00eda, gracias a una beca que le ha concedido el Ministerio de Educaci\u00f3n, conjuntamente con el Ministerio de Ciencia, Innovaci\u00f3n y Universidades. Carla ha valorado esta experiencia muy positivamente, tal y como muestra su testimonio.<\/span><\/span><\/p>\n<\/div>\n<div><\/div>\n<p>[\/et_pb_text][et_pb_text admin_label=\u00bbAutor (Texto)\u00bb _builder_version=\u00bb3.0.105&#8243; background_layout=\u00bblight\u00bb text_font=\u00bb||on||\u00bb]<\/p>\n<p>Redacci\u00f3n.<\/p>\n<p>[\/et_pb_text][et_pb_text admin_label=\u00bbDesarrollo (Texto)\u00bb _builder_version=\u00bb3.0.105&#8243; background_layout=\u00bblight\u00bb text_orientation=\u00bbjustified\u00bb module_alignment=\u00bbleft\u00bb]<\/p>\n<p align=\"justify\">\u201c<span style=\"font-family: Arial, sans-serif\"><span style=\"font-size: medium\">En el momento en el que me enter\u00e9 de que hab\u00eda conseguido entrar, no paraba de imaginarme c\u00f3mo ser\u00eda todo, las cosas que har\u00eda y a toda la gente de todos los rincones de Espa\u00f1a que conocer\u00eda. Logr\u00e9 entrar en el campus que hab\u00eda elegido de primera opci\u00f3n, el campus de Badajoz.<\/span><\/span><\/p>\n<p align=\"justify\"><span style=\"font-family: Arial, sans-serif\"><span style=\"font-size: medium\">El viaje de ida fue de unas siete horas en coche y, aunque parezca aburrido, me lo pas\u00e9 en grande. Esas siete horas conviviendo en el coche con mis padres creo que fue algo que necesit\u00e1bamos, y que nos uni\u00f3 m\u00e1s.<\/span><\/span><\/p>\n<p align=\"justify\"><span style=\"font-family: Arial, sans-serif\"><span style=\"font-size: medium\">El primer d\u00eda, llegu\u00e9 a la residencia, la \u00faltima, c\u00f3mo no, y me presentaron a mis compa\u00f1eros con los que estar\u00eda conviviendo durante una inolvidable semana. Todo hay que decirlo, la residencia era espectacular: hab\u00eda piano, piscina, pista de tenis, de baloncesto, de voleibol, gimnasio, salas comunes, sala de cine, comedor\u2026 Las instalaciones eran incre\u00edbles e incluso un d\u00eda, el \u00faltimo, hubo un concierto en el jard\u00edn de nuestra residencia.<\/span><\/span><\/p>\n<p align=\"justify\"><span style=\"font-family: Arial, sans-serif\"><span style=\"font-size: medium\">Nos despert\u00e1bamos temprano y nos divid\u00edamos en grupos m\u00e1s peque\u00f1os seg\u00fan cu\u00e1l fuera nuestro proyecto. Creo que todo lo que aprend\u00ed me ha ayudado a conocer mis gustos y a lo que me quiero dedicar el d\u00eda del ma\u00f1ana. Dimos clases de medicina forense, criminolog\u00eda, gen\u00e9tica, psicolog\u00eda\u2026 y todo ello en la Universidad de Badajoz con unos de los mejor profesores de la universidad de all\u00ed. Vimos procedimientos de autopsias, dimos clases de anatom\u00eda y pudimos estar con un cad\u00e1ver para poder ver las diferentes partes del cuerpo humano, vimos cerebros, h\u00edgados, huesos\u2026 Fuimos un d\u00eda junto a la polic\u00eda cient\u00edfica; nos explicaron como obten\u00edan las huellas de las escenas del crimen e incluso nosotros sacamos una y la buscamos en la base de datos. Estuvimos en la zona donde practican el disparo los polic\u00edas y dispararon al lado nuestro. Una de las cosas que m\u00e1s me gust\u00f3 fue poder ir a los juzgados y ver juicios en directo. Uno de los \u00faltimos d\u00edas realizamos una electroforesis para poder descubrir de qui\u00e9n era la muestra de ADN que se encontr\u00f3 en la escena del crimen. Fuimos de excursi\u00f3n a unos museos interactivos, realizamos un pasaje del terror donde acabamos todos llenos de pintura roja y tambi\u00e9n jugamos todos juntos al cluedo.<\/span><\/span><\/p>\n<p align=\"justify\"><span style=\"font-family: Arial, sans-serif\"><span style=\"font-size: medium\">Durante todos estos d\u00edas aprend\u00ed un mont\u00f3n de cosas y me di cuenta de que lo que realmente me gusta es la medicina. Quiero estudiar Medicina porque es una de las carreras m\u00e1s bonitas que hay y m\u00e1s satisfactorias ya que, con mi trabajo, podr\u00eda hacer feliz a mucha gente. Recomiendo esta experiencia a todo el mundo, es algo que no olvidar\u00e9is en vuestra vida y que, si de verdad am\u00e1is la ciencia como yo, seguro que os lo pasar\u00e9is en grande.<\/span><\/span><\/p>\n<p align=\"justify\"><span style=\"font-family: Arial, sans-serif\"><span style=\"font-size: medium\">Con lo que realmente me quedo de este campamento son todos los amigos que hice. Gente de Sevilla, Valencia, C\u00f3rdoba, Le\u00f3n, Madrid, Cuenca, Santander\u2026 Me quedo con todas las risas y con todos los buenos momentos que vivimos juntos, porque como bien les dije el d\u00eda que nos despedimos con l\u00e1grimas, esto es \u00fanicamente el principio de algo maravilloso\u201d. Carla Castillo, 1\u00ba Bachillerato A.<\/span><\/span><\/p>\n<p>[\/et_pb_text][et_pb_text admin_label=\u00bbT\u00edtulo: Galer\u00eda de fotos (Texto)\u00bb _builder_version=\u00bb3.0.76&#8243; background_layout=\u00bblight\u00bb text_font=\u00bb|on|||\u00bb text_text_color=\u00bb#dc001b\u00bb border_style=\u00bbsolid\u00bb disabled=\u00bboff\u00bb disabled_on=\u00bboff|on|on\u00bb]<\/p>\n<p>Galer\u00eda de im\u00e1genes<\/p>\n<p>[\/et_pb_text][et_pb_gallery _builder_version=\u00bb3.0.105&#8243; posts_number=\u00bb8&#8243; show_title_and_caption=\u00bboff\u00bb show_pagination=\u00bbon\u00bb fullwidth=\u00bboff\u00bb orientation=\u00bblandscape\u00bb zoom_icon_color=\u00bb#dc001b\u00bb hover_overlay_color=\u00bbrgba(255,255,255,0.9)\u00bb hover_icon=\u00bb%%51%%\u00bb background_layout=\u00bblight\u00bb disabled=\u00bboff\u00bb disabled_on=\u00bboff|off|off\u00bb gallery_ids=\u00bb9669&#8243; pagination_font_size_tablet=\u00bb51&#8243; pagination_line_height_tablet=\u00bb2&#8243; \/][et_pb_video _builder_version=\u00bb3.0.51&#8243; disabled=\u00bbon\u00bb disabled_on=\u00bbon|on|on\u00bb \/][\/et_pb_column][\/et_pb_row][\/et_pb_section]<\/p>\n<!-- AddThis Advanced Settings generic via filter on the_content --><!-- AddThis Share Buttons generic via filter on the_content -->","protected":false},"excerpt":{"rendered":"<p><div class=\"et_pb_row et_pb_row_0 et_pb_row_empty\">\n\t\t\t\t\n\t\t\t\t\n\t\t\t\t\n\t\t\t\t\n\t\t\t\t\n\t\t\t<\/div> La alumna de primero de Bachillerato,Carla Castillo, ha participado en el verano de 2018 en el Campus Cient\u00edfico de Verano en ciencias forenses en criminolog\u00eda, gracias a una beca que le ha concedido el Ministerio de Educaci\u00f3n, conjuntamente con el Ministerio de Ciencia, Innovaci\u00f3n y Universidades. Carla ha valorado esta experiencia muy positivamente, tal [&hellip;]<\/p>\n<p><!-- AddThis Advanced Settings generic via filter on get_the_excerpt --><!-- AddThis Share Buttons generic via filter on get_the_excerpt --><\/p>\n","protected":false},"author":6,"featured_media":9673,"comment_status":"closed","ping_status":"open","sticky":false,"template":"","format":"standard","meta":{"_et_pb_use_builder":"on","_et_pb_old_content":"","_et_gb_content_width":"","footnotes":""},"categories":[14],"tags":[],"class_list":["post-9668","post","type-post","status-publish","format-standard","has-post-thumbnail","hentry","category-noticia_colegio"],"yoast_head":"<!-- This site is optimized with the Yoast SEO plugin v28.4 - https:\/\/yoast.com\/product\/yoast-seo-wordpress\/ -->\n<title>La alumna de primero de Bachillerato, Carla Castillo, disfruta de la beca del Ministerio de Educaci\u00f3n para participar en el Campus Cient\u00edfico de Verano 2018 - Colegio San Juan Bosco Valencia<\/title>\n<meta name=\"robots\" content=\"index, follow, max-snippet:-1, max-image-preview:large, max-video-preview:-1\" \/>\n<link rel=\"canonical\" href=\"https:\/\/valenciasjb.salesianos.edu\/colegio\/la-alumna-de-primero-de-bachillerato-carla-castillo-disfruta-de-la-beca-del-ministerio-de-educacion-para-participar-en-el-campus-cientifico-de-verano-2018\/\" \/>\n<meta property=\"og:locale\" content=\"es_ES\" \/>\n<meta property=\"og:type\" content=\"article\" \/>\n<meta property=\"og:title\" content=\"La alumna de primero de Bachillerato, Carla Castillo, disfruta de la beca del Ministerio de Educaci\u00f3n para participar en el Campus Cient\u00edfico de Verano 2018 - Colegio San Juan Bosco Valencia\" \/>\n<meta property=\"og:description\" content=\"La alumna de primero de Bachillerato,Carla Castillo, ha participado en el verano de 2018 en el Campus Cient\u00edfico de Verano en ciencias forenses en criminolog\u00eda, gracias a una beca que le ha concedido el Ministerio de Educaci\u00f3n, conjuntamente con el Ministerio de Ciencia, Innovaci\u00f3n y Universidades. Carla ha valorado esta experiencia muy positivamente, tal [&hellip;]\" \/>\n<meta property=\"og:url\" content=\"https:\/\/valenciasjb.salesianos.edu\/colegio\/la-alumna-de-primero-de-bachillerato-carla-castillo-disfruta-de-la-beca-del-ministerio-de-educacion-para-participar-en-el-campus-cientifico-de-verano-2018\/\" \/>\n<meta property=\"og:site_name\" content=\"Colegio San Juan Bosco Valencia\" \/>\n<meta property=\"article:publisher\" content=\"https:\/\/www.facebook.com\/ColegioSalesianoSanJuanBoscoValencia\" \/>\n<meta property=\"article:published_time\" content=\"2018-10-03T19:17:18+00:00\" \/>\n<meta property=\"article:modified_time\" content=\"2018-10-03T19:23:08+00:00\" \/>\n<meta property=\"og:image\" content=\"https:\/\/valenciasjb.salesianos.edu\/colegio\/wp-content\/uploads\/sites\/2\/2018\/10\/CCV5-1.jpg\" \/>\n\t<meta property=\"og:image:width\" content=\"405\" \/>\n\t<meta property=\"og:image:height\" content=\"365\" \/>\n\t<meta property=\"og:image:type\" content=\"image\/jpeg\" \/>\n<meta name=\"author\" content=\"veronicapastor\" \/>\n<meta name=\"twitter:card\" content=\"summary_large_image\" \/>\n<meta name=\"twitter:creator\" content=\"@SalesianosVSJB\" \/>\n<meta name=\"twitter:site\" content=\"@SalesianosVSJB\" \/>\n<meta name=\"twitter:label1\" content=\"Escrito por\" \/>\n\t<meta name=\"twitter:data1\" content=\"veronicapastor\" \/>\n\t<meta name=\"twitter:label2\" content=\"Tiempo de lectura\" \/>\n\t<meta name=\"twitter:data2\" content=\"4 minutos\" \/>\n<script type=\"application\/ld+json\" class=\"yoast-schema-graph\">{\"@context\":\"https:\\\/\\\/schema.org\",\"@graph\":[{\"@type\":\"Article\",\"@id\":\"https:\\\/\\\/valenciasjb.salesianos.edu\\\/colegio\\\/la-alumna-de-primero-de-bachillerato-carla-castillo-disfruta-de-la-beca-del-ministerio-de-educacion-para-participar-en-el-campus-cientifico-de-verano-2018\\\/#article\",\"isPartOf\":{\"@id\":\"https:\\\/\\\/valenciasjb.salesianos.edu\\\/colegio\\\/la-alumna-de-primero-de-bachillerato-carla-castillo-disfruta-de-la-beca-del-ministerio-de-educacion-para-participar-en-el-campus-cientifico-de-verano-2018\\\/\"},\"author\":{\"name\":\"veronicapastor\",\"@id\":\"https:\\\/\\\/valenciasjb.salesianos.edu\\\/colegio\\\/#\\\/schema\\\/person\\\/1f45b67e52b27da175190a574db6bed9\"},\"headline\":\"La alumna de primero de Bachillerato, Carla Castillo, disfruta de la beca del Ministerio de Educaci\u00f3n para participar en el Campus Cient\u00edfico de Verano 2018\",\"datePublished\":\"2018-10-03T19:17:18+00:00\",\"dateModified\":\"2018-10-03T19:23:08+00:00\",\"mainEntityOfPage\":{\"@id\":\"https:\\\/\\\/valenciasjb.salesianos.edu\\\/colegio\\\/la-alumna-de-primero-de-bachillerato-carla-castillo-disfruta-de-la-beca-del-ministerio-de-educacion-para-participar-en-el-campus-cientifico-de-verano-2018\\\/\"},\"wordCount\":889,\"image\":{\"@id\":\"https:\\\/\\\/valenciasjb.salesianos.edu\\\/colegio\\\/la-alumna-de-primero-de-bachillerato-carla-castillo-disfruta-de-la-beca-del-ministerio-de-educacion-para-participar-en-el-campus-cientifico-de-verano-2018\\\/#primaryimage\"},\"thumbnailUrl\":\"https:\\\/\\\/valenciasjb.salesianos.edu\\\/colegio\\\/wp-content\\\/uploads\\\/sites\\\/2\\\/2018\\\/10\\\/CCV5-1.jpg\",\"articleSection\":[\"Noticia Colegio\"],\"inLanguage\":\"es\"},{\"@type\":\"WebPage\",\"@id\":\"https:\\\/\\\/valenciasjb.salesianos.edu\\\/colegio\\\/la-alumna-de-primero-de-bachillerato-carla-castillo-disfruta-de-la-beca-del-ministerio-de-educacion-para-participar-en-el-campus-cientifico-de-verano-2018\\\/\",\"url\":\"https:\\\/\\\/valenciasjb.salesianos.edu\\\/colegio\\\/la-alumna-de-primero-de-bachillerato-carla-castillo-disfruta-de-la-beca-del-ministerio-de-educacion-para-participar-en-el-campus-cientifico-de-verano-2018\\\/\",\"name\":\"La alumna de primero de Bachillerato, Carla Castillo, disfruta de la beca del Ministerio de Educaci\u00f3n para participar en el Campus Cient\u00edfico de Verano 2018 - Colegio San Juan Bosco Valencia\",\"isPartOf\":{\"@id\":\"https:\\\/\\\/valenciasjb.salesianos.edu\\\/colegio\\\/#website\"},\"primaryImageOfPage\":{\"@id\":\"https:\\\/\\\/valenciasjb.salesianos.edu\\\/colegio\\\/la-alumna-de-primero-de-bachillerato-carla-castillo-disfruta-de-la-beca-del-ministerio-de-educacion-para-participar-en-el-campus-cientifico-de-verano-2018\\\/#primaryimage\"},\"image\":{\"@id\":\"https:\\\/\\\/valenciasjb.salesianos.edu\\\/colegio\\\/la-alumna-de-primero-de-bachillerato-carla-castillo-disfruta-de-la-beca-del-ministerio-de-educacion-para-participar-en-el-campus-cientifico-de-verano-2018\\\/#primaryimage\"},\"thumbnailUrl\":\"https:\\\/\\\/valenciasjb.salesianos.edu\\\/colegio\\\/wp-content\\\/uploads\\\/sites\\\/2\\\/2018\\\/10\\\/CCV5-1.jpg\",\"datePublished\":\"2018-10-03T19:17:18+00:00\",\"dateModified\":\"2018-10-03T19:23:08+00:00\",\"author\":{\"@id\":\"https:\\\/\\\/valenciasjb.salesianos.edu\\\/colegio\\\/#\\\/schema\\\/person\\\/1f45b67e52b27da175190a574db6bed9\"},\"breadcrumb\":{\"@id\":\"https:\\\/\\\/valenciasjb.salesianos.edu\\\/colegio\\\/la-alumna-de-primero-de-bachillerato-carla-castillo-disfruta-de-la-beca-del-ministerio-de-educacion-para-participar-en-el-campus-cientifico-de-verano-2018\\\/#breadcrumb\"},\"inLanguage\":\"es\",\"potentialAction\":[{\"@type\":\"ReadAction\",\"target\":[\"https:\\\/\\\/valenciasjb.salesianos.edu\\\/colegio\\\/la-alumna-de-primero-de-bachillerato-carla-castillo-disfruta-de-la-beca-del-ministerio-de-educacion-para-participar-en-el-campus-cientifico-de-verano-2018\\\/\"]}]},{\"@type\":\"ImageObject\",\"inLanguage\":\"es\",\"@id\":\"https:\\\/\\\/valenciasjb.salesianos.edu\\\/colegio\\\/la-alumna-de-primero-de-bachillerato-carla-castillo-disfruta-de-la-beca-del-ministerio-de-educacion-para-participar-en-el-campus-cientifico-de-verano-2018\\\/#primaryimage\",\"url\":\"https:\\\/\\\/valenciasjb.salesianos.edu\\\/colegio\\\/wp-content\\\/uploads\\\/sites\\\/2\\\/2018\\\/10\\\/CCV5-1.jpg\",\"contentUrl\":\"https:\\\/\\\/valenciasjb.salesianos.edu\\\/colegio\\\/wp-content\\\/uploads\\\/sites\\\/2\\\/2018\\\/10\\\/CCV5-1.jpg\",\"width\":405,\"height\":365},{\"@type\":\"BreadcrumbList\",\"@id\":\"https:\\\/\\\/valenciasjb.salesianos.edu\\\/colegio\\\/la-alumna-de-primero-de-bachillerato-carla-castillo-disfruta-de-la-beca-del-ministerio-de-educacion-para-participar-en-el-campus-cientifico-de-verano-2018\\\/#breadcrumb\",\"itemListElement\":[{\"@type\":\"ListItem\",\"position\":1,\"name\":\"Portada\",\"item\":\"https:\\\/\\\/valenciasjb.salesianos.edu\\\/colegio\\\/\"},{\"@type\":\"ListItem\",\"position\":2,\"name\":\"La alumna de primero de Bachillerato, Carla Castillo, disfruta de la beca del Ministerio de Educaci\u00f3n para participar en el Campus Cient\u00edfico de Verano 2018\"}]},{\"@type\":\"WebSite\",\"@id\":\"https:\\\/\\\/valenciasjb.salesianos.edu\\\/colegio\\\/#website\",\"url\":\"https:\\\/\\\/valenciasjb.salesianos.edu\\\/colegio\\\/\",\"name\":\"Colegio San Juan Bosco Valencia\",\"description\":\"P\u00e1gina oficial del Colegio Salesianos San Juan Bosco Valencia\",\"alternateName\":\"Salesianos.VSJB\",\"potentialAction\":[{\"@type\":\"SearchAction\",\"target\":{\"@type\":\"EntryPoint\",\"urlTemplate\":\"https:\\\/\\\/valenciasjb.salesianos.edu\\\/colegio\\\/?s={search_term_string}\"},\"query-input\":{\"@type\":\"PropertyValueSpecification\",\"valueRequired\":true,\"valueName\":\"search_term_string\"}}],\"inLanguage\":\"es\"},{\"@type\":\"Person\",\"@id\":\"https:\\\/\\\/valenciasjb.salesianos.edu\\\/colegio\\\/#\\\/schema\\\/person\\\/1f45b67e52b27da175190a574db6bed9\",\"name\":\"veronicapastor\",\"image\":{\"@type\":\"ImageObject\",\"inLanguage\":\"es\",\"@id\":\"https:\\\/\\\/secure.gravatar.com\\\/avatar\\\/e29bd40bace3fd935e1d6fdb7313ffc14628cc037c5e16f4c7369b20a2a6f7f0?s=96&d=mm&r=g\",\"url\":\"https:\\\/\\\/secure.gravatar.com\\\/avatar\\\/e29bd40bace3fd935e1d6fdb7313ffc14628cc037c5e16f4c7369b20a2a6f7f0?s=96&d=mm&r=g\",\"contentUrl\":\"https:\\\/\\\/secure.gravatar.com\\\/avatar\\\/e29bd40bace3fd935e1d6fdb7313ffc14628cc037c5e16f4c7369b20a2a6f7f0?s=96&d=mm&r=g\",\"caption\":\"veronicapastor\"}}]}<\/script>\n<!-- \/ Yoast SEO plugin. -->","yoast_head_json":{"title":"La alumna de primero de Bachillerato, Carla Castillo, disfruta de la beca del Ministerio de Educaci\u00f3n para participar en el Campus Cient\u00edfico de Verano 2018 - Colegio San Juan Bosco Valencia","robots":{"index":"index","follow":"follow","max-snippet":"max-snippet:-1","max-image-preview":"max-image-preview:large","max-video-preview":"max-video-preview:-1"},"canonical":"https:\/\/valenciasjb.salesianos.edu\/colegio\/la-alumna-de-primero-de-bachillerato-carla-castillo-disfruta-de-la-beca-del-ministerio-de-educacion-para-participar-en-el-campus-cientifico-de-verano-2018\/","og_locale":"es_ES","og_type":"article","og_title":"La alumna de primero de Bachillerato, Carla Castillo, disfruta de la beca del Ministerio de Educaci\u00f3n para participar en el Campus Cient\u00edfico de Verano 2018 - Colegio San Juan Bosco Valencia","og_description":"La alumna de primero de Bachillerato,Carla Castillo, ha participado en el verano de 2018 en el Campus Cient\u00edfico de Verano en ciencias forenses en criminolog\u00eda, gracias a una beca que le ha concedido el Ministerio de Educaci\u00f3n, conjuntamente con el Ministerio de Ciencia, Innovaci\u00f3n y Universidades. Carla ha valorado esta experiencia muy positivamente, tal [&hellip;]","og_url":"https:\/\/valenciasjb.salesianos.edu\/colegio\/la-alumna-de-primero-de-bachillerato-carla-castillo-disfruta-de-la-beca-del-ministerio-de-educacion-para-participar-en-el-campus-cientifico-de-verano-2018\/","og_site_name":"Colegio San Juan Bosco Valencia","article_publisher":"https:\/\/www.facebook.com\/ColegioSalesianoSanJuanBoscoValencia","article_published_time":"2018-10-03T19:17:18+00:00","article_modified_time":"2018-10-03T19:23:08+00:00","og_image":[{"width":405,"height":365,"url":"https:\/\/valenciasjb.salesianos.edu\/colegio\/wp-content\/uploads\/sites\/2\/2018\/10\/CCV5-1.jpg","type":"image\/jpeg"}],"author":"veronicapastor","twitter_card":"summary_large_image","twitter_creator":"@SalesianosVSJB","twitter_site":"@SalesianosVSJB","twitter_misc":{"Escrito por":"veronicapastor","Tiempo de lectura":"4 minutos"},"schema":{"@context":"https:\/\/schema.org","@graph":[{"@type":"Article","@id":"https:\/\/valenciasjb.salesianos.edu\/colegio\/la-alumna-de-primero-de-bachillerato-carla-castillo-disfruta-de-la-beca-del-ministerio-de-educacion-para-participar-en-el-campus-cientifico-de-verano-2018\/#article","isPartOf":{"@id":"https:\/\/valenciasjb.salesianos.edu\/colegio\/la-alumna-de-primero-de-bachillerato-carla-castillo-disfruta-de-la-beca-del-ministerio-de-educacion-para-participar-en-el-campus-cientifico-de-verano-2018\/"},"author":{"name":"veronicapastor","@id":"https:\/\/valenciasjb.salesianos.edu\/colegio\/#\/schema\/person\/1f45b67e52b27da175190a574db6bed9"},"headline":"La alumna de primero de Bachillerato, Carla Castillo, disfruta de la beca del Ministerio de Educaci\u00f3n para participar en el Campus Cient\u00edfico de Verano 2018","datePublished":"2018-10-03T19:17:18+00:00","dateModified":"2018-10-03T19:23:08+00:00","mainEntityOfPage":{"@id":"https:\/\/valenciasjb.salesianos.edu\/colegio\/la-alumna-de-primero-de-bachillerato-carla-castillo-disfruta-de-la-beca-del-ministerio-de-educacion-para-participar-en-el-campus-cientifico-de-verano-2018\/"},"wordCount":889,"image":{"@id":"https:\/\/valenciasjb.salesianos.edu\/colegio\/la-alumna-de-primero-de-bachillerato-carla-castillo-disfruta-de-la-beca-del-ministerio-de-educacion-para-participar-en-el-campus-cientifico-de-verano-2018\/#primaryimage"},"thumbnailUrl":"https:\/\/valenciasjb.salesianos.edu\/colegio\/wp-content\/uploads\/sites\/2\/2018\/10\/CCV5-1.jpg","articleSection":["Noticia Colegio"],"inLanguage":"es"},{"@type":"WebPage","@id":"https:\/\/valenciasjb.salesianos.edu\/colegio\/la-alumna-de-primero-de-bachillerato-carla-castillo-disfruta-de-la-beca-del-ministerio-de-educacion-para-participar-en-el-campus-cientifico-de-verano-2018\/","url":"https:\/\/valenciasjb.salesianos.edu\/colegio\/la-alumna-de-primero-de-bachillerato-carla-castillo-disfruta-de-la-beca-del-ministerio-de-educacion-para-participar-en-el-campus-cientifico-de-verano-2018\/","name":"La alumna de primero de Bachillerato, Carla Castillo, disfruta de la beca del Ministerio de Educaci\u00f3n para participar en el Campus Cient\u00edfico de Verano 2018 - Colegio San Juan Bosco Valencia","isPartOf":{"@id":"https:\/\/valenciasjb.salesianos.edu\/colegio\/#website"},"primaryImageOfPage":{"@id":"https:\/\/valenciasjb.salesianos.edu\/colegio\/la-alumna-de-primero-de-bachillerato-carla-castillo-disfruta-de-la-beca-del-ministerio-de-educacion-para-participar-en-el-campus-cientifico-de-verano-2018\/#primaryimage"},"image":{"@id":"https:\/\/valenciasjb.salesianos.edu\/colegio\/la-alumna-de-primero-de-bachillerato-carla-castillo-disfruta-de-la-beca-del-ministerio-de-educacion-para-participar-en-el-campus-cientifico-de-verano-2018\/#primaryimage"},"thumbnailUrl":"https:\/\/valenciasjb.salesianos.edu\/colegio\/wp-content\/uploads\/sites\/2\/2018\/10\/CCV5-1.jpg","datePublished":"2018-10-03T19:17:18+00:00","dateModified":"2018-10-03T19:23:08+00:00","author":{"@id":"https:\/\/valenciasjb.salesianos.edu\/colegio\/#\/schema\/person\/1f45b67e52b27da175190a574db6bed9"},"breadcrumb":{"@id":"https:\/\/valenciasjb.salesianos.edu\/colegio\/la-alumna-de-primero-de-bachillerato-carla-castillo-disfruta-de-la-beca-del-ministerio-de-educacion-para-participar-en-el-campus-cientifico-de-verano-2018\/#breadcrumb"},"inLanguage":"es","potentialAction":[{"@type":"ReadAction","target":["https:\/\/valenciasjb.salesianos.edu\/colegio\/la-alumna-de-primero-de-bachillerato-carla-castillo-disfruta-de-la-beca-del-ministerio-de-educacion-para-participar-en-el-campus-cientifico-de-verano-2018\/"]}]},{"@type":"ImageObject","inLanguage":"es","@id":"https:\/\/valenciasjb.salesianos.edu\/colegio\/la-alumna-de-primero-de-bachillerato-carla-castillo-disfruta-de-la-beca-del-ministerio-de-educacion-para-participar-en-el-campus-cientifico-de-verano-2018\/#primaryimage","url":"https:\/\/valenciasjb.salesianos.edu\/colegio\/wp-content\/uploads\/sites\/2\/2018\/10\/CCV5-1.jpg","contentUrl":"https:\/\/valenciasjb.salesianos.edu\/colegio\/wp-content\/uploads\/sites\/2\/2018\/10\/CCV5-1.jpg","width":405,"height":365},{"@type":"BreadcrumbList","@id":"https:\/\/valenciasjb.salesianos.edu\/colegio\/la-alumna-de-primero-de-bachillerato-carla-castillo-disfruta-de-la-beca-del-ministerio-de-educacion-para-participar-en-el-campus-cientifico-de-verano-2018\/#breadcrumb","itemListElement":[{"@type":"ListItem","position":1,"name":"Portada","item":"https:\/\/valenciasjb.salesianos.edu\/colegio\/"},{"@type":"ListItem","position":2,"name":"La alumna de primero de Bachillerato, Carla Castillo, disfruta de la beca del Ministerio de Educaci\u00f3n para participar en el Campus Cient\u00edfico de Verano 2018"}]},{"@type":"WebSite","@id":"https:\/\/valenciasjb.salesianos.edu\/colegio\/#website","url":"https:\/\/valenciasjb.salesianos.edu\/colegio\/","name":"Colegio San Juan Bosco Valencia","description":"P\u00e1gina oficial del Colegio Salesianos San Juan Bosco Valencia","alternateName":"Salesianos.VSJB","potentialAction":[{"@type":"SearchAction","target":{"@type":"EntryPoint","urlTemplate":"https:\/\/valenciasjb.salesianos.edu\/colegio\/?s={search_term_string}"},"query-input":{"@type":"PropertyValueSpecification","valueRequired":true,"valueName":"search_term_string"}}],"inLanguage":"es"},{"@type":"Person","@id":"https:\/\/valenciasjb.salesianos.edu\/colegio\/#\/schema\/person\/1f45b67e52b27da175190a574db6bed9","name":"veronicapastor","image":{"@type":"ImageObject","inLanguage":"es","@id":"https:\/\/secure.gravatar.com\/avatar\/e29bd40bace3fd935e1d6fdb7313ffc14628cc037c5e16f4c7369b20a2a6f7f0?s=96&d=mm&r=g","url":"https:\/\/secure.gravatar.com\/avatar\/e29bd40bace3fd935e1d6fdb7313ffc14628cc037c5e16f4c7369b20a2a6f7f0?s=96&d=mm&r=g","contentUrl":"https:\/\/secure.gravatar.com\/avatar\/e29bd40bace3fd935e1d6fdb7313ffc14628cc037c5e16f4c7369b20a2a6f7f0?s=96&d=mm&r=g","caption":"veronicapastor"}}]}},"_links":{"self":[{"href":"https:\/\/valenciasjb.salesianos.edu\/colegio\/wp-json\/wp\/v2\/posts\/9668","targetHints":{"allow":["GET"]}}],"collection":[{"href":"https:\/\/valenciasjb.salesianos.edu\/colegio\/wp-json\/wp\/v2\/posts"}],"about":[{"href":"https:\/\/valenciasjb.salesianos.edu\/colegio\/wp-json\/wp\/v2\/types\/post"}],"author":[{"embeddable":true,"href":"https:\/\/valenciasjb.salesianos.edu\/colegio\/wp-json\/wp\/v2\/users\/6"}],"replies":[{"embeddable":true,"href":"https:\/\/valenciasjb.salesianos.edu\/colegio\/wp-json\/wp\/v2\/comments?post=9668"}],"version-history":[{"count":2,"href":"https:\/\/valenciasjb.salesianos.edu\/colegio\/wp-json\/wp\/v2\/posts\/9668\/revisions"}],"predecessor-version":[{"id":9671,"href":"https:\/\/valenciasjb.salesianos.edu\/colegio\/wp-json\/wp\/v2\/posts\/9668\/revisions\/9671"}],"wp:featuredmedia":[{"embeddable":true,"href":"https:\/\/valenciasjb.salesianos.edu\/colegio\/wp-json\/wp\/v2\/media\/9673"}],"wp:attachment":[{"href":"https:\/\/valenciasjb.salesianos.edu\/colegio\/wp-json\/wp\/v2\/media?parent=9668"}],"wp:term":[{"taxonomy":"category","embeddable":true,"href":"https:\/\/valenciasjb.salesianos.edu\/colegio\/wp-json\/wp\/v2\/categories?post=9668"},{"taxonomy":"post_tag","embeddable":true,"href":"https:\/\/valenciasjb.salesianos.edu\/colegio\/wp-json\/wp\/v2\/tags?post=9668"}],"curies":[{"name":"wp","href":"https:\/\/api.w.org\/{rel}","templated":true}]}}