{"id":9674,"date":"2018-10-04T21:56:15","date_gmt":"2018-10-04T20:56:15","guid":{"rendered":"https:\/\/valenciasjb.salesianos.edu\/colegio\/?p=9674"},"modified":"2018-10-04T21:58:58","modified_gmt":"2018-10-04T20:58:58","slug":"la-alumna-monica-eced-disfruta-de-una-beca-para-cursar-el-ano-entero-en-un-colegio-de-canada","status":"publish","type":"post","link":"https:\/\/valenciasjb.salesianos.edu\/colegio\/la-alumna-monica-eced-disfruta-de-una-beca-para-cursar-el-ano-entero-en-un-colegio-de-canada\/","title":{"rendered":"La alumna M\u00f3nica Eced disfruta de una beca para cursar este a\u00f1o en un colegio de Canad\u00e1"},"content":{"rendered":"<div id=\"fb-root\"><\/div>\n<p>[et_pb_section bb_built=\u00bb1&#8243; next_background_color=\u00bb#000000&#8243;][et_pb_row][\/et_pb_row][\/et_pb_section][et_pb_section bb_built=\u00bb1&#8243; admin_label=\u00bbsection\u00bb prev_background_color=\u00bb#000000&#8243;][et_pb_row admin_label=\u00bbrow\u00bb background_position=\u00bbtop_left\u00bb background_repeat=\u00bbrepeat\u00bb background_size=\u00bbinitial\u00bb][et_pb_column type=\u00bb4_4&#8243;][et_pb_text admin_label=\u00bbEntradilla (Texto)\u00bb _builder_version=\u00bb3.0.105&#8243; background_layout=\u00bblight\u00bb text_orientation=\u00bbjustified\u00bb text_font=\u00bb|on|||\u00bb module_alignment=\u00bbleft\u00bb]<\/p>\n<div id=\"resumen\"><strong>La alumna M\u00f3nica Eced, que el curso pasado termin\u00f3 4\u00ba de ESO, est\u00e1 en estos momentos en Canad\u00e1 disfrutando de la beca Fundaci\u00f3n Amancio Ortega para estudiar durante un curso acad\u00e9mico completo en un colegio de Estados Unidos o Canad\u00e1. Ella ha querido mandar al colegio su testimonio de estas primeras semanas all\u00ed y animar a todos los alumnos y alumnas que est\u00e1n ahora en 4\u00ba de ESO a que se presenten a esta beca porque, tal y como indica en su testimonio, es una experiencia inolvidable que vale la pena vivir. El plazo para la solicitud de las becas finaliza el 30 de octubre de 2018 (13:00 horas, apertura y cierre en horario peninsular).<\/strong><\/div>\n<div><\/div>\n<p>[\/et_pb_text][et_pb_text admin_label=\u00bbAutor (Texto)\u00bb _builder_version=\u00bb3.0.105&#8243; background_layout=\u00bblight\u00bb text_font=\u00bb||on||\u00bb]<\/p>\n<p>Testimonio.<\/p>\n<p>[\/et_pb_text][et_pb_text admin_label=\u00bbDesarrollo (Texto)\u00bb _builder_version=\u00bb3.0.105&#8243; background_layout=\u00bblight\u00bb text_orientation=\u00bbjustified\u00bb module_alignment=\u00bbleft\u00bb]<\/p>\n<p>\u00abLlegu\u00e9 s\u00faper cansada eso s\u00ed, pero desde el primer momento mi host family ha sido y es maravillosa. En mi host family tengo 3 hermanos peque\u00f1os de 8, 7 y 5 a\u00f1os que me aman como a una hermana m\u00e1s, y son un amor, y un perro y un gato. La madre es m\u00e1s como una amiga que una madre, ya me siento parte de la familia y todo. La primera semana de high school la verdad fue un poco de locura porque no paraba de perderme y con tanta gente era todo un poco loco. A partir de la segunda semana de clase todo va cada vez mejor, me encantan mis asignaturas y profesores, tengo: Biology IB, Chemistry, English, Drama, Art y Photography (que en el 2\u00ba semestre se me cambia por mates). Cada d\u00eda hablo con gente nueva y he hecho muy buenas amigas en el bus y en fotograf\u00eda. El viernes de la segunda semana de colegio fuimos a un partido de f\u00fatbol americano de homecoming del high school (nuestro equipo son los \u00abtitans\u00bb de harry ainlay), el cual ganamos por cierto y fue genial. Por aqu\u00ed ya ha ca\u00eddo alguna nevada aunque se derrite enseguida. Tenemos d\u00edas de 0 o -1\u00b0C y otros de 14\u00b0C pero vamos que el pantal\u00f3n largo a m\u00ed ya no me lo quitan.<\/p>\n<p>Tambi\u00e9n fu\u00ed a un laberinto de ma\u00edz que hay aqu\u00ed en Edmonton y a un partido de hockey en el que por cierto ganaron los oilers que es el equipo de Edmonton y fue impresionante. El martes empec\u00e9 en el club de nataci\u00f3n y me est\u00e1 encantando tambi\u00e9n. De las cosas que m\u00e1s me gusta de aqu\u00ed es que est\u00e1 lleno de much\u00edsimas culturas distintas\u00a0y eso hace que todo se enriquezca mucho. Incluso una amiga india me ha invitado a un festival suyo a finales de octubre y estoy muy emocionada.<\/p>\n<p>En acci\u00f3n de gracias voy a ir a Calgary porque el padre tiene familia all\u00ed y pasar\u00e9 el fin de semana. Adem\u00e1s \u00abCanad\u00e1 Homestay Network\u00bb nos ha organizado a los internacionales un viaje en marzo a Rocky Mountains y Banff y estamos muy emocionados tambi\u00e9n. Somos 12 becados en Edmonton aunque en diferentes zonas e institutos, quedamos cada semana y nos llevamos genial se est\u00e1n formando amistades muy bonitas la verdad. Uno de ellos es salesiano tambi\u00e9n pero de Barcelona y a veces nos ponemos a cantar canciones de salesianos, jaja.<\/p>\n<p>El otro d\u00eda ten\u00edamos que hacer un trabajo en el cual hab\u00eda que nombrar a un l\u00edder que hubiera habido en la historia y hablar sobre \u00e9l y yo eleg\u00ed a Don Bosco con mucha ilusi\u00f3n.<\/p>\n<p>La gente es maravillosa y el sitio encantador, lo \u00fanico malo es que a penas comen pescado y lo echo de menos, jajajaja.<\/p>\n<p>Las primeras semanas no fueron tan f\u00e1ciles la verdad pero ahora mismo estoy muy feliz de estar aqu\u00ed y siento que no me quiero ir nunca.<\/p>\n<p>Me hace mucha ilusi\u00f3n que os acord\u00e9is de m\u00ed y mando muchos \u00e1nimos a todos los que se quieran presentar y que recuerden que quien no arriesga no gana\u00bb.<\/p>\n<p>[\/et_pb_text][et_pb_text admin_label=\u00bbT\u00edtulo: Galer\u00eda de fotos (Texto)\u00bb _builder_version=\u00bb3.0.76&#8243; background_layout=\u00bblight\u00bb text_font=\u00bb|on|||\u00bb text_text_color=\u00bb#dc001b\u00bb border_style=\u00bbsolid\u00bb disabled=\u00bboff\u00bb disabled_on=\u00bboff|on|on\u00bb]<\/p>\n<p>Galer\u00eda de im\u00e1genes<\/p>\n<p>[\/et_pb_text][et_pb_gallery _builder_version=\u00bb3.0.105&#8243; posts_number=\u00bb8&#8243; show_title_and_caption=\u00bboff\u00bb show_pagination=\u00bbon\u00bb fullwidth=\u00bboff\u00bb orientation=\u00bblandscape\u00bb zoom_icon_color=\u00bb#dc001b\u00bb hover_overlay_color=\u00bbrgba(255,255,255,0.9)\u00bb hover_icon=\u00bb%%51%%\u00bb background_layout=\u00bblight\u00bb disabled=\u00bboff\u00bb disabled_on=\u00bboff|off|off\u00bb gallery_ids=\u00bb9675&#8243; pagination_font_size_tablet=\u00bb51&#8243; pagination_line_height_tablet=\u00bb2&#8243; \/][et_pb_video _builder_version=\u00bb3.0.51&#8243; disabled=\u00bbon\u00bb disabled_on=\u00bbon|on|on\u00bb \/][\/et_pb_column][\/et_pb_row][\/et_pb_section]<\/p>\n<!-- AddThis Advanced Settings generic via filter on the_content --><!-- AddThis Share Buttons generic via filter on the_content -->","protected":false},"excerpt":{"rendered":"<p><div class=\"et_pb_row et_pb_row_0 et_pb_row_empty\">\n\t\t\t\t\n\t\t\t\t\n\t\t\t\t\n\t\t\t\t\n\t\t\t\t\n\t\t\t<\/div> La alumna M\u00f3nica Eced, que el curso pasado termin\u00f3 4\u00ba de ESO, est\u00e1 en estos momentos en Canad\u00e1 disfrutando de la beca Fundaci\u00f3n Amancio Ortega para estudiar durante un curso acad\u00e9mico completo en un colegio de Estados Unidos o Canad\u00e1. Ella ha querido mandar al colegio su testimonio de estas primeras semanas all\u00ed y [&hellip;]<\/p>\n<p><!-- AddThis Advanced Settings generic via filter on get_the_excerpt --><!-- AddThis Share Buttons generic via filter on get_the_excerpt --><\/p>\n","protected":false},"author":6,"featured_media":9675,"comment_status":"closed","ping_status":"open","sticky":false,"template":"","format":"standard","meta":{"_et_pb_use_builder":"on","_et_pb_old_content":"","_et_gb_content_width":"","footnotes":""},"categories":[14],"tags":[],"class_list":["post-9674","post","type-post","status-publish","format-standard","has-post-thumbnail","hentry","category-noticia_colegio"],"yoast_head":"<!-- This site is optimized with the Yoast SEO plugin v28.4 - https:\/\/yoast.com\/product\/yoast-seo-wordpress\/ -->\n<title>La alumna M\u00f3nica Eced disfruta de una beca para cursar este a\u00f1o en un colegio de Canad\u00e1 - Colegio San Juan Bosco Valencia<\/title>\n<meta name=\"robots\" content=\"index, follow, max-snippet:-1, max-image-preview:large, max-video-preview:-1\" \/>\n<link rel=\"canonical\" href=\"https:\/\/valenciasjb.salesianos.edu\/colegio\/la-alumna-monica-eced-disfruta-de-una-beca-para-cursar-el-ano-entero-en-un-colegio-de-canada\/\" \/>\n<meta property=\"og:locale\" content=\"es_ES\" \/>\n<meta property=\"og:type\" content=\"article\" \/>\n<meta property=\"og:title\" content=\"La alumna M\u00f3nica Eced disfruta de una beca para cursar este a\u00f1o en un colegio de Canad\u00e1 - Colegio San Juan Bosco Valencia\" \/>\n<meta property=\"og:description\" content=\"La alumna M\u00f3nica Eced, que el curso pasado termin\u00f3 4\u00ba de ESO, est\u00e1 en estos momentos en Canad\u00e1 disfrutando de la beca Fundaci\u00f3n Amancio Ortega para estudiar durante un curso acad\u00e9mico completo en un colegio de Estados Unidos o Canad\u00e1. Ella ha querido mandar al colegio su testimonio de estas primeras semanas all\u00ed y [&hellip;]\" \/>\n<meta property=\"og:url\" content=\"https:\/\/valenciasjb.salesianos.edu\/colegio\/la-alumna-monica-eced-disfruta-de-una-beca-para-cursar-el-ano-entero-en-un-colegio-de-canada\/\" \/>\n<meta property=\"og:site_name\" content=\"Colegio San Juan Bosco Valencia\" \/>\n<meta property=\"article:publisher\" content=\"https:\/\/www.facebook.com\/ColegioSalesianoSanJuanBoscoValencia\" \/>\n<meta property=\"article:published_time\" content=\"2018-10-04T20:56:15+00:00\" \/>\n<meta property=\"article:modified_time\" content=\"2018-10-04T20:58:58+00:00\" \/>\n<meta property=\"og:image\" content=\"https:\/\/valenciasjb.salesianos.edu\/colegio\/wp-content\/uploads\/sites\/2\/2018\/10\/sketch-1538686484263-e1538686546941.png\" \/>\n\t<meta property=\"og:image:width\" content=\"959\" \/>\n\t<meta property=\"og:image:height\" content=\"719\" \/>\n\t<meta property=\"og:image:type\" content=\"image\/png\" \/>\n<meta name=\"author\" content=\"veronicapastor\" \/>\n<meta name=\"twitter:card\" content=\"summary_large_image\" \/>\n<meta name=\"twitter:creator\" content=\"@SalesianosVSJB\" \/>\n<meta name=\"twitter:site\" content=\"@SalesianosVSJB\" \/>\n<meta name=\"twitter:label1\" content=\"Escrito por\" \/>\n\t<meta name=\"twitter:data1\" content=\"veronicapastor\" \/>\n\t<meta name=\"twitter:label2\" content=\"Tiempo de lectura\" \/>\n\t<meta name=\"twitter:data2\" content=\"4 minutos\" \/>\n<script type=\"application\/ld+json\" class=\"yoast-schema-graph\">{\"@context\":\"https:\\\/\\\/schema.org\",\"@graph\":[{\"@type\":\"Article\",\"@id\":\"https:\\\/\\\/valenciasjb.salesianos.edu\\\/colegio\\\/la-alumna-monica-eced-disfruta-de-una-beca-para-cursar-el-ano-entero-en-un-colegio-de-canada\\\/#article\",\"isPartOf\":{\"@id\":\"https:\\\/\\\/valenciasjb.salesianos.edu\\\/colegio\\\/la-alumna-monica-eced-disfruta-de-una-beca-para-cursar-el-ano-entero-en-un-colegio-de-canada\\\/\"},\"author\":{\"name\":\"veronicapastor\",\"@id\":\"https:\\\/\\\/valenciasjb.salesianos.edu\\\/colegio\\\/#\\\/schema\\\/person\\\/1f45b67e52b27da175190a574db6bed9\"},\"headline\":\"La alumna M\u00f3nica Eced disfruta de una beca para cursar este a\u00f1o en un colegio de Canad\u00e1\",\"datePublished\":\"2018-10-04T20:56:15+00:00\",\"dateModified\":\"2018-10-04T20:58:58+00:00\",\"mainEntityOfPage\":{\"@id\":\"https:\\\/\\\/valenciasjb.salesianos.edu\\\/colegio\\\/la-alumna-monica-eced-disfruta-de-una-beca-para-cursar-el-ano-entero-en-un-colegio-de-canada\\\/\"},\"wordCount\":902,\"image\":{\"@id\":\"https:\\\/\\\/valenciasjb.salesianos.edu\\\/colegio\\\/la-alumna-monica-eced-disfruta-de-una-beca-para-cursar-el-ano-entero-en-un-colegio-de-canada\\\/#primaryimage\"},\"thumbnailUrl\":\"https:\\\/\\\/valenciasjb.salesianos.edu\\\/colegio\\\/wp-content\\\/uploads\\\/sites\\\/2\\\/2018\\\/10\\\/sketch-1538686484263-e1538686546941.png\",\"articleSection\":[\"Noticia Colegio\"],\"inLanguage\":\"es\"},{\"@type\":\"WebPage\",\"@id\":\"https:\\\/\\\/valenciasjb.salesianos.edu\\\/colegio\\\/la-alumna-monica-eced-disfruta-de-una-beca-para-cursar-el-ano-entero-en-un-colegio-de-canada\\\/\",\"url\":\"https:\\\/\\\/valenciasjb.salesianos.edu\\\/colegio\\\/la-alumna-monica-eced-disfruta-de-una-beca-para-cursar-el-ano-entero-en-un-colegio-de-canada\\\/\",\"name\":\"La alumna M\u00f3nica Eced disfruta de una beca para cursar este a\u00f1o en un colegio de Canad\u00e1 - Colegio San Juan Bosco Valencia\",\"isPartOf\":{\"@id\":\"https:\\\/\\\/valenciasjb.salesianos.edu\\\/colegio\\\/#website\"},\"primaryImageOfPage\":{\"@id\":\"https:\\\/\\\/valenciasjb.salesianos.edu\\\/colegio\\\/la-alumna-monica-eced-disfruta-de-una-beca-para-cursar-el-ano-entero-en-un-colegio-de-canada\\\/#primaryimage\"},\"image\":{\"@id\":\"https:\\\/\\\/valenciasjb.salesianos.edu\\\/colegio\\\/la-alumna-monica-eced-disfruta-de-una-beca-para-cursar-el-ano-entero-en-un-colegio-de-canada\\\/#primaryimage\"},\"thumbnailUrl\":\"https:\\\/\\\/valenciasjb.salesianos.edu\\\/colegio\\\/wp-content\\\/uploads\\\/sites\\\/2\\\/2018\\\/10\\\/sketch-1538686484263-e1538686546941.png\",\"datePublished\":\"2018-10-04T20:56:15+00:00\",\"dateModified\":\"2018-10-04T20:58:58+00:00\",\"author\":{\"@id\":\"https:\\\/\\\/valenciasjb.salesianos.edu\\\/colegio\\\/#\\\/schema\\\/person\\\/1f45b67e52b27da175190a574db6bed9\"},\"breadcrumb\":{\"@id\":\"https:\\\/\\\/valenciasjb.salesianos.edu\\\/colegio\\\/la-alumna-monica-eced-disfruta-de-una-beca-para-cursar-el-ano-entero-en-un-colegio-de-canada\\\/#breadcrumb\"},\"inLanguage\":\"es\",\"potentialAction\":[{\"@type\":\"ReadAction\",\"target\":[\"https:\\\/\\\/valenciasjb.salesianos.edu\\\/colegio\\\/la-alumna-monica-eced-disfruta-de-una-beca-para-cursar-el-ano-entero-en-un-colegio-de-canada\\\/\"]}]},{\"@type\":\"ImageObject\",\"inLanguage\":\"es\",\"@id\":\"https:\\\/\\\/valenciasjb.salesianos.edu\\\/colegio\\\/la-alumna-monica-eced-disfruta-de-una-beca-para-cursar-el-ano-entero-en-un-colegio-de-canada\\\/#primaryimage\",\"url\":\"https:\\\/\\\/valenciasjb.salesianos.edu\\\/colegio\\\/wp-content\\\/uploads\\\/sites\\\/2\\\/2018\\\/10\\\/sketch-1538686484263-e1538686546941.png\",\"contentUrl\":\"https:\\\/\\\/valenciasjb.salesianos.edu\\\/colegio\\\/wp-content\\\/uploads\\\/sites\\\/2\\\/2018\\\/10\\\/sketch-1538686484263-e1538686546941.png\",\"width\":959,\"height\":719},{\"@type\":\"BreadcrumbList\",\"@id\":\"https:\\\/\\\/valenciasjb.salesianos.edu\\\/colegio\\\/la-alumna-monica-eced-disfruta-de-una-beca-para-cursar-el-ano-entero-en-un-colegio-de-canada\\\/#breadcrumb\",\"itemListElement\":[{\"@type\":\"ListItem\",\"position\":1,\"name\":\"Portada\",\"item\":\"https:\\\/\\\/valenciasjb.salesianos.edu\\\/colegio\\\/\"},{\"@type\":\"ListItem\",\"position\":2,\"name\":\"La alumna M\u00f3nica Eced disfruta de una beca para cursar este a\u00f1o en un colegio de Canad\u00e1\"}]},{\"@type\":\"WebSite\",\"@id\":\"https:\\\/\\\/valenciasjb.salesianos.edu\\\/colegio\\\/#website\",\"url\":\"https:\\\/\\\/valenciasjb.salesianos.edu\\\/colegio\\\/\",\"name\":\"Colegio San Juan Bosco Valencia\",\"description\":\"P\u00e1gina oficial del Colegio Salesianos San Juan Bosco Valencia\",\"alternateName\":\"Salesianos.VSJB\",\"potentialAction\":[{\"@type\":\"SearchAction\",\"target\":{\"@type\":\"EntryPoint\",\"urlTemplate\":\"https:\\\/\\\/valenciasjb.salesianos.edu\\\/colegio\\\/?s={search_term_string}\"},\"query-input\":{\"@type\":\"PropertyValueSpecification\",\"valueRequired\":true,\"valueName\":\"search_term_string\"}}],\"inLanguage\":\"es\"},{\"@type\":\"Person\",\"@id\":\"https:\\\/\\\/valenciasjb.salesianos.edu\\\/colegio\\\/#\\\/schema\\\/person\\\/1f45b67e52b27da175190a574db6bed9\",\"name\":\"veronicapastor\",\"image\":{\"@type\":\"ImageObject\",\"inLanguage\":\"es\",\"@id\":\"https:\\\/\\\/secure.gravatar.com\\\/avatar\\\/e29bd40bace3fd935e1d6fdb7313ffc14628cc037c5e16f4c7369b20a2a6f7f0?s=96&d=mm&r=g\",\"url\":\"https:\\\/\\\/secure.gravatar.com\\\/avatar\\\/e29bd40bace3fd935e1d6fdb7313ffc14628cc037c5e16f4c7369b20a2a6f7f0?s=96&d=mm&r=g\",\"contentUrl\":\"https:\\\/\\\/secure.gravatar.com\\\/avatar\\\/e29bd40bace3fd935e1d6fdb7313ffc14628cc037c5e16f4c7369b20a2a6f7f0?s=96&d=mm&r=g\",\"caption\":\"veronicapastor\"}}]}<\/script>\n<!-- \/ Yoast SEO plugin. -->","yoast_head_json":{"title":"La alumna M\u00f3nica Eced disfruta de una beca para cursar este a\u00f1o en un colegio de Canad\u00e1 - Colegio San Juan Bosco Valencia","robots":{"index":"index","follow":"follow","max-snippet":"max-snippet:-1","max-image-preview":"max-image-preview:large","max-video-preview":"max-video-preview:-1"},"canonical":"https:\/\/valenciasjb.salesianos.edu\/colegio\/la-alumna-monica-eced-disfruta-de-una-beca-para-cursar-el-ano-entero-en-un-colegio-de-canada\/","og_locale":"es_ES","og_type":"article","og_title":"La alumna M\u00f3nica Eced disfruta de una beca para cursar este a\u00f1o en un colegio de Canad\u00e1 - Colegio San Juan Bosco Valencia","og_description":"La alumna M\u00f3nica Eced, que el curso pasado termin\u00f3 4\u00ba de ESO, est\u00e1 en estos momentos en Canad\u00e1 disfrutando de la beca Fundaci\u00f3n Amancio Ortega para estudiar durante un curso acad\u00e9mico completo en un colegio de Estados Unidos o Canad\u00e1. Ella ha querido mandar al colegio su testimonio de estas primeras semanas all\u00ed y [&hellip;]","og_url":"https:\/\/valenciasjb.salesianos.edu\/colegio\/la-alumna-monica-eced-disfruta-de-una-beca-para-cursar-el-ano-entero-en-un-colegio-de-canada\/","og_site_name":"Colegio San Juan Bosco Valencia","article_publisher":"https:\/\/www.facebook.com\/ColegioSalesianoSanJuanBoscoValencia","article_published_time":"2018-10-04T20:56:15+00:00","article_modified_time":"2018-10-04T20:58:58+00:00","og_image":[{"width":959,"height":719,"url":"https:\/\/valenciasjb.salesianos.edu\/colegio\/wp-content\/uploads\/sites\/2\/2018\/10\/sketch-1538686484263-e1538686546941.png","type":"image\/png"}],"author":"veronicapastor","twitter_card":"summary_large_image","twitter_creator":"@SalesianosVSJB","twitter_site":"@SalesianosVSJB","twitter_misc":{"Escrito por":"veronicapastor","Tiempo de lectura":"4 minutos"},"schema":{"@context":"https:\/\/schema.org","@graph":[{"@type":"Article","@id":"https:\/\/valenciasjb.salesianos.edu\/colegio\/la-alumna-monica-eced-disfruta-de-una-beca-para-cursar-el-ano-entero-en-un-colegio-de-canada\/#article","isPartOf":{"@id":"https:\/\/valenciasjb.salesianos.edu\/colegio\/la-alumna-monica-eced-disfruta-de-una-beca-para-cursar-el-ano-entero-en-un-colegio-de-canada\/"},"author":{"name":"veronicapastor","@id":"https:\/\/valenciasjb.salesianos.edu\/colegio\/#\/schema\/person\/1f45b67e52b27da175190a574db6bed9"},"headline":"La alumna M\u00f3nica Eced disfruta de una beca para cursar este a\u00f1o en un colegio de Canad\u00e1","datePublished":"2018-10-04T20:56:15+00:00","dateModified":"2018-10-04T20:58:58+00:00","mainEntityOfPage":{"@id":"https:\/\/valenciasjb.salesianos.edu\/colegio\/la-alumna-monica-eced-disfruta-de-una-beca-para-cursar-el-ano-entero-en-un-colegio-de-canada\/"},"wordCount":902,"image":{"@id":"https:\/\/valenciasjb.salesianos.edu\/colegio\/la-alumna-monica-eced-disfruta-de-una-beca-para-cursar-el-ano-entero-en-un-colegio-de-canada\/#primaryimage"},"thumbnailUrl":"https:\/\/valenciasjb.salesianos.edu\/colegio\/wp-content\/uploads\/sites\/2\/2018\/10\/sketch-1538686484263-e1538686546941.png","articleSection":["Noticia Colegio"],"inLanguage":"es"},{"@type":"WebPage","@id":"https:\/\/valenciasjb.salesianos.edu\/colegio\/la-alumna-monica-eced-disfruta-de-una-beca-para-cursar-el-ano-entero-en-un-colegio-de-canada\/","url":"https:\/\/valenciasjb.salesianos.edu\/colegio\/la-alumna-monica-eced-disfruta-de-una-beca-para-cursar-el-ano-entero-en-un-colegio-de-canada\/","name":"La alumna M\u00f3nica Eced disfruta de una beca para cursar este a\u00f1o en un colegio de Canad\u00e1 - Colegio San Juan Bosco Valencia","isPartOf":{"@id":"https:\/\/valenciasjb.salesianos.edu\/colegio\/#website"},"primaryImageOfPage":{"@id":"https:\/\/valenciasjb.salesianos.edu\/colegio\/la-alumna-monica-eced-disfruta-de-una-beca-para-cursar-el-ano-entero-en-un-colegio-de-canada\/#primaryimage"},"image":{"@id":"https:\/\/valenciasjb.salesianos.edu\/colegio\/la-alumna-monica-eced-disfruta-de-una-beca-para-cursar-el-ano-entero-en-un-colegio-de-canada\/#primaryimage"},"thumbnailUrl":"https:\/\/valenciasjb.salesianos.edu\/colegio\/wp-content\/uploads\/sites\/2\/2018\/10\/sketch-1538686484263-e1538686546941.png","datePublished":"2018-10-04T20:56:15+00:00","dateModified":"2018-10-04T20:58:58+00:00","author":{"@id":"https:\/\/valenciasjb.salesianos.edu\/colegio\/#\/schema\/person\/1f45b67e52b27da175190a574db6bed9"},"breadcrumb":{"@id":"https:\/\/valenciasjb.salesianos.edu\/colegio\/la-alumna-monica-eced-disfruta-de-una-beca-para-cursar-el-ano-entero-en-un-colegio-de-canada\/#breadcrumb"},"inLanguage":"es","potentialAction":[{"@type":"ReadAction","target":["https:\/\/valenciasjb.salesianos.edu\/colegio\/la-alumna-monica-eced-disfruta-de-una-beca-para-cursar-el-ano-entero-en-un-colegio-de-canada\/"]}]},{"@type":"ImageObject","inLanguage":"es","@id":"https:\/\/valenciasjb.salesianos.edu\/colegio\/la-alumna-monica-eced-disfruta-de-una-beca-para-cursar-el-ano-entero-en-un-colegio-de-canada\/#primaryimage","url":"https:\/\/valenciasjb.salesianos.edu\/colegio\/wp-content\/uploads\/sites\/2\/2018\/10\/sketch-1538686484263-e1538686546941.png","contentUrl":"https:\/\/valenciasjb.salesianos.edu\/colegio\/wp-content\/uploads\/sites\/2\/2018\/10\/sketch-1538686484263-e1538686546941.png","width":959,"height":719},{"@type":"BreadcrumbList","@id":"https:\/\/valenciasjb.salesianos.edu\/colegio\/la-alumna-monica-eced-disfruta-de-una-beca-para-cursar-el-ano-entero-en-un-colegio-de-canada\/#breadcrumb","itemListElement":[{"@type":"ListItem","position":1,"name":"Portada","item":"https:\/\/valenciasjb.salesianos.edu\/colegio\/"},{"@type":"ListItem","position":2,"name":"La alumna M\u00f3nica Eced disfruta de una beca para cursar este a\u00f1o en un colegio de Canad\u00e1"}]},{"@type":"WebSite","@id":"https:\/\/valenciasjb.salesianos.edu\/colegio\/#website","url":"https:\/\/valenciasjb.salesianos.edu\/colegio\/","name":"Colegio San Juan Bosco Valencia","description":"P\u00e1gina oficial del Colegio Salesianos San Juan Bosco Valencia","alternateName":"Salesianos.VSJB","potentialAction":[{"@type":"SearchAction","target":{"@type":"EntryPoint","urlTemplate":"https:\/\/valenciasjb.salesianos.edu\/colegio\/?s={search_term_string}"},"query-input":{"@type":"PropertyValueSpecification","valueRequired":true,"valueName":"search_term_string"}}],"inLanguage":"es"},{"@type":"Person","@id":"https:\/\/valenciasjb.salesianos.edu\/colegio\/#\/schema\/person\/1f45b67e52b27da175190a574db6bed9","name":"veronicapastor","image":{"@type":"ImageObject","inLanguage":"es","@id":"https:\/\/secure.gravatar.com\/avatar\/e29bd40bace3fd935e1d6fdb7313ffc14628cc037c5e16f4c7369b20a2a6f7f0?s=96&d=mm&r=g","url":"https:\/\/secure.gravatar.com\/avatar\/e29bd40bace3fd935e1d6fdb7313ffc14628cc037c5e16f4c7369b20a2a6f7f0?s=96&d=mm&r=g","contentUrl":"https:\/\/secure.gravatar.com\/avatar\/e29bd40bace3fd935e1d6fdb7313ffc14628cc037c5e16f4c7369b20a2a6f7f0?s=96&d=mm&r=g","caption":"veronicapastor"}}]}},"_links":{"self":[{"href":"https:\/\/valenciasjb.salesianos.edu\/colegio\/wp-json\/wp\/v2\/posts\/9674","targetHints":{"allow":["GET"]}}],"collection":[{"href":"https:\/\/valenciasjb.salesianos.edu\/colegio\/wp-json\/wp\/v2\/posts"}],"about":[{"href":"https:\/\/valenciasjb.salesianos.edu\/colegio\/wp-json\/wp\/v2\/types\/post"}],"author":[{"embeddable":true,"href":"https:\/\/valenciasjb.salesianos.edu\/colegio\/wp-json\/wp\/v2\/users\/6"}],"replies":[{"embeddable":true,"href":"https:\/\/valenciasjb.salesianos.edu\/colegio\/wp-json\/wp\/v2\/comments?post=9674"}],"version-history":[{"count":4,"href":"https:\/\/valenciasjb.salesianos.edu\/colegio\/wp-json\/wp\/v2\/posts\/9674\/revisions"}],"predecessor-version":[{"id":9679,"href":"https:\/\/valenciasjb.salesianos.edu\/colegio\/wp-json\/wp\/v2\/posts\/9674\/revisions\/9679"}],"wp:featuredmedia":[{"embeddable":true,"href":"https:\/\/valenciasjb.salesianos.edu\/colegio\/wp-json\/wp\/v2\/media\/9675"}],"wp:attachment":[{"href":"https:\/\/valenciasjb.salesianos.edu\/colegio\/wp-json\/wp\/v2\/media?parent=9674"}],"wp:term":[{"taxonomy":"category","embeddable":true,"href":"https:\/\/valenciasjb.salesianos.edu\/colegio\/wp-json\/wp\/v2\/categories?post=9674"},{"taxonomy":"post_tag","embeddable":true,"href":"https:\/\/valenciasjb.salesianos.edu\/colegio\/wp-json\/wp\/v2\/tags?post=9674"}],"curies":[{"name":"wp","href":"https:\/\/api.w.org\/{rel}","templated":true}]}}