{"id":9713,"date":"2018-10-14T22:19:59","date_gmt":"2018-10-14T21:19:59","guid":{"rendered":"https:\/\/valenciasjb.salesianos.edu\/colegio\/?p=9713"},"modified":"2018-10-14T22:19:59","modified_gmt":"2018-10-14T21:19:59","slug":"el-club-deportivo-don-bosco-presentea-su-cronica-del-mes-de-septiembre","status":"publish","type":"post","link":"https:\/\/valenciasjb.salesianos.edu\/colegio\/el-club-deportivo-don-bosco-presentea-su-cronica-del-mes-de-septiembre\/","title":{"rendered":". El Club Deportivo Don Bosco presentea su cr\u00f3nica del mes de septiembre"},"content":{"rendered":"<div id=\"fb-root\"><\/div>\n<p>[et_pb_section bb_built=\u00bb1&#8243; admin_label=\u00bbsection\u00bb][et_pb_row admin_label=\u00bbrow\u00bb background_position=\u00bbtop_left\u00bb background_repeat=\u00bbrepeat\u00bb background_size=\u00bbinitial\u00bb][et_pb_column type=\u00bb4_4&#8243;][et_pb_text admin_label=\u00bbEntradilla (Texto)\u00bb _builder_version=\u00bb3.0.76&#8243; background_layout=\u00bblight\u00bb text_orientation=\u00bbjustified\u00bb text_font=\u00bb|on|||\u00bb border_style=\u00bbsolid\u00bb module_alignment=\u00bbjustified\u00bb]<\/p>\n<div id=\"resumen\"><strong>Dentro de la IV Jornada GeoGebra de la Comunidad Valenciana<\/strong><\/div>\n<div>El pasado s\u00e1bado 23 de septiembre tuvo lugar en el Campus de Gand\u00eda de la UPV la IV Jornada GeoGebra de la Comunidad Valenciana, organizada por L\u2019Institut GeoGebra Valenci\u00e0 (IGV) de la Societat d\u2019Educaci\u00f3 Matem\u00e0tica de la Comunitat Valenciana Al-Khw\u0101rizm\u012b (SEMCV).<\/div>\n<p>[\/et_pb_text][et_pb_text admin_label=\u00bbAutor (Texto)\u00bb _builder_version=\u00bb3.0.76&#8243; background_layout=\u00bblight\u00bb text_font=\u00bb||on||\u00bb border_style=\u00bbsolid\u00bb]<\/p>\n<p>Redacci\u00f3n<\/p>\n<p>[\/et_pb_text][et_pb_text admin_label=\u00bbDesarrollo (Texto)\u00bb _builder_version=\u00bb3.0.105&#8243; background_layout=\u00bblight\u00bb text_orientation=\u00bbjustified\u00bb border_style=\u00bbsolid\u00bb module_alignment=\u00bbleft\u00bb]<\/p>\n<ul>\n<li><strong>Inicio de las competiciones oficiales en las que participan los equipos del club deportivo<\/strong><\/li>\n<\/ul>\n<p><strong>\u00a0<\/strong>Escalonadamente durante el mes de septiembre todos los equipos del club, tanto baloncesto, f\u00fatbol, minibasket y f\u00fatbol 8, han ido iniciando su andadura en las competiciones en las que est\u00e1n inmersos de la FBCV y FFCV.<\/p>\n<ul>\n<li><strong>F\u00fatbol 8 (benjamines, prebenjamines y querubines):<\/strong><\/li>\n<\/ul>\n<p>Gran ambiente en la primera hora de la tarde de actividades en el campo de c\u00e9sped con la presencia de los m\u00e1s peque\u00f1os del club, padres, familiares\u2026<\/p>\n<ul>\n<li><strong>Convivencia de pretemporada equipos de baloncesto:<\/strong><\/li>\n<\/ul>\n<p>En el incomparable marco de la casa de Godelleta, los equipos de baloncesto realizaron una convivencia donde se mezcl\u00f3 la formaci\u00f3n t\u00e9cnica con la personal entre los deportistas.<\/p>\n<ul>\n<li><strong>Actividad sala de reuniones y oficinas del club:<\/strong><\/li>\n<\/ul>\n<p>La atenci\u00f3n a nuestros deportistas y familiares es una prioridad que el equipo directivo ha marcado en una constante cualquier d\u00eda lectivo de la semana en horario de tarde.<\/p>\n<p>Igualmente, la sala de reuniones se ha convertido en un espacio fundamental para todo tipo de charlas con los diferentes grupos y familiares, tanto t\u00e9cnicas, como de funcionamiento, de formaci\u00f3n de entrenadores \u2026\u2026<\/p>\n<p>[\/et_pb_text][et_pb_text admin_label=\u00bbT\u00edtulo: Galer\u00eda de fotos (Texto)\u00bb _builder_version=\u00bb3.0.76&#8243; background_layout=\u00bblight\u00bb text_font=\u00bb|on|||\u00bb text_text_color=\u00bb#dc001b\u00bb border_style=\u00bbsolid\u00bb disabled=\u00bboff\u00bb disabled_on=\u00bboff|on|on\u00bb]<\/p>\n<p>Galer\u00eda de im\u00e1genes<\/p>\n<p>[\/et_pb_text][et_pb_gallery _builder_version=\u00bb3.0.105&#8243; posts_number=\u00bb8&#8243; show_title_and_caption=\u00bboff\u00bb show_pagination=\u00bbon\u00bb fullwidth=\u00bboff\u00bb orientation=\u00bblandscape\u00bb zoom_icon_color=\u00bb#dc001b\u00bb hover_overlay_color=\u00bbrgba(255,255,255,0.9)\u00bb hover_icon=\u00bb%%51%%\u00bb background_layout=\u00bblight\u00bb border_style=\u00bbsolid\u00bb disabled=\u00bboff\u00bb disabled_on=\u00bboff|off|off\u00bb gallery_ids=\u00bb8604,8605,8606,8607,8608,8609,8610,8611&#8243; pagination_font_size_tablet=\u00bb51&#8243; pagination_line_height_tablet=\u00bb2&#8243; \/][et_pb_video _builder_version=\u00bb3.0.51&#8243; disabled=\u00bbon\u00bb disabled_on=\u00bbon|on|on\u00bb \/][\/et_pb_column][\/et_pb_row][\/et_pb_section]<\/p>\n<!-- AddThis Advanced Settings generic via filter on the_content --><!-- AddThis Share Buttons generic via filter on the_content -->","protected":false},"excerpt":{"rendered":"<p>Dentro de la IV Jornada GeoGebra de la Comunidad Valenciana El pasado s\u00e1bado 23 de septiembre tuvo lugar en el Campus de Gand\u00eda de la UPV la IV Jornada GeoGebra de la Comunidad Valenciana, organizada por L\u2019Institut GeoGebra Valenci\u00e0 (IGV) de la Societat d\u2019Educaci\u00f3 Matem\u00e0tica de la Comunitat Valenciana Al-Khw\u0101rizm\u012b (SEMCV). Redacci\u00f3n Inicio de las [&hellip;]<\/p>\n<p><!-- AddThis Advanced Settings generic via filter on get_the_excerpt --><!-- AddThis Share Buttons generic via filter on get_the_excerpt --><\/p>\n","protected":false},"author":6,"featured_media":9714,"comment_status":"closed","ping_status":"open","sticky":false,"template":"","format":"standard","meta":{"_et_pb_use_builder":"on","_et_pb_old_content":"","_et_gb_content_width":"","footnotes":""},"categories":[14,26],"tags":[],"class_list":["post-9713","post","type-post","status-publish","format-standard","has-post-thumbnail","hentry","category-noticia_colegio","category-noticia_deportes"],"yoast_head":"<!-- This site is optimized with the Yoast SEO plugin v28.3 - https:\/\/yoast.com\/product\/yoast-seo-wordpress\/ -->\n<title>. El Club Deportivo Don Bosco presentea su cr\u00f3nica del mes de septiembre - Colegio San Juan Bosco Valencia<\/title>\n<meta name=\"robots\" content=\"index, follow, max-snippet:-1, max-image-preview:large, max-video-preview:-1\" \/>\n<link rel=\"canonical\" href=\"https:\/\/valenciasjb.salesianos.edu\/colegio\/el-club-deportivo-don-bosco-presentea-su-cronica-del-mes-de-septiembre\/\" \/>\n<meta property=\"og:locale\" content=\"es_ES\" \/>\n<meta property=\"og:type\" content=\"article\" \/>\n<meta property=\"og:title\" content=\". El Club Deportivo Don Bosco presentea su cr\u00f3nica del mes de septiembre - Colegio San Juan Bosco Valencia\" \/>\n<meta property=\"og:description\" content=\"Dentro de la IV Jornada GeoGebra de la Comunidad Valenciana El pasado s\u00e1bado 23 de septiembre tuvo lugar en el Campus de Gand\u00eda de la UPV la IV Jornada GeoGebra de la Comunidad Valenciana, organizada por L\u2019Institut GeoGebra Valenci\u00e0 (IGV) de la Societat d\u2019Educaci\u00f3 Matem\u00e0tica de la Comunitat Valenciana Al-Khw\u0101rizm\u012b (SEMCV). Redacci\u00f3n Inicio de las [&hellip;]\" \/>\n<meta property=\"og:url\" content=\"https:\/\/valenciasjb.salesianos.edu\/colegio\/el-club-deportivo-don-bosco-presentea-su-cronica-del-mes-de-septiembre\/\" \/>\n<meta property=\"og:site_name\" content=\"Colegio San Juan Bosco Valencia\" \/>\n<meta property=\"article:publisher\" content=\"https:\/\/www.facebook.com\/ColegioSalesianoSanJuanBoscoValencia\" \/>\n<meta property=\"article:published_time\" content=\"2018-10-14T21:19:59+00:00\" \/>\n<meta property=\"og:image\" content=\"https:\/\/valenciasjb.salesianos.edu\/colegio\/wp-content\/uploads\/sites\/2\/2018\/10\/IMG_2166-1024x768.jpg\" \/>\n\t<meta property=\"og:image:width\" content=\"1024\" \/>\n\t<meta property=\"og:image:height\" content=\"768\" \/>\n\t<meta property=\"og:image:type\" content=\"image\/jpeg\" \/>\n<meta name=\"author\" content=\"veronicapastor\" \/>\n<meta name=\"twitter:card\" content=\"summary_large_image\" \/>\n<meta name=\"twitter:creator\" content=\"@SalesianosVSJB\" \/>\n<meta name=\"twitter:site\" content=\"@SalesianosVSJB\" \/>\n<meta name=\"twitter:label1\" content=\"Escrito por\" \/>\n\t<meta name=\"twitter:data1\" content=\"veronicapastor\" \/>\n\t<meta name=\"twitter:label2\" content=\"Tiempo de lectura\" \/>\n\t<meta name=\"twitter:data2\" content=\"2 minutos\" \/>\n<script type=\"application\/ld+json\" class=\"yoast-schema-graph\">{\"@context\":\"https:\\\/\\\/schema.org\",\"@graph\":[{\"@type\":\"Article\",\"@id\":\"https:\\\/\\\/valenciasjb.salesianos.edu\\\/colegio\\\/el-club-deportivo-don-bosco-presentea-su-cronica-del-mes-de-septiembre\\\/#article\",\"isPartOf\":{\"@id\":\"https:\\\/\\\/valenciasjb.salesianos.edu\\\/colegio\\\/el-club-deportivo-don-bosco-presentea-su-cronica-del-mes-de-septiembre\\\/\"},\"author\":{\"name\":\"veronicapastor\",\"@id\":\"https:\\\/\\\/valenciasjb.salesianos.edu\\\/colegio\\\/#\\\/schema\\\/person\\\/1f45b67e52b27da175190a574db6bed9\"},\"headline\":\". El Club Deportivo Don Bosco presentea su cr\u00f3nica del mes de septiembre\",\"datePublished\":\"2018-10-14T21:19:59+00:00\",\"mainEntityOfPage\":{\"@id\":\"https:\\\/\\\/valenciasjb.salesianos.edu\\\/colegio\\\/el-club-deportivo-don-bosco-presentea-su-cronica-del-mes-de-septiembre\\\/\"},\"wordCount\":485,\"image\":{\"@id\":\"https:\\\/\\\/valenciasjb.salesianos.edu\\\/colegio\\\/el-club-deportivo-don-bosco-presentea-su-cronica-del-mes-de-septiembre\\\/#primaryimage\"},\"thumbnailUrl\":\"https:\\\/\\\/valenciasjb.salesianos.edu\\\/colegio\\\/wp-content\\\/uploads\\\/sites\\\/2\\\/2018\\\/10\\\/IMG_2166.jpg\",\"articleSection\":[\"Noticia Colegio\",\"Noticia Deportes\"],\"inLanguage\":\"es\"},{\"@type\":\"WebPage\",\"@id\":\"https:\\\/\\\/valenciasjb.salesianos.edu\\\/colegio\\\/el-club-deportivo-don-bosco-presentea-su-cronica-del-mes-de-septiembre\\\/\",\"url\":\"https:\\\/\\\/valenciasjb.salesianos.edu\\\/colegio\\\/el-club-deportivo-don-bosco-presentea-su-cronica-del-mes-de-septiembre\\\/\",\"name\":\". El Club Deportivo Don Bosco presentea su cr\u00f3nica del mes de septiembre - Colegio San Juan Bosco Valencia\",\"isPartOf\":{\"@id\":\"https:\\\/\\\/valenciasjb.salesianos.edu\\\/colegio\\\/#website\"},\"primaryImageOfPage\":{\"@id\":\"https:\\\/\\\/valenciasjb.salesianos.edu\\\/colegio\\\/el-club-deportivo-don-bosco-presentea-su-cronica-del-mes-de-septiembre\\\/#primaryimage\"},\"image\":{\"@id\":\"https:\\\/\\\/valenciasjb.salesianos.edu\\\/colegio\\\/el-club-deportivo-don-bosco-presentea-su-cronica-del-mes-de-septiembre\\\/#primaryimage\"},\"thumbnailUrl\":\"https:\\\/\\\/valenciasjb.salesianos.edu\\\/colegio\\\/wp-content\\\/uploads\\\/sites\\\/2\\\/2018\\\/10\\\/IMG_2166.jpg\",\"datePublished\":\"2018-10-14T21:19:59+00:00\",\"author\":{\"@id\":\"https:\\\/\\\/valenciasjb.salesianos.edu\\\/colegio\\\/#\\\/schema\\\/person\\\/1f45b67e52b27da175190a574db6bed9\"},\"breadcrumb\":{\"@id\":\"https:\\\/\\\/valenciasjb.salesianos.edu\\\/colegio\\\/el-club-deportivo-don-bosco-presentea-su-cronica-del-mes-de-septiembre\\\/#breadcrumb\"},\"inLanguage\":\"es\",\"potentialAction\":[{\"@type\":\"ReadAction\",\"target\":[\"https:\\\/\\\/valenciasjb.salesianos.edu\\\/colegio\\\/el-club-deportivo-don-bosco-presentea-su-cronica-del-mes-de-septiembre\\\/\"]}]},{\"@type\":\"ImageObject\",\"inLanguage\":\"es\",\"@id\":\"https:\\\/\\\/valenciasjb.salesianos.edu\\\/colegio\\\/el-club-deportivo-don-bosco-presentea-su-cronica-del-mes-de-septiembre\\\/#primaryimage\",\"url\":\"https:\\\/\\\/valenciasjb.salesianos.edu\\\/colegio\\\/wp-content\\\/uploads\\\/sites\\\/2\\\/2018\\\/10\\\/IMG_2166.jpg\",\"contentUrl\":\"https:\\\/\\\/valenciasjb.salesianos.edu\\\/colegio\\\/wp-content\\\/uploads\\\/sites\\\/2\\\/2018\\\/10\\\/IMG_2166.jpg\",\"width\":3264,\"height\":2448},{\"@type\":\"BreadcrumbList\",\"@id\":\"https:\\\/\\\/valenciasjb.salesianos.edu\\\/colegio\\\/el-club-deportivo-don-bosco-presentea-su-cronica-del-mes-de-septiembre\\\/#breadcrumb\",\"itemListElement\":[{\"@type\":\"ListItem\",\"position\":1,\"name\":\"Portada\",\"item\":\"https:\\\/\\\/valenciasjb.salesianos.edu\\\/colegio\\\/\"},{\"@type\":\"ListItem\",\"position\":2,\"name\":\". El Club Deportivo Don Bosco presentea su cr\u00f3nica del mes de septiembre\"}]},{\"@type\":\"WebSite\",\"@id\":\"https:\\\/\\\/valenciasjb.salesianos.edu\\\/colegio\\\/#website\",\"url\":\"https:\\\/\\\/valenciasjb.salesianos.edu\\\/colegio\\\/\",\"name\":\"Colegio San Juan Bosco Valencia\",\"description\":\"P\u00e1gina oficial del Colegio Salesianos San Juan Bosco Valencia\",\"alternateName\":\"Salesianos.VSJB\",\"potentialAction\":[{\"@type\":\"SearchAction\",\"target\":{\"@type\":\"EntryPoint\",\"urlTemplate\":\"https:\\\/\\\/valenciasjb.salesianos.edu\\\/colegio\\\/?s={search_term_string}\"},\"query-input\":{\"@type\":\"PropertyValueSpecification\",\"valueRequired\":true,\"valueName\":\"search_term_string\"}}],\"inLanguage\":\"es\"},{\"@type\":\"Person\",\"@id\":\"https:\\\/\\\/valenciasjb.salesianos.edu\\\/colegio\\\/#\\\/schema\\\/person\\\/1f45b67e52b27da175190a574db6bed9\",\"name\":\"veronicapastor\",\"image\":{\"@type\":\"ImageObject\",\"inLanguage\":\"es\",\"@id\":\"https:\\\/\\\/secure.gravatar.com\\\/avatar\\\/e29bd40bace3fd935e1d6fdb7313ffc14628cc037c5e16f4c7369b20a2a6f7f0?s=96&d=mm&r=g\",\"url\":\"https:\\\/\\\/secure.gravatar.com\\\/avatar\\\/e29bd40bace3fd935e1d6fdb7313ffc14628cc037c5e16f4c7369b20a2a6f7f0?s=96&d=mm&r=g\",\"contentUrl\":\"https:\\\/\\\/secure.gravatar.com\\\/avatar\\\/e29bd40bace3fd935e1d6fdb7313ffc14628cc037c5e16f4c7369b20a2a6f7f0?s=96&d=mm&r=g\",\"caption\":\"veronicapastor\"}}]}<\/script>\n<!-- \/ Yoast SEO plugin. -->","yoast_head_json":{"title":". El Club Deportivo Don Bosco presentea su cr\u00f3nica del mes de septiembre - Colegio San Juan Bosco Valencia","robots":{"index":"index","follow":"follow","max-snippet":"max-snippet:-1","max-image-preview":"max-image-preview:large","max-video-preview":"max-video-preview:-1"},"canonical":"https:\/\/valenciasjb.salesianos.edu\/colegio\/el-club-deportivo-don-bosco-presentea-su-cronica-del-mes-de-septiembre\/","og_locale":"es_ES","og_type":"article","og_title":". El Club Deportivo Don Bosco presentea su cr\u00f3nica del mes de septiembre - Colegio San Juan Bosco Valencia","og_description":"Dentro de la IV Jornada GeoGebra de la Comunidad Valenciana El pasado s\u00e1bado 23 de septiembre tuvo lugar en el Campus de Gand\u00eda de la UPV la IV Jornada GeoGebra de la Comunidad Valenciana, organizada por L\u2019Institut GeoGebra Valenci\u00e0 (IGV) de la Societat d\u2019Educaci\u00f3 Matem\u00e0tica de la Comunitat Valenciana Al-Khw\u0101rizm\u012b (SEMCV). Redacci\u00f3n Inicio de las [&hellip;]","og_url":"https:\/\/valenciasjb.salesianos.edu\/colegio\/el-club-deportivo-don-bosco-presentea-su-cronica-del-mes-de-septiembre\/","og_site_name":"Colegio San Juan Bosco Valencia","article_publisher":"https:\/\/www.facebook.com\/ColegioSalesianoSanJuanBoscoValencia","article_published_time":"2018-10-14T21:19:59+00:00","og_image":[{"width":1024,"height":768,"url":"https:\/\/valenciasjb.salesianos.edu\/colegio\/wp-content\/uploads\/sites\/2\/2018\/10\/IMG_2166-1024x768.jpg","type":"image\/jpeg"}],"author":"veronicapastor","twitter_card":"summary_large_image","twitter_creator":"@SalesianosVSJB","twitter_site":"@SalesianosVSJB","twitter_misc":{"Escrito por":"veronicapastor","Tiempo de lectura":"2 minutos"},"schema":{"@context":"https:\/\/schema.org","@graph":[{"@type":"Article","@id":"https:\/\/valenciasjb.salesianos.edu\/colegio\/el-club-deportivo-don-bosco-presentea-su-cronica-del-mes-de-septiembre\/#article","isPartOf":{"@id":"https:\/\/valenciasjb.salesianos.edu\/colegio\/el-club-deportivo-don-bosco-presentea-su-cronica-del-mes-de-septiembre\/"},"author":{"name":"veronicapastor","@id":"https:\/\/valenciasjb.salesianos.edu\/colegio\/#\/schema\/person\/1f45b67e52b27da175190a574db6bed9"},"headline":". El Club Deportivo Don Bosco presentea su cr\u00f3nica del mes de septiembre","datePublished":"2018-10-14T21:19:59+00:00","mainEntityOfPage":{"@id":"https:\/\/valenciasjb.salesianos.edu\/colegio\/el-club-deportivo-don-bosco-presentea-su-cronica-del-mes-de-septiembre\/"},"wordCount":485,"image":{"@id":"https:\/\/valenciasjb.salesianos.edu\/colegio\/el-club-deportivo-don-bosco-presentea-su-cronica-del-mes-de-septiembre\/#primaryimage"},"thumbnailUrl":"https:\/\/valenciasjb.salesianos.edu\/colegio\/wp-content\/uploads\/sites\/2\/2018\/10\/IMG_2166.jpg","articleSection":["Noticia Colegio","Noticia Deportes"],"inLanguage":"es"},{"@type":"WebPage","@id":"https:\/\/valenciasjb.salesianos.edu\/colegio\/el-club-deportivo-don-bosco-presentea-su-cronica-del-mes-de-septiembre\/","url":"https:\/\/valenciasjb.salesianos.edu\/colegio\/el-club-deportivo-don-bosco-presentea-su-cronica-del-mes-de-septiembre\/","name":". El Club Deportivo Don Bosco presentea su cr\u00f3nica del mes de septiembre - Colegio San Juan Bosco Valencia","isPartOf":{"@id":"https:\/\/valenciasjb.salesianos.edu\/colegio\/#website"},"primaryImageOfPage":{"@id":"https:\/\/valenciasjb.salesianos.edu\/colegio\/el-club-deportivo-don-bosco-presentea-su-cronica-del-mes-de-septiembre\/#primaryimage"},"image":{"@id":"https:\/\/valenciasjb.salesianos.edu\/colegio\/el-club-deportivo-don-bosco-presentea-su-cronica-del-mes-de-septiembre\/#primaryimage"},"thumbnailUrl":"https:\/\/valenciasjb.salesianos.edu\/colegio\/wp-content\/uploads\/sites\/2\/2018\/10\/IMG_2166.jpg","datePublished":"2018-10-14T21:19:59+00:00","author":{"@id":"https:\/\/valenciasjb.salesianos.edu\/colegio\/#\/schema\/person\/1f45b67e52b27da175190a574db6bed9"},"breadcrumb":{"@id":"https:\/\/valenciasjb.salesianos.edu\/colegio\/el-club-deportivo-don-bosco-presentea-su-cronica-del-mes-de-septiembre\/#breadcrumb"},"inLanguage":"es","potentialAction":[{"@type":"ReadAction","target":["https:\/\/valenciasjb.salesianos.edu\/colegio\/el-club-deportivo-don-bosco-presentea-su-cronica-del-mes-de-septiembre\/"]}]},{"@type":"ImageObject","inLanguage":"es","@id":"https:\/\/valenciasjb.salesianos.edu\/colegio\/el-club-deportivo-don-bosco-presentea-su-cronica-del-mes-de-septiembre\/#primaryimage","url":"https:\/\/valenciasjb.salesianos.edu\/colegio\/wp-content\/uploads\/sites\/2\/2018\/10\/IMG_2166.jpg","contentUrl":"https:\/\/valenciasjb.salesianos.edu\/colegio\/wp-content\/uploads\/sites\/2\/2018\/10\/IMG_2166.jpg","width":3264,"height":2448},{"@type":"BreadcrumbList","@id":"https:\/\/valenciasjb.salesianos.edu\/colegio\/el-club-deportivo-don-bosco-presentea-su-cronica-del-mes-de-septiembre\/#breadcrumb","itemListElement":[{"@type":"ListItem","position":1,"name":"Portada","item":"https:\/\/valenciasjb.salesianos.edu\/colegio\/"},{"@type":"ListItem","position":2,"name":". El Club Deportivo Don Bosco presentea su cr\u00f3nica del mes de septiembre"}]},{"@type":"WebSite","@id":"https:\/\/valenciasjb.salesianos.edu\/colegio\/#website","url":"https:\/\/valenciasjb.salesianos.edu\/colegio\/","name":"Colegio San Juan Bosco Valencia","description":"P\u00e1gina oficial del Colegio Salesianos San Juan Bosco Valencia","alternateName":"Salesianos.VSJB","potentialAction":[{"@type":"SearchAction","target":{"@type":"EntryPoint","urlTemplate":"https:\/\/valenciasjb.salesianos.edu\/colegio\/?s={search_term_string}"},"query-input":{"@type":"PropertyValueSpecification","valueRequired":true,"valueName":"search_term_string"}}],"inLanguage":"es"},{"@type":"Person","@id":"https:\/\/valenciasjb.salesianos.edu\/colegio\/#\/schema\/person\/1f45b67e52b27da175190a574db6bed9","name":"veronicapastor","image":{"@type":"ImageObject","inLanguage":"es","@id":"https:\/\/secure.gravatar.com\/avatar\/e29bd40bace3fd935e1d6fdb7313ffc14628cc037c5e16f4c7369b20a2a6f7f0?s=96&d=mm&r=g","url":"https:\/\/secure.gravatar.com\/avatar\/e29bd40bace3fd935e1d6fdb7313ffc14628cc037c5e16f4c7369b20a2a6f7f0?s=96&d=mm&r=g","contentUrl":"https:\/\/secure.gravatar.com\/avatar\/e29bd40bace3fd935e1d6fdb7313ffc14628cc037c5e16f4c7369b20a2a6f7f0?s=96&d=mm&r=g","caption":"veronicapastor"}}]}},"_links":{"self":[{"href":"https:\/\/valenciasjb.salesianos.edu\/colegio\/wp-json\/wp\/v2\/posts\/9713","targetHints":{"allow":["GET"]}}],"collection":[{"href":"https:\/\/valenciasjb.salesianos.edu\/colegio\/wp-json\/wp\/v2\/posts"}],"about":[{"href":"https:\/\/valenciasjb.salesianos.edu\/colegio\/wp-json\/wp\/v2\/types\/post"}],"author":[{"embeddable":true,"href":"https:\/\/valenciasjb.salesianos.edu\/colegio\/wp-json\/wp\/v2\/users\/6"}],"replies":[{"embeddable":true,"href":"https:\/\/valenciasjb.salesianos.edu\/colegio\/wp-json\/wp\/v2\/comments?post=9713"}],"version-history":[{"count":0,"href":"https:\/\/valenciasjb.salesianos.edu\/colegio\/wp-json\/wp\/v2\/posts\/9713\/revisions"}],"wp:featuredmedia":[{"embeddable":true,"href":"https:\/\/valenciasjb.salesianos.edu\/colegio\/wp-json\/wp\/v2\/media\/9714"}],"wp:attachment":[{"href":"https:\/\/valenciasjb.salesianos.edu\/colegio\/wp-json\/wp\/v2\/media?parent=9713"}],"wp:term":[{"taxonomy":"category","embeddable":true,"href":"https:\/\/valenciasjb.salesianos.edu\/colegio\/wp-json\/wp\/v2\/categories?post=9713"},{"taxonomy":"post_tag","embeddable":true,"href":"https:\/\/valenciasjb.salesianos.edu\/colegio\/wp-json\/wp\/v2\/tags?post=9713"}],"curies":[{"name":"wp","href":"https:\/\/api.w.org\/{rel}","templated":true}]}}