{"id":9732,"date":"2018-10-18T14:49:31","date_gmt":"2018-10-18T13:49:31","guid":{"rendered":"https:\/\/valenciasjb.salesianos.edu\/colegio\/?p=9732"},"modified":"2018-10-18T14:49:31","modified_gmt":"2018-10-18T13:49:31","slug":"los-alumnos-de-educacion-infantil-conocen-la-historia-de-grandes-ninos-que-cambiaron-el-mundo","status":"publish","type":"post","link":"https:\/\/valenciasjb.salesianos.edu\/colegio\/los-alumnos-de-educacion-infantil-conocen-la-historia-de-grandes-ninos-que-cambiaron-el-mundo\/","title":{"rendered":"Los alumnos de Educaci\u00f3n Infantil conocen la historia de grandes ni\u00f1os que cambiaron el mundo"},"content":{"rendered":"<div id=\"fb-root\"><\/div>\n<p>[et_pb_section bb_built=\u00bb1&#8243; admin_label=\u00bbsection\u00bb][et_pb_row admin_label=\u00bbrow\u00bb background_position=\u00bbtop_left\u00bb background_repeat=\u00bbrepeat\u00bb background_size=\u00bbinitial\u00bb][et_pb_column type=\u00bb4_4&#8243;][et_pb_text admin_label=\u00bbEntradilla (Texto)\u00bb _builder_version=\u00bb3.0.105&#8243; background_layout=\u00bblight\u00bb text_orientation=\u00bbjustified\u00bb text_font=\u00bb|on|||\u00bb module_alignment=\u00bbleft\u00bb]<\/p>\n<div id=\"resumen\">\n<p><span style=\"font-family: Verdana, serif\"><span style=\"font-size: small\">El domingo <\/span><\/span><span style=\"font-family: Verdana, serif\"><span style=\"font-size: small\">21 de octubre<\/span><\/span><span style=\"font-family: Verdana, serif\"><span style=\"font-size: small\"> se celebra la Jornada Mundial de las Misiones, el\u00a0<\/span><\/span><span style=\"font-family: Verdana, serif\"><span style=\"font-size: small\">DOMUND<\/span><\/span><span style=\"font-family: Verdana, serif\"><span style=\"font-size: small\">, con el lema \u201c<\/span><\/span><span style=\"font-family: Verdana, serif\"><span style=\"font-size: small\">CAMBIA EL MUNDO\u201d<\/span><\/span><span style=\"font-family: Verdana, serif\"><span style=\"font-size: small\">.\u00a0<\/span><\/span><\/p>\n<\/div>\n<div><\/div>\n<p>[\/et_pb_text][et_pb_text admin_label=\u00bbAutor (Texto)\u00bb _builder_version=\u00bb3.0.105&#8243; background_layout=\u00bblight\u00bb text_font=\u00bb||on||\u00bb]<\/p>\n<p><span style=\"color: #000000\"><span style=\"font-family: Verdana, serif\"><span style=\"font-size: small\">Laura Monje. Profesora de Educaci\u00f3n Infantil.<\/span><\/span><\/span><\/p>\n<p>[\/et_pb_text][et_pb_text admin_label=\u00bbDesarrollo (Texto)\u00bb _builder_version=\u00bb3.0.105&#8243; background_layout=\u00bblight\u00bb text_orientation=\u00bbjustified\u00bb module_alignment=\u00bbleft\u00bb]<\/p>\n<p align=\"justify\"><span style=\"font-family: Verdana, serif\"><span style=\"font-size: small\">El Domund es el d\u00eda en que, de un modo especial, la Iglesia universal reza por los misioneros y colabora con las misiones. Se celebra en todo el mundo el pen\u00faltimo domingo de octubre, el \u201cmes de las misiones\u201d.<\/span><\/span><\/p>\n<p align=\"justify\"><span style=\"font-family: Verdana, serif\"><span style=\"font-size: small\">La campa\u00f1a se ha celebrado durante la semana del 15 al 19 de Octubre y por ello se organizaron algunas actividades que compartimos d\u00eda a d\u00eda con los m\u00e1s peque\u00f1os:<\/span><\/span><\/p>\n<ul>\n<li>\n<p align=\"justify\"><span style=\"font-family: Verdana, serif\"><span style=\"font-size: small\">Buenos d\u00edas: hablaremos del valor de la solidaridad, la generosidad, la ayuda y el trabajo humano.<\/span><\/span><\/p>\n<\/li>\n<li>\n<p align=\"justify\"><span style=\"font-family: Verdana, serif\"><span style=\"font-size: small\">Ambientaci\u00f3n de la entrada con p\u00f3ster oficial de Domund e im\u00e1genes relacionadas con el \u201cBuenos d\u00edas\u201d.<\/span><\/span><\/p>\n<\/li>\n<li>\n<p align=\"justify\"><span style=\"font-family: Verdana, serif\"><span style=\"font-size: small\">Sobres de ayuda.<\/span><\/span><\/p>\n<\/li>\n<li>\n<p align=\"justify\"><span style=\"font-family: Verdana, serif\"><span style=\"font-size: small\">Din\u00e1micas que se llevar\u00e1n a cabo en el aula.<\/span><\/span><\/p>\n<\/li>\n<\/ul>\n<p class=\"western\" align=\"justify\"><span style=\"font-family: Verdana, serif\"><span style=\"font-size: small\">Teniendo en cuenta el lema de la campa\u00f1a \u201cCambia el mundo\u201d, junto con el lema del colegio \u201cPrimero los \u00faltimos\u201d de este curso, los alumnos de Educaci\u00f3n Infantil durante toda la semana han estado conociendo a un grupo de ni\u00f1os y ni\u00f1as que un d\u00eda se propusieron la misi\u00f3n de cambiar el mundo. Cada d\u00eda de esta semana, cada uno de estos ni\u00f1os y ni\u00f1as se nos han presentado por megafon\u00eda para decirnos que una vez hicieron algo muy importante para mejorar y cambiar el mundo. Para descubrir su historia, nuestros peque\u00f1os han tenido que buscar por toda la clase para encontrar la carta que estos ni\u00f1os y ni\u00f1as nos han dejado.<\/span><\/span><\/p>\n<p class=\"western\" align=\"justify\"><span style=\"font-family: Verdana, serif\"><span style=\"font-size: small\">De esta forma, cada d\u00eda hemos conocido a uno de estos ni\u00f1os y ni\u00f1as y su historia y en la entrada del colegio hemos elaborado un mural con el lema <\/span><\/span><span style=\"font-family: Verdana, serif\"><span style=\"font-size: small\"><b>\u201cCAMBIA EL MUNDO\u201d<\/b><\/span><\/span><span style=\"font-family: Verdana, serif\"><span style=\"font-size: small\">, junto con las im\u00e1genes de los peque\u00f1os valientes a los que hemos ido conociendo.<\/span><\/span><\/p>\n<p class=\"western\" align=\"justify\"><span style=\"color: #000000\"><span style=\"font-family: Verdana, serif\"><span style=\"font-size: small\">Frente a estas historias, los\u00a0<\/span><\/span><\/span><span style=\"color: #000000\"><span style=\"font-family: Verdana, serif\"><span style=\"font-size: small\">misioneros<\/span><\/span><\/span><span style=\"color: #000000\"><span style=\"font-family: Verdana, serif\"><span style=\"font-size: small\">\u00a0nos\u00a0<\/span><\/span><\/span><span style=\"color: #000000\"><span style=\"font-family: Verdana, serif\"><span style=\"font-size: small\">muestran que es posible un cambio<\/span><\/span><\/span><span style=\"color: #000000\"><span style=\"font-family: Verdana, serif\"><span style=\"font-size: small\">\u00a0\u201ca mejor\u201d, profundo y real. Ellos pueden ser para todos, y en especial para los j\u00f3venes, un referente de compromiso y esperanza; sus vidas constituyen la prueba palpable de que un coraz\u00f3n en el que ha entrado Dios, con toda su novedad y creatividad, puede cambiar el mundo.<\/span><\/span><\/span><\/p>\n<p>[\/et_pb_text][et_pb_text admin_label=\u00bbT\u00edtulo: Galer\u00eda de fotos (Texto)\u00bb _builder_version=\u00bb3.0.76&#8243; background_layout=\u00bblight\u00bb text_font=\u00bb|on|||\u00bb text_text_color=\u00bb#dc001b\u00bb border_style=\u00bbsolid\u00bb disabled=\u00bboff\u00bb disabled_on=\u00bboff|on|on\u00bb]<\/p>\n<p>Galer\u00eda de im\u00e1genes<\/p>\n<p>[\/et_pb_text][et_pb_gallery _builder_version=\u00bb3.0.105&#8243; posts_number=\u00bb8&#8243; show_title_and_caption=\u00bboff\u00bb show_pagination=\u00bbon\u00bb fullwidth=\u00bboff\u00bb orientation=\u00bblandscape\u00bb zoom_icon_color=\u00bb#dc001b\u00bb hover_overlay_color=\u00bbrgba(255,255,255,0.9)\u00bb hover_icon=\u00bb%%51%%\u00bb background_layout=\u00bblight\u00bb disabled=\u00bboff\u00bb disabled_on=\u00bboff|off|off\u00bb gallery_ids=\u00bb9733,9734,9735,9736,9737,9738,9739,9740&#8243; pagination_font_size_tablet=\u00bb51&#8243; pagination_line_height_tablet=\u00bb2&#8243; \/][et_pb_video _builder_version=\u00bb3.0.51&#8243; disabled=\u00bbon\u00bb disabled_on=\u00bbon|on|on\u00bb \/][\/et_pb_column][\/et_pb_row][\/et_pb_section]<\/p>\n<!-- AddThis Advanced Settings generic via filter on the_content --><!-- AddThis Share Buttons generic via filter on the_content -->","protected":false},"excerpt":{"rendered":"<p>El domingo 21 de octubre se celebra la Jornada Mundial de las Misiones, el\u00a0DOMUND, con el lema \u201cCAMBIA EL MUNDO\u201d.\u00a0 Laura Monje. Profesora de Educaci\u00f3n Infantil. El Domund es el d\u00eda en que, de un modo especial, la Iglesia universal reza por los misioneros y colabora con las misiones. Se celebra en todo el mundo [&hellip;]<\/p>\n<p><!-- AddThis Advanced Settings generic via filter on get_the_excerpt --><!-- AddThis Share Buttons generic via filter on get_the_excerpt --><\/p>\n","protected":false},"author":6,"featured_media":9737,"comment_status":"closed","ping_status":"open","sticky":false,"template":"","format":"standard","meta":{"_et_pb_use_builder":"on","_et_pb_old_content":"","_et_gb_content_width":"","footnotes":""},"categories":[14],"tags":[],"class_list":["post-9732","post","type-post","status-publish","format-standard","has-post-thumbnail","hentry","category-noticia_colegio"],"yoast_head":"<!-- This site is optimized with the Yoast SEO plugin v28.4 - https:\/\/yoast.com\/product\/yoast-seo-wordpress\/ -->\n<title>Los alumnos de Educaci\u00f3n Infantil conocen la historia de grandes ni\u00f1os que cambiaron el mundo - Colegio San Juan Bosco Valencia<\/title>\n<meta name=\"robots\" content=\"index, follow, max-snippet:-1, max-image-preview:large, max-video-preview:-1\" \/>\n<link rel=\"canonical\" href=\"https:\/\/valenciasjb.salesianos.edu\/colegio\/los-alumnos-de-educacion-infantil-conocen-la-historia-de-grandes-ninos-que-cambiaron-el-mundo\/\" \/>\n<meta property=\"og:locale\" content=\"es_ES\" \/>\n<meta property=\"og:type\" content=\"article\" \/>\n<meta property=\"og:title\" content=\"Los alumnos de Educaci\u00f3n Infantil conocen la historia de grandes ni\u00f1os que cambiaron el mundo - Colegio San Juan Bosco Valencia\" \/>\n<meta property=\"og:description\" content=\"El domingo 21 de octubre se celebra la Jornada Mundial de las Misiones, el\u00a0DOMUND, con el lema \u201cCAMBIA EL MUNDO\u201d.\u00a0 Laura Monje. Profesora de Educaci\u00f3n Infantil. El Domund es el d\u00eda en que, de un modo especial, la Iglesia universal reza por los misioneros y colabora con las misiones. Se celebra en todo el mundo [&hellip;]\" \/>\n<meta property=\"og:url\" content=\"https:\/\/valenciasjb.salesianos.edu\/colegio\/los-alumnos-de-educacion-infantil-conocen-la-historia-de-grandes-ninos-que-cambiaron-el-mundo\/\" \/>\n<meta property=\"og:site_name\" content=\"Colegio San Juan Bosco Valencia\" \/>\n<meta property=\"article:publisher\" content=\"https:\/\/www.facebook.com\/ColegioSalesianoSanJuanBoscoValencia\" \/>\n<meta property=\"article:published_time\" content=\"2018-10-18T13:49:31+00:00\" \/>\n<meta property=\"og:image\" content=\"https:\/\/valenciasjb.salesianos.edu\/colegio\/wp-content\/uploads\/sites\/2\/2018\/10\/20181017_164258.jpg\" \/>\n\t<meta property=\"og:image:width\" content=\"3264\" \/>\n\t<meta property=\"og:image:height\" content=\"1836\" \/>\n\t<meta property=\"og:image:type\" content=\"image\/jpeg\" \/>\n<meta name=\"author\" content=\"veronicapastor\" \/>\n<meta name=\"twitter:card\" content=\"summary_large_image\" \/>\n<meta name=\"twitter:creator\" content=\"@SalesianosVSJB\" \/>\n<meta name=\"twitter:site\" content=\"@SalesianosVSJB\" \/>\n<meta name=\"twitter:label1\" content=\"Escrito por\" \/>\n\t<meta name=\"twitter:data1\" content=\"veronicapastor\" \/>\n\t<meta name=\"twitter:label2\" content=\"Tiempo de lectura\" \/>\n\t<meta name=\"twitter:data2\" content=\"3 minutos\" \/>\n<script type=\"application\/ld+json\" class=\"yoast-schema-graph\">{\"@context\":\"https:\\\/\\\/schema.org\",\"@graph\":[{\"@type\":\"Article\",\"@id\":\"https:\\\/\\\/valenciasjb.salesianos.edu\\\/colegio\\\/los-alumnos-de-educacion-infantil-conocen-la-historia-de-grandes-ninos-que-cambiaron-el-mundo\\\/#article\",\"isPartOf\":{\"@id\":\"https:\\\/\\\/valenciasjb.salesianos.edu\\\/colegio\\\/los-alumnos-de-educacion-infantil-conocen-la-historia-de-grandes-ninos-que-cambiaron-el-mundo\\\/\"},\"author\":{\"name\":\"veronicapastor\",\"@id\":\"https:\\\/\\\/valenciasjb.salesianos.edu\\\/colegio\\\/#\\\/schema\\\/person\\\/1f45b67e52b27da175190a574db6bed9\"},\"headline\":\"Los alumnos de Educaci\u00f3n Infantil conocen la historia de grandes ni\u00f1os que cambiaron el mundo\",\"datePublished\":\"2018-10-18T13:49:31+00:00\",\"mainEntityOfPage\":{\"@id\":\"https:\\\/\\\/valenciasjb.salesianos.edu\\\/colegio\\\/los-alumnos-de-educacion-infantil-conocen-la-historia-de-grandes-ninos-que-cambiaron-el-mundo\\\/\"},\"wordCount\":614,\"image\":{\"@id\":\"https:\\\/\\\/valenciasjb.salesianos.edu\\\/colegio\\\/los-alumnos-de-educacion-infantil-conocen-la-historia-de-grandes-ninos-que-cambiaron-el-mundo\\\/#primaryimage\"},\"thumbnailUrl\":\"https:\\\/\\\/valenciasjb.salesianos.edu\\\/colegio\\\/wp-content\\\/uploads\\\/sites\\\/2\\\/2018\\\/10\\\/20181017_164258.jpg\",\"articleSection\":[\"Noticia Colegio\"],\"inLanguage\":\"es\"},{\"@type\":\"WebPage\",\"@id\":\"https:\\\/\\\/valenciasjb.salesianos.edu\\\/colegio\\\/los-alumnos-de-educacion-infantil-conocen-la-historia-de-grandes-ninos-que-cambiaron-el-mundo\\\/\",\"url\":\"https:\\\/\\\/valenciasjb.salesianos.edu\\\/colegio\\\/los-alumnos-de-educacion-infantil-conocen-la-historia-de-grandes-ninos-que-cambiaron-el-mundo\\\/\",\"name\":\"Los alumnos de Educaci\u00f3n Infantil conocen la historia de grandes ni\u00f1os que cambiaron el mundo - Colegio San Juan Bosco Valencia\",\"isPartOf\":{\"@id\":\"https:\\\/\\\/valenciasjb.salesianos.edu\\\/colegio\\\/#website\"},\"primaryImageOfPage\":{\"@id\":\"https:\\\/\\\/valenciasjb.salesianos.edu\\\/colegio\\\/los-alumnos-de-educacion-infantil-conocen-la-historia-de-grandes-ninos-que-cambiaron-el-mundo\\\/#primaryimage\"},\"image\":{\"@id\":\"https:\\\/\\\/valenciasjb.salesianos.edu\\\/colegio\\\/los-alumnos-de-educacion-infantil-conocen-la-historia-de-grandes-ninos-que-cambiaron-el-mundo\\\/#primaryimage\"},\"thumbnailUrl\":\"https:\\\/\\\/valenciasjb.salesianos.edu\\\/colegio\\\/wp-content\\\/uploads\\\/sites\\\/2\\\/2018\\\/10\\\/20181017_164258.jpg\",\"datePublished\":\"2018-10-18T13:49:31+00:00\",\"author\":{\"@id\":\"https:\\\/\\\/valenciasjb.salesianos.edu\\\/colegio\\\/#\\\/schema\\\/person\\\/1f45b67e52b27da175190a574db6bed9\"},\"breadcrumb\":{\"@id\":\"https:\\\/\\\/valenciasjb.salesianos.edu\\\/colegio\\\/los-alumnos-de-educacion-infantil-conocen-la-historia-de-grandes-ninos-que-cambiaron-el-mundo\\\/#breadcrumb\"},\"inLanguage\":\"es\",\"potentialAction\":[{\"@type\":\"ReadAction\",\"target\":[\"https:\\\/\\\/valenciasjb.salesianos.edu\\\/colegio\\\/los-alumnos-de-educacion-infantil-conocen-la-historia-de-grandes-ninos-que-cambiaron-el-mundo\\\/\"]}]},{\"@type\":\"ImageObject\",\"inLanguage\":\"es\",\"@id\":\"https:\\\/\\\/valenciasjb.salesianos.edu\\\/colegio\\\/los-alumnos-de-educacion-infantil-conocen-la-historia-de-grandes-ninos-que-cambiaron-el-mundo\\\/#primaryimage\",\"url\":\"https:\\\/\\\/valenciasjb.salesianos.edu\\\/colegio\\\/wp-content\\\/uploads\\\/sites\\\/2\\\/2018\\\/10\\\/20181017_164258.jpg\",\"contentUrl\":\"https:\\\/\\\/valenciasjb.salesianos.edu\\\/colegio\\\/wp-content\\\/uploads\\\/sites\\\/2\\\/2018\\\/10\\\/20181017_164258.jpg\",\"width\":3264,\"height\":1836},{\"@type\":\"BreadcrumbList\",\"@id\":\"https:\\\/\\\/valenciasjb.salesianos.edu\\\/colegio\\\/los-alumnos-de-educacion-infantil-conocen-la-historia-de-grandes-ninos-que-cambiaron-el-mundo\\\/#breadcrumb\",\"itemListElement\":[{\"@type\":\"ListItem\",\"position\":1,\"name\":\"Portada\",\"item\":\"https:\\\/\\\/valenciasjb.salesianos.edu\\\/colegio\\\/\"},{\"@type\":\"ListItem\",\"position\":2,\"name\":\"Los alumnos de Educaci\u00f3n Infantil conocen la historia de grandes ni\u00f1os que cambiaron el mundo\"}]},{\"@type\":\"WebSite\",\"@id\":\"https:\\\/\\\/valenciasjb.salesianos.edu\\\/colegio\\\/#website\",\"url\":\"https:\\\/\\\/valenciasjb.salesianos.edu\\\/colegio\\\/\",\"name\":\"Colegio San Juan Bosco Valencia\",\"description\":\"P\u00e1gina oficial del Colegio Salesianos San Juan Bosco Valencia\",\"alternateName\":\"Salesianos.VSJB\",\"potentialAction\":[{\"@type\":\"SearchAction\",\"target\":{\"@type\":\"EntryPoint\",\"urlTemplate\":\"https:\\\/\\\/valenciasjb.salesianos.edu\\\/colegio\\\/?s={search_term_string}\"},\"query-input\":{\"@type\":\"PropertyValueSpecification\",\"valueRequired\":true,\"valueName\":\"search_term_string\"}}],\"inLanguage\":\"es\"},{\"@type\":\"Person\",\"@id\":\"https:\\\/\\\/valenciasjb.salesianos.edu\\\/colegio\\\/#\\\/schema\\\/person\\\/1f45b67e52b27da175190a574db6bed9\",\"name\":\"veronicapastor\",\"image\":{\"@type\":\"ImageObject\",\"inLanguage\":\"es\",\"@id\":\"https:\\\/\\\/secure.gravatar.com\\\/avatar\\\/e29bd40bace3fd935e1d6fdb7313ffc14628cc037c5e16f4c7369b20a2a6f7f0?s=96&d=mm&r=g\",\"url\":\"https:\\\/\\\/secure.gravatar.com\\\/avatar\\\/e29bd40bace3fd935e1d6fdb7313ffc14628cc037c5e16f4c7369b20a2a6f7f0?s=96&d=mm&r=g\",\"contentUrl\":\"https:\\\/\\\/secure.gravatar.com\\\/avatar\\\/e29bd40bace3fd935e1d6fdb7313ffc14628cc037c5e16f4c7369b20a2a6f7f0?s=96&d=mm&r=g\",\"caption\":\"veronicapastor\"}}]}<\/script>\n<!-- \/ Yoast SEO plugin. -->","yoast_head_json":{"title":"Los alumnos de Educaci\u00f3n Infantil conocen la historia de grandes ni\u00f1os que cambiaron el mundo - Colegio San Juan Bosco Valencia","robots":{"index":"index","follow":"follow","max-snippet":"max-snippet:-1","max-image-preview":"max-image-preview:large","max-video-preview":"max-video-preview:-1"},"canonical":"https:\/\/valenciasjb.salesianos.edu\/colegio\/los-alumnos-de-educacion-infantil-conocen-la-historia-de-grandes-ninos-que-cambiaron-el-mundo\/","og_locale":"es_ES","og_type":"article","og_title":"Los alumnos de Educaci\u00f3n Infantil conocen la historia de grandes ni\u00f1os que cambiaron el mundo - Colegio San Juan Bosco Valencia","og_description":"El domingo 21 de octubre se celebra la Jornada Mundial de las Misiones, el\u00a0DOMUND, con el lema \u201cCAMBIA EL MUNDO\u201d.\u00a0 Laura Monje. Profesora de Educaci\u00f3n Infantil. El Domund es el d\u00eda en que, de un modo especial, la Iglesia universal reza por los misioneros y colabora con las misiones. Se celebra en todo el mundo [&hellip;]","og_url":"https:\/\/valenciasjb.salesianos.edu\/colegio\/los-alumnos-de-educacion-infantil-conocen-la-historia-de-grandes-ninos-que-cambiaron-el-mundo\/","og_site_name":"Colegio San Juan Bosco Valencia","article_publisher":"https:\/\/www.facebook.com\/ColegioSalesianoSanJuanBoscoValencia","article_published_time":"2018-10-18T13:49:31+00:00","og_image":[{"width":3264,"height":1836,"url":"https:\/\/valenciasjb.salesianos.edu\/colegio\/wp-content\/uploads\/sites\/2\/2018\/10\/20181017_164258.jpg","type":"image\/jpeg"}],"author":"veronicapastor","twitter_card":"summary_large_image","twitter_creator":"@SalesianosVSJB","twitter_site":"@SalesianosVSJB","twitter_misc":{"Escrito por":"veronicapastor","Tiempo de lectura":"3 minutos"},"schema":{"@context":"https:\/\/schema.org","@graph":[{"@type":"Article","@id":"https:\/\/valenciasjb.salesianos.edu\/colegio\/los-alumnos-de-educacion-infantil-conocen-la-historia-de-grandes-ninos-que-cambiaron-el-mundo\/#article","isPartOf":{"@id":"https:\/\/valenciasjb.salesianos.edu\/colegio\/los-alumnos-de-educacion-infantil-conocen-la-historia-de-grandes-ninos-que-cambiaron-el-mundo\/"},"author":{"name":"veronicapastor","@id":"https:\/\/valenciasjb.salesianos.edu\/colegio\/#\/schema\/person\/1f45b67e52b27da175190a574db6bed9"},"headline":"Los alumnos de Educaci\u00f3n Infantil conocen la historia de grandes ni\u00f1os que cambiaron el mundo","datePublished":"2018-10-18T13:49:31+00:00","mainEntityOfPage":{"@id":"https:\/\/valenciasjb.salesianos.edu\/colegio\/los-alumnos-de-educacion-infantil-conocen-la-historia-de-grandes-ninos-que-cambiaron-el-mundo\/"},"wordCount":614,"image":{"@id":"https:\/\/valenciasjb.salesianos.edu\/colegio\/los-alumnos-de-educacion-infantil-conocen-la-historia-de-grandes-ninos-que-cambiaron-el-mundo\/#primaryimage"},"thumbnailUrl":"https:\/\/valenciasjb.salesianos.edu\/colegio\/wp-content\/uploads\/sites\/2\/2018\/10\/20181017_164258.jpg","articleSection":["Noticia Colegio"],"inLanguage":"es"},{"@type":"WebPage","@id":"https:\/\/valenciasjb.salesianos.edu\/colegio\/los-alumnos-de-educacion-infantil-conocen-la-historia-de-grandes-ninos-que-cambiaron-el-mundo\/","url":"https:\/\/valenciasjb.salesianos.edu\/colegio\/los-alumnos-de-educacion-infantil-conocen-la-historia-de-grandes-ninos-que-cambiaron-el-mundo\/","name":"Los alumnos de Educaci\u00f3n Infantil conocen la historia de grandes ni\u00f1os que cambiaron el mundo - Colegio San Juan Bosco Valencia","isPartOf":{"@id":"https:\/\/valenciasjb.salesianos.edu\/colegio\/#website"},"primaryImageOfPage":{"@id":"https:\/\/valenciasjb.salesianos.edu\/colegio\/los-alumnos-de-educacion-infantil-conocen-la-historia-de-grandes-ninos-que-cambiaron-el-mundo\/#primaryimage"},"image":{"@id":"https:\/\/valenciasjb.salesianos.edu\/colegio\/los-alumnos-de-educacion-infantil-conocen-la-historia-de-grandes-ninos-que-cambiaron-el-mundo\/#primaryimage"},"thumbnailUrl":"https:\/\/valenciasjb.salesianos.edu\/colegio\/wp-content\/uploads\/sites\/2\/2018\/10\/20181017_164258.jpg","datePublished":"2018-10-18T13:49:31+00:00","author":{"@id":"https:\/\/valenciasjb.salesianos.edu\/colegio\/#\/schema\/person\/1f45b67e52b27da175190a574db6bed9"},"breadcrumb":{"@id":"https:\/\/valenciasjb.salesianos.edu\/colegio\/los-alumnos-de-educacion-infantil-conocen-la-historia-de-grandes-ninos-que-cambiaron-el-mundo\/#breadcrumb"},"inLanguage":"es","potentialAction":[{"@type":"ReadAction","target":["https:\/\/valenciasjb.salesianos.edu\/colegio\/los-alumnos-de-educacion-infantil-conocen-la-historia-de-grandes-ninos-que-cambiaron-el-mundo\/"]}]},{"@type":"ImageObject","inLanguage":"es","@id":"https:\/\/valenciasjb.salesianos.edu\/colegio\/los-alumnos-de-educacion-infantil-conocen-la-historia-de-grandes-ninos-que-cambiaron-el-mundo\/#primaryimage","url":"https:\/\/valenciasjb.salesianos.edu\/colegio\/wp-content\/uploads\/sites\/2\/2018\/10\/20181017_164258.jpg","contentUrl":"https:\/\/valenciasjb.salesianos.edu\/colegio\/wp-content\/uploads\/sites\/2\/2018\/10\/20181017_164258.jpg","width":3264,"height":1836},{"@type":"BreadcrumbList","@id":"https:\/\/valenciasjb.salesianos.edu\/colegio\/los-alumnos-de-educacion-infantil-conocen-la-historia-de-grandes-ninos-que-cambiaron-el-mundo\/#breadcrumb","itemListElement":[{"@type":"ListItem","position":1,"name":"Portada","item":"https:\/\/valenciasjb.salesianos.edu\/colegio\/"},{"@type":"ListItem","position":2,"name":"Los alumnos de Educaci\u00f3n Infantil conocen la historia de grandes ni\u00f1os que cambiaron el mundo"}]},{"@type":"WebSite","@id":"https:\/\/valenciasjb.salesianos.edu\/colegio\/#website","url":"https:\/\/valenciasjb.salesianos.edu\/colegio\/","name":"Colegio San Juan Bosco Valencia","description":"P\u00e1gina oficial del Colegio Salesianos San Juan Bosco Valencia","alternateName":"Salesianos.VSJB","potentialAction":[{"@type":"SearchAction","target":{"@type":"EntryPoint","urlTemplate":"https:\/\/valenciasjb.salesianos.edu\/colegio\/?s={search_term_string}"},"query-input":{"@type":"PropertyValueSpecification","valueRequired":true,"valueName":"search_term_string"}}],"inLanguage":"es"},{"@type":"Person","@id":"https:\/\/valenciasjb.salesianos.edu\/colegio\/#\/schema\/person\/1f45b67e52b27da175190a574db6bed9","name":"veronicapastor","image":{"@type":"ImageObject","inLanguage":"es","@id":"https:\/\/secure.gravatar.com\/avatar\/e29bd40bace3fd935e1d6fdb7313ffc14628cc037c5e16f4c7369b20a2a6f7f0?s=96&d=mm&r=g","url":"https:\/\/secure.gravatar.com\/avatar\/e29bd40bace3fd935e1d6fdb7313ffc14628cc037c5e16f4c7369b20a2a6f7f0?s=96&d=mm&r=g","contentUrl":"https:\/\/secure.gravatar.com\/avatar\/e29bd40bace3fd935e1d6fdb7313ffc14628cc037c5e16f4c7369b20a2a6f7f0?s=96&d=mm&r=g","caption":"veronicapastor"}}]}},"_links":{"self":[{"href":"https:\/\/valenciasjb.salesianos.edu\/colegio\/wp-json\/wp\/v2\/posts\/9732","targetHints":{"allow":["GET"]}}],"collection":[{"href":"https:\/\/valenciasjb.salesianos.edu\/colegio\/wp-json\/wp\/v2\/posts"}],"about":[{"href":"https:\/\/valenciasjb.salesianos.edu\/colegio\/wp-json\/wp\/v2\/types\/post"}],"author":[{"embeddable":true,"href":"https:\/\/valenciasjb.salesianos.edu\/colegio\/wp-json\/wp\/v2\/users\/6"}],"replies":[{"embeddable":true,"href":"https:\/\/valenciasjb.salesianos.edu\/colegio\/wp-json\/wp\/v2\/comments?post=9732"}],"version-history":[{"count":2,"href":"https:\/\/valenciasjb.salesianos.edu\/colegio\/wp-json\/wp\/v2\/posts\/9732\/revisions"}],"predecessor-version":[{"id":9742,"href":"https:\/\/valenciasjb.salesianos.edu\/colegio\/wp-json\/wp\/v2\/posts\/9732\/revisions\/9742"}],"wp:featuredmedia":[{"embeddable":true,"href":"https:\/\/valenciasjb.salesianos.edu\/colegio\/wp-json\/wp\/v2\/media\/9737"}],"wp:attachment":[{"href":"https:\/\/valenciasjb.salesianos.edu\/colegio\/wp-json\/wp\/v2\/media?parent=9732"}],"wp:term":[{"taxonomy":"category","embeddable":true,"href":"https:\/\/valenciasjb.salesianos.edu\/colegio\/wp-json\/wp\/v2\/categories?post=9732"},{"taxonomy":"post_tag","embeddable":true,"href":"https:\/\/valenciasjb.salesianos.edu\/colegio\/wp-json\/wp\/v2\/tags?post=9732"}],"curies":[{"name":"wp","href":"https:\/\/api.w.org\/{rel}","templated":true}]}}